{"id":18837,"date":"2012-11-16T19:21:50","date_gmt":"2012-11-16T19:21:50","guid":{"rendered":"http:\/\/www.quersaberpolitica.com.br?p=18837"},"modified":"-0001-11-30T00:00:00","modified_gmt":"-0001-11-30T03:00:00","slug":"projetos-na-bahia-recebem-maior-aporte-de-recursos-do-programa-mais-irrigacao-lancado-pela-presidenta-dilma","status":"publish","type":"post","link":"https:\/\/blogdofarnesio.com.br\/?p=18837","title":{"rendered":"Projetos na Bahia recebem maior aporte de recursos do programa Mais Irriga\u00e7\u00e3o, lan\u00e7ado pela presidenta Dilma"},"content":{"rendered":"<p><p style=\"text-align: justify;\"><span style=\"font-family: arial, helvetica, sans-serif; font-size: medium;\"><a rel=\"lightbox\" href=\"http:\/\/www.quersaberpolitica.com.br\/2016\/wp-content\/uploads\/2012\/12\/blogqsp.ministrovaz.jpg\"><img loading=\"lazy\" decoding=\"async\" style=\"float: left; margin: 5px 10px;\" src=\"http:\/\/www.quersaberpolitica.com.br\/2016\/wp-content\/uploads\/2012\/12\/blogqsp.ministrovaz.jpg\" alt=\"\" width=\"200\" height=\"133\" \/><\/a>Os per&iacute;metros p&uacute;blicos de irriga&ccedil;&atilde;o em fase de implanta&ccedil;&atilde;o pela Codevasf na Bahia &#8211; Salitre, em Juazeiro, e Baixio de Irec&ecirc;, em Xique-Xique &#8211; receber&atilde;o, juntos, o maior aporte de investimentos p&uacute;blicos previstos no eixo das parcerias p&uacute;blico-privadas do programa Mais Irriga&ccedil;&atilde;o: ser&atilde;o R$ 472,7 milh&otilde;es dentro do montante de aproximadamente R$ 1 bilh&atilde;o distribu&iacute;dos por oito projetos, isso sem contar os investimentos privados, que est&atilde;o previstos em R$ 7 bilh&otilde;es em todo o programa.<\/span><\/p>\n<p style=\"text-align: justify;\"><span style=\"font-size: medium;\"><span style=\"font-family: arial, helvetica, sans-serif;\">O Mais Irrriga&ccedil;&atilde;o &#8211; um programa ambicioso formatado e coordenado pelo Minist&eacute;rio da Integra&ccedil;&atilde;o Nacional -, foi lan&ccedil;ado nesta ter&ccedil;a (13) pela presidenta Dilma Rousseff, no Pal&aacute;cio do Planalto, numa cerim&ocirc;nia que teve a presen&ccedil;a do governador da Bahia, Jaques Wagner, &uacute;nico a discursar na solenidade. O programa prev&ecirc; o investimento de R$ 10 bilh&otilde;es em explora&ccedil;&atilde;o agricultura e infraestrututra dos per&iacute;metros, sendo R$ 3 bi de recursos p&uacute;blicos, boa parte oriunda do Programa de Acelera&ccedil;&atilde;o do Crescimento (PAC)&#8230;<\/span><\/span><\/p>\n<p style=\"text-align: justify;\"><span style=\"font-size: medium;\"><span style=\"font-family: arial, helvetica, sans-serif;\">Ser&atilde;o 66 per&iacute;metros p&uacute;blicos de irriga&ccedil;&atilde;o, divididos em quatro eixos de investimentos, totalizando 558 mil hectares em 16 estados do pa&iacute;s, com o objetivo de dinamizar o desenvolvimento regional e o papel dos per&iacute;metros p&uacute;blicos de irriga&ccedil;&atilde;o, potencializando a gera&ccedil;&atilde;o de emprego e renda.<\/span><\/span><\/p>\n<p style=\"text-align: justify;\"><span style=\"font-size: medium;\"><span style=\"font-family: arial, helvetica, sans-serif;\">No eixo 1, que lan&ccedil;a uma novidade na explora&ccedil;&atilde;o e gest&atilde;o dos per&iacute;metros p&uacute;blicos de irriga&ccedil;&atilde;o &#8211; as parcerias p&uacute;blico-privadas na forma de Concess&atilde;o de Direito real de Uso (CDRU) -, dos oito projetos, seis est&atilde;o sob a responsabilidade da Codevasf: al&eacute;m do Salitre e do Baixio de Irec&ecirc;, o projeto Nilo Coelho e o Pontal, em Petrolina (PE), e a primeira etapa do projeto Ja&iacute;ba, em Minas Gerais. Os outros dois &#8211; Baixo Acara&uacute;, no Cear&aacute;, e Plat&ocirc;s de Guadalupe, no Piau&iacute;, est&atilde;o sob gest&atilde;o do DNOCS.<\/span><\/span><\/p>\n<p style=\"text-align: justify;\"><span style=\"font-size: medium;\"><span style=\"font-family: arial, helvetica, sans-serif;\">&#8220;Hoje, ao lan&ccedil;ar o Mais Irriga&ccedil;&atilde;o, eu reafirmo um compromisso: n&oacute;s vamos derrotar a seca e vamos usar para isso o que existe de melhor no mundo da tecnologia. N&oacute;s n&atilde;o vamos medir esfor&ccedil;os. (&#8230;) A irriga&ccedil;&atilde;o permanente e terras constantemente aproveitadas, sem sombra de d&uacute;vidas, s&atilde;o a melhor resposta para seca tamb&eacute;m. N&oacute;s queremos esse modelo bem sucedido e esperamos que ele se espalhe pelo Brasil, recriando oportunidades de produ&ccedil;&atilde;o e esperan&ccedil;a&#8221;, disse a presidenta Dilma, que frisou a import&acirc;ncia da articula&ccedil;&atilde;o dos grandes produtores com os agricultores familiares, dentro do Mais Irriga&ccedil;&atilde;o, de modo a que o pequeno produtor possa viver &#8220;com a renda de sua propriedade&#8221;.<\/span><\/span><\/p>\n<p style=\"text-align: justify;\"><span style=\"font-size: medium;\"><span style=\"font-family: arial, helvetica, sans-serif;\">&#8220;Com os recursos previstos no programa Mais Irriga&ccedil;&atilde;o, poderemos alavancar e modernizar nossos projetos, al&eacute;m de implementar muitos outros projetos de irriga&ccedil;&atilde;o, e com isso aumentar muito a produtividade dos per&iacute;metros &#8211; e, de alguma forma poder contribuir para diminuir a desiguldade desse pa&iacute;s&#8221;, disse o presidente da Codevasf, Elmo Vaz.<\/span><\/span><\/p>\n<p style=\"text-align: justify;\"><span style=\"font-size: medium;\"><span style=\"font-family: arial, helvetica, sans-serif;\">&#8220;N&oacute;s vivemos um momento muito duro com a estiagem, uma das mais violentas dos &uacute;ltimos 50 anos; e portanto n&oacute;s, governadores, como representantes do nosso povo, realmente mais do que palavras, sentimos uma a&ccedil;&atilde;o objetiva de solidariedade e de impulso ao desenvolvimento do povo nordestino&#8221;, afirmou o governador Jaques Wagner.<\/span><\/span><\/p>\n<p style=\"text-align: justify;\"><span style=\"font-size: medium;\"><span style=\"font-family: arial, helvetica, sans-serif;\">Do total de &aacute;rea prevista para ser beneficiada pelo Mais Irriga&ccedil;&atilde;o &#8211; 583 mil hectares -, 149.445 hectares est&atilde;o na Bahia. No eixo 3 do programa, onde est&atilde;o inseridos os per&iacute;metros da agricultura familiar e dos pequenos irrigantes, dois dos projetos est&atilde;o na Bahia: Miror&oacute;s (2.095 hectares) e Estreito (2.735 hectares). Neste eixo, dos 27 projetos previstos, 25 est&atilde;o no Nordeste e 11 est&atilde;o sob responsabiliadde da Codevasf. Os investimentos p&uacute;blicos previstos s&atilde;o de R$ 1 bilh&atilde;o. No eixo 4, per&iacute;metros que receber&atilde;o investimentos para estudos e projetos, quatro est&atilde;o na Bahia: Iuiu (30 mil hectares), Itapecuru\/Cruzeiro (10,5 mil hectares), Mucambo\/Cuscuzeiro (6 mil hectares), e Rio de Contas (2 mil hectares). Neste eixo, dos 18 projetos, 9 ser&atilde;o tocados pela Codevasf.<\/span><\/span><\/p>\n<p style=\"text-align: justify;\"><span style=\"font-size: medium;\"><span style=\"font-family: arial, helvetica, sans-serif;\">&#8220;Ao inv&eacute;s da ind&uacute;stria da seca, queremos a ind&uacute;stria da irriga&ccedil;&atilde;o&#8221;, disse a presidenta Dilma citando Celso Furtado, idealizador da Sudene.<\/span><\/span><\/p>\n<p style=\"text-align: justify;\"><span style=\"font-size: medium;\"><span style=\"font-family: arial, helvetica, sans-serif;\"><br \/>Projeto Pontal tem editais lan&ccedil;ados na solenidade<\/span><\/span><\/p>\n<p style=\"text-align: justify;\"><span style=\"font-size: medium;\"><span style=\"font-family: arial, helvetica, sans-serif;\"><br \/>Entre os projetos inseridos no eixo 1 est&aacute; o Pontal cujo edital para concess&atilde;o da explora&ccedil;&atilde;o agr&iacute;cola dos 7,8 mil hectares irrigados, mais o edital de conclus&atilde;o das obras de infraestrutura, foram assinados durante a solenidade pelo ministro da Integra&ccedil;&atilde;o Nacional, Fernando Bezerra, e pelo presidente da Codevasf, Elmo Vaz.<\/span><\/span><\/p>\n<p style=\"text-align: justify;\"><span style=\"font-size: medium;\"><span style=\"font-family: arial, helvetica, sans-serif;\">Pelo novo modelo de explora&ccedil;&atilde;o de perpimetros irrigados criado pelo Mais Irriga&ccedil;&atilde;o, em parceria com a iniciativa privada, o empreendedor agr&iacute;cola que vencer o certame licitat&oacute;rio e receber a cess&atilde;o de direito real de uso ter&aacute; o direito de explorar a &aacute;rea e estabelecer tarifas de irriga&ccedil;&atilde;o competitivas; por outro lado, ter&aacute; entre suas obriga&ccedil;&otilde;es realizar a ocupa&ccedil;&atilde;o produtiva da &aacute;rea e a integra&ccedil;&atilde;o de pequenos produtores &agrave; &aacute;rea explorada.<\/span><\/span><\/p>\n<p style=\"text-align: justify;\"><span style=\"font-size: medium;\"><span style=\"font-family: arial, helvetica, sans-serif;\">J&aacute; os empreendedores que disputarem e vencerem os editais para infraestrutura e opera&ccedil;&atilde;o dos projetos, ter&atilde;o que implantar, operar e manter a infraestrutura de irriga&ccedil;&atilde;o, e remunerar pelo custo do servi&ccedil;o definido na licita&ccedil;&atilde;o. Este modelo ir&aacute; vigorar para todos os per&iacute;metros inseridos no eixo 1 do programa.<\/span><\/span><\/p>\n<p style=\"text-align: justify;\"><span style=\"font-size: medium;\"><span style=\"font-family: arial, helvetica, sans-serif;\">O Pontal &eacute; um dos projetos de irriga&ccedil;&atilde;o em implanta&ccedil;&atilde;o pela Codevasf. Ele est&aacute; localizado na &aacute;rea rural do munic&iacute;pio de Petrolina, em Pernambuco, na margem esquerda do rio S&atilde;o Francisco. O projeto possui uma &aacute;rea de 27.517 mil hectares, dos quais 7.717 hectares s&atilde;o irrig&aacute;veis, sendo 3.588 ha do Pontal Sul e 4.129 ha do Pontal Norte. A Reserva Legal (5.539 hectares) j&aacute; foi definida e implantada, e a &aacute;rea restante &eacute; composta por terras de &#8220;sequeiro&#8221; (n&atilde;o irrig&aacute;veis), &aacute;reas de canal, estradas e &aacute;reas de uso comum.<\/span><\/span><\/p>\n<p style=\"text-align: justify;\"><span style=\"font-size: medium;\"><span style=\"font-family: arial, helvetica, sans-serif;\">Com a conclus&atilde;o do projeto, a estimativa &eacute; a gera&ccedil;&atilde;o de 7.811 empregos diretos e 15.622 indiretos. Na agricultura irrigada, h&aacute; potencial para cultivo das seguintes culturas: abacaxi, algod&atilde;o, banana, manga, uva, cenoura, feij&atilde;o, beterraba, lim&atilde;o, milho, melancia, piment&atilde;o, produ&ccedil;&atilde;o de leite, peixe e hortali&ccedil;as.<\/span><\/span><\/p>\n<p style=\"text-align: justify;\"><span style=\"font-size: medium;\"><span style=\"font-family: arial, helvetica, sans-serif;\">A produ&ccedil;&atilde;o na &aacute;rea de sequeiro tamb&eacute;m &eacute; economicamente vi&aacute;vel, capaz de gerar renda e melhorar as condi&ccedil;&otilde;es de vida da popula&ccedil;&atilde;o local. Dentre as atividades poss&iacute;veis de serem desenvolvidas est&atilde;o a ovinocaprinocultura (carne, peles, animais vivos e esterco), produ&ccedil;&atilde;o de gr&atilde;os (milho e feij&atilde;o), produ&ccedil;&atilde;o de mandioca (farinha), extrativismo (lenha, carv&atilde;o, umbu) e cultivos de vazante (como o da batata-doce).<\/span><\/span><\/p>\n<p style=\"text-align: justify;\"><span style=\"font-size: medium;\"><span style=\"font-family: arial, helvetica, sans-serif;\"><br \/>O Mais Irriga&ccedil;&atilde;o<\/span><\/span><\/p>\n<p style=\"text-align: justify;\"><span style=\"font-size: medium;\"><span style=\"font-family: arial, helvetica, sans-serif;\">Com o programa, o governo federal pretende aperfei&ccedil;oar a ocupa&ccedil;&atilde;o agr&iacute;cola e a gest&atilde;o da infraestrutura dos per&iacute;metros irrigados do pa&iacute;s. Entre os resultados a serem alcan&ccedil;ados est&atilde;o os de maximizar a ocupa&ccedil;&atilde;o e aumentar a produtividade das &aacute;reas irrigadas, propiciar o uso eficiente e sustent&aacute;vel da &aacute;gua &#8211; e, ao mesmo tempo, proporcionar a modicidade da tarifa de &aacute;gua -, al&eacute;m de estabelecer parcerias com o setor privado, sempre enfatizando o apoio &agrave; agricultura familiar e aos pequenos irrigantes.<\/span><\/span><\/p>\n<p style=\"text-align: justify;\"><span style=\"font-size: medium;\"><span style=\"font-family: arial, helvetica, sans-serif;\">O programa est&aacute; dividido em quatro eixos. O eixo 1, que traz um novo modelo de explora&ccedil;&atilde;o unindo Poder P&uacute;blico e iniciativa privada, engloba 8 projetos e 189 mil hectares entre os estados da Bahia, Pernambuco, Cear&aacute;, Piau&iacute; e Minas Gerais. Os editais de atra&ccedil;&atilde;o de investimentos da iniciativa privada estar&atilde;o divididos em duas vertentes: explora&ccedil;&atilde;o agr&iacute;cola e infraestrutura e opera&ccedil;&atilde;o das &aacute;reas.<\/span><\/span><\/p>\n<p style=\"text-align: justify;\"><span style=\"font-size: medium;\"><span style=\"font-family: arial, helvetica, sans-serif;\">O eixo 2 prev&ecirc; a implanta&ccedil;&atilde;o e revitaliza&ccedil;&atilde;o de 13 projetos, os quais somam cerca de 133 mil hectares distribu&iacute;dos entre oito estados (Roraima, Tocantins, Goi&aacute;s, Piau&iacute;, Cear&aacute;, Bahia, Minas Gerais e Rio Grande do Sul). O investimento p&uacute;blico previsto neste eixo &eacute; de quase R$ 1 bi.<\/span><\/span><\/p>\n<p style=\"text-align: justify;\"><span style=\"font-size: medium;\"><span style=\"font-family: arial, helvetica, sans-serif;\">No eixo 3 est&atilde;o os projetos da agricultura familiar e dos pequenos irrigantes, boa parte deles sob a responsabilidade da Codevasf, totalizando 61 mil hectares em 27 projetos. Os investimentos p&uacute;blicos previstos neste eixo tamb&eacute;m giram em torno de R$ 1 bi. Esses projetos est&atilde;o distribu&iacute;dos pelos estados do Mato Grosso do Sul, Mato Grosso, Sergipe, Alagoas, Piau&iacute;, Bahia, Pernambuco, Cear&aacute;, Rio Grande do Norte, Para&iacute;ba e Maranh&atilde;o.<\/span><\/span><\/p>\n<p style=\"text-align: justify;\"><span style=\"font-size: medium;\"><span style=\"font-family: arial, helvetica, sans-serif;\">J&aacute; o eixo 4 re&uacute;ne 18 projetos, que somam 155 mil hectares, com previs&atilde;o de receber R$ 89 milh&otilde;es em investimentos p&uacute;blicos para a fase de estudos e projetos.<\/span><\/span><\/p>\n<p style=\"text-align: justify;\"><span style=\"font-size: medium;\"><span style=\"font-family: arial, helvetica, sans-serif;\"><br \/>Mais informa&ccedil;&otilde;es: www.codevasf.gov.br<\/span><\/span><\/p>\n<div><span style=\"font-size: medium;\"><span style=\"font-family: arial, helvetica, sans-serif;\"><br \/><\/span><\/span><\/div><\/p>\n","protected":false},"excerpt":{"rendered":"<p>Os per&iacute;metros p&uacute;blicos de irriga&ccedil;&atilde;o em fase de implanta&ccedil;&atilde;o pela Codevasf na Bahia &#8211; Salitre, em Juazeiro, e Baixio de Irec&ecirc;, em Xique-Xique &#8211; receber&atilde;o, juntos, o maior aporte de investimentos p&uacute;blicos previstos no eixo das parcerias p&uacute;blico-privadas do programa Mais Irriga&ccedil;&atilde;o: ser&atilde;o R$ 472,7 milh&otilde;es dentro do montante de aproximadamente R$ 1 bilh&atilde;o distribu&iacute;dos por oito projetos, isso sem contar os investimentos privados, que est&atilde;o previstos em R$ 7 bilh&otilde;es em todo o programa. O Mais Irrriga&ccedil;&atilde;o &#8211; um programa ambicioso formatado e coordenado pelo Minist&eacute;rio da Integra&ccedil;&atilde;o Nacional -, foi lan&ccedil;ado nesta ter&ccedil;a (13) pela presidenta Dilma Rousseff, no Pal&aacute;cio do Planalto, numa cerim&ocirc;nia que teve a presen&ccedil;a do governador da Bahia, Jaques Wagner, &uacute;nico a discursar na&hellip; <\/p>\n","protected":false},"author":0,"featured_media":0,"comment_status":"open","ping_status":"open","sticky":false,"template":"","format":"standard","meta":{"_acf_changed":false,"footnotes":""},"categories":[43],"tags":[],"class_list":["post-18837","post","type-post","status-publish","format-standard","hentry","category-sem-categoria"],"acf":[],"yoast_head":"<!-- This site is optimized with the Yoast SEO plugin v27.4 - https:\/\/yoast.com\/product\/yoast-seo-wordpress\/ -->\n<title>Projetos na Bahia recebem maior aporte de recursos do programa Mais Irriga\u00e7\u00e3o, lan\u00e7ado pela presidenta Dilma  - Blog do Farn\u00e9sio<\/title>\n<meta name=\"robots\" content=\"index, follow, max-snippet:-1, max-image-preview:large, max-video-preview:-1\" \/>\n<link rel=\"canonical\" href=\"https:\/\/blogdofarnesio.com.br\/?p=18837\" \/>\n<meta property=\"og:locale\" content=\"pt_BR\" \/>\n<meta property=\"og:type\" content=\"article\" \/>\n<meta property=\"og:title\" content=\"Projetos na Bahia recebem maior aporte de recursos do programa Mais Irriga\u00e7\u00e3o, lan\u00e7ado pela presidenta Dilma  - Blog do Farn\u00e9sio\" \/>\n<meta property=\"og:description\" content=\"Os per&iacute;metros p&uacute;blicos de irriga&ccedil;&atilde;o em fase de implanta&ccedil;&atilde;o pela Codevasf na Bahia &#8211; Salitre, em Juazeiro, e Baixio de Irec&ecirc;, em Xique-Xique &#8211; receber&atilde;o, juntos, o maior aporte de investimentos p&uacute;blicos previstos no eixo das parcerias p&uacute;blico-privadas do programa Mais Irriga&ccedil;&atilde;o: ser&atilde;o R$ 472,7 milh&otilde;es dentro do montante de aproximadamente R$ 1 bilh&atilde;o distribu&iacute;dos por oito projetos, isso sem contar os investimentos privados, que est&atilde;o previstos em R$ 7 bilh&otilde;es em todo o programa. O Mais Irrriga&ccedil;&atilde;o &#8211; um programa ambicioso formatado e coordenado pelo Minist&eacute;rio da Integra&ccedil;&atilde;o Nacional -, foi lan&ccedil;ado nesta ter&ccedil;a (13) pela presidenta Dilma Rousseff, no Pal&aacute;cio do Planalto, numa cerim&ocirc;nia que teve a presen&ccedil;a do governador da Bahia, Jaques Wagner, &uacute;nico a discursar na&hellip;\" \/>\n<meta property=\"og:url\" content=\"https:\/\/blogdofarnesio.com.br\/?p=18837\" \/>\n<meta property=\"og:site_name\" content=\"Blog do Farn\u00e9sio\" \/>\n<meta property=\"article:publisher\" content=\"https:\/\/www.facebook.com\/BlogQuerSaberPolitica\/\" \/>\n<meta property=\"article:published_time\" content=\"2012-11-16T19:21:50+00:00\" \/>\n<meta property=\"og:image\" content=\"http:\/\/www.quersaberpolitica.com.br\/2016\/wp-content\/uploads\/2012\/12\/blogqsp.ministrovaz.jpg\" \/>\n<meta name=\"twitter:card\" content=\"summary_large_image\" \/>\n<meta name=\"twitter:label1\" content=\"Est. tempo de leitura\" \/>\n\t<meta name=\"twitter:data1\" content=\"9 minutos\" \/>\n<script type=\"application\/ld+json\" class=\"yoast-schema-graph\">{\"@context\":\"https:\\\/\\\/schema.org\",\"@graph\":[{\"@type\":\"Article\",\"@id\":\"https:\\\/\\\/blogdofarnesio.com.br\\\/?p=18837#article\",\"isPartOf\":{\"@id\":\"https:\\\/\\\/blogdofarnesio.com.br\\\/?p=18837\"},\"author\":{\"name\":\"\",\"@id\":\"\"},\"headline\":\"Projetos na Bahia recebem maior aporte de recursos do programa Mais Irriga\u00e7\u00e3o, lan\u00e7ado pela presidenta Dilma\",\"datePublished\":\"2012-11-16T19:21:50+00:00\",\"mainEntityOfPage\":{\"@id\":\"https:\\\/\\\/blogdofarnesio.com.br\\\/?p=18837\"},\"wordCount\":1719,\"commentCount\":0,\"publisher\":{\"@id\":\"https:\\\/\\\/blogdofarnesio.com.br\\\/#organization\"},\"image\":{\"@id\":\"https:\\\/\\\/blogdofarnesio.com.br\\\/?p=18837#primaryimage\"},\"thumbnailUrl\":\"http:\\\/\\\/www.quersaberpolitica.com.br\\\/2016\\\/wp-content\\\/uploads\\\/2012\\\/12\\\/blogqsp.ministrovaz.jpg\",\"inLanguage\":\"pt-BR\",\"potentialAction\":[{\"@type\":\"CommentAction\",\"name\":\"Comment\",\"target\":[\"https:\\\/\\\/blogdofarnesio.com.br\\\/?p=18837#respond\"]}]},{\"@type\":\"WebPage\",\"@id\":\"https:\\\/\\\/blogdofarnesio.com.br\\\/?p=18837\",\"url\":\"https:\\\/\\\/blogdofarnesio.com.br\\\/?p=18837\",\"name\":\"Projetos na Bahia recebem maior aporte de recursos do programa Mais Irriga\u00e7\u00e3o, lan\u00e7ado pela presidenta Dilma - Blog do Farn\u00e9sio\",\"isPartOf\":{\"@id\":\"https:\\\/\\\/blogdofarnesio.com.br\\\/#website\"},\"primaryImageOfPage\":{\"@id\":\"https:\\\/\\\/blogdofarnesio.com.br\\\/?p=18837#primaryimage\"},\"image\":{\"@id\":\"https:\\\/\\\/blogdofarnesio.com.br\\\/?p=18837#primaryimage\"},\"thumbnailUrl\":\"http:\\\/\\\/www.quersaberpolitica.com.br\\\/2016\\\/wp-content\\\/uploads\\\/2012\\\/12\\\/blogqsp.ministrovaz.jpg\",\"datePublished\":\"2012-11-16T19:21:50+00:00\",\"breadcrumb\":{\"@id\":\"https:\\\/\\\/blogdofarnesio.com.br\\\/?p=18837#breadcrumb\"},\"inLanguage\":\"pt-BR\",\"potentialAction\":[{\"@type\":\"ReadAction\",\"target\":[\"https:\\\/\\\/blogdofarnesio.com.br\\\/?p=18837\"]}]},{\"@type\":\"ImageObject\",\"inLanguage\":\"pt-BR\",\"@id\":\"https:\\\/\\\/blogdofarnesio.com.br\\\/?p=18837#primaryimage\",\"url\":\"http:\\\/\\\/www.quersaberpolitica.com.br\\\/2016\\\/wp-content\\\/uploads\\\/2012\\\/12\\\/blogqsp.ministrovaz.jpg\",\"contentUrl\":\"http:\\\/\\\/www.quersaberpolitica.com.br\\\/2016\\\/wp-content\\\/uploads\\\/2012\\\/12\\\/blogqsp.ministrovaz.jpg\"},{\"@type\":\"BreadcrumbList\",\"@id\":\"https:\\\/\\\/blogdofarnesio.com.br\\\/?p=18837#breadcrumb\",\"itemListElement\":[{\"@type\":\"ListItem\",\"position\":1,\"name\":\"In\u00edcio\",\"item\":\"https:\\\/\\\/blogdofarnesio.com.br\\\/\"},{\"@type\":\"ListItem\",\"position\":2,\"name\":\"Projetos na Bahia recebem maior aporte de recursos do programa Mais Irriga\u00e7\u00e3o, lan\u00e7ado pela presidenta Dilma\"}]},{\"@type\":\"WebSite\",\"@id\":\"https:\\\/\\\/blogdofarnesio.com.br\\\/#website\",\"url\":\"https:\\\/\\\/blogdofarnesio.com.br\\\/\",\"name\":\"Blog do Farn\u00e9sio\",\"description\":\"Quer Saber Pol\u00edtica?\",\"publisher\":{\"@id\":\"https:\\\/\\\/blogdofarnesio.com.br\\\/#organization\"},\"potentialAction\":[{\"@type\":\"SearchAction\",\"target\":{\"@type\":\"EntryPoint\",\"urlTemplate\":\"https:\\\/\\\/blogdofarnesio.com.br\\\/?s={search_term_string}\"},\"query-input\":{\"@type\":\"PropertyValueSpecification\",\"valueRequired\":true,\"valueName\":\"search_term_string\"}}],\"inLanguage\":\"pt-BR\"},{\"@type\":\"Organization\",\"@id\":\"https:\\\/\\\/blogdofarnesio.com.br\\\/#organization\",\"name\":\"Blog do Farn\u00e9sio\",\"url\":\"https:\\\/\\\/blogdofarnesio.com.br\\\/\",\"logo\":{\"@type\":\"ImageObject\",\"inLanguage\":\"pt-BR\",\"@id\":\"https:\\\/\\\/blogdofarnesio.com.br\\\/#\\\/schema\\\/logo\\\/image\\\/\",\"url\":\"https:\\\/\\\/blogdofarnesio.com.br\\\/wp-content\\\/uploads\\\/2026\\\/03\\\/cropped-logo_new-1.png\",\"contentUrl\":\"https:\\\/\\\/blogdofarnesio.com.br\\\/wp-content\\\/uploads\\\/2026\\\/03\\\/cropped-logo_new-1.png\",\"width\":881,\"height\":685,\"caption\":\"Blog do Farn\u00e9sio\"},\"image\":{\"@id\":\"https:\\\/\\\/blogdofarnesio.com.br\\\/#\\\/schema\\\/logo\\\/image\\\/\"},\"sameAs\":[\"https:\\\/\\\/www.facebook.com\\\/BlogQuerSaberPolitica\\\/\"]}]}<\/script>\n<!-- \/ Yoast SEO plugin. -->","yoast_head_json":{"title":"Projetos na Bahia recebem maior aporte de recursos do programa Mais Irriga\u00e7\u00e3o, lan\u00e7ado pela presidenta Dilma  - Blog do Farn\u00e9sio","robots":{"index":"index","follow":"follow","max-snippet":"max-snippet:-1","max-image-preview":"max-image-preview:large","max-video-preview":"max-video-preview:-1"},"canonical":"https:\/\/blogdofarnesio.com.br\/?p=18837","og_locale":"pt_BR","og_type":"article","og_title":"Projetos na Bahia recebem maior aporte de recursos do programa Mais Irriga\u00e7\u00e3o, lan\u00e7ado pela presidenta Dilma  - Blog do Farn\u00e9sio","og_description":"Os per&iacute;metros p&uacute;blicos de irriga&ccedil;&atilde;o em fase de implanta&ccedil;&atilde;o pela Codevasf na Bahia &#8211; Salitre, em Juazeiro, e Baixio de Irec&ecirc;, em Xique-Xique &#8211; receber&atilde;o, juntos, o maior aporte de investimentos p&uacute;blicos previstos no eixo das parcerias p&uacute;blico-privadas do programa Mais Irriga&ccedil;&atilde;o: ser&atilde;o R$ 472,7 milh&otilde;es dentro do montante de aproximadamente R$ 1 bilh&atilde;o distribu&iacute;dos por oito projetos, isso sem contar os investimentos privados, que est&atilde;o previstos em R$ 7 bilh&otilde;es em todo o programa. O Mais Irrriga&ccedil;&atilde;o &#8211; um programa ambicioso formatado e coordenado pelo Minist&eacute;rio da Integra&ccedil;&atilde;o Nacional -, foi lan&ccedil;ado nesta ter&ccedil;a (13) pela presidenta Dilma Rousseff, no Pal&aacute;cio do Planalto, numa cerim&ocirc;nia que teve a presen&ccedil;a do governador da Bahia, Jaques Wagner, &uacute;nico a discursar na&hellip;","og_url":"https:\/\/blogdofarnesio.com.br\/?p=18837","og_site_name":"Blog do Farn\u00e9sio","article_publisher":"https:\/\/www.facebook.com\/BlogQuerSaberPolitica\/","article_published_time":"2012-11-16T19:21:50+00:00","og_image":[{"url":"http:\/\/www.quersaberpolitica.com.br\/2016\/wp-content\/uploads\/2012\/12\/blogqsp.ministrovaz.jpg","type":"","width":"","height":""}],"twitter_card":"summary_large_image","twitter_misc":{"Est. tempo de leitura":"9 minutos"},"schema":{"@context":"https:\/\/schema.org","@graph":[{"@type":"Article","@id":"https:\/\/blogdofarnesio.com.br\/?p=18837#article","isPartOf":{"@id":"https:\/\/blogdofarnesio.com.br\/?p=18837"},"author":{"name":"","@id":""},"headline":"Projetos na Bahia recebem maior aporte de recursos do programa Mais Irriga\u00e7\u00e3o, lan\u00e7ado pela presidenta Dilma","datePublished":"2012-11-16T19:21:50+00:00","mainEntityOfPage":{"@id":"https:\/\/blogdofarnesio.com.br\/?p=18837"},"wordCount":1719,"commentCount":0,"publisher":{"@id":"https:\/\/blogdofarnesio.com.br\/#organization"},"image":{"@id":"https:\/\/blogdofarnesio.com.br\/?p=18837#primaryimage"},"thumbnailUrl":"http:\/\/www.quersaberpolitica.com.br\/2016\/wp-content\/uploads\/2012\/12\/blogqsp.ministrovaz.jpg","inLanguage":"pt-BR","potentialAction":[{"@type":"CommentAction","name":"Comment","target":["https:\/\/blogdofarnesio.com.br\/?p=18837#respond"]}]},{"@type":"WebPage","@id":"https:\/\/blogdofarnesio.com.br\/?p=18837","url":"https:\/\/blogdofarnesio.com.br\/?p=18837","name":"Projetos na Bahia recebem maior aporte de recursos do programa Mais Irriga\u00e7\u00e3o, lan\u00e7ado pela presidenta Dilma - Blog do Farn\u00e9sio","isPartOf":{"@id":"https:\/\/blogdofarnesio.com.br\/#website"},"primaryImageOfPage":{"@id":"https:\/\/blogdofarnesio.com.br\/?p=18837#primaryimage"},"image":{"@id":"https:\/\/blogdofarnesio.com.br\/?p=18837#primaryimage"},"thumbnailUrl":"http:\/\/www.quersaberpolitica.com.br\/2016\/wp-content\/uploads\/2012\/12\/blogqsp.ministrovaz.jpg","datePublished":"2012-11-16T19:21:50+00:00","breadcrumb":{"@id":"https:\/\/blogdofarnesio.com.br\/?p=18837#breadcrumb"},"inLanguage":"pt-BR","potentialAction":[{"@type":"ReadAction","target":["https:\/\/blogdofarnesio.com.br\/?p=18837"]}]},{"@type":"ImageObject","inLanguage":"pt-BR","@id":"https:\/\/blogdofarnesio.com.br\/?p=18837#primaryimage","url":"http:\/\/www.quersaberpolitica.com.br\/2016\/wp-content\/uploads\/2012\/12\/blogqsp.ministrovaz.jpg","contentUrl":"http:\/\/www.quersaberpolitica.com.br\/2016\/wp-content\/uploads\/2012\/12\/blogqsp.ministrovaz.jpg"},{"@type":"BreadcrumbList","@id":"https:\/\/blogdofarnesio.com.br\/?p=18837#breadcrumb","itemListElement":[{"@type":"ListItem","position":1,"name":"In\u00edcio","item":"https:\/\/blogdofarnesio.com.br\/"},{"@type":"ListItem","position":2,"name":"Projetos na Bahia recebem maior aporte de recursos do programa Mais Irriga\u00e7\u00e3o, lan\u00e7ado pela presidenta Dilma"}]},{"@type":"WebSite","@id":"https:\/\/blogdofarnesio.com.br\/#website","url":"https:\/\/blogdofarnesio.com.br\/","name":"Blog do Farn\u00e9sio","description":"Quer Saber Pol\u00edtica?","publisher":{"@id":"https:\/\/blogdofarnesio.com.br\/#organization"},"potentialAction":[{"@type":"SearchAction","target":{"@type":"EntryPoint","urlTemplate":"https:\/\/blogdofarnesio.com.br\/?s={search_term_string}"},"query-input":{"@type":"PropertyValueSpecification","valueRequired":true,"valueName":"search_term_string"}}],"inLanguage":"pt-BR"},{"@type":"Organization","@id":"https:\/\/blogdofarnesio.com.br\/#organization","name":"Blog do Farn\u00e9sio","url":"https:\/\/blogdofarnesio.com.br\/","logo":{"@type":"ImageObject","inLanguage":"pt-BR","@id":"https:\/\/blogdofarnesio.com.br\/#\/schema\/logo\/image\/","url":"https:\/\/blogdofarnesio.com.br\/wp-content\/uploads\/2026\/03\/cropped-logo_new-1.png","contentUrl":"https:\/\/blogdofarnesio.com.br\/wp-content\/uploads\/2026\/03\/cropped-logo_new-1.png","width":881,"height":685,"caption":"Blog do Farn\u00e9sio"},"image":{"@id":"https:\/\/blogdofarnesio.com.br\/#\/schema\/logo\/image\/"},"sameAs":["https:\/\/www.facebook.com\/BlogQuerSaberPolitica\/"]}]}},"_links":{"self":[{"href":"https:\/\/blogdofarnesio.com.br\/index.php?rest_route=\/wp\/v2\/posts\/18837","targetHints":{"allow":["GET"]}}],"collection":[{"href":"https:\/\/blogdofarnesio.com.br\/index.php?rest_route=\/wp\/v2\/posts"}],"about":[{"href":"https:\/\/blogdofarnesio.com.br\/index.php?rest_route=\/wp\/v2\/types\/post"}],"replies":[{"embeddable":true,"href":"https:\/\/blogdofarnesio.com.br\/index.php?rest_route=%2Fwp%2Fv2%2Fcomments&post=18837"}],"version-history":[{"count":0,"href":"https:\/\/blogdofarnesio.com.br\/index.php?rest_route=\/wp\/v2\/posts\/18837\/revisions"}],"wp:attachment":[{"href":"https:\/\/blogdofarnesio.com.br\/index.php?rest_route=%2Fwp%2Fv2%2Fmedia&parent=18837"}],"wp:term":[{"taxonomy":"category","embeddable":true,"href":"https:\/\/blogdofarnesio.com.br\/index.php?rest_route=%2Fwp%2Fv2%2Fcategories&post=18837"},{"taxonomy":"post_tag","embeddable":true,"href":"https:\/\/blogdofarnesio.com.br\/index.php?rest_route=%2Fwp%2Fv2%2Ftags&post=18837"}],"curies":[{"name":"wp","href":"https:\/\/api.w.org\/{rel}","templated":true}]}}