{"id":187896,"date":"2018-02-05T07:22:13","date_gmt":"2018-02-05T10:22:13","guid":{"rendered":"http:\/\/quersaberpolitica.com.br\/2016\/?p=187896"},"modified":"2018-02-04T18:29:45","modified_gmt":"2018-02-04T21:29:45","slug":"por-oferecer-riscos-a-seguranca-a-pedestres-e-veiculos-prefeitura-remove-tamareiras-da-orla-de-petrolina","status":"publish","type":"post","link":"https:\/\/blogdofarnesio.com.br\/2018\/02\/por-oferecer-riscos-a-seguranca-a-pedestres-e-veiculos-prefeitura-remove-tamareiras-da-orla-de-petrolina\/","title":{"rendered":"POR OFERECER RISCOS A SEGURAN\u00c7A DE PEDESTRES E VE\u00cdCULOS, PREFEITURA REMOVE TAMAREIRAS DA ORLA DE PETROLINA"},"content":{"rendered":"<p style=\"text-align: justify;\">Uma inspe\u00e7\u00e3o de seguran\u00e7a constatou que duas \u00e1rvores localizadas na Orla de Petrolina v\u00e3o ter que ser retiradas. Algumas tamareiras localizadas na Avenida Cardoso de S\u00e1 foram vistoriadas pelas equipes da Secretaria de Desenvolvimento Urbano e Sustentabilidade (SEDURBS) e do Instituto Federal de Educa\u00e7\u00e3o, Ci\u00eancia e Tecnologia do Sert\u00e3o Pernambucano (IF Sert\u00e3o-PE), respons\u00e1vel pelo estudo realizado na manh\u00e3 de s\u00e1bado (03). Diante das condi\u00e7\u00f5es das \u00e1rvores, a retirada delas j\u00e1 foi marcada para este domingo (04).<b><\/b><\/p>\n<p style=\"text-align: justify;\">O objetivo da inspe\u00e7\u00e3o foi verificar o estado vegetativo, fitossanit\u00e1rio, ecol\u00f3gico e est\u00e9tico das \u00e1rvores, como conta a orientadora do estudo t\u00e9cnico e professora do IF Sert\u00e3o-PE, Ana Rita Leandro. \u201cA metodologia empregada nos permitiu constatar a exist\u00eancia de plantas que oferecem risco de queda, seja da copa ou mesmo da planta inteira. Al\u00e9m da remo\u00e7\u00e3o de algumas \u00e1rvores, vamos seguir monitorando outras para definir se \u00e9 poss\u00edvel recuper\u00e1-las ou n\u00e3o\u201d, explica Leandro.<b><\/b><\/p>\n<p style=\"text-align: justify;\">RETIRADA<\/p>\n<p style=\"text-align: justify;\">Diante da necessidade de retirada de algumas \u00e1rvores, o tr\u00e2nsito ser\u00e1 interditado na Orla de Petrolina neste domingo. O trecho onda a pista da Avenida Cardoso de S\u00e1 \u00e9 duplicada, a partir do sem\u00e1foro da avenida Joaquim Nabuco ficar\u00e1 fechado pela manh\u00e3, tempo necess\u00e1rio para as equipes da SEDURBS \u00a0e do IF Sert\u00e3o-PE realizarem o servi\u00e7o de remo\u00e7\u00e3o de duas tamareiras. Neste caso, a Autarquia Municipal de Mobilidade de Petrolina (AMMPLA) orienta aos condutores que trafeguem pelas vias paralelas, como a via de acesso \u00e0 Porta do Rio ou pela Rua Aristarco Lopes.<\/p>\n<p style=\"text-align: justify;\"><b id=\"m_-1092321885733785550m_1122679894885961798m_-8394595151621764647gmail-docs-internal-guid-a2554e6c-5e1e-4c4a-3183-64e2ca1c4daa\"><\/b><br class=\"m_-1092321885733785550m_1122679894885961798m_-8394595151621764647gmail-Apple-interchange-newline\" \/><i>Texto: Felipe Pereira &#8211; AsCom Prefeitura de Petrolina<\/i><\/p>\n","protected":false},"excerpt":{"rendered":"<p>Uma inspe\u00e7\u00e3o de seguran\u00e7a constatou que duas \u00e1rvores localizadas na Orla de Petrolina v\u00e3o ter que ser retiradas. Algumas tamareiras localizadas na Avenida Cardoso de S\u00e1 foram vistoriadas pelas equipes da Secretaria de Desenvolvimento Urbano e Sustentabilidade (SEDURBS) e do Instituto Federal de Educa\u00e7\u00e3o, Ci\u00eancia e Tecnologia do Sert\u00e3o Pernambucano (IF Sert\u00e3o-PE), respons\u00e1vel pelo estudo realizado na manh\u00e3 de s\u00e1bado (03). Diante das condi\u00e7\u00f5es das \u00e1rvores, a retirada delas j\u00e1 foi marcada para este domingo (04). O objetivo da inspe\u00e7\u00e3o foi verificar o estado vegetativo, fitossanit\u00e1rio, ecol\u00f3gico e est\u00e9tico das \u00e1rvores, como conta a orientadora do estudo t\u00e9cnico e professora do IF Sert\u00e3o-PE, Ana Rita Leandro. \u201cA metodologia empregada nos permitiu constatar a exist\u00eancia de plantas que oferecem risco de&hellip; <\/p>\n","protected":false},"author":1,"featured_media":187897,"comment_status":"open","ping_status":"closed","sticky":false,"template":"","format":"standard","meta":{"_acf_changed":false,"footnotes":""},"categories":[29],"tags":[],"class_list":["post-187896","post","type-post","status-publish","format-standard","has-post-thumbnail","hentry","category-meio-ambiente"],"acf":[],"yoast_head":"<!-- This site is optimized with the Yoast SEO plugin v27.5 - https:\/\/yoast.com\/product\/yoast-seo-wordpress\/ -->\n<title>POR OFERECER RISCOS A SEGURAN\u00c7A DE PEDESTRES E VE\u00cdCULOS, PREFEITURA REMOVE TAMAREIRAS DA ORLA DE PETROLINA - Blog do Farn\u00e9sio<\/title>\n<meta name=\"robots\" content=\"index, follow, max-snippet:-1, max-image-preview:large, max-video-preview:-1\" \/>\n<link rel=\"canonical\" href=\"https:\/\/blogdofarnesio.com.br\/2018\/02\/por-oferecer-riscos-a-seguranca-a-pedestres-e-veiculos-prefeitura-remove-tamareiras-da-orla-de-petrolina\/\" \/>\n<meta property=\"og:locale\" content=\"pt_BR\" \/>\n<meta property=\"og:type\" content=\"article\" \/>\n<meta property=\"og:title\" content=\"POR OFERECER RISCOS A SEGURAN\u00c7A DE PEDESTRES E VE\u00cdCULOS, PREFEITURA REMOVE TAMAREIRAS DA ORLA DE PETROLINA - Blog do Farn\u00e9sio\" \/>\n<meta property=\"og:description\" content=\"Uma inspe\u00e7\u00e3o de seguran\u00e7a constatou que duas \u00e1rvores localizadas na Orla de Petrolina v\u00e3o ter que ser retiradas. Algumas tamareiras localizadas na Avenida Cardoso de S\u00e1 foram vistoriadas pelas equipes da Secretaria de Desenvolvimento Urbano e Sustentabilidade (SEDURBS) e do Instituto Federal de Educa\u00e7\u00e3o, Ci\u00eancia e Tecnologia do Sert\u00e3o Pernambucano (IF Sert\u00e3o-PE), respons\u00e1vel pelo estudo realizado na manh\u00e3 de s\u00e1bado (03). Diante das condi\u00e7\u00f5es das \u00e1rvores, a retirada delas j\u00e1 foi marcada para este domingo (04). O objetivo da inspe\u00e7\u00e3o foi verificar o estado vegetativo, fitossanit\u00e1rio, ecol\u00f3gico e est\u00e9tico das \u00e1rvores, como conta a orientadora do estudo t\u00e9cnico e professora do IF Sert\u00e3o-PE, Ana Rita Leandro. \u201cA metodologia empregada nos permitiu constatar a exist\u00eancia de plantas que oferecem risco de&hellip;\" \/>\n<meta property=\"og:url\" content=\"https:\/\/blogdofarnesio.com.br\/2018\/02\/por-oferecer-riscos-a-seguranca-a-pedestres-e-veiculos-prefeitura-remove-tamareiras-da-orla-de-petrolina\/\" \/>\n<meta property=\"og:site_name\" content=\"Blog do Farn\u00e9sio\" \/>\n<meta property=\"article:publisher\" content=\"https:\/\/www.facebook.com\/BlogQuerSaberPolitica\/\" \/>\n<meta property=\"article:published_time\" content=\"2018-02-05T10:22:13+00:00\" \/>\n<meta property=\"og:image\" content=\"https:\/\/blogdofarnesio.com.br\/wp-content\/uploads\/2018\/02\/blogqsp-arvore-perolina.jpg\" \/>\n\t<meta property=\"og:image:width\" content=\"585\" \/>\n\t<meta property=\"og:image:height\" content=\"379\" \/>\n\t<meta property=\"og:image:type\" content=\"image\/jpeg\" \/>\n<meta name=\"author\" content=\"Farn\u00e9sio\" \/>\n<meta name=\"twitter:card\" content=\"summary_large_image\" \/>\n<meta name=\"twitter:label1\" content=\"Escrito por\" \/>\n\t<meta name=\"twitter:data1\" content=\"Farn\u00e9sio\" \/>\n\t<meta name=\"twitter:label2\" content=\"Est. tempo de leitura\" \/>\n\t<meta name=\"twitter:data2\" content=\"1 minuto\" \/>\n<script type=\"application\/ld+json\" class=\"yoast-schema-graph\">{\"@context\":\"https:\\\/\\\/schema.org\",\"@graph\":[{\"@type\":\"Article\",\"@id\":\"https:\\\/\\\/blogdofarnesio.com.br\\\/2018\\\/02\\\/por-oferecer-riscos-a-seguranca-a-pedestres-e-veiculos-prefeitura-remove-tamareiras-da-orla-de-petrolina\\\/#article\",\"isPartOf\":{\"@id\":\"https:\\\/\\\/blogdofarnesio.com.br\\\/2018\\\/02\\\/por-oferecer-riscos-a-seguranca-a-pedestres-e-veiculos-prefeitura-remove-tamareiras-da-orla-de-petrolina\\\/\"},\"author\":{\"name\":\"Farn\u00e9sio\",\"@id\":\"https:\\\/\\\/blogdofarnesio.com.br\\\/#\\\/schema\\\/person\\\/301c4acf522bccbfdb45af95b5b906a1\"},\"headline\":\"POR OFERECER RISCOS A SEGURAN\u00c7A DE PEDESTRES E VE\u00cdCULOS, PREFEITURA REMOVE TAMAREIRAS DA ORLA DE PETROLINA\",\"datePublished\":\"2018-02-05T10:22:13+00:00\",\"mainEntityOfPage\":{\"@id\":\"https:\\\/\\\/blogdofarnesio.com.br\\\/2018\\\/02\\\/por-oferecer-riscos-a-seguranca-a-pedestres-e-veiculos-prefeitura-remove-tamareiras-da-orla-de-petrolina\\\/\"},\"wordCount\":292,\"commentCount\":0,\"publisher\":{\"@id\":\"https:\\\/\\\/blogdofarnesio.com.br\\\/#organization\"},\"image\":{\"@id\":\"https:\\\/\\\/blogdofarnesio.com.br\\\/2018\\\/02\\\/por-oferecer-riscos-a-seguranca-a-pedestres-e-veiculos-prefeitura-remove-tamareiras-da-orla-de-petrolina\\\/#primaryimage\"},\"thumbnailUrl\":\"https:\\\/\\\/blogdofarnesio.com.br\\\/wp-content\\\/uploads\\\/2018\\\/02\\\/blogqsp-arvore-perolina.jpg\",\"articleSection\":[\"Meio Ambiente\"],\"inLanguage\":\"pt-BR\",\"potentialAction\":[{\"@type\":\"CommentAction\",\"name\":\"Comment\",\"target\":[\"https:\\\/\\\/blogdofarnesio.com.br\\\/2018\\\/02\\\/por-oferecer-riscos-a-seguranca-a-pedestres-e-veiculos-prefeitura-remove-tamareiras-da-orla-de-petrolina\\\/#respond\"]}]},{\"@type\":\"WebPage\",\"@id\":\"https:\\\/\\\/blogdofarnesio.com.br\\\/2018\\\/02\\\/por-oferecer-riscos-a-seguranca-a-pedestres-e-veiculos-prefeitura-remove-tamareiras-da-orla-de-petrolina\\\/\",\"url\":\"https:\\\/\\\/blogdofarnesio.com.br\\\/2018\\\/02\\\/por-oferecer-riscos-a-seguranca-a-pedestres-e-veiculos-prefeitura-remove-tamareiras-da-orla-de-petrolina\\\/\",\"name\":\"POR OFERECER RISCOS A SEGURAN\u00c7A DE PEDESTRES E VE\u00cdCULOS, PREFEITURA REMOVE TAMAREIRAS DA ORLA DE PETROLINA - Blog do Farn\u00e9sio\",\"isPartOf\":{\"@id\":\"https:\\\/\\\/blogdofarnesio.com.br\\\/#website\"},\"primaryImageOfPage\":{\"@id\":\"https:\\\/\\\/blogdofarnesio.com.br\\\/2018\\\/02\\\/por-oferecer-riscos-a-seguranca-a-pedestres-e-veiculos-prefeitura-remove-tamareiras-da-orla-de-petrolina\\\/#primaryimage\"},\"image\":{\"@id\":\"https:\\\/\\\/blogdofarnesio.com.br\\\/2018\\\/02\\\/por-oferecer-riscos-a-seguranca-a-pedestres-e-veiculos-prefeitura-remove-tamareiras-da-orla-de-petrolina\\\/#primaryimage\"},\"thumbnailUrl\":\"https:\\\/\\\/blogdofarnesio.com.br\\\/wp-content\\\/uploads\\\/2018\\\/02\\\/blogqsp-arvore-perolina.jpg\",\"datePublished\":\"2018-02-05T10:22:13+00:00\",\"breadcrumb\":{\"@id\":\"https:\\\/\\\/blogdofarnesio.com.br\\\/2018\\\/02\\\/por-oferecer-riscos-a-seguranca-a-pedestres-e-veiculos-prefeitura-remove-tamareiras-da-orla-de-petrolina\\\/#breadcrumb\"},\"inLanguage\":\"pt-BR\",\"potentialAction\":[{\"@type\":\"ReadAction\",\"target\":[\"https:\\\/\\\/blogdofarnesio.com.br\\\/2018\\\/02\\\/por-oferecer-riscos-a-seguranca-a-pedestres-e-veiculos-prefeitura-remove-tamareiras-da-orla-de-petrolina\\\/\"]}]},{\"@type\":\"ImageObject\",\"inLanguage\":\"pt-BR\",\"@id\":\"https:\\\/\\\/blogdofarnesio.com.br\\\/2018\\\/02\\\/por-oferecer-riscos-a-seguranca-a-pedestres-e-veiculos-prefeitura-remove-tamareiras-da-orla-de-petrolina\\\/#primaryimage\",\"url\":\"https:\\\/\\\/blogdofarnesio.com.br\\\/wp-content\\\/uploads\\\/2018\\\/02\\\/blogqsp-arvore-perolina.jpg\",\"contentUrl\":\"https:\\\/\\\/blogdofarnesio.com.br\\\/wp-content\\\/uploads\\\/2018\\\/02\\\/blogqsp-arvore-perolina.jpg\",\"width\":585,\"height\":379},{\"@type\":\"BreadcrumbList\",\"@id\":\"https:\\\/\\\/blogdofarnesio.com.br\\\/2018\\\/02\\\/por-oferecer-riscos-a-seguranca-a-pedestres-e-veiculos-prefeitura-remove-tamareiras-da-orla-de-petrolina\\\/#breadcrumb\",\"itemListElement\":[{\"@type\":\"ListItem\",\"position\":1,\"name\":\"In\u00edcio\",\"item\":\"https:\\\/\\\/blogdofarnesio.com.br\\\/\"},{\"@type\":\"ListItem\",\"position\":2,\"name\":\"POR OFERECER RISCOS A SEGURAN\u00c7A DE PEDESTRES E VE\u00cdCULOS, PREFEITURA REMOVE TAMAREIRAS DA ORLA DE PETROLINA\"}]},{\"@type\":\"WebSite\",\"@id\":\"https:\\\/\\\/blogdofarnesio.com.br\\\/#website\",\"url\":\"https:\\\/\\\/blogdofarnesio.com.br\\\/\",\"name\":\"Blog do Farn\u00e9sio\",\"description\":\"Quer Saber Pol\u00edtica?\",\"publisher\":{\"@id\":\"https:\\\/\\\/blogdofarnesio.com.br\\\/#organization\"},\"potentialAction\":[{\"@type\":\"SearchAction\",\"target\":{\"@type\":\"EntryPoint\",\"urlTemplate\":\"https:\\\/\\\/blogdofarnesio.com.br\\\/?s={search_term_string}\"},\"query-input\":{\"@type\":\"PropertyValueSpecification\",\"valueRequired\":true,\"valueName\":\"search_term_string\"}}],\"inLanguage\":\"pt-BR\"},{\"@type\":\"Organization\",\"@id\":\"https:\\\/\\\/blogdofarnesio.com.br\\\/#organization\",\"name\":\"Blog do Farn\u00e9sio\",\"url\":\"https:\\\/\\\/blogdofarnesio.com.br\\\/\",\"logo\":{\"@type\":\"ImageObject\",\"inLanguage\":\"pt-BR\",\"@id\":\"https:\\\/\\\/blogdofarnesio.com.br\\\/#\\\/schema\\\/logo\\\/image\\\/\",\"url\":\"https:\\\/\\\/blogdofarnesio.com.br\\\/wp-content\\\/uploads\\\/2026\\\/03\\\/cropped-logo_new-1.png\",\"contentUrl\":\"https:\\\/\\\/blogdofarnesio.com.br\\\/wp-content\\\/uploads\\\/2026\\\/03\\\/cropped-logo_new-1.png\",\"width\":881,\"height\":685,\"caption\":\"Blog do Farn\u00e9sio\"},\"image\":{\"@id\":\"https:\\\/\\\/blogdofarnesio.com.br\\\/#\\\/schema\\\/logo\\\/image\\\/\"},\"sameAs\":[\"https:\\\/\\\/www.facebook.com\\\/BlogQuerSaberPolitica\\\/\"]},{\"@type\":\"Person\",\"@id\":\"https:\\\/\\\/blogdofarnesio.com.br\\\/#\\\/schema\\\/person\\\/301c4acf522bccbfdb45af95b5b906a1\",\"name\":\"Farn\u00e9sio\",\"image\":{\"@type\":\"ImageObject\",\"inLanguage\":\"pt-BR\",\"@id\":\"https:\\\/\\\/secure.gravatar.com\\\/avatar\\\/df0c9a14567c056f8ad6876ba5bbd1e3e2c48023eb6807342fc4663adf549f38?s=96&d=mm&r=g\",\"url\":\"https:\\\/\\\/secure.gravatar.com\\\/avatar\\\/df0c9a14567c056f8ad6876ba5bbd1e3e2c48023eb6807342fc4663adf549f38?s=96&d=mm&r=g\",\"contentUrl\":\"https:\\\/\\\/secure.gravatar.com\\\/avatar\\\/df0c9a14567c056f8ad6876ba5bbd1e3e2c48023eb6807342fc4663adf549f38?s=96&d=mm&r=g\",\"caption\":\"Farn\u00e9sio\"},\"sameAs\":[\"https:\\\/\\\/quersaberpolitica.com.br\"],\"url\":\"https:\\\/\\\/blogdofarnesio.com.br\\\/author\\\/farnesio\\\/\"}]}<\/script>\n<!-- \/ Yoast SEO plugin. -->","yoast_head_json":{"title":"POR OFERECER RISCOS A SEGURAN\u00c7A DE PEDESTRES E VE\u00cdCULOS, PREFEITURA REMOVE TAMAREIRAS DA ORLA DE PETROLINA - Blog do Farn\u00e9sio","robots":{"index":"index","follow":"follow","max-snippet":"max-snippet:-1","max-image-preview":"max-image-preview:large","max-video-preview":"max-video-preview:-1"},"canonical":"https:\/\/blogdofarnesio.com.br\/2018\/02\/por-oferecer-riscos-a-seguranca-a-pedestres-e-veiculos-prefeitura-remove-tamareiras-da-orla-de-petrolina\/","og_locale":"pt_BR","og_type":"article","og_title":"POR OFERECER RISCOS A SEGURAN\u00c7A DE PEDESTRES E VE\u00cdCULOS, PREFEITURA REMOVE TAMAREIRAS DA ORLA DE PETROLINA - Blog do Farn\u00e9sio","og_description":"Uma inspe\u00e7\u00e3o de seguran\u00e7a constatou que duas \u00e1rvores localizadas na Orla de Petrolina v\u00e3o ter que ser retiradas. Algumas tamareiras localizadas na Avenida Cardoso de S\u00e1 foram vistoriadas pelas equipes da Secretaria de Desenvolvimento Urbano e Sustentabilidade (SEDURBS) e do Instituto Federal de Educa\u00e7\u00e3o, Ci\u00eancia e Tecnologia do Sert\u00e3o Pernambucano (IF Sert\u00e3o-PE), respons\u00e1vel pelo estudo realizado na manh\u00e3 de s\u00e1bado (03). Diante das condi\u00e7\u00f5es das \u00e1rvores, a retirada delas j\u00e1 foi marcada para este domingo (04). O objetivo da inspe\u00e7\u00e3o foi verificar o estado vegetativo, fitossanit\u00e1rio, ecol\u00f3gico e est\u00e9tico das \u00e1rvores, como conta a orientadora do estudo t\u00e9cnico e professora do IF Sert\u00e3o-PE, Ana Rita Leandro. \u201cA metodologia empregada nos permitiu constatar a exist\u00eancia de plantas que oferecem risco de&hellip;","og_url":"https:\/\/blogdofarnesio.com.br\/2018\/02\/por-oferecer-riscos-a-seguranca-a-pedestres-e-veiculos-prefeitura-remove-tamareiras-da-orla-de-petrolina\/","og_site_name":"Blog do Farn\u00e9sio","article_publisher":"https:\/\/www.facebook.com\/BlogQuerSaberPolitica\/","article_published_time":"2018-02-05T10:22:13+00:00","og_image":[{"width":585,"height":379,"url":"https:\/\/blogdofarnesio.com.br\/wp-content\/uploads\/2018\/02\/blogqsp-arvore-perolina.jpg","type":"image\/jpeg"}],"author":"Farn\u00e9sio","twitter_card":"summary_large_image","twitter_misc":{"Escrito por":"Farn\u00e9sio","Est. tempo de leitura":"1 minuto"},"schema":{"@context":"https:\/\/schema.org","@graph":[{"@type":"Article","@id":"https:\/\/blogdofarnesio.com.br\/2018\/02\/por-oferecer-riscos-a-seguranca-a-pedestres-e-veiculos-prefeitura-remove-tamareiras-da-orla-de-petrolina\/#article","isPartOf":{"@id":"https:\/\/blogdofarnesio.com.br\/2018\/02\/por-oferecer-riscos-a-seguranca-a-pedestres-e-veiculos-prefeitura-remove-tamareiras-da-orla-de-petrolina\/"},"author":{"name":"Farn\u00e9sio","@id":"https:\/\/blogdofarnesio.com.br\/#\/schema\/person\/301c4acf522bccbfdb45af95b5b906a1"},"headline":"POR OFERECER RISCOS A SEGURAN\u00c7A DE PEDESTRES E VE\u00cdCULOS, PREFEITURA REMOVE TAMAREIRAS DA ORLA DE PETROLINA","datePublished":"2018-02-05T10:22:13+00:00","mainEntityOfPage":{"@id":"https:\/\/blogdofarnesio.com.br\/2018\/02\/por-oferecer-riscos-a-seguranca-a-pedestres-e-veiculos-prefeitura-remove-tamareiras-da-orla-de-petrolina\/"},"wordCount":292,"commentCount":0,"publisher":{"@id":"https:\/\/blogdofarnesio.com.br\/#organization"},"image":{"@id":"https:\/\/blogdofarnesio.com.br\/2018\/02\/por-oferecer-riscos-a-seguranca-a-pedestres-e-veiculos-prefeitura-remove-tamareiras-da-orla-de-petrolina\/#primaryimage"},"thumbnailUrl":"https:\/\/blogdofarnesio.com.br\/wp-content\/uploads\/2018\/02\/blogqsp-arvore-perolina.jpg","articleSection":["Meio Ambiente"],"inLanguage":"pt-BR","potentialAction":[{"@type":"CommentAction","name":"Comment","target":["https:\/\/blogdofarnesio.com.br\/2018\/02\/por-oferecer-riscos-a-seguranca-a-pedestres-e-veiculos-prefeitura-remove-tamareiras-da-orla-de-petrolina\/#respond"]}]},{"@type":"WebPage","@id":"https:\/\/blogdofarnesio.com.br\/2018\/02\/por-oferecer-riscos-a-seguranca-a-pedestres-e-veiculos-prefeitura-remove-tamareiras-da-orla-de-petrolina\/","url":"https:\/\/blogdofarnesio.com.br\/2018\/02\/por-oferecer-riscos-a-seguranca-a-pedestres-e-veiculos-prefeitura-remove-tamareiras-da-orla-de-petrolina\/","name":"POR OFERECER RISCOS A SEGURAN\u00c7A DE PEDESTRES E VE\u00cdCULOS, PREFEITURA REMOVE TAMAREIRAS DA ORLA DE PETROLINA - Blog do Farn\u00e9sio","isPartOf":{"@id":"https:\/\/blogdofarnesio.com.br\/#website"},"primaryImageOfPage":{"@id":"https:\/\/blogdofarnesio.com.br\/2018\/02\/por-oferecer-riscos-a-seguranca-a-pedestres-e-veiculos-prefeitura-remove-tamareiras-da-orla-de-petrolina\/#primaryimage"},"image":{"@id":"https:\/\/blogdofarnesio.com.br\/2018\/02\/por-oferecer-riscos-a-seguranca-a-pedestres-e-veiculos-prefeitura-remove-tamareiras-da-orla-de-petrolina\/#primaryimage"},"thumbnailUrl":"https:\/\/blogdofarnesio.com.br\/wp-content\/uploads\/2018\/02\/blogqsp-arvore-perolina.jpg","datePublished":"2018-02-05T10:22:13+00:00","breadcrumb":{"@id":"https:\/\/blogdofarnesio.com.br\/2018\/02\/por-oferecer-riscos-a-seguranca-a-pedestres-e-veiculos-prefeitura-remove-tamareiras-da-orla-de-petrolina\/#breadcrumb"},"inLanguage":"pt-BR","potentialAction":[{"@type":"ReadAction","target":["https:\/\/blogdofarnesio.com.br\/2018\/02\/por-oferecer-riscos-a-seguranca-a-pedestres-e-veiculos-prefeitura-remove-tamareiras-da-orla-de-petrolina\/"]}]},{"@type":"ImageObject","inLanguage":"pt-BR","@id":"https:\/\/blogdofarnesio.com.br\/2018\/02\/por-oferecer-riscos-a-seguranca-a-pedestres-e-veiculos-prefeitura-remove-tamareiras-da-orla-de-petrolina\/#primaryimage","url":"https:\/\/blogdofarnesio.com.br\/wp-content\/uploads\/2018\/02\/blogqsp-arvore-perolina.jpg","contentUrl":"https:\/\/blogdofarnesio.com.br\/wp-content\/uploads\/2018\/02\/blogqsp-arvore-perolina.jpg","width":585,"height":379},{"@type":"BreadcrumbList","@id":"https:\/\/blogdofarnesio.com.br\/2018\/02\/por-oferecer-riscos-a-seguranca-a-pedestres-e-veiculos-prefeitura-remove-tamareiras-da-orla-de-petrolina\/#breadcrumb","itemListElement":[{"@type":"ListItem","position":1,"name":"In\u00edcio","item":"https:\/\/blogdofarnesio.com.br\/"},{"@type":"ListItem","position":2,"name":"POR OFERECER RISCOS A SEGURAN\u00c7A DE PEDESTRES E VE\u00cdCULOS, PREFEITURA REMOVE TAMAREIRAS DA ORLA DE PETROLINA"}]},{"@type":"WebSite","@id":"https:\/\/blogdofarnesio.com.br\/#website","url":"https:\/\/blogdofarnesio.com.br\/","name":"Blog do Farn\u00e9sio","description":"Quer Saber Pol\u00edtica?","publisher":{"@id":"https:\/\/blogdofarnesio.com.br\/#organization"},"potentialAction":[{"@type":"SearchAction","target":{"@type":"EntryPoint","urlTemplate":"https:\/\/blogdofarnesio.com.br\/?s={search_term_string}"},"query-input":{"@type":"PropertyValueSpecification","valueRequired":true,"valueName":"search_term_string"}}],"inLanguage":"pt-BR"},{"@type":"Organization","@id":"https:\/\/blogdofarnesio.com.br\/#organization","name":"Blog do Farn\u00e9sio","url":"https:\/\/blogdofarnesio.com.br\/","logo":{"@type":"ImageObject","inLanguage":"pt-BR","@id":"https:\/\/blogdofarnesio.com.br\/#\/schema\/logo\/image\/","url":"https:\/\/blogdofarnesio.com.br\/wp-content\/uploads\/2026\/03\/cropped-logo_new-1.png","contentUrl":"https:\/\/blogdofarnesio.com.br\/wp-content\/uploads\/2026\/03\/cropped-logo_new-1.png","width":881,"height":685,"caption":"Blog do Farn\u00e9sio"},"image":{"@id":"https:\/\/blogdofarnesio.com.br\/#\/schema\/logo\/image\/"},"sameAs":["https:\/\/www.facebook.com\/BlogQuerSaberPolitica\/"]},{"@type":"Person","@id":"https:\/\/blogdofarnesio.com.br\/#\/schema\/person\/301c4acf522bccbfdb45af95b5b906a1","name":"Farn\u00e9sio","image":{"@type":"ImageObject","inLanguage":"pt-BR","@id":"https:\/\/secure.gravatar.com\/avatar\/df0c9a14567c056f8ad6876ba5bbd1e3e2c48023eb6807342fc4663adf549f38?s=96&d=mm&r=g","url":"https:\/\/secure.gravatar.com\/avatar\/df0c9a14567c056f8ad6876ba5bbd1e3e2c48023eb6807342fc4663adf549f38?s=96&d=mm&r=g","contentUrl":"https:\/\/secure.gravatar.com\/avatar\/df0c9a14567c056f8ad6876ba5bbd1e3e2c48023eb6807342fc4663adf549f38?s=96&d=mm&r=g","caption":"Farn\u00e9sio"},"sameAs":["https:\/\/quersaberpolitica.com.br"],"url":"https:\/\/blogdofarnesio.com.br\/author\/farnesio\/"}]}},"_links":{"self":[{"href":"https:\/\/blogdofarnesio.com.br\/wp-json\/wp\/v2\/posts\/187896","targetHints":{"allow":["GET"]}}],"collection":[{"href":"https:\/\/blogdofarnesio.com.br\/wp-json\/wp\/v2\/posts"}],"about":[{"href":"https:\/\/blogdofarnesio.com.br\/wp-json\/wp\/v2\/types\/post"}],"author":[{"embeddable":true,"href":"https:\/\/blogdofarnesio.com.br\/wp-json\/wp\/v2\/users\/1"}],"replies":[{"embeddable":true,"href":"https:\/\/blogdofarnesio.com.br\/wp-json\/wp\/v2\/comments?post=187896"}],"version-history":[{"count":0,"href":"https:\/\/blogdofarnesio.com.br\/wp-json\/wp\/v2\/posts\/187896\/revisions"}],"wp:featuredmedia":[{"embeddable":true,"href":"https:\/\/blogdofarnesio.com.br\/wp-json\/wp\/v2\/media\/187897"}],"wp:attachment":[{"href":"https:\/\/blogdofarnesio.com.br\/wp-json\/wp\/v2\/media?parent=187896"}],"wp:term":[{"taxonomy":"category","embeddable":true,"href":"https:\/\/blogdofarnesio.com.br\/wp-json\/wp\/v2\/categories?post=187896"},{"taxonomy":"post_tag","embeddable":true,"href":"https:\/\/blogdofarnesio.com.br\/wp-json\/wp\/v2\/tags?post=187896"}],"curies":[{"name":"wp","href":"https:\/\/api.w.org\/{rel}","templated":true}]}}