{"id":187888,"date":"2018-02-04T13:00:57","date_gmt":"2018-02-04T16:00:57","guid":{"rendered":"http:\/\/quersaberpolitica.com.br\/2016\/?p=187888"},"modified":"2018-02-04T12:40:11","modified_gmt":"2018-02-04T15:40:11","slug":"carnaval-de-petrolina-tradicional-encontro-de-blocos-marca-previa-da-folia","status":"publish","type":"post","link":"https:\/\/blogdofarnesio.com.br\/?p=187888","title":{"rendered":"CARNAVAL DE PETROLINA: TRADICIONAL ENCONTRO DE BLOCOS MARCA PR\u00c9VIA DA FOLIA"},"content":{"rendered":"<p style=\"font-weight: 400; text-align: justify;\">O som do maracatu e outros ritmos da cultura pernambucana deram as boas vindas aos festejos de Momo na capital do S\u00e3o Francisco. A tarde deste s\u00e1bado (03), foi de alegria e muita divers\u00e3o no tradicional encontro dos blocos \u2018Baque Opar\u00e1\u2019 e \u20188 Furos\u2019, na Pra\u00e7a 21 de Setembro, \u00e1rea central da cidade.<\/p>\n<p style=\"font-weight: 400; text-align: justify;\">Assim como nos outros anos, o cortejo pr\u00e9-carnavalesco do grupo de percuss\u00e3o \u2018Baque Opar\u00e1\u2019, desfilou pelas ruas da cidade, saindo da concentra\u00e7\u00e3o na Rua Ant\u00f4nio Santana Filho em dire\u00e7\u00e3o a Pra\u00e7a 21 de Setembro.<\/p>\n<p style=\"font-weight: 400; text-align: justify;\">Em sua 10\u00aa edi\u00e7\u00e3o, o cortejo chegou e transformou a cidade em uma verdadeira apoteose da folia levando a alegria de sempre, que \u00e9 a marca registrada do evento.<\/p>\n<p style=\"font-weight: 400; text-align: justify;\">\u201c<em>\u00c9 uma sensa\u00e7\u00e3o indescrit\u00edvel chegar aos 10 anos dessa brincadeira que come\u00e7ou entre amigos. Temos o compromisso de manter viva a cultura popular pernambucana e nordestina no Vale do S\u00e3o Francisco. S\u00e3o muitos os agradecimentos, inclusive o apoio da Prefeitura de Petrolina que \u00e9 fundamental para que tudo ocorra com seguran\u00e7a para que a gente consiga sair nessa linda festa. E isso \u00e9 muito bom<\/em>\u201d, disse a mestra do grupo percussivo, B\u00e1rbara Cabral.<\/p>\n<p style=\"font-weight: 400; text-align: justify;\">J\u00e1 em juazeiro, o bloco 8 furos, fez um percurso mais extenso, saindo da\u00a0\u00a0Pra\u00e7a Cordeiro de Miranda, popular Pra\u00e7a Santiago Maior, e seguindo pela Ponte Presidente Dutra at\u00e9 chegar \u00e0 Pra\u00e7a 21 de Setembro, em Petrolina. Ap\u00f3s o encontro dos blocos, centenas de fam\u00edlias brincaram a tradi\u00e7\u00e3o num verdadeiro aquecimento para os grandes shows que acontecem entre os dias 10 e 13 de fevereiro.<\/p>\n<p style=\"font-weight: 400; text-align: justify;\">Fotos: Jonas Santos<\/p>\n<p style=\"font-weight: 400; text-align: justify;\"><strong>Lilian Telles<\/strong><\/p>\n","protected":false},"excerpt":{"rendered":"<p>O som do maracatu e outros ritmos da cultura pernambucana deram as boas vindas aos festejos de Momo na capital do S\u00e3o Francisco. A tarde deste s\u00e1bado (03), foi de alegria e muita divers\u00e3o no tradicional encontro dos blocos \u2018Baque Opar\u00e1\u2019 e \u20188 Furos\u2019, na Pra\u00e7a 21 de Setembro, \u00e1rea central da cidade. Assim como nos outros anos, o cortejo pr\u00e9-carnavalesco do grupo de percuss\u00e3o \u2018Baque Opar\u00e1\u2019, desfilou pelas ruas da cidade, saindo da concentra\u00e7\u00e3o na Rua Ant\u00f4nio Santana Filho em dire\u00e7\u00e3o a Pra\u00e7a 21 de Setembro. Em sua 10\u00aa edi\u00e7\u00e3o, o cortejo chegou e transformou a cidade em uma verdadeira apoteose da folia levando a alegria de sempre, que \u00e9 a marca registrada do evento. \u201c\u00c9 uma sensa\u00e7\u00e3o indescrit\u00edvel&hellip; <\/p>\n","protected":false},"author":1,"featured_media":187889,"comment_status":"open","ping_status":"closed","sticky":false,"template":"","format":"standard","meta":{"_acf_changed":false,"footnotes":""},"categories":[44],"tags":[],"class_list":["post-187888","post","type-post","status-publish","format-standard","has-post-thumbnail","hentry","category-administracao"],"acf":[],"yoast_head":"<!-- This site is optimized with the Yoast SEO plugin v27.4 - https:\/\/yoast.com\/product\/yoast-seo-wordpress\/ -->\n<title>CARNAVAL DE PETROLINA: TRADICIONAL ENCONTRO DE BLOCOS MARCA PR\u00c9VIA DA FOLIA - Blog do Farn\u00e9sio<\/title>\n<meta name=\"robots\" content=\"index, follow, max-snippet:-1, max-image-preview:large, max-video-preview:-1\" \/>\n<link rel=\"canonical\" href=\"http:\/\/blogdofarnesio.com.br\/?p=187888\" \/>\n<meta property=\"og:locale\" content=\"pt_BR\" \/>\n<meta property=\"og:type\" content=\"article\" \/>\n<meta property=\"og:title\" content=\"CARNAVAL DE PETROLINA: TRADICIONAL ENCONTRO DE BLOCOS MARCA PR\u00c9VIA DA FOLIA - Blog do Farn\u00e9sio\" \/>\n<meta property=\"og:description\" content=\"O som do maracatu e outros ritmos da cultura pernambucana deram as boas vindas aos festejos de Momo na capital do S\u00e3o Francisco. A tarde deste s\u00e1bado (03), foi de alegria e muita divers\u00e3o no tradicional encontro dos blocos \u2018Baque Opar\u00e1\u2019 e \u20188 Furos\u2019, na Pra\u00e7a 21 de Setembro, \u00e1rea central da cidade. Assim como nos outros anos, o cortejo pr\u00e9-carnavalesco do grupo de percuss\u00e3o \u2018Baque Opar\u00e1\u2019, desfilou pelas ruas da cidade, saindo da concentra\u00e7\u00e3o na Rua Ant\u00f4nio Santana Filho em dire\u00e7\u00e3o a Pra\u00e7a 21 de Setembro. Em sua 10\u00aa edi\u00e7\u00e3o, o cortejo chegou e transformou a cidade em uma verdadeira apoteose da folia levando a alegria de sempre, que \u00e9 a marca registrada do evento. \u201c\u00c9 uma sensa\u00e7\u00e3o indescrit\u00edvel&hellip;\" \/>\n<meta property=\"og:url\" content=\"http:\/\/blogdofarnesio.com.br\/?p=187888\" \/>\n<meta property=\"og:site_name\" content=\"Blog do Farn\u00e9sio\" \/>\n<meta property=\"article:publisher\" content=\"https:\/\/www.facebook.com\/BlogQuerSaberPolitica\/\" \/>\n<meta property=\"article:published_time\" content=\"2018-02-04T16:00:57+00:00\" \/>\n<meta property=\"og:image\" content=\"http:\/\/blogdofarnesio.com.br\/wp-content\/uploads\/2018\/02\/blogqsp-carnaval-petrolina-Baque-Opar\u00e1-1.jpg\" \/>\n\t<meta property=\"og:image:width\" content=\"640\" \/>\n\t<meta property=\"og:image:height\" content=\"427\" \/>\n\t<meta property=\"og:image:type\" content=\"image\/jpeg\" \/>\n<meta name=\"author\" content=\"Farn\u00e9sio\" \/>\n<meta name=\"twitter:card\" content=\"summary_large_image\" \/>\n<meta name=\"twitter:label1\" content=\"Escrito por\" \/>\n\t<meta name=\"twitter:data1\" content=\"Farn\u00e9sio\" \/>\n\t<meta name=\"twitter:label2\" content=\"Est. tempo de leitura\" \/>\n\t<meta name=\"twitter:data2\" content=\"1 minuto\" \/>\n<script type=\"application\/ld+json\" class=\"yoast-schema-graph\">{\"@context\":\"https:\\\/\\\/schema.org\",\"@graph\":[{\"@type\":\"Article\",\"@id\":\"http:\\\/\\\/blogdofarnesio.com.br\\\/?p=187888#article\",\"isPartOf\":{\"@id\":\"http:\\\/\\\/blogdofarnesio.com.br\\\/?p=187888\"},\"author\":{\"name\":\"Farn\u00e9sio\",\"@id\":\"https:\\\/\\\/blogdofarnesio.com.br\\\/#\\\/schema\\\/person\\\/301c4acf522bccbfdb45af95b5b906a1\"},\"headline\":\"CARNAVAL DE PETROLINA: TRADICIONAL ENCONTRO DE BLOCOS MARCA PR\u00c9VIA DA FOLIA\",\"datePublished\":\"2018-02-04T16:00:57+00:00\",\"mainEntityOfPage\":{\"@id\":\"http:\\\/\\\/blogdofarnesio.com.br\\\/?p=187888\"},\"wordCount\":280,\"commentCount\":0,\"publisher\":{\"@id\":\"https:\\\/\\\/blogdofarnesio.com.br\\\/#organization\"},\"image\":{\"@id\":\"http:\\\/\\\/blogdofarnesio.com.br\\\/?p=187888#primaryimage\"},\"thumbnailUrl\":\"https:\\\/\\\/blogdofarnesio.com.br\\\/wp-content\\\/uploads\\\/2018\\\/02\\\/blogqsp-carnaval-petrolina-Baque-Opar\u00e1-1.jpg\",\"articleSection\":[\"Administra\u00e7\u00e3o\"],\"inLanguage\":\"pt-BR\",\"potentialAction\":[{\"@type\":\"CommentAction\",\"name\":\"Comment\",\"target\":[\"http:\\\/\\\/blogdofarnesio.com.br\\\/?p=187888#respond\"]}]},{\"@type\":\"WebPage\",\"@id\":\"http:\\\/\\\/blogdofarnesio.com.br\\\/?p=187888\",\"url\":\"http:\\\/\\\/blogdofarnesio.com.br\\\/?p=187888\",\"name\":\"CARNAVAL DE PETROLINA: TRADICIONAL ENCONTRO DE BLOCOS MARCA PR\u00c9VIA DA FOLIA - Blog do Farn\u00e9sio\",\"isPartOf\":{\"@id\":\"https:\\\/\\\/blogdofarnesio.com.br\\\/#website\"},\"primaryImageOfPage\":{\"@id\":\"http:\\\/\\\/blogdofarnesio.com.br\\\/?p=187888#primaryimage\"},\"image\":{\"@id\":\"http:\\\/\\\/blogdofarnesio.com.br\\\/?p=187888#primaryimage\"},\"thumbnailUrl\":\"https:\\\/\\\/blogdofarnesio.com.br\\\/wp-content\\\/uploads\\\/2018\\\/02\\\/blogqsp-carnaval-petrolina-Baque-Opar\u00e1-1.jpg\",\"datePublished\":\"2018-02-04T16:00:57+00:00\",\"breadcrumb\":{\"@id\":\"http:\\\/\\\/blogdofarnesio.com.br\\\/?p=187888#breadcrumb\"},\"inLanguage\":\"pt-BR\",\"potentialAction\":[{\"@type\":\"ReadAction\",\"target\":[\"http:\\\/\\\/blogdofarnesio.com.br\\\/?p=187888\"]}]},{\"@type\":\"ImageObject\",\"inLanguage\":\"pt-BR\",\"@id\":\"http:\\\/\\\/blogdofarnesio.com.br\\\/?p=187888#primaryimage\",\"url\":\"https:\\\/\\\/blogdofarnesio.com.br\\\/wp-content\\\/uploads\\\/2018\\\/02\\\/blogqsp-carnaval-petrolina-Baque-Opar\u00e1-1.jpg\",\"contentUrl\":\"https:\\\/\\\/blogdofarnesio.com.br\\\/wp-content\\\/uploads\\\/2018\\\/02\\\/blogqsp-carnaval-petrolina-Baque-Opar\u00e1-1.jpg\",\"width\":640,\"height\":427},{\"@type\":\"BreadcrumbList\",\"@id\":\"http:\\\/\\\/blogdofarnesio.com.br\\\/?p=187888#breadcrumb\",\"itemListElement\":[{\"@type\":\"ListItem\",\"position\":1,\"name\":\"In\u00edcio\",\"item\":\"https:\\\/\\\/blogdofarnesio.com.br\\\/\"},{\"@type\":\"ListItem\",\"position\":2,\"name\":\"CARNAVAL DE PETROLINA: TRADICIONAL ENCONTRO DE BLOCOS MARCA PR\u00c9VIA DA FOLIA\"}]},{\"@type\":\"WebSite\",\"@id\":\"https:\\\/\\\/blogdofarnesio.com.br\\\/#website\",\"url\":\"https:\\\/\\\/blogdofarnesio.com.br\\\/\",\"name\":\"Blog do Farn\u00e9sio\",\"description\":\"Quer Saber Pol\u00edtica?\",\"publisher\":{\"@id\":\"https:\\\/\\\/blogdofarnesio.com.br\\\/#organization\"},\"potentialAction\":[{\"@type\":\"SearchAction\",\"target\":{\"@type\":\"EntryPoint\",\"urlTemplate\":\"https:\\\/\\\/blogdofarnesio.com.br\\\/?s={search_term_string}\"},\"query-input\":{\"@type\":\"PropertyValueSpecification\",\"valueRequired\":true,\"valueName\":\"search_term_string\"}}],\"inLanguage\":\"pt-BR\"},{\"@type\":\"Organization\",\"@id\":\"https:\\\/\\\/blogdofarnesio.com.br\\\/#organization\",\"name\":\"Blog do Farn\u00e9sio\",\"url\":\"https:\\\/\\\/blogdofarnesio.com.br\\\/\",\"logo\":{\"@type\":\"ImageObject\",\"inLanguage\":\"pt-BR\",\"@id\":\"https:\\\/\\\/blogdofarnesio.com.br\\\/#\\\/schema\\\/logo\\\/image\\\/\",\"url\":\"https:\\\/\\\/blogdofarnesio.com.br\\\/wp-content\\\/uploads\\\/2026\\\/03\\\/cropped-logo_new-1.png\",\"contentUrl\":\"https:\\\/\\\/blogdofarnesio.com.br\\\/wp-content\\\/uploads\\\/2026\\\/03\\\/cropped-logo_new-1.png\",\"width\":881,\"height\":685,\"caption\":\"Blog do Farn\u00e9sio\"},\"image\":{\"@id\":\"https:\\\/\\\/blogdofarnesio.com.br\\\/#\\\/schema\\\/logo\\\/image\\\/\"},\"sameAs\":[\"https:\\\/\\\/www.facebook.com\\\/BlogQuerSaberPolitica\\\/\"]},{\"@type\":\"Person\",\"@id\":\"https:\\\/\\\/blogdofarnesio.com.br\\\/#\\\/schema\\\/person\\\/301c4acf522bccbfdb45af95b5b906a1\",\"name\":\"Farn\u00e9sio\",\"image\":{\"@type\":\"ImageObject\",\"inLanguage\":\"pt-BR\",\"@id\":\"https:\\\/\\\/secure.gravatar.com\\\/avatar\\\/df0c9a14567c056f8ad6876ba5bbd1e3e2c48023eb6807342fc4663adf549f38?s=96&d=mm&r=g\",\"url\":\"https:\\\/\\\/secure.gravatar.com\\\/avatar\\\/df0c9a14567c056f8ad6876ba5bbd1e3e2c48023eb6807342fc4663adf549f38?s=96&d=mm&r=g\",\"contentUrl\":\"https:\\\/\\\/secure.gravatar.com\\\/avatar\\\/df0c9a14567c056f8ad6876ba5bbd1e3e2c48023eb6807342fc4663adf549f38?s=96&d=mm&r=g\",\"caption\":\"Farn\u00e9sio\"},\"sameAs\":[\"https:\\\/\\\/quersaberpolitica.com.br\"],\"url\":\"https:\\\/\\\/blogdofarnesio.com.br\\\/?author=1\"}]}<\/script>\n<!-- \/ Yoast SEO plugin. -->","yoast_head_json":{"title":"CARNAVAL DE PETROLINA: TRADICIONAL ENCONTRO DE BLOCOS MARCA PR\u00c9VIA DA FOLIA - Blog do Farn\u00e9sio","robots":{"index":"index","follow":"follow","max-snippet":"max-snippet:-1","max-image-preview":"max-image-preview:large","max-video-preview":"max-video-preview:-1"},"canonical":"http:\/\/blogdofarnesio.com.br\/?p=187888","og_locale":"pt_BR","og_type":"article","og_title":"CARNAVAL DE PETROLINA: TRADICIONAL ENCONTRO DE BLOCOS MARCA PR\u00c9VIA DA FOLIA - Blog do Farn\u00e9sio","og_description":"O som do maracatu e outros ritmos da cultura pernambucana deram as boas vindas aos festejos de Momo na capital do S\u00e3o Francisco. A tarde deste s\u00e1bado (03), foi de alegria e muita divers\u00e3o no tradicional encontro dos blocos \u2018Baque Opar\u00e1\u2019 e \u20188 Furos\u2019, na Pra\u00e7a 21 de Setembro, \u00e1rea central da cidade. Assim como nos outros anos, o cortejo pr\u00e9-carnavalesco do grupo de percuss\u00e3o \u2018Baque Opar\u00e1\u2019, desfilou pelas ruas da cidade, saindo da concentra\u00e7\u00e3o na Rua Ant\u00f4nio Santana Filho em dire\u00e7\u00e3o a Pra\u00e7a 21 de Setembro. Em sua 10\u00aa edi\u00e7\u00e3o, o cortejo chegou e transformou a cidade em uma verdadeira apoteose da folia levando a alegria de sempre, que \u00e9 a marca registrada do evento. \u201c\u00c9 uma sensa\u00e7\u00e3o indescrit\u00edvel&hellip;","og_url":"http:\/\/blogdofarnesio.com.br\/?p=187888","og_site_name":"Blog do Farn\u00e9sio","article_publisher":"https:\/\/www.facebook.com\/BlogQuerSaberPolitica\/","article_published_time":"2018-02-04T16:00:57+00:00","og_image":[{"width":640,"height":427,"url":"http:\/\/blogdofarnesio.com.br\/wp-content\/uploads\/2018\/02\/blogqsp-carnaval-petrolina-Baque-Opar\u00e1-1.jpg","type":"image\/jpeg"}],"author":"Farn\u00e9sio","twitter_card":"summary_large_image","twitter_misc":{"Escrito por":"Farn\u00e9sio","Est. tempo de leitura":"1 minuto"},"schema":{"@context":"https:\/\/schema.org","@graph":[{"@type":"Article","@id":"http:\/\/blogdofarnesio.com.br\/?p=187888#article","isPartOf":{"@id":"http:\/\/blogdofarnesio.com.br\/?p=187888"},"author":{"name":"Farn\u00e9sio","@id":"https:\/\/blogdofarnesio.com.br\/#\/schema\/person\/301c4acf522bccbfdb45af95b5b906a1"},"headline":"CARNAVAL DE PETROLINA: TRADICIONAL ENCONTRO DE BLOCOS MARCA PR\u00c9VIA DA FOLIA","datePublished":"2018-02-04T16:00:57+00:00","mainEntityOfPage":{"@id":"http:\/\/blogdofarnesio.com.br\/?p=187888"},"wordCount":280,"commentCount":0,"publisher":{"@id":"https:\/\/blogdofarnesio.com.br\/#organization"},"image":{"@id":"http:\/\/blogdofarnesio.com.br\/?p=187888#primaryimage"},"thumbnailUrl":"https:\/\/blogdofarnesio.com.br\/wp-content\/uploads\/2018\/02\/blogqsp-carnaval-petrolina-Baque-Opar\u00e1-1.jpg","articleSection":["Administra\u00e7\u00e3o"],"inLanguage":"pt-BR","potentialAction":[{"@type":"CommentAction","name":"Comment","target":["http:\/\/blogdofarnesio.com.br\/?p=187888#respond"]}]},{"@type":"WebPage","@id":"http:\/\/blogdofarnesio.com.br\/?p=187888","url":"http:\/\/blogdofarnesio.com.br\/?p=187888","name":"CARNAVAL DE PETROLINA: TRADICIONAL ENCONTRO DE BLOCOS MARCA PR\u00c9VIA DA FOLIA - Blog do Farn\u00e9sio","isPartOf":{"@id":"https:\/\/blogdofarnesio.com.br\/#website"},"primaryImageOfPage":{"@id":"http:\/\/blogdofarnesio.com.br\/?p=187888#primaryimage"},"image":{"@id":"http:\/\/blogdofarnesio.com.br\/?p=187888#primaryimage"},"thumbnailUrl":"https:\/\/blogdofarnesio.com.br\/wp-content\/uploads\/2018\/02\/blogqsp-carnaval-petrolina-Baque-Opar\u00e1-1.jpg","datePublished":"2018-02-04T16:00:57+00:00","breadcrumb":{"@id":"http:\/\/blogdofarnesio.com.br\/?p=187888#breadcrumb"},"inLanguage":"pt-BR","potentialAction":[{"@type":"ReadAction","target":["http:\/\/blogdofarnesio.com.br\/?p=187888"]}]},{"@type":"ImageObject","inLanguage":"pt-BR","@id":"http:\/\/blogdofarnesio.com.br\/?p=187888#primaryimage","url":"https:\/\/blogdofarnesio.com.br\/wp-content\/uploads\/2018\/02\/blogqsp-carnaval-petrolina-Baque-Opar\u00e1-1.jpg","contentUrl":"https:\/\/blogdofarnesio.com.br\/wp-content\/uploads\/2018\/02\/blogqsp-carnaval-petrolina-Baque-Opar\u00e1-1.jpg","width":640,"height":427},{"@type":"BreadcrumbList","@id":"http:\/\/blogdofarnesio.com.br\/?p=187888#breadcrumb","itemListElement":[{"@type":"ListItem","position":1,"name":"In\u00edcio","item":"https:\/\/blogdofarnesio.com.br\/"},{"@type":"ListItem","position":2,"name":"CARNAVAL DE PETROLINA: TRADICIONAL ENCONTRO DE BLOCOS MARCA PR\u00c9VIA DA FOLIA"}]},{"@type":"WebSite","@id":"https:\/\/blogdofarnesio.com.br\/#website","url":"https:\/\/blogdofarnesio.com.br\/","name":"Blog do Farn\u00e9sio","description":"Quer Saber Pol\u00edtica?","publisher":{"@id":"https:\/\/blogdofarnesio.com.br\/#organization"},"potentialAction":[{"@type":"SearchAction","target":{"@type":"EntryPoint","urlTemplate":"https:\/\/blogdofarnesio.com.br\/?s={search_term_string}"},"query-input":{"@type":"PropertyValueSpecification","valueRequired":true,"valueName":"search_term_string"}}],"inLanguage":"pt-BR"},{"@type":"Organization","@id":"https:\/\/blogdofarnesio.com.br\/#organization","name":"Blog do Farn\u00e9sio","url":"https:\/\/blogdofarnesio.com.br\/","logo":{"@type":"ImageObject","inLanguage":"pt-BR","@id":"https:\/\/blogdofarnesio.com.br\/#\/schema\/logo\/image\/","url":"https:\/\/blogdofarnesio.com.br\/wp-content\/uploads\/2026\/03\/cropped-logo_new-1.png","contentUrl":"https:\/\/blogdofarnesio.com.br\/wp-content\/uploads\/2026\/03\/cropped-logo_new-1.png","width":881,"height":685,"caption":"Blog do Farn\u00e9sio"},"image":{"@id":"https:\/\/blogdofarnesio.com.br\/#\/schema\/logo\/image\/"},"sameAs":["https:\/\/www.facebook.com\/BlogQuerSaberPolitica\/"]},{"@type":"Person","@id":"https:\/\/blogdofarnesio.com.br\/#\/schema\/person\/301c4acf522bccbfdb45af95b5b906a1","name":"Farn\u00e9sio","image":{"@type":"ImageObject","inLanguage":"pt-BR","@id":"https:\/\/secure.gravatar.com\/avatar\/df0c9a14567c056f8ad6876ba5bbd1e3e2c48023eb6807342fc4663adf549f38?s=96&d=mm&r=g","url":"https:\/\/secure.gravatar.com\/avatar\/df0c9a14567c056f8ad6876ba5bbd1e3e2c48023eb6807342fc4663adf549f38?s=96&d=mm&r=g","contentUrl":"https:\/\/secure.gravatar.com\/avatar\/df0c9a14567c056f8ad6876ba5bbd1e3e2c48023eb6807342fc4663adf549f38?s=96&d=mm&r=g","caption":"Farn\u00e9sio"},"sameAs":["https:\/\/quersaberpolitica.com.br"],"url":"https:\/\/blogdofarnesio.com.br\/?author=1"}]}},"_links":{"self":[{"href":"https:\/\/blogdofarnesio.com.br\/index.php?rest_route=\/wp\/v2\/posts\/187888","targetHints":{"allow":["GET"]}}],"collection":[{"href":"https:\/\/blogdofarnesio.com.br\/index.php?rest_route=\/wp\/v2\/posts"}],"about":[{"href":"https:\/\/blogdofarnesio.com.br\/index.php?rest_route=\/wp\/v2\/types\/post"}],"author":[{"embeddable":true,"href":"https:\/\/blogdofarnesio.com.br\/index.php?rest_route=\/wp\/v2\/users\/1"}],"replies":[{"embeddable":true,"href":"https:\/\/blogdofarnesio.com.br\/index.php?rest_route=%2Fwp%2Fv2%2Fcomments&post=187888"}],"version-history":[{"count":0,"href":"https:\/\/blogdofarnesio.com.br\/index.php?rest_route=\/wp\/v2\/posts\/187888\/revisions"}],"wp:featuredmedia":[{"embeddable":true,"href":"https:\/\/blogdofarnesio.com.br\/index.php?rest_route=\/wp\/v2\/media\/187889"}],"wp:attachment":[{"href":"https:\/\/blogdofarnesio.com.br\/index.php?rest_route=%2Fwp%2Fv2%2Fmedia&parent=187888"}],"wp:term":[{"taxonomy":"category","embeddable":true,"href":"https:\/\/blogdofarnesio.com.br\/index.php?rest_route=%2Fwp%2Fv2%2Fcategories&post=187888"},{"taxonomy":"post_tag","embeddable":true,"href":"https:\/\/blogdofarnesio.com.br\/index.php?rest_route=%2Fwp%2Fv2%2Ftags&post=187888"}],"curies":[{"name":"wp","href":"https:\/\/api.w.org\/{rel}","templated":true}]}}