{"id":187766,"date":"2018-02-02T10:01:21","date_gmt":"2018-02-02T13:01:21","guid":{"rendered":"http:\/\/quersaberpolitica.com.br\/2016\/?p=187766"},"modified":"2018-02-02T07:46:51","modified_gmt":"2018-02-02T10:46:51","slug":"filho-mais-velho-de-fidel-castro-comete-suicidio","status":"publish","type":"post","link":"https:\/\/blogdofarnesio.com.br\/?p=187766","title":{"rendered":"FILHO MAIS VELHO DE FIDEL CASTRO COMETE SUIC\u00cdDIO"},"content":{"rendered":"<div id=\"precontent\" data-m=\"{&quot;i&quot;:47,&quot;n&quot;:&quot;precontent&quot;,&quot;y&quot;:6}\" data-id=\"47\" data-region=\"precontent\">\n<header class=\"collection-headline\"><\/header>\n<section class=\"Modelinfo\">\n<div class=\"authorinfo-bsb\" data-stickyviews=\"4\">\n<div class=\"authorinfotb\"><span class=\"partnerlogo-img\" data-m=\"{&quot;i&quot;:81,&quot;p&quot;:47,&quot;n&quot;:&quot;providerLogo&quot;,&quot;y&quot;:24,&quot;o&quot;:4}\" data-id=\"81\" data-aop=\"providerlogo\"> <span class=\"partnermainlogo\"><img decoding=\"async\" class=\"loaded\" title=\"Logotipo do(a) AFP\" src=\"https:\/\/img-s-msn-com.akamaized.net\/tenant\/amp\/entityid\/BB74fLk.img?h=50&amp;w=50&amp;m=6&amp;q=60&amp;u=t&amp;o=t&amp;l=f&amp;f=png\" alt=\"Logotipo do(a) AFP\" data-src=\"{&quot;default&quot;:&quot;\/\/img-s-msn-com.akamaized.net\/tenant\/amp\/entityid\/BB74fLk.img?h=50&amp;w=50&amp;m=6&amp;q=60&amp;u=t&amp;o=t&amp;l=f&amp;f=png&quot;}\" \/><\/span> <\/span><\/p>\n<div class=\"sourcename-txt truncate\">AFP<\/div>\n<\/div>\n<\/div>\n<\/section>\n<\/div>\n<div id=\"maincontent\">\n<div id=\"content\" class=\"content\">\n<article class=\"articlecontent loaded\" tabindex=\"0\" data-aop=\"article\">\n<section class=\"articlebody\" data-aop=\"articlebody\">Fidel Castro D\u00edaz-Balart, o &#8220;Fidelito&#8221;, filho mais velho do falecido presidente cubano Fidel Castro, se matou na quinta-feira aos 68 anos, depois de sofrer de depress\u00e3o. A morte comoveu o pa\u00eds, onde era muito conhecido, apesar de nunca ter ocupado cargos pol\u00edticos.<\/p>\n<p>&#8220;O doutor em Ci\u00eancias Fidel Castro D\u00edaz-Balart, que vinha sendo atendido por um grupo de m\u00e9dicos h\u00e1 v\u00e1rios meses por um estado depressivo profundo, atentou contra sua vida na manh\u00e3 de hoje, primeiro de fevereiro&#8221;, comunicou o jornal oficial Granma.<\/p>\n<p>Muitos lembram dele ainda menino, vestido com o uniforme verde oliva, quando entrou em Havana ao lado de seu pai em 8 de janeiro de 1959 como parte da Caravana da Vit\u00f3ria, que levou Fidel do leste ao oeste da ilha.<\/p>\n<p>O filho mais velho de Fidel sempre foi um fiel adepto da revolu\u00e7\u00e3o de seu pai.<\/p>\n<p>A not\u00edcia do suic\u00eddio, tamb\u00e9m divulgada no telejornal nacional durante a noite, pegou de surpresa os cubanos e acontece apenas 15 meses ap\u00f3s a morte de seu pai, que faleceu em 25 de novembro de 2016 aos 90 anos.<\/p>\n<p>De acordo com a imprensa oficial cubana, como parte de seu tratamento por depress\u00e3o, &#8220;Fidelito&#8221; &#8211; como era conhecido no pa\u00eds &#8211; &#8220;pediu inicialmente um regime de hospitaliza\u00e7\u00e3o e depois se manteve em acompanhamento ambulatorial durante sua reintegra\u00e7\u00e3o social&#8221;.<\/p>\n<p>&#8220;No momento de seu falecimento ele era Assessor Cient\u00edfico do Conselho de Estado e vice-presidente da Academia de Ci\u00eancias de Cuba&#8221;, segundo a imprensa.<\/p>\n<p>Muito parecido com o pai, inclusive na altura e barba, &#8220;Fidelito&#8221; foi filho do casamento do l\u00edder da revolu\u00e7\u00e3o cubana com Mirtha D\u00edaz-Balart, sua primeira mulher, da qual se separou ap\u00f3s o triunfo de 1959. Mirtha D\u00edaz-Balart mora na Espanha.<\/p>\n<p>Nascido em 1 de setembro de 1949, formado em F\u00edsica na ex-Uni\u00e3o Sovi\u00e9tica, &#8220;Fidelito&#8221; ocupou o cargo de Secret\u00e1rio Executivo da Comiss\u00e3o de Assuntos Nucleares de 1983 at\u00e9 1992.<\/p>\n<p>Em seu primeiro casamento, com Olga Smirnov, teve dois filhos: Fidel Antonio, de 37 anos, doutor em Ci\u00eancias e Tecnologia nuclear, e Mirta Mar\u00eda, de 34, doutora em Matem\u00e1tica.<\/p>\n<p>No enterro do pai foi visto ao lado dos cinco meio-irm\u00e3os &#8211; Antonio, Angel, Alex, Alexis e Alejandro &#8211; que Fidel Castro teve em seu casamento com Dalia Soto del Valle, a vi\u00fava oficial.<\/p>\n<p>Outra filha de Fidel Castro, Alina Fern\u00e1ndez, mora nos Estados Unidos, de onde criticava as pol\u00edticas e o governo de seu pai. Alina \u00e9 filha de uma rela\u00e7\u00e3o extraconjugal de Fidel com Natalia Revuelta.<\/p>\n<p>Por parte de m\u00e3e, &#8220;Fidelito&#8221; era primo dos pol\u00edticos republicanos americanos Lincoln e Mario D\u00edaz-Balart, de longa trajet\u00f3ria pol\u00edtica anticastrista.<\/p>\n<p>Em suas \u00faltimas apari\u00e7\u00f5es p\u00fablicas, &#8220;Fidelito&#8221; discursou sobre a nanoci\u00eancia, tema que estudava pelo interesse demonstrado na quest\u00e3o pelo governo de seu tio Ra\u00fal Castro.<\/p>\n<p>O funeral ser\u00e1 organizado pela fam\u00edlia, ou seja, sem um tratamento oficial, em uma data que ainda ser\u00e1 definida.<\/p>\n<\/section>\n<\/article>\n<\/div>\n<\/div>\n","protected":false},"excerpt":{"rendered":"<p>AFP Fidel Castro D\u00edaz-Balart, o &#8220;Fidelito&#8221;, filho mais velho do falecido presidente cubano Fidel Castro, se matou na quinta-feira aos 68 anos, depois de sofrer de depress\u00e3o. A morte comoveu o pa\u00eds, onde era muito conhecido, apesar de nunca ter ocupado cargos pol\u00edticos. &#8220;O doutor em Ci\u00eancias Fidel Castro D\u00edaz-Balart, que vinha sendo atendido por um grupo de m\u00e9dicos h\u00e1 v\u00e1rios meses por um estado depressivo profundo, atentou contra sua vida na manh\u00e3 de hoje, primeiro de fevereiro&#8221;, comunicou o jornal oficial Granma. Muitos lembram dele ainda menino, vestido com o uniforme verde oliva, quando entrou em Havana ao lado de seu pai em 8 de janeiro de 1959 como parte da Caravana da Vit\u00f3ria, que levou Fidel do leste&hellip; <\/p>\n","protected":false},"author":1,"featured_media":187767,"comment_status":"open","ping_status":"closed","sticky":false,"template":"","format":"standard","meta":{"_acf_changed":false,"footnotes":""},"categories":[1],"tags":[],"class_list":["post-187766","post","type-post","status-publish","format-standard","has-post-thumbnail","hentry","category-politica"],"acf":[],"yoast_head":"<!-- This site is optimized with the Yoast SEO plugin v27.4 - https:\/\/yoast.com\/product\/yoast-seo-wordpress\/ -->\n<title>FILHO MAIS VELHO DE FIDEL CASTRO COMETE SUIC\u00cdDIO - Blog do Farn\u00e9sio<\/title>\n<meta name=\"robots\" content=\"index, follow, max-snippet:-1, max-image-preview:large, max-video-preview:-1\" \/>\n<link rel=\"canonical\" href=\"http:\/\/blogdofarnesio.com.br\/?p=187766\" \/>\n<meta property=\"og:locale\" content=\"pt_BR\" \/>\n<meta property=\"og:type\" content=\"article\" \/>\n<meta property=\"og:title\" content=\"FILHO MAIS VELHO DE FIDEL CASTRO COMETE SUIC\u00cdDIO - Blog do Farn\u00e9sio\" \/>\n<meta property=\"og:description\" content=\"AFP Fidel Castro D\u00edaz-Balart, o &#8220;Fidelito&#8221;, filho mais velho do falecido presidente cubano Fidel Castro, se matou na quinta-feira aos 68 anos, depois de sofrer de depress\u00e3o. A morte comoveu o pa\u00eds, onde era muito conhecido, apesar de nunca ter ocupado cargos pol\u00edticos. &#8220;O doutor em Ci\u00eancias Fidel Castro D\u00edaz-Balart, que vinha sendo atendido por um grupo de m\u00e9dicos h\u00e1 v\u00e1rios meses por um estado depressivo profundo, atentou contra sua vida na manh\u00e3 de hoje, primeiro de fevereiro&#8221;, comunicou o jornal oficial Granma. Muitos lembram dele ainda menino, vestido com o uniforme verde oliva, quando entrou em Havana ao lado de seu pai em 8 de janeiro de 1959 como parte da Caravana da Vit\u00f3ria, que levou Fidel do leste&hellip;\" \/>\n<meta property=\"og:url\" content=\"http:\/\/blogdofarnesio.com.br\/?p=187766\" \/>\n<meta property=\"og:site_name\" content=\"Blog do Farn\u00e9sio\" \/>\n<meta property=\"article:publisher\" content=\"https:\/\/www.facebook.com\/BlogQuerSaberPolitica\/\" \/>\n<meta property=\"article:published_time\" content=\"2018-02-02T13:01:21+00:00\" \/>\n<meta property=\"og:image\" content=\"http:\/\/blogdofarnesio.com.br\/wp-content\/uploads\/2018\/02\/blogqspfidelito.jpg\" \/>\n\t<meta property=\"og:image:width\" content=\"728\" \/>\n\t<meta property=\"og:image:height\" content=\"409\" \/>\n\t<meta property=\"og:image:type\" content=\"image\/jpeg\" \/>\n<meta name=\"author\" content=\"Farn\u00e9sio\" \/>\n<meta name=\"twitter:card\" content=\"summary_large_image\" \/>\n<meta name=\"twitter:label1\" content=\"Escrito por\" \/>\n\t<meta name=\"twitter:data1\" content=\"Farn\u00e9sio\" \/>\n\t<meta name=\"twitter:label2\" content=\"Est. tempo de leitura\" \/>\n\t<meta name=\"twitter:data2\" content=\"3 minutos\" \/>\n<script type=\"application\/ld+json\" class=\"yoast-schema-graph\">{\"@context\":\"https:\\\/\\\/schema.org\",\"@graph\":[{\"@type\":\"Article\",\"@id\":\"http:\\\/\\\/blogdofarnesio.com.br\\\/?p=187766#article\",\"isPartOf\":{\"@id\":\"http:\\\/\\\/blogdofarnesio.com.br\\\/?p=187766\"},\"author\":{\"name\":\"Farn\u00e9sio\",\"@id\":\"https:\\\/\\\/blogdofarnesio.com.br\\\/#\\\/schema\\\/person\\\/301c4acf522bccbfdb45af95b5b906a1\"},\"headline\":\"FILHO MAIS VELHO DE FIDEL CASTRO COMETE SUIC\u00cdDIO\",\"datePublished\":\"2018-02-02T13:01:21+00:00\",\"mainEntityOfPage\":{\"@id\":\"http:\\\/\\\/blogdofarnesio.com.br\\\/?p=187766\"},\"wordCount\":515,\"commentCount\":0,\"publisher\":{\"@id\":\"https:\\\/\\\/blogdofarnesio.com.br\\\/#organization\"},\"image\":{\"@id\":\"http:\\\/\\\/blogdofarnesio.com.br\\\/?p=187766#primaryimage\"},\"thumbnailUrl\":\"https:\\\/\\\/blogdofarnesio.com.br\\\/wp-content\\\/uploads\\\/2018\\\/02\\\/blogqspfidelito.jpg\",\"articleSection\":[\"Pol\u00edtica\"],\"inLanguage\":\"pt-BR\",\"potentialAction\":[{\"@type\":\"CommentAction\",\"name\":\"Comment\",\"target\":[\"http:\\\/\\\/blogdofarnesio.com.br\\\/?p=187766#respond\"]}]},{\"@type\":\"WebPage\",\"@id\":\"http:\\\/\\\/blogdofarnesio.com.br\\\/?p=187766\",\"url\":\"http:\\\/\\\/blogdofarnesio.com.br\\\/?p=187766\",\"name\":\"FILHO MAIS VELHO DE FIDEL CASTRO COMETE SUIC\u00cdDIO - Blog do Farn\u00e9sio\",\"isPartOf\":{\"@id\":\"https:\\\/\\\/blogdofarnesio.com.br\\\/#website\"},\"primaryImageOfPage\":{\"@id\":\"http:\\\/\\\/blogdofarnesio.com.br\\\/?p=187766#primaryimage\"},\"image\":{\"@id\":\"http:\\\/\\\/blogdofarnesio.com.br\\\/?p=187766#primaryimage\"},\"thumbnailUrl\":\"https:\\\/\\\/blogdofarnesio.com.br\\\/wp-content\\\/uploads\\\/2018\\\/02\\\/blogqspfidelito.jpg\",\"datePublished\":\"2018-02-02T13:01:21+00:00\",\"breadcrumb\":{\"@id\":\"http:\\\/\\\/blogdofarnesio.com.br\\\/?p=187766#breadcrumb\"},\"inLanguage\":\"pt-BR\",\"potentialAction\":[{\"@type\":\"ReadAction\",\"target\":[\"http:\\\/\\\/blogdofarnesio.com.br\\\/?p=187766\"]}]},{\"@type\":\"ImageObject\",\"inLanguage\":\"pt-BR\",\"@id\":\"http:\\\/\\\/blogdofarnesio.com.br\\\/?p=187766#primaryimage\",\"url\":\"https:\\\/\\\/blogdofarnesio.com.br\\\/wp-content\\\/uploads\\\/2018\\\/02\\\/blogqspfidelito.jpg\",\"contentUrl\":\"https:\\\/\\\/blogdofarnesio.com.br\\\/wp-content\\\/uploads\\\/2018\\\/02\\\/blogqspfidelito.jpg\",\"width\":728,\"height\":409},{\"@type\":\"BreadcrumbList\",\"@id\":\"http:\\\/\\\/blogdofarnesio.com.br\\\/?p=187766#breadcrumb\",\"itemListElement\":[{\"@type\":\"ListItem\",\"position\":1,\"name\":\"In\u00edcio\",\"item\":\"https:\\\/\\\/blogdofarnesio.com.br\\\/\"},{\"@type\":\"ListItem\",\"position\":2,\"name\":\"FILHO MAIS VELHO DE FIDEL CASTRO COMETE SUIC\u00cdDIO\"}]},{\"@type\":\"WebSite\",\"@id\":\"https:\\\/\\\/blogdofarnesio.com.br\\\/#website\",\"url\":\"https:\\\/\\\/blogdofarnesio.com.br\\\/\",\"name\":\"Blog do Farn\u00e9sio\",\"description\":\"Quer Saber Pol\u00edtica?\",\"publisher\":{\"@id\":\"https:\\\/\\\/blogdofarnesio.com.br\\\/#organization\"},\"potentialAction\":[{\"@type\":\"SearchAction\",\"target\":{\"@type\":\"EntryPoint\",\"urlTemplate\":\"https:\\\/\\\/blogdofarnesio.com.br\\\/?s={search_term_string}\"},\"query-input\":{\"@type\":\"PropertyValueSpecification\",\"valueRequired\":true,\"valueName\":\"search_term_string\"}}],\"inLanguage\":\"pt-BR\"},{\"@type\":\"Organization\",\"@id\":\"https:\\\/\\\/blogdofarnesio.com.br\\\/#organization\",\"name\":\"Blog do Farn\u00e9sio\",\"url\":\"https:\\\/\\\/blogdofarnesio.com.br\\\/\",\"logo\":{\"@type\":\"ImageObject\",\"inLanguage\":\"pt-BR\",\"@id\":\"https:\\\/\\\/blogdofarnesio.com.br\\\/#\\\/schema\\\/logo\\\/image\\\/\",\"url\":\"https:\\\/\\\/blogdofarnesio.com.br\\\/wp-content\\\/uploads\\\/2026\\\/03\\\/cropped-logo_new-1.png\",\"contentUrl\":\"https:\\\/\\\/blogdofarnesio.com.br\\\/wp-content\\\/uploads\\\/2026\\\/03\\\/cropped-logo_new-1.png\",\"width\":881,\"height\":685,\"caption\":\"Blog do Farn\u00e9sio\"},\"image\":{\"@id\":\"https:\\\/\\\/blogdofarnesio.com.br\\\/#\\\/schema\\\/logo\\\/image\\\/\"},\"sameAs\":[\"https:\\\/\\\/www.facebook.com\\\/BlogQuerSaberPolitica\\\/\"]},{\"@type\":\"Person\",\"@id\":\"https:\\\/\\\/blogdofarnesio.com.br\\\/#\\\/schema\\\/person\\\/301c4acf522bccbfdb45af95b5b906a1\",\"name\":\"Farn\u00e9sio\",\"image\":{\"@type\":\"ImageObject\",\"inLanguage\":\"pt-BR\",\"@id\":\"https:\\\/\\\/secure.gravatar.com\\\/avatar\\\/df0c9a14567c056f8ad6876ba5bbd1e3e2c48023eb6807342fc4663adf549f38?s=96&d=mm&r=g\",\"url\":\"https:\\\/\\\/secure.gravatar.com\\\/avatar\\\/df0c9a14567c056f8ad6876ba5bbd1e3e2c48023eb6807342fc4663adf549f38?s=96&d=mm&r=g\",\"contentUrl\":\"https:\\\/\\\/secure.gravatar.com\\\/avatar\\\/df0c9a14567c056f8ad6876ba5bbd1e3e2c48023eb6807342fc4663adf549f38?s=96&d=mm&r=g\",\"caption\":\"Farn\u00e9sio\"},\"sameAs\":[\"https:\\\/\\\/quersaberpolitica.com.br\"],\"url\":\"https:\\\/\\\/blogdofarnesio.com.br\\\/?author=1\"}]}<\/script>\n<!-- \/ Yoast SEO plugin. -->","yoast_head_json":{"title":"FILHO MAIS VELHO DE FIDEL CASTRO COMETE SUIC\u00cdDIO - Blog do Farn\u00e9sio","robots":{"index":"index","follow":"follow","max-snippet":"max-snippet:-1","max-image-preview":"max-image-preview:large","max-video-preview":"max-video-preview:-1"},"canonical":"http:\/\/blogdofarnesio.com.br\/?p=187766","og_locale":"pt_BR","og_type":"article","og_title":"FILHO MAIS VELHO DE FIDEL CASTRO COMETE SUIC\u00cdDIO - Blog do Farn\u00e9sio","og_description":"AFP Fidel Castro D\u00edaz-Balart, o &#8220;Fidelito&#8221;, filho mais velho do falecido presidente cubano Fidel Castro, se matou na quinta-feira aos 68 anos, depois de sofrer de depress\u00e3o. A morte comoveu o pa\u00eds, onde era muito conhecido, apesar de nunca ter ocupado cargos pol\u00edticos. &#8220;O doutor em Ci\u00eancias Fidel Castro D\u00edaz-Balart, que vinha sendo atendido por um grupo de m\u00e9dicos h\u00e1 v\u00e1rios meses por um estado depressivo profundo, atentou contra sua vida na manh\u00e3 de hoje, primeiro de fevereiro&#8221;, comunicou o jornal oficial Granma. Muitos lembram dele ainda menino, vestido com o uniforme verde oliva, quando entrou em Havana ao lado de seu pai em 8 de janeiro de 1959 como parte da Caravana da Vit\u00f3ria, que levou Fidel do leste&hellip;","og_url":"http:\/\/blogdofarnesio.com.br\/?p=187766","og_site_name":"Blog do Farn\u00e9sio","article_publisher":"https:\/\/www.facebook.com\/BlogQuerSaberPolitica\/","article_published_time":"2018-02-02T13:01:21+00:00","og_image":[{"width":728,"height":409,"url":"http:\/\/blogdofarnesio.com.br\/wp-content\/uploads\/2018\/02\/blogqspfidelito.jpg","type":"image\/jpeg"}],"author":"Farn\u00e9sio","twitter_card":"summary_large_image","twitter_misc":{"Escrito por":"Farn\u00e9sio","Est. tempo de leitura":"3 minutos"},"schema":{"@context":"https:\/\/schema.org","@graph":[{"@type":"Article","@id":"http:\/\/blogdofarnesio.com.br\/?p=187766#article","isPartOf":{"@id":"http:\/\/blogdofarnesio.com.br\/?p=187766"},"author":{"name":"Farn\u00e9sio","@id":"https:\/\/blogdofarnesio.com.br\/#\/schema\/person\/301c4acf522bccbfdb45af95b5b906a1"},"headline":"FILHO MAIS VELHO DE FIDEL CASTRO COMETE SUIC\u00cdDIO","datePublished":"2018-02-02T13:01:21+00:00","mainEntityOfPage":{"@id":"http:\/\/blogdofarnesio.com.br\/?p=187766"},"wordCount":515,"commentCount":0,"publisher":{"@id":"https:\/\/blogdofarnesio.com.br\/#organization"},"image":{"@id":"http:\/\/blogdofarnesio.com.br\/?p=187766#primaryimage"},"thumbnailUrl":"https:\/\/blogdofarnesio.com.br\/wp-content\/uploads\/2018\/02\/blogqspfidelito.jpg","articleSection":["Pol\u00edtica"],"inLanguage":"pt-BR","potentialAction":[{"@type":"CommentAction","name":"Comment","target":["http:\/\/blogdofarnesio.com.br\/?p=187766#respond"]}]},{"@type":"WebPage","@id":"http:\/\/blogdofarnesio.com.br\/?p=187766","url":"http:\/\/blogdofarnesio.com.br\/?p=187766","name":"FILHO MAIS VELHO DE FIDEL CASTRO COMETE SUIC\u00cdDIO - Blog do Farn\u00e9sio","isPartOf":{"@id":"https:\/\/blogdofarnesio.com.br\/#website"},"primaryImageOfPage":{"@id":"http:\/\/blogdofarnesio.com.br\/?p=187766#primaryimage"},"image":{"@id":"http:\/\/blogdofarnesio.com.br\/?p=187766#primaryimage"},"thumbnailUrl":"https:\/\/blogdofarnesio.com.br\/wp-content\/uploads\/2018\/02\/blogqspfidelito.jpg","datePublished":"2018-02-02T13:01:21+00:00","breadcrumb":{"@id":"http:\/\/blogdofarnesio.com.br\/?p=187766#breadcrumb"},"inLanguage":"pt-BR","potentialAction":[{"@type":"ReadAction","target":["http:\/\/blogdofarnesio.com.br\/?p=187766"]}]},{"@type":"ImageObject","inLanguage":"pt-BR","@id":"http:\/\/blogdofarnesio.com.br\/?p=187766#primaryimage","url":"https:\/\/blogdofarnesio.com.br\/wp-content\/uploads\/2018\/02\/blogqspfidelito.jpg","contentUrl":"https:\/\/blogdofarnesio.com.br\/wp-content\/uploads\/2018\/02\/blogqspfidelito.jpg","width":728,"height":409},{"@type":"BreadcrumbList","@id":"http:\/\/blogdofarnesio.com.br\/?p=187766#breadcrumb","itemListElement":[{"@type":"ListItem","position":1,"name":"In\u00edcio","item":"https:\/\/blogdofarnesio.com.br\/"},{"@type":"ListItem","position":2,"name":"FILHO MAIS VELHO DE FIDEL CASTRO COMETE SUIC\u00cdDIO"}]},{"@type":"WebSite","@id":"https:\/\/blogdofarnesio.com.br\/#website","url":"https:\/\/blogdofarnesio.com.br\/","name":"Blog do Farn\u00e9sio","description":"Quer Saber Pol\u00edtica?","publisher":{"@id":"https:\/\/blogdofarnesio.com.br\/#organization"},"potentialAction":[{"@type":"SearchAction","target":{"@type":"EntryPoint","urlTemplate":"https:\/\/blogdofarnesio.com.br\/?s={search_term_string}"},"query-input":{"@type":"PropertyValueSpecification","valueRequired":true,"valueName":"search_term_string"}}],"inLanguage":"pt-BR"},{"@type":"Organization","@id":"https:\/\/blogdofarnesio.com.br\/#organization","name":"Blog do Farn\u00e9sio","url":"https:\/\/blogdofarnesio.com.br\/","logo":{"@type":"ImageObject","inLanguage":"pt-BR","@id":"https:\/\/blogdofarnesio.com.br\/#\/schema\/logo\/image\/","url":"https:\/\/blogdofarnesio.com.br\/wp-content\/uploads\/2026\/03\/cropped-logo_new-1.png","contentUrl":"https:\/\/blogdofarnesio.com.br\/wp-content\/uploads\/2026\/03\/cropped-logo_new-1.png","width":881,"height":685,"caption":"Blog do Farn\u00e9sio"},"image":{"@id":"https:\/\/blogdofarnesio.com.br\/#\/schema\/logo\/image\/"},"sameAs":["https:\/\/www.facebook.com\/BlogQuerSaberPolitica\/"]},{"@type":"Person","@id":"https:\/\/blogdofarnesio.com.br\/#\/schema\/person\/301c4acf522bccbfdb45af95b5b906a1","name":"Farn\u00e9sio","image":{"@type":"ImageObject","inLanguage":"pt-BR","@id":"https:\/\/secure.gravatar.com\/avatar\/df0c9a14567c056f8ad6876ba5bbd1e3e2c48023eb6807342fc4663adf549f38?s=96&d=mm&r=g","url":"https:\/\/secure.gravatar.com\/avatar\/df0c9a14567c056f8ad6876ba5bbd1e3e2c48023eb6807342fc4663adf549f38?s=96&d=mm&r=g","contentUrl":"https:\/\/secure.gravatar.com\/avatar\/df0c9a14567c056f8ad6876ba5bbd1e3e2c48023eb6807342fc4663adf549f38?s=96&d=mm&r=g","caption":"Farn\u00e9sio"},"sameAs":["https:\/\/quersaberpolitica.com.br"],"url":"https:\/\/blogdofarnesio.com.br\/?author=1"}]}},"_links":{"self":[{"href":"https:\/\/blogdofarnesio.com.br\/index.php?rest_route=\/wp\/v2\/posts\/187766","targetHints":{"allow":["GET"]}}],"collection":[{"href":"https:\/\/blogdofarnesio.com.br\/index.php?rest_route=\/wp\/v2\/posts"}],"about":[{"href":"https:\/\/blogdofarnesio.com.br\/index.php?rest_route=\/wp\/v2\/types\/post"}],"author":[{"embeddable":true,"href":"https:\/\/blogdofarnesio.com.br\/index.php?rest_route=\/wp\/v2\/users\/1"}],"replies":[{"embeddable":true,"href":"https:\/\/blogdofarnesio.com.br\/index.php?rest_route=%2Fwp%2Fv2%2Fcomments&post=187766"}],"version-history":[{"count":0,"href":"https:\/\/blogdofarnesio.com.br\/index.php?rest_route=\/wp\/v2\/posts\/187766\/revisions"}],"wp:featuredmedia":[{"embeddable":true,"href":"https:\/\/blogdofarnesio.com.br\/index.php?rest_route=\/wp\/v2\/media\/187767"}],"wp:attachment":[{"href":"https:\/\/blogdofarnesio.com.br\/index.php?rest_route=%2Fwp%2Fv2%2Fmedia&parent=187766"}],"wp:term":[{"taxonomy":"category","embeddable":true,"href":"https:\/\/blogdofarnesio.com.br\/index.php?rest_route=%2Fwp%2Fv2%2Fcategories&post=187766"},{"taxonomy":"post_tag","embeddable":true,"href":"https:\/\/blogdofarnesio.com.br\/index.php?rest_route=%2Fwp%2Fv2%2Ftags&post=187766"}],"curies":[{"name":"wp","href":"https:\/\/api.w.org\/{rel}","templated":true}]}}