{"id":186643,"date":"2018-01-19T11:30:50","date_gmt":"2018-01-19T14:30:50","guid":{"rendered":"http:\/\/quersaberpolitica.com.br\/2016\/?p=186643"},"modified":"2018-01-19T09:37:11","modified_gmt":"2018-01-19T12:37:11","slug":"lula-diz-a-jornalistas-estrangeiros-que-eleicao-sem-ele-seria-uma-fraude","status":"publish","type":"post","link":"https:\/\/blogdofarnesio.com.br\/?p=186643","title":{"rendered":"LULA DIZ A JORNALISTAS ESTRANGEIROS QUE ELEI\u00c7\u00c3O SEM ELE SERIA UMA &#8216;FRAUDE&#8217;"},"content":{"rendered":"<p style=\"text-align: justify;\">A menos de uma semana de ser julgado por tr\u00eas desembargadores do Tribunal Regional Federal da 4\u00aa Regi\u00e3o (TRF-4), em Porto Alegre, o ex-presidente Luiz In\u00e1cio Lula da Silva (PT) afirmou a jornalistas estrangeiros que uma eventual impugna\u00e7\u00e3o de sua candidatura \u00e0 Presid\u00eancia da Rep\u00fablica, consequ\u00eancia prov\u00e1vel de uma condena\u00e7\u00e3o, seria uma &#8220;fraude&#8221;. Al\u00e9m disso, o petista declarou que vai continuar &#8220;brigando&#8221; at\u00e9 o final para concorrer no pleito de outubro.<\/p>\n<p style=\"text-align: justify;\">&#8220;Na minha vida eu n\u00e3o conhe\u00e7o a palavra desistir e n\u00e3o fa\u00e7o uso dela&#8221;, disse Lula nesta quinta-feira, 18, a representantes dos jornais El Pa\u00eds, The New York Times, The Guardian, La Naci\u00f3n, Die Zeit e Liber\u00e1tion. A entrevista est\u00e1 estampada na capa do jornal El Pa\u00eds, da Espanha, desta sexta-feira (19). &#8220;Se o Lula for proibido de ser candidato por uma decis\u00e3o pol\u00edtica do judici\u00e1rio, obviamente est\u00e1 se montando uma fraude&#8221;, disse o ex-presidente, referindo-se a ele pr\u00f3prio.\u00a0Em discurso na capital paulista ap\u00f3s ter dado a entrevista, Lula refor\u00e7ou o discurso. &#8220;Quero que o PT me indique \u00e0 Presid\u00eancia. Se n\u00e3o for como candidato, serei como cabo eleitoral. Se o PT quiser, estarei como candidato \u00e0 Presid\u00eancia, aconte\u00e7a o que acontecer&#8221;, disse.\u00a0Na conversa com os jornalistas estrangeiros, feita na sede do Instituto Lula, em S\u00e3o Paulo, o petista voltou a se declarar inocente da condena\u00e7\u00e3o do juiz S\u00e9rgio Moro, em primeira inst\u00e2ncia na Opera\u00e7\u00e3o Lava Jato, ap\u00f3s ter sido acusado de corrup\u00e7\u00e3o passiva e lavagem de dinheiro no caso do triplex do Guaruj\u00e1 (SP). &#8220;A aceita\u00e7\u00e3o (da den\u00fancia) tal como ela foi me faz supor que estamos diante de um processo mais pol\u00edtico do que jur\u00eddico.&#8221;\u00a0&#8220;Eu n\u00e3o posso julgar o que vai decidir o tribunal porque eu n\u00e3o conhe\u00e7o nenhum juiz. A \u00fanica coisa que eu espero \u00e9 que eles tenham lido o processo e com base nisso eles decidam respeitando o C\u00f3digo Penal e a Constitui\u00e7\u00e3o&#8221;, disse Lula sobre o julgamento do dia 24.\u00a0Lula declarou que vai continuar na corrida presidencial mesmo com a senten\u00e7a desfavor\u00e1vel na pr\u00f3xima semana, usando os recursos dispon\u00edveis nos processos. &#8220;Vou continuar lutando porque eu quero viver at\u00e9 os 120 anos&#8230; para estar forte, para estar bem de sa\u00fade, para estar de bom humor&#8230; O dia 24 para mim n\u00e3o \u00e9 o dia D, \u00e9 o dia 24, \u00e9 um julgamento. Eu tenho mais nove ou dez processos.&#8221;\u00a0Na entrevista, o ex-presidente admitiu que o PT poder\u00e1 fazer, nas elei\u00e7\u00f5es deste ano, alian\u00e7as com partidos que apoiaram o impeachment da ex-presidente Dilma Rousseff, estrat\u00e9gia recha\u00e7ada por setores mais radicais da legenda. &#8220;N\u00f3s tentamos fazer as alian\u00e7as pol\u00edticas com partidos que n\u00e3o votaram no impeachment. Mas o partido tamb\u00e9m saber\u00e1 se curvar em fun\u00e7\u00e3o da realidade regional&#8221;, reconheceu, citando a alian\u00e7a do PT com o PMDB em Minas Gerais, governada pelo petista Fernando Pimentel. &#8220;N\u00e3o \u00e9 quest\u00e3o de princ\u00edpio, \u00e9 de conjuntura pol\u00edtica. Vamos construir, caso a caso, uma alian\u00e7a pol\u00edtica, porque n\u00e3o queremos apenas ganhar, queremos governar&#8221;, afirmou.<\/p>\n","protected":false},"excerpt":{"rendered":"<p>A menos de uma semana de ser julgado por tr\u00eas desembargadores do Tribunal Regional Federal da 4\u00aa Regi\u00e3o (TRF-4), em Porto Alegre, o ex-presidente Luiz In\u00e1cio Lula da Silva (PT) afirmou a jornalistas estrangeiros que uma eventual impugna\u00e7\u00e3o de sua candidatura \u00e0 Presid\u00eancia da Rep\u00fablica, consequ\u00eancia prov\u00e1vel de uma condena\u00e7\u00e3o, seria uma &#8220;fraude&#8221;. Al\u00e9m disso, o petista declarou que vai continuar &#8220;brigando&#8221; at\u00e9 o final para concorrer no pleito de outubro. &#8220;Na minha vida eu n\u00e3o conhe\u00e7o a palavra desistir e n\u00e3o fa\u00e7o uso dela&#8221;, disse Lula nesta quinta-feira, 18, a representantes dos jornais El Pa\u00eds, The New York Times, The Guardian, La Naci\u00f3n, Die Zeit e Liber\u00e1tion. A entrevista est\u00e1 estampada na capa do jornal El Pa\u00eds, da Espanha,&hellip; <\/p>\n","protected":false},"author":1,"featured_media":166467,"comment_status":"open","ping_status":"closed","sticky":false,"template":"","format":"standard","meta":{"_acf_changed":false,"footnotes":""},"categories":[1],"tags":[],"class_list":["post-186643","post","type-post","status-publish","format-standard","has-post-thumbnail","hentry","category-politica"],"acf":[],"yoast_head":"<!-- This site is optimized with the Yoast SEO plugin v27.4 - https:\/\/yoast.com\/product\/yoast-seo-wordpress\/ -->\n<title>LULA DIZ A JORNALISTAS ESTRANGEIROS QUE ELEI\u00c7\u00c3O SEM ELE SERIA UMA &#039;FRAUDE&#039; - Blog do Farn\u00e9sio<\/title>\n<meta name=\"robots\" content=\"index, follow, max-snippet:-1, max-image-preview:large, max-video-preview:-1\" \/>\n<link rel=\"canonical\" href=\"https:\/\/blogdofarnesio.com.br\/?p=186643\" \/>\n<meta property=\"og:locale\" content=\"pt_BR\" \/>\n<meta property=\"og:type\" content=\"article\" \/>\n<meta property=\"og:title\" content=\"LULA DIZ A JORNALISTAS ESTRANGEIROS QUE ELEI\u00c7\u00c3O SEM ELE SERIA UMA &#039;FRAUDE&#039; - Blog do Farn\u00e9sio\" \/>\n<meta property=\"og:description\" content=\"A menos de uma semana de ser julgado por tr\u00eas desembargadores do Tribunal Regional Federal da 4\u00aa Regi\u00e3o (TRF-4), em Porto Alegre, o ex-presidente Luiz In\u00e1cio Lula da Silva (PT) afirmou a jornalistas estrangeiros que uma eventual impugna\u00e7\u00e3o de sua candidatura \u00e0 Presid\u00eancia da Rep\u00fablica, consequ\u00eancia prov\u00e1vel de uma condena\u00e7\u00e3o, seria uma &#8220;fraude&#8221;. Al\u00e9m disso, o petista declarou que vai continuar &#8220;brigando&#8221; at\u00e9 o final para concorrer no pleito de outubro. &#8220;Na minha vida eu n\u00e3o conhe\u00e7o a palavra desistir e n\u00e3o fa\u00e7o uso dela&#8221;, disse Lula nesta quinta-feira, 18, a representantes dos jornais El Pa\u00eds, The New York Times, The Guardian, La Naci\u00f3n, Die Zeit e Liber\u00e1tion. A entrevista est\u00e1 estampada na capa do jornal El Pa\u00eds, da Espanha,&hellip;\" \/>\n<meta property=\"og:url\" content=\"https:\/\/blogdofarnesio.com.br\/?p=186643\" \/>\n<meta property=\"og:site_name\" content=\"Blog do Farn\u00e9sio\" \/>\n<meta property=\"article:publisher\" content=\"https:\/\/www.facebook.com\/BlogQuerSaberPolitica\/\" \/>\n<meta property=\"article:published_time\" content=\"2018-01-19T14:30:50+00:00\" \/>\n<meta property=\"og:image\" content=\"https:\/\/blogdofarnesio.com.br\/wp-content\/uploads\/2017\/05\/blogqsplula.jpg\" \/>\n\t<meta property=\"og:image:width\" content=\"640\" \/>\n\t<meta property=\"og:image:height\" content=\"274\" \/>\n\t<meta property=\"og:image:type\" content=\"image\/jpeg\" \/>\n<meta name=\"author\" content=\"Farn\u00e9sio\" \/>\n<meta name=\"twitter:card\" content=\"summary_large_image\" \/>\n<meta name=\"twitter:label1\" content=\"Escrito por\" \/>\n\t<meta name=\"twitter:data1\" content=\"Farn\u00e9sio\" \/>\n\t<meta name=\"twitter:label2\" content=\"Est. tempo de leitura\" \/>\n\t<meta name=\"twitter:data2\" content=\"3 minutos\" \/>\n<script type=\"application\/ld+json\" class=\"yoast-schema-graph\">{\"@context\":\"https:\\\/\\\/schema.org\",\"@graph\":[{\"@type\":\"Article\",\"@id\":\"https:\\\/\\\/blogdofarnesio.com.br\\\/?p=186643#article\",\"isPartOf\":{\"@id\":\"https:\\\/\\\/blogdofarnesio.com.br\\\/?p=186643\"},\"author\":{\"name\":\"Farn\u00e9sio\",\"@id\":\"https:\\\/\\\/blogdofarnesio.com.br\\\/#\\\/schema\\\/person\\\/301c4acf522bccbfdb45af95b5b906a1\"},\"headline\":\"LULA DIZ A JORNALISTAS ESTRANGEIROS QUE ELEI\u00c7\u00c3O SEM ELE SERIA UMA &#8216;FRAUDE&#8217;\",\"datePublished\":\"2018-01-19T14:30:50+00:00\",\"mainEntityOfPage\":{\"@id\":\"https:\\\/\\\/blogdofarnesio.com.br\\\/?p=186643\"},\"wordCount\":555,\"commentCount\":0,\"publisher\":{\"@id\":\"https:\\\/\\\/blogdofarnesio.com.br\\\/#organization\"},\"image\":{\"@id\":\"https:\\\/\\\/blogdofarnesio.com.br\\\/?p=186643#primaryimage\"},\"thumbnailUrl\":\"https:\\\/\\\/blogdofarnesio.com.br\\\/wp-content\\\/uploads\\\/2017\\\/05\\\/blogqsplula.jpg\",\"articleSection\":[\"Pol\u00edtica\"],\"inLanguage\":\"pt-BR\",\"potentialAction\":[{\"@type\":\"CommentAction\",\"name\":\"Comment\",\"target\":[\"https:\\\/\\\/blogdofarnesio.com.br\\\/?p=186643#respond\"]}]},{\"@type\":\"WebPage\",\"@id\":\"https:\\\/\\\/blogdofarnesio.com.br\\\/?p=186643\",\"url\":\"https:\\\/\\\/blogdofarnesio.com.br\\\/?p=186643\",\"name\":\"LULA DIZ A JORNALISTAS ESTRANGEIROS QUE ELEI\u00c7\u00c3O SEM ELE SERIA UMA 'FRAUDE' - Blog do Farn\u00e9sio\",\"isPartOf\":{\"@id\":\"https:\\\/\\\/blogdofarnesio.com.br\\\/#website\"},\"primaryImageOfPage\":{\"@id\":\"https:\\\/\\\/blogdofarnesio.com.br\\\/?p=186643#primaryimage\"},\"image\":{\"@id\":\"https:\\\/\\\/blogdofarnesio.com.br\\\/?p=186643#primaryimage\"},\"thumbnailUrl\":\"https:\\\/\\\/blogdofarnesio.com.br\\\/wp-content\\\/uploads\\\/2017\\\/05\\\/blogqsplula.jpg\",\"datePublished\":\"2018-01-19T14:30:50+00:00\",\"breadcrumb\":{\"@id\":\"https:\\\/\\\/blogdofarnesio.com.br\\\/?p=186643#breadcrumb\"},\"inLanguage\":\"pt-BR\",\"potentialAction\":[{\"@type\":\"ReadAction\",\"target\":[\"https:\\\/\\\/blogdofarnesio.com.br\\\/?p=186643\"]}]},{\"@type\":\"ImageObject\",\"inLanguage\":\"pt-BR\",\"@id\":\"https:\\\/\\\/blogdofarnesio.com.br\\\/?p=186643#primaryimage\",\"url\":\"https:\\\/\\\/blogdofarnesio.com.br\\\/wp-content\\\/uploads\\\/2017\\\/05\\\/blogqsplula.jpg\",\"contentUrl\":\"https:\\\/\\\/blogdofarnesio.com.br\\\/wp-content\\\/uploads\\\/2017\\\/05\\\/blogqsplula.jpg\",\"width\":640,\"height\":274},{\"@type\":\"BreadcrumbList\",\"@id\":\"https:\\\/\\\/blogdofarnesio.com.br\\\/?p=186643#breadcrumb\",\"itemListElement\":[{\"@type\":\"ListItem\",\"position\":1,\"name\":\"In\u00edcio\",\"item\":\"https:\\\/\\\/blogdofarnesio.com.br\\\/\"},{\"@type\":\"ListItem\",\"position\":2,\"name\":\"LULA DIZ A JORNALISTAS ESTRANGEIROS QUE ELEI\u00c7\u00c3O SEM ELE SERIA UMA &#8216;FRAUDE&#8217;\"}]},{\"@type\":\"WebSite\",\"@id\":\"https:\\\/\\\/blogdofarnesio.com.br\\\/#website\",\"url\":\"https:\\\/\\\/blogdofarnesio.com.br\\\/\",\"name\":\"Blog do Farn\u00e9sio\",\"description\":\"Quer Saber Pol\u00edtica?\",\"publisher\":{\"@id\":\"https:\\\/\\\/blogdofarnesio.com.br\\\/#organization\"},\"potentialAction\":[{\"@type\":\"SearchAction\",\"target\":{\"@type\":\"EntryPoint\",\"urlTemplate\":\"https:\\\/\\\/blogdofarnesio.com.br\\\/?s={search_term_string}\"},\"query-input\":{\"@type\":\"PropertyValueSpecification\",\"valueRequired\":true,\"valueName\":\"search_term_string\"}}],\"inLanguage\":\"pt-BR\"},{\"@type\":\"Organization\",\"@id\":\"https:\\\/\\\/blogdofarnesio.com.br\\\/#organization\",\"name\":\"Blog do Farn\u00e9sio\",\"url\":\"https:\\\/\\\/blogdofarnesio.com.br\\\/\",\"logo\":{\"@type\":\"ImageObject\",\"inLanguage\":\"pt-BR\",\"@id\":\"https:\\\/\\\/blogdofarnesio.com.br\\\/#\\\/schema\\\/logo\\\/image\\\/\",\"url\":\"https:\\\/\\\/blogdofarnesio.com.br\\\/wp-content\\\/uploads\\\/2026\\\/03\\\/cropped-logo_new-1.png\",\"contentUrl\":\"https:\\\/\\\/blogdofarnesio.com.br\\\/wp-content\\\/uploads\\\/2026\\\/03\\\/cropped-logo_new-1.png\",\"width\":881,\"height\":685,\"caption\":\"Blog do Farn\u00e9sio\"},\"image\":{\"@id\":\"https:\\\/\\\/blogdofarnesio.com.br\\\/#\\\/schema\\\/logo\\\/image\\\/\"},\"sameAs\":[\"https:\\\/\\\/www.facebook.com\\\/BlogQuerSaberPolitica\\\/\"]},{\"@type\":\"Person\",\"@id\":\"https:\\\/\\\/blogdofarnesio.com.br\\\/#\\\/schema\\\/person\\\/301c4acf522bccbfdb45af95b5b906a1\",\"name\":\"Farn\u00e9sio\",\"image\":{\"@type\":\"ImageObject\",\"inLanguage\":\"pt-BR\",\"@id\":\"https:\\\/\\\/secure.gravatar.com\\\/avatar\\\/df0c9a14567c056f8ad6876ba5bbd1e3e2c48023eb6807342fc4663adf549f38?s=96&d=mm&r=g\",\"url\":\"https:\\\/\\\/secure.gravatar.com\\\/avatar\\\/df0c9a14567c056f8ad6876ba5bbd1e3e2c48023eb6807342fc4663adf549f38?s=96&d=mm&r=g\",\"contentUrl\":\"https:\\\/\\\/secure.gravatar.com\\\/avatar\\\/df0c9a14567c056f8ad6876ba5bbd1e3e2c48023eb6807342fc4663adf549f38?s=96&d=mm&r=g\",\"caption\":\"Farn\u00e9sio\"},\"sameAs\":[\"https:\\\/\\\/quersaberpolitica.com.br\"],\"url\":\"https:\\\/\\\/blogdofarnesio.com.br\\\/?author=1\"}]}<\/script>\n<!-- \/ Yoast SEO plugin. -->","yoast_head_json":{"title":"LULA DIZ A JORNALISTAS ESTRANGEIROS QUE ELEI\u00c7\u00c3O SEM ELE SERIA UMA 'FRAUDE' - Blog do Farn\u00e9sio","robots":{"index":"index","follow":"follow","max-snippet":"max-snippet:-1","max-image-preview":"max-image-preview:large","max-video-preview":"max-video-preview:-1"},"canonical":"https:\/\/blogdofarnesio.com.br\/?p=186643","og_locale":"pt_BR","og_type":"article","og_title":"LULA DIZ A JORNALISTAS ESTRANGEIROS QUE ELEI\u00c7\u00c3O SEM ELE SERIA UMA 'FRAUDE' - Blog do Farn\u00e9sio","og_description":"A menos de uma semana de ser julgado por tr\u00eas desembargadores do Tribunal Regional Federal da 4\u00aa Regi\u00e3o (TRF-4), em Porto Alegre, o ex-presidente Luiz In\u00e1cio Lula da Silva (PT) afirmou a jornalistas estrangeiros que uma eventual impugna\u00e7\u00e3o de sua candidatura \u00e0 Presid\u00eancia da Rep\u00fablica, consequ\u00eancia prov\u00e1vel de uma condena\u00e7\u00e3o, seria uma &#8220;fraude&#8221;. Al\u00e9m disso, o petista declarou que vai continuar &#8220;brigando&#8221; at\u00e9 o final para concorrer no pleito de outubro. &#8220;Na minha vida eu n\u00e3o conhe\u00e7o a palavra desistir e n\u00e3o fa\u00e7o uso dela&#8221;, disse Lula nesta quinta-feira, 18, a representantes dos jornais El Pa\u00eds, The New York Times, The Guardian, La Naci\u00f3n, Die Zeit e Liber\u00e1tion. A entrevista est\u00e1 estampada na capa do jornal El Pa\u00eds, da Espanha,&hellip;","og_url":"https:\/\/blogdofarnesio.com.br\/?p=186643","og_site_name":"Blog do Farn\u00e9sio","article_publisher":"https:\/\/www.facebook.com\/BlogQuerSaberPolitica\/","article_published_time":"2018-01-19T14:30:50+00:00","og_image":[{"width":640,"height":274,"url":"https:\/\/blogdofarnesio.com.br\/wp-content\/uploads\/2017\/05\/blogqsplula.jpg","type":"image\/jpeg"}],"author":"Farn\u00e9sio","twitter_card":"summary_large_image","twitter_misc":{"Escrito por":"Farn\u00e9sio","Est. tempo de leitura":"3 minutos"},"schema":{"@context":"https:\/\/schema.org","@graph":[{"@type":"Article","@id":"https:\/\/blogdofarnesio.com.br\/?p=186643#article","isPartOf":{"@id":"https:\/\/blogdofarnesio.com.br\/?p=186643"},"author":{"name":"Farn\u00e9sio","@id":"https:\/\/blogdofarnesio.com.br\/#\/schema\/person\/301c4acf522bccbfdb45af95b5b906a1"},"headline":"LULA DIZ A JORNALISTAS ESTRANGEIROS QUE ELEI\u00c7\u00c3O SEM ELE SERIA UMA &#8216;FRAUDE&#8217;","datePublished":"2018-01-19T14:30:50+00:00","mainEntityOfPage":{"@id":"https:\/\/blogdofarnesio.com.br\/?p=186643"},"wordCount":555,"commentCount":0,"publisher":{"@id":"https:\/\/blogdofarnesio.com.br\/#organization"},"image":{"@id":"https:\/\/blogdofarnesio.com.br\/?p=186643#primaryimage"},"thumbnailUrl":"https:\/\/blogdofarnesio.com.br\/wp-content\/uploads\/2017\/05\/blogqsplula.jpg","articleSection":["Pol\u00edtica"],"inLanguage":"pt-BR","potentialAction":[{"@type":"CommentAction","name":"Comment","target":["https:\/\/blogdofarnesio.com.br\/?p=186643#respond"]}]},{"@type":"WebPage","@id":"https:\/\/blogdofarnesio.com.br\/?p=186643","url":"https:\/\/blogdofarnesio.com.br\/?p=186643","name":"LULA DIZ A JORNALISTAS ESTRANGEIROS QUE ELEI\u00c7\u00c3O SEM ELE SERIA UMA 'FRAUDE' - Blog do Farn\u00e9sio","isPartOf":{"@id":"https:\/\/blogdofarnesio.com.br\/#website"},"primaryImageOfPage":{"@id":"https:\/\/blogdofarnesio.com.br\/?p=186643#primaryimage"},"image":{"@id":"https:\/\/blogdofarnesio.com.br\/?p=186643#primaryimage"},"thumbnailUrl":"https:\/\/blogdofarnesio.com.br\/wp-content\/uploads\/2017\/05\/blogqsplula.jpg","datePublished":"2018-01-19T14:30:50+00:00","breadcrumb":{"@id":"https:\/\/blogdofarnesio.com.br\/?p=186643#breadcrumb"},"inLanguage":"pt-BR","potentialAction":[{"@type":"ReadAction","target":["https:\/\/blogdofarnesio.com.br\/?p=186643"]}]},{"@type":"ImageObject","inLanguage":"pt-BR","@id":"https:\/\/blogdofarnesio.com.br\/?p=186643#primaryimage","url":"https:\/\/blogdofarnesio.com.br\/wp-content\/uploads\/2017\/05\/blogqsplula.jpg","contentUrl":"https:\/\/blogdofarnesio.com.br\/wp-content\/uploads\/2017\/05\/blogqsplula.jpg","width":640,"height":274},{"@type":"BreadcrumbList","@id":"https:\/\/blogdofarnesio.com.br\/?p=186643#breadcrumb","itemListElement":[{"@type":"ListItem","position":1,"name":"In\u00edcio","item":"https:\/\/blogdofarnesio.com.br\/"},{"@type":"ListItem","position":2,"name":"LULA DIZ A JORNALISTAS ESTRANGEIROS QUE ELEI\u00c7\u00c3O SEM ELE SERIA UMA &#8216;FRAUDE&#8217;"}]},{"@type":"WebSite","@id":"https:\/\/blogdofarnesio.com.br\/#website","url":"https:\/\/blogdofarnesio.com.br\/","name":"Blog do Farn\u00e9sio","description":"Quer Saber Pol\u00edtica?","publisher":{"@id":"https:\/\/blogdofarnesio.com.br\/#organization"},"potentialAction":[{"@type":"SearchAction","target":{"@type":"EntryPoint","urlTemplate":"https:\/\/blogdofarnesio.com.br\/?s={search_term_string}"},"query-input":{"@type":"PropertyValueSpecification","valueRequired":true,"valueName":"search_term_string"}}],"inLanguage":"pt-BR"},{"@type":"Organization","@id":"https:\/\/blogdofarnesio.com.br\/#organization","name":"Blog do Farn\u00e9sio","url":"https:\/\/blogdofarnesio.com.br\/","logo":{"@type":"ImageObject","inLanguage":"pt-BR","@id":"https:\/\/blogdofarnesio.com.br\/#\/schema\/logo\/image\/","url":"https:\/\/blogdofarnesio.com.br\/wp-content\/uploads\/2026\/03\/cropped-logo_new-1.png","contentUrl":"https:\/\/blogdofarnesio.com.br\/wp-content\/uploads\/2026\/03\/cropped-logo_new-1.png","width":881,"height":685,"caption":"Blog do Farn\u00e9sio"},"image":{"@id":"https:\/\/blogdofarnesio.com.br\/#\/schema\/logo\/image\/"},"sameAs":["https:\/\/www.facebook.com\/BlogQuerSaberPolitica\/"]},{"@type":"Person","@id":"https:\/\/blogdofarnesio.com.br\/#\/schema\/person\/301c4acf522bccbfdb45af95b5b906a1","name":"Farn\u00e9sio","image":{"@type":"ImageObject","inLanguage":"pt-BR","@id":"https:\/\/secure.gravatar.com\/avatar\/df0c9a14567c056f8ad6876ba5bbd1e3e2c48023eb6807342fc4663adf549f38?s=96&d=mm&r=g","url":"https:\/\/secure.gravatar.com\/avatar\/df0c9a14567c056f8ad6876ba5bbd1e3e2c48023eb6807342fc4663adf549f38?s=96&d=mm&r=g","contentUrl":"https:\/\/secure.gravatar.com\/avatar\/df0c9a14567c056f8ad6876ba5bbd1e3e2c48023eb6807342fc4663adf549f38?s=96&d=mm&r=g","caption":"Farn\u00e9sio"},"sameAs":["https:\/\/quersaberpolitica.com.br"],"url":"https:\/\/blogdofarnesio.com.br\/?author=1"}]}},"_links":{"self":[{"href":"https:\/\/blogdofarnesio.com.br\/index.php?rest_route=\/wp\/v2\/posts\/186643","targetHints":{"allow":["GET"]}}],"collection":[{"href":"https:\/\/blogdofarnesio.com.br\/index.php?rest_route=\/wp\/v2\/posts"}],"about":[{"href":"https:\/\/blogdofarnesio.com.br\/index.php?rest_route=\/wp\/v2\/types\/post"}],"author":[{"embeddable":true,"href":"https:\/\/blogdofarnesio.com.br\/index.php?rest_route=\/wp\/v2\/users\/1"}],"replies":[{"embeddable":true,"href":"https:\/\/blogdofarnesio.com.br\/index.php?rest_route=%2Fwp%2Fv2%2Fcomments&post=186643"}],"version-history":[{"count":0,"href":"https:\/\/blogdofarnesio.com.br\/index.php?rest_route=\/wp\/v2\/posts\/186643\/revisions"}],"wp:featuredmedia":[{"embeddable":true,"href":"https:\/\/blogdofarnesio.com.br\/index.php?rest_route=\/wp\/v2\/media\/166467"}],"wp:attachment":[{"href":"https:\/\/blogdofarnesio.com.br\/index.php?rest_route=%2Fwp%2Fv2%2Fmedia&parent=186643"}],"wp:term":[{"taxonomy":"category","embeddable":true,"href":"https:\/\/blogdofarnesio.com.br\/index.php?rest_route=%2Fwp%2Fv2%2Fcategories&post=186643"},{"taxonomy":"post_tag","embeddable":true,"href":"https:\/\/blogdofarnesio.com.br\/index.php?rest_route=%2Fwp%2Fv2%2Ftags&post=186643"}],"curies":[{"name":"wp","href":"https:\/\/api.w.org\/{rel}","templated":true}]}}