{"id":186610,"date":"2018-01-19T07:00:30","date_gmt":"2018-01-19T10:00:30","guid":{"rendered":"http:\/\/quersaberpolitica.com.br\/2016\/?p=186610"},"modified":"2018-01-18T20:49:00","modified_gmt":"2018-01-18T23:49:00","slug":"cunhado-de-ivete-sangalo-lanca-pre-candidatura-a-deputado","status":"publish","type":"post","link":"https:\/\/blogdofarnesio.com.br\/?p=186610","title":{"rendered":"CUNHADO DE IVETE SANGALO LAN\u00c7A PR\u00c9-CANDIDATURA A DEPUTADO"},"content":{"rendered":"<p style=\"text-align: justify;\">O pr\u00e9-candidato a Deputado Estadual Marcelo Ara\u00fajo, 31 anos, participou do <em>Programa Bastidores da Not\u00edcia<\/em> e falou sobre as suas propostas e as elei\u00e7\u00f5es deste ano. Marcelo \u00e9 natural de Petrolina e membro da fam\u00edlia Canc\u00e3o.\u00a0\u00a0 \u00c9 empres\u00e1rio, consultor legislativo e graduando em Ci\u00eancia Pol\u00edtica e Gest\u00e3o P\u00fablica. Atualmente reside na cidade de Salvador com a esposa Cynthia Sangalo e dois filhos.<\/p>\n<p style=\"text-align: justify;\">Marcelo dedica-se h\u00e1 10 anos a consultoria legislativa, auxiliando na atualiza\u00e7\u00e3o de leis em todo Pa\u00eds e seus compromissos baseiam-se na defesa das liberdades individuais, empreendedorismo, seguran\u00e7a p\u00fablica, inclus\u00e3o social, redu\u00e7\u00e3o de impostos, efici\u00eancia do estado e combate aos privil\u00e9gios nos tr\u00eas poderes.<\/p>\n<p style=\"text-align: justify;\">\u201cO que nos traz a vontade de disputar uma vaga na assembleia legislativa \u00e9 n\u00e3o compactuar com tantos privil\u00e9gios na politica, justi\u00e7a e nem com os esc\u00e2ndalos de corrup\u00e7\u00e3o e nem com os gestores que atrasam os sal\u00e1rios dos seus servidores. Tudo isso me motivaram a disputar um mandato na assembleia e justamente por isso que estamos visitando o Vale do S\u00e3o Francisco e as demais cidades do estado da Bahia para conversar com as pessoas e ouvir as demandas de cada cidade\u201d.<\/p>\n<p style=\"text-align: justify;\">Sobre a sua candidatura ser concretizada na Bahia, ele foi direto. \u201cHoje eu moro em Salvador e acabei casando com uma baiana de Juazeiro e constantemente estaremos por aqui apresentando as nossas propostas. J\u00e1 come\u00e7amos algumas visitas e a receptividade \u00e9 muito boa, vamos convencer as pessoas que o voto precisa ser consciente\u201d.<\/p>\n<p style=\"text-align: justify;\">Na oportunidade, ele lamentou a situa\u00e7\u00e3o do Rio S\u00e3o Francisco. \u201cEu recebo muitas fotos do Rio e<br \/>\nquem passa na ponte consegue observar que o rio est\u00e1 sendo tomada pelo assoreamento e a mata ciliar n\u00e3o existe. A gente que nasceu aqui as margens do rio ver em uma situa\u00e7\u00e3o dessa, \u00e9 lament\u00e1vel. \u00c9 preciso fazer um tratamento no rio e investir mais em saneamento b\u00e1sico\u201d.<\/p>\n<p style=\"text-align: justify;\"><strong><em>Da Reda\u00e7\u00e3o\/BlogQSP<\/em><\/strong><\/p>\n","protected":false},"excerpt":{"rendered":"<p>O pr\u00e9-candidato a Deputado Estadual Marcelo Ara\u00fajo, 31 anos, participou do Programa Bastidores da Not\u00edcia e falou sobre as suas propostas e as elei\u00e7\u00f5es deste ano. Marcelo \u00e9 natural de Petrolina e membro da fam\u00edlia Canc\u00e3o.\u00a0\u00a0 \u00c9 empres\u00e1rio, consultor legislativo e graduando em Ci\u00eancia Pol\u00edtica e Gest\u00e3o P\u00fablica. Atualmente reside na cidade de Salvador com a esposa Cynthia Sangalo e dois filhos. Marcelo dedica-se h\u00e1 10 anos a consultoria legislativa, auxiliando na atualiza\u00e7\u00e3o de leis em todo Pa\u00eds e seus compromissos baseiam-se na defesa das liberdades individuais, empreendedorismo, seguran\u00e7a p\u00fablica, inclus\u00e3o social, redu\u00e7\u00e3o de impostos, efici\u00eancia do estado e combate aos privil\u00e9gios nos tr\u00eas poderes. \u201cO que nos traz a vontade de disputar uma vaga na assembleia legislativa \u00e9 n\u00e3o&hellip; <\/p>\n","protected":false},"author":1,"featured_media":186614,"comment_status":"open","ping_status":"closed","sticky":false,"template":"","format":"standard","meta":{"_acf_changed":false,"footnotes":""},"categories":[34],"tags":[],"class_list":["post-186610","post","type-post","status-publish","format-standard","has-post-thumbnail","hentry","category-eleicoes"],"acf":[],"yoast_head":"<!-- This site is optimized with the Yoast SEO plugin v27.4 - https:\/\/yoast.com\/product\/yoast-seo-wordpress\/ -->\n<title>CUNHADO DE IVETE SANGALO LAN\u00c7A PR\u00c9-CANDIDATURA A DEPUTADO - Blog do Farn\u00e9sio<\/title>\n<meta name=\"robots\" content=\"index, follow, max-snippet:-1, max-image-preview:large, max-video-preview:-1\" \/>\n<link rel=\"canonical\" href=\"https:\/\/blogdofarnesio.com.br\/?p=186610\" \/>\n<meta property=\"og:locale\" content=\"pt_BR\" \/>\n<meta property=\"og:type\" content=\"article\" \/>\n<meta property=\"og:title\" content=\"CUNHADO DE IVETE SANGALO LAN\u00c7A PR\u00c9-CANDIDATURA A DEPUTADO - Blog do Farn\u00e9sio\" \/>\n<meta property=\"og:description\" content=\"O pr\u00e9-candidato a Deputado Estadual Marcelo Ara\u00fajo, 31 anos, participou do Programa Bastidores da Not\u00edcia e falou sobre as suas propostas e as elei\u00e7\u00f5es deste ano. Marcelo \u00e9 natural de Petrolina e membro da fam\u00edlia Canc\u00e3o.\u00a0\u00a0 \u00c9 empres\u00e1rio, consultor legislativo e graduando em Ci\u00eancia Pol\u00edtica e Gest\u00e3o P\u00fablica. Atualmente reside na cidade de Salvador com a esposa Cynthia Sangalo e dois filhos. Marcelo dedica-se h\u00e1 10 anos a consultoria legislativa, auxiliando na atualiza\u00e7\u00e3o de leis em todo Pa\u00eds e seus compromissos baseiam-se na defesa das liberdades individuais, empreendedorismo, seguran\u00e7a p\u00fablica, inclus\u00e3o social, redu\u00e7\u00e3o de impostos, efici\u00eancia do estado e combate aos privil\u00e9gios nos tr\u00eas poderes. \u201cO que nos traz a vontade de disputar uma vaga na assembleia legislativa \u00e9 n\u00e3o&hellip;\" \/>\n<meta property=\"og:url\" content=\"https:\/\/blogdofarnesio.com.br\/?p=186610\" \/>\n<meta property=\"og:site_name\" content=\"Blog do Farn\u00e9sio\" \/>\n<meta property=\"article:publisher\" content=\"https:\/\/www.facebook.com\/BlogQuerSaberPolitica\/\" \/>\n<meta property=\"article:published_time\" content=\"2018-01-19T10:00:30+00:00\" \/>\n<meta property=\"og:image\" content=\"https:\/\/blogdofarnesio.com.br\/wp-content\/uploads\/2018\/01\/blogqspmarcelosangalo-foto-Farn\u00e9sio-Silva.jpg\" \/>\n\t<meta property=\"og:image:width\" content=\"640\" \/>\n\t<meta property=\"og:image:height\" content=\"360\" \/>\n\t<meta property=\"og:image:type\" content=\"image\/jpeg\" \/>\n<meta name=\"author\" content=\"Farn\u00e9sio\" \/>\n<meta name=\"twitter:card\" content=\"summary_large_image\" \/>\n<meta name=\"twitter:label1\" content=\"Escrito por\" \/>\n\t<meta name=\"twitter:data1\" content=\"Farn\u00e9sio\" \/>\n\t<meta name=\"twitter:label2\" content=\"Est. tempo de leitura\" \/>\n\t<meta name=\"twitter:data2\" content=\"2 minutos\" \/>\n<script type=\"application\/ld+json\" class=\"yoast-schema-graph\">{\"@context\":\"https:\\\/\\\/schema.org\",\"@graph\":[{\"@type\":\"Article\",\"@id\":\"https:\\\/\\\/blogdofarnesio.com.br\\\/?p=186610#article\",\"isPartOf\":{\"@id\":\"https:\\\/\\\/blogdofarnesio.com.br\\\/?p=186610\"},\"author\":{\"name\":\"Farn\u00e9sio\",\"@id\":\"https:\\\/\\\/blogdofarnesio.com.br\\\/#\\\/schema\\\/person\\\/301c4acf522bccbfdb45af95b5b906a1\"},\"headline\":\"CUNHADO DE IVETE SANGALO LAN\u00c7A PR\u00c9-CANDIDATURA A DEPUTADO\",\"datePublished\":\"2018-01-19T10:00:30+00:00\",\"mainEntityOfPage\":{\"@id\":\"https:\\\/\\\/blogdofarnesio.com.br\\\/?p=186610\"},\"wordCount\":347,\"commentCount\":0,\"publisher\":{\"@id\":\"https:\\\/\\\/blogdofarnesio.com.br\\\/#organization\"},\"image\":{\"@id\":\"https:\\\/\\\/blogdofarnesio.com.br\\\/?p=186610#primaryimage\"},\"thumbnailUrl\":\"https:\\\/\\\/blogdofarnesio.com.br\\\/wp-content\\\/uploads\\\/2018\\\/01\\\/blogqspmarcelosangalo-foto-Farn\u00e9sio-Silva.jpg\",\"articleSection\":[\"Elei\u00e7\u00f5es\"],\"inLanguage\":\"pt-BR\",\"potentialAction\":[{\"@type\":\"CommentAction\",\"name\":\"Comment\",\"target\":[\"https:\\\/\\\/blogdofarnesio.com.br\\\/?p=186610#respond\"]}]},{\"@type\":\"WebPage\",\"@id\":\"https:\\\/\\\/blogdofarnesio.com.br\\\/?p=186610\",\"url\":\"https:\\\/\\\/blogdofarnesio.com.br\\\/?p=186610\",\"name\":\"CUNHADO DE IVETE SANGALO LAN\u00c7A PR\u00c9-CANDIDATURA A DEPUTADO - Blog do Farn\u00e9sio\",\"isPartOf\":{\"@id\":\"https:\\\/\\\/blogdofarnesio.com.br\\\/#website\"},\"primaryImageOfPage\":{\"@id\":\"https:\\\/\\\/blogdofarnesio.com.br\\\/?p=186610#primaryimage\"},\"image\":{\"@id\":\"https:\\\/\\\/blogdofarnesio.com.br\\\/?p=186610#primaryimage\"},\"thumbnailUrl\":\"https:\\\/\\\/blogdofarnesio.com.br\\\/wp-content\\\/uploads\\\/2018\\\/01\\\/blogqspmarcelosangalo-foto-Farn\u00e9sio-Silva.jpg\",\"datePublished\":\"2018-01-19T10:00:30+00:00\",\"breadcrumb\":{\"@id\":\"https:\\\/\\\/blogdofarnesio.com.br\\\/?p=186610#breadcrumb\"},\"inLanguage\":\"pt-BR\",\"potentialAction\":[{\"@type\":\"ReadAction\",\"target\":[\"https:\\\/\\\/blogdofarnesio.com.br\\\/?p=186610\"]}]},{\"@type\":\"ImageObject\",\"inLanguage\":\"pt-BR\",\"@id\":\"https:\\\/\\\/blogdofarnesio.com.br\\\/?p=186610#primaryimage\",\"url\":\"https:\\\/\\\/blogdofarnesio.com.br\\\/wp-content\\\/uploads\\\/2018\\\/01\\\/blogqspmarcelosangalo-foto-Farn\u00e9sio-Silva.jpg\",\"contentUrl\":\"https:\\\/\\\/blogdofarnesio.com.br\\\/wp-content\\\/uploads\\\/2018\\\/01\\\/blogqspmarcelosangalo-foto-Farn\u00e9sio-Silva.jpg\",\"width\":640,\"height\":360},{\"@type\":\"BreadcrumbList\",\"@id\":\"https:\\\/\\\/blogdofarnesio.com.br\\\/?p=186610#breadcrumb\",\"itemListElement\":[{\"@type\":\"ListItem\",\"position\":1,\"name\":\"In\u00edcio\",\"item\":\"https:\\\/\\\/blogdofarnesio.com.br\\\/\"},{\"@type\":\"ListItem\",\"position\":2,\"name\":\"CUNHADO DE IVETE SANGALO LAN\u00c7A PR\u00c9-CANDIDATURA A DEPUTADO\"}]},{\"@type\":\"WebSite\",\"@id\":\"https:\\\/\\\/blogdofarnesio.com.br\\\/#website\",\"url\":\"https:\\\/\\\/blogdofarnesio.com.br\\\/\",\"name\":\"Blog do Farn\u00e9sio\",\"description\":\"Quer Saber Pol\u00edtica?\",\"publisher\":{\"@id\":\"https:\\\/\\\/blogdofarnesio.com.br\\\/#organization\"},\"potentialAction\":[{\"@type\":\"SearchAction\",\"target\":{\"@type\":\"EntryPoint\",\"urlTemplate\":\"https:\\\/\\\/blogdofarnesio.com.br\\\/?s={search_term_string}\"},\"query-input\":{\"@type\":\"PropertyValueSpecification\",\"valueRequired\":true,\"valueName\":\"search_term_string\"}}],\"inLanguage\":\"pt-BR\"},{\"@type\":\"Organization\",\"@id\":\"https:\\\/\\\/blogdofarnesio.com.br\\\/#organization\",\"name\":\"Blog do Farn\u00e9sio\",\"url\":\"https:\\\/\\\/blogdofarnesio.com.br\\\/\",\"logo\":{\"@type\":\"ImageObject\",\"inLanguage\":\"pt-BR\",\"@id\":\"https:\\\/\\\/blogdofarnesio.com.br\\\/#\\\/schema\\\/logo\\\/image\\\/\",\"url\":\"https:\\\/\\\/blogdofarnesio.com.br\\\/wp-content\\\/uploads\\\/2026\\\/03\\\/cropped-logo_new-1.png\",\"contentUrl\":\"https:\\\/\\\/blogdofarnesio.com.br\\\/wp-content\\\/uploads\\\/2026\\\/03\\\/cropped-logo_new-1.png\",\"width\":881,\"height\":685,\"caption\":\"Blog do Farn\u00e9sio\"},\"image\":{\"@id\":\"https:\\\/\\\/blogdofarnesio.com.br\\\/#\\\/schema\\\/logo\\\/image\\\/\"},\"sameAs\":[\"https:\\\/\\\/www.facebook.com\\\/BlogQuerSaberPolitica\\\/\"]},{\"@type\":\"Person\",\"@id\":\"https:\\\/\\\/blogdofarnesio.com.br\\\/#\\\/schema\\\/person\\\/301c4acf522bccbfdb45af95b5b906a1\",\"name\":\"Farn\u00e9sio\",\"image\":{\"@type\":\"ImageObject\",\"inLanguage\":\"pt-BR\",\"@id\":\"https:\\\/\\\/secure.gravatar.com\\\/avatar\\\/df0c9a14567c056f8ad6876ba5bbd1e3e2c48023eb6807342fc4663adf549f38?s=96&d=mm&r=g\",\"url\":\"https:\\\/\\\/secure.gravatar.com\\\/avatar\\\/df0c9a14567c056f8ad6876ba5bbd1e3e2c48023eb6807342fc4663adf549f38?s=96&d=mm&r=g\",\"contentUrl\":\"https:\\\/\\\/secure.gravatar.com\\\/avatar\\\/df0c9a14567c056f8ad6876ba5bbd1e3e2c48023eb6807342fc4663adf549f38?s=96&d=mm&r=g\",\"caption\":\"Farn\u00e9sio\"},\"sameAs\":[\"https:\\\/\\\/quersaberpolitica.com.br\"],\"url\":\"https:\\\/\\\/blogdofarnesio.com.br\\\/?author=1\"}]}<\/script>\n<!-- \/ Yoast SEO plugin. -->","yoast_head_json":{"title":"CUNHADO DE IVETE SANGALO LAN\u00c7A PR\u00c9-CANDIDATURA A DEPUTADO - Blog do Farn\u00e9sio","robots":{"index":"index","follow":"follow","max-snippet":"max-snippet:-1","max-image-preview":"max-image-preview:large","max-video-preview":"max-video-preview:-1"},"canonical":"https:\/\/blogdofarnesio.com.br\/?p=186610","og_locale":"pt_BR","og_type":"article","og_title":"CUNHADO DE IVETE SANGALO LAN\u00c7A PR\u00c9-CANDIDATURA A DEPUTADO - Blog do Farn\u00e9sio","og_description":"O pr\u00e9-candidato a Deputado Estadual Marcelo Ara\u00fajo, 31 anos, participou do Programa Bastidores da Not\u00edcia e falou sobre as suas propostas e as elei\u00e7\u00f5es deste ano. Marcelo \u00e9 natural de Petrolina e membro da fam\u00edlia Canc\u00e3o.\u00a0\u00a0 \u00c9 empres\u00e1rio, consultor legislativo e graduando em Ci\u00eancia Pol\u00edtica e Gest\u00e3o P\u00fablica. Atualmente reside na cidade de Salvador com a esposa Cynthia Sangalo e dois filhos. Marcelo dedica-se h\u00e1 10 anos a consultoria legislativa, auxiliando na atualiza\u00e7\u00e3o de leis em todo Pa\u00eds e seus compromissos baseiam-se na defesa das liberdades individuais, empreendedorismo, seguran\u00e7a p\u00fablica, inclus\u00e3o social, redu\u00e7\u00e3o de impostos, efici\u00eancia do estado e combate aos privil\u00e9gios nos tr\u00eas poderes. \u201cO que nos traz a vontade de disputar uma vaga na assembleia legislativa \u00e9 n\u00e3o&hellip;","og_url":"https:\/\/blogdofarnesio.com.br\/?p=186610","og_site_name":"Blog do Farn\u00e9sio","article_publisher":"https:\/\/www.facebook.com\/BlogQuerSaberPolitica\/","article_published_time":"2018-01-19T10:00:30+00:00","og_image":[{"width":640,"height":360,"url":"https:\/\/blogdofarnesio.com.br\/wp-content\/uploads\/2018\/01\/blogqspmarcelosangalo-foto-Farn\u00e9sio-Silva.jpg","type":"image\/jpeg"}],"author":"Farn\u00e9sio","twitter_card":"summary_large_image","twitter_misc":{"Escrito por":"Farn\u00e9sio","Est. tempo de leitura":"2 minutos"},"schema":{"@context":"https:\/\/schema.org","@graph":[{"@type":"Article","@id":"https:\/\/blogdofarnesio.com.br\/?p=186610#article","isPartOf":{"@id":"https:\/\/blogdofarnesio.com.br\/?p=186610"},"author":{"name":"Farn\u00e9sio","@id":"https:\/\/blogdofarnesio.com.br\/#\/schema\/person\/301c4acf522bccbfdb45af95b5b906a1"},"headline":"CUNHADO DE IVETE SANGALO LAN\u00c7A PR\u00c9-CANDIDATURA A DEPUTADO","datePublished":"2018-01-19T10:00:30+00:00","mainEntityOfPage":{"@id":"https:\/\/blogdofarnesio.com.br\/?p=186610"},"wordCount":347,"commentCount":0,"publisher":{"@id":"https:\/\/blogdofarnesio.com.br\/#organization"},"image":{"@id":"https:\/\/blogdofarnesio.com.br\/?p=186610#primaryimage"},"thumbnailUrl":"https:\/\/blogdofarnesio.com.br\/wp-content\/uploads\/2018\/01\/blogqspmarcelosangalo-foto-Farn\u00e9sio-Silva.jpg","articleSection":["Elei\u00e7\u00f5es"],"inLanguage":"pt-BR","potentialAction":[{"@type":"CommentAction","name":"Comment","target":["https:\/\/blogdofarnesio.com.br\/?p=186610#respond"]}]},{"@type":"WebPage","@id":"https:\/\/blogdofarnesio.com.br\/?p=186610","url":"https:\/\/blogdofarnesio.com.br\/?p=186610","name":"CUNHADO DE IVETE SANGALO LAN\u00c7A PR\u00c9-CANDIDATURA A DEPUTADO - Blog do Farn\u00e9sio","isPartOf":{"@id":"https:\/\/blogdofarnesio.com.br\/#website"},"primaryImageOfPage":{"@id":"https:\/\/blogdofarnesio.com.br\/?p=186610#primaryimage"},"image":{"@id":"https:\/\/blogdofarnesio.com.br\/?p=186610#primaryimage"},"thumbnailUrl":"https:\/\/blogdofarnesio.com.br\/wp-content\/uploads\/2018\/01\/blogqspmarcelosangalo-foto-Farn\u00e9sio-Silva.jpg","datePublished":"2018-01-19T10:00:30+00:00","breadcrumb":{"@id":"https:\/\/blogdofarnesio.com.br\/?p=186610#breadcrumb"},"inLanguage":"pt-BR","potentialAction":[{"@type":"ReadAction","target":["https:\/\/blogdofarnesio.com.br\/?p=186610"]}]},{"@type":"ImageObject","inLanguage":"pt-BR","@id":"https:\/\/blogdofarnesio.com.br\/?p=186610#primaryimage","url":"https:\/\/blogdofarnesio.com.br\/wp-content\/uploads\/2018\/01\/blogqspmarcelosangalo-foto-Farn\u00e9sio-Silva.jpg","contentUrl":"https:\/\/blogdofarnesio.com.br\/wp-content\/uploads\/2018\/01\/blogqspmarcelosangalo-foto-Farn\u00e9sio-Silva.jpg","width":640,"height":360},{"@type":"BreadcrumbList","@id":"https:\/\/blogdofarnesio.com.br\/?p=186610#breadcrumb","itemListElement":[{"@type":"ListItem","position":1,"name":"In\u00edcio","item":"https:\/\/blogdofarnesio.com.br\/"},{"@type":"ListItem","position":2,"name":"CUNHADO DE IVETE SANGALO LAN\u00c7A PR\u00c9-CANDIDATURA A DEPUTADO"}]},{"@type":"WebSite","@id":"https:\/\/blogdofarnesio.com.br\/#website","url":"https:\/\/blogdofarnesio.com.br\/","name":"Blog do Farn\u00e9sio","description":"Quer Saber Pol\u00edtica?","publisher":{"@id":"https:\/\/blogdofarnesio.com.br\/#organization"},"potentialAction":[{"@type":"SearchAction","target":{"@type":"EntryPoint","urlTemplate":"https:\/\/blogdofarnesio.com.br\/?s={search_term_string}"},"query-input":{"@type":"PropertyValueSpecification","valueRequired":true,"valueName":"search_term_string"}}],"inLanguage":"pt-BR"},{"@type":"Organization","@id":"https:\/\/blogdofarnesio.com.br\/#organization","name":"Blog do Farn\u00e9sio","url":"https:\/\/blogdofarnesio.com.br\/","logo":{"@type":"ImageObject","inLanguage":"pt-BR","@id":"https:\/\/blogdofarnesio.com.br\/#\/schema\/logo\/image\/","url":"https:\/\/blogdofarnesio.com.br\/wp-content\/uploads\/2026\/03\/cropped-logo_new-1.png","contentUrl":"https:\/\/blogdofarnesio.com.br\/wp-content\/uploads\/2026\/03\/cropped-logo_new-1.png","width":881,"height":685,"caption":"Blog do Farn\u00e9sio"},"image":{"@id":"https:\/\/blogdofarnesio.com.br\/#\/schema\/logo\/image\/"},"sameAs":["https:\/\/www.facebook.com\/BlogQuerSaberPolitica\/"]},{"@type":"Person","@id":"https:\/\/blogdofarnesio.com.br\/#\/schema\/person\/301c4acf522bccbfdb45af95b5b906a1","name":"Farn\u00e9sio","image":{"@type":"ImageObject","inLanguage":"pt-BR","@id":"https:\/\/secure.gravatar.com\/avatar\/df0c9a14567c056f8ad6876ba5bbd1e3e2c48023eb6807342fc4663adf549f38?s=96&d=mm&r=g","url":"https:\/\/secure.gravatar.com\/avatar\/df0c9a14567c056f8ad6876ba5bbd1e3e2c48023eb6807342fc4663adf549f38?s=96&d=mm&r=g","contentUrl":"https:\/\/secure.gravatar.com\/avatar\/df0c9a14567c056f8ad6876ba5bbd1e3e2c48023eb6807342fc4663adf549f38?s=96&d=mm&r=g","caption":"Farn\u00e9sio"},"sameAs":["https:\/\/quersaberpolitica.com.br"],"url":"https:\/\/blogdofarnesio.com.br\/?author=1"}]}},"_links":{"self":[{"href":"https:\/\/blogdofarnesio.com.br\/index.php?rest_route=\/wp\/v2\/posts\/186610","targetHints":{"allow":["GET"]}}],"collection":[{"href":"https:\/\/blogdofarnesio.com.br\/index.php?rest_route=\/wp\/v2\/posts"}],"about":[{"href":"https:\/\/blogdofarnesio.com.br\/index.php?rest_route=\/wp\/v2\/types\/post"}],"author":[{"embeddable":true,"href":"https:\/\/blogdofarnesio.com.br\/index.php?rest_route=\/wp\/v2\/users\/1"}],"replies":[{"embeddable":true,"href":"https:\/\/blogdofarnesio.com.br\/index.php?rest_route=%2Fwp%2Fv2%2Fcomments&post=186610"}],"version-history":[{"count":0,"href":"https:\/\/blogdofarnesio.com.br\/index.php?rest_route=\/wp\/v2\/posts\/186610\/revisions"}],"wp:featuredmedia":[{"embeddable":true,"href":"https:\/\/blogdofarnesio.com.br\/index.php?rest_route=\/wp\/v2\/media\/186614"}],"wp:attachment":[{"href":"https:\/\/blogdofarnesio.com.br\/index.php?rest_route=%2Fwp%2Fv2%2Fmedia&parent=186610"}],"wp:term":[{"taxonomy":"category","embeddable":true,"href":"https:\/\/blogdofarnesio.com.br\/index.php?rest_route=%2Fwp%2Fv2%2Fcategories&post=186610"},{"taxonomy":"post_tag","embeddable":true,"href":"https:\/\/blogdofarnesio.com.br\/index.php?rest_route=%2Fwp%2Fv2%2Ftags&post=186610"}],"curies":[{"name":"wp","href":"https:\/\/api.w.org\/{rel}","templated":true}]}}