{"id":186589,"date":"2018-01-19T10:20:54","date_gmt":"2018-01-19T13:20:54","guid":{"rendered":"http:\/\/quersaberpolitica.com.br\/2016\/?p=186589"},"modified":"2018-01-19T09:29:19","modified_gmt":"2018-01-19T12:29:19","slug":"prefeitura-de-juazeiro-inicia-programacao-alusiva-ao-janeiro-branco","status":"publish","type":"post","link":"https:\/\/blogdofarnesio.com.br\/?p=186589","title":{"rendered":"PREFEITURA DE JUAZEIRO INICIA PROGRAMA\u00c7\u00c3O ALUSIVA AO JANEIRO BRANCO"},"content":{"rendered":"<p style=\"text-align: justify;\">Gardennia Garibalde\/SESAU<\/p>\n<p style=\"text-align: justify;\">A Prefeitura de Juazeiro, atrav\u00e9s da Secretaria de Sa\u00fade (SESAU) realizou ontem (18) o \u2018Encontro de Promo\u00e7\u00e3o \u00e0 Sa\u00fade Mental\u2019, das 8h \u00e0s 12h, no audit\u00f3rio da Secretaria de Educa\u00e7\u00e3o (SEDUC). O evento organizado pela equipe da Superintend\u00eancia de Gest\u00e3o de Pessoas da SESAU abriu oficialmente a programa\u00e7\u00e3o elaborada pela secretaria em alus\u00e3o \u00e0 Campanha Janeiro Branco, que tem como objetivo a conscientiza\u00e7\u00e3o para a import\u00e2ncia de todos os assuntos relacionados ao universo da sa\u00fade mental.<\/p>\n<p style=\"text-align: justify;\">O encontro que promoveu al\u00e9m de um acolhimento diferenciado, v\u00e1rias din\u00e2micas voltadas para o cuidado, a aten\u00e7\u00e3o e o carinho, contou com a participa\u00e7\u00e3o de profissionais e usu\u00e1rios dos 3 Centros de Aten\u00e7\u00e3o Psicossocial Caps i \u2013 Crian\u00e7as e Adolescentes, II e AD \u2013 \u00c1lcool e Drogas, residentes em sa\u00fade mental da Universidade Federal do S\u00e3o Francisco (UNIVASF) e da Universidade Federal de Sergipe (UFS).<\/p>\n<p style=\"text-align: justify;\">\u201cO encontro foi \u00f3timo, s\u00f3 alimenta e constr\u00f3i valores para n\u00f3s que participamos e precisamos desse tratamento. Se houver condi\u00e7\u00f5es da secretaria promover com mais freq\u00fc\u00eancia tenho certeza que ser\u00e1 n\u00e3o s\u00f3 uma alegria, mas tamb\u00e9m um aux\u00edlio para o acompanhamento que fazemos no centro\u201d, enfatiza S\u00e9rgio da Paz, paciente do Caps AD.<\/p>\n<p style=\"text-align: justify;\">De acordo com a superintendente de Gest\u00e3o de Pessoas, Carla Lorena Pesqueira, esse \u00e9 o primeiro momento de muitas outras a\u00e7\u00f5es permanentes para trabalhar com a sa\u00fade mental n\u00e3o apenas no Janeiro Branco. \u201cNossa proposta \u00e9 promover a integra\u00e7\u00e3o dos Caps em uma \u00fanica a\u00e7\u00e3o, para que a rede municipal possa promover a aten\u00e7\u00e3o, o fortalecimento e o cuidado necess\u00e1rio. Nossa proposta \u00e9 provar que somos todos iguais e precisamos cuidar da nossa sa\u00fade com dignidade, respeito e sem preconceito\u201d, observa a superintendente.<\/p>\n<p style=\"text-align: justify;\">A programa\u00e7\u00e3o segue durante toda a semana com realiza\u00e7\u00e3o de oficinas nos Caps. No dia 30 de janeiro haver\u00e1 a culmin\u00e2ncia da programa\u00e7\u00e3o, no audit\u00f3rio da SEDUC com a presen\u00e7a de todos os Caps e tamb\u00e9m com os profissionais da aten\u00e7\u00e3o b\u00e1sica.<\/p>\n<p style=\"text-align: justify;\">Para a psic\u00f3loga Roberta Maciel, que tamb\u00e9m participou do encontro, esse \u00e9 um momento muito importante por dar visibilidade e permitir profissionais e usu\u00e1rios refletirem juntos sobre o tema. \u201cTodos n\u00f3s precisamos parar e refletir como est\u00e3o os nossos sentimentos, emo\u00e7\u00f5es, pensamentos e se necess\u00e1rio buscar os servi\u00e7os especializados, n\u00e3o ter preconceito, porque a sa\u00fade \u00e9 um todo e a sa\u00fade mental n\u00e3o pode ser esquecida. Para que a gente possa estar bem, precisamos cuidar da nossa mente, dos nossos sentimentos, das nossas emo\u00e7\u00f5es\u201d, destacou Roberta Maciel.<\/p>\n<p style=\"text-align: justify;\"><strong>Programa\u00e7\u00e3o de Oficinas<\/strong><\/p>\n<p style=\"text-align: justify;\">23\/01 \u2013 Caps AD \u2013 8h<\/p>\n<p style=\"text-align: justify;\">24\/01 \u2013 Caps I \u2013 8h<\/p>\n<p style=\"text-align: justify;\">31\/01 \u2013 Caps II \u2013 8h<\/p>\n<p style=\"text-align: justify;\">30\/01 &#8211; Culmin\u00e2ncia da Programa\u00e7\u00e3o no audit\u00f3rio da Seduc &#8211; 8h<\/p>\n","protected":false},"excerpt":{"rendered":"<p>Gardennia Garibalde\/SESAU A Prefeitura de Juazeiro, atrav\u00e9s da Secretaria de Sa\u00fade (SESAU) realizou ontem (18) o \u2018Encontro de Promo\u00e7\u00e3o \u00e0 Sa\u00fade Mental\u2019, das 8h \u00e0s 12h, no audit\u00f3rio da Secretaria de Educa\u00e7\u00e3o (SEDUC). O evento organizado pela equipe da Superintend\u00eancia de Gest\u00e3o de Pessoas da SESAU abriu oficialmente a programa\u00e7\u00e3o elaborada pela secretaria em alus\u00e3o \u00e0 Campanha Janeiro Branco, que tem como objetivo a conscientiza\u00e7\u00e3o para a import\u00e2ncia de todos os assuntos relacionados ao universo da sa\u00fade mental. O encontro que promoveu al\u00e9m de um acolhimento diferenciado, v\u00e1rias din\u00e2micas voltadas para o cuidado, a aten\u00e7\u00e3o e o carinho, contou com a participa\u00e7\u00e3o de profissionais e usu\u00e1rios dos 3 Centros de Aten\u00e7\u00e3o Psicossocial Caps i \u2013 Crian\u00e7as e Adolescentes, II e&hellip; <\/p>\n","protected":false},"author":1,"featured_media":186590,"comment_status":"open","ping_status":"closed","sticky":false,"template":"","format":"standard","meta":{"_acf_changed":false,"footnotes":""},"categories":[44],"tags":[],"class_list":["post-186589","post","type-post","status-publish","format-standard","has-post-thumbnail","hentry","category-administracao"],"acf":[],"yoast_head":"<!-- This site is optimized with the Yoast SEO plugin v27.4 - https:\/\/yoast.com\/product\/yoast-seo-wordpress\/ -->\n<title>PREFEITURA DE JUAZEIRO INICIA PROGRAMA\u00c7\u00c3O ALUSIVA AO JANEIRO BRANCO - Blog do Farn\u00e9sio<\/title>\n<meta name=\"robots\" content=\"index, follow, max-snippet:-1, max-image-preview:large, max-video-preview:-1\" \/>\n<link rel=\"canonical\" href=\"https:\/\/blogdofarnesio.com.br\/?p=186589\" \/>\n<meta property=\"og:locale\" content=\"pt_BR\" \/>\n<meta property=\"og:type\" content=\"article\" \/>\n<meta property=\"og:title\" content=\"PREFEITURA DE JUAZEIRO INICIA PROGRAMA\u00c7\u00c3O ALUSIVA AO JANEIRO BRANCO - Blog do Farn\u00e9sio\" \/>\n<meta property=\"og:description\" content=\"Gardennia Garibalde\/SESAU A Prefeitura de Juazeiro, atrav\u00e9s da Secretaria de Sa\u00fade (SESAU) realizou ontem (18) o \u2018Encontro de Promo\u00e7\u00e3o \u00e0 Sa\u00fade Mental\u2019, das 8h \u00e0s 12h, no audit\u00f3rio da Secretaria de Educa\u00e7\u00e3o (SEDUC). O evento organizado pela equipe da Superintend\u00eancia de Gest\u00e3o de Pessoas da SESAU abriu oficialmente a programa\u00e7\u00e3o elaborada pela secretaria em alus\u00e3o \u00e0 Campanha Janeiro Branco, que tem como objetivo a conscientiza\u00e7\u00e3o para a import\u00e2ncia de todos os assuntos relacionados ao universo da sa\u00fade mental. O encontro que promoveu al\u00e9m de um acolhimento diferenciado, v\u00e1rias din\u00e2micas voltadas para o cuidado, a aten\u00e7\u00e3o e o carinho, contou com a participa\u00e7\u00e3o de profissionais e usu\u00e1rios dos 3 Centros de Aten\u00e7\u00e3o Psicossocial Caps i \u2013 Crian\u00e7as e Adolescentes, II e&hellip;\" \/>\n<meta property=\"og:url\" content=\"https:\/\/blogdofarnesio.com.br\/?p=186589\" \/>\n<meta property=\"og:site_name\" content=\"Blog do Farn\u00e9sio\" \/>\n<meta property=\"article:publisher\" content=\"https:\/\/www.facebook.com\/BlogQuerSaberPolitica\/\" \/>\n<meta property=\"article:published_time\" content=\"2018-01-19T13:20:54+00:00\" \/>\n<meta property=\"og:image\" content=\"https:\/\/blogdofarnesio.com.br\/wp-content\/uploads\/2018\/01\/blogqsp-In\u00edcio-Janeiro-Branco-2.jpeg\" \/>\n\t<meta property=\"og:image:width\" content=\"640\" \/>\n\t<meta property=\"og:image:height\" content=\"480\" \/>\n\t<meta property=\"og:image:type\" content=\"image\/jpeg\" \/>\n<meta name=\"author\" content=\"Farn\u00e9sio\" \/>\n<meta name=\"twitter:card\" content=\"summary_large_image\" \/>\n<meta name=\"twitter:label1\" content=\"Escrito por\" \/>\n\t<meta name=\"twitter:data1\" content=\"Farn\u00e9sio\" \/>\n\t<meta name=\"twitter:label2\" content=\"Est. tempo de leitura\" \/>\n\t<meta name=\"twitter:data2\" content=\"2 minutos\" \/>\n<script type=\"application\/ld+json\" class=\"yoast-schema-graph\">{\"@context\":\"https:\\\/\\\/schema.org\",\"@graph\":[{\"@type\":\"Article\",\"@id\":\"https:\\\/\\\/blogdofarnesio.com.br\\\/?p=186589#article\",\"isPartOf\":{\"@id\":\"https:\\\/\\\/blogdofarnesio.com.br\\\/?p=186589\"},\"author\":{\"name\":\"Farn\u00e9sio\",\"@id\":\"https:\\\/\\\/blogdofarnesio.com.br\\\/#\\\/schema\\\/person\\\/301c4acf522bccbfdb45af95b5b906a1\"},\"headline\":\"PREFEITURA DE JUAZEIRO INICIA PROGRAMA\u00c7\u00c3O ALUSIVA AO JANEIRO BRANCO\",\"datePublished\":\"2018-01-19T13:20:54+00:00\",\"mainEntityOfPage\":{\"@id\":\"https:\\\/\\\/blogdofarnesio.com.br\\\/?p=186589\"},\"wordCount\":495,\"commentCount\":0,\"publisher\":{\"@id\":\"https:\\\/\\\/blogdofarnesio.com.br\\\/#organization\"},\"image\":{\"@id\":\"https:\\\/\\\/blogdofarnesio.com.br\\\/?p=186589#primaryimage\"},\"thumbnailUrl\":\"https:\\\/\\\/blogdofarnesio.com.br\\\/wp-content\\\/uploads\\\/2018\\\/01\\\/blogqsp-In\u00edcio-Janeiro-Branco-2.jpeg\",\"articleSection\":[\"Administra\u00e7\u00e3o\"],\"inLanguage\":\"pt-BR\",\"potentialAction\":[{\"@type\":\"CommentAction\",\"name\":\"Comment\",\"target\":[\"https:\\\/\\\/blogdofarnesio.com.br\\\/?p=186589#respond\"]}]},{\"@type\":\"WebPage\",\"@id\":\"https:\\\/\\\/blogdofarnesio.com.br\\\/?p=186589\",\"url\":\"https:\\\/\\\/blogdofarnesio.com.br\\\/?p=186589\",\"name\":\"PREFEITURA DE JUAZEIRO INICIA PROGRAMA\u00c7\u00c3O ALUSIVA AO JANEIRO BRANCO - Blog do Farn\u00e9sio\",\"isPartOf\":{\"@id\":\"https:\\\/\\\/blogdofarnesio.com.br\\\/#website\"},\"primaryImageOfPage\":{\"@id\":\"https:\\\/\\\/blogdofarnesio.com.br\\\/?p=186589#primaryimage\"},\"image\":{\"@id\":\"https:\\\/\\\/blogdofarnesio.com.br\\\/?p=186589#primaryimage\"},\"thumbnailUrl\":\"https:\\\/\\\/blogdofarnesio.com.br\\\/wp-content\\\/uploads\\\/2018\\\/01\\\/blogqsp-In\u00edcio-Janeiro-Branco-2.jpeg\",\"datePublished\":\"2018-01-19T13:20:54+00:00\",\"breadcrumb\":{\"@id\":\"https:\\\/\\\/blogdofarnesio.com.br\\\/?p=186589#breadcrumb\"},\"inLanguage\":\"pt-BR\",\"potentialAction\":[{\"@type\":\"ReadAction\",\"target\":[\"https:\\\/\\\/blogdofarnesio.com.br\\\/?p=186589\"]}]},{\"@type\":\"ImageObject\",\"inLanguage\":\"pt-BR\",\"@id\":\"https:\\\/\\\/blogdofarnesio.com.br\\\/?p=186589#primaryimage\",\"url\":\"https:\\\/\\\/blogdofarnesio.com.br\\\/wp-content\\\/uploads\\\/2018\\\/01\\\/blogqsp-In\u00edcio-Janeiro-Branco-2.jpeg\",\"contentUrl\":\"https:\\\/\\\/blogdofarnesio.com.br\\\/wp-content\\\/uploads\\\/2018\\\/01\\\/blogqsp-In\u00edcio-Janeiro-Branco-2.jpeg\",\"width\":640,\"height\":480},{\"@type\":\"BreadcrumbList\",\"@id\":\"https:\\\/\\\/blogdofarnesio.com.br\\\/?p=186589#breadcrumb\",\"itemListElement\":[{\"@type\":\"ListItem\",\"position\":1,\"name\":\"In\u00edcio\",\"item\":\"https:\\\/\\\/blogdofarnesio.com.br\\\/\"},{\"@type\":\"ListItem\",\"position\":2,\"name\":\"PREFEITURA DE JUAZEIRO INICIA PROGRAMA\u00c7\u00c3O ALUSIVA AO JANEIRO BRANCO\"}]},{\"@type\":\"WebSite\",\"@id\":\"https:\\\/\\\/blogdofarnesio.com.br\\\/#website\",\"url\":\"https:\\\/\\\/blogdofarnesio.com.br\\\/\",\"name\":\"Blog do Farn\u00e9sio\",\"description\":\"Quer Saber Pol\u00edtica?\",\"publisher\":{\"@id\":\"https:\\\/\\\/blogdofarnesio.com.br\\\/#organization\"},\"potentialAction\":[{\"@type\":\"SearchAction\",\"target\":{\"@type\":\"EntryPoint\",\"urlTemplate\":\"https:\\\/\\\/blogdofarnesio.com.br\\\/?s={search_term_string}\"},\"query-input\":{\"@type\":\"PropertyValueSpecification\",\"valueRequired\":true,\"valueName\":\"search_term_string\"}}],\"inLanguage\":\"pt-BR\"},{\"@type\":\"Organization\",\"@id\":\"https:\\\/\\\/blogdofarnesio.com.br\\\/#organization\",\"name\":\"Blog do Farn\u00e9sio\",\"url\":\"https:\\\/\\\/blogdofarnesio.com.br\\\/\",\"logo\":{\"@type\":\"ImageObject\",\"inLanguage\":\"pt-BR\",\"@id\":\"https:\\\/\\\/blogdofarnesio.com.br\\\/#\\\/schema\\\/logo\\\/image\\\/\",\"url\":\"https:\\\/\\\/blogdofarnesio.com.br\\\/wp-content\\\/uploads\\\/2026\\\/03\\\/cropped-logo_new-1.png\",\"contentUrl\":\"https:\\\/\\\/blogdofarnesio.com.br\\\/wp-content\\\/uploads\\\/2026\\\/03\\\/cropped-logo_new-1.png\",\"width\":881,\"height\":685,\"caption\":\"Blog do Farn\u00e9sio\"},\"image\":{\"@id\":\"https:\\\/\\\/blogdofarnesio.com.br\\\/#\\\/schema\\\/logo\\\/image\\\/\"},\"sameAs\":[\"https:\\\/\\\/www.facebook.com\\\/BlogQuerSaberPolitica\\\/\"]},{\"@type\":\"Person\",\"@id\":\"https:\\\/\\\/blogdofarnesio.com.br\\\/#\\\/schema\\\/person\\\/301c4acf522bccbfdb45af95b5b906a1\",\"name\":\"Farn\u00e9sio\",\"image\":{\"@type\":\"ImageObject\",\"inLanguage\":\"pt-BR\",\"@id\":\"https:\\\/\\\/secure.gravatar.com\\\/avatar\\\/df0c9a14567c056f8ad6876ba5bbd1e3e2c48023eb6807342fc4663adf549f38?s=96&d=mm&r=g\",\"url\":\"https:\\\/\\\/secure.gravatar.com\\\/avatar\\\/df0c9a14567c056f8ad6876ba5bbd1e3e2c48023eb6807342fc4663adf549f38?s=96&d=mm&r=g\",\"contentUrl\":\"https:\\\/\\\/secure.gravatar.com\\\/avatar\\\/df0c9a14567c056f8ad6876ba5bbd1e3e2c48023eb6807342fc4663adf549f38?s=96&d=mm&r=g\",\"caption\":\"Farn\u00e9sio\"},\"sameAs\":[\"https:\\\/\\\/quersaberpolitica.com.br\"],\"url\":\"https:\\\/\\\/blogdofarnesio.com.br\\\/?author=1\"}]}<\/script>\n<!-- \/ Yoast SEO plugin. -->","yoast_head_json":{"title":"PREFEITURA DE JUAZEIRO INICIA PROGRAMA\u00c7\u00c3O ALUSIVA AO JANEIRO BRANCO - Blog do Farn\u00e9sio","robots":{"index":"index","follow":"follow","max-snippet":"max-snippet:-1","max-image-preview":"max-image-preview:large","max-video-preview":"max-video-preview:-1"},"canonical":"https:\/\/blogdofarnesio.com.br\/?p=186589","og_locale":"pt_BR","og_type":"article","og_title":"PREFEITURA DE JUAZEIRO INICIA PROGRAMA\u00c7\u00c3O ALUSIVA AO JANEIRO BRANCO - Blog do Farn\u00e9sio","og_description":"Gardennia Garibalde\/SESAU A Prefeitura de Juazeiro, atrav\u00e9s da Secretaria de Sa\u00fade (SESAU) realizou ontem (18) o \u2018Encontro de Promo\u00e7\u00e3o \u00e0 Sa\u00fade Mental\u2019, das 8h \u00e0s 12h, no audit\u00f3rio da Secretaria de Educa\u00e7\u00e3o (SEDUC). O evento organizado pela equipe da Superintend\u00eancia de Gest\u00e3o de Pessoas da SESAU abriu oficialmente a programa\u00e7\u00e3o elaborada pela secretaria em alus\u00e3o \u00e0 Campanha Janeiro Branco, que tem como objetivo a conscientiza\u00e7\u00e3o para a import\u00e2ncia de todos os assuntos relacionados ao universo da sa\u00fade mental. O encontro que promoveu al\u00e9m de um acolhimento diferenciado, v\u00e1rias din\u00e2micas voltadas para o cuidado, a aten\u00e7\u00e3o e o carinho, contou com a participa\u00e7\u00e3o de profissionais e usu\u00e1rios dos 3 Centros de Aten\u00e7\u00e3o Psicossocial Caps i \u2013 Crian\u00e7as e Adolescentes, II e&hellip;","og_url":"https:\/\/blogdofarnesio.com.br\/?p=186589","og_site_name":"Blog do Farn\u00e9sio","article_publisher":"https:\/\/www.facebook.com\/BlogQuerSaberPolitica\/","article_published_time":"2018-01-19T13:20:54+00:00","og_image":[{"width":640,"height":480,"url":"https:\/\/blogdofarnesio.com.br\/wp-content\/uploads\/2018\/01\/blogqsp-In\u00edcio-Janeiro-Branco-2.jpeg","type":"image\/jpeg"}],"author":"Farn\u00e9sio","twitter_card":"summary_large_image","twitter_misc":{"Escrito por":"Farn\u00e9sio","Est. tempo de leitura":"2 minutos"},"schema":{"@context":"https:\/\/schema.org","@graph":[{"@type":"Article","@id":"https:\/\/blogdofarnesio.com.br\/?p=186589#article","isPartOf":{"@id":"https:\/\/blogdofarnesio.com.br\/?p=186589"},"author":{"name":"Farn\u00e9sio","@id":"https:\/\/blogdofarnesio.com.br\/#\/schema\/person\/301c4acf522bccbfdb45af95b5b906a1"},"headline":"PREFEITURA DE JUAZEIRO INICIA PROGRAMA\u00c7\u00c3O ALUSIVA AO JANEIRO BRANCO","datePublished":"2018-01-19T13:20:54+00:00","mainEntityOfPage":{"@id":"https:\/\/blogdofarnesio.com.br\/?p=186589"},"wordCount":495,"commentCount":0,"publisher":{"@id":"https:\/\/blogdofarnesio.com.br\/#organization"},"image":{"@id":"https:\/\/blogdofarnesio.com.br\/?p=186589#primaryimage"},"thumbnailUrl":"https:\/\/blogdofarnesio.com.br\/wp-content\/uploads\/2018\/01\/blogqsp-In\u00edcio-Janeiro-Branco-2.jpeg","articleSection":["Administra\u00e7\u00e3o"],"inLanguage":"pt-BR","potentialAction":[{"@type":"CommentAction","name":"Comment","target":["https:\/\/blogdofarnesio.com.br\/?p=186589#respond"]}]},{"@type":"WebPage","@id":"https:\/\/blogdofarnesio.com.br\/?p=186589","url":"https:\/\/blogdofarnesio.com.br\/?p=186589","name":"PREFEITURA DE JUAZEIRO INICIA PROGRAMA\u00c7\u00c3O ALUSIVA AO JANEIRO BRANCO - Blog do Farn\u00e9sio","isPartOf":{"@id":"https:\/\/blogdofarnesio.com.br\/#website"},"primaryImageOfPage":{"@id":"https:\/\/blogdofarnesio.com.br\/?p=186589#primaryimage"},"image":{"@id":"https:\/\/blogdofarnesio.com.br\/?p=186589#primaryimage"},"thumbnailUrl":"https:\/\/blogdofarnesio.com.br\/wp-content\/uploads\/2018\/01\/blogqsp-In\u00edcio-Janeiro-Branco-2.jpeg","datePublished":"2018-01-19T13:20:54+00:00","breadcrumb":{"@id":"https:\/\/blogdofarnesio.com.br\/?p=186589#breadcrumb"},"inLanguage":"pt-BR","potentialAction":[{"@type":"ReadAction","target":["https:\/\/blogdofarnesio.com.br\/?p=186589"]}]},{"@type":"ImageObject","inLanguage":"pt-BR","@id":"https:\/\/blogdofarnesio.com.br\/?p=186589#primaryimage","url":"https:\/\/blogdofarnesio.com.br\/wp-content\/uploads\/2018\/01\/blogqsp-In\u00edcio-Janeiro-Branco-2.jpeg","contentUrl":"https:\/\/blogdofarnesio.com.br\/wp-content\/uploads\/2018\/01\/blogqsp-In\u00edcio-Janeiro-Branco-2.jpeg","width":640,"height":480},{"@type":"BreadcrumbList","@id":"https:\/\/blogdofarnesio.com.br\/?p=186589#breadcrumb","itemListElement":[{"@type":"ListItem","position":1,"name":"In\u00edcio","item":"https:\/\/blogdofarnesio.com.br\/"},{"@type":"ListItem","position":2,"name":"PREFEITURA DE JUAZEIRO INICIA PROGRAMA\u00c7\u00c3O ALUSIVA AO JANEIRO BRANCO"}]},{"@type":"WebSite","@id":"https:\/\/blogdofarnesio.com.br\/#website","url":"https:\/\/blogdofarnesio.com.br\/","name":"Blog do Farn\u00e9sio","description":"Quer Saber Pol\u00edtica?","publisher":{"@id":"https:\/\/blogdofarnesio.com.br\/#organization"},"potentialAction":[{"@type":"SearchAction","target":{"@type":"EntryPoint","urlTemplate":"https:\/\/blogdofarnesio.com.br\/?s={search_term_string}"},"query-input":{"@type":"PropertyValueSpecification","valueRequired":true,"valueName":"search_term_string"}}],"inLanguage":"pt-BR"},{"@type":"Organization","@id":"https:\/\/blogdofarnesio.com.br\/#organization","name":"Blog do Farn\u00e9sio","url":"https:\/\/blogdofarnesio.com.br\/","logo":{"@type":"ImageObject","inLanguage":"pt-BR","@id":"https:\/\/blogdofarnesio.com.br\/#\/schema\/logo\/image\/","url":"https:\/\/blogdofarnesio.com.br\/wp-content\/uploads\/2026\/03\/cropped-logo_new-1.png","contentUrl":"https:\/\/blogdofarnesio.com.br\/wp-content\/uploads\/2026\/03\/cropped-logo_new-1.png","width":881,"height":685,"caption":"Blog do Farn\u00e9sio"},"image":{"@id":"https:\/\/blogdofarnesio.com.br\/#\/schema\/logo\/image\/"},"sameAs":["https:\/\/www.facebook.com\/BlogQuerSaberPolitica\/"]},{"@type":"Person","@id":"https:\/\/blogdofarnesio.com.br\/#\/schema\/person\/301c4acf522bccbfdb45af95b5b906a1","name":"Farn\u00e9sio","image":{"@type":"ImageObject","inLanguage":"pt-BR","@id":"https:\/\/secure.gravatar.com\/avatar\/df0c9a14567c056f8ad6876ba5bbd1e3e2c48023eb6807342fc4663adf549f38?s=96&d=mm&r=g","url":"https:\/\/secure.gravatar.com\/avatar\/df0c9a14567c056f8ad6876ba5bbd1e3e2c48023eb6807342fc4663adf549f38?s=96&d=mm&r=g","contentUrl":"https:\/\/secure.gravatar.com\/avatar\/df0c9a14567c056f8ad6876ba5bbd1e3e2c48023eb6807342fc4663adf549f38?s=96&d=mm&r=g","caption":"Farn\u00e9sio"},"sameAs":["https:\/\/quersaberpolitica.com.br"],"url":"https:\/\/blogdofarnesio.com.br\/?author=1"}]}},"_links":{"self":[{"href":"https:\/\/blogdofarnesio.com.br\/index.php?rest_route=\/wp\/v2\/posts\/186589","targetHints":{"allow":["GET"]}}],"collection":[{"href":"https:\/\/blogdofarnesio.com.br\/index.php?rest_route=\/wp\/v2\/posts"}],"about":[{"href":"https:\/\/blogdofarnesio.com.br\/index.php?rest_route=\/wp\/v2\/types\/post"}],"author":[{"embeddable":true,"href":"https:\/\/blogdofarnesio.com.br\/index.php?rest_route=\/wp\/v2\/users\/1"}],"replies":[{"embeddable":true,"href":"https:\/\/blogdofarnesio.com.br\/index.php?rest_route=%2Fwp%2Fv2%2Fcomments&post=186589"}],"version-history":[{"count":0,"href":"https:\/\/blogdofarnesio.com.br\/index.php?rest_route=\/wp\/v2\/posts\/186589\/revisions"}],"wp:featuredmedia":[{"embeddable":true,"href":"https:\/\/blogdofarnesio.com.br\/index.php?rest_route=\/wp\/v2\/media\/186590"}],"wp:attachment":[{"href":"https:\/\/blogdofarnesio.com.br\/index.php?rest_route=%2Fwp%2Fv2%2Fmedia&parent=186589"}],"wp:term":[{"taxonomy":"category","embeddable":true,"href":"https:\/\/blogdofarnesio.com.br\/index.php?rest_route=%2Fwp%2Fv2%2Fcategories&post=186589"},{"taxonomy":"post_tag","embeddable":true,"href":"https:\/\/blogdofarnesio.com.br\/index.php?rest_route=%2Fwp%2Fv2%2Ftags&post=186589"}],"curies":[{"name":"wp","href":"https:\/\/api.w.org\/{rel}","templated":true}]}}