{"id":186444,"date":"2018-01-17T12:00:55","date_gmt":"2018-01-17T15:00:55","guid":{"rendered":"http:\/\/quersaberpolitica.com.br\/2016\/?p=186444"},"modified":"2018-01-17T08:21:18","modified_gmt":"2018-01-17T11:21:18","slug":"temer-manda-afastar-15-vice-presidente-da-caixa-por-15-dias","status":"publish","type":"post","link":"https:\/\/blogdofarnesio.com.br\/2018\/01\/temer-manda-afastar-15-vice-presidente-da-caixa-por-15-dias\/","title":{"rendered":"TEMER MANDA AFASTAR 15 VICE-PRESIDENTE DA CAIXA POR 15 DIAS"},"content":{"rendered":"<header>\n<figure><figcaption>Foto: Alan Santos\/Presid\u00eancia da Rep\u00fablica<\/figcaption><\/figure>\n<\/header>\n<div class=\"content-noticia\">\n<div id=\"texto-noticia\">\n<p style=\"text-align: justify;\">De acordo com a Secretaria Especial de Comunica\u00e7\u00e3o Social da Presid\u00eancia da Rep\u00fablica, o presidente da Rep\u00fablica, Michel Temer, determinou ao ministro da Fazenda, Henrique Meirelles, al\u00e9m do presidente da CEF, Gilberto Ochi, que afastem imediatamente os quatro vice-presidentes do banco por 15 dias, prazo que ter\u00e3o para apresentar ampla defesa das acusa\u00e7\u00f5es feitas pelo MPF em rela\u00e7\u00e3o \u00e0 opera\u00e7\u00f5es do FGTS.<\/p>\n<p style=\"text-align: justify;\">De acordo com o site UOL, os afastamentos guardam rela\u00e7\u00e3o com a opera\u00e7\u00e3o da PF e MPF na caixa Econ\u00f4mica Federal. O Banco Central alertou o presidente que ele poderia ser processado por improbidade, caso mantivesse no comando dos bancos pessoas que n\u00e3o tem reputa\u00e7\u00e3o ilibada. O problema \u00e9 que at\u00e9 o presidente da institui\u00e7\u00e3o j\u00e1 foi acusado de ter uma \u2018meta de propina\u2019 pelo doleiro Funaro.<\/p>\n<p style=\"text-align: justify;\">Nesta ter\u00e7a-feira, em alega\u00e7\u00f5es finais no \u00e2mbito da a\u00e7\u00e3o penal derivada da opera\u00e7\u00e3o S\u00e9psis, que investiga desvios no fundo de investimentos do FI-FGTS, o Minist\u00e9rio P\u00fablico Federal (MPF) pediu \u00e0 Justi\u00e7a que os ex-presidentes da C\u00e2mara Eduardo Cunha (MDB-RJ) e Henrique Eduardo Alves (MDB-RN) sejam condenados, respectivamente, a penas de 386 anos e de 78 anos de pris\u00e3o.<\/p>\n<p style=\"text-align: justify;\">De acordo com a acusa\u00e7\u00e3o, Cunha cometeu os crimes de corrup\u00e7\u00e3o passiva e ativa, lavagem de dinheiro e prevarica\u00e7\u00e3o. Henrique Alves, por sua vez, responde por corrup\u00e7\u00e3o passiva e lavagem de dinheiro.<\/p>\n<p style=\"text-align: justify;\">Al\u00e9m dos dois ex-parlamentares, que j\u00e1 est\u00e3o presos, s\u00e3o r\u00e9us no processo o ex-vice-presidente da Caixa Fabio Cleto, o corretor L\u00facio Bolonha Funaro e seu funcion\u00e1rio Alexandre Margotto. Os tr\u00eas assinaram acordos de dela\u00e7\u00e3o premiada e, portanto, os procuradores sugerem o cumprimento das penas estipuladas nas negocia\u00e7\u00f5es.<\/p>\n<p style=\"text-align: justify;\">As alega\u00e7\u00f5es finais s\u00e3o a \u00faltima etapa do processo antes das senten\u00e7a. Esse caso tramita na 10\u00aa Vara Federal em Bras\u00edlia sob titularidade do juiz Vallisney de Souza Oliveira.<\/p>\n<p style=\"text-align: justify;\">Ainda por conta dos supostos preju\u00edzos causados pela corrup\u00e7\u00e3o, os procuradores pedem uma multa de R$ 13,7 milh\u00f5es para Cunha e R$ 3,2 milh\u00f5es para Alves.<\/p>\n<p style=\"text-align: justify;\">Na pe\u00e7a, o MPF explica que os crimes imputados a eles s\u00e3o referentes apenas ao caso envolvendo a empresa Carioca Engenharia. O caso representa apenas 4% da propina recebido por Cleto enquanto vice-presidente de Fundos de Governo e Loteria da Caixa.<\/p>\n<p style=\"text-align: justify;\">\u201cFicou comprovado nestes autos, pelos elementos probat\u00f3rios, assim como atualmente vem sendo descortinado em diversas opera\u00e7\u00f5es realizadas, como \u00e9 o caso das denominadas opera\u00e7\u00f5es S\u00e9psis, Cui Bono, Patmos e Lava Jato, entre outras, um esquema criminoso que utiliza ardilosamente a Administra\u00e7\u00e3o P\u00fablica como forma de obter vantagens indevidas. Participavam desse conluio pol\u00edticos, agentes p\u00fablicos, operadores financeiros, empres\u00e1rios e outros agentes privados\u201d, diz o MPF.<\/p>\n<p style=\"text-align: justify;\">A opera\u00e7\u00e3o S\u00e9psis, origem do processo no qual o MPF pede a condena\u00e7\u00e3o dos emedebistas, foi deflagrada pela Pol\u00edcia Federal e pela Procuradoria-geral da Rep\u00fablica em julho de 2015. A a\u00e7\u00e3o teve como base a dela\u00e7\u00e3o premiada de Cleto e dos executivos da Carioca Engenharia que detalharam como o grupo pol\u00edtico de Cunha e Alves se valiam da nomea\u00e7\u00e3o de diretores na Caixa para cobrar propina de empresas interessadas em aportes do FI-FGTS.<\/p>\n<p style=\"text-align: justify;\">No t\u00f3pico em que define a dosimetria de pena e aponta a sugest\u00e3o de 386 anos para Cunha e 78 para Alves, os procuradores Anselmo Lopes e Sarah Moreira, afirmam que os dois s\u00e3o \u201ccriminosos em s\u00e9rie (criminal serial) ,fazendo da pol\u00edtica e da vida p\u00fablica um caminho para a vida delituosa.\u201d<\/p>\n<p>\u201cDe fato, restou demonstrado no curso da a\u00e7\u00e3o penal que Cunha e Alves possuem personalidades voltadas para o crime, para a corrup\u00e7\u00e3o em seu sentido mais amplo. S\u00e3o pessoas que n\u00e3o demonstraram ou comunicaram, ao menos at\u00e9 o presente momento, qualquer arrependimento por seus crimes\u201d, afirmam os procuradores.<\/p>\n<h2>Defesas<\/h2>\n<p>O criminalista D\u00e9lio Lins e Silva J\u00fanior, defensor de Eduardo Cunha disse que \u201ca defesa demonstrar\u00e1 em suas alega\u00e7\u00f5es finais que a acusa\u00e7\u00e3o \u00e9 fr\u00e1gil e tem certeza da absolvi\u00e7\u00e3o.\u201d<\/p>\n<p>A reportagem est\u00e1 tentando contato com a defesa do ex-deputado Henrique Eduardo Alves. O espa\u00e7o est\u00e1 aberto para manifesta\u00e7\u00e3o.<\/p>\n<p>Com ag\u00eancia Estado<\/p>\n<\/div>\n<\/div>\n","protected":false},"excerpt":{"rendered":"<p>Foto: Alan Santos\/Presid\u00eancia da Rep\u00fablica De acordo com a Secretaria Especial de Comunica\u00e7\u00e3o Social da Presid\u00eancia da Rep\u00fablica, o presidente da Rep\u00fablica, Michel Temer, determinou ao ministro da Fazenda, Henrique Meirelles, al\u00e9m do presidente da CEF, Gilberto Ochi, que afastem imediatamente os quatro vice-presidentes do banco por 15 dias, prazo que ter\u00e3o para apresentar ampla defesa das acusa\u00e7\u00f5es feitas pelo MPF em rela\u00e7\u00e3o \u00e0 opera\u00e7\u00f5es do FGTS. De acordo com o site UOL, os afastamentos guardam rela\u00e7\u00e3o com a opera\u00e7\u00e3o da PF e MPF na caixa Econ\u00f4mica Federal. O Banco Central alertou o presidente que ele poderia ser processado por improbidade, caso mantivesse no comando dos bancos pessoas que n\u00e3o tem reputa\u00e7\u00e3o ilibada. O problema \u00e9 que at\u00e9 o presidente&hellip; <\/p>\n","protected":false},"author":1,"featured_media":186446,"comment_status":"open","ping_status":"closed","sticky":false,"template":"","format":"standard","meta":{"_acf_changed":false,"footnotes":""},"categories":[1],"tags":[],"class_list":["post-186444","post","type-post","status-publish","format-standard","has-post-thumbnail","hentry","category-politica"],"acf":[],"yoast_head":"<!-- This site is optimized with the Yoast SEO plugin v27.5 - https:\/\/yoast.com\/product\/yoast-seo-wordpress\/ -->\n<title>TEMER MANDA AFASTAR 15 VICE-PRESIDENTE DA CAIXA POR 15 DIAS - Blog do Farn\u00e9sio<\/title>\n<meta name=\"robots\" content=\"index, follow, max-snippet:-1, max-image-preview:large, max-video-preview:-1\" \/>\n<link rel=\"canonical\" href=\"https:\/\/blogdofarnesio.com.br\/2018\/01\/temer-manda-afastar-15-vice-presidente-da-caixa-por-15-dias\/\" \/>\n<meta property=\"og:locale\" content=\"pt_BR\" \/>\n<meta property=\"og:type\" content=\"article\" \/>\n<meta property=\"og:title\" content=\"TEMER MANDA AFASTAR 15 VICE-PRESIDENTE DA CAIXA POR 15 DIAS - Blog do Farn\u00e9sio\" \/>\n<meta property=\"og:description\" content=\"Foto: Alan Santos\/Presid\u00eancia da Rep\u00fablica De acordo com a Secretaria Especial de Comunica\u00e7\u00e3o Social da Presid\u00eancia da Rep\u00fablica, o presidente da Rep\u00fablica, Michel Temer, determinou ao ministro da Fazenda, Henrique Meirelles, al\u00e9m do presidente da CEF, Gilberto Ochi, que afastem imediatamente os quatro vice-presidentes do banco por 15 dias, prazo que ter\u00e3o para apresentar ampla defesa das acusa\u00e7\u00f5es feitas pelo MPF em rela\u00e7\u00e3o \u00e0 opera\u00e7\u00f5es do FGTS. De acordo com o site UOL, os afastamentos guardam rela\u00e7\u00e3o com a opera\u00e7\u00e3o da PF e MPF na caixa Econ\u00f4mica Federal. O Banco Central alertou o presidente que ele poderia ser processado por improbidade, caso mantivesse no comando dos bancos pessoas que n\u00e3o tem reputa\u00e7\u00e3o ilibada. O problema \u00e9 que at\u00e9 o presidente&hellip;\" \/>\n<meta property=\"og:url\" content=\"https:\/\/blogdofarnesio.com.br\/2018\/01\/temer-manda-afastar-15-vice-presidente-da-caixa-por-15-dias\/\" \/>\n<meta property=\"og:site_name\" content=\"Blog do Farn\u00e9sio\" \/>\n<meta property=\"article:publisher\" content=\"https:\/\/www.facebook.com\/BlogQuerSaberPolitica\/\" \/>\n<meta property=\"article:published_time\" content=\"2018-01-17T15:00:55+00:00\" \/>\n<meta property=\"og:image\" content=\"https:\/\/blogdofarnesio.com.br\/wp-content\/uploads\/2018\/01\/blogqsp-temer-ministros-1.jpg\" \/>\n\t<meta property=\"og:image:width\" content=\"748\" \/>\n\t<meta property=\"og:image:height\" content=\"410\" \/>\n\t<meta property=\"og:image:type\" content=\"image\/jpeg\" \/>\n<meta name=\"author\" content=\"Farn\u00e9sio\" \/>\n<meta name=\"twitter:card\" content=\"summary_large_image\" \/>\n<meta name=\"twitter:label1\" content=\"Escrito por\" \/>\n\t<meta name=\"twitter:data1\" content=\"Farn\u00e9sio\" \/>\n\t<meta name=\"twitter:label2\" content=\"Est. tempo de leitura\" \/>\n\t<meta name=\"twitter:data2\" content=\"4 minutos\" \/>\n<script type=\"application\/ld+json\" class=\"yoast-schema-graph\">{\"@context\":\"https:\\\/\\\/schema.org\",\"@graph\":[{\"@type\":\"Article\",\"@id\":\"https:\\\/\\\/blogdofarnesio.com.br\\\/2018\\\/01\\\/temer-manda-afastar-15-vice-presidente-da-caixa-por-15-dias\\\/#article\",\"isPartOf\":{\"@id\":\"https:\\\/\\\/blogdofarnesio.com.br\\\/2018\\\/01\\\/temer-manda-afastar-15-vice-presidente-da-caixa-por-15-dias\\\/\"},\"author\":{\"name\":\"Farn\u00e9sio\",\"@id\":\"https:\\\/\\\/blogdofarnesio.com.br\\\/#\\\/schema\\\/person\\\/301c4acf522bccbfdb45af95b5b906a1\"},\"headline\":\"TEMER MANDA AFASTAR 15 VICE-PRESIDENTE DA CAIXA POR 15 DIAS\",\"datePublished\":\"2018-01-17T15:00:55+00:00\",\"mainEntityOfPage\":{\"@id\":\"https:\\\/\\\/blogdofarnesio.com.br\\\/2018\\\/01\\\/temer-manda-afastar-15-vice-presidente-da-caixa-por-15-dias\\\/\"},\"wordCount\":738,\"commentCount\":0,\"publisher\":{\"@id\":\"https:\\\/\\\/blogdofarnesio.com.br\\\/#organization\"},\"image\":{\"@id\":\"https:\\\/\\\/blogdofarnesio.com.br\\\/2018\\\/01\\\/temer-manda-afastar-15-vice-presidente-da-caixa-por-15-dias\\\/#primaryimage\"},\"thumbnailUrl\":\"https:\\\/\\\/blogdofarnesio.com.br\\\/wp-content\\\/uploads\\\/2018\\\/01\\\/blogqsp-temer-ministros-1.jpg\",\"articleSection\":[\"Pol\u00edtica\"],\"inLanguage\":\"pt-BR\",\"potentialAction\":[{\"@type\":\"CommentAction\",\"name\":\"Comment\",\"target\":[\"https:\\\/\\\/blogdofarnesio.com.br\\\/2018\\\/01\\\/temer-manda-afastar-15-vice-presidente-da-caixa-por-15-dias\\\/#respond\"]}]},{\"@type\":\"WebPage\",\"@id\":\"https:\\\/\\\/blogdofarnesio.com.br\\\/2018\\\/01\\\/temer-manda-afastar-15-vice-presidente-da-caixa-por-15-dias\\\/\",\"url\":\"https:\\\/\\\/blogdofarnesio.com.br\\\/2018\\\/01\\\/temer-manda-afastar-15-vice-presidente-da-caixa-por-15-dias\\\/\",\"name\":\"TEMER MANDA AFASTAR 15 VICE-PRESIDENTE DA CAIXA POR 15 DIAS - Blog do Farn\u00e9sio\",\"isPartOf\":{\"@id\":\"https:\\\/\\\/blogdofarnesio.com.br\\\/#website\"},\"primaryImageOfPage\":{\"@id\":\"https:\\\/\\\/blogdofarnesio.com.br\\\/2018\\\/01\\\/temer-manda-afastar-15-vice-presidente-da-caixa-por-15-dias\\\/#primaryimage\"},\"image\":{\"@id\":\"https:\\\/\\\/blogdofarnesio.com.br\\\/2018\\\/01\\\/temer-manda-afastar-15-vice-presidente-da-caixa-por-15-dias\\\/#primaryimage\"},\"thumbnailUrl\":\"https:\\\/\\\/blogdofarnesio.com.br\\\/wp-content\\\/uploads\\\/2018\\\/01\\\/blogqsp-temer-ministros-1.jpg\",\"datePublished\":\"2018-01-17T15:00:55+00:00\",\"breadcrumb\":{\"@id\":\"https:\\\/\\\/blogdofarnesio.com.br\\\/2018\\\/01\\\/temer-manda-afastar-15-vice-presidente-da-caixa-por-15-dias\\\/#breadcrumb\"},\"inLanguage\":\"pt-BR\",\"potentialAction\":[{\"@type\":\"ReadAction\",\"target\":[\"https:\\\/\\\/blogdofarnesio.com.br\\\/2018\\\/01\\\/temer-manda-afastar-15-vice-presidente-da-caixa-por-15-dias\\\/\"]}]},{\"@type\":\"ImageObject\",\"inLanguage\":\"pt-BR\",\"@id\":\"https:\\\/\\\/blogdofarnesio.com.br\\\/2018\\\/01\\\/temer-manda-afastar-15-vice-presidente-da-caixa-por-15-dias\\\/#primaryimage\",\"url\":\"https:\\\/\\\/blogdofarnesio.com.br\\\/wp-content\\\/uploads\\\/2018\\\/01\\\/blogqsp-temer-ministros-1.jpg\",\"contentUrl\":\"https:\\\/\\\/blogdofarnesio.com.br\\\/wp-content\\\/uploads\\\/2018\\\/01\\\/blogqsp-temer-ministros-1.jpg\",\"width\":748,\"height\":410},{\"@type\":\"BreadcrumbList\",\"@id\":\"https:\\\/\\\/blogdofarnesio.com.br\\\/2018\\\/01\\\/temer-manda-afastar-15-vice-presidente-da-caixa-por-15-dias\\\/#breadcrumb\",\"itemListElement\":[{\"@type\":\"ListItem\",\"position\":1,\"name\":\"In\u00edcio\",\"item\":\"https:\\\/\\\/blogdofarnesio.com.br\\\/\"},{\"@type\":\"ListItem\",\"position\":2,\"name\":\"TEMER MANDA AFASTAR 15 VICE-PRESIDENTE DA CAIXA POR 15 DIAS\"}]},{\"@type\":\"WebSite\",\"@id\":\"https:\\\/\\\/blogdofarnesio.com.br\\\/#website\",\"url\":\"https:\\\/\\\/blogdofarnesio.com.br\\\/\",\"name\":\"Blog do Farn\u00e9sio\",\"description\":\"Quer Saber Pol\u00edtica?\",\"publisher\":{\"@id\":\"https:\\\/\\\/blogdofarnesio.com.br\\\/#organization\"},\"potentialAction\":[{\"@type\":\"SearchAction\",\"target\":{\"@type\":\"EntryPoint\",\"urlTemplate\":\"https:\\\/\\\/blogdofarnesio.com.br\\\/?s={search_term_string}\"},\"query-input\":{\"@type\":\"PropertyValueSpecification\",\"valueRequired\":true,\"valueName\":\"search_term_string\"}}],\"inLanguage\":\"pt-BR\"},{\"@type\":\"Organization\",\"@id\":\"https:\\\/\\\/blogdofarnesio.com.br\\\/#organization\",\"name\":\"Blog do Farn\u00e9sio\",\"url\":\"https:\\\/\\\/blogdofarnesio.com.br\\\/\",\"logo\":{\"@type\":\"ImageObject\",\"inLanguage\":\"pt-BR\",\"@id\":\"https:\\\/\\\/blogdofarnesio.com.br\\\/#\\\/schema\\\/logo\\\/image\\\/\",\"url\":\"https:\\\/\\\/blogdofarnesio.com.br\\\/wp-content\\\/uploads\\\/2026\\\/03\\\/cropped-logo_new-1.png\",\"contentUrl\":\"https:\\\/\\\/blogdofarnesio.com.br\\\/wp-content\\\/uploads\\\/2026\\\/03\\\/cropped-logo_new-1.png\",\"width\":881,\"height\":685,\"caption\":\"Blog do Farn\u00e9sio\"},\"image\":{\"@id\":\"https:\\\/\\\/blogdofarnesio.com.br\\\/#\\\/schema\\\/logo\\\/image\\\/\"},\"sameAs\":[\"https:\\\/\\\/www.facebook.com\\\/BlogQuerSaberPolitica\\\/\"]},{\"@type\":\"Person\",\"@id\":\"https:\\\/\\\/blogdofarnesio.com.br\\\/#\\\/schema\\\/person\\\/301c4acf522bccbfdb45af95b5b906a1\",\"name\":\"Farn\u00e9sio\",\"image\":{\"@type\":\"ImageObject\",\"inLanguage\":\"pt-BR\",\"@id\":\"https:\\\/\\\/secure.gravatar.com\\\/avatar\\\/df0c9a14567c056f8ad6876ba5bbd1e3e2c48023eb6807342fc4663adf549f38?s=96&d=mm&r=g\",\"url\":\"https:\\\/\\\/secure.gravatar.com\\\/avatar\\\/df0c9a14567c056f8ad6876ba5bbd1e3e2c48023eb6807342fc4663adf549f38?s=96&d=mm&r=g\",\"contentUrl\":\"https:\\\/\\\/secure.gravatar.com\\\/avatar\\\/df0c9a14567c056f8ad6876ba5bbd1e3e2c48023eb6807342fc4663adf549f38?s=96&d=mm&r=g\",\"caption\":\"Farn\u00e9sio\"},\"sameAs\":[\"https:\\\/\\\/quersaberpolitica.com.br\"],\"url\":\"https:\\\/\\\/blogdofarnesio.com.br\\\/author\\\/farnesio\\\/\"}]}<\/script>\n<!-- \/ Yoast SEO plugin. -->","yoast_head_json":{"title":"TEMER MANDA AFASTAR 15 VICE-PRESIDENTE DA CAIXA POR 15 DIAS - Blog do Farn\u00e9sio","robots":{"index":"index","follow":"follow","max-snippet":"max-snippet:-1","max-image-preview":"max-image-preview:large","max-video-preview":"max-video-preview:-1"},"canonical":"https:\/\/blogdofarnesio.com.br\/2018\/01\/temer-manda-afastar-15-vice-presidente-da-caixa-por-15-dias\/","og_locale":"pt_BR","og_type":"article","og_title":"TEMER MANDA AFASTAR 15 VICE-PRESIDENTE DA CAIXA POR 15 DIAS - Blog do Farn\u00e9sio","og_description":"Foto: Alan Santos\/Presid\u00eancia da Rep\u00fablica De acordo com a Secretaria Especial de Comunica\u00e7\u00e3o Social da Presid\u00eancia da Rep\u00fablica, o presidente da Rep\u00fablica, Michel Temer, determinou ao ministro da Fazenda, Henrique Meirelles, al\u00e9m do presidente da CEF, Gilberto Ochi, que afastem imediatamente os quatro vice-presidentes do banco por 15 dias, prazo que ter\u00e3o para apresentar ampla defesa das acusa\u00e7\u00f5es feitas pelo MPF em rela\u00e7\u00e3o \u00e0 opera\u00e7\u00f5es do FGTS. De acordo com o site UOL, os afastamentos guardam rela\u00e7\u00e3o com a opera\u00e7\u00e3o da PF e MPF na caixa Econ\u00f4mica Federal. O Banco Central alertou o presidente que ele poderia ser processado por improbidade, caso mantivesse no comando dos bancos pessoas que n\u00e3o tem reputa\u00e7\u00e3o ilibada. O problema \u00e9 que at\u00e9 o presidente&hellip;","og_url":"https:\/\/blogdofarnesio.com.br\/2018\/01\/temer-manda-afastar-15-vice-presidente-da-caixa-por-15-dias\/","og_site_name":"Blog do Farn\u00e9sio","article_publisher":"https:\/\/www.facebook.com\/BlogQuerSaberPolitica\/","article_published_time":"2018-01-17T15:00:55+00:00","og_image":[{"width":748,"height":410,"url":"https:\/\/blogdofarnesio.com.br\/wp-content\/uploads\/2018\/01\/blogqsp-temer-ministros-1.jpg","type":"image\/jpeg"}],"author":"Farn\u00e9sio","twitter_card":"summary_large_image","twitter_misc":{"Escrito por":"Farn\u00e9sio","Est. tempo de leitura":"4 minutos"},"schema":{"@context":"https:\/\/schema.org","@graph":[{"@type":"Article","@id":"https:\/\/blogdofarnesio.com.br\/2018\/01\/temer-manda-afastar-15-vice-presidente-da-caixa-por-15-dias\/#article","isPartOf":{"@id":"https:\/\/blogdofarnesio.com.br\/2018\/01\/temer-manda-afastar-15-vice-presidente-da-caixa-por-15-dias\/"},"author":{"name":"Farn\u00e9sio","@id":"https:\/\/blogdofarnesio.com.br\/#\/schema\/person\/301c4acf522bccbfdb45af95b5b906a1"},"headline":"TEMER MANDA AFASTAR 15 VICE-PRESIDENTE DA CAIXA POR 15 DIAS","datePublished":"2018-01-17T15:00:55+00:00","mainEntityOfPage":{"@id":"https:\/\/blogdofarnesio.com.br\/2018\/01\/temer-manda-afastar-15-vice-presidente-da-caixa-por-15-dias\/"},"wordCount":738,"commentCount":0,"publisher":{"@id":"https:\/\/blogdofarnesio.com.br\/#organization"},"image":{"@id":"https:\/\/blogdofarnesio.com.br\/2018\/01\/temer-manda-afastar-15-vice-presidente-da-caixa-por-15-dias\/#primaryimage"},"thumbnailUrl":"https:\/\/blogdofarnesio.com.br\/wp-content\/uploads\/2018\/01\/blogqsp-temer-ministros-1.jpg","articleSection":["Pol\u00edtica"],"inLanguage":"pt-BR","potentialAction":[{"@type":"CommentAction","name":"Comment","target":["https:\/\/blogdofarnesio.com.br\/2018\/01\/temer-manda-afastar-15-vice-presidente-da-caixa-por-15-dias\/#respond"]}]},{"@type":"WebPage","@id":"https:\/\/blogdofarnesio.com.br\/2018\/01\/temer-manda-afastar-15-vice-presidente-da-caixa-por-15-dias\/","url":"https:\/\/blogdofarnesio.com.br\/2018\/01\/temer-manda-afastar-15-vice-presidente-da-caixa-por-15-dias\/","name":"TEMER MANDA AFASTAR 15 VICE-PRESIDENTE DA CAIXA POR 15 DIAS - Blog do Farn\u00e9sio","isPartOf":{"@id":"https:\/\/blogdofarnesio.com.br\/#website"},"primaryImageOfPage":{"@id":"https:\/\/blogdofarnesio.com.br\/2018\/01\/temer-manda-afastar-15-vice-presidente-da-caixa-por-15-dias\/#primaryimage"},"image":{"@id":"https:\/\/blogdofarnesio.com.br\/2018\/01\/temer-manda-afastar-15-vice-presidente-da-caixa-por-15-dias\/#primaryimage"},"thumbnailUrl":"https:\/\/blogdofarnesio.com.br\/wp-content\/uploads\/2018\/01\/blogqsp-temer-ministros-1.jpg","datePublished":"2018-01-17T15:00:55+00:00","breadcrumb":{"@id":"https:\/\/blogdofarnesio.com.br\/2018\/01\/temer-manda-afastar-15-vice-presidente-da-caixa-por-15-dias\/#breadcrumb"},"inLanguage":"pt-BR","potentialAction":[{"@type":"ReadAction","target":["https:\/\/blogdofarnesio.com.br\/2018\/01\/temer-manda-afastar-15-vice-presidente-da-caixa-por-15-dias\/"]}]},{"@type":"ImageObject","inLanguage":"pt-BR","@id":"https:\/\/blogdofarnesio.com.br\/2018\/01\/temer-manda-afastar-15-vice-presidente-da-caixa-por-15-dias\/#primaryimage","url":"https:\/\/blogdofarnesio.com.br\/wp-content\/uploads\/2018\/01\/blogqsp-temer-ministros-1.jpg","contentUrl":"https:\/\/blogdofarnesio.com.br\/wp-content\/uploads\/2018\/01\/blogqsp-temer-ministros-1.jpg","width":748,"height":410},{"@type":"BreadcrumbList","@id":"https:\/\/blogdofarnesio.com.br\/2018\/01\/temer-manda-afastar-15-vice-presidente-da-caixa-por-15-dias\/#breadcrumb","itemListElement":[{"@type":"ListItem","position":1,"name":"In\u00edcio","item":"https:\/\/blogdofarnesio.com.br\/"},{"@type":"ListItem","position":2,"name":"TEMER MANDA AFASTAR 15 VICE-PRESIDENTE DA CAIXA POR 15 DIAS"}]},{"@type":"WebSite","@id":"https:\/\/blogdofarnesio.com.br\/#website","url":"https:\/\/blogdofarnesio.com.br\/","name":"Blog do Farn\u00e9sio","description":"Quer Saber Pol\u00edtica?","publisher":{"@id":"https:\/\/blogdofarnesio.com.br\/#organization"},"potentialAction":[{"@type":"SearchAction","target":{"@type":"EntryPoint","urlTemplate":"https:\/\/blogdofarnesio.com.br\/?s={search_term_string}"},"query-input":{"@type":"PropertyValueSpecification","valueRequired":true,"valueName":"search_term_string"}}],"inLanguage":"pt-BR"},{"@type":"Organization","@id":"https:\/\/blogdofarnesio.com.br\/#organization","name":"Blog do Farn\u00e9sio","url":"https:\/\/blogdofarnesio.com.br\/","logo":{"@type":"ImageObject","inLanguage":"pt-BR","@id":"https:\/\/blogdofarnesio.com.br\/#\/schema\/logo\/image\/","url":"https:\/\/blogdofarnesio.com.br\/wp-content\/uploads\/2026\/03\/cropped-logo_new-1.png","contentUrl":"https:\/\/blogdofarnesio.com.br\/wp-content\/uploads\/2026\/03\/cropped-logo_new-1.png","width":881,"height":685,"caption":"Blog do Farn\u00e9sio"},"image":{"@id":"https:\/\/blogdofarnesio.com.br\/#\/schema\/logo\/image\/"},"sameAs":["https:\/\/www.facebook.com\/BlogQuerSaberPolitica\/"]},{"@type":"Person","@id":"https:\/\/blogdofarnesio.com.br\/#\/schema\/person\/301c4acf522bccbfdb45af95b5b906a1","name":"Farn\u00e9sio","image":{"@type":"ImageObject","inLanguage":"pt-BR","@id":"https:\/\/secure.gravatar.com\/avatar\/df0c9a14567c056f8ad6876ba5bbd1e3e2c48023eb6807342fc4663adf549f38?s=96&d=mm&r=g","url":"https:\/\/secure.gravatar.com\/avatar\/df0c9a14567c056f8ad6876ba5bbd1e3e2c48023eb6807342fc4663adf549f38?s=96&d=mm&r=g","contentUrl":"https:\/\/secure.gravatar.com\/avatar\/df0c9a14567c056f8ad6876ba5bbd1e3e2c48023eb6807342fc4663adf549f38?s=96&d=mm&r=g","caption":"Farn\u00e9sio"},"sameAs":["https:\/\/quersaberpolitica.com.br"],"url":"https:\/\/blogdofarnesio.com.br\/author\/farnesio\/"}]}},"_links":{"self":[{"href":"https:\/\/blogdofarnesio.com.br\/wp-json\/wp\/v2\/posts\/186444","targetHints":{"allow":["GET"]}}],"collection":[{"href":"https:\/\/blogdofarnesio.com.br\/wp-json\/wp\/v2\/posts"}],"about":[{"href":"https:\/\/blogdofarnesio.com.br\/wp-json\/wp\/v2\/types\/post"}],"author":[{"embeddable":true,"href":"https:\/\/blogdofarnesio.com.br\/wp-json\/wp\/v2\/users\/1"}],"replies":[{"embeddable":true,"href":"https:\/\/blogdofarnesio.com.br\/wp-json\/wp\/v2\/comments?post=186444"}],"version-history":[{"count":0,"href":"https:\/\/blogdofarnesio.com.br\/wp-json\/wp\/v2\/posts\/186444\/revisions"}],"wp:featuredmedia":[{"embeddable":true,"href":"https:\/\/blogdofarnesio.com.br\/wp-json\/wp\/v2\/media\/186446"}],"wp:attachment":[{"href":"https:\/\/blogdofarnesio.com.br\/wp-json\/wp\/v2\/media?parent=186444"}],"wp:term":[{"taxonomy":"category","embeddable":true,"href":"https:\/\/blogdofarnesio.com.br\/wp-json\/wp\/v2\/categories?post=186444"},{"taxonomy":"post_tag","embeddable":true,"href":"https:\/\/blogdofarnesio.com.br\/wp-json\/wp\/v2\/tags?post=186444"}],"curies":[{"name":"wp","href":"https:\/\/api.w.org\/{rel}","templated":true}]}}