{"id":186442,"date":"2018-01-17T11:00:23","date_gmt":"2018-01-17T14:00:23","guid":{"rendered":"http:\/\/quersaberpolitica.com.br\/2016\/?p=186442"},"modified":"2018-01-17T08:14:23","modified_gmt":"2018-01-17T11:14:23","slug":"sem-registro-de-casos-prefeitura-de-petrolina-tranquiliza-populacao-sobre-febre-amarela-2","status":"publish","type":"post","link":"https:\/\/blogdofarnesio.com.br\/?p=186442","title":{"rendered":"SEM REGISTRO DE CASOS, PREFEITURA DE PETROLINA TRANQUILIZA POPULA\u00c7\u00c3O SOBRE FEBRE AMARELA"},"content":{"rendered":"<p style=\"font-weight: 400; text-align: justify;\">Desde os primeiros dias de 2018, quando a m\u00eddia nacional come\u00e7ou a veicular not\u00edcias\u00a0 sobre casos confirmados de febre amarela em S\u00e3o Paulo; Minas Gerais; Bahia e Rio de Janeiro, a procura pela vacina contra a doen\u00e7a aumentou em Petrolina, Pernambuco. Por conta disso, a Secretaria de Sa\u00fade do munic\u00edpio tranquiliza a popula\u00e7\u00e3o.\u00a0<em>\u201cN\u00e3o temos nenhum caso de febre amarela em nosso munic\u00edpio, e n\u00e3o somos considerados \u00e1rea de risco para o agravo\u201d,<\/em>\u00a0esclarece Marlene Leandro, secret\u00e1ria executiva de Vigil\u00e2ncia em Sa\u00fade.<\/p>\n<p style=\"font-weight: 400; text-align: justify;\">O Minist\u00e9rio da Sa\u00fade vem realizando campanhas nos quatro estados com casos confirmados de febre amarela, seguindo a orienta\u00e7\u00e3o da Organiza\u00e7\u00e3o Pan- americana de sa\u00fade (OPAS), que destacou em comunicado oficial:\u00a0<em>&#8220;Estados que n\u00e3o est\u00e3o apresentando surto n\u00e3o devem conduzir campanhas de vacina\u00e7\u00e3o de febre amarela. A prioridade deve ser dada a popula\u00e7\u00f5es suscet\u00edveis&#8221;.<\/em><\/p>\n<p style=\"font-weight: 400; text-align: justify;\">Em Petrolina, portanto, a vacina\u00e7\u00e3o continua apenas para os p\u00fablicos-alvo recomendados, que s\u00e3o\u00a0crian\u00e7as a partir dos nove meses que viajar\u00e3o para regi\u00f5es consideradas de risco, bem como adultos na mesma situa\u00e7\u00e3o.<\/p>\n<p style=\"font-weight: 400; text-align: justify;\"><em>\u201cQuem for viajar para lugares de risco deve tomar a vacina 10 dias antes da viagem. Al\u00e9m disso, deve apresentar um comprovante de viagem, como passagem de avi\u00e3o ou \u00f4nibus. Esses cuidados s\u00e3o necess\u00e1rios para que as doses sejam direcionadas a quem realmente precisa\u201d<\/em>\u00a0explica Marlene.<\/p>\n<p style=\"font-weight: 400; text-align: justify;\">O munic\u00edpio possui duas unidades de sa\u00fade de refer\u00eancia para vacina\u00e7\u00e3o contra febre amarela. A AME Am\u00e1lia Granja, localizada no bairro Vila Moc\u00f3, pr\u00f3ximo ao Parque Josefa Coelho, e a AME Roza Maria Ribeiro, no bairro Gercino Coelho, pr\u00f3ximo \u00e0 Rodovi\u00e1ria.<\/p>\n<p style=\"font-weight: 400; text-align: justify;\"><strong>Febre amarela<\/strong><\/p>\n<p style=\"font-weight: 400; text-align: justify;\"><strong>O que \u00e9?<\/strong><\/p>\n<p style=\"font-weight: 400; text-align: justify;\">A febre amarela \u00e9 uma doen\u00e7a infecciosa aguda, de curta dura\u00e7\u00e3o (no m\u00e1ximo 10 dias), gravidade vari\u00e1vel, causada pelo v\u00edrus da febre amarela, que ocorre na Am\u00e9rica do Sul e na \u00c1frica.<\/p>\n<p style=\"font-weight: 400; text-align: justify;\"><strong>Qual o microrganismo envolvido?<\/strong><\/p>\n<p style=\"font-weight: 400; text-align: justify;\">Arbov\u00edrus do g\u00eanero Flavivirus, fam\u00edlia Flaviviridae.<\/p>\n<p style=\"font-weight: 400; text-align: justify;\"><strong>Quais os sintomas?<\/strong><\/p>\n<p style=\"font-weight: 400; text-align: justify;\">Os sintomas s\u00e3o: febre, dor de cabe\u00e7a, calafrios, n\u00e1useas, v\u00f4mito, dores no corpo, icter\u00edcia (a pele e os olhos ficam amarelos) e hemorragias (de gengivas, nariz, est\u00f4mago, intestino e urina).<\/p>\n<p style=\"font-weight: 400; text-align: justify;\"><strong>Como se transmite?<\/strong><\/p>\n<p style=\"font-weight: 400; text-align: justify;\">A febre amarela \u00e9 transmitida pela picada dos mosquitos transmissores infectados. A transmiss\u00e3o de pessoa para pessoa n\u00e3o existe.<\/p>\n<p style=\"font-weight: 400; text-align: justify;\"><strong>Como tratar?<\/strong><\/p>\n<p style=\"font-weight: 400; text-align: justify;\">N\u00e3o existe nada espec\u00edfico. O tratamento \u00e9 apenas sintom\u00e1tico e requer cuidados na assist\u00eancia ao paciente que, sob hospitaliza\u00e7\u00e3o, deve permanecer em repouso com reposi\u00e7\u00e3o de l\u00edquidos e das perdas sangu\u00edneas, quando indicado. Nas formas graves, o paciente deve ser atendido numa Unidade de Terapia Intensiva. Se o paciente n\u00e3o receber assist\u00eancia m\u00e9dica, ele pode morrer.<\/p>\n<p style=\"font-weight: 400; text-align: justify;\"><strong>Como se prevenir?<\/strong><\/p>\n<p style=\"font-weight: 400; text-align: justify;\">A \u00fanica forma de evitar a febre amarela silvestre \u00e9 a vacina\u00e7\u00e3o contra a doen\u00e7a. A vacina \u00e9 gratuita e est\u00e1 dispon\u00edvel nos postos de sa\u00fade em qualquer \u00e9poca do ano. Ela deve ser aplicada 10 dias antes da viagem para as \u00e1reas de risco de transmiss\u00e3o da doen\u00e7a. Pode ser aplicada a partir dos 9 meses e \u00e9 v\u00e1lida por 10 anos. A vacina \u00e9 contra-indicada a gestantes, imunodeprimidos (pessoas com o sistema imunol\u00f3gico debilitado) e pessoas al\u00e9rgicas a gema de ovo.<\/p>\n<p style=\"font-weight: 400; text-align: justify;\">A vacina\u00e7\u00e3o \u00e9 indicada para todas as pessoas que vivem em \u00e1reas de risco para a doen\u00e7a (zona rural da Regi\u00e3o Norte; Centro Oeste; estado do Maranh\u00e3o; parte dos estados do Piau\u00ed; Bahia; Minas Gerais; S\u00e3o Paulo; Paran\u00e1; Santa Catarina e Rio Grande do Sul), onde h\u00e1 casos da doen\u00e7a em humanos ou circula\u00e7\u00e3o do v\u00edrus entre animais (macacos).<\/p>\n<p style=\"font-weight: 400; text-align: justify;\"><strong>Karem Moraes<\/strong><\/p>\n","protected":false},"excerpt":{"rendered":"<p>Desde os primeiros dias de 2018, quando a m\u00eddia nacional come\u00e7ou a veicular not\u00edcias\u00a0 sobre casos confirmados de febre amarela em S\u00e3o Paulo; Minas Gerais; Bahia e Rio de Janeiro, a procura pela vacina contra a doen\u00e7a aumentou em Petrolina, Pernambuco. Por conta disso, a Secretaria de Sa\u00fade do munic\u00edpio tranquiliza a popula\u00e7\u00e3o.\u00a0\u201cN\u00e3o temos nenhum caso de febre amarela em nosso munic\u00edpio, e n\u00e3o somos considerados \u00e1rea de risco para o agravo\u201d,\u00a0esclarece Marlene Leandro, secret\u00e1ria executiva de Vigil\u00e2ncia em Sa\u00fade. O Minist\u00e9rio da Sa\u00fade vem realizando campanhas nos quatro estados com casos confirmados de febre amarela, seguindo a orienta\u00e7\u00e3o da Organiza\u00e7\u00e3o Pan- americana de sa\u00fade (OPAS), que destacou em comunicado oficial:\u00a0&#8220;Estados que n\u00e3o est\u00e3o apresentando surto n\u00e3o devem conduzir campanhas&hellip; <\/p>\n","protected":false},"author":1,"featured_media":155077,"comment_status":"open","ping_status":"closed","sticky":false,"template":"","format":"standard","meta":{"_acf_changed":false,"footnotes":""},"categories":[44],"tags":[],"class_list":["post-186442","post","type-post","status-publish","format-standard","has-post-thumbnail","hentry","category-administracao"],"acf":[],"yoast_head":"<!-- This site is optimized with the Yoast SEO plugin v27.4 - https:\/\/yoast.com\/product\/yoast-seo-wordpress\/ -->\n<title>SEM REGISTRO DE CASOS, PREFEITURA DE PETROLINA TRANQUILIZA POPULA\u00c7\u00c3O SOBRE FEBRE AMARELA - Blog do Farn\u00e9sio<\/title>\n<meta name=\"robots\" content=\"index, follow, max-snippet:-1, max-image-preview:large, max-video-preview:-1\" \/>\n<link rel=\"canonical\" href=\"https:\/\/blogdofarnesio.com.br\/?p=186442\" \/>\n<meta property=\"og:locale\" content=\"pt_BR\" \/>\n<meta property=\"og:type\" content=\"article\" \/>\n<meta property=\"og:title\" content=\"SEM REGISTRO DE CASOS, PREFEITURA DE PETROLINA TRANQUILIZA POPULA\u00c7\u00c3O SOBRE FEBRE AMARELA - Blog do Farn\u00e9sio\" \/>\n<meta property=\"og:description\" content=\"Desde os primeiros dias de 2018, quando a m\u00eddia nacional come\u00e7ou a veicular not\u00edcias\u00a0 sobre casos confirmados de febre amarela em S\u00e3o Paulo; Minas Gerais; Bahia e Rio de Janeiro, a procura pela vacina contra a doen\u00e7a aumentou em Petrolina, Pernambuco. Por conta disso, a Secretaria de Sa\u00fade do munic\u00edpio tranquiliza a popula\u00e7\u00e3o.\u00a0\u201cN\u00e3o temos nenhum caso de febre amarela em nosso munic\u00edpio, e n\u00e3o somos considerados \u00e1rea de risco para o agravo\u201d,\u00a0esclarece Marlene Leandro, secret\u00e1ria executiva de Vigil\u00e2ncia em Sa\u00fade. O Minist\u00e9rio da Sa\u00fade vem realizando campanhas nos quatro estados com casos confirmados de febre amarela, seguindo a orienta\u00e7\u00e3o da Organiza\u00e7\u00e3o Pan- americana de sa\u00fade (OPAS), que destacou em comunicado oficial:\u00a0&#8220;Estados que n\u00e3o est\u00e3o apresentando surto n\u00e3o devem conduzir campanhas&hellip;\" \/>\n<meta property=\"og:url\" content=\"https:\/\/blogdofarnesio.com.br\/?p=186442\" \/>\n<meta property=\"og:site_name\" content=\"Blog do Farn\u00e9sio\" \/>\n<meta property=\"article:publisher\" content=\"https:\/\/www.facebook.com\/BlogQuerSaberPolitica\/\" \/>\n<meta property=\"article:published_time\" content=\"2018-01-17T14:00:23+00:00\" \/>\n<meta property=\"og:image\" content=\"https:\/\/blogdofarnesio.com.br\/wp-content\/uploads\/2017\/01\/blogqspfebreamarela-e1520604395317.jpg\" \/>\n\t<meta property=\"og:image:width\" content=\"600\" \/>\n\t<meta property=\"og:image:height\" content=\"450\" \/>\n\t<meta property=\"og:image:type\" content=\"image\/jpeg\" \/>\n<meta name=\"author\" content=\"Farn\u00e9sio\" \/>\n<meta name=\"twitter:card\" content=\"summary_large_image\" \/>\n<meta name=\"twitter:label1\" content=\"Escrito por\" \/>\n\t<meta name=\"twitter:data1\" content=\"Farn\u00e9sio\" \/>\n\t<meta name=\"twitter:label2\" content=\"Est. tempo de leitura\" \/>\n\t<meta name=\"twitter:data2\" content=\"3 minutos\" \/>\n<script type=\"application\/ld+json\" class=\"yoast-schema-graph\">{\"@context\":\"https:\\\/\\\/schema.org\",\"@graph\":[{\"@type\":\"Article\",\"@id\":\"https:\\\/\\\/blogdofarnesio.com.br\\\/?p=186442#article\",\"isPartOf\":{\"@id\":\"https:\\\/\\\/blogdofarnesio.com.br\\\/?p=186442\"},\"author\":{\"name\":\"Farn\u00e9sio\",\"@id\":\"https:\\\/\\\/blogdofarnesio.com.br\\\/#\\\/schema\\\/person\\\/301c4acf522bccbfdb45af95b5b906a1\"},\"headline\":\"SEM REGISTRO DE CASOS, PREFEITURA DE PETROLINA TRANQUILIZA POPULA\u00c7\u00c3O SOBRE FEBRE AMARELA\",\"datePublished\":\"2018-01-17T14:00:23+00:00\",\"mainEntityOfPage\":{\"@id\":\"https:\\\/\\\/blogdofarnesio.com.br\\\/?p=186442\"},\"wordCount\":648,\"commentCount\":0,\"publisher\":{\"@id\":\"https:\\\/\\\/blogdofarnesio.com.br\\\/#organization\"},\"image\":{\"@id\":\"https:\\\/\\\/blogdofarnesio.com.br\\\/?p=186442#primaryimage\"},\"thumbnailUrl\":\"https:\\\/\\\/blogdofarnesio.com.br\\\/wp-content\\\/uploads\\\/2017\\\/01\\\/blogqspfebreamarela-e1520604395317.jpg\",\"articleSection\":[\"Administra\u00e7\u00e3o\"],\"inLanguage\":\"pt-BR\",\"potentialAction\":[{\"@type\":\"CommentAction\",\"name\":\"Comment\",\"target\":[\"https:\\\/\\\/blogdofarnesio.com.br\\\/?p=186442#respond\"]}]},{\"@type\":\"WebPage\",\"@id\":\"https:\\\/\\\/blogdofarnesio.com.br\\\/?p=186442\",\"url\":\"https:\\\/\\\/blogdofarnesio.com.br\\\/?p=186442\",\"name\":\"SEM REGISTRO DE CASOS, PREFEITURA DE PETROLINA TRANQUILIZA POPULA\u00c7\u00c3O SOBRE FEBRE AMARELA - Blog do Farn\u00e9sio\",\"isPartOf\":{\"@id\":\"https:\\\/\\\/blogdofarnesio.com.br\\\/#website\"},\"primaryImageOfPage\":{\"@id\":\"https:\\\/\\\/blogdofarnesio.com.br\\\/?p=186442#primaryimage\"},\"image\":{\"@id\":\"https:\\\/\\\/blogdofarnesio.com.br\\\/?p=186442#primaryimage\"},\"thumbnailUrl\":\"https:\\\/\\\/blogdofarnesio.com.br\\\/wp-content\\\/uploads\\\/2017\\\/01\\\/blogqspfebreamarela-e1520604395317.jpg\",\"datePublished\":\"2018-01-17T14:00:23+00:00\",\"breadcrumb\":{\"@id\":\"https:\\\/\\\/blogdofarnesio.com.br\\\/?p=186442#breadcrumb\"},\"inLanguage\":\"pt-BR\",\"potentialAction\":[{\"@type\":\"ReadAction\",\"target\":[\"https:\\\/\\\/blogdofarnesio.com.br\\\/?p=186442\"]}]},{\"@type\":\"ImageObject\",\"inLanguage\":\"pt-BR\",\"@id\":\"https:\\\/\\\/blogdofarnesio.com.br\\\/?p=186442#primaryimage\",\"url\":\"https:\\\/\\\/blogdofarnesio.com.br\\\/wp-content\\\/uploads\\\/2017\\\/01\\\/blogqspfebreamarela-e1520604395317.jpg\",\"contentUrl\":\"https:\\\/\\\/blogdofarnesio.com.br\\\/wp-content\\\/uploads\\\/2017\\\/01\\\/blogqspfebreamarela-e1520604395317.jpg\",\"width\":600,\"height\":450},{\"@type\":\"BreadcrumbList\",\"@id\":\"https:\\\/\\\/blogdofarnesio.com.br\\\/?p=186442#breadcrumb\",\"itemListElement\":[{\"@type\":\"ListItem\",\"position\":1,\"name\":\"In\u00edcio\",\"item\":\"https:\\\/\\\/blogdofarnesio.com.br\\\/\"},{\"@type\":\"ListItem\",\"position\":2,\"name\":\"SEM REGISTRO DE CASOS, PREFEITURA DE PETROLINA TRANQUILIZA POPULA\u00c7\u00c3O SOBRE FEBRE AMARELA\"}]},{\"@type\":\"WebSite\",\"@id\":\"https:\\\/\\\/blogdofarnesio.com.br\\\/#website\",\"url\":\"https:\\\/\\\/blogdofarnesio.com.br\\\/\",\"name\":\"Blog do Farn\u00e9sio\",\"description\":\"Quer Saber Pol\u00edtica?\",\"publisher\":{\"@id\":\"https:\\\/\\\/blogdofarnesio.com.br\\\/#organization\"},\"potentialAction\":[{\"@type\":\"SearchAction\",\"target\":{\"@type\":\"EntryPoint\",\"urlTemplate\":\"https:\\\/\\\/blogdofarnesio.com.br\\\/?s={search_term_string}\"},\"query-input\":{\"@type\":\"PropertyValueSpecification\",\"valueRequired\":true,\"valueName\":\"search_term_string\"}}],\"inLanguage\":\"pt-BR\"},{\"@type\":\"Organization\",\"@id\":\"https:\\\/\\\/blogdofarnesio.com.br\\\/#organization\",\"name\":\"Blog do Farn\u00e9sio\",\"url\":\"https:\\\/\\\/blogdofarnesio.com.br\\\/\",\"logo\":{\"@type\":\"ImageObject\",\"inLanguage\":\"pt-BR\",\"@id\":\"https:\\\/\\\/blogdofarnesio.com.br\\\/#\\\/schema\\\/logo\\\/image\\\/\",\"url\":\"https:\\\/\\\/blogdofarnesio.com.br\\\/wp-content\\\/uploads\\\/2026\\\/03\\\/cropped-logo_new-1.png\",\"contentUrl\":\"https:\\\/\\\/blogdofarnesio.com.br\\\/wp-content\\\/uploads\\\/2026\\\/03\\\/cropped-logo_new-1.png\",\"width\":881,\"height\":685,\"caption\":\"Blog do Farn\u00e9sio\"},\"image\":{\"@id\":\"https:\\\/\\\/blogdofarnesio.com.br\\\/#\\\/schema\\\/logo\\\/image\\\/\"},\"sameAs\":[\"https:\\\/\\\/www.facebook.com\\\/BlogQuerSaberPolitica\\\/\"]},{\"@type\":\"Person\",\"@id\":\"https:\\\/\\\/blogdofarnesio.com.br\\\/#\\\/schema\\\/person\\\/301c4acf522bccbfdb45af95b5b906a1\",\"name\":\"Farn\u00e9sio\",\"image\":{\"@type\":\"ImageObject\",\"inLanguage\":\"pt-BR\",\"@id\":\"https:\\\/\\\/secure.gravatar.com\\\/avatar\\\/df0c9a14567c056f8ad6876ba5bbd1e3e2c48023eb6807342fc4663adf549f38?s=96&d=mm&r=g\",\"url\":\"https:\\\/\\\/secure.gravatar.com\\\/avatar\\\/df0c9a14567c056f8ad6876ba5bbd1e3e2c48023eb6807342fc4663adf549f38?s=96&d=mm&r=g\",\"contentUrl\":\"https:\\\/\\\/secure.gravatar.com\\\/avatar\\\/df0c9a14567c056f8ad6876ba5bbd1e3e2c48023eb6807342fc4663adf549f38?s=96&d=mm&r=g\",\"caption\":\"Farn\u00e9sio\"},\"sameAs\":[\"https:\\\/\\\/quersaberpolitica.com.br\"],\"url\":\"https:\\\/\\\/blogdofarnesio.com.br\\\/?author=1\"}]}<\/script>\n<!-- \/ Yoast SEO plugin. -->","yoast_head_json":{"title":"SEM REGISTRO DE CASOS, PREFEITURA DE PETROLINA TRANQUILIZA POPULA\u00c7\u00c3O SOBRE FEBRE AMARELA - Blog do Farn\u00e9sio","robots":{"index":"index","follow":"follow","max-snippet":"max-snippet:-1","max-image-preview":"max-image-preview:large","max-video-preview":"max-video-preview:-1"},"canonical":"https:\/\/blogdofarnesio.com.br\/?p=186442","og_locale":"pt_BR","og_type":"article","og_title":"SEM REGISTRO DE CASOS, PREFEITURA DE PETROLINA TRANQUILIZA POPULA\u00c7\u00c3O SOBRE FEBRE AMARELA - Blog do Farn\u00e9sio","og_description":"Desde os primeiros dias de 2018, quando a m\u00eddia nacional come\u00e7ou a veicular not\u00edcias\u00a0 sobre casos confirmados de febre amarela em S\u00e3o Paulo; Minas Gerais; Bahia e Rio de Janeiro, a procura pela vacina contra a doen\u00e7a aumentou em Petrolina, Pernambuco. Por conta disso, a Secretaria de Sa\u00fade do munic\u00edpio tranquiliza a popula\u00e7\u00e3o.\u00a0\u201cN\u00e3o temos nenhum caso de febre amarela em nosso munic\u00edpio, e n\u00e3o somos considerados \u00e1rea de risco para o agravo\u201d,\u00a0esclarece Marlene Leandro, secret\u00e1ria executiva de Vigil\u00e2ncia em Sa\u00fade. O Minist\u00e9rio da Sa\u00fade vem realizando campanhas nos quatro estados com casos confirmados de febre amarela, seguindo a orienta\u00e7\u00e3o da Organiza\u00e7\u00e3o Pan- americana de sa\u00fade (OPAS), que destacou em comunicado oficial:\u00a0&#8220;Estados que n\u00e3o est\u00e3o apresentando surto n\u00e3o devem conduzir campanhas&hellip;","og_url":"https:\/\/blogdofarnesio.com.br\/?p=186442","og_site_name":"Blog do Farn\u00e9sio","article_publisher":"https:\/\/www.facebook.com\/BlogQuerSaberPolitica\/","article_published_time":"2018-01-17T14:00:23+00:00","og_image":[{"width":600,"height":450,"url":"https:\/\/blogdofarnesio.com.br\/wp-content\/uploads\/2017\/01\/blogqspfebreamarela-e1520604395317.jpg","type":"image\/jpeg"}],"author":"Farn\u00e9sio","twitter_card":"summary_large_image","twitter_misc":{"Escrito por":"Farn\u00e9sio","Est. tempo de leitura":"3 minutos"},"schema":{"@context":"https:\/\/schema.org","@graph":[{"@type":"Article","@id":"https:\/\/blogdofarnesio.com.br\/?p=186442#article","isPartOf":{"@id":"https:\/\/blogdofarnesio.com.br\/?p=186442"},"author":{"name":"Farn\u00e9sio","@id":"https:\/\/blogdofarnesio.com.br\/#\/schema\/person\/301c4acf522bccbfdb45af95b5b906a1"},"headline":"SEM REGISTRO DE CASOS, PREFEITURA DE PETROLINA TRANQUILIZA POPULA\u00c7\u00c3O SOBRE FEBRE AMARELA","datePublished":"2018-01-17T14:00:23+00:00","mainEntityOfPage":{"@id":"https:\/\/blogdofarnesio.com.br\/?p=186442"},"wordCount":648,"commentCount":0,"publisher":{"@id":"https:\/\/blogdofarnesio.com.br\/#organization"},"image":{"@id":"https:\/\/blogdofarnesio.com.br\/?p=186442#primaryimage"},"thumbnailUrl":"https:\/\/blogdofarnesio.com.br\/wp-content\/uploads\/2017\/01\/blogqspfebreamarela-e1520604395317.jpg","articleSection":["Administra\u00e7\u00e3o"],"inLanguage":"pt-BR","potentialAction":[{"@type":"CommentAction","name":"Comment","target":["https:\/\/blogdofarnesio.com.br\/?p=186442#respond"]}]},{"@type":"WebPage","@id":"https:\/\/blogdofarnesio.com.br\/?p=186442","url":"https:\/\/blogdofarnesio.com.br\/?p=186442","name":"SEM REGISTRO DE CASOS, PREFEITURA DE PETROLINA TRANQUILIZA POPULA\u00c7\u00c3O SOBRE FEBRE AMARELA - Blog do Farn\u00e9sio","isPartOf":{"@id":"https:\/\/blogdofarnesio.com.br\/#website"},"primaryImageOfPage":{"@id":"https:\/\/blogdofarnesio.com.br\/?p=186442#primaryimage"},"image":{"@id":"https:\/\/blogdofarnesio.com.br\/?p=186442#primaryimage"},"thumbnailUrl":"https:\/\/blogdofarnesio.com.br\/wp-content\/uploads\/2017\/01\/blogqspfebreamarela-e1520604395317.jpg","datePublished":"2018-01-17T14:00:23+00:00","breadcrumb":{"@id":"https:\/\/blogdofarnesio.com.br\/?p=186442#breadcrumb"},"inLanguage":"pt-BR","potentialAction":[{"@type":"ReadAction","target":["https:\/\/blogdofarnesio.com.br\/?p=186442"]}]},{"@type":"ImageObject","inLanguage":"pt-BR","@id":"https:\/\/blogdofarnesio.com.br\/?p=186442#primaryimage","url":"https:\/\/blogdofarnesio.com.br\/wp-content\/uploads\/2017\/01\/blogqspfebreamarela-e1520604395317.jpg","contentUrl":"https:\/\/blogdofarnesio.com.br\/wp-content\/uploads\/2017\/01\/blogqspfebreamarela-e1520604395317.jpg","width":600,"height":450},{"@type":"BreadcrumbList","@id":"https:\/\/blogdofarnesio.com.br\/?p=186442#breadcrumb","itemListElement":[{"@type":"ListItem","position":1,"name":"In\u00edcio","item":"https:\/\/blogdofarnesio.com.br\/"},{"@type":"ListItem","position":2,"name":"SEM REGISTRO DE CASOS, PREFEITURA DE PETROLINA TRANQUILIZA POPULA\u00c7\u00c3O SOBRE FEBRE AMARELA"}]},{"@type":"WebSite","@id":"https:\/\/blogdofarnesio.com.br\/#website","url":"https:\/\/blogdofarnesio.com.br\/","name":"Blog do Farn\u00e9sio","description":"Quer Saber Pol\u00edtica?","publisher":{"@id":"https:\/\/blogdofarnesio.com.br\/#organization"},"potentialAction":[{"@type":"SearchAction","target":{"@type":"EntryPoint","urlTemplate":"https:\/\/blogdofarnesio.com.br\/?s={search_term_string}"},"query-input":{"@type":"PropertyValueSpecification","valueRequired":true,"valueName":"search_term_string"}}],"inLanguage":"pt-BR"},{"@type":"Organization","@id":"https:\/\/blogdofarnesio.com.br\/#organization","name":"Blog do Farn\u00e9sio","url":"https:\/\/blogdofarnesio.com.br\/","logo":{"@type":"ImageObject","inLanguage":"pt-BR","@id":"https:\/\/blogdofarnesio.com.br\/#\/schema\/logo\/image\/","url":"https:\/\/blogdofarnesio.com.br\/wp-content\/uploads\/2026\/03\/cropped-logo_new-1.png","contentUrl":"https:\/\/blogdofarnesio.com.br\/wp-content\/uploads\/2026\/03\/cropped-logo_new-1.png","width":881,"height":685,"caption":"Blog do Farn\u00e9sio"},"image":{"@id":"https:\/\/blogdofarnesio.com.br\/#\/schema\/logo\/image\/"},"sameAs":["https:\/\/www.facebook.com\/BlogQuerSaberPolitica\/"]},{"@type":"Person","@id":"https:\/\/blogdofarnesio.com.br\/#\/schema\/person\/301c4acf522bccbfdb45af95b5b906a1","name":"Farn\u00e9sio","image":{"@type":"ImageObject","inLanguage":"pt-BR","@id":"https:\/\/secure.gravatar.com\/avatar\/df0c9a14567c056f8ad6876ba5bbd1e3e2c48023eb6807342fc4663adf549f38?s=96&d=mm&r=g","url":"https:\/\/secure.gravatar.com\/avatar\/df0c9a14567c056f8ad6876ba5bbd1e3e2c48023eb6807342fc4663adf549f38?s=96&d=mm&r=g","contentUrl":"https:\/\/secure.gravatar.com\/avatar\/df0c9a14567c056f8ad6876ba5bbd1e3e2c48023eb6807342fc4663adf549f38?s=96&d=mm&r=g","caption":"Farn\u00e9sio"},"sameAs":["https:\/\/quersaberpolitica.com.br"],"url":"https:\/\/blogdofarnesio.com.br\/?author=1"}]}},"_links":{"self":[{"href":"https:\/\/blogdofarnesio.com.br\/index.php?rest_route=\/wp\/v2\/posts\/186442","targetHints":{"allow":["GET"]}}],"collection":[{"href":"https:\/\/blogdofarnesio.com.br\/index.php?rest_route=\/wp\/v2\/posts"}],"about":[{"href":"https:\/\/blogdofarnesio.com.br\/index.php?rest_route=\/wp\/v2\/types\/post"}],"author":[{"embeddable":true,"href":"https:\/\/blogdofarnesio.com.br\/index.php?rest_route=\/wp\/v2\/users\/1"}],"replies":[{"embeddable":true,"href":"https:\/\/blogdofarnesio.com.br\/index.php?rest_route=%2Fwp%2Fv2%2Fcomments&post=186442"}],"version-history":[{"count":0,"href":"https:\/\/blogdofarnesio.com.br\/index.php?rest_route=\/wp\/v2\/posts\/186442\/revisions"}],"wp:featuredmedia":[{"embeddable":true,"href":"https:\/\/blogdofarnesio.com.br\/index.php?rest_route=\/wp\/v2\/media\/155077"}],"wp:attachment":[{"href":"https:\/\/blogdofarnesio.com.br\/index.php?rest_route=%2Fwp%2Fv2%2Fmedia&parent=186442"}],"wp:term":[{"taxonomy":"category","embeddable":true,"href":"https:\/\/blogdofarnesio.com.br\/index.php?rest_route=%2Fwp%2Fv2%2Fcategories&post=186442"},{"taxonomy":"post_tag","embeddable":true,"href":"https:\/\/blogdofarnesio.com.br\/index.php?rest_route=%2Fwp%2Fv2%2Ftags&post=186442"}],"curies":[{"name":"wp","href":"https:\/\/api.w.org\/{rel}","templated":true}]}}