{"id":186414,"date":"2018-01-17T08:03:50","date_gmt":"2018-01-17T11:03:50","guid":{"rendered":"http:\/\/quersaberpolitica.com.br\/2016\/?p=186414"},"modified":"2018-01-16T18:28:11","modified_gmt":"2018-01-16T21:28:11","slug":"esquerda-dividida-pode-impedir-vitoria-de-lula-no-1o-turno","status":"publish","type":"post","link":"https:\/\/blogdofarnesio.com.br\/?p=186414","title":{"rendered":"ESQUERDA DIVIDIDA PODE IMPEDIR VIT\u00d3RIA DE LULA NO 1\u00ba TURNO"},"content":{"rendered":"<div class=\"user-profile-data twelvecol\">\n<figure class=\"user-image threecol\"><a href=\"https:\/\/www.brasil247.com\/author\/Alex+Solnik\">*ALEX SOLNIK<\/a><\/figure>\n<\/div>\n<div class=\"three-columns clearfix margin-fix equal-heights\">\n<section class=\"entry\">\n<article class=\"article-alex_solnik\">Escapa ao entendimento racional e \u00e0 l\u00f3gica pol\u00edtica o que ocorre com os partidos de esquerda nessas elei\u00e7\u00f5es.<\/p>\n<p>Tradicionais aliados do PT e de Lula, como PCdoB e PDT, que ganharam relev\u00e2ncia nos governos Lula e Dilma e o PSOL, que nunca participou de governos do PT, mas combateu a deposi\u00e7\u00e3o de Dilma, resolveram lan\u00e7ar candidato pr\u00f3prio a presidente este ano. Sabe-se l\u00e1 por que!<\/p>\n<p>Logo neste ano em que Lula &#8211; favorito disparado &#8211; tem pela frente tantos obst\u00e1culos e precisava, mais do que nunca, do apoio dos aliados de todas as horas.<\/p>\n<p>\u00c9 isso que ningu\u00e9m entende: se Lula \u00e9 o franco favorito com possibilidade at\u00e9 de ganhar no primeiro turno por que os partidos de esquerda n\u00e3o apostam todas as fichas nele em vez de lan\u00e7ar v\u00e1rios candidatos e assim dificultar a confirma\u00e7\u00e3o desse progn\u00f3stico?<\/p>\n<p>Por que n\u00e3o se unem para de fato lev\u00e1-lo \u00e0 vit\u00f3ria no primeiro turno e evitar o desgaste e os riscos de um segundo?<\/p>\n<p>A marcha das pesquisas indica que Lula caminha para alcan\u00e7ar a maioria no primeiro turno, retirar as outras candidaturas de esquerda pode ser decisivo para isso acontecer.<\/p>\n<p>Parece que esses pr\u00f3ceres esquerdistas n\u00e3o se recordam mais do c\u00e9lebre lema da luta contra a ditadura: \u201cO povo unido jamais ser\u00e1 vencido\u201d.<\/p>\n<p>Ningu\u00e9m se lembra de como a esquerda, que permaneceu unida durante a ditadura e por isso a derrubou, se esfacelou em v\u00e1rios partidos e somente 17 anos depois da redemocratiza\u00e7\u00e3o chegou ao poder.<\/p>\n<p>Se a direita tivesse, a essa altura, um candidato vencedor n\u00e3o pensaria mais em outros nomes, concentraria nele todo o esfor\u00e7o de propaganda.<\/p>\n<p>A esquerda, no entanto, n\u00e3o sei se de caso pensado ou n\u00e3o insiste em imaginar \u2013 contra todas as evid\u00eancias &#8211; que a divis\u00e3o fortalece.<\/p>\n<p>Alguns pr\u00e9-candidatos de partidos minorit\u00e1rios, mais ousados e arrogantes chegam a impor condi\u00e7\u00f5es a Lula, esquecendo que ele \u00e9 o candidato do partido majorit\u00e1rio e favorito disparado.<\/p>\n<p>Quem pode impor condi\u00e7\u00f5es \u00e9 ele, n\u00e3o o contr\u00e1rio.<\/p>\n<p>N\u00e3o pode o menor impor condi\u00e7\u00f5es ao maior.<\/p>\n<p>Tr\u00eas perguntas fundamentais t\u00eam que ser respondidas: 1) o PDT \u00e9 capaz de vencer uma elei\u00e7\u00e3o presidencial sem o PT? 2) O PCdoB consegue ganhar uma elei\u00e7\u00e3o presidencial sem o PT? 3) O PSOL consegue?<\/p>\n<p>A resposta certamente \u00e9 \u201cn\u00e3o\u201d.<\/p>\n<p>No entanto, mesmo sem PDT, sem PSOL e sem PCdoB, o PT pode ganhar a elei\u00e7\u00e3o.<\/p>\n<p>Se esses partidos de esquerda minorit\u00e1rios n\u00e3o re\u00fanem condi\u00e7\u00f5es de vencer uma disputa presidencial sem apoio de um partido grande, e n\u00e3o poder\u00e3o contar com o PT, que tem candidato, com qual partido ir\u00e3o se unir? Com o MDB? Com o PSDB? Com o DEM? Com qual?<\/p>\n<p>Algu\u00e9m acredita que qualquer um desses pequenos partidos e seus respectivos candidatos t\u00eam alguma p\u00e1lida possibilidade de passar ao segundo turno?<\/p>\n<p>Algu\u00e9m acha que eles v\u00e3o passar o primeiro turno enchendo Lula de elogios? Ou apontando seus erros? Hein? Hein?<\/p>\n<p>A diferen\u00e7a entre os candidatos de esquerda \u00e9 que Lula pode vencer sem Ciro, Manuela e Boulos; mas, nenhum dos tr\u00eas pode vencer sem Lula.<\/p>\n<p>O argumento de que no segundo turno estar\u00e3o com Lula n\u00e3o se sustenta. \u00c9 \u00f3bvio que no segundo turno \u2013 se n\u00e3o levar j\u00e1 no primeiro \u2013 Lula ir\u00e1 enfrentar um candidato de direita. Os nanicos de esquerda n\u00e3o v\u00e3o apoiar Bolsonaro ou Alckmin ou Maia contra Lula. Ainda que a c\u00fapula assim decida, os eleitores n\u00e3o far\u00e3o essa loucura.<\/p>\n<p>S\u00e3o candidaturas que n\u00e3o se explicam, n\u00e3o se justificam e n\u00e3o t\u00eam perspectiva de vit\u00f3ria.<\/p>\n<p>Candidaturas nascidas para perder.<\/p>\n<p>Mas poder\u00e3o ser decisivas para impedir a vit\u00f3ria de Lula no primeiro turno.<\/p>\n<h5><a href=\"https:\/\/www.brasil247.com\/author\/Alex+Solnik\">*ALEX SOLNIK<\/a><\/h5>\n<p class=\"date\">Alex Solnik \u00e9 jornalista. J\u00e1 atuou em publica\u00e7\u00f5es como Jornal da Tarde, Isto\u00e9, Senhor,\u00a0Careta, Interview e Manchete. \u00c9 autor de treze livros, dentre os quais\u00a0&#8220;Porque n\u00e3o deu certo&#8221;, &#8220;O Cofre do Adhemar&#8221;, &#8220;A guerra do apag\u00e3o&#8221; e &#8220;O domador de sonhos&#8221;<\/p>\n<\/article>\n<\/section>\n<\/div>\n","protected":false},"excerpt":{"rendered":"<p>*ALEX SOLNIK Escapa ao entendimento racional e \u00e0 l\u00f3gica pol\u00edtica o que ocorre com os partidos de esquerda nessas elei\u00e7\u00f5es. Tradicionais aliados do PT e de Lula, como PCdoB e PDT, que ganharam relev\u00e2ncia nos governos Lula e Dilma e o PSOL, que nunca participou de governos do PT, mas combateu a deposi\u00e7\u00e3o de Dilma, resolveram lan\u00e7ar candidato pr\u00f3prio a presidente este ano. Sabe-se l\u00e1 por que! Logo neste ano em que Lula &#8211; favorito disparado &#8211; tem pela frente tantos obst\u00e1culos e precisava, mais do que nunca, do apoio dos aliados de todas as horas. \u00c9 isso que ningu\u00e9m entende: se Lula \u00e9 o franco favorito com possibilidade at\u00e9 de ganhar no primeiro turno por que os partidos de&hellip; <\/p>\n","protected":false},"author":1,"featured_media":186415,"comment_status":"open","ping_status":"closed","sticky":false,"template":"","format":"standard","meta":{"_acf_changed":false,"footnotes":""},"categories":[34],"tags":[],"class_list":["post-186414","post","type-post","status-publish","format-standard","has-post-thumbnail","hentry","category-eleicoes"],"acf":[],"yoast_head":"<!-- This site is optimized with the Yoast SEO plugin v27.4 - https:\/\/yoast.com\/product\/yoast-seo-wordpress\/ -->\n<title>ESQUERDA DIVIDIDA PODE IMPEDIR VIT\u00d3RIA DE LULA NO 1\u00ba TURNO - Blog do Farn\u00e9sio<\/title>\n<meta name=\"robots\" content=\"index, follow, max-snippet:-1, max-image-preview:large, max-video-preview:-1\" \/>\n<link rel=\"canonical\" href=\"https:\/\/blogdofarnesio.com.br\/?p=186414\" \/>\n<meta property=\"og:locale\" content=\"pt_BR\" \/>\n<meta property=\"og:type\" content=\"article\" \/>\n<meta property=\"og:title\" content=\"ESQUERDA DIVIDIDA PODE IMPEDIR VIT\u00d3RIA DE LULA NO 1\u00ba TURNO - Blog do Farn\u00e9sio\" \/>\n<meta property=\"og:description\" content=\"*ALEX SOLNIK Escapa ao entendimento racional e \u00e0 l\u00f3gica pol\u00edtica o que ocorre com os partidos de esquerda nessas elei\u00e7\u00f5es. Tradicionais aliados do PT e de Lula, como PCdoB e PDT, que ganharam relev\u00e2ncia nos governos Lula e Dilma e o PSOL, que nunca participou de governos do PT, mas combateu a deposi\u00e7\u00e3o de Dilma, resolveram lan\u00e7ar candidato pr\u00f3prio a presidente este ano. Sabe-se l\u00e1 por que! Logo neste ano em que Lula &#8211; favorito disparado &#8211; tem pela frente tantos obst\u00e1culos e precisava, mais do que nunca, do apoio dos aliados de todas as horas. \u00c9 isso que ningu\u00e9m entende: se Lula \u00e9 o franco favorito com possibilidade at\u00e9 de ganhar no primeiro turno por que os partidos de&hellip;\" \/>\n<meta property=\"og:url\" content=\"https:\/\/blogdofarnesio.com.br\/?p=186414\" \/>\n<meta property=\"og:site_name\" content=\"Blog do Farn\u00e9sio\" \/>\n<meta property=\"article:publisher\" content=\"https:\/\/www.facebook.com\/BlogQuerSaberPolitica\/\" \/>\n<meta property=\"article:published_time\" content=\"2018-01-17T11:03:50+00:00\" \/>\n<meta property=\"og:image\" content=\"https:\/\/blogdofarnesio.com.br\/wp-content\/uploads\/2018\/01\/blogqspcandidatosesquerda_cms-image-000576280.jpg\" \/>\n\t<meta property=\"og:image:width\" content=\"490\" \/>\n\t<meta property=\"og:image:height\" content=\"280\" \/>\n\t<meta property=\"og:image:type\" content=\"image\/jpeg\" \/>\n<meta name=\"author\" content=\"Farn\u00e9sio\" \/>\n<meta name=\"twitter:card\" content=\"summary_large_image\" \/>\n<meta name=\"twitter:label1\" content=\"Escrito por\" \/>\n\t<meta name=\"twitter:data1\" content=\"Farn\u00e9sio\" \/>\n\t<meta name=\"twitter:label2\" content=\"Est. tempo de leitura\" \/>\n\t<meta name=\"twitter:data2\" content=\"4 minutos\" \/>\n<script type=\"application\/ld+json\" class=\"yoast-schema-graph\">{\"@context\":\"https:\\\/\\\/schema.org\",\"@graph\":[{\"@type\":\"Article\",\"@id\":\"https:\\\/\\\/blogdofarnesio.com.br\\\/?p=186414#article\",\"isPartOf\":{\"@id\":\"https:\\\/\\\/blogdofarnesio.com.br\\\/?p=186414\"},\"author\":{\"name\":\"Farn\u00e9sio\",\"@id\":\"https:\\\/\\\/blogdofarnesio.com.br\\\/#\\\/schema\\\/person\\\/301c4acf522bccbfdb45af95b5b906a1\"},\"headline\":\"ESQUERDA DIVIDIDA PODE IMPEDIR VIT\u00d3RIA DE LULA NO 1\u00ba TURNO\",\"datePublished\":\"2018-01-17T11:03:50+00:00\",\"mainEntityOfPage\":{\"@id\":\"https:\\\/\\\/blogdofarnesio.com.br\\\/?p=186414\"},\"wordCount\":713,\"commentCount\":0,\"publisher\":{\"@id\":\"https:\\\/\\\/blogdofarnesio.com.br\\\/#organization\"},\"image\":{\"@id\":\"https:\\\/\\\/blogdofarnesio.com.br\\\/?p=186414#primaryimage\"},\"thumbnailUrl\":\"https:\\\/\\\/blogdofarnesio.com.br\\\/wp-content\\\/uploads\\\/2018\\\/01\\\/blogqspcandidatosesquerda_cms-image-000576280.jpg\",\"articleSection\":[\"Elei\u00e7\u00f5es\"],\"inLanguage\":\"pt-BR\",\"potentialAction\":[{\"@type\":\"CommentAction\",\"name\":\"Comment\",\"target\":[\"https:\\\/\\\/blogdofarnesio.com.br\\\/?p=186414#respond\"]}]},{\"@type\":\"WebPage\",\"@id\":\"https:\\\/\\\/blogdofarnesio.com.br\\\/?p=186414\",\"url\":\"https:\\\/\\\/blogdofarnesio.com.br\\\/?p=186414\",\"name\":\"ESQUERDA DIVIDIDA PODE IMPEDIR VIT\u00d3RIA DE LULA NO 1\u00ba TURNO - Blog do Farn\u00e9sio\",\"isPartOf\":{\"@id\":\"https:\\\/\\\/blogdofarnesio.com.br\\\/#website\"},\"primaryImageOfPage\":{\"@id\":\"https:\\\/\\\/blogdofarnesio.com.br\\\/?p=186414#primaryimage\"},\"image\":{\"@id\":\"https:\\\/\\\/blogdofarnesio.com.br\\\/?p=186414#primaryimage\"},\"thumbnailUrl\":\"https:\\\/\\\/blogdofarnesio.com.br\\\/wp-content\\\/uploads\\\/2018\\\/01\\\/blogqspcandidatosesquerda_cms-image-000576280.jpg\",\"datePublished\":\"2018-01-17T11:03:50+00:00\",\"breadcrumb\":{\"@id\":\"https:\\\/\\\/blogdofarnesio.com.br\\\/?p=186414#breadcrumb\"},\"inLanguage\":\"pt-BR\",\"potentialAction\":[{\"@type\":\"ReadAction\",\"target\":[\"https:\\\/\\\/blogdofarnesio.com.br\\\/?p=186414\"]}]},{\"@type\":\"ImageObject\",\"inLanguage\":\"pt-BR\",\"@id\":\"https:\\\/\\\/blogdofarnesio.com.br\\\/?p=186414#primaryimage\",\"url\":\"https:\\\/\\\/blogdofarnesio.com.br\\\/wp-content\\\/uploads\\\/2018\\\/01\\\/blogqspcandidatosesquerda_cms-image-000576280.jpg\",\"contentUrl\":\"https:\\\/\\\/blogdofarnesio.com.br\\\/wp-content\\\/uploads\\\/2018\\\/01\\\/blogqspcandidatosesquerda_cms-image-000576280.jpg\",\"width\":490,\"height\":280},{\"@type\":\"BreadcrumbList\",\"@id\":\"https:\\\/\\\/blogdofarnesio.com.br\\\/?p=186414#breadcrumb\",\"itemListElement\":[{\"@type\":\"ListItem\",\"position\":1,\"name\":\"In\u00edcio\",\"item\":\"https:\\\/\\\/blogdofarnesio.com.br\\\/\"},{\"@type\":\"ListItem\",\"position\":2,\"name\":\"ESQUERDA DIVIDIDA PODE IMPEDIR VIT\u00d3RIA DE LULA NO 1\u00ba TURNO\"}]},{\"@type\":\"WebSite\",\"@id\":\"https:\\\/\\\/blogdofarnesio.com.br\\\/#website\",\"url\":\"https:\\\/\\\/blogdofarnesio.com.br\\\/\",\"name\":\"Blog do Farn\u00e9sio\",\"description\":\"Quer Saber Pol\u00edtica?\",\"publisher\":{\"@id\":\"https:\\\/\\\/blogdofarnesio.com.br\\\/#organization\"},\"potentialAction\":[{\"@type\":\"SearchAction\",\"target\":{\"@type\":\"EntryPoint\",\"urlTemplate\":\"https:\\\/\\\/blogdofarnesio.com.br\\\/?s={search_term_string}\"},\"query-input\":{\"@type\":\"PropertyValueSpecification\",\"valueRequired\":true,\"valueName\":\"search_term_string\"}}],\"inLanguage\":\"pt-BR\"},{\"@type\":\"Organization\",\"@id\":\"https:\\\/\\\/blogdofarnesio.com.br\\\/#organization\",\"name\":\"Blog do Farn\u00e9sio\",\"url\":\"https:\\\/\\\/blogdofarnesio.com.br\\\/\",\"logo\":{\"@type\":\"ImageObject\",\"inLanguage\":\"pt-BR\",\"@id\":\"https:\\\/\\\/blogdofarnesio.com.br\\\/#\\\/schema\\\/logo\\\/image\\\/\",\"url\":\"https:\\\/\\\/blogdofarnesio.com.br\\\/wp-content\\\/uploads\\\/2026\\\/03\\\/cropped-logo_new-1.png\",\"contentUrl\":\"https:\\\/\\\/blogdofarnesio.com.br\\\/wp-content\\\/uploads\\\/2026\\\/03\\\/cropped-logo_new-1.png\",\"width\":881,\"height\":685,\"caption\":\"Blog do Farn\u00e9sio\"},\"image\":{\"@id\":\"https:\\\/\\\/blogdofarnesio.com.br\\\/#\\\/schema\\\/logo\\\/image\\\/\"},\"sameAs\":[\"https:\\\/\\\/www.facebook.com\\\/BlogQuerSaberPolitica\\\/\"]},{\"@type\":\"Person\",\"@id\":\"https:\\\/\\\/blogdofarnesio.com.br\\\/#\\\/schema\\\/person\\\/301c4acf522bccbfdb45af95b5b906a1\",\"name\":\"Farn\u00e9sio\",\"image\":{\"@type\":\"ImageObject\",\"inLanguage\":\"pt-BR\",\"@id\":\"https:\\\/\\\/secure.gravatar.com\\\/avatar\\\/df0c9a14567c056f8ad6876ba5bbd1e3e2c48023eb6807342fc4663adf549f38?s=96&d=mm&r=g\",\"url\":\"https:\\\/\\\/secure.gravatar.com\\\/avatar\\\/df0c9a14567c056f8ad6876ba5bbd1e3e2c48023eb6807342fc4663adf549f38?s=96&d=mm&r=g\",\"contentUrl\":\"https:\\\/\\\/secure.gravatar.com\\\/avatar\\\/df0c9a14567c056f8ad6876ba5bbd1e3e2c48023eb6807342fc4663adf549f38?s=96&d=mm&r=g\",\"caption\":\"Farn\u00e9sio\"},\"sameAs\":[\"https:\\\/\\\/quersaberpolitica.com.br\"],\"url\":\"https:\\\/\\\/blogdofarnesio.com.br\\\/?author=1\"}]}<\/script>\n<!-- \/ Yoast SEO plugin. -->","yoast_head_json":{"title":"ESQUERDA DIVIDIDA PODE IMPEDIR VIT\u00d3RIA DE LULA NO 1\u00ba TURNO - Blog do Farn\u00e9sio","robots":{"index":"index","follow":"follow","max-snippet":"max-snippet:-1","max-image-preview":"max-image-preview:large","max-video-preview":"max-video-preview:-1"},"canonical":"https:\/\/blogdofarnesio.com.br\/?p=186414","og_locale":"pt_BR","og_type":"article","og_title":"ESQUERDA DIVIDIDA PODE IMPEDIR VIT\u00d3RIA DE LULA NO 1\u00ba TURNO - Blog do Farn\u00e9sio","og_description":"*ALEX SOLNIK Escapa ao entendimento racional e \u00e0 l\u00f3gica pol\u00edtica o que ocorre com os partidos de esquerda nessas elei\u00e7\u00f5es. Tradicionais aliados do PT e de Lula, como PCdoB e PDT, que ganharam relev\u00e2ncia nos governos Lula e Dilma e o PSOL, que nunca participou de governos do PT, mas combateu a deposi\u00e7\u00e3o de Dilma, resolveram lan\u00e7ar candidato pr\u00f3prio a presidente este ano. Sabe-se l\u00e1 por que! Logo neste ano em que Lula &#8211; favorito disparado &#8211; tem pela frente tantos obst\u00e1culos e precisava, mais do que nunca, do apoio dos aliados de todas as horas. \u00c9 isso que ningu\u00e9m entende: se Lula \u00e9 o franco favorito com possibilidade at\u00e9 de ganhar no primeiro turno por que os partidos de&hellip;","og_url":"https:\/\/blogdofarnesio.com.br\/?p=186414","og_site_name":"Blog do Farn\u00e9sio","article_publisher":"https:\/\/www.facebook.com\/BlogQuerSaberPolitica\/","article_published_time":"2018-01-17T11:03:50+00:00","og_image":[{"width":490,"height":280,"url":"https:\/\/blogdofarnesio.com.br\/wp-content\/uploads\/2018\/01\/blogqspcandidatosesquerda_cms-image-000576280.jpg","type":"image\/jpeg"}],"author":"Farn\u00e9sio","twitter_card":"summary_large_image","twitter_misc":{"Escrito por":"Farn\u00e9sio","Est. tempo de leitura":"4 minutos"},"schema":{"@context":"https:\/\/schema.org","@graph":[{"@type":"Article","@id":"https:\/\/blogdofarnesio.com.br\/?p=186414#article","isPartOf":{"@id":"https:\/\/blogdofarnesio.com.br\/?p=186414"},"author":{"name":"Farn\u00e9sio","@id":"https:\/\/blogdofarnesio.com.br\/#\/schema\/person\/301c4acf522bccbfdb45af95b5b906a1"},"headline":"ESQUERDA DIVIDIDA PODE IMPEDIR VIT\u00d3RIA DE LULA NO 1\u00ba TURNO","datePublished":"2018-01-17T11:03:50+00:00","mainEntityOfPage":{"@id":"https:\/\/blogdofarnesio.com.br\/?p=186414"},"wordCount":713,"commentCount":0,"publisher":{"@id":"https:\/\/blogdofarnesio.com.br\/#organization"},"image":{"@id":"https:\/\/blogdofarnesio.com.br\/?p=186414#primaryimage"},"thumbnailUrl":"https:\/\/blogdofarnesio.com.br\/wp-content\/uploads\/2018\/01\/blogqspcandidatosesquerda_cms-image-000576280.jpg","articleSection":["Elei\u00e7\u00f5es"],"inLanguage":"pt-BR","potentialAction":[{"@type":"CommentAction","name":"Comment","target":["https:\/\/blogdofarnesio.com.br\/?p=186414#respond"]}]},{"@type":"WebPage","@id":"https:\/\/blogdofarnesio.com.br\/?p=186414","url":"https:\/\/blogdofarnesio.com.br\/?p=186414","name":"ESQUERDA DIVIDIDA PODE IMPEDIR VIT\u00d3RIA DE LULA NO 1\u00ba TURNO - Blog do Farn\u00e9sio","isPartOf":{"@id":"https:\/\/blogdofarnesio.com.br\/#website"},"primaryImageOfPage":{"@id":"https:\/\/blogdofarnesio.com.br\/?p=186414#primaryimage"},"image":{"@id":"https:\/\/blogdofarnesio.com.br\/?p=186414#primaryimage"},"thumbnailUrl":"https:\/\/blogdofarnesio.com.br\/wp-content\/uploads\/2018\/01\/blogqspcandidatosesquerda_cms-image-000576280.jpg","datePublished":"2018-01-17T11:03:50+00:00","breadcrumb":{"@id":"https:\/\/blogdofarnesio.com.br\/?p=186414#breadcrumb"},"inLanguage":"pt-BR","potentialAction":[{"@type":"ReadAction","target":["https:\/\/blogdofarnesio.com.br\/?p=186414"]}]},{"@type":"ImageObject","inLanguage":"pt-BR","@id":"https:\/\/blogdofarnesio.com.br\/?p=186414#primaryimage","url":"https:\/\/blogdofarnesio.com.br\/wp-content\/uploads\/2018\/01\/blogqspcandidatosesquerda_cms-image-000576280.jpg","contentUrl":"https:\/\/blogdofarnesio.com.br\/wp-content\/uploads\/2018\/01\/blogqspcandidatosesquerda_cms-image-000576280.jpg","width":490,"height":280},{"@type":"BreadcrumbList","@id":"https:\/\/blogdofarnesio.com.br\/?p=186414#breadcrumb","itemListElement":[{"@type":"ListItem","position":1,"name":"In\u00edcio","item":"https:\/\/blogdofarnesio.com.br\/"},{"@type":"ListItem","position":2,"name":"ESQUERDA DIVIDIDA PODE IMPEDIR VIT\u00d3RIA DE LULA NO 1\u00ba TURNO"}]},{"@type":"WebSite","@id":"https:\/\/blogdofarnesio.com.br\/#website","url":"https:\/\/blogdofarnesio.com.br\/","name":"Blog do Farn\u00e9sio","description":"Quer Saber Pol\u00edtica?","publisher":{"@id":"https:\/\/blogdofarnesio.com.br\/#organization"},"potentialAction":[{"@type":"SearchAction","target":{"@type":"EntryPoint","urlTemplate":"https:\/\/blogdofarnesio.com.br\/?s={search_term_string}"},"query-input":{"@type":"PropertyValueSpecification","valueRequired":true,"valueName":"search_term_string"}}],"inLanguage":"pt-BR"},{"@type":"Organization","@id":"https:\/\/blogdofarnesio.com.br\/#organization","name":"Blog do Farn\u00e9sio","url":"https:\/\/blogdofarnesio.com.br\/","logo":{"@type":"ImageObject","inLanguage":"pt-BR","@id":"https:\/\/blogdofarnesio.com.br\/#\/schema\/logo\/image\/","url":"https:\/\/blogdofarnesio.com.br\/wp-content\/uploads\/2026\/03\/cropped-logo_new-1.png","contentUrl":"https:\/\/blogdofarnesio.com.br\/wp-content\/uploads\/2026\/03\/cropped-logo_new-1.png","width":881,"height":685,"caption":"Blog do Farn\u00e9sio"},"image":{"@id":"https:\/\/blogdofarnesio.com.br\/#\/schema\/logo\/image\/"},"sameAs":["https:\/\/www.facebook.com\/BlogQuerSaberPolitica\/"]},{"@type":"Person","@id":"https:\/\/blogdofarnesio.com.br\/#\/schema\/person\/301c4acf522bccbfdb45af95b5b906a1","name":"Farn\u00e9sio","image":{"@type":"ImageObject","inLanguage":"pt-BR","@id":"https:\/\/secure.gravatar.com\/avatar\/df0c9a14567c056f8ad6876ba5bbd1e3e2c48023eb6807342fc4663adf549f38?s=96&d=mm&r=g","url":"https:\/\/secure.gravatar.com\/avatar\/df0c9a14567c056f8ad6876ba5bbd1e3e2c48023eb6807342fc4663adf549f38?s=96&d=mm&r=g","contentUrl":"https:\/\/secure.gravatar.com\/avatar\/df0c9a14567c056f8ad6876ba5bbd1e3e2c48023eb6807342fc4663adf549f38?s=96&d=mm&r=g","caption":"Farn\u00e9sio"},"sameAs":["https:\/\/quersaberpolitica.com.br"],"url":"https:\/\/blogdofarnesio.com.br\/?author=1"}]}},"_links":{"self":[{"href":"https:\/\/blogdofarnesio.com.br\/index.php?rest_route=\/wp\/v2\/posts\/186414","targetHints":{"allow":["GET"]}}],"collection":[{"href":"https:\/\/blogdofarnesio.com.br\/index.php?rest_route=\/wp\/v2\/posts"}],"about":[{"href":"https:\/\/blogdofarnesio.com.br\/index.php?rest_route=\/wp\/v2\/types\/post"}],"author":[{"embeddable":true,"href":"https:\/\/blogdofarnesio.com.br\/index.php?rest_route=\/wp\/v2\/users\/1"}],"replies":[{"embeddable":true,"href":"https:\/\/blogdofarnesio.com.br\/index.php?rest_route=%2Fwp%2Fv2%2Fcomments&post=186414"}],"version-history":[{"count":0,"href":"https:\/\/blogdofarnesio.com.br\/index.php?rest_route=\/wp\/v2\/posts\/186414\/revisions"}],"wp:featuredmedia":[{"embeddable":true,"href":"https:\/\/blogdofarnesio.com.br\/index.php?rest_route=\/wp\/v2\/media\/186415"}],"wp:attachment":[{"href":"https:\/\/blogdofarnesio.com.br\/index.php?rest_route=%2Fwp%2Fv2%2Fmedia&parent=186414"}],"wp:term":[{"taxonomy":"category","embeddable":true,"href":"https:\/\/blogdofarnesio.com.br\/index.php?rest_route=%2Fwp%2Fv2%2Fcategories&post=186414"},{"taxonomy":"post_tag","embeddable":true,"href":"https:\/\/blogdofarnesio.com.br\/index.php?rest_route=%2Fwp%2Fv2%2Ftags&post=186414"}],"curies":[{"name":"wp","href":"https:\/\/api.w.org\/{rel}","templated":true}]}}