{"id":186391,"date":"2018-01-16T17:34:45","date_gmt":"2018-01-16T20:34:45","guid":{"rendered":"http:\/\/quersaberpolitica.com.br\/2016\/?p=186391"},"modified":"2018-01-16T16:10:37","modified_gmt":"2018-01-16T19:10:37","slug":"acirrando-os-animos","status":"publish","type":"post","link":"https:\/\/blogdofarnesio.com.br\/?p=186391","title":{"rendered":"ACIRRANDO OS \u00c2NIMOS"},"content":{"rendered":"<p><strong>Bernardo Mello Franco &#8211; Folha de S.Paulo<\/strong><\/p>\n<p>H\u00e1 um misto de afoba\u00e7\u00e3o e de irresponsabilidade no ar. Ningu\u00e9m quer perder a chance de tirar uma casquinha do julgamento de Lula em Porto Alegre.<\/p>\n<p>Aliados e advers\u00e1rios do ex-presidente investem na ret\u00f3rica do confronto, acirrando os \u00e2nimos para o dia 24.<\/p>\n<p>Os petistas anunciam uma &#8220;ocupa\u00e7\u00e3o&#8221; da capital ga\u00facha. J\u00e1 foram confirmadas mais de 200 caravanas a caminho da sede do Tribunal Regional Federal da 4\u00aa Regi\u00e3o. A ordem \u00e9 pressionar os desembargadores e &#8220;demonstrar for\u00e7a&#8221;, nas palavras de um dirigente do partido.<\/p>\n<p>O PT diz que os atos ser\u00e3o pac\u00edficos, mas p\u00f5e lenha na fogueira ao tratar uma eventual condena\u00e7\u00e3o como &#8220;fraude&#8221;. Fora dos microfones, parlamentares amea\u00e7am &#8220;radicalizar&#8221; se o recurso de Lula for negado. O que querem dizer com isso?<\/p>\n<p>O antipetismo tamb\u00e9m investe no clima de provoca\u00e7\u00e3o. O MBL, que sumiu das ruas quando Michel Temer foi acusado de corrup\u00e7\u00e3o, promete ressurgir das cinzas. O grupo convida para um &#8220;CarnaLula&#8221; no dia do julgamento. O prefeito de Porto Alegre, Nelson Marchezan J\u00fanior, foi convidado. O tucano tamb\u00e9m tentou surfar no caso ao pedir o envio de tropas federais para a cidade. Foi desautorizado pelo ministro da Defesa e pelo comandante do Ex\u00e9rcito, que chamaram a ideia de inconstitucional.<\/p>\n<p>Nesta segunda, o presidente do TRF-4 fez um giro em Bras\u00edlia para tratar da seguran\u00e7a no julgamento. Carlos Eduardo Thompson Flores esteve no Planalto, na Procuradoria-Geral da Rep\u00fablica e no Supremo. A ministra C\u00e1rmen L\u00facia n\u00e3o detectou nenhum risco alarmante, segundo quem a ouviu depois da reuni\u00e3o.<\/p>\n<p>Na semana passada, o pr\u00f3prio TRF-4 contribuiu para o clima de tens\u00e3o ao informar que Lula n\u00e3o ser\u00e1 preso no dia 24. Ao tratar de sua eventual condena\u00e7\u00e3o, a corte estimula a ideia de que o julgamento ser\u00e1 favas contadas. Algo que o pr\u00f3prio Thompson Flores j\u00e1 havia feito, ao classificar a senten\u00e7a de Sergio Moro como &#8220;hist\u00f3rica&#8221; e &#8220;irretoc\u00e1vel&#8221;.<\/p>\n","protected":false},"excerpt":{"rendered":"<p>Bernardo Mello Franco &#8211; Folha de S.Paulo H\u00e1 um misto de afoba\u00e7\u00e3o e de irresponsabilidade no ar. Ningu\u00e9m quer perder a chance de tirar uma casquinha do julgamento de Lula em Porto Alegre. Aliados e advers\u00e1rios do ex-presidente investem na ret\u00f3rica do confronto, acirrando os \u00e2nimos para o dia 24. Os petistas anunciam uma &#8220;ocupa\u00e7\u00e3o&#8221; da capital ga\u00facha. J\u00e1 foram confirmadas mais de 200 caravanas a caminho da sede do Tribunal Regional Federal da 4\u00aa Regi\u00e3o. A ordem \u00e9 pressionar os desembargadores e &#8220;demonstrar for\u00e7a&#8221;, nas palavras de um dirigente do partido. O PT diz que os atos ser\u00e3o pac\u00edficos, mas p\u00f5e lenha na fogueira ao tratar uma eventual condena\u00e7\u00e3o como &#8220;fraude&#8221;. Fora dos microfones, parlamentares amea\u00e7am &#8220;radicalizar&#8221; se o&hellip; <\/p>\n","protected":false},"author":1,"featured_media":182412,"comment_status":"open","ping_status":"closed","sticky":false,"template":"","format":"standard","meta":{"_acf_changed":false,"footnotes":""},"categories":[30],"tags":[],"class_list":["post-186391","post","type-post","status-publish","format-standard","has-post-thumbnail","hentry","category-artigo"],"acf":[],"yoast_head":"<!-- This site is optimized with the Yoast SEO plugin v27.4 - https:\/\/yoast.com\/product\/yoast-seo-wordpress\/ -->\n<title>ACIRRANDO OS \u00c2NIMOS - Blog do Farn\u00e9sio<\/title>\n<meta name=\"robots\" content=\"index, follow, max-snippet:-1, max-image-preview:large, max-video-preview:-1\" \/>\n<link rel=\"canonical\" href=\"https:\/\/blogdofarnesio.com.br\/?p=186391\" \/>\n<meta property=\"og:locale\" content=\"pt_BR\" \/>\n<meta property=\"og:type\" content=\"article\" \/>\n<meta property=\"og:title\" content=\"ACIRRANDO OS \u00c2NIMOS - Blog do Farn\u00e9sio\" \/>\n<meta property=\"og:description\" content=\"Bernardo Mello Franco &#8211; Folha de S.Paulo H\u00e1 um misto de afoba\u00e7\u00e3o e de irresponsabilidade no ar. Ningu\u00e9m quer perder a chance de tirar uma casquinha do julgamento de Lula em Porto Alegre. Aliados e advers\u00e1rios do ex-presidente investem na ret\u00f3rica do confronto, acirrando os \u00e2nimos para o dia 24. Os petistas anunciam uma &#8220;ocupa\u00e7\u00e3o&#8221; da capital ga\u00facha. J\u00e1 foram confirmadas mais de 200 caravanas a caminho da sede do Tribunal Regional Federal da 4\u00aa Regi\u00e3o. A ordem \u00e9 pressionar os desembargadores e &#8220;demonstrar for\u00e7a&#8221;, nas palavras de um dirigente do partido. O PT diz que os atos ser\u00e3o pac\u00edficos, mas p\u00f5e lenha na fogueira ao tratar uma eventual condena\u00e7\u00e3o como &#8220;fraude&#8221;. Fora dos microfones, parlamentares amea\u00e7am &#8220;radicalizar&#8221; se o&hellip;\" \/>\n<meta property=\"og:url\" content=\"https:\/\/blogdofarnesio.com.br\/?p=186391\" \/>\n<meta property=\"og:site_name\" content=\"Blog do Farn\u00e9sio\" \/>\n<meta property=\"article:publisher\" content=\"https:\/\/www.facebook.com\/BlogQuerSaberPolitica\/\" \/>\n<meta property=\"article:published_time\" content=\"2018-01-16T20:34:45+00:00\" \/>\n<meta property=\"og:image\" content=\"https:\/\/blogdofarnesio.com.br\/wp-content\/uploads\/2017\/11\/blogqspjusti\u00e7aa-charge-mariano-21-12-11.jpg\" \/>\n\t<meta property=\"og:image:width\" content=\"426\" \/>\n\t<meta property=\"og:image:height\" content=\"360\" \/>\n\t<meta property=\"og:image:type\" content=\"image\/jpeg\" \/>\n<meta name=\"author\" content=\"Farn\u00e9sio\" \/>\n<meta name=\"twitter:card\" content=\"summary_large_image\" \/>\n<meta name=\"twitter:label1\" content=\"Escrito por\" \/>\n\t<meta name=\"twitter:data1\" content=\"Farn\u00e9sio\" \/>\n\t<meta name=\"twitter:label2\" content=\"Est. tempo de leitura\" \/>\n\t<meta name=\"twitter:data2\" content=\"2 minutos\" \/>\n<script type=\"application\/ld+json\" class=\"yoast-schema-graph\">{\"@context\":\"https:\\\/\\\/schema.org\",\"@graph\":[{\"@type\":\"Article\",\"@id\":\"https:\\\/\\\/blogdofarnesio.com.br\\\/?p=186391#article\",\"isPartOf\":{\"@id\":\"https:\\\/\\\/blogdofarnesio.com.br\\\/?p=186391\"},\"author\":{\"name\":\"Farn\u00e9sio\",\"@id\":\"https:\\\/\\\/blogdofarnesio.com.br\\\/#\\\/schema\\\/person\\\/301c4acf522bccbfdb45af95b5b906a1\"},\"headline\":\"ACIRRANDO OS \u00c2NIMOS\",\"datePublished\":\"2018-01-16T20:34:45+00:00\",\"mainEntityOfPage\":{\"@id\":\"https:\\\/\\\/blogdofarnesio.com.br\\\/?p=186391\"},\"wordCount\":350,\"commentCount\":0,\"publisher\":{\"@id\":\"https:\\\/\\\/blogdofarnesio.com.br\\\/#organization\"},\"image\":{\"@id\":\"https:\\\/\\\/blogdofarnesio.com.br\\\/?p=186391#primaryimage\"},\"thumbnailUrl\":\"https:\\\/\\\/blogdofarnesio.com.br\\\/wp-content\\\/uploads\\\/2017\\\/11\\\/blogqspjusti\u00e7aa-charge-mariano-21-12-11.jpg\",\"articleSection\":[\"Artigo\"],\"inLanguage\":\"pt-BR\",\"potentialAction\":[{\"@type\":\"CommentAction\",\"name\":\"Comment\",\"target\":[\"https:\\\/\\\/blogdofarnesio.com.br\\\/?p=186391#respond\"]}]},{\"@type\":\"WebPage\",\"@id\":\"https:\\\/\\\/blogdofarnesio.com.br\\\/?p=186391\",\"url\":\"https:\\\/\\\/blogdofarnesio.com.br\\\/?p=186391\",\"name\":\"ACIRRANDO OS \u00c2NIMOS - Blog do Farn\u00e9sio\",\"isPartOf\":{\"@id\":\"https:\\\/\\\/blogdofarnesio.com.br\\\/#website\"},\"primaryImageOfPage\":{\"@id\":\"https:\\\/\\\/blogdofarnesio.com.br\\\/?p=186391#primaryimage\"},\"image\":{\"@id\":\"https:\\\/\\\/blogdofarnesio.com.br\\\/?p=186391#primaryimage\"},\"thumbnailUrl\":\"https:\\\/\\\/blogdofarnesio.com.br\\\/wp-content\\\/uploads\\\/2017\\\/11\\\/blogqspjusti\u00e7aa-charge-mariano-21-12-11.jpg\",\"datePublished\":\"2018-01-16T20:34:45+00:00\",\"breadcrumb\":{\"@id\":\"https:\\\/\\\/blogdofarnesio.com.br\\\/?p=186391#breadcrumb\"},\"inLanguage\":\"pt-BR\",\"potentialAction\":[{\"@type\":\"ReadAction\",\"target\":[\"https:\\\/\\\/blogdofarnesio.com.br\\\/?p=186391\"]}]},{\"@type\":\"ImageObject\",\"inLanguage\":\"pt-BR\",\"@id\":\"https:\\\/\\\/blogdofarnesio.com.br\\\/?p=186391#primaryimage\",\"url\":\"https:\\\/\\\/blogdofarnesio.com.br\\\/wp-content\\\/uploads\\\/2017\\\/11\\\/blogqspjusti\u00e7aa-charge-mariano-21-12-11.jpg\",\"contentUrl\":\"https:\\\/\\\/blogdofarnesio.com.br\\\/wp-content\\\/uploads\\\/2017\\\/11\\\/blogqspjusti\u00e7aa-charge-mariano-21-12-11.jpg\",\"width\":426,\"height\":360},{\"@type\":\"BreadcrumbList\",\"@id\":\"https:\\\/\\\/blogdofarnesio.com.br\\\/?p=186391#breadcrumb\",\"itemListElement\":[{\"@type\":\"ListItem\",\"position\":1,\"name\":\"In\u00edcio\",\"item\":\"https:\\\/\\\/blogdofarnesio.com.br\\\/\"},{\"@type\":\"ListItem\",\"position\":2,\"name\":\"ACIRRANDO OS \u00c2NIMOS\"}]},{\"@type\":\"WebSite\",\"@id\":\"https:\\\/\\\/blogdofarnesio.com.br\\\/#website\",\"url\":\"https:\\\/\\\/blogdofarnesio.com.br\\\/\",\"name\":\"Blog do Farn\u00e9sio\",\"description\":\"Quer Saber Pol\u00edtica?\",\"publisher\":{\"@id\":\"https:\\\/\\\/blogdofarnesio.com.br\\\/#organization\"},\"potentialAction\":[{\"@type\":\"SearchAction\",\"target\":{\"@type\":\"EntryPoint\",\"urlTemplate\":\"https:\\\/\\\/blogdofarnesio.com.br\\\/?s={search_term_string}\"},\"query-input\":{\"@type\":\"PropertyValueSpecification\",\"valueRequired\":true,\"valueName\":\"search_term_string\"}}],\"inLanguage\":\"pt-BR\"},{\"@type\":\"Organization\",\"@id\":\"https:\\\/\\\/blogdofarnesio.com.br\\\/#organization\",\"name\":\"Blog do Farn\u00e9sio\",\"url\":\"https:\\\/\\\/blogdofarnesio.com.br\\\/\",\"logo\":{\"@type\":\"ImageObject\",\"inLanguage\":\"pt-BR\",\"@id\":\"https:\\\/\\\/blogdofarnesio.com.br\\\/#\\\/schema\\\/logo\\\/image\\\/\",\"url\":\"https:\\\/\\\/blogdofarnesio.com.br\\\/wp-content\\\/uploads\\\/2026\\\/03\\\/cropped-logo_new-1.png\",\"contentUrl\":\"https:\\\/\\\/blogdofarnesio.com.br\\\/wp-content\\\/uploads\\\/2026\\\/03\\\/cropped-logo_new-1.png\",\"width\":881,\"height\":685,\"caption\":\"Blog do Farn\u00e9sio\"},\"image\":{\"@id\":\"https:\\\/\\\/blogdofarnesio.com.br\\\/#\\\/schema\\\/logo\\\/image\\\/\"},\"sameAs\":[\"https:\\\/\\\/www.facebook.com\\\/BlogQuerSaberPolitica\\\/\"]},{\"@type\":\"Person\",\"@id\":\"https:\\\/\\\/blogdofarnesio.com.br\\\/#\\\/schema\\\/person\\\/301c4acf522bccbfdb45af95b5b906a1\",\"name\":\"Farn\u00e9sio\",\"image\":{\"@type\":\"ImageObject\",\"inLanguage\":\"pt-BR\",\"@id\":\"https:\\\/\\\/secure.gravatar.com\\\/avatar\\\/df0c9a14567c056f8ad6876ba5bbd1e3e2c48023eb6807342fc4663adf549f38?s=96&d=mm&r=g\",\"url\":\"https:\\\/\\\/secure.gravatar.com\\\/avatar\\\/df0c9a14567c056f8ad6876ba5bbd1e3e2c48023eb6807342fc4663adf549f38?s=96&d=mm&r=g\",\"contentUrl\":\"https:\\\/\\\/secure.gravatar.com\\\/avatar\\\/df0c9a14567c056f8ad6876ba5bbd1e3e2c48023eb6807342fc4663adf549f38?s=96&d=mm&r=g\",\"caption\":\"Farn\u00e9sio\"},\"sameAs\":[\"https:\\\/\\\/quersaberpolitica.com.br\"],\"url\":\"https:\\\/\\\/blogdofarnesio.com.br\\\/?author=1\"}]}<\/script>\n<!-- \/ Yoast SEO plugin. -->","yoast_head_json":{"title":"ACIRRANDO OS \u00c2NIMOS - Blog do Farn\u00e9sio","robots":{"index":"index","follow":"follow","max-snippet":"max-snippet:-1","max-image-preview":"max-image-preview:large","max-video-preview":"max-video-preview:-1"},"canonical":"https:\/\/blogdofarnesio.com.br\/?p=186391","og_locale":"pt_BR","og_type":"article","og_title":"ACIRRANDO OS \u00c2NIMOS - Blog do Farn\u00e9sio","og_description":"Bernardo Mello Franco &#8211; Folha de S.Paulo H\u00e1 um misto de afoba\u00e7\u00e3o e de irresponsabilidade no ar. Ningu\u00e9m quer perder a chance de tirar uma casquinha do julgamento de Lula em Porto Alegre. Aliados e advers\u00e1rios do ex-presidente investem na ret\u00f3rica do confronto, acirrando os \u00e2nimos para o dia 24. Os petistas anunciam uma &#8220;ocupa\u00e7\u00e3o&#8221; da capital ga\u00facha. J\u00e1 foram confirmadas mais de 200 caravanas a caminho da sede do Tribunal Regional Federal da 4\u00aa Regi\u00e3o. A ordem \u00e9 pressionar os desembargadores e &#8220;demonstrar for\u00e7a&#8221;, nas palavras de um dirigente do partido. O PT diz que os atos ser\u00e3o pac\u00edficos, mas p\u00f5e lenha na fogueira ao tratar uma eventual condena\u00e7\u00e3o como &#8220;fraude&#8221;. Fora dos microfones, parlamentares amea\u00e7am &#8220;radicalizar&#8221; se o&hellip;","og_url":"https:\/\/blogdofarnesio.com.br\/?p=186391","og_site_name":"Blog do Farn\u00e9sio","article_publisher":"https:\/\/www.facebook.com\/BlogQuerSaberPolitica\/","article_published_time":"2018-01-16T20:34:45+00:00","og_image":[{"width":426,"height":360,"url":"https:\/\/blogdofarnesio.com.br\/wp-content\/uploads\/2017\/11\/blogqspjusti\u00e7aa-charge-mariano-21-12-11.jpg","type":"image\/jpeg"}],"author":"Farn\u00e9sio","twitter_card":"summary_large_image","twitter_misc":{"Escrito por":"Farn\u00e9sio","Est. tempo de leitura":"2 minutos"},"schema":{"@context":"https:\/\/schema.org","@graph":[{"@type":"Article","@id":"https:\/\/blogdofarnesio.com.br\/?p=186391#article","isPartOf":{"@id":"https:\/\/blogdofarnesio.com.br\/?p=186391"},"author":{"name":"Farn\u00e9sio","@id":"https:\/\/blogdofarnesio.com.br\/#\/schema\/person\/301c4acf522bccbfdb45af95b5b906a1"},"headline":"ACIRRANDO OS \u00c2NIMOS","datePublished":"2018-01-16T20:34:45+00:00","mainEntityOfPage":{"@id":"https:\/\/blogdofarnesio.com.br\/?p=186391"},"wordCount":350,"commentCount":0,"publisher":{"@id":"https:\/\/blogdofarnesio.com.br\/#organization"},"image":{"@id":"https:\/\/blogdofarnesio.com.br\/?p=186391#primaryimage"},"thumbnailUrl":"https:\/\/blogdofarnesio.com.br\/wp-content\/uploads\/2017\/11\/blogqspjusti\u00e7aa-charge-mariano-21-12-11.jpg","articleSection":["Artigo"],"inLanguage":"pt-BR","potentialAction":[{"@type":"CommentAction","name":"Comment","target":["https:\/\/blogdofarnesio.com.br\/?p=186391#respond"]}]},{"@type":"WebPage","@id":"https:\/\/blogdofarnesio.com.br\/?p=186391","url":"https:\/\/blogdofarnesio.com.br\/?p=186391","name":"ACIRRANDO OS \u00c2NIMOS - Blog do Farn\u00e9sio","isPartOf":{"@id":"https:\/\/blogdofarnesio.com.br\/#website"},"primaryImageOfPage":{"@id":"https:\/\/blogdofarnesio.com.br\/?p=186391#primaryimage"},"image":{"@id":"https:\/\/blogdofarnesio.com.br\/?p=186391#primaryimage"},"thumbnailUrl":"https:\/\/blogdofarnesio.com.br\/wp-content\/uploads\/2017\/11\/blogqspjusti\u00e7aa-charge-mariano-21-12-11.jpg","datePublished":"2018-01-16T20:34:45+00:00","breadcrumb":{"@id":"https:\/\/blogdofarnesio.com.br\/?p=186391#breadcrumb"},"inLanguage":"pt-BR","potentialAction":[{"@type":"ReadAction","target":["https:\/\/blogdofarnesio.com.br\/?p=186391"]}]},{"@type":"ImageObject","inLanguage":"pt-BR","@id":"https:\/\/blogdofarnesio.com.br\/?p=186391#primaryimage","url":"https:\/\/blogdofarnesio.com.br\/wp-content\/uploads\/2017\/11\/blogqspjusti\u00e7aa-charge-mariano-21-12-11.jpg","contentUrl":"https:\/\/blogdofarnesio.com.br\/wp-content\/uploads\/2017\/11\/blogqspjusti\u00e7aa-charge-mariano-21-12-11.jpg","width":426,"height":360},{"@type":"BreadcrumbList","@id":"https:\/\/blogdofarnesio.com.br\/?p=186391#breadcrumb","itemListElement":[{"@type":"ListItem","position":1,"name":"In\u00edcio","item":"https:\/\/blogdofarnesio.com.br\/"},{"@type":"ListItem","position":2,"name":"ACIRRANDO OS \u00c2NIMOS"}]},{"@type":"WebSite","@id":"https:\/\/blogdofarnesio.com.br\/#website","url":"https:\/\/blogdofarnesio.com.br\/","name":"Blog do Farn\u00e9sio","description":"Quer Saber Pol\u00edtica?","publisher":{"@id":"https:\/\/blogdofarnesio.com.br\/#organization"},"potentialAction":[{"@type":"SearchAction","target":{"@type":"EntryPoint","urlTemplate":"https:\/\/blogdofarnesio.com.br\/?s={search_term_string}"},"query-input":{"@type":"PropertyValueSpecification","valueRequired":true,"valueName":"search_term_string"}}],"inLanguage":"pt-BR"},{"@type":"Organization","@id":"https:\/\/blogdofarnesio.com.br\/#organization","name":"Blog do Farn\u00e9sio","url":"https:\/\/blogdofarnesio.com.br\/","logo":{"@type":"ImageObject","inLanguage":"pt-BR","@id":"https:\/\/blogdofarnesio.com.br\/#\/schema\/logo\/image\/","url":"https:\/\/blogdofarnesio.com.br\/wp-content\/uploads\/2026\/03\/cropped-logo_new-1.png","contentUrl":"https:\/\/blogdofarnesio.com.br\/wp-content\/uploads\/2026\/03\/cropped-logo_new-1.png","width":881,"height":685,"caption":"Blog do Farn\u00e9sio"},"image":{"@id":"https:\/\/blogdofarnesio.com.br\/#\/schema\/logo\/image\/"},"sameAs":["https:\/\/www.facebook.com\/BlogQuerSaberPolitica\/"]},{"@type":"Person","@id":"https:\/\/blogdofarnesio.com.br\/#\/schema\/person\/301c4acf522bccbfdb45af95b5b906a1","name":"Farn\u00e9sio","image":{"@type":"ImageObject","inLanguage":"pt-BR","@id":"https:\/\/secure.gravatar.com\/avatar\/df0c9a14567c056f8ad6876ba5bbd1e3e2c48023eb6807342fc4663adf549f38?s=96&d=mm&r=g","url":"https:\/\/secure.gravatar.com\/avatar\/df0c9a14567c056f8ad6876ba5bbd1e3e2c48023eb6807342fc4663adf549f38?s=96&d=mm&r=g","contentUrl":"https:\/\/secure.gravatar.com\/avatar\/df0c9a14567c056f8ad6876ba5bbd1e3e2c48023eb6807342fc4663adf549f38?s=96&d=mm&r=g","caption":"Farn\u00e9sio"},"sameAs":["https:\/\/quersaberpolitica.com.br"],"url":"https:\/\/blogdofarnesio.com.br\/?author=1"}]}},"_links":{"self":[{"href":"https:\/\/blogdofarnesio.com.br\/index.php?rest_route=\/wp\/v2\/posts\/186391","targetHints":{"allow":["GET"]}}],"collection":[{"href":"https:\/\/blogdofarnesio.com.br\/index.php?rest_route=\/wp\/v2\/posts"}],"about":[{"href":"https:\/\/blogdofarnesio.com.br\/index.php?rest_route=\/wp\/v2\/types\/post"}],"author":[{"embeddable":true,"href":"https:\/\/blogdofarnesio.com.br\/index.php?rest_route=\/wp\/v2\/users\/1"}],"replies":[{"embeddable":true,"href":"https:\/\/blogdofarnesio.com.br\/index.php?rest_route=%2Fwp%2Fv2%2Fcomments&post=186391"}],"version-history":[{"count":0,"href":"https:\/\/blogdofarnesio.com.br\/index.php?rest_route=\/wp\/v2\/posts\/186391\/revisions"}],"wp:featuredmedia":[{"embeddable":true,"href":"https:\/\/blogdofarnesio.com.br\/index.php?rest_route=\/wp\/v2\/media\/182412"}],"wp:attachment":[{"href":"https:\/\/blogdofarnesio.com.br\/index.php?rest_route=%2Fwp%2Fv2%2Fmedia&parent=186391"}],"wp:term":[{"taxonomy":"category","embeddable":true,"href":"https:\/\/blogdofarnesio.com.br\/index.php?rest_route=%2Fwp%2Fv2%2Fcategories&post=186391"},{"taxonomy":"post_tag","embeddable":true,"href":"https:\/\/blogdofarnesio.com.br\/index.php?rest_route=%2Fwp%2Fv2%2Ftags&post=186391"}],"curies":[{"name":"wp","href":"https:\/\/api.w.org\/{rel}","templated":true}]}}