{"id":186385,"date":"2018-01-17T09:00:44","date_gmt":"2018-01-17T12:00:44","guid":{"rendered":"http:\/\/quersaberpolitica.com.br\/2016\/?p=186385"},"modified":"2018-01-16T20:28:27","modified_gmt":"2018-01-16T23:28:27","slug":"crimes-de-morte-em-pernambuco-apresenta-numeros-de-guerra-civil","status":"publish","type":"post","link":"https:\/\/blogdofarnesio.com.br\/?p=186385","title":{"rendered":"CRIMES DE MORTE EM PERNAMBUCO APRESENTA N\u00daMEROS DE GUERRA CIVIL"},"content":{"rendered":"<h1><a href=\"http:\/\/www.didigalvao.com.br\/os-municipios-de-pernambuco-com-maior-numero-de-assassinatos-em-2017\/\">Em Petrolina foram 131 assassinatos em 2017<\/a><\/h1>\n<div class=\"at-above-post-homepage addthis_tool\" data-url=\"http:\/\/www.didigalvao.com.br\/os-municipios-de-pernambuco-com-maior-numero-de-assassinatos-em-2017\/\">Pernambuco fechou o ano de 2017 com o recorde hist\u00f3rico de homic\u00eddios. No total, oficialmente, foram 5.427 mortes. Destas, 3.062 aconteceram em cidades do Interior. No entanto, s\u00e3o os munic\u00edpios da Regi\u00e3o Metropolitana do Recife que est\u00e3o entre os mais violentos e com maior n\u00famero de assassinatos. A capital, naturalmente, lidera o ranking.<\/div>\n<p>Em 12 meses, Recife registrou 791 mortes. \u00c9 o pior resultado desde 2009, quando foram contabilizados 818 homic\u00eddios. Apesar da promessa de investimentos com apoio da prefeitura, a capital n\u00e3o conseguiu atingir a redu\u00e7\u00e3o esperada. Pelo contr\u00e1rio, viu os n\u00fameros crescerem seguindo a tend\u00eancia estadual.<\/p>\n<p>Jaboat\u00e3o dos Guararapes \u00e9 o segundo da lista de mais violentos, de acordo com o levantamento da Secretaria de Defesa Social (SDS). No total, 398 pessoas foram assassinadas em 2017.\u00a0Tamb\u00e9m o pior resultado desde 2009. Uma das apostas para reduzir a viol\u00eancia na cidade \u00e9 desarticular quadrilhas envolvidas com tr\u00e1fico de drogas e exterm\u00ednio. Na semana passada,\u00a0um dos delegados mais experientes do Estado assumiu uma delegacia de homic\u00eddios de Jaboat\u00e3o.<\/p>\n<p>Levantamento mostra que houve\u00a0aumento de 39% no n\u00famero de homic\u00eddios no governo Paulo C\u00e2mara\u00a0se comparado com os resultados obtidos no mesmo per\u00edodo da segunda gest\u00e3o de Eduardo Campos.<\/p>\n<p><em>Confira a lista dos munic\u00edpios com maior n\u00famero de mortes em 2017:<\/em><\/p>\n<ul>\n<li>Recife \u2013 791<\/li>\n<li>Jaboat\u00e3o dos Guararapes \u2013 398<\/li>\n<li>Caruaru \u2013 262<\/li>\n<li>Paulista \u2013 223<\/li>\n<li>Cabo de Santo Agostinho \u2013 198<\/li>\n<li>Olinda \u2013 163<\/li>\n<li>Ipojuca \u2013 139<\/li>\n<li>Petrolina \u2013 131<\/li>\n<li>Vit\u00f3ria de Santo Ant\u00e3o \u2013 123<\/li>\n<li>Igarassu \u2013 92<\/li>\n<li>Camaragibe \u2013 92<\/li>\n<li>Abreu e Lima \u2013 71<\/li>\n<\/ul>\n<p><em>SDS<\/em><\/p>\n","protected":false},"excerpt":{"rendered":"<p>Em Petrolina foram 131 assassinatos em 2017 Pernambuco fechou o ano de 2017 com o recorde hist\u00f3rico de homic\u00eddios. No total, oficialmente, foram 5.427 mortes. Destas, 3.062 aconteceram em cidades do Interior. No entanto, s\u00e3o os munic\u00edpios da Regi\u00e3o Metropolitana do Recife que est\u00e3o entre os mais violentos e com maior n\u00famero de assassinatos. A capital, naturalmente, lidera o ranking. Em 12 meses, Recife registrou 791 mortes. \u00c9 o pior resultado desde 2009, quando foram contabilizados 818 homic\u00eddios. Apesar da promessa de investimentos com apoio da prefeitura, a capital n\u00e3o conseguiu atingir a redu\u00e7\u00e3o esperada. Pelo contr\u00e1rio, viu os n\u00fameros crescerem seguindo a tend\u00eancia estadual. Jaboat\u00e3o dos Guararapes \u00e9 o segundo da lista de mais violentos, de acordo com o&hellip; <\/p>\n","protected":false},"author":1,"featured_media":153966,"comment_status":"open","ping_status":"closed","sticky":false,"template":"","format":"standard","meta":{"_acf_changed":false,"footnotes":""},"categories":[5,59],"tags":[],"class_list":["post-186385","post","type-post","status-publish","format-standard","has-post-thumbnail","hentry","category-seguranca","category-violencia"],"acf":[],"yoast_head":"<!-- This site is optimized with the Yoast SEO plugin v27.4 - https:\/\/yoast.com\/product\/yoast-seo-wordpress\/ -->\n<title>CRIMES DE MORTE EM PERNAMBUCO APRESENTA N\u00daMEROS DE GUERRA CIVIL - Blog do Farn\u00e9sio<\/title>\n<meta name=\"robots\" content=\"index, follow, max-snippet:-1, max-image-preview:large, max-video-preview:-1\" \/>\n<link rel=\"canonical\" href=\"https:\/\/blogdofarnesio.com.br\/?p=186385\" \/>\n<meta property=\"og:locale\" content=\"pt_BR\" \/>\n<meta property=\"og:type\" content=\"article\" \/>\n<meta property=\"og:title\" content=\"CRIMES DE MORTE EM PERNAMBUCO APRESENTA N\u00daMEROS DE GUERRA CIVIL - Blog do Farn\u00e9sio\" \/>\n<meta property=\"og:description\" content=\"Em Petrolina foram 131 assassinatos em 2017 Pernambuco fechou o ano de 2017 com o recorde hist\u00f3rico de homic\u00eddios. No total, oficialmente, foram 5.427 mortes. Destas, 3.062 aconteceram em cidades do Interior. No entanto, s\u00e3o os munic\u00edpios da Regi\u00e3o Metropolitana do Recife que est\u00e3o entre os mais violentos e com maior n\u00famero de assassinatos. A capital, naturalmente, lidera o ranking. Em 12 meses, Recife registrou 791 mortes. \u00c9 o pior resultado desde 2009, quando foram contabilizados 818 homic\u00eddios. Apesar da promessa de investimentos com apoio da prefeitura, a capital n\u00e3o conseguiu atingir a redu\u00e7\u00e3o esperada. Pelo contr\u00e1rio, viu os n\u00fameros crescerem seguindo a tend\u00eancia estadual. Jaboat\u00e3o dos Guararapes \u00e9 o segundo da lista de mais violentos, de acordo com o&hellip;\" \/>\n<meta property=\"og:url\" content=\"https:\/\/blogdofarnesio.com.br\/?p=186385\" \/>\n<meta property=\"og:site_name\" content=\"Blog do Farn\u00e9sio\" \/>\n<meta property=\"article:publisher\" content=\"https:\/\/www.facebook.com\/BlogQuerSaberPolitica\/\" \/>\n<meta property=\"article:published_time\" content=\"2018-01-17T12:00:44+00:00\" \/>\n<meta property=\"og:image\" content=\"https:\/\/blogdofarnesio.com.br\/wp-content\/uploads\/2016\/12\/Blogqspcrimee-1.gif\" \/>\n\t<meta property=\"og:image:width\" content=\"497\" \/>\n\t<meta property=\"og:image:height\" content=\"296\" \/>\n\t<meta property=\"og:image:type\" content=\"image\/gif\" \/>\n<meta name=\"author\" content=\"Farn\u00e9sio\" \/>\n<meta name=\"twitter:card\" content=\"summary_large_image\" \/>\n<meta name=\"twitter:label1\" content=\"Escrito por\" \/>\n\t<meta name=\"twitter:data1\" content=\"Farn\u00e9sio\" \/>\n\t<meta name=\"twitter:label2\" content=\"Est. tempo de leitura\" \/>\n\t<meta name=\"twitter:data2\" content=\"1 minuto\" \/>\n<script type=\"application\/ld+json\" class=\"yoast-schema-graph\">{\"@context\":\"https:\\\/\\\/schema.org\",\"@graph\":[{\"@type\":\"Article\",\"@id\":\"https:\\\/\\\/blogdofarnesio.com.br\\\/?p=186385#article\",\"isPartOf\":{\"@id\":\"https:\\\/\\\/blogdofarnesio.com.br\\\/?p=186385\"},\"author\":{\"name\":\"Farn\u00e9sio\",\"@id\":\"https:\\\/\\\/blogdofarnesio.com.br\\\/#\\\/schema\\\/person\\\/301c4acf522bccbfdb45af95b5b906a1\"},\"headline\":\"CRIMES DE MORTE EM PERNAMBUCO APRESENTA N\u00daMEROS DE GUERRA CIVIL\",\"datePublished\":\"2018-01-17T12:00:44+00:00\",\"mainEntityOfPage\":{\"@id\":\"https:\\\/\\\/blogdofarnesio.com.br\\\/?p=186385\"},\"wordCount\":266,\"commentCount\":0,\"publisher\":{\"@id\":\"https:\\\/\\\/blogdofarnesio.com.br\\\/#organization\"},\"image\":{\"@id\":\"https:\\\/\\\/blogdofarnesio.com.br\\\/?p=186385#primaryimage\"},\"thumbnailUrl\":\"https:\\\/\\\/blogdofarnesio.com.br\\\/wp-content\\\/uploads\\\/2016\\\/12\\\/Blogqspcrimee-1.gif\",\"articleSection\":[\"Seguran\u00e7a\",\"Viol\u00eancia\"],\"inLanguage\":\"pt-BR\",\"potentialAction\":[{\"@type\":\"CommentAction\",\"name\":\"Comment\",\"target\":[\"https:\\\/\\\/blogdofarnesio.com.br\\\/?p=186385#respond\"]}]},{\"@type\":\"WebPage\",\"@id\":\"https:\\\/\\\/blogdofarnesio.com.br\\\/?p=186385\",\"url\":\"https:\\\/\\\/blogdofarnesio.com.br\\\/?p=186385\",\"name\":\"CRIMES DE MORTE EM PERNAMBUCO APRESENTA N\u00daMEROS DE GUERRA CIVIL - Blog do Farn\u00e9sio\",\"isPartOf\":{\"@id\":\"https:\\\/\\\/blogdofarnesio.com.br\\\/#website\"},\"primaryImageOfPage\":{\"@id\":\"https:\\\/\\\/blogdofarnesio.com.br\\\/?p=186385#primaryimage\"},\"image\":{\"@id\":\"https:\\\/\\\/blogdofarnesio.com.br\\\/?p=186385#primaryimage\"},\"thumbnailUrl\":\"https:\\\/\\\/blogdofarnesio.com.br\\\/wp-content\\\/uploads\\\/2016\\\/12\\\/Blogqspcrimee-1.gif\",\"datePublished\":\"2018-01-17T12:00:44+00:00\",\"breadcrumb\":{\"@id\":\"https:\\\/\\\/blogdofarnesio.com.br\\\/?p=186385#breadcrumb\"},\"inLanguage\":\"pt-BR\",\"potentialAction\":[{\"@type\":\"ReadAction\",\"target\":[\"https:\\\/\\\/blogdofarnesio.com.br\\\/?p=186385\"]}]},{\"@type\":\"ImageObject\",\"inLanguage\":\"pt-BR\",\"@id\":\"https:\\\/\\\/blogdofarnesio.com.br\\\/?p=186385#primaryimage\",\"url\":\"https:\\\/\\\/blogdofarnesio.com.br\\\/wp-content\\\/uploads\\\/2016\\\/12\\\/Blogqspcrimee-1.gif\",\"contentUrl\":\"https:\\\/\\\/blogdofarnesio.com.br\\\/wp-content\\\/uploads\\\/2016\\\/12\\\/Blogqspcrimee-1.gif\",\"width\":497,\"height\":296,\"caption\":\"ILUSTRA\u00c7\u00c3O\"},{\"@type\":\"BreadcrumbList\",\"@id\":\"https:\\\/\\\/blogdofarnesio.com.br\\\/?p=186385#breadcrumb\",\"itemListElement\":[{\"@type\":\"ListItem\",\"position\":1,\"name\":\"In\u00edcio\",\"item\":\"https:\\\/\\\/blogdofarnesio.com.br\\\/\"},{\"@type\":\"ListItem\",\"position\":2,\"name\":\"CRIMES DE MORTE EM PERNAMBUCO APRESENTA N\u00daMEROS DE GUERRA CIVIL\"}]},{\"@type\":\"WebSite\",\"@id\":\"https:\\\/\\\/blogdofarnesio.com.br\\\/#website\",\"url\":\"https:\\\/\\\/blogdofarnesio.com.br\\\/\",\"name\":\"Blog do Farn\u00e9sio\",\"description\":\"Quer Saber Pol\u00edtica?\",\"publisher\":{\"@id\":\"https:\\\/\\\/blogdofarnesio.com.br\\\/#organization\"},\"potentialAction\":[{\"@type\":\"SearchAction\",\"target\":{\"@type\":\"EntryPoint\",\"urlTemplate\":\"https:\\\/\\\/blogdofarnesio.com.br\\\/?s={search_term_string}\"},\"query-input\":{\"@type\":\"PropertyValueSpecification\",\"valueRequired\":true,\"valueName\":\"search_term_string\"}}],\"inLanguage\":\"pt-BR\"},{\"@type\":\"Organization\",\"@id\":\"https:\\\/\\\/blogdofarnesio.com.br\\\/#organization\",\"name\":\"Blog do Farn\u00e9sio\",\"url\":\"https:\\\/\\\/blogdofarnesio.com.br\\\/\",\"logo\":{\"@type\":\"ImageObject\",\"inLanguage\":\"pt-BR\",\"@id\":\"https:\\\/\\\/blogdofarnesio.com.br\\\/#\\\/schema\\\/logo\\\/image\\\/\",\"url\":\"https:\\\/\\\/blogdofarnesio.com.br\\\/wp-content\\\/uploads\\\/2026\\\/03\\\/cropped-logo_new-1.png\",\"contentUrl\":\"https:\\\/\\\/blogdofarnesio.com.br\\\/wp-content\\\/uploads\\\/2026\\\/03\\\/cropped-logo_new-1.png\",\"width\":881,\"height\":685,\"caption\":\"Blog do Farn\u00e9sio\"},\"image\":{\"@id\":\"https:\\\/\\\/blogdofarnesio.com.br\\\/#\\\/schema\\\/logo\\\/image\\\/\"},\"sameAs\":[\"https:\\\/\\\/www.facebook.com\\\/BlogQuerSaberPolitica\\\/\"]},{\"@type\":\"Person\",\"@id\":\"https:\\\/\\\/blogdofarnesio.com.br\\\/#\\\/schema\\\/person\\\/301c4acf522bccbfdb45af95b5b906a1\",\"name\":\"Farn\u00e9sio\",\"image\":{\"@type\":\"ImageObject\",\"inLanguage\":\"pt-BR\",\"@id\":\"https:\\\/\\\/secure.gravatar.com\\\/avatar\\\/df0c9a14567c056f8ad6876ba5bbd1e3e2c48023eb6807342fc4663adf549f38?s=96&d=mm&r=g\",\"url\":\"https:\\\/\\\/secure.gravatar.com\\\/avatar\\\/df0c9a14567c056f8ad6876ba5bbd1e3e2c48023eb6807342fc4663adf549f38?s=96&d=mm&r=g\",\"contentUrl\":\"https:\\\/\\\/secure.gravatar.com\\\/avatar\\\/df0c9a14567c056f8ad6876ba5bbd1e3e2c48023eb6807342fc4663adf549f38?s=96&d=mm&r=g\",\"caption\":\"Farn\u00e9sio\"},\"sameAs\":[\"https:\\\/\\\/quersaberpolitica.com.br\"],\"url\":\"https:\\\/\\\/blogdofarnesio.com.br\\\/?author=1\"}]}<\/script>\n<!-- \/ Yoast SEO plugin. -->","yoast_head_json":{"title":"CRIMES DE MORTE EM PERNAMBUCO APRESENTA N\u00daMEROS DE GUERRA CIVIL - Blog do Farn\u00e9sio","robots":{"index":"index","follow":"follow","max-snippet":"max-snippet:-1","max-image-preview":"max-image-preview:large","max-video-preview":"max-video-preview:-1"},"canonical":"https:\/\/blogdofarnesio.com.br\/?p=186385","og_locale":"pt_BR","og_type":"article","og_title":"CRIMES DE MORTE EM PERNAMBUCO APRESENTA N\u00daMEROS DE GUERRA CIVIL - Blog do Farn\u00e9sio","og_description":"Em Petrolina foram 131 assassinatos em 2017 Pernambuco fechou o ano de 2017 com o recorde hist\u00f3rico de homic\u00eddios. No total, oficialmente, foram 5.427 mortes. Destas, 3.062 aconteceram em cidades do Interior. No entanto, s\u00e3o os munic\u00edpios da Regi\u00e3o Metropolitana do Recife que est\u00e3o entre os mais violentos e com maior n\u00famero de assassinatos. A capital, naturalmente, lidera o ranking. Em 12 meses, Recife registrou 791 mortes. \u00c9 o pior resultado desde 2009, quando foram contabilizados 818 homic\u00eddios. Apesar da promessa de investimentos com apoio da prefeitura, a capital n\u00e3o conseguiu atingir a redu\u00e7\u00e3o esperada. Pelo contr\u00e1rio, viu os n\u00fameros crescerem seguindo a tend\u00eancia estadual. Jaboat\u00e3o dos Guararapes \u00e9 o segundo da lista de mais violentos, de acordo com o&hellip;","og_url":"https:\/\/blogdofarnesio.com.br\/?p=186385","og_site_name":"Blog do Farn\u00e9sio","article_publisher":"https:\/\/www.facebook.com\/BlogQuerSaberPolitica\/","article_published_time":"2018-01-17T12:00:44+00:00","og_image":[{"width":497,"height":296,"url":"https:\/\/blogdofarnesio.com.br\/wp-content\/uploads\/2016\/12\/Blogqspcrimee-1.gif","type":"image\/gif"}],"author":"Farn\u00e9sio","twitter_card":"summary_large_image","twitter_misc":{"Escrito por":"Farn\u00e9sio","Est. tempo de leitura":"1 minuto"},"schema":{"@context":"https:\/\/schema.org","@graph":[{"@type":"Article","@id":"https:\/\/blogdofarnesio.com.br\/?p=186385#article","isPartOf":{"@id":"https:\/\/blogdofarnesio.com.br\/?p=186385"},"author":{"name":"Farn\u00e9sio","@id":"https:\/\/blogdofarnesio.com.br\/#\/schema\/person\/301c4acf522bccbfdb45af95b5b906a1"},"headline":"CRIMES DE MORTE EM PERNAMBUCO APRESENTA N\u00daMEROS DE GUERRA CIVIL","datePublished":"2018-01-17T12:00:44+00:00","mainEntityOfPage":{"@id":"https:\/\/blogdofarnesio.com.br\/?p=186385"},"wordCount":266,"commentCount":0,"publisher":{"@id":"https:\/\/blogdofarnesio.com.br\/#organization"},"image":{"@id":"https:\/\/blogdofarnesio.com.br\/?p=186385#primaryimage"},"thumbnailUrl":"https:\/\/blogdofarnesio.com.br\/wp-content\/uploads\/2016\/12\/Blogqspcrimee-1.gif","articleSection":["Seguran\u00e7a","Viol\u00eancia"],"inLanguage":"pt-BR","potentialAction":[{"@type":"CommentAction","name":"Comment","target":["https:\/\/blogdofarnesio.com.br\/?p=186385#respond"]}]},{"@type":"WebPage","@id":"https:\/\/blogdofarnesio.com.br\/?p=186385","url":"https:\/\/blogdofarnesio.com.br\/?p=186385","name":"CRIMES DE MORTE EM PERNAMBUCO APRESENTA N\u00daMEROS DE GUERRA CIVIL - Blog do Farn\u00e9sio","isPartOf":{"@id":"https:\/\/blogdofarnesio.com.br\/#website"},"primaryImageOfPage":{"@id":"https:\/\/blogdofarnesio.com.br\/?p=186385#primaryimage"},"image":{"@id":"https:\/\/blogdofarnesio.com.br\/?p=186385#primaryimage"},"thumbnailUrl":"https:\/\/blogdofarnesio.com.br\/wp-content\/uploads\/2016\/12\/Blogqspcrimee-1.gif","datePublished":"2018-01-17T12:00:44+00:00","breadcrumb":{"@id":"https:\/\/blogdofarnesio.com.br\/?p=186385#breadcrumb"},"inLanguage":"pt-BR","potentialAction":[{"@type":"ReadAction","target":["https:\/\/blogdofarnesio.com.br\/?p=186385"]}]},{"@type":"ImageObject","inLanguage":"pt-BR","@id":"https:\/\/blogdofarnesio.com.br\/?p=186385#primaryimage","url":"https:\/\/blogdofarnesio.com.br\/wp-content\/uploads\/2016\/12\/Blogqspcrimee-1.gif","contentUrl":"https:\/\/blogdofarnesio.com.br\/wp-content\/uploads\/2016\/12\/Blogqspcrimee-1.gif","width":497,"height":296,"caption":"ILUSTRA\u00c7\u00c3O"},{"@type":"BreadcrumbList","@id":"https:\/\/blogdofarnesio.com.br\/?p=186385#breadcrumb","itemListElement":[{"@type":"ListItem","position":1,"name":"In\u00edcio","item":"https:\/\/blogdofarnesio.com.br\/"},{"@type":"ListItem","position":2,"name":"CRIMES DE MORTE EM PERNAMBUCO APRESENTA N\u00daMEROS DE GUERRA CIVIL"}]},{"@type":"WebSite","@id":"https:\/\/blogdofarnesio.com.br\/#website","url":"https:\/\/blogdofarnesio.com.br\/","name":"Blog do Farn\u00e9sio","description":"Quer Saber Pol\u00edtica?","publisher":{"@id":"https:\/\/blogdofarnesio.com.br\/#organization"},"potentialAction":[{"@type":"SearchAction","target":{"@type":"EntryPoint","urlTemplate":"https:\/\/blogdofarnesio.com.br\/?s={search_term_string}"},"query-input":{"@type":"PropertyValueSpecification","valueRequired":true,"valueName":"search_term_string"}}],"inLanguage":"pt-BR"},{"@type":"Organization","@id":"https:\/\/blogdofarnesio.com.br\/#organization","name":"Blog do Farn\u00e9sio","url":"https:\/\/blogdofarnesio.com.br\/","logo":{"@type":"ImageObject","inLanguage":"pt-BR","@id":"https:\/\/blogdofarnesio.com.br\/#\/schema\/logo\/image\/","url":"https:\/\/blogdofarnesio.com.br\/wp-content\/uploads\/2026\/03\/cropped-logo_new-1.png","contentUrl":"https:\/\/blogdofarnesio.com.br\/wp-content\/uploads\/2026\/03\/cropped-logo_new-1.png","width":881,"height":685,"caption":"Blog do Farn\u00e9sio"},"image":{"@id":"https:\/\/blogdofarnesio.com.br\/#\/schema\/logo\/image\/"},"sameAs":["https:\/\/www.facebook.com\/BlogQuerSaberPolitica\/"]},{"@type":"Person","@id":"https:\/\/blogdofarnesio.com.br\/#\/schema\/person\/301c4acf522bccbfdb45af95b5b906a1","name":"Farn\u00e9sio","image":{"@type":"ImageObject","inLanguage":"pt-BR","@id":"https:\/\/secure.gravatar.com\/avatar\/df0c9a14567c056f8ad6876ba5bbd1e3e2c48023eb6807342fc4663adf549f38?s=96&d=mm&r=g","url":"https:\/\/secure.gravatar.com\/avatar\/df0c9a14567c056f8ad6876ba5bbd1e3e2c48023eb6807342fc4663adf549f38?s=96&d=mm&r=g","contentUrl":"https:\/\/secure.gravatar.com\/avatar\/df0c9a14567c056f8ad6876ba5bbd1e3e2c48023eb6807342fc4663adf549f38?s=96&d=mm&r=g","caption":"Farn\u00e9sio"},"sameAs":["https:\/\/quersaberpolitica.com.br"],"url":"https:\/\/blogdofarnesio.com.br\/?author=1"}]}},"_links":{"self":[{"href":"https:\/\/blogdofarnesio.com.br\/index.php?rest_route=\/wp\/v2\/posts\/186385","targetHints":{"allow":["GET"]}}],"collection":[{"href":"https:\/\/blogdofarnesio.com.br\/index.php?rest_route=\/wp\/v2\/posts"}],"about":[{"href":"https:\/\/blogdofarnesio.com.br\/index.php?rest_route=\/wp\/v2\/types\/post"}],"author":[{"embeddable":true,"href":"https:\/\/blogdofarnesio.com.br\/index.php?rest_route=\/wp\/v2\/users\/1"}],"replies":[{"embeddable":true,"href":"https:\/\/blogdofarnesio.com.br\/index.php?rest_route=%2Fwp%2Fv2%2Fcomments&post=186385"}],"version-history":[{"count":0,"href":"https:\/\/blogdofarnesio.com.br\/index.php?rest_route=\/wp\/v2\/posts\/186385\/revisions"}],"wp:featuredmedia":[{"embeddable":true,"href":"https:\/\/blogdofarnesio.com.br\/index.php?rest_route=\/wp\/v2\/media\/153966"}],"wp:attachment":[{"href":"https:\/\/blogdofarnesio.com.br\/index.php?rest_route=%2Fwp%2Fv2%2Fmedia&parent=186385"}],"wp:term":[{"taxonomy":"category","embeddable":true,"href":"https:\/\/blogdofarnesio.com.br\/index.php?rest_route=%2Fwp%2Fv2%2Fcategories&post=186385"},{"taxonomy":"post_tag","embeddable":true,"href":"https:\/\/blogdofarnesio.com.br\/index.php?rest_route=%2Fwp%2Fv2%2Ftags&post=186385"}],"curies":[{"name":"wp","href":"https:\/\/api.w.org\/{rel}","templated":true}]}}