{"id":186380,"date":"2018-01-17T10:02:13","date_gmt":"2018-01-17T13:02:13","guid":{"rendered":"http:\/\/quersaberpolitica.com.br\/2016\/?p=186380"},"modified":"2018-01-16T21:17:57","modified_gmt":"2018-01-17T00:17:57","slug":"mesma-sem-estar-em-area-de-risco-juazeiro-disponibiliza-vacina-contra-febre-amarela","status":"publish","type":"post","link":"https:\/\/blogdofarnesio.com.br\/?p=186380","title":{"rendered":"MESMA SEM ESTAR EM \u00c1REA DE RISCO, JUAZEIRO DISPONIBILIZA VACINA CONTRA FEBRE AMARELA PARA QUEM VAI VIAJAR"},"content":{"rendered":"<p style=\"text-align: justify;\">A Secretaria de Sa\u00fade de Juazeiro (SESAU) informa que o munic\u00edpio n\u00e3o possui orienta\u00e7\u00e3o de realiza\u00e7\u00e3o de campanha de vacina\u00e7\u00e3o de febre amarela por n\u00e3o ser considerada \u00e1rea de risco.<\/p>\n<p style=\"text-align: justify;\">As Unidades est\u00e3o abastecidas para atender as demandas da popula\u00e7\u00e3o para quem for deslocar-se para regi\u00f5es consideradas de risco a exemplo de: S\u00e3o Paulo, Rio de Janeiro, e Regi\u00e3o metropolitana de Salvador. A SESAU orienta ainda que a imuniza\u00e7\u00e3o em caso de viagem deve ser feita com prazo m\u00ednimo de 10 dias de anteced\u00eancia.<\/p>\n<p>Gardennia Garibalde\/<strong>SESAU<\/strong><\/p>\n","protected":false},"excerpt":{"rendered":"<p>A Secretaria de Sa\u00fade de Juazeiro (SESAU) informa que o munic\u00edpio n\u00e3o possui orienta\u00e7\u00e3o de realiza\u00e7\u00e3o de campanha de vacina\u00e7\u00e3o de febre amarela por n\u00e3o ser considerada \u00e1rea de risco. As Unidades est\u00e3o abastecidas para atender as demandas da popula\u00e7\u00e3o para quem for deslocar-se para regi\u00f5es consideradas de risco a exemplo de: S\u00e3o Paulo, Rio de Janeiro, e Regi\u00e3o metropolitana de Salvador. A SESAU orienta ainda que a imuniza\u00e7\u00e3o em caso de viagem deve ser feita com prazo m\u00ednimo de 10 dias de anteced\u00eancia. Gardennia Garibalde\/SESAU<\/p>\n","protected":false},"author":1,"featured_media":153868,"comment_status":"open","ping_status":"closed","sticky":false,"template":"","format":"standard","meta":{"_acf_changed":false,"footnotes":""},"categories":[4],"tags":[],"class_list":["post-186380","post","type-post","status-publish","format-standard","has-post-thumbnail","hentry","category-saude"],"acf":[],"yoast_head":"<!-- This site is optimized with the Yoast SEO plugin v27.4 - https:\/\/yoast.com\/product\/yoast-seo-wordpress\/ -->\n<title>MESMA SEM ESTAR EM \u00c1REA DE RISCO, JUAZEIRO DISPONIBILIZA VACINA CONTRA FEBRE AMARELA PARA QUEM VAI VIAJAR - Blog do Farn\u00e9sio<\/title>\n<meta name=\"robots\" content=\"index, follow, max-snippet:-1, max-image-preview:large, max-video-preview:-1\" \/>\n<link rel=\"canonical\" href=\"https:\/\/blogdofarnesio.com.br\/?p=186380\" \/>\n<meta property=\"og:locale\" content=\"pt_BR\" \/>\n<meta property=\"og:type\" content=\"article\" \/>\n<meta property=\"og:title\" content=\"MESMA SEM ESTAR EM \u00c1REA DE RISCO, JUAZEIRO DISPONIBILIZA VACINA CONTRA FEBRE AMARELA PARA QUEM VAI VIAJAR - Blog do Farn\u00e9sio\" \/>\n<meta property=\"og:description\" content=\"A Secretaria de Sa\u00fade de Juazeiro (SESAU) informa que o munic\u00edpio n\u00e3o possui orienta\u00e7\u00e3o de realiza\u00e7\u00e3o de campanha de vacina\u00e7\u00e3o de febre amarela por n\u00e3o ser considerada \u00e1rea de risco. As Unidades est\u00e3o abastecidas para atender as demandas da popula\u00e7\u00e3o para quem for deslocar-se para regi\u00f5es consideradas de risco a exemplo de: S\u00e3o Paulo, Rio de Janeiro, e Regi\u00e3o metropolitana de Salvador. A SESAU orienta ainda que a imuniza\u00e7\u00e3o em caso de viagem deve ser feita com prazo m\u00ednimo de 10 dias de anteced\u00eancia. Gardennia Garibalde\/SESAU\" \/>\n<meta property=\"og:url\" content=\"https:\/\/blogdofarnesio.com.br\/?p=186380\" \/>\n<meta property=\"og:site_name\" content=\"Blog do Farn\u00e9sio\" \/>\n<meta property=\"article:publisher\" content=\"https:\/\/www.facebook.com\/BlogQuerSaberPolitica\/\" \/>\n<meta property=\"article:published_time\" content=\"2018-01-17T13:02:13+00:00\" \/>\n<meta property=\"og:image\" content=\"https:\/\/blogdofarnesio.com.br\/wp-content\/uploads\/2016\/12\/blogqspaten\u00e7\u00e3o1-1.gif\" \/>\n\t<meta property=\"og:image:width\" content=\"311\" \/>\n\t<meta property=\"og:image:height\" content=\"118\" \/>\n\t<meta property=\"og:image:type\" content=\"image\/gif\" \/>\n<meta name=\"author\" content=\"Farn\u00e9sio\" \/>\n<meta name=\"twitter:card\" content=\"summary_large_image\" \/>\n<meta name=\"twitter:label1\" content=\"Escrito por\" \/>\n\t<meta name=\"twitter:data1\" content=\"Farn\u00e9sio\" \/>\n\t<meta name=\"twitter:label2\" content=\"Est. tempo de leitura\" \/>\n\t<meta name=\"twitter:data2\" content=\"1 minuto\" \/>\n<script type=\"application\/ld+json\" class=\"yoast-schema-graph\">{\"@context\":\"https:\\\/\\\/schema.org\",\"@graph\":[{\"@type\":\"Article\",\"@id\":\"https:\\\/\\\/blogdofarnesio.com.br\\\/?p=186380#article\",\"isPartOf\":{\"@id\":\"https:\\\/\\\/blogdofarnesio.com.br\\\/?p=186380\"},\"author\":{\"name\":\"Farn\u00e9sio\",\"@id\":\"https:\\\/\\\/blogdofarnesio.com.br\\\/#\\\/schema\\\/person\\\/301c4acf522bccbfdb45af95b5b906a1\"},\"headline\":\"MESMA SEM ESTAR EM \u00c1REA DE RISCO, JUAZEIRO DISPONIBILIZA VACINA CONTRA FEBRE AMARELA PARA QUEM VAI VIAJAR\",\"datePublished\":\"2018-01-17T13:02:13+00:00\",\"mainEntityOfPage\":{\"@id\":\"https:\\\/\\\/blogdofarnesio.com.br\\\/?p=186380\"},\"wordCount\":118,\"commentCount\":0,\"publisher\":{\"@id\":\"https:\\\/\\\/blogdofarnesio.com.br\\\/#organization\"},\"image\":{\"@id\":\"https:\\\/\\\/blogdofarnesio.com.br\\\/?p=186380#primaryimage\"},\"thumbnailUrl\":\"https:\\\/\\\/blogdofarnesio.com.br\\\/wp-content\\\/uploads\\\/2016\\\/12\\\/blogqspaten\u00e7\u00e3o1-1.gif\",\"articleSection\":[\"Sa\u00fade\"],\"inLanguage\":\"pt-BR\",\"potentialAction\":[{\"@type\":\"CommentAction\",\"name\":\"Comment\",\"target\":[\"https:\\\/\\\/blogdofarnesio.com.br\\\/?p=186380#respond\"]}]},{\"@type\":\"WebPage\",\"@id\":\"https:\\\/\\\/blogdofarnesio.com.br\\\/?p=186380\",\"url\":\"https:\\\/\\\/blogdofarnesio.com.br\\\/?p=186380\",\"name\":\"MESMA SEM ESTAR EM \u00c1REA DE RISCO, JUAZEIRO DISPONIBILIZA VACINA CONTRA FEBRE AMARELA PARA QUEM VAI VIAJAR - Blog do Farn\u00e9sio\",\"isPartOf\":{\"@id\":\"https:\\\/\\\/blogdofarnesio.com.br\\\/#website\"},\"primaryImageOfPage\":{\"@id\":\"https:\\\/\\\/blogdofarnesio.com.br\\\/?p=186380#primaryimage\"},\"image\":{\"@id\":\"https:\\\/\\\/blogdofarnesio.com.br\\\/?p=186380#primaryimage\"},\"thumbnailUrl\":\"https:\\\/\\\/blogdofarnesio.com.br\\\/wp-content\\\/uploads\\\/2016\\\/12\\\/blogqspaten\u00e7\u00e3o1-1.gif\",\"datePublished\":\"2018-01-17T13:02:13+00:00\",\"breadcrumb\":{\"@id\":\"https:\\\/\\\/blogdofarnesio.com.br\\\/?p=186380#breadcrumb\"},\"inLanguage\":\"pt-BR\",\"potentialAction\":[{\"@type\":\"ReadAction\",\"target\":[\"https:\\\/\\\/blogdofarnesio.com.br\\\/?p=186380\"]}]},{\"@type\":\"ImageObject\",\"inLanguage\":\"pt-BR\",\"@id\":\"https:\\\/\\\/blogdofarnesio.com.br\\\/?p=186380#primaryimage\",\"url\":\"https:\\\/\\\/blogdofarnesio.com.br\\\/wp-content\\\/uploads\\\/2016\\\/12\\\/blogqspaten\u00e7\u00e3o1-1.gif\",\"contentUrl\":\"https:\\\/\\\/blogdofarnesio.com.br\\\/wp-content\\\/uploads\\\/2016\\\/12\\\/blogqspaten\u00e7\u00e3o1-1.gif\",\"width\":311,\"height\":118},{\"@type\":\"BreadcrumbList\",\"@id\":\"https:\\\/\\\/blogdofarnesio.com.br\\\/?p=186380#breadcrumb\",\"itemListElement\":[{\"@type\":\"ListItem\",\"position\":1,\"name\":\"In\u00edcio\",\"item\":\"https:\\\/\\\/blogdofarnesio.com.br\\\/\"},{\"@type\":\"ListItem\",\"position\":2,\"name\":\"MESMA SEM ESTAR EM \u00c1REA DE RISCO, JUAZEIRO DISPONIBILIZA VACINA CONTRA FEBRE AMARELA PARA QUEM VAI VIAJAR\"}]},{\"@type\":\"WebSite\",\"@id\":\"https:\\\/\\\/blogdofarnesio.com.br\\\/#website\",\"url\":\"https:\\\/\\\/blogdofarnesio.com.br\\\/\",\"name\":\"Blog do Farn\u00e9sio\",\"description\":\"Quer Saber Pol\u00edtica?\",\"publisher\":{\"@id\":\"https:\\\/\\\/blogdofarnesio.com.br\\\/#organization\"},\"potentialAction\":[{\"@type\":\"SearchAction\",\"target\":{\"@type\":\"EntryPoint\",\"urlTemplate\":\"https:\\\/\\\/blogdofarnesio.com.br\\\/?s={search_term_string}\"},\"query-input\":{\"@type\":\"PropertyValueSpecification\",\"valueRequired\":true,\"valueName\":\"search_term_string\"}}],\"inLanguage\":\"pt-BR\"},{\"@type\":\"Organization\",\"@id\":\"https:\\\/\\\/blogdofarnesio.com.br\\\/#organization\",\"name\":\"Blog do Farn\u00e9sio\",\"url\":\"https:\\\/\\\/blogdofarnesio.com.br\\\/\",\"logo\":{\"@type\":\"ImageObject\",\"inLanguage\":\"pt-BR\",\"@id\":\"https:\\\/\\\/blogdofarnesio.com.br\\\/#\\\/schema\\\/logo\\\/image\\\/\",\"url\":\"https:\\\/\\\/blogdofarnesio.com.br\\\/wp-content\\\/uploads\\\/2026\\\/03\\\/cropped-logo_new-1.png\",\"contentUrl\":\"https:\\\/\\\/blogdofarnesio.com.br\\\/wp-content\\\/uploads\\\/2026\\\/03\\\/cropped-logo_new-1.png\",\"width\":881,\"height\":685,\"caption\":\"Blog do Farn\u00e9sio\"},\"image\":{\"@id\":\"https:\\\/\\\/blogdofarnesio.com.br\\\/#\\\/schema\\\/logo\\\/image\\\/\"},\"sameAs\":[\"https:\\\/\\\/www.facebook.com\\\/BlogQuerSaberPolitica\\\/\"]},{\"@type\":\"Person\",\"@id\":\"https:\\\/\\\/blogdofarnesio.com.br\\\/#\\\/schema\\\/person\\\/301c4acf522bccbfdb45af95b5b906a1\",\"name\":\"Farn\u00e9sio\",\"image\":{\"@type\":\"ImageObject\",\"inLanguage\":\"pt-BR\",\"@id\":\"https:\\\/\\\/secure.gravatar.com\\\/avatar\\\/df0c9a14567c056f8ad6876ba5bbd1e3e2c48023eb6807342fc4663adf549f38?s=96&d=mm&r=g\",\"url\":\"https:\\\/\\\/secure.gravatar.com\\\/avatar\\\/df0c9a14567c056f8ad6876ba5bbd1e3e2c48023eb6807342fc4663adf549f38?s=96&d=mm&r=g\",\"contentUrl\":\"https:\\\/\\\/secure.gravatar.com\\\/avatar\\\/df0c9a14567c056f8ad6876ba5bbd1e3e2c48023eb6807342fc4663adf549f38?s=96&d=mm&r=g\",\"caption\":\"Farn\u00e9sio\"},\"sameAs\":[\"https:\\\/\\\/quersaberpolitica.com.br\"],\"url\":\"https:\\\/\\\/blogdofarnesio.com.br\\\/?author=1\"}]}<\/script>\n<!-- \/ Yoast SEO plugin. -->","yoast_head_json":{"title":"MESMA SEM ESTAR EM \u00c1REA DE RISCO, JUAZEIRO DISPONIBILIZA VACINA CONTRA FEBRE AMARELA PARA QUEM VAI VIAJAR - Blog do Farn\u00e9sio","robots":{"index":"index","follow":"follow","max-snippet":"max-snippet:-1","max-image-preview":"max-image-preview:large","max-video-preview":"max-video-preview:-1"},"canonical":"https:\/\/blogdofarnesio.com.br\/?p=186380","og_locale":"pt_BR","og_type":"article","og_title":"MESMA SEM ESTAR EM \u00c1REA DE RISCO, JUAZEIRO DISPONIBILIZA VACINA CONTRA FEBRE AMARELA PARA QUEM VAI VIAJAR - Blog do Farn\u00e9sio","og_description":"A Secretaria de Sa\u00fade de Juazeiro (SESAU) informa que o munic\u00edpio n\u00e3o possui orienta\u00e7\u00e3o de realiza\u00e7\u00e3o de campanha de vacina\u00e7\u00e3o de febre amarela por n\u00e3o ser considerada \u00e1rea de risco. As Unidades est\u00e3o abastecidas para atender as demandas da popula\u00e7\u00e3o para quem for deslocar-se para regi\u00f5es consideradas de risco a exemplo de: S\u00e3o Paulo, Rio de Janeiro, e Regi\u00e3o metropolitana de Salvador. A SESAU orienta ainda que a imuniza\u00e7\u00e3o em caso de viagem deve ser feita com prazo m\u00ednimo de 10 dias de anteced\u00eancia. Gardennia Garibalde\/SESAU","og_url":"https:\/\/blogdofarnesio.com.br\/?p=186380","og_site_name":"Blog do Farn\u00e9sio","article_publisher":"https:\/\/www.facebook.com\/BlogQuerSaberPolitica\/","article_published_time":"2018-01-17T13:02:13+00:00","og_image":[{"width":311,"height":118,"url":"https:\/\/blogdofarnesio.com.br\/wp-content\/uploads\/2016\/12\/blogqspaten\u00e7\u00e3o1-1.gif","type":"image\/gif"}],"author":"Farn\u00e9sio","twitter_card":"summary_large_image","twitter_misc":{"Escrito por":"Farn\u00e9sio","Est. tempo de leitura":"1 minuto"},"schema":{"@context":"https:\/\/schema.org","@graph":[{"@type":"Article","@id":"https:\/\/blogdofarnesio.com.br\/?p=186380#article","isPartOf":{"@id":"https:\/\/blogdofarnesio.com.br\/?p=186380"},"author":{"name":"Farn\u00e9sio","@id":"https:\/\/blogdofarnesio.com.br\/#\/schema\/person\/301c4acf522bccbfdb45af95b5b906a1"},"headline":"MESMA SEM ESTAR EM \u00c1REA DE RISCO, JUAZEIRO DISPONIBILIZA VACINA CONTRA FEBRE AMARELA PARA QUEM VAI VIAJAR","datePublished":"2018-01-17T13:02:13+00:00","mainEntityOfPage":{"@id":"https:\/\/blogdofarnesio.com.br\/?p=186380"},"wordCount":118,"commentCount":0,"publisher":{"@id":"https:\/\/blogdofarnesio.com.br\/#organization"},"image":{"@id":"https:\/\/blogdofarnesio.com.br\/?p=186380#primaryimage"},"thumbnailUrl":"https:\/\/blogdofarnesio.com.br\/wp-content\/uploads\/2016\/12\/blogqspaten\u00e7\u00e3o1-1.gif","articleSection":["Sa\u00fade"],"inLanguage":"pt-BR","potentialAction":[{"@type":"CommentAction","name":"Comment","target":["https:\/\/blogdofarnesio.com.br\/?p=186380#respond"]}]},{"@type":"WebPage","@id":"https:\/\/blogdofarnesio.com.br\/?p=186380","url":"https:\/\/blogdofarnesio.com.br\/?p=186380","name":"MESMA SEM ESTAR EM \u00c1REA DE RISCO, JUAZEIRO DISPONIBILIZA VACINA CONTRA FEBRE AMARELA PARA QUEM VAI VIAJAR - Blog do Farn\u00e9sio","isPartOf":{"@id":"https:\/\/blogdofarnesio.com.br\/#website"},"primaryImageOfPage":{"@id":"https:\/\/blogdofarnesio.com.br\/?p=186380#primaryimage"},"image":{"@id":"https:\/\/blogdofarnesio.com.br\/?p=186380#primaryimage"},"thumbnailUrl":"https:\/\/blogdofarnesio.com.br\/wp-content\/uploads\/2016\/12\/blogqspaten\u00e7\u00e3o1-1.gif","datePublished":"2018-01-17T13:02:13+00:00","breadcrumb":{"@id":"https:\/\/blogdofarnesio.com.br\/?p=186380#breadcrumb"},"inLanguage":"pt-BR","potentialAction":[{"@type":"ReadAction","target":["https:\/\/blogdofarnesio.com.br\/?p=186380"]}]},{"@type":"ImageObject","inLanguage":"pt-BR","@id":"https:\/\/blogdofarnesio.com.br\/?p=186380#primaryimage","url":"https:\/\/blogdofarnesio.com.br\/wp-content\/uploads\/2016\/12\/blogqspaten\u00e7\u00e3o1-1.gif","contentUrl":"https:\/\/blogdofarnesio.com.br\/wp-content\/uploads\/2016\/12\/blogqspaten\u00e7\u00e3o1-1.gif","width":311,"height":118},{"@type":"BreadcrumbList","@id":"https:\/\/blogdofarnesio.com.br\/?p=186380#breadcrumb","itemListElement":[{"@type":"ListItem","position":1,"name":"In\u00edcio","item":"https:\/\/blogdofarnesio.com.br\/"},{"@type":"ListItem","position":2,"name":"MESMA SEM ESTAR EM \u00c1REA DE RISCO, JUAZEIRO DISPONIBILIZA VACINA CONTRA FEBRE AMARELA PARA QUEM VAI VIAJAR"}]},{"@type":"WebSite","@id":"https:\/\/blogdofarnesio.com.br\/#website","url":"https:\/\/blogdofarnesio.com.br\/","name":"Blog do Farn\u00e9sio","description":"Quer Saber Pol\u00edtica?","publisher":{"@id":"https:\/\/blogdofarnesio.com.br\/#organization"},"potentialAction":[{"@type":"SearchAction","target":{"@type":"EntryPoint","urlTemplate":"https:\/\/blogdofarnesio.com.br\/?s={search_term_string}"},"query-input":{"@type":"PropertyValueSpecification","valueRequired":true,"valueName":"search_term_string"}}],"inLanguage":"pt-BR"},{"@type":"Organization","@id":"https:\/\/blogdofarnesio.com.br\/#organization","name":"Blog do Farn\u00e9sio","url":"https:\/\/blogdofarnesio.com.br\/","logo":{"@type":"ImageObject","inLanguage":"pt-BR","@id":"https:\/\/blogdofarnesio.com.br\/#\/schema\/logo\/image\/","url":"https:\/\/blogdofarnesio.com.br\/wp-content\/uploads\/2026\/03\/cropped-logo_new-1.png","contentUrl":"https:\/\/blogdofarnesio.com.br\/wp-content\/uploads\/2026\/03\/cropped-logo_new-1.png","width":881,"height":685,"caption":"Blog do Farn\u00e9sio"},"image":{"@id":"https:\/\/blogdofarnesio.com.br\/#\/schema\/logo\/image\/"},"sameAs":["https:\/\/www.facebook.com\/BlogQuerSaberPolitica\/"]},{"@type":"Person","@id":"https:\/\/blogdofarnesio.com.br\/#\/schema\/person\/301c4acf522bccbfdb45af95b5b906a1","name":"Farn\u00e9sio","image":{"@type":"ImageObject","inLanguage":"pt-BR","@id":"https:\/\/secure.gravatar.com\/avatar\/df0c9a14567c056f8ad6876ba5bbd1e3e2c48023eb6807342fc4663adf549f38?s=96&d=mm&r=g","url":"https:\/\/secure.gravatar.com\/avatar\/df0c9a14567c056f8ad6876ba5bbd1e3e2c48023eb6807342fc4663adf549f38?s=96&d=mm&r=g","contentUrl":"https:\/\/secure.gravatar.com\/avatar\/df0c9a14567c056f8ad6876ba5bbd1e3e2c48023eb6807342fc4663adf549f38?s=96&d=mm&r=g","caption":"Farn\u00e9sio"},"sameAs":["https:\/\/quersaberpolitica.com.br"],"url":"https:\/\/blogdofarnesio.com.br\/?author=1"}]}},"_links":{"self":[{"href":"https:\/\/blogdofarnesio.com.br\/index.php?rest_route=\/wp\/v2\/posts\/186380","targetHints":{"allow":["GET"]}}],"collection":[{"href":"https:\/\/blogdofarnesio.com.br\/index.php?rest_route=\/wp\/v2\/posts"}],"about":[{"href":"https:\/\/blogdofarnesio.com.br\/index.php?rest_route=\/wp\/v2\/types\/post"}],"author":[{"embeddable":true,"href":"https:\/\/blogdofarnesio.com.br\/index.php?rest_route=\/wp\/v2\/users\/1"}],"replies":[{"embeddable":true,"href":"https:\/\/blogdofarnesio.com.br\/index.php?rest_route=%2Fwp%2Fv2%2Fcomments&post=186380"}],"version-history":[{"count":0,"href":"https:\/\/blogdofarnesio.com.br\/index.php?rest_route=\/wp\/v2\/posts\/186380\/revisions"}],"wp:featuredmedia":[{"embeddable":true,"href":"https:\/\/blogdofarnesio.com.br\/index.php?rest_route=\/wp\/v2\/media\/153868"}],"wp:attachment":[{"href":"https:\/\/blogdofarnesio.com.br\/index.php?rest_route=%2Fwp%2Fv2%2Fmedia&parent=186380"}],"wp:term":[{"taxonomy":"category","embeddable":true,"href":"https:\/\/blogdofarnesio.com.br\/index.php?rest_route=%2Fwp%2Fv2%2Fcategories&post=186380"},{"taxonomy":"post_tag","embeddable":true,"href":"https:\/\/blogdofarnesio.com.br\/index.php?rest_route=%2Fwp%2Fv2%2Ftags&post=186380"}],"curies":[{"name":"wp","href":"https:\/\/api.w.org\/{rel}","templated":true}]}}