{"id":186372,"date":"2018-01-16T16:00:18","date_gmt":"2018-01-16T19:00:18","guid":{"rendered":"http:\/\/quersaberpolitica.com.br\/2016\/?p=186372"},"modified":"2018-01-16T15:07:47","modified_gmt":"2018-01-16T18:07:47","slug":"apos-quase-uma-decada-20-baile-municipal-e-concurso-de-fantasias-volta-a-ser-realizado-em-petrolina","status":"publish","type":"post","link":"https:\/\/blogdofarnesio.com.br\/?p=186372","title":{"rendered":"AP\u00d3S QUASE UMA D\u00c9CADA, 20\u00b0 BAILE MUNICIPAL E CONCURSO DE FANTASIAS VOLTA A SER REALIZADO EM PETROLINA"},"content":{"rendered":"<p style=\"font-weight: 400; text-align: justify;\">Depois de nove anos sem ser realizado, o tradicional\u00a0Baile\u00a0Municipal e Concurso de Fantasias de Petrolina volta a ganhar destaque na programa\u00e7\u00e3o carnavalesca da cidade. Est\u00e3o abertas at\u00e9 o dia 26 de janeiro, as inscri\u00e7\u00f5es para os interessados em desfilar no\u00a0baile\u00a0e concorrer ao destaque de melhor fantasia.<\/p>\n<p style=\"font-weight: 400; text-align: justify;\">O 20\u00ba\u00a0Baile\u00a0Municipal e Concurso de Fantasias de Petrolina \u00e9 uma realiza\u00e7\u00e3o da Prefeitura, atrav\u00e9s da Secretaria de Cultura Turismo e Esportes (SECULTE).<\/p>\n<p style=\"font-weight: 400; text-align: justify;\">Para a secret\u00e1ria da pasta, Maria Elena de Alencar, a volta do\u00a0baile\u00a0e concurso de fantasias resgata as tradi\u00e7\u00f5es dos velhos carnavais. \u201cA volta do\u00a0baile\u00a0representa a Petrolina, muito mais que um festejo. \u00c9 o fomento da arte carnavalesca, \u00e9 o retorno da hist\u00f3ria do munic\u00edpio. \u00c9 um compromisso da gest\u00e3o do prefeito Miguel Coelho em resgatar os grandes carnavais, glamorosos e populares. \u00c9 o fortalecimento do festejo para toda fam\u00edlia\u201d, enfatiza.<\/p>\n<p style=\"font-weight: 400; text-align: justify;\">Podem inscrever-se pessoas maiores de 18 anos, pertencentes ou n\u00e3o \u00e0s agremia\u00e7\u00f5es carnavalescas de Pernambuco, desde que as fantasias inscritas se enquadrem em uma das categorias: Luxo, Originalidade e Arranjo de Cabe\u00e7a.<\/p>\n<p style=\"font-weight: 400; text-align: justify;\">Na categoria Luxo a premia\u00e7\u00e3o \u00e9 de R$ 7 mil para o primeiro lugar, R$ 5mil para o segundo e R$ 3mil para o terceiro; Na modalidade Originalidade os valores s\u00e3o de R$ 5 mil, R$ 3 mil e R$ 2 mil. J\u00e1 os concorrentes de Arranjo de Cabe\u00e7a, podem levar R$ 2 mil, R$ 1.000 e R$ 600.<\/p>\n<p style=\"font-weight: 400; text-align: justify;\">Os interessados devem realizar a inscri\u00e7\u00e3o na SECULTE at\u00e9 o dia 26, em dias \u00fateis, de segunda \u00e0 sexta, pela manh\u00e3 das 08h \u00e0s\u00a012h e, no per\u00edodo da tarde, das 14h \u00e0s 17h, devendo portar ficha de inscri\u00e7\u00e3o, dispon\u00edvel anexa no edital devidamente preenchida e assinada, com c\u00f3pia do documento de identifica\u00e7\u00e3o (RG e CPF ou CNH); c\u00f3pia do comprovante PIS ou PASEP; c\u00f3pia do comprovante de conta corrente e comprovante de endere\u00e7o ou declara\u00e7\u00e3o de resid\u00eancia por terceiro.<\/p>\n<p style=\"font-weight: 400; text-align: justify;\">O Concurso de Fantasias do 20\u00ba\u00a0Baile\u00a0Municipal de Petrolina acontecer\u00e1 no dia 02 de fevereiro, no Coliseu Hall, localizado na Avenida Monsenhor \u00c2ngelo Sampaio.\u00a0 Todas as regras do concurso est\u00e3o\u00a0<a href=\"http:\/\/doem.org.br\/pe\/petrolina\/diarios\/previsualizar\/PEN22yN5?filename=DOE-pe_petrolina-ed.1826-ano.8.pdf&amp;_cb=20180111190424\" data-saferedirecturl=\"https:\/\/www.google.com\/url?hl=pt-BR&amp;q=http:\/\/doem.org.br\/pe\/petrolina\/diarios\/previsualizar\/PEN22yN5?filename%3DDOE-pe_petrolina-ed.1826-ano.8.pdf%26_cb%3D20180111190424&amp;source=gmail&amp;ust=1516210676491000&amp;usg=AFQjCNEjHFRVK-91sY82oAfJfBJzFW-T5g\">dispon\u00edveis no edital<\/a>, no site da prefeitura. Outras informa\u00e7\u00f5es atrav\u00e9s do telefone\u00a0<a href=\"tel:(87)%203861-5157\">(87) 3861-5157<\/a>.<\/p>\n<p style=\"font-weight: 400; text-align: justify;\">Foto: Divulga\u00e7\u00e3o\/Seculte<\/p>\n<p style=\"font-weight: 400; text-align: justify;\"><strong>Giomara Damasceno\u00a0<\/strong><\/p>\n","protected":false},"excerpt":{"rendered":"<p>Depois de nove anos sem ser realizado, o tradicional\u00a0Baile\u00a0Municipal e Concurso de Fantasias de Petrolina volta a ganhar destaque na programa\u00e7\u00e3o carnavalesca da cidade. Est\u00e3o abertas at\u00e9 o dia 26 de janeiro, as inscri\u00e7\u00f5es para os interessados em desfilar no\u00a0baile\u00a0e concorrer ao destaque de melhor fantasia. O 20\u00ba\u00a0Baile\u00a0Municipal e Concurso de Fantasias de Petrolina \u00e9 uma realiza\u00e7\u00e3o da Prefeitura, atrav\u00e9s da Secretaria de Cultura Turismo e Esportes (SECULTE). Para a secret\u00e1ria da pasta, Maria Elena de Alencar, a volta do\u00a0baile\u00a0e concurso de fantasias resgata as tradi\u00e7\u00f5es dos velhos carnavais. \u201cA volta do\u00a0baile\u00a0representa a Petrolina, muito mais que um festejo. \u00c9 o fomento da arte carnavalesca, \u00e9 o retorno da hist\u00f3ria do munic\u00edpio. \u00c9 um compromisso da gest\u00e3o do prefeito Miguel&hellip; <\/p>\n","protected":false},"author":1,"featured_media":186373,"comment_status":"open","ping_status":"closed","sticky":false,"template":"","format":"standard","meta":{"_acf_changed":false,"footnotes":""},"categories":[44],"tags":[],"class_list":["post-186372","post","type-post","status-publish","format-standard","has-post-thumbnail","hentry","category-administracao"],"acf":[],"yoast_head":"<!-- This site is optimized with the Yoast SEO plugin v27.4 - https:\/\/yoast.com\/product\/yoast-seo-wordpress\/ -->\n<title>AP\u00d3S QUASE UMA D\u00c9CADA, 20\u00b0 BAILE MUNICIPAL E CONCURSO DE FANTASIAS VOLTA A SER REALIZADO EM PETROLINA - Blog do Farn\u00e9sio<\/title>\n<meta name=\"robots\" content=\"index, follow, max-snippet:-1, max-image-preview:large, max-video-preview:-1\" \/>\n<link rel=\"canonical\" href=\"https:\/\/blogdofarnesio.com.br\/?p=186372\" \/>\n<meta property=\"og:locale\" content=\"pt_BR\" \/>\n<meta property=\"og:type\" content=\"article\" \/>\n<meta property=\"og:title\" content=\"AP\u00d3S QUASE UMA D\u00c9CADA, 20\u00b0 BAILE MUNICIPAL E CONCURSO DE FANTASIAS VOLTA A SER REALIZADO EM PETROLINA - Blog do Farn\u00e9sio\" \/>\n<meta property=\"og:description\" content=\"Depois de nove anos sem ser realizado, o tradicional\u00a0Baile\u00a0Municipal e Concurso de Fantasias de Petrolina volta a ganhar destaque na programa\u00e7\u00e3o carnavalesca da cidade. Est\u00e3o abertas at\u00e9 o dia 26 de janeiro, as inscri\u00e7\u00f5es para os interessados em desfilar no\u00a0baile\u00a0e concorrer ao destaque de melhor fantasia. O 20\u00ba\u00a0Baile\u00a0Municipal e Concurso de Fantasias de Petrolina \u00e9 uma realiza\u00e7\u00e3o da Prefeitura, atrav\u00e9s da Secretaria de Cultura Turismo e Esportes (SECULTE). Para a secret\u00e1ria da pasta, Maria Elena de Alencar, a volta do\u00a0baile\u00a0e concurso de fantasias resgata as tradi\u00e7\u00f5es dos velhos carnavais. \u201cA volta do\u00a0baile\u00a0representa a Petrolina, muito mais que um festejo. \u00c9 o fomento da arte carnavalesca, \u00e9 o retorno da hist\u00f3ria do munic\u00edpio. \u00c9 um compromisso da gest\u00e3o do prefeito Miguel&hellip;\" \/>\n<meta property=\"og:url\" content=\"https:\/\/blogdofarnesio.com.br\/?p=186372\" \/>\n<meta property=\"og:site_name\" content=\"Blog do Farn\u00e9sio\" \/>\n<meta property=\"article:publisher\" content=\"https:\/\/www.facebook.com\/BlogQuerSaberPolitica\/\" \/>\n<meta property=\"article:published_time\" content=\"2018-01-16T19:00:18+00:00\" \/>\n<meta property=\"og:image\" content=\"https:\/\/blogdofarnesio.com.br\/wp-content\/uploads\/2018\/01\/ogqsp-bcard-concurso-de-fantasias.jpg\" \/>\n\t<meta property=\"og:image:width\" content=\"480\" \/>\n\t<meta property=\"og:image:height\" content=\"480\" \/>\n\t<meta property=\"og:image:type\" content=\"image\/jpeg\" \/>\n<meta name=\"author\" content=\"Farn\u00e9sio\" \/>\n<meta name=\"twitter:card\" content=\"summary_large_image\" \/>\n<meta name=\"twitter:label1\" content=\"Escrito por\" \/>\n\t<meta name=\"twitter:data1\" content=\"Farn\u00e9sio\" \/>\n\t<meta name=\"twitter:label2\" content=\"Est. tempo de leitura\" \/>\n\t<meta name=\"twitter:data2\" content=\"2 minutos\" \/>\n<script type=\"application\/ld+json\" class=\"yoast-schema-graph\">{\"@context\":\"https:\\\/\\\/schema.org\",\"@graph\":[{\"@type\":\"Article\",\"@id\":\"https:\\\/\\\/blogdofarnesio.com.br\\\/?p=186372#article\",\"isPartOf\":{\"@id\":\"https:\\\/\\\/blogdofarnesio.com.br\\\/?p=186372\"},\"author\":{\"name\":\"Farn\u00e9sio\",\"@id\":\"https:\\\/\\\/blogdofarnesio.com.br\\\/#\\\/schema\\\/person\\\/301c4acf522bccbfdb45af95b5b906a1\"},\"headline\":\"AP\u00d3S QUASE UMA D\u00c9CADA, 20\u00b0 BAILE MUNICIPAL E CONCURSO DE FANTASIAS VOLTA A SER REALIZADO EM PETROLINA\",\"datePublished\":\"2018-01-16T19:00:18+00:00\",\"mainEntityOfPage\":{\"@id\":\"https:\\\/\\\/blogdofarnesio.com.br\\\/?p=186372\"},\"wordCount\":399,\"commentCount\":0,\"publisher\":{\"@id\":\"https:\\\/\\\/blogdofarnesio.com.br\\\/#organization\"},\"image\":{\"@id\":\"https:\\\/\\\/blogdofarnesio.com.br\\\/?p=186372#primaryimage\"},\"thumbnailUrl\":\"https:\\\/\\\/blogdofarnesio.com.br\\\/wp-content\\\/uploads\\\/2018\\\/01\\\/ogqsp-bcard-concurso-de-fantasias.jpg\",\"articleSection\":[\"Administra\u00e7\u00e3o\"],\"inLanguage\":\"pt-BR\",\"potentialAction\":[{\"@type\":\"CommentAction\",\"name\":\"Comment\",\"target\":[\"https:\\\/\\\/blogdofarnesio.com.br\\\/?p=186372#respond\"]}]},{\"@type\":\"WebPage\",\"@id\":\"https:\\\/\\\/blogdofarnesio.com.br\\\/?p=186372\",\"url\":\"https:\\\/\\\/blogdofarnesio.com.br\\\/?p=186372\",\"name\":\"AP\u00d3S QUASE UMA D\u00c9CADA, 20\u00b0 BAILE MUNICIPAL E CONCURSO DE FANTASIAS VOLTA A SER REALIZADO EM PETROLINA - Blog do Farn\u00e9sio\",\"isPartOf\":{\"@id\":\"https:\\\/\\\/blogdofarnesio.com.br\\\/#website\"},\"primaryImageOfPage\":{\"@id\":\"https:\\\/\\\/blogdofarnesio.com.br\\\/?p=186372#primaryimage\"},\"image\":{\"@id\":\"https:\\\/\\\/blogdofarnesio.com.br\\\/?p=186372#primaryimage\"},\"thumbnailUrl\":\"https:\\\/\\\/blogdofarnesio.com.br\\\/wp-content\\\/uploads\\\/2018\\\/01\\\/ogqsp-bcard-concurso-de-fantasias.jpg\",\"datePublished\":\"2018-01-16T19:00:18+00:00\",\"breadcrumb\":{\"@id\":\"https:\\\/\\\/blogdofarnesio.com.br\\\/?p=186372#breadcrumb\"},\"inLanguage\":\"pt-BR\",\"potentialAction\":[{\"@type\":\"ReadAction\",\"target\":[\"https:\\\/\\\/blogdofarnesio.com.br\\\/?p=186372\"]}]},{\"@type\":\"ImageObject\",\"inLanguage\":\"pt-BR\",\"@id\":\"https:\\\/\\\/blogdofarnesio.com.br\\\/?p=186372#primaryimage\",\"url\":\"https:\\\/\\\/blogdofarnesio.com.br\\\/wp-content\\\/uploads\\\/2018\\\/01\\\/ogqsp-bcard-concurso-de-fantasias.jpg\",\"contentUrl\":\"https:\\\/\\\/blogdofarnesio.com.br\\\/wp-content\\\/uploads\\\/2018\\\/01\\\/ogqsp-bcard-concurso-de-fantasias.jpg\",\"width\":480,\"height\":480},{\"@type\":\"BreadcrumbList\",\"@id\":\"https:\\\/\\\/blogdofarnesio.com.br\\\/?p=186372#breadcrumb\",\"itemListElement\":[{\"@type\":\"ListItem\",\"position\":1,\"name\":\"In\u00edcio\",\"item\":\"https:\\\/\\\/blogdofarnesio.com.br\\\/\"},{\"@type\":\"ListItem\",\"position\":2,\"name\":\"AP\u00d3S QUASE UMA D\u00c9CADA, 20\u00b0 BAILE MUNICIPAL E CONCURSO DE FANTASIAS VOLTA A SER REALIZADO EM PETROLINA\"}]},{\"@type\":\"WebSite\",\"@id\":\"https:\\\/\\\/blogdofarnesio.com.br\\\/#website\",\"url\":\"https:\\\/\\\/blogdofarnesio.com.br\\\/\",\"name\":\"Blog do Farn\u00e9sio\",\"description\":\"Quer Saber Pol\u00edtica?\",\"publisher\":{\"@id\":\"https:\\\/\\\/blogdofarnesio.com.br\\\/#organization\"},\"potentialAction\":[{\"@type\":\"SearchAction\",\"target\":{\"@type\":\"EntryPoint\",\"urlTemplate\":\"https:\\\/\\\/blogdofarnesio.com.br\\\/?s={search_term_string}\"},\"query-input\":{\"@type\":\"PropertyValueSpecification\",\"valueRequired\":true,\"valueName\":\"search_term_string\"}}],\"inLanguage\":\"pt-BR\"},{\"@type\":\"Organization\",\"@id\":\"https:\\\/\\\/blogdofarnesio.com.br\\\/#organization\",\"name\":\"Blog do Farn\u00e9sio\",\"url\":\"https:\\\/\\\/blogdofarnesio.com.br\\\/\",\"logo\":{\"@type\":\"ImageObject\",\"inLanguage\":\"pt-BR\",\"@id\":\"https:\\\/\\\/blogdofarnesio.com.br\\\/#\\\/schema\\\/logo\\\/image\\\/\",\"url\":\"https:\\\/\\\/blogdofarnesio.com.br\\\/wp-content\\\/uploads\\\/2026\\\/03\\\/cropped-logo_new-1.png\",\"contentUrl\":\"https:\\\/\\\/blogdofarnesio.com.br\\\/wp-content\\\/uploads\\\/2026\\\/03\\\/cropped-logo_new-1.png\",\"width\":881,\"height\":685,\"caption\":\"Blog do Farn\u00e9sio\"},\"image\":{\"@id\":\"https:\\\/\\\/blogdofarnesio.com.br\\\/#\\\/schema\\\/logo\\\/image\\\/\"},\"sameAs\":[\"https:\\\/\\\/www.facebook.com\\\/BlogQuerSaberPolitica\\\/\"]},{\"@type\":\"Person\",\"@id\":\"https:\\\/\\\/blogdofarnesio.com.br\\\/#\\\/schema\\\/person\\\/301c4acf522bccbfdb45af95b5b906a1\",\"name\":\"Farn\u00e9sio\",\"image\":{\"@type\":\"ImageObject\",\"inLanguage\":\"pt-BR\",\"@id\":\"https:\\\/\\\/secure.gravatar.com\\\/avatar\\\/df0c9a14567c056f8ad6876ba5bbd1e3e2c48023eb6807342fc4663adf549f38?s=96&d=mm&r=g\",\"url\":\"https:\\\/\\\/secure.gravatar.com\\\/avatar\\\/df0c9a14567c056f8ad6876ba5bbd1e3e2c48023eb6807342fc4663adf549f38?s=96&d=mm&r=g\",\"contentUrl\":\"https:\\\/\\\/secure.gravatar.com\\\/avatar\\\/df0c9a14567c056f8ad6876ba5bbd1e3e2c48023eb6807342fc4663adf549f38?s=96&d=mm&r=g\",\"caption\":\"Farn\u00e9sio\"},\"sameAs\":[\"https:\\\/\\\/quersaberpolitica.com.br\"],\"url\":\"https:\\\/\\\/blogdofarnesio.com.br\\\/?author=1\"}]}<\/script>\n<!-- \/ Yoast SEO plugin. -->","yoast_head_json":{"title":"AP\u00d3S QUASE UMA D\u00c9CADA, 20\u00b0 BAILE MUNICIPAL E CONCURSO DE FANTASIAS VOLTA A SER REALIZADO EM PETROLINA - Blog do Farn\u00e9sio","robots":{"index":"index","follow":"follow","max-snippet":"max-snippet:-1","max-image-preview":"max-image-preview:large","max-video-preview":"max-video-preview:-1"},"canonical":"https:\/\/blogdofarnesio.com.br\/?p=186372","og_locale":"pt_BR","og_type":"article","og_title":"AP\u00d3S QUASE UMA D\u00c9CADA, 20\u00b0 BAILE MUNICIPAL E CONCURSO DE FANTASIAS VOLTA A SER REALIZADO EM PETROLINA - Blog do Farn\u00e9sio","og_description":"Depois de nove anos sem ser realizado, o tradicional\u00a0Baile\u00a0Municipal e Concurso de Fantasias de Petrolina volta a ganhar destaque na programa\u00e7\u00e3o carnavalesca da cidade. Est\u00e3o abertas at\u00e9 o dia 26 de janeiro, as inscri\u00e7\u00f5es para os interessados em desfilar no\u00a0baile\u00a0e concorrer ao destaque de melhor fantasia. O 20\u00ba\u00a0Baile\u00a0Municipal e Concurso de Fantasias de Petrolina \u00e9 uma realiza\u00e7\u00e3o da Prefeitura, atrav\u00e9s da Secretaria de Cultura Turismo e Esportes (SECULTE). Para a secret\u00e1ria da pasta, Maria Elena de Alencar, a volta do\u00a0baile\u00a0e concurso de fantasias resgata as tradi\u00e7\u00f5es dos velhos carnavais. \u201cA volta do\u00a0baile\u00a0representa a Petrolina, muito mais que um festejo. \u00c9 o fomento da arte carnavalesca, \u00e9 o retorno da hist\u00f3ria do munic\u00edpio. \u00c9 um compromisso da gest\u00e3o do prefeito Miguel&hellip;","og_url":"https:\/\/blogdofarnesio.com.br\/?p=186372","og_site_name":"Blog do Farn\u00e9sio","article_publisher":"https:\/\/www.facebook.com\/BlogQuerSaberPolitica\/","article_published_time":"2018-01-16T19:00:18+00:00","og_image":[{"width":480,"height":480,"url":"https:\/\/blogdofarnesio.com.br\/wp-content\/uploads\/2018\/01\/ogqsp-bcard-concurso-de-fantasias.jpg","type":"image\/jpeg"}],"author":"Farn\u00e9sio","twitter_card":"summary_large_image","twitter_misc":{"Escrito por":"Farn\u00e9sio","Est. tempo de leitura":"2 minutos"},"schema":{"@context":"https:\/\/schema.org","@graph":[{"@type":"Article","@id":"https:\/\/blogdofarnesio.com.br\/?p=186372#article","isPartOf":{"@id":"https:\/\/blogdofarnesio.com.br\/?p=186372"},"author":{"name":"Farn\u00e9sio","@id":"https:\/\/blogdofarnesio.com.br\/#\/schema\/person\/301c4acf522bccbfdb45af95b5b906a1"},"headline":"AP\u00d3S QUASE UMA D\u00c9CADA, 20\u00b0 BAILE MUNICIPAL E CONCURSO DE FANTASIAS VOLTA A SER REALIZADO EM PETROLINA","datePublished":"2018-01-16T19:00:18+00:00","mainEntityOfPage":{"@id":"https:\/\/blogdofarnesio.com.br\/?p=186372"},"wordCount":399,"commentCount":0,"publisher":{"@id":"https:\/\/blogdofarnesio.com.br\/#organization"},"image":{"@id":"https:\/\/blogdofarnesio.com.br\/?p=186372#primaryimage"},"thumbnailUrl":"https:\/\/blogdofarnesio.com.br\/wp-content\/uploads\/2018\/01\/ogqsp-bcard-concurso-de-fantasias.jpg","articleSection":["Administra\u00e7\u00e3o"],"inLanguage":"pt-BR","potentialAction":[{"@type":"CommentAction","name":"Comment","target":["https:\/\/blogdofarnesio.com.br\/?p=186372#respond"]}]},{"@type":"WebPage","@id":"https:\/\/blogdofarnesio.com.br\/?p=186372","url":"https:\/\/blogdofarnesio.com.br\/?p=186372","name":"AP\u00d3S QUASE UMA D\u00c9CADA, 20\u00b0 BAILE MUNICIPAL E CONCURSO DE FANTASIAS VOLTA A SER REALIZADO EM PETROLINA - Blog do Farn\u00e9sio","isPartOf":{"@id":"https:\/\/blogdofarnesio.com.br\/#website"},"primaryImageOfPage":{"@id":"https:\/\/blogdofarnesio.com.br\/?p=186372#primaryimage"},"image":{"@id":"https:\/\/blogdofarnesio.com.br\/?p=186372#primaryimage"},"thumbnailUrl":"https:\/\/blogdofarnesio.com.br\/wp-content\/uploads\/2018\/01\/ogqsp-bcard-concurso-de-fantasias.jpg","datePublished":"2018-01-16T19:00:18+00:00","breadcrumb":{"@id":"https:\/\/blogdofarnesio.com.br\/?p=186372#breadcrumb"},"inLanguage":"pt-BR","potentialAction":[{"@type":"ReadAction","target":["https:\/\/blogdofarnesio.com.br\/?p=186372"]}]},{"@type":"ImageObject","inLanguage":"pt-BR","@id":"https:\/\/blogdofarnesio.com.br\/?p=186372#primaryimage","url":"https:\/\/blogdofarnesio.com.br\/wp-content\/uploads\/2018\/01\/ogqsp-bcard-concurso-de-fantasias.jpg","contentUrl":"https:\/\/blogdofarnesio.com.br\/wp-content\/uploads\/2018\/01\/ogqsp-bcard-concurso-de-fantasias.jpg","width":480,"height":480},{"@type":"BreadcrumbList","@id":"https:\/\/blogdofarnesio.com.br\/?p=186372#breadcrumb","itemListElement":[{"@type":"ListItem","position":1,"name":"In\u00edcio","item":"https:\/\/blogdofarnesio.com.br\/"},{"@type":"ListItem","position":2,"name":"AP\u00d3S QUASE UMA D\u00c9CADA, 20\u00b0 BAILE MUNICIPAL E CONCURSO DE FANTASIAS VOLTA A SER REALIZADO EM PETROLINA"}]},{"@type":"WebSite","@id":"https:\/\/blogdofarnesio.com.br\/#website","url":"https:\/\/blogdofarnesio.com.br\/","name":"Blog do Farn\u00e9sio","description":"Quer Saber Pol\u00edtica?","publisher":{"@id":"https:\/\/blogdofarnesio.com.br\/#organization"},"potentialAction":[{"@type":"SearchAction","target":{"@type":"EntryPoint","urlTemplate":"https:\/\/blogdofarnesio.com.br\/?s={search_term_string}"},"query-input":{"@type":"PropertyValueSpecification","valueRequired":true,"valueName":"search_term_string"}}],"inLanguage":"pt-BR"},{"@type":"Organization","@id":"https:\/\/blogdofarnesio.com.br\/#organization","name":"Blog do Farn\u00e9sio","url":"https:\/\/blogdofarnesio.com.br\/","logo":{"@type":"ImageObject","inLanguage":"pt-BR","@id":"https:\/\/blogdofarnesio.com.br\/#\/schema\/logo\/image\/","url":"https:\/\/blogdofarnesio.com.br\/wp-content\/uploads\/2026\/03\/cropped-logo_new-1.png","contentUrl":"https:\/\/blogdofarnesio.com.br\/wp-content\/uploads\/2026\/03\/cropped-logo_new-1.png","width":881,"height":685,"caption":"Blog do Farn\u00e9sio"},"image":{"@id":"https:\/\/blogdofarnesio.com.br\/#\/schema\/logo\/image\/"},"sameAs":["https:\/\/www.facebook.com\/BlogQuerSaberPolitica\/"]},{"@type":"Person","@id":"https:\/\/blogdofarnesio.com.br\/#\/schema\/person\/301c4acf522bccbfdb45af95b5b906a1","name":"Farn\u00e9sio","image":{"@type":"ImageObject","inLanguage":"pt-BR","@id":"https:\/\/secure.gravatar.com\/avatar\/df0c9a14567c056f8ad6876ba5bbd1e3e2c48023eb6807342fc4663adf549f38?s=96&d=mm&r=g","url":"https:\/\/secure.gravatar.com\/avatar\/df0c9a14567c056f8ad6876ba5bbd1e3e2c48023eb6807342fc4663adf549f38?s=96&d=mm&r=g","contentUrl":"https:\/\/secure.gravatar.com\/avatar\/df0c9a14567c056f8ad6876ba5bbd1e3e2c48023eb6807342fc4663adf549f38?s=96&d=mm&r=g","caption":"Farn\u00e9sio"},"sameAs":["https:\/\/quersaberpolitica.com.br"],"url":"https:\/\/blogdofarnesio.com.br\/?author=1"}]}},"_links":{"self":[{"href":"https:\/\/blogdofarnesio.com.br\/index.php?rest_route=\/wp\/v2\/posts\/186372","targetHints":{"allow":["GET"]}}],"collection":[{"href":"https:\/\/blogdofarnesio.com.br\/index.php?rest_route=\/wp\/v2\/posts"}],"about":[{"href":"https:\/\/blogdofarnesio.com.br\/index.php?rest_route=\/wp\/v2\/types\/post"}],"author":[{"embeddable":true,"href":"https:\/\/blogdofarnesio.com.br\/index.php?rest_route=\/wp\/v2\/users\/1"}],"replies":[{"embeddable":true,"href":"https:\/\/blogdofarnesio.com.br\/index.php?rest_route=%2Fwp%2Fv2%2Fcomments&post=186372"}],"version-history":[{"count":0,"href":"https:\/\/blogdofarnesio.com.br\/index.php?rest_route=\/wp\/v2\/posts\/186372\/revisions"}],"wp:featuredmedia":[{"embeddable":true,"href":"https:\/\/blogdofarnesio.com.br\/index.php?rest_route=\/wp\/v2\/media\/186373"}],"wp:attachment":[{"href":"https:\/\/blogdofarnesio.com.br\/index.php?rest_route=%2Fwp%2Fv2%2Fmedia&parent=186372"}],"wp:term":[{"taxonomy":"category","embeddable":true,"href":"https:\/\/blogdofarnesio.com.br\/index.php?rest_route=%2Fwp%2Fv2%2Fcategories&post=186372"},{"taxonomy":"post_tag","embeddable":true,"href":"https:\/\/blogdofarnesio.com.br\/index.php?rest_route=%2Fwp%2Fv2%2Ftags&post=186372"}],"curies":[{"name":"wp","href":"https:\/\/api.w.org\/{rel}","templated":true}]}}