{"id":186341,"date":"2018-01-16T13:00:51","date_gmt":"2018-01-16T16:00:51","guid":{"rendered":"http:\/\/quersaberpolitica.com.br\/2016\/?p=186341"},"modified":"2018-01-16T09:20:38","modified_gmt":"2018-01-16T12:20:38","slug":"ses-reforca-importancia-do-diagnostico-precoce-das-infeccoes-sexualmente-transmissiveis","status":"publish","type":"post","link":"https:\/\/blogdofarnesio.com.br\/?p=186341","title":{"rendered":"SES REFOR\u00c7A IMPORT\u00c2NCIA DO DIAGN\u00d3STICO PRECOCE DAS INFEC\u00c7\u00d5ES SEXUALMENTE TRANSMISS\u00cdVEIS"},"content":{"rendered":"<p style=\"text-align: justify;\">O Brasil est\u00e1 em alerta para o aumento de casos notificados de infec\u00e7\u00f5es sexualmente transmiss\u00edveis (IST), como a s\u00edfilis, doen\u00e7a cur\u00e1vel e que tem tratamento gratuito pelo Sistema \u00danico de Sa\u00fade (SUS). Em Pernambuco, a Secretaria Estadual de Sa\u00fade (SES) notou o aumento nos tr\u00eas tipos da doen\u00e7a que s\u00e3o de notifica\u00e7\u00e3o compuls\u00f3ria. A maior parte dos casos \u00e9 da s\u00edfilis adquirida (p\u00fablico em geral), com 2.684 notifica\u00e7\u00f5es em 2017 (2.657 em 2016 e 1.319 em 2015). Em seguida vem a s\u00edfilis cong\u00eanita (transmiss\u00e3o da m\u00e3e para o feto durante a gesta\u00e7\u00e3o), com 1.612 casos em 2017 (1.507 em 2016 e 1.363 em 2015). Em 2017, ainda foram registrados 1.341 casos em gestantes (953 em 2016 e 870 em 2017). J\u00e1 no caso da Aids, j\u00e1 s\u00e3o mais de 25 mil casos desde o in\u00edcio da notifica\u00e7\u00e3o, em 1983.<\/p>\n<p style=\"text-align: justify;\">Para refor\u00e7ar a import\u00e2ncia da preven\u00e7\u00e3o, detec\u00e7\u00e3o precoce e do tratamento da s\u00edfilis e outras Infec\u00e7\u00f5es Sexualmente Transmiss\u00edveis (IST), como HIV\/Aids e hepatites virais, o Governo de Pernambuco, por meio da Secretaria Estadual de Sa\u00fade (SES), realiza semin\u00e1rio para atualiza\u00e7\u00e3o permanente de profissionais de sa\u00fade nesta ter\u00e7a-feira (16.01), at\u00e9 as 12h, no audit\u00f3rio da SES, no bairro do Bongi. Diante da proximidade do per\u00edodo das festas carnavalescas, a SES decidiu promover essa a\u00e7\u00e3o de conscientiza\u00e7\u00e3o focada na preven\u00e7\u00e3o, visando o fortalecimento de pol\u00edticas estrat\u00e9gicas complementares \u00e0s campanhas de incentivo ao sexo seguro e \u00e0 amplia\u00e7\u00e3o da testagem do HIV.<\/p>\n<p style=\"text-align: justify;\">\u201cProblemas de sa\u00fade associados \u00e0s IST afetam principalmente as mulheres e podem ter consequ\u00eancias em longo prazo. Doen\u00e7a inflamat\u00f3ria p\u00e9lvica, gravidez ect\u00f3pica e aborto est\u00e3o entre as complica\u00e7\u00f5es, que tamb\u00e9m incluem infertilidade tanto no p\u00fablico feminino quanto no masculino\u201d, alerta a gerente de Aten\u00e7\u00e3o \u00e0 Sa\u00fade da Mulher da SES, Let\u00edcia Katz. Em rela\u00e7\u00e3o \u00e0 falta do diagn\u00f3stico e do tratamento da s\u00edfilis em mulheres, na fase inicial, o resultado pode ser a infertilidade, gravidez ect\u00f3pica, cancro anogenital e morte prematura.<\/p>\n<p style=\"text-align: justify;\">Durante o semin\u00e1rio, estar\u00e3o reunidos profissionais das Unidades B\u00e1sicas de Sa\u00fade, coordenadores da Aten\u00e7\u00e3o Prim\u00e1ria, Sa\u00fade da Mulher e de IST\/Aids de todas as Ger\u00eancias Regionais de Sa\u00fade (Geres) para discuss\u00e3o dos temas. Na programa\u00e7\u00e3o, ser\u00e3o debatidas as tem\u00e1ticas: \u201cTransmiss\u00e3o vertical, diagn\u00f3stico e seguimento dos casos\u201d, explanado pela ginecologista obstetra e diretora-m\u00e9dica do Cisam, Lu\u00edza Menezes; e \u201cPreven\u00e7\u00e3o das IST\u201d, pelo infectologista do Hospital das Cl\u00ednicas Paulo S\u00e9rgio Ramos de Ara\u00fajo. A a\u00e7\u00e3o \u00e9 uma parceria da Ger\u00eancia de Aten\u00e7\u00e3o a Sa\u00fade da Mulher e do Programa Estadual de IST\/Aids e Hepatites Virais<\/p>\n<p style=\"text-align: justify;\">Com o encontro, a SES reflete o modelo de aten\u00e7\u00e3o \u00e0 sa\u00fade e redefine a\u00e7\u00f5es de preven\u00e7\u00e3o em diferentes n\u00edveis da gest\u00e3o do Sistema \u00danico de Sa\u00fade (SUS) com a articula\u00e7\u00e3o de toda rede de servi\u00e7os para promo\u00e7\u00e3o da sa\u00fade.\u00a0 Entre as iniciativas que devem ser realizadas de rotina, a realiza\u00e7\u00e3o de exames peri\u00f3dicos \u2013 principalmente ap\u00f3s alguma situa\u00e7\u00e3o de risco, como rela\u00e7\u00e3o sexual desprotegida \u2013 pela mulher e seu parceiro, al\u00e9m da import\u00e2ncia do acompanhamento pr\u00e9-natal das gestantes, e preven\u00e7\u00e3o \u00e0s reinfec\u00e7\u00f5es. \u201cO uso da camisinha em todas as rela\u00e7\u00f5es sexuais \u00e9 o meio mais eficaz para evitar essas infec\u00e7\u00f5es. Os preservativos s\u00e3o oferecidos na rede de sa\u00fade\u201d, refor\u00e7a Let\u00edcia Katz.<\/p>\n<p style=\"text-align: justify;\">\n<p style=\"text-align: justify;\">&#8220;A s\u00edfilis cong\u00eanita \u00e9 uma doen\u00e7a de notifica\u00e7\u00e3o obrigat\u00f3ria pelos munic\u00edpios. \u00c9 necess\u00e1ria uma sensibiliza\u00e7\u00e3o dos servi\u00e7os que detectam as gestantes com s\u00edfilis para dar continuidade ao tratamento dos casos. A s\u00edfilis cong\u00eanita \u00e9 transmitida para o beb\u00ea ainda na barriga da m\u00e3e, por isso \u00e9 importante que tanto o pai quanto a m\u00e3e fa\u00e7am o exame e descobrindo a infec\u00e7\u00e3o, fa\u00e7am o tratamento corretamente, evitando assim a transmiss\u00e3o vertical. Indicamos que todos, quando j\u00e1 estiverem planejando engravidar, fa\u00e7am o exame que detecta a s\u00edfilis nos postos de sa\u00fade mais pr\u00f3ximos \u00e0 sua resid\u00eancia ou nos Centros Municipais de Testagem e Aconselhamento (CTA)\u201d, explica o gerente do Programa Estadual de DST\/Aids, Fran\u00e7ois Figueir\u00f4a. N\u00e3o tratada corretamente durante a gravidez, a s\u00edfilis pode causar abortamento, \u00f3bito fetal, morte neonatal ou o nascimento de crian\u00e7as j\u00e1 portadora da infec\u00e7\u00e3o e com sequelas irrevers\u00edveis, como surdez e defici\u00eancia mental.<\/p>\n<p style=\"text-align: justify;\">\u201cNo caso do HIV, com o diagn\u00f3stico precoce, a mulher pode iniciar o tratamento normalmente. Assim, \u00e9 poss\u00edvel praticamente eliminar o risco do beb\u00ea nascer infectado\u201d, comenta Figueiroa.<\/p>\n<p style=\"text-align: justify;\"><strong>S\u00cdFILIS \u2013<\/strong>\u00a0\u00c9 uma doen\u00e7a infectocontagiosa que sist\u00eamica, de evolu\u00e7\u00e3o cr\u00f4nica, causada pelo Treponema pallidum. A doen\u00e7a n\u00e3o tratada progride ao longo de muitos anos, sendo classificada em s\u00edfilis prim\u00e1ria, secund\u00e1ria, latente recente, latente tardia e terci\u00e1ria. A transmiss\u00e3o pode ser sexual, vertical ou sangu\u00ednea. De 2011 a 2017, 8.323 casos (4.198 masculinos e 4.125 femininos) foram associados \u00e0 S\u00edfilis Adquirida. Os casos em gestantes, de 2005 a 2017, somaram 7.917.<\/p>\n<p style=\"text-align: justify;\"><strong>AIDS \u2013<\/strong>\u00a0Em Pernambuco, desde o in\u00edcio das notifica\u00e7\u00f5es de Aids, no ano de 1983, at\u00e9 24.10.2017, foram registrados 25.218 casos, sendo 16.344 no p\u00fablico masculino e 8.874 no feminino. Em 2016 foram 1.104 (738 masculinos e 366 femininos) e em 2017*, 396 (259 masculinos e 137 femininos &#8211; dados sujeitos a altera\u00e7\u00e3o).<\/p>\n<p style=\"text-align: justify;\"><strong>Secretaria Estadual de Sa\u00fade &#8211; PE<\/strong><\/p>\n","protected":false},"excerpt":{"rendered":"<p>O Brasil est\u00e1 em alerta para o aumento de casos notificados de infec\u00e7\u00f5es sexualmente transmiss\u00edveis (IST), como a s\u00edfilis, doen\u00e7a cur\u00e1vel e que tem tratamento gratuito pelo Sistema \u00danico de Sa\u00fade (SUS). Em Pernambuco, a Secretaria Estadual de Sa\u00fade (SES) notou o aumento nos tr\u00eas tipos da doen\u00e7a que s\u00e3o de notifica\u00e7\u00e3o compuls\u00f3ria. A maior parte dos casos \u00e9 da s\u00edfilis adquirida (p\u00fablico em geral), com 2.684 notifica\u00e7\u00f5es em 2017 (2.657 em 2016 e 1.319 em 2015). Em seguida vem a s\u00edfilis cong\u00eanita (transmiss\u00e3o da m\u00e3e para o feto durante a gesta\u00e7\u00e3o), com 1.612 casos em 2017 (1.507 em 2016 e 1.363 em 2015). Em 2017, ainda foram registrados 1.341 casos em gestantes (953 em 2016 e 870 em 2017).&hellip; <\/p>\n","protected":false},"author":1,"featured_media":186342,"comment_status":"open","ping_status":"closed","sticky":false,"template":"","format":"standard","meta":{"_acf_changed":false,"footnotes":""},"categories":[44],"tags":[],"class_list":["post-186341","post","type-post","status-publish","format-standard","has-post-thumbnail","hentry","category-administracao"],"acf":[],"yoast_head":"<!-- This site is optimized with the Yoast SEO plugin v27.4 - https:\/\/yoast.com\/product\/yoast-seo-wordpress\/ -->\n<title>SES REFOR\u00c7A IMPORT\u00c2NCIA DO DIAGN\u00d3STICO PRECOCE DAS INFEC\u00c7\u00d5ES SEXUALMENTE TRANSMISS\u00cdVEIS - Blog do Farn\u00e9sio<\/title>\n<meta name=\"robots\" content=\"index, follow, max-snippet:-1, max-image-preview:large, max-video-preview:-1\" \/>\n<link rel=\"canonical\" href=\"https:\/\/blogdofarnesio.com.br\/?p=186341\" \/>\n<meta property=\"og:locale\" content=\"pt_BR\" \/>\n<meta property=\"og:type\" content=\"article\" \/>\n<meta property=\"og:title\" content=\"SES REFOR\u00c7A IMPORT\u00c2NCIA DO DIAGN\u00d3STICO PRECOCE DAS INFEC\u00c7\u00d5ES SEXUALMENTE TRANSMISS\u00cdVEIS - Blog do Farn\u00e9sio\" \/>\n<meta property=\"og:description\" content=\"O Brasil est\u00e1 em alerta para o aumento de casos notificados de infec\u00e7\u00f5es sexualmente transmiss\u00edveis (IST), como a s\u00edfilis, doen\u00e7a cur\u00e1vel e que tem tratamento gratuito pelo Sistema \u00danico de Sa\u00fade (SUS). Em Pernambuco, a Secretaria Estadual de Sa\u00fade (SES) notou o aumento nos tr\u00eas tipos da doen\u00e7a que s\u00e3o de notifica\u00e7\u00e3o compuls\u00f3ria. A maior parte dos casos \u00e9 da s\u00edfilis adquirida (p\u00fablico em geral), com 2.684 notifica\u00e7\u00f5es em 2017 (2.657 em 2016 e 1.319 em 2015). Em seguida vem a s\u00edfilis cong\u00eanita (transmiss\u00e3o da m\u00e3e para o feto durante a gesta\u00e7\u00e3o), com 1.612 casos em 2017 (1.507 em 2016 e 1.363 em 2015). Em 2017, ainda foram registrados 1.341 casos em gestantes (953 em 2016 e 870 em 2017).&hellip;\" \/>\n<meta property=\"og:url\" content=\"https:\/\/blogdofarnesio.com.br\/?p=186341\" \/>\n<meta property=\"og:site_name\" content=\"Blog do Farn\u00e9sio\" \/>\n<meta property=\"article:publisher\" content=\"https:\/\/www.facebook.com\/BlogQuerSaberPolitica\/\" \/>\n<meta property=\"article:published_time\" content=\"2018-01-16T16:00:51+00:00\" \/>\n<meta property=\"og:image\" content=\"https:\/\/blogdofarnesio.com.br\/wp-content\/uploads\/2018\/01\/blogqsp-Fran\u00e7ois_Figueiroa_Let\u00edcia_Katz_Divulga\u00e7\u00e3o_SES.jpg\" \/>\n\t<meta property=\"og:image:width\" content=\"640\" \/>\n\t<meta property=\"og:image:height\" content=\"427\" \/>\n\t<meta property=\"og:image:type\" content=\"image\/jpeg\" \/>\n<meta name=\"author\" content=\"Farn\u00e9sio\" \/>\n<meta name=\"twitter:card\" content=\"summary_large_image\" \/>\n<meta name=\"twitter:label1\" content=\"Escrito por\" \/>\n\t<meta name=\"twitter:data1\" content=\"Farn\u00e9sio\" \/>\n\t<meta name=\"twitter:label2\" content=\"Est. tempo de leitura\" \/>\n\t<meta name=\"twitter:data2\" content=\"5 minutos\" \/>\n<script type=\"application\/ld+json\" class=\"yoast-schema-graph\">{\"@context\":\"https:\\\/\\\/schema.org\",\"@graph\":[{\"@type\":\"Article\",\"@id\":\"https:\\\/\\\/blogdofarnesio.com.br\\\/?p=186341#article\",\"isPartOf\":{\"@id\":\"https:\\\/\\\/blogdofarnesio.com.br\\\/?p=186341\"},\"author\":{\"name\":\"Farn\u00e9sio\",\"@id\":\"https:\\\/\\\/blogdofarnesio.com.br\\\/#\\\/schema\\\/person\\\/301c4acf522bccbfdb45af95b5b906a1\"},\"headline\":\"SES REFOR\u00c7A IMPORT\u00c2NCIA DO DIAGN\u00d3STICO PRECOCE DAS INFEC\u00c7\u00d5ES SEXUALMENTE TRANSMISS\u00cdVEIS\",\"datePublished\":\"2018-01-16T16:00:51+00:00\",\"mainEntityOfPage\":{\"@id\":\"https:\\\/\\\/blogdofarnesio.com.br\\\/?p=186341\"},\"wordCount\":950,\"commentCount\":0,\"publisher\":{\"@id\":\"https:\\\/\\\/blogdofarnesio.com.br\\\/#organization\"},\"image\":{\"@id\":\"https:\\\/\\\/blogdofarnesio.com.br\\\/?p=186341#primaryimage\"},\"thumbnailUrl\":\"https:\\\/\\\/blogdofarnesio.com.br\\\/wp-content\\\/uploads\\\/2018\\\/01\\\/blogqsp-Fran\u00e7ois_Figueiroa_Let\u00edcia_Katz_Divulga\u00e7\u00e3o_SES.jpg\",\"articleSection\":[\"Administra\u00e7\u00e3o\"],\"inLanguage\":\"pt-BR\",\"potentialAction\":[{\"@type\":\"CommentAction\",\"name\":\"Comment\",\"target\":[\"https:\\\/\\\/blogdofarnesio.com.br\\\/?p=186341#respond\"]}]},{\"@type\":\"WebPage\",\"@id\":\"https:\\\/\\\/blogdofarnesio.com.br\\\/?p=186341\",\"url\":\"https:\\\/\\\/blogdofarnesio.com.br\\\/?p=186341\",\"name\":\"SES REFOR\u00c7A IMPORT\u00c2NCIA DO DIAGN\u00d3STICO PRECOCE DAS INFEC\u00c7\u00d5ES SEXUALMENTE TRANSMISS\u00cdVEIS - Blog do Farn\u00e9sio\",\"isPartOf\":{\"@id\":\"https:\\\/\\\/blogdofarnesio.com.br\\\/#website\"},\"primaryImageOfPage\":{\"@id\":\"https:\\\/\\\/blogdofarnesio.com.br\\\/?p=186341#primaryimage\"},\"image\":{\"@id\":\"https:\\\/\\\/blogdofarnesio.com.br\\\/?p=186341#primaryimage\"},\"thumbnailUrl\":\"https:\\\/\\\/blogdofarnesio.com.br\\\/wp-content\\\/uploads\\\/2018\\\/01\\\/blogqsp-Fran\u00e7ois_Figueiroa_Let\u00edcia_Katz_Divulga\u00e7\u00e3o_SES.jpg\",\"datePublished\":\"2018-01-16T16:00:51+00:00\",\"breadcrumb\":{\"@id\":\"https:\\\/\\\/blogdofarnesio.com.br\\\/?p=186341#breadcrumb\"},\"inLanguage\":\"pt-BR\",\"potentialAction\":[{\"@type\":\"ReadAction\",\"target\":[\"https:\\\/\\\/blogdofarnesio.com.br\\\/?p=186341\"]}]},{\"@type\":\"ImageObject\",\"inLanguage\":\"pt-BR\",\"@id\":\"https:\\\/\\\/blogdofarnesio.com.br\\\/?p=186341#primaryimage\",\"url\":\"https:\\\/\\\/blogdofarnesio.com.br\\\/wp-content\\\/uploads\\\/2018\\\/01\\\/blogqsp-Fran\u00e7ois_Figueiroa_Let\u00edcia_Katz_Divulga\u00e7\u00e3o_SES.jpg\",\"contentUrl\":\"https:\\\/\\\/blogdofarnesio.com.br\\\/wp-content\\\/uploads\\\/2018\\\/01\\\/blogqsp-Fran\u00e7ois_Figueiroa_Let\u00edcia_Katz_Divulga\u00e7\u00e3o_SES.jpg\",\"width\":640,\"height\":427},{\"@type\":\"BreadcrumbList\",\"@id\":\"https:\\\/\\\/blogdofarnesio.com.br\\\/?p=186341#breadcrumb\",\"itemListElement\":[{\"@type\":\"ListItem\",\"position\":1,\"name\":\"In\u00edcio\",\"item\":\"https:\\\/\\\/blogdofarnesio.com.br\\\/\"},{\"@type\":\"ListItem\",\"position\":2,\"name\":\"SES REFOR\u00c7A IMPORT\u00c2NCIA DO DIAGN\u00d3STICO PRECOCE DAS INFEC\u00c7\u00d5ES SEXUALMENTE TRANSMISS\u00cdVEIS\"}]},{\"@type\":\"WebSite\",\"@id\":\"https:\\\/\\\/blogdofarnesio.com.br\\\/#website\",\"url\":\"https:\\\/\\\/blogdofarnesio.com.br\\\/\",\"name\":\"Blog do Farn\u00e9sio\",\"description\":\"Quer Saber Pol\u00edtica?\",\"publisher\":{\"@id\":\"https:\\\/\\\/blogdofarnesio.com.br\\\/#organization\"},\"potentialAction\":[{\"@type\":\"SearchAction\",\"target\":{\"@type\":\"EntryPoint\",\"urlTemplate\":\"https:\\\/\\\/blogdofarnesio.com.br\\\/?s={search_term_string}\"},\"query-input\":{\"@type\":\"PropertyValueSpecification\",\"valueRequired\":true,\"valueName\":\"search_term_string\"}}],\"inLanguage\":\"pt-BR\"},{\"@type\":\"Organization\",\"@id\":\"https:\\\/\\\/blogdofarnesio.com.br\\\/#organization\",\"name\":\"Blog do Farn\u00e9sio\",\"url\":\"https:\\\/\\\/blogdofarnesio.com.br\\\/\",\"logo\":{\"@type\":\"ImageObject\",\"inLanguage\":\"pt-BR\",\"@id\":\"https:\\\/\\\/blogdofarnesio.com.br\\\/#\\\/schema\\\/logo\\\/image\\\/\",\"url\":\"https:\\\/\\\/blogdofarnesio.com.br\\\/wp-content\\\/uploads\\\/2026\\\/03\\\/cropped-logo_new-1.png\",\"contentUrl\":\"https:\\\/\\\/blogdofarnesio.com.br\\\/wp-content\\\/uploads\\\/2026\\\/03\\\/cropped-logo_new-1.png\",\"width\":881,\"height\":685,\"caption\":\"Blog do Farn\u00e9sio\"},\"image\":{\"@id\":\"https:\\\/\\\/blogdofarnesio.com.br\\\/#\\\/schema\\\/logo\\\/image\\\/\"},\"sameAs\":[\"https:\\\/\\\/www.facebook.com\\\/BlogQuerSaberPolitica\\\/\"]},{\"@type\":\"Person\",\"@id\":\"https:\\\/\\\/blogdofarnesio.com.br\\\/#\\\/schema\\\/person\\\/301c4acf522bccbfdb45af95b5b906a1\",\"name\":\"Farn\u00e9sio\",\"image\":{\"@type\":\"ImageObject\",\"inLanguage\":\"pt-BR\",\"@id\":\"https:\\\/\\\/secure.gravatar.com\\\/avatar\\\/df0c9a14567c056f8ad6876ba5bbd1e3e2c48023eb6807342fc4663adf549f38?s=96&d=mm&r=g\",\"url\":\"https:\\\/\\\/secure.gravatar.com\\\/avatar\\\/df0c9a14567c056f8ad6876ba5bbd1e3e2c48023eb6807342fc4663adf549f38?s=96&d=mm&r=g\",\"contentUrl\":\"https:\\\/\\\/secure.gravatar.com\\\/avatar\\\/df0c9a14567c056f8ad6876ba5bbd1e3e2c48023eb6807342fc4663adf549f38?s=96&d=mm&r=g\",\"caption\":\"Farn\u00e9sio\"},\"sameAs\":[\"https:\\\/\\\/quersaberpolitica.com.br\"],\"url\":\"https:\\\/\\\/blogdofarnesio.com.br\\\/?author=1\"}]}<\/script>\n<!-- \/ Yoast SEO plugin. -->","yoast_head_json":{"title":"SES REFOR\u00c7A IMPORT\u00c2NCIA DO DIAGN\u00d3STICO PRECOCE DAS INFEC\u00c7\u00d5ES SEXUALMENTE TRANSMISS\u00cdVEIS - Blog do Farn\u00e9sio","robots":{"index":"index","follow":"follow","max-snippet":"max-snippet:-1","max-image-preview":"max-image-preview:large","max-video-preview":"max-video-preview:-1"},"canonical":"https:\/\/blogdofarnesio.com.br\/?p=186341","og_locale":"pt_BR","og_type":"article","og_title":"SES REFOR\u00c7A IMPORT\u00c2NCIA DO DIAGN\u00d3STICO PRECOCE DAS INFEC\u00c7\u00d5ES SEXUALMENTE TRANSMISS\u00cdVEIS - Blog do Farn\u00e9sio","og_description":"O Brasil est\u00e1 em alerta para o aumento de casos notificados de infec\u00e7\u00f5es sexualmente transmiss\u00edveis (IST), como a s\u00edfilis, doen\u00e7a cur\u00e1vel e que tem tratamento gratuito pelo Sistema \u00danico de Sa\u00fade (SUS). Em Pernambuco, a Secretaria Estadual de Sa\u00fade (SES) notou o aumento nos tr\u00eas tipos da doen\u00e7a que s\u00e3o de notifica\u00e7\u00e3o compuls\u00f3ria. A maior parte dos casos \u00e9 da s\u00edfilis adquirida (p\u00fablico em geral), com 2.684 notifica\u00e7\u00f5es em 2017 (2.657 em 2016 e 1.319 em 2015). Em seguida vem a s\u00edfilis cong\u00eanita (transmiss\u00e3o da m\u00e3e para o feto durante a gesta\u00e7\u00e3o), com 1.612 casos em 2017 (1.507 em 2016 e 1.363 em 2015). Em 2017, ainda foram registrados 1.341 casos em gestantes (953 em 2016 e 870 em 2017).&hellip;","og_url":"https:\/\/blogdofarnesio.com.br\/?p=186341","og_site_name":"Blog do Farn\u00e9sio","article_publisher":"https:\/\/www.facebook.com\/BlogQuerSaberPolitica\/","article_published_time":"2018-01-16T16:00:51+00:00","og_image":[{"width":640,"height":427,"url":"https:\/\/blogdofarnesio.com.br\/wp-content\/uploads\/2018\/01\/blogqsp-Fran\u00e7ois_Figueiroa_Let\u00edcia_Katz_Divulga\u00e7\u00e3o_SES.jpg","type":"image\/jpeg"}],"author":"Farn\u00e9sio","twitter_card":"summary_large_image","twitter_misc":{"Escrito por":"Farn\u00e9sio","Est. tempo de leitura":"5 minutos"},"schema":{"@context":"https:\/\/schema.org","@graph":[{"@type":"Article","@id":"https:\/\/blogdofarnesio.com.br\/?p=186341#article","isPartOf":{"@id":"https:\/\/blogdofarnesio.com.br\/?p=186341"},"author":{"name":"Farn\u00e9sio","@id":"https:\/\/blogdofarnesio.com.br\/#\/schema\/person\/301c4acf522bccbfdb45af95b5b906a1"},"headline":"SES REFOR\u00c7A IMPORT\u00c2NCIA DO DIAGN\u00d3STICO PRECOCE DAS INFEC\u00c7\u00d5ES SEXUALMENTE TRANSMISS\u00cdVEIS","datePublished":"2018-01-16T16:00:51+00:00","mainEntityOfPage":{"@id":"https:\/\/blogdofarnesio.com.br\/?p=186341"},"wordCount":950,"commentCount":0,"publisher":{"@id":"https:\/\/blogdofarnesio.com.br\/#organization"},"image":{"@id":"https:\/\/blogdofarnesio.com.br\/?p=186341#primaryimage"},"thumbnailUrl":"https:\/\/blogdofarnesio.com.br\/wp-content\/uploads\/2018\/01\/blogqsp-Fran\u00e7ois_Figueiroa_Let\u00edcia_Katz_Divulga\u00e7\u00e3o_SES.jpg","articleSection":["Administra\u00e7\u00e3o"],"inLanguage":"pt-BR","potentialAction":[{"@type":"CommentAction","name":"Comment","target":["https:\/\/blogdofarnesio.com.br\/?p=186341#respond"]}]},{"@type":"WebPage","@id":"https:\/\/blogdofarnesio.com.br\/?p=186341","url":"https:\/\/blogdofarnesio.com.br\/?p=186341","name":"SES REFOR\u00c7A IMPORT\u00c2NCIA DO DIAGN\u00d3STICO PRECOCE DAS INFEC\u00c7\u00d5ES SEXUALMENTE TRANSMISS\u00cdVEIS - Blog do Farn\u00e9sio","isPartOf":{"@id":"https:\/\/blogdofarnesio.com.br\/#website"},"primaryImageOfPage":{"@id":"https:\/\/blogdofarnesio.com.br\/?p=186341#primaryimage"},"image":{"@id":"https:\/\/blogdofarnesio.com.br\/?p=186341#primaryimage"},"thumbnailUrl":"https:\/\/blogdofarnesio.com.br\/wp-content\/uploads\/2018\/01\/blogqsp-Fran\u00e7ois_Figueiroa_Let\u00edcia_Katz_Divulga\u00e7\u00e3o_SES.jpg","datePublished":"2018-01-16T16:00:51+00:00","breadcrumb":{"@id":"https:\/\/blogdofarnesio.com.br\/?p=186341#breadcrumb"},"inLanguage":"pt-BR","potentialAction":[{"@type":"ReadAction","target":["https:\/\/blogdofarnesio.com.br\/?p=186341"]}]},{"@type":"ImageObject","inLanguage":"pt-BR","@id":"https:\/\/blogdofarnesio.com.br\/?p=186341#primaryimage","url":"https:\/\/blogdofarnesio.com.br\/wp-content\/uploads\/2018\/01\/blogqsp-Fran\u00e7ois_Figueiroa_Let\u00edcia_Katz_Divulga\u00e7\u00e3o_SES.jpg","contentUrl":"https:\/\/blogdofarnesio.com.br\/wp-content\/uploads\/2018\/01\/blogqsp-Fran\u00e7ois_Figueiroa_Let\u00edcia_Katz_Divulga\u00e7\u00e3o_SES.jpg","width":640,"height":427},{"@type":"BreadcrumbList","@id":"https:\/\/blogdofarnesio.com.br\/?p=186341#breadcrumb","itemListElement":[{"@type":"ListItem","position":1,"name":"In\u00edcio","item":"https:\/\/blogdofarnesio.com.br\/"},{"@type":"ListItem","position":2,"name":"SES REFOR\u00c7A IMPORT\u00c2NCIA DO DIAGN\u00d3STICO PRECOCE DAS INFEC\u00c7\u00d5ES SEXUALMENTE TRANSMISS\u00cdVEIS"}]},{"@type":"WebSite","@id":"https:\/\/blogdofarnesio.com.br\/#website","url":"https:\/\/blogdofarnesio.com.br\/","name":"Blog do Farn\u00e9sio","description":"Quer Saber Pol\u00edtica?","publisher":{"@id":"https:\/\/blogdofarnesio.com.br\/#organization"},"potentialAction":[{"@type":"SearchAction","target":{"@type":"EntryPoint","urlTemplate":"https:\/\/blogdofarnesio.com.br\/?s={search_term_string}"},"query-input":{"@type":"PropertyValueSpecification","valueRequired":true,"valueName":"search_term_string"}}],"inLanguage":"pt-BR"},{"@type":"Organization","@id":"https:\/\/blogdofarnesio.com.br\/#organization","name":"Blog do Farn\u00e9sio","url":"https:\/\/blogdofarnesio.com.br\/","logo":{"@type":"ImageObject","inLanguage":"pt-BR","@id":"https:\/\/blogdofarnesio.com.br\/#\/schema\/logo\/image\/","url":"https:\/\/blogdofarnesio.com.br\/wp-content\/uploads\/2026\/03\/cropped-logo_new-1.png","contentUrl":"https:\/\/blogdofarnesio.com.br\/wp-content\/uploads\/2026\/03\/cropped-logo_new-1.png","width":881,"height":685,"caption":"Blog do Farn\u00e9sio"},"image":{"@id":"https:\/\/blogdofarnesio.com.br\/#\/schema\/logo\/image\/"},"sameAs":["https:\/\/www.facebook.com\/BlogQuerSaberPolitica\/"]},{"@type":"Person","@id":"https:\/\/blogdofarnesio.com.br\/#\/schema\/person\/301c4acf522bccbfdb45af95b5b906a1","name":"Farn\u00e9sio","image":{"@type":"ImageObject","inLanguage":"pt-BR","@id":"https:\/\/secure.gravatar.com\/avatar\/df0c9a14567c056f8ad6876ba5bbd1e3e2c48023eb6807342fc4663adf549f38?s=96&d=mm&r=g","url":"https:\/\/secure.gravatar.com\/avatar\/df0c9a14567c056f8ad6876ba5bbd1e3e2c48023eb6807342fc4663adf549f38?s=96&d=mm&r=g","contentUrl":"https:\/\/secure.gravatar.com\/avatar\/df0c9a14567c056f8ad6876ba5bbd1e3e2c48023eb6807342fc4663adf549f38?s=96&d=mm&r=g","caption":"Farn\u00e9sio"},"sameAs":["https:\/\/quersaberpolitica.com.br"],"url":"https:\/\/blogdofarnesio.com.br\/?author=1"}]}},"_links":{"self":[{"href":"https:\/\/blogdofarnesio.com.br\/index.php?rest_route=\/wp\/v2\/posts\/186341","targetHints":{"allow":["GET"]}}],"collection":[{"href":"https:\/\/blogdofarnesio.com.br\/index.php?rest_route=\/wp\/v2\/posts"}],"about":[{"href":"https:\/\/blogdofarnesio.com.br\/index.php?rest_route=\/wp\/v2\/types\/post"}],"author":[{"embeddable":true,"href":"https:\/\/blogdofarnesio.com.br\/index.php?rest_route=\/wp\/v2\/users\/1"}],"replies":[{"embeddable":true,"href":"https:\/\/blogdofarnesio.com.br\/index.php?rest_route=%2Fwp%2Fv2%2Fcomments&post=186341"}],"version-history":[{"count":0,"href":"https:\/\/blogdofarnesio.com.br\/index.php?rest_route=\/wp\/v2\/posts\/186341\/revisions"}],"wp:featuredmedia":[{"embeddable":true,"href":"https:\/\/blogdofarnesio.com.br\/index.php?rest_route=\/wp\/v2\/media\/186342"}],"wp:attachment":[{"href":"https:\/\/blogdofarnesio.com.br\/index.php?rest_route=%2Fwp%2Fv2%2Fmedia&parent=186341"}],"wp:term":[{"taxonomy":"category","embeddable":true,"href":"https:\/\/blogdofarnesio.com.br\/index.php?rest_route=%2Fwp%2Fv2%2Fcategories&post=186341"},{"taxonomy":"post_tag","embeddable":true,"href":"https:\/\/blogdofarnesio.com.br\/index.php?rest_route=%2Fwp%2Fv2%2Ftags&post=186341"}],"curies":[{"name":"wp","href":"https:\/\/api.w.org\/{rel}","templated":true}]}}