{"id":186329,"date":"2018-01-16T10:22:32","date_gmt":"2018-01-16T13:22:32","guid":{"rendered":"http:\/\/quersaberpolitica.com.br\/2016\/?p=186329"},"modified":"2018-01-16T07:56:10","modified_gmt":"2018-01-16T10:56:10","slug":"direto-de-jaguarari-29","status":"publish","type":"post","link":"https:\/\/blogdofarnesio.com.br\/?p=186329","title":{"rendered":"DIRETO DE JAGUARAR\u00cd"},"content":{"rendered":"<div class=\"box-title\">\n<h2><a href=\"http:\/\/www.bahianoticias.com.br\/municipios\/noticia\/12015-jaguarari-prefeito-alega-perseguicao-politica-de-camara-municipal.html\">Prefeito alega persegui\u00e7\u00e3o pol\u00edtica de C\u00e2mara Municipa<\/a><\/h2>\n<\/div>\n<div class=\"box-body\">\n<div class=\"text-descricao\">\n<p>O prefeito de Jaguarari, Everton Carvalho Rocha (PSDB), declarou que as decis\u00f5es do legislativo do munic\u00edpio da regi\u00e3o do Itapicuru t\u00eam sido norteadas por objetivos pol\u00edticos pessoais. A C\u00e2mara Municipal aceitou uma den\u00fancia de infra\u00e7\u00e3o pol\u00edtico-administrativa contra o prefeito (<strong><a href=\"http:\/\/www.bahianoticias.com.br\/municipios\/noticia\/12008-camara-de-jaguarari-aceita-denuncia-de-fraude-licitatoria-contra-prefeito.html\" target=\"_blank\" rel=\"noopener\">veja aqui<\/a><\/strong>). A decis\u00e3o foi tomada por 12 votos favor\u00e1veis contra apenas um negativo, em sess\u00e3o plen\u00e1ria realizada na \u00faltima quinta-feira (11).<\/p>\n<p>Everton declarou, em nota, que foi acusado por uma licita\u00e7\u00e3o que foi extinta antes mesmo de ter o contrato assinado e sem a aprova\u00e7\u00e3o do or\u00e7amento de 2018 na C\u00e2mara. \u201cIsso \u00e9 uma acusa\u00e7\u00e3o manipulada para atender interesses pol\u00edticos das for\u00e7as do atraso, que n\u00e3o param de agir em oposi\u00e7\u00e3o \u00e0 escolha do povo\u201d, rebateu o pol\u00edtico.<\/p>\n<p>Rocha ainda acusa a Casa de acobertar den\u00fancias contra o presidente M\u00e1rcio Gomes (PSDB), que teria \u201cimplantado um esquema de contrata\u00e7\u00e3o de funcion\u00e1rios fantasmas\u201d. Segundo a nota de resposta que pede \u201cdois pesos e duas medidas\u201d, a acusa\u00e7\u00e3o contra M\u00e1rcio Gomes foi engavetada pelos 12 colegas de verean\u00e7a que rejeitaram o pedido de abertura de inqu\u00e9rito contra o presidente. \u201cEnquanto livraram o colega das acusa\u00e7\u00f5es grav\u00edssimas com provas documentais, decidem acatar injustamente a den\u00fancia por algo que foi extinto antes mesmo de se concretizar e nem chegou a ser assinado pelo Prefeito\u201d, destacou a nota.<\/p>\n<\/div>\n<\/div>\n","protected":false},"excerpt":{"rendered":"<p>Prefeito alega persegui\u00e7\u00e3o pol\u00edtica de C\u00e2mara Municipa O prefeito de Jaguarari, Everton Carvalho Rocha (PSDB), declarou que as decis\u00f5es do legislativo do munic\u00edpio da regi\u00e3o do Itapicuru t\u00eam sido norteadas por objetivos pol\u00edticos pessoais. A C\u00e2mara Municipal aceitou uma den\u00fancia de infra\u00e7\u00e3o pol\u00edtico-administrativa contra o prefeito (veja aqui). A decis\u00e3o foi tomada por 12 votos favor\u00e1veis contra apenas um negativo, em sess\u00e3o plen\u00e1ria realizada na \u00faltima quinta-feira (11). Everton declarou, em nota, que foi acusado por uma licita\u00e7\u00e3o que foi extinta antes mesmo de ter o contrato assinado e sem a aprova\u00e7\u00e3o do or\u00e7amento de 2018 na C\u00e2mara. \u201cIsso \u00e9 uma acusa\u00e7\u00e3o manipulada para atender interesses pol\u00edticos das for\u00e7as do atraso, que n\u00e3o param de agir em oposi\u00e7\u00e3o \u00e0 escolha&hellip; <\/p>\n","protected":false},"author":1,"featured_media":183041,"comment_status":"open","ping_status":"closed","sticky":false,"template":"","format":"standard","meta":{"_acf_changed":false,"footnotes":""},"categories":[1],"tags":[],"class_list":["post-186329","post","type-post","status-publish","format-standard","has-post-thumbnail","hentry","category-politica"],"acf":[],"yoast_head":"<!-- This site is optimized with the Yoast SEO plugin v27.4 - https:\/\/yoast.com\/product\/yoast-seo-wordpress\/ -->\n<title>DIRETO DE JAGUARAR\u00cd - Blog do Farn\u00e9sio<\/title>\n<meta name=\"robots\" content=\"index, follow, max-snippet:-1, max-image-preview:large, max-video-preview:-1\" \/>\n<link rel=\"canonical\" href=\"https:\/\/blogdofarnesio.com.br\/?p=186329\" \/>\n<meta property=\"og:locale\" content=\"pt_BR\" \/>\n<meta property=\"og:type\" content=\"article\" \/>\n<meta property=\"og:title\" content=\"DIRETO DE JAGUARAR\u00cd - Blog do Farn\u00e9sio\" \/>\n<meta property=\"og:description\" content=\"Prefeito alega persegui\u00e7\u00e3o pol\u00edtica de C\u00e2mara Municipa O prefeito de Jaguarari, Everton Carvalho Rocha (PSDB), declarou que as decis\u00f5es do legislativo do munic\u00edpio da regi\u00e3o do Itapicuru t\u00eam sido norteadas por objetivos pol\u00edticos pessoais. A C\u00e2mara Municipal aceitou uma den\u00fancia de infra\u00e7\u00e3o pol\u00edtico-administrativa contra o prefeito (veja aqui). A decis\u00e3o foi tomada por 12 votos favor\u00e1veis contra apenas um negativo, em sess\u00e3o plen\u00e1ria realizada na \u00faltima quinta-feira (11). Everton declarou, em nota, que foi acusado por uma licita\u00e7\u00e3o que foi extinta antes mesmo de ter o contrato assinado e sem a aprova\u00e7\u00e3o do or\u00e7amento de 2018 na C\u00e2mara. \u201cIsso \u00e9 uma acusa\u00e7\u00e3o manipulada para atender interesses pol\u00edticos das for\u00e7as do atraso, que n\u00e3o param de agir em oposi\u00e7\u00e3o \u00e0 escolha&hellip;\" \/>\n<meta property=\"og:url\" content=\"https:\/\/blogdofarnesio.com.br\/?p=186329\" \/>\n<meta property=\"og:site_name\" content=\"Blog do Farn\u00e9sio\" \/>\n<meta property=\"article:publisher\" content=\"https:\/\/www.facebook.com\/BlogQuerSaberPolitica\/\" \/>\n<meta property=\"article:published_time\" content=\"2018-01-16T13:22:32+00:00\" \/>\n<meta property=\"og:image\" content=\"https:\/\/blogdofarnesio.com.br\/wp-content\/uploads\/2017\/12\/blogqspjaguarariprefevertorocha.jpg\" \/>\n\t<meta property=\"og:image:width\" content=\"380\" \/>\n\t<meta property=\"og:image:height\" content=\"280\" \/>\n\t<meta property=\"og:image:type\" content=\"image\/jpeg\" \/>\n<meta name=\"author\" content=\"Farn\u00e9sio\" \/>\n<meta name=\"twitter:card\" content=\"summary_large_image\" \/>\n<meta name=\"twitter:label1\" content=\"Escrito por\" \/>\n\t<meta name=\"twitter:data1\" content=\"Farn\u00e9sio\" \/>\n\t<meta name=\"twitter:label2\" content=\"Est. tempo de leitura\" \/>\n\t<meta name=\"twitter:data2\" content=\"1 minuto\" \/>\n<script type=\"application\/ld+json\" class=\"yoast-schema-graph\">{\"@context\":\"https:\\\/\\\/schema.org\",\"@graph\":[{\"@type\":\"Article\",\"@id\":\"https:\\\/\\\/blogdofarnesio.com.br\\\/?p=186329#article\",\"isPartOf\":{\"@id\":\"https:\\\/\\\/blogdofarnesio.com.br\\\/?p=186329\"},\"author\":{\"name\":\"Farn\u00e9sio\",\"@id\":\"https:\\\/\\\/blogdofarnesio.com.br\\\/#\\\/schema\\\/person\\\/301c4acf522bccbfdb45af95b5b906a1\"},\"headline\":\"DIRETO DE JAGUARAR\u00cd\",\"datePublished\":\"2018-01-16T13:22:32+00:00\",\"mainEntityOfPage\":{\"@id\":\"https:\\\/\\\/blogdofarnesio.com.br\\\/?p=186329\"},\"wordCount\":254,\"commentCount\":0,\"publisher\":{\"@id\":\"https:\\\/\\\/blogdofarnesio.com.br\\\/#organization\"},\"image\":{\"@id\":\"https:\\\/\\\/blogdofarnesio.com.br\\\/?p=186329#primaryimage\"},\"thumbnailUrl\":\"https:\\\/\\\/blogdofarnesio.com.br\\\/wp-content\\\/uploads\\\/2017\\\/12\\\/blogqspjaguarariprefevertorocha.jpg\",\"articleSection\":[\"Pol\u00edtica\"],\"inLanguage\":\"pt-BR\",\"potentialAction\":[{\"@type\":\"CommentAction\",\"name\":\"Comment\",\"target\":[\"https:\\\/\\\/blogdofarnesio.com.br\\\/?p=186329#respond\"]}]},{\"@type\":\"WebPage\",\"@id\":\"https:\\\/\\\/blogdofarnesio.com.br\\\/?p=186329\",\"url\":\"https:\\\/\\\/blogdofarnesio.com.br\\\/?p=186329\",\"name\":\"DIRETO DE JAGUARAR\u00cd - Blog do Farn\u00e9sio\",\"isPartOf\":{\"@id\":\"https:\\\/\\\/blogdofarnesio.com.br\\\/#website\"},\"primaryImageOfPage\":{\"@id\":\"https:\\\/\\\/blogdofarnesio.com.br\\\/?p=186329#primaryimage\"},\"image\":{\"@id\":\"https:\\\/\\\/blogdofarnesio.com.br\\\/?p=186329#primaryimage\"},\"thumbnailUrl\":\"https:\\\/\\\/blogdofarnesio.com.br\\\/wp-content\\\/uploads\\\/2017\\\/12\\\/blogqspjaguarariprefevertorocha.jpg\",\"datePublished\":\"2018-01-16T13:22:32+00:00\",\"breadcrumb\":{\"@id\":\"https:\\\/\\\/blogdofarnesio.com.br\\\/?p=186329#breadcrumb\"},\"inLanguage\":\"pt-BR\",\"potentialAction\":[{\"@type\":\"ReadAction\",\"target\":[\"https:\\\/\\\/blogdofarnesio.com.br\\\/?p=186329\"]}]},{\"@type\":\"ImageObject\",\"inLanguage\":\"pt-BR\",\"@id\":\"https:\\\/\\\/blogdofarnesio.com.br\\\/?p=186329#primaryimage\",\"url\":\"https:\\\/\\\/blogdofarnesio.com.br\\\/wp-content\\\/uploads\\\/2017\\\/12\\\/blogqspjaguarariprefevertorocha.jpg\",\"contentUrl\":\"https:\\\/\\\/blogdofarnesio.com.br\\\/wp-content\\\/uploads\\\/2017\\\/12\\\/blogqspjaguarariprefevertorocha.jpg\",\"width\":380,\"height\":280,\"caption\":\"Prefeito Everton Rocha\"},{\"@type\":\"BreadcrumbList\",\"@id\":\"https:\\\/\\\/blogdofarnesio.com.br\\\/?p=186329#breadcrumb\",\"itemListElement\":[{\"@type\":\"ListItem\",\"position\":1,\"name\":\"In\u00edcio\",\"item\":\"https:\\\/\\\/blogdofarnesio.com.br\\\/\"},{\"@type\":\"ListItem\",\"position\":2,\"name\":\"DIRETO DE JAGUARAR\u00cd\"}]},{\"@type\":\"WebSite\",\"@id\":\"https:\\\/\\\/blogdofarnesio.com.br\\\/#website\",\"url\":\"https:\\\/\\\/blogdofarnesio.com.br\\\/\",\"name\":\"Blog do Farn\u00e9sio\",\"description\":\"Quer Saber Pol\u00edtica?\",\"publisher\":{\"@id\":\"https:\\\/\\\/blogdofarnesio.com.br\\\/#organization\"},\"potentialAction\":[{\"@type\":\"SearchAction\",\"target\":{\"@type\":\"EntryPoint\",\"urlTemplate\":\"https:\\\/\\\/blogdofarnesio.com.br\\\/?s={search_term_string}\"},\"query-input\":{\"@type\":\"PropertyValueSpecification\",\"valueRequired\":true,\"valueName\":\"search_term_string\"}}],\"inLanguage\":\"pt-BR\"},{\"@type\":\"Organization\",\"@id\":\"https:\\\/\\\/blogdofarnesio.com.br\\\/#organization\",\"name\":\"Blog do Farn\u00e9sio\",\"url\":\"https:\\\/\\\/blogdofarnesio.com.br\\\/\",\"logo\":{\"@type\":\"ImageObject\",\"inLanguage\":\"pt-BR\",\"@id\":\"https:\\\/\\\/blogdofarnesio.com.br\\\/#\\\/schema\\\/logo\\\/image\\\/\",\"url\":\"https:\\\/\\\/blogdofarnesio.com.br\\\/wp-content\\\/uploads\\\/2026\\\/03\\\/cropped-logo_new-1.png\",\"contentUrl\":\"https:\\\/\\\/blogdofarnesio.com.br\\\/wp-content\\\/uploads\\\/2026\\\/03\\\/cropped-logo_new-1.png\",\"width\":881,\"height\":685,\"caption\":\"Blog do Farn\u00e9sio\"},\"image\":{\"@id\":\"https:\\\/\\\/blogdofarnesio.com.br\\\/#\\\/schema\\\/logo\\\/image\\\/\"},\"sameAs\":[\"https:\\\/\\\/www.facebook.com\\\/BlogQuerSaberPolitica\\\/\"]},{\"@type\":\"Person\",\"@id\":\"https:\\\/\\\/blogdofarnesio.com.br\\\/#\\\/schema\\\/person\\\/301c4acf522bccbfdb45af95b5b906a1\",\"name\":\"Farn\u00e9sio\",\"image\":{\"@type\":\"ImageObject\",\"inLanguage\":\"pt-BR\",\"@id\":\"https:\\\/\\\/secure.gravatar.com\\\/avatar\\\/df0c9a14567c056f8ad6876ba5bbd1e3e2c48023eb6807342fc4663adf549f38?s=96&d=mm&r=g\",\"url\":\"https:\\\/\\\/secure.gravatar.com\\\/avatar\\\/df0c9a14567c056f8ad6876ba5bbd1e3e2c48023eb6807342fc4663adf549f38?s=96&d=mm&r=g\",\"contentUrl\":\"https:\\\/\\\/secure.gravatar.com\\\/avatar\\\/df0c9a14567c056f8ad6876ba5bbd1e3e2c48023eb6807342fc4663adf549f38?s=96&d=mm&r=g\",\"caption\":\"Farn\u00e9sio\"},\"sameAs\":[\"https:\\\/\\\/quersaberpolitica.com.br\"],\"url\":\"https:\\\/\\\/blogdofarnesio.com.br\\\/?author=1\"}]}<\/script>\n<!-- \/ Yoast SEO plugin. -->","yoast_head_json":{"title":"DIRETO DE JAGUARAR\u00cd - Blog do Farn\u00e9sio","robots":{"index":"index","follow":"follow","max-snippet":"max-snippet:-1","max-image-preview":"max-image-preview:large","max-video-preview":"max-video-preview:-1"},"canonical":"https:\/\/blogdofarnesio.com.br\/?p=186329","og_locale":"pt_BR","og_type":"article","og_title":"DIRETO DE JAGUARAR\u00cd - Blog do Farn\u00e9sio","og_description":"Prefeito alega persegui\u00e7\u00e3o pol\u00edtica de C\u00e2mara Municipa O prefeito de Jaguarari, Everton Carvalho Rocha (PSDB), declarou que as decis\u00f5es do legislativo do munic\u00edpio da regi\u00e3o do Itapicuru t\u00eam sido norteadas por objetivos pol\u00edticos pessoais. A C\u00e2mara Municipal aceitou uma den\u00fancia de infra\u00e7\u00e3o pol\u00edtico-administrativa contra o prefeito (veja aqui). A decis\u00e3o foi tomada por 12 votos favor\u00e1veis contra apenas um negativo, em sess\u00e3o plen\u00e1ria realizada na \u00faltima quinta-feira (11). Everton declarou, em nota, que foi acusado por uma licita\u00e7\u00e3o que foi extinta antes mesmo de ter o contrato assinado e sem a aprova\u00e7\u00e3o do or\u00e7amento de 2018 na C\u00e2mara. \u201cIsso \u00e9 uma acusa\u00e7\u00e3o manipulada para atender interesses pol\u00edticos das for\u00e7as do atraso, que n\u00e3o param de agir em oposi\u00e7\u00e3o \u00e0 escolha&hellip;","og_url":"https:\/\/blogdofarnesio.com.br\/?p=186329","og_site_name":"Blog do Farn\u00e9sio","article_publisher":"https:\/\/www.facebook.com\/BlogQuerSaberPolitica\/","article_published_time":"2018-01-16T13:22:32+00:00","og_image":[{"width":380,"height":280,"url":"https:\/\/blogdofarnesio.com.br\/wp-content\/uploads\/2017\/12\/blogqspjaguarariprefevertorocha.jpg","type":"image\/jpeg"}],"author":"Farn\u00e9sio","twitter_card":"summary_large_image","twitter_misc":{"Escrito por":"Farn\u00e9sio","Est. tempo de leitura":"1 minuto"},"schema":{"@context":"https:\/\/schema.org","@graph":[{"@type":"Article","@id":"https:\/\/blogdofarnesio.com.br\/?p=186329#article","isPartOf":{"@id":"https:\/\/blogdofarnesio.com.br\/?p=186329"},"author":{"name":"Farn\u00e9sio","@id":"https:\/\/blogdofarnesio.com.br\/#\/schema\/person\/301c4acf522bccbfdb45af95b5b906a1"},"headline":"DIRETO DE JAGUARAR\u00cd","datePublished":"2018-01-16T13:22:32+00:00","mainEntityOfPage":{"@id":"https:\/\/blogdofarnesio.com.br\/?p=186329"},"wordCount":254,"commentCount":0,"publisher":{"@id":"https:\/\/blogdofarnesio.com.br\/#organization"},"image":{"@id":"https:\/\/blogdofarnesio.com.br\/?p=186329#primaryimage"},"thumbnailUrl":"https:\/\/blogdofarnesio.com.br\/wp-content\/uploads\/2017\/12\/blogqspjaguarariprefevertorocha.jpg","articleSection":["Pol\u00edtica"],"inLanguage":"pt-BR","potentialAction":[{"@type":"CommentAction","name":"Comment","target":["https:\/\/blogdofarnesio.com.br\/?p=186329#respond"]}]},{"@type":"WebPage","@id":"https:\/\/blogdofarnesio.com.br\/?p=186329","url":"https:\/\/blogdofarnesio.com.br\/?p=186329","name":"DIRETO DE JAGUARAR\u00cd - Blog do Farn\u00e9sio","isPartOf":{"@id":"https:\/\/blogdofarnesio.com.br\/#website"},"primaryImageOfPage":{"@id":"https:\/\/blogdofarnesio.com.br\/?p=186329#primaryimage"},"image":{"@id":"https:\/\/blogdofarnesio.com.br\/?p=186329#primaryimage"},"thumbnailUrl":"https:\/\/blogdofarnesio.com.br\/wp-content\/uploads\/2017\/12\/blogqspjaguarariprefevertorocha.jpg","datePublished":"2018-01-16T13:22:32+00:00","breadcrumb":{"@id":"https:\/\/blogdofarnesio.com.br\/?p=186329#breadcrumb"},"inLanguage":"pt-BR","potentialAction":[{"@type":"ReadAction","target":["https:\/\/blogdofarnesio.com.br\/?p=186329"]}]},{"@type":"ImageObject","inLanguage":"pt-BR","@id":"https:\/\/blogdofarnesio.com.br\/?p=186329#primaryimage","url":"https:\/\/blogdofarnesio.com.br\/wp-content\/uploads\/2017\/12\/blogqspjaguarariprefevertorocha.jpg","contentUrl":"https:\/\/blogdofarnesio.com.br\/wp-content\/uploads\/2017\/12\/blogqspjaguarariprefevertorocha.jpg","width":380,"height":280,"caption":"Prefeito Everton Rocha"},{"@type":"BreadcrumbList","@id":"https:\/\/blogdofarnesio.com.br\/?p=186329#breadcrumb","itemListElement":[{"@type":"ListItem","position":1,"name":"In\u00edcio","item":"https:\/\/blogdofarnesio.com.br\/"},{"@type":"ListItem","position":2,"name":"DIRETO DE JAGUARAR\u00cd"}]},{"@type":"WebSite","@id":"https:\/\/blogdofarnesio.com.br\/#website","url":"https:\/\/blogdofarnesio.com.br\/","name":"Blog do Farn\u00e9sio","description":"Quer Saber Pol\u00edtica?","publisher":{"@id":"https:\/\/blogdofarnesio.com.br\/#organization"},"potentialAction":[{"@type":"SearchAction","target":{"@type":"EntryPoint","urlTemplate":"https:\/\/blogdofarnesio.com.br\/?s={search_term_string}"},"query-input":{"@type":"PropertyValueSpecification","valueRequired":true,"valueName":"search_term_string"}}],"inLanguage":"pt-BR"},{"@type":"Organization","@id":"https:\/\/blogdofarnesio.com.br\/#organization","name":"Blog do Farn\u00e9sio","url":"https:\/\/blogdofarnesio.com.br\/","logo":{"@type":"ImageObject","inLanguage":"pt-BR","@id":"https:\/\/blogdofarnesio.com.br\/#\/schema\/logo\/image\/","url":"https:\/\/blogdofarnesio.com.br\/wp-content\/uploads\/2026\/03\/cropped-logo_new-1.png","contentUrl":"https:\/\/blogdofarnesio.com.br\/wp-content\/uploads\/2026\/03\/cropped-logo_new-1.png","width":881,"height":685,"caption":"Blog do Farn\u00e9sio"},"image":{"@id":"https:\/\/blogdofarnesio.com.br\/#\/schema\/logo\/image\/"},"sameAs":["https:\/\/www.facebook.com\/BlogQuerSaberPolitica\/"]},{"@type":"Person","@id":"https:\/\/blogdofarnesio.com.br\/#\/schema\/person\/301c4acf522bccbfdb45af95b5b906a1","name":"Farn\u00e9sio","image":{"@type":"ImageObject","inLanguage":"pt-BR","@id":"https:\/\/secure.gravatar.com\/avatar\/df0c9a14567c056f8ad6876ba5bbd1e3e2c48023eb6807342fc4663adf549f38?s=96&d=mm&r=g","url":"https:\/\/secure.gravatar.com\/avatar\/df0c9a14567c056f8ad6876ba5bbd1e3e2c48023eb6807342fc4663adf549f38?s=96&d=mm&r=g","contentUrl":"https:\/\/secure.gravatar.com\/avatar\/df0c9a14567c056f8ad6876ba5bbd1e3e2c48023eb6807342fc4663adf549f38?s=96&d=mm&r=g","caption":"Farn\u00e9sio"},"sameAs":["https:\/\/quersaberpolitica.com.br"],"url":"https:\/\/blogdofarnesio.com.br\/?author=1"}]}},"_links":{"self":[{"href":"https:\/\/blogdofarnesio.com.br\/index.php?rest_route=\/wp\/v2\/posts\/186329","targetHints":{"allow":["GET"]}}],"collection":[{"href":"https:\/\/blogdofarnesio.com.br\/index.php?rest_route=\/wp\/v2\/posts"}],"about":[{"href":"https:\/\/blogdofarnesio.com.br\/index.php?rest_route=\/wp\/v2\/types\/post"}],"author":[{"embeddable":true,"href":"https:\/\/blogdofarnesio.com.br\/index.php?rest_route=\/wp\/v2\/users\/1"}],"replies":[{"embeddable":true,"href":"https:\/\/blogdofarnesio.com.br\/index.php?rest_route=%2Fwp%2Fv2%2Fcomments&post=186329"}],"version-history":[{"count":0,"href":"https:\/\/blogdofarnesio.com.br\/index.php?rest_route=\/wp\/v2\/posts\/186329\/revisions"}],"wp:featuredmedia":[{"embeddable":true,"href":"https:\/\/blogdofarnesio.com.br\/index.php?rest_route=\/wp\/v2\/media\/183041"}],"wp:attachment":[{"href":"https:\/\/blogdofarnesio.com.br\/index.php?rest_route=%2Fwp%2Fv2%2Fmedia&parent=186329"}],"wp:term":[{"taxonomy":"category","embeddable":true,"href":"https:\/\/blogdofarnesio.com.br\/index.php?rest_route=%2Fwp%2Fv2%2Fcategories&post=186329"},{"taxonomy":"post_tag","embeddable":true,"href":"https:\/\/blogdofarnesio.com.br\/index.php?rest_route=%2Fwp%2Fv2%2Ftags&post=186329"}],"curies":[{"name":"wp","href":"https:\/\/api.w.org\/{rel}","templated":true}]}}