{"id":186324,"date":"2018-01-16T10:02:52","date_gmt":"2018-01-16T13:02:52","guid":{"rendered":"http:\/\/quersaberpolitica.com.br\/2016\/?p=186324"},"modified":"2018-01-15T20:57:13","modified_gmt":"2018-01-15T23:57:13","slug":"seminario-internacinoal-aguas-pela-paz","status":"publish","type":"post","link":"https:\/\/blogdofarnesio.com.br\/2018\/01\/seminario-internacinoal-aguas-pela-paz\/","title":{"rendered":"SEMIN\u00c1RIO INTERNACIONAL \u00c1GUAS PELA PAZ"},"content":{"rendered":"<h1>Comit\u00eas de Bacia s\u00e3o exemplo para resolu\u00e7\u00e3o de conflitos<\/h1>\n<p>A \u00e1gua \u00e9 o mais b\u00e1sico dos direitos humanos e um elemento central para os assuntos globais, tendo implica\u00e7\u00f5es na paz e na seguran\u00e7a internacionais. Com essas premissas, o painel \u201c\u00c1gua: Gest\u00e3o de Territ\u00f3rios e Media\u00e7\u00e3o de Conflitos\u201d, foi um dos destaques do 2\u00ba Semin\u00e1rio Internacional \u00c1gua e Transdisciplinaridade, \u00c1guas pela Paz, na \u00faltima sexta-feira (12 de janeiro), em Bras\u00edlia (DF).<\/p>\n<p><img loading=\"lazy\" decoding=\"async\" class=\"wp-image-52308 size-full aligncenter\" src=\"http:\/\/cbhsaofrancisco.org.br\/2017\/\/box\/uploads\/2018\/01\/Anivaldo-semina%CC%81rio-2-e1516021266210.jpeg\" alt=\"\" width=\"700\" height=\"525\" \/>Um dos convidados para o debate, o presidente do Comit\u00ea da Bacia Hidrogr\u00e1fica do Rio S\u00e3o Francisco (CBHSF), Anivaldo Miranda, foi ovacionado pelos participantes ao falar sobre resolu\u00e7\u00e3o de conflitos. \u201cA melhor maneira de resolver conflitos \u00e9 evitando que eles aconte\u00e7am\u201d.<\/p>\n<p>Para tanto, Anivaldo explicou que \u00e9 necess\u00e1ria a aplica\u00e7\u00e3o da Lei N\u00ba 9.433, conhecida como Lei das \u00c1guas, que institui a Pol\u00edtica Nacional de Recursos H\u00eddricos. \u201cEsta \u00e9 seguramente a melhor lei j\u00e1 institu\u00edda no Brasil. A solu\u00e7\u00e3o para a resolu\u00e7\u00e3o de conflitos j\u00e1 est\u00e1 dada, est\u00e1 na lei, nela criamos uma estrutura de Comit\u00eas de Bacia, que s\u00e3o os espa\u00e7os da modernidade para criar os consensos\u201d, explicou o presidente do CBHSF.<\/p>\n<p>Anivaldo explicou aos participantes o funcionamento dos Comit\u00eas de Bacia e cobrou mais aten\u00e7\u00e3o do poder p\u00fablico com os espa\u00e7os. \u201cNos Comit\u00eas de Bacia est\u00e3o representados o poder p\u00fablico, os usu\u00e1rios da \u00e1gua e a sociedade civil, mas \u00e9 necess\u00e1rio mais responsabilidade por parte dos governantes na gest\u00e3o de recursos h\u00eddricos no Brasil\u201d, avaliou o presidente do CBHSF.<\/p>\n<p>Segundo o moderador do painel, Luiz Cl\u00e1udio Oliveira, do Instituto Espinha\u00e7o, o espa\u00e7o de debate foi pensado para apresentar aos participantes maneiras de integrar os interesses em torno da \u00e1gua, com resolu\u00e7\u00e3o n\u00e3o violenta dos conflitos, fortalecendo a cultura de paz.<\/p>\n<h4><strong>Palestrantes<\/strong><\/h4>\n<p>Luiz Oosterbeek, secret\u00e1rio-geral do Conselho Internacional de Filosofia e Ci\u00eancias Humanas em Portugal, participou do debate online, e explicou que a sustentabilidade dos territ\u00f3rios \u00e9 uma medida poss\u00edvel de se assegurar, especialmente no Brasil. \u201cA sustentabilidade \u00e9 um sistema, que \u00e9 mais f\u00e1cil de ser aplicado em pa\u00edses grandes como o Brasil\u201d.<\/p>\n<p>A subsecret\u00e1ria de Planejamento Ambiental e Monitoramento da Secretaria do Meio Ambiente do Distrito Federal, Maria S\u00edlvia Rossi, apresentou o projeto do Zoneamento Ecol\u00f3gico Econ\u00f4mico (ZEE) do DF como \u201ccase\u201d de resolu\u00e7\u00e3o de conflitos. \u201cPara prevenir e mediar conflitos \u00e9 imprescind\u00edvel conhecer o territ\u00f3rio\u201d, explicou a gestora.<\/p>\n<p>Oscar Rivas, fundador e membro da ONG Sobreviv\u00eancia, do Paraguai, falou sobre \u00e1gua e direitos humanos e fez uma abordagem sobre a perspectiva dos povos andinos. \u201cOs conflitos acontecem por causa do acesso aos bens comuns. O s\u00e9culo 21 \u00e9 o s\u00e9culo do direito \u00e0 natureza\u201d.<\/p>\n<p>Willliam Ury, cofundador do Programa de Negocia\u00e7\u00e3o de Harvard e especialista em media\u00e7\u00e3o de conflitos, participou online dos Estados Unidos, e falou sobre a habilidade de di\u00e1logo e a import\u00e2ncia de ouvir o outro para o alcance da resolu\u00e7\u00e3o sobre o tema. \u201cA \u00e1gua, ao inv\u00e9s de ser causa de guerras, pode ser a motiva\u00e7\u00e3o da paz\u201d, concluiu.<\/p>\n<h4><strong>Espiritualidade<\/strong><\/h4>\n<p>Os debates ao longo do semin\u00e1rio foram em torno de uma vis\u00e3o hol\u00edstica sobre a \u00e1gua e seus variados aspectos. A diversidade religiosa foi predominante do ambiente, com a participa\u00e7\u00e3o de lideran\u00e7as como o anfitri\u00e3o do semin\u00e1rio Sri Prem Baba; o secret\u00e1rio-geral da CNBB, Dom Leonardo Steiner; Monge Sato, monge budista pioneiro em di\u00e1logos inter-religiosos; o Babalorisa Ogun T\u00f2\u00f3rikpe, fundador da comunidade religiosa refer\u00eancia em desenvolvimento social, Il\u00e9 As\u00e9 Opo Osogunlade, entre outros.<\/p>\n<p>Sri Prem Baba disse, durante a palestra magna do encontro, que o aspecto subjetivo da \u00e1gua nem sempre \u00e9 levado em conta quando o assunto \u00e9 o desequil\u00edbrio do sistema h\u00eddrico. \u201c\u00c9 necess\u00e1rio fazermos uma mudan\u00e7a de cultura no trato com as \u00e1guas no mundo\u201d, acredita.<\/p>\n<h4><strong>Carta \u201d\u00c1gua pela Paz\u201d<\/strong><\/h4>\n<p>\u201cDevemos fluir como os rios que percorrem os caminhos assinalados pela M\u00e3e Terra e aprender a fluir como a \u00e1gua para saber caminhar com os ritmos e com os ciclos da vida\u201d, com os princ\u00edpios do bem viver dos Povos Origin\u00e1rios Andinos, foi introduzida a minuta da carta \u201c\u00c1gua pela Paz\u201d, documento que ser\u00e1 apresentado no F\u00f3rum Mundial da \u00c1gua e no F\u00f3rum Alternativo Mundial da \u00c1gua (FAMA).<\/p>\n<p>A carta \u00e9 uma s\u00edntese das contribui\u00e7\u00f5es do semin\u00e1rio, que aconteceu presencialmente nos dias 11 e 12\/01, e de uma consulta p\u00fablica online dispon\u00edvel nos dias 13 e 14 de janeiro para contribui\u00e7\u00f5es da sociedade civil.<\/p>\n<p>O documento elaborado inclui a promo\u00e7\u00e3o da capacita\u00e7\u00e3o de membros de\u00a0todos os comit\u00eas de bacias hidrogr\u00e1ficas e do sistema de gest\u00e3o de\u00a0recursos h\u00eddricos sobre resolu\u00e7\u00e3o de conflitos, gest\u00e3o\u00a0transdisciplinar da \u00e1gua e comunica\u00e7\u00e3o n\u00e3o-violenta.<\/p>\n<p>Tamb\u00e9m expressa a urg\u00eancia de aten\u00e7\u00e3o especial \u00e0 rela\u00e7\u00e3o humana com a \u00e1gua, em prol da emerg\u00eancia de uma cultura de paz, democracia e sustentabilidade, tendo a \u00e1gua como patrim\u00f4nio da vida planet\u00e1ria, necessidade de todos os seres vivos e direito inalien\u00e1vel das comunidades de vida.<\/p>\n<h4><strong>Acesse a carta<\/strong><\/h4>\n<div class=\"pretty-embed\" data-pe-videoid=\"xGQYFI-lkbI\" data-pe-fitvids=\"true\"><img loading=\"lazy\" decoding=\"async\" class=\"aligncenter\" src=\"http:\/\/img.youtube.com\/vi\/xGQYFI-lkbI\/maxresdefault.jpg\" alt=\"YouTube Video Preview\" width=\"722\" height=\"406\" \/><\/div>\n<h4><strong>F\u00f3rum Mundial da \u00c1gua<\/strong><\/h4>\n<p>Sediado pela primeira vez no Hemisf\u00e9rio Sul, o F\u00f3rum Mundial da \u00c1gua ser\u00e1 um espa\u00e7o de di\u00e1logo e interc\u00e2mbio de experi\u00eancias e boas pr\u00e1ticas relacionadas ao uso da \u00e1gua. O F\u00f3rum acontecer\u00e1 de 18 a 23 de mar\u00e7o, em Bras\u00edlia.<\/p>\n<h4><strong>F\u00f3rum Alternativo Mundial da \u00c1gua (FAMA 2018)<\/strong><\/h4>\n<p>O FAMA acontecer\u00e1 paralelamente ao F\u00f3rum Mundial da \u00c1gua e tem o objetivo de debater a \u00e1gua como direito humano.<\/p>\n<p>Por Priscila Atalla<\/p>\n","protected":false},"excerpt":{"rendered":"<p>Comit\u00eas de Bacia s\u00e3o exemplo para resolu\u00e7\u00e3o de conflitos A \u00e1gua \u00e9 o mais b\u00e1sico dos direitos humanos e um elemento central para os assuntos globais, tendo implica\u00e7\u00f5es na paz e na seguran\u00e7a internacionais. Com essas premissas, o painel \u201c\u00c1gua: Gest\u00e3o de Territ\u00f3rios e Media\u00e7\u00e3o de Conflitos\u201d, foi um dos destaques do 2\u00ba Semin\u00e1rio Internacional \u00c1gua e Transdisciplinaridade, \u00c1guas pela Paz, na \u00faltima sexta-feira (12 de janeiro), em Bras\u00edlia (DF). Um dos convidados para o debate, o presidente do Comit\u00ea da Bacia Hidrogr\u00e1fica do Rio S\u00e3o Francisco (CBHSF), Anivaldo Miranda, foi ovacionado pelos participantes ao falar sobre resolu\u00e7\u00e3o de conflitos. \u201cA melhor maneira de resolver conflitos \u00e9 evitando que eles aconte\u00e7am\u201d. Para tanto, Anivaldo explicou que \u00e9 necess\u00e1ria a aplica\u00e7\u00e3o&hellip; <\/p>\n","protected":false},"author":1,"featured_media":186325,"comment_status":"open","ping_status":"closed","sticky":false,"template":"","format":"standard","meta":{"_acf_changed":false,"footnotes":""},"categories":[56,29],"tags":[],"class_list":["post-186324","post","type-post","status-publish","format-standard","has-post-thumbnail","hentry","category-agua","category-meio-ambiente"],"acf":[],"yoast_head":"<!-- This site is optimized with the Yoast SEO plugin v27.5 - https:\/\/yoast.com\/product\/yoast-seo-wordpress\/ -->\n<title>SEMIN\u00c1RIO INTERNACIONAL \u00c1GUAS PELA PAZ - Blog do Farn\u00e9sio<\/title>\n<meta name=\"robots\" content=\"index, follow, max-snippet:-1, max-image-preview:large, max-video-preview:-1\" \/>\n<link rel=\"canonical\" href=\"https:\/\/blogdofarnesio.com.br\/2018\/01\/seminario-internacinoal-aguas-pela-paz\/\" \/>\n<meta property=\"og:locale\" content=\"pt_BR\" \/>\n<meta property=\"og:type\" content=\"article\" \/>\n<meta property=\"og:title\" content=\"SEMIN\u00c1RIO INTERNACIONAL \u00c1GUAS PELA PAZ - Blog do Farn\u00e9sio\" \/>\n<meta property=\"og:description\" content=\"Comit\u00eas de Bacia s\u00e3o exemplo para resolu\u00e7\u00e3o de conflitos A \u00e1gua \u00e9 o mais b\u00e1sico dos direitos humanos e um elemento central para os assuntos globais, tendo implica\u00e7\u00f5es na paz e na seguran\u00e7a internacionais. Com essas premissas, o painel \u201c\u00c1gua: Gest\u00e3o de Territ\u00f3rios e Media\u00e7\u00e3o de Conflitos\u201d, foi um dos destaques do 2\u00ba Semin\u00e1rio Internacional \u00c1gua e Transdisciplinaridade, \u00c1guas pela Paz, na \u00faltima sexta-feira (12 de janeiro), em Bras\u00edlia (DF). Um dos convidados para o debate, o presidente do Comit\u00ea da Bacia Hidrogr\u00e1fica do Rio S\u00e3o Francisco (CBHSF), Anivaldo Miranda, foi ovacionado pelos participantes ao falar sobre resolu\u00e7\u00e3o de conflitos. \u201cA melhor maneira de resolver conflitos \u00e9 evitando que eles aconte\u00e7am\u201d. Para tanto, Anivaldo explicou que \u00e9 necess\u00e1ria a aplica\u00e7\u00e3o&hellip;\" \/>\n<meta property=\"og:url\" content=\"https:\/\/blogdofarnesio.com.br\/2018\/01\/seminario-internacinoal-aguas-pela-paz\/\" \/>\n<meta property=\"og:site_name\" content=\"Blog do Farn\u00e9sio\" \/>\n<meta property=\"article:publisher\" content=\"https:\/\/www.facebook.com\/BlogQuerSaberPolitica\/\" \/>\n<meta property=\"article:published_time\" content=\"2018-01-16T13:02:52+00:00\" \/>\n<meta property=\"og:image\" content=\"https:\/\/blogdofarnesio.com.br\/wp-content\/uploads\/2018\/01\/blogqspcbhsfseminarioingteragua-e1516060464543.jpg\" \/>\n\t<meta property=\"og:image:width\" content=\"680\" \/>\n\t<meta property=\"og:image:height\" content=\"383\" \/>\n\t<meta property=\"og:image:type\" content=\"image\/jpeg\" \/>\n<meta name=\"author\" content=\"Farn\u00e9sio\" \/>\n<meta name=\"twitter:card\" content=\"summary_large_image\" \/>\n<meta name=\"twitter:label1\" content=\"Escrito por\" \/>\n\t<meta name=\"twitter:data1\" content=\"Farn\u00e9sio\" \/>\n\t<meta name=\"twitter:label2\" content=\"Est. tempo de leitura\" \/>\n\t<meta name=\"twitter:data2\" content=\"5 minutos\" \/>\n<script type=\"application\/ld+json\" class=\"yoast-schema-graph\">{\"@context\":\"https:\\\/\\\/schema.org\",\"@graph\":[{\"@type\":\"Article\",\"@id\":\"https:\\\/\\\/blogdofarnesio.com.br\\\/2018\\\/01\\\/seminario-internacinoal-aguas-pela-paz\\\/#article\",\"isPartOf\":{\"@id\":\"https:\\\/\\\/blogdofarnesio.com.br\\\/2018\\\/01\\\/seminario-internacinoal-aguas-pela-paz\\\/\"},\"author\":{\"name\":\"Farn\u00e9sio\",\"@id\":\"https:\\\/\\\/blogdofarnesio.com.br\\\/#\\\/schema\\\/person\\\/301c4acf522bccbfdb45af95b5b906a1\"},\"headline\":\"SEMIN\u00c1RIO INTERNACIONAL \u00c1GUAS PELA PAZ\",\"datePublished\":\"2018-01-16T13:02:52+00:00\",\"mainEntityOfPage\":{\"@id\":\"https:\\\/\\\/blogdofarnesio.com.br\\\/2018\\\/01\\\/seminario-internacinoal-aguas-pela-paz\\\/\"},\"wordCount\":973,\"commentCount\":0,\"publisher\":{\"@id\":\"https:\\\/\\\/blogdofarnesio.com.br\\\/#organization\"},\"image\":{\"@id\":\"https:\\\/\\\/blogdofarnesio.com.br\\\/2018\\\/01\\\/seminario-internacinoal-aguas-pela-paz\\\/#primaryimage\"},\"thumbnailUrl\":\"https:\\\/\\\/blogdofarnesio.com.br\\\/wp-content\\\/uploads\\\/2018\\\/01\\\/blogqspcbhsfseminarioingteragua-e1516060464543.jpg\",\"articleSection\":[\"\u00c1gua\",\"Meio Ambiente\"],\"inLanguage\":\"pt-BR\",\"potentialAction\":[{\"@type\":\"CommentAction\",\"name\":\"Comment\",\"target\":[\"https:\\\/\\\/blogdofarnesio.com.br\\\/2018\\\/01\\\/seminario-internacinoal-aguas-pela-paz\\\/#respond\"]}]},{\"@type\":\"WebPage\",\"@id\":\"https:\\\/\\\/blogdofarnesio.com.br\\\/2018\\\/01\\\/seminario-internacinoal-aguas-pela-paz\\\/\",\"url\":\"https:\\\/\\\/blogdofarnesio.com.br\\\/2018\\\/01\\\/seminario-internacinoal-aguas-pela-paz\\\/\",\"name\":\"SEMIN\u00c1RIO INTERNACIONAL \u00c1GUAS PELA PAZ - Blog do Farn\u00e9sio\",\"isPartOf\":{\"@id\":\"https:\\\/\\\/blogdofarnesio.com.br\\\/#website\"},\"primaryImageOfPage\":{\"@id\":\"https:\\\/\\\/blogdofarnesio.com.br\\\/2018\\\/01\\\/seminario-internacinoal-aguas-pela-paz\\\/#primaryimage\"},\"image\":{\"@id\":\"https:\\\/\\\/blogdofarnesio.com.br\\\/2018\\\/01\\\/seminario-internacinoal-aguas-pela-paz\\\/#primaryimage\"},\"thumbnailUrl\":\"https:\\\/\\\/blogdofarnesio.com.br\\\/wp-content\\\/uploads\\\/2018\\\/01\\\/blogqspcbhsfseminarioingteragua-e1516060464543.jpg\",\"datePublished\":\"2018-01-16T13:02:52+00:00\",\"breadcrumb\":{\"@id\":\"https:\\\/\\\/blogdofarnesio.com.br\\\/2018\\\/01\\\/seminario-internacinoal-aguas-pela-paz\\\/#breadcrumb\"},\"inLanguage\":\"pt-BR\",\"potentialAction\":[{\"@type\":\"ReadAction\",\"target\":[\"https:\\\/\\\/blogdofarnesio.com.br\\\/2018\\\/01\\\/seminario-internacinoal-aguas-pela-paz\\\/\"]}]},{\"@type\":\"ImageObject\",\"inLanguage\":\"pt-BR\",\"@id\":\"https:\\\/\\\/blogdofarnesio.com.br\\\/2018\\\/01\\\/seminario-internacinoal-aguas-pela-paz\\\/#primaryimage\",\"url\":\"https:\\\/\\\/blogdofarnesio.com.br\\\/wp-content\\\/uploads\\\/2018\\\/01\\\/blogqspcbhsfseminarioingteragua-e1516060464543.jpg\",\"contentUrl\":\"https:\\\/\\\/blogdofarnesio.com.br\\\/wp-content\\\/uploads\\\/2018\\\/01\\\/blogqspcbhsfseminarioingteragua-e1516060464543.jpg\",\"width\":680,\"height\":383},{\"@type\":\"BreadcrumbList\",\"@id\":\"https:\\\/\\\/blogdofarnesio.com.br\\\/2018\\\/01\\\/seminario-internacinoal-aguas-pela-paz\\\/#breadcrumb\",\"itemListElement\":[{\"@type\":\"ListItem\",\"position\":1,\"name\":\"In\u00edcio\",\"item\":\"https:\\\/\\\/blogdofarnesio.com.br\\\/\"},{\"@type\":\"ListItem\",\"position\":2,\"name\":\"SEMIN\u00c1RIO INTERNACIONAL \u00c1GUAS PELA PAZ\"}]},{\"@type\":\"WebSite\",\"@id\":\"https:\\\/\\\/blogdofarnesio.com.br\\\/#website\",\"url\":\"https:\\\/\\\/blogdofarnesio.com.br\\\/\",\"name\":\"Blog do Farn\u00e9sio\",\"description\":\"Quer Saber Pol\u00edtica?\",\"publisher\":{\"@id\":\"https:\\\/\\\/blogdofarnesio.com.br\\\/#organization\"},\"potentialAction\":[{\"@type\":\"SearchAction\",\"target\":{\"@type\":\"EntryPoint\",\"urlTemplate\":\"https:\\\/\\\/blogdofarnesio.com.br\\\/?s={search_term_string}\"},\"query-input\":{\"@type\":\"PropertyValueSpecification\",\"valueRequired\":true,\"valueName\":\"search_term_string\"}}],\"inLanguage\":\"pt-BR\"},{\"@type\":\"Organization\",\"@id\":\"https:\\\/\\\/blogdofarnesio.com.br\\\/#organization\",\"name\":\"Blog do Farn\u00e9sio\",\"url\":\"https:\\\/\\\/blogdofarnesio.com.br\\\/\",\"logo\":{\"@type\":\"ImageObject\",\"inLanguage\":\"pt-BR\",\"@id\":\"https:\\\/\\\/blogdofarnesio.com.br\\\/#\\\/schema\\\/logo\\\/image\\\/\",\"url\":\"https:\\\/\\\/blogdofarnesio.com.br\\\/wp-content\\\/uploads\\\/2026\\\/03\\\/cropped-logo_new-1.png\",\"contentUrl\":\"https:\\\/\\\/blogdofarnesio.com.br\\\/wp-content\\\/uploads\\\/2026\\\/03\\\/cropped-logo_new-1.png\",\"width\":881,\"height\":685,\"caption\":\"Blog do Farn\u00e9sio\"},\"image\":{\"@id\":\"https:\\\/\\\/blogdofarnesio.com.br\\\/#\\\/schema\\\/logo\\\/image\\\/\"},\"sameAs\":[\"https:\\\/\\\/www.facebook.com\\\/BlogQuerSaberPolitica\\\/\"]},{\"@type\":\"Person\",\"@id\":\"https:\\\/\\\/blogdofarnesio.com.br\\\/#\\\/schema\\\/person\\\/301c4acf522bccbfdb45af95b5b906a1\",\"name\":\"Farn\u00e9sio\",\"image\":{\"@type\":\"ImageObject\",\"inLanguage\":\"pt-BR\",\"@id\":\"https:\\\/\\\/secure.gravatar.com\\\/avatar\\\/df0c9a14567c056f8ad6876ba5bbd1e3e2c48023eb6807342fc4663adf549f38?s=96&d=mm&r=g\",\"url\":\"https:\\\/\\\/secure.gravatar.com\\\/avatar\\\/df0c9a14567c056f8ad6876ba5bbd1e3e2c48023eb6807342fc4663adf549f38?s=96&d=mm&r=g\",\"contentUrl\":\"https:\\\/\\\/secure.gravatar.com\\\/avatar\\\/df0c9a14567c056f8ad6876ba5bbd1e3e2c48023eb6807342fc4663adf549f38?s=96&d=mm&r=g\",\"caption\":\"Farn\u00e9sio\"},\"sameAs\":[\"https:\\\/\\\/quersaberpolitica.com.br\"],\"url\":\"https:\\\/\\\/blogdofarnesio.com.br\\\/author\\\/farnesio\\\/\"}]}<\/script>\n<!-- \/ Yoast SEO plugin. -->","yoast_head_json":{"title":"SEMIN\u00c1RIO INTERNACIONAL \u00c1GUAS PELA PAZ - Blog do Farn\u00e9sio","robots":{"index":"index","follow":"follow","max-snippet":"max-snippet:-1","max-image-preview":"max-image-preview:large","max-video-preview":"max-video-preview:-1"},"canonical":"https:\/\/blogdofarnesio.com.br\/2018\/01\/seminario-internacinoal-aguas-pela-paz\/","og_locale":"pt_BR","og_type":"article","og_title":"SEMIN\u00c1RIO INTERNACIONAL \u00c1GUAS PELA PAZ - Blog do Farn\u00e9sio","og_description":"Comit\u00eas de Bacia s\u00e3o exemplo para resolu\u00e7\u00e3o de conflitos A \u00e1gua \u00e9 o mais b\u00e1sico dos direitos humanos e um elemento central para os assuntos globais, tendo implica\u00e7\u00f5es na paz e na seguran\u00e7a internacionais. Com essas premissas, o painel \u201c\u00c1gua: Gest\u00e3o de Territ\u00f3rios e Media\u00e7\u00e3o de Conflitos\u201d, foi um dos destaques do 2\u00ba Semin\u00e1rio Internacional \u00c1gua e Transdisciplinaridade, \u00c1guas pela Paz, na \u00faltima sexta-feira (12 de janeiro), em Bras\u00edlia (DF). Um dos convidados para o debate, o presidente do Comit\u00ea da Bacia Hidrogr\u00e1fica do Rio S\u00e3o Francisco (CBHSF), Anivaldo Miranda, foi ovacionado pelos participantes ao falar sobre resolu\u00e7\u00e3o de conflitos. \u201cA melhor maneira de resolver conflitos \u00e9 evitando que eles aconte\u00e7am\u201d. Para tanto, Anivaldo explicou que \u00e9 necess\u00e1ria a aplica\u00e7\u00e3o&hellip;","og_url":"https:\/\/blogdofarnesio.com.br\/2018\/01\/seminario-internacinoal-aguas-pela-paz\/","og_site_name":"Blog do Farn\u00e9sio","article_publisher":"https:\/\/www.facebook.com\/BlogQuerSaberPolitica\/","article_published_time":"2018-01-16T13:02:52+00:00","og_image":[{"width":680,"height":383,"url":"https:\/\/blogdofarnesio.com.br\/wp-content\/uploads\/2018\/01\/blogqspcbhsfseminarioingteragua-e1516060464543.jpg","type":"image\/jpeg"}],"author":"Farn\u00e9sio","twitter_card":"summary_large_image","twitter_misc":{"Escrito por":"Farn\u00e9sio","Est. tempo de leitura":"5 minutos"},"schema":{"@context":"https:\/\/schema.org","@graph":[{"@type":"Article","@id":"https:\/\/blogdofarnesio.com.br\/2018\/01\/seminario-internacinoal-aguas-pela-paz\/#article","isPartOf":{"@id":"https:\/\/blogdofarnesio.com.br\/2018\/01\/seminario-internacinoal-aguas-pela-paz\/"},"author":{"name":"Farn\u00e9sio","@id":"https:\/\/blogdofarnesio.com.br\/#\/schema\/person\/301c4acf522bccbfdb45af95b5b906a1"},"headline":"SEMIN\u00c1RIO INTERNACIONAL \u00c1GUAS PELA PAZ","datePublished":"2018-01-16T13:02:52+00:00","mainEntityOfPage":{"@id":"https:\/\/blogdofarnesio.com.br\/2018\/01\/seminario-internacinoal-aguas-pela-paz\/"},"wordCount":973,"commentCount":0,"publisher":{"@id":"https:\/\/blogdofarnesio.com.br\/#organization"},"image":{"@id":"https:\/\/blogdofarnesio.com.br\/2018\/01\/seminario-internacinoal-aguas-pela-paz\/#primaryimage"},"thumbnailUrl":"https:\/\/blogdofarnesio.com.br\/wp-content\/uploads\/2018\/01\/blogqspcbhsfseminarioingteragua-e1516060464543.jpg","articleSection":["\u00c1gua","Meio Ambiente"],"inLanguage":"pt-BR","potentialAction":[{"@type":"CommentAction","name":"Comment","target":["https:\/\/blogdofarnesio.com.br\/2018\/01\/seminario-internacinoal-aguas-pela-paz\/#respond"]}]},{"@type":"WebPage","@id":"https:\/\/blogdofarnesio.com.br\/2018\/01\/seminario-internacinoal-aguas-pela-paz\/","url":"https:\/\/blogdofarnesio.com.br\/2018\/01\/seminario-internacinoal-aguas-pela-paz\/","name":"SEMIN\u00c1RIO INTERNACIONAL \u00c1GUAS PELA PAZ - Blog do Farn\u00e9sio","isPartOf":{"@id":"https:\/\/blogdofarnesio.com.br\/#website"},"primaryImageOfPage":{"@id":"https:\/\/blogdofarnesio.com.br\/2018\/01\/seminario-internacinoal-aguas-pela-paz\/#primaryimage"},"image":{"@id":"https:\/\/blogdofarnesio.com.br\/2018\/01\/seminario-internacinoal-aguas-pela-paz\/#primaryimage"},"thumbnailUrl":"https:\/\/blogdofarnesio.com.br\/wp-content\/uploads\/2018\/01\/blogqspcbhsfseminarioingteragua-e1516060464543.jpg","datePublished":"2018-01-16T13:02:52+00:00","breadcrumb":{"@id":"https:\/\/blogdofarnesio.com.br\/2018\/01\/seminario-internacinoal-aguas-pela-paz\/#breadcrumb"},"inLanguage":"pt-BR","potentialAction":[{"@type":"ReadAction","target":["https:\/\/blogdofarnesio.com.br\/2018\/01\/seminario-internacinoal-aguas-pela-paz\/"]}]},{"@type":"ImageObject","inLanguage":"pt-BR","@id":"https:\/\/blogdofarnesio.com.br\/2018\/01\/seminario-internacinoal-aguas-pela-paz\/#primaryimage","url":"https:\/\/blogdofarnesio.com.br\/wp-content\/uploads\/2018\/01\/blogqspcbhsfseminarioingteragua-e1516060464543.jpg","contentUrl":"https:\/\/blogdofarnesio.com.br\/wp-content\/uploads\/2018\/01\/blogqspcbhsfseminarioingteragua-e1516060464543.jpg","width":680,"height":383},{"@type":"BreadcrumbList","@id":"https:\/\/blogdofarnesio.com.br\/2018\/01\/seminario-internacinoal-aguas-pela-paz\/#breadcrumb","itemListElement":[{"@type":"ListItem","position":1,"name":"In\u00edcio","item":"https:\/\/blogdofarnesio.com.br\/"},{"@type":"ListItem","position":2,"name":"SEMIN\u00c1RIO INTERNACIONAL \u00c1GUAS PELA PAZ"}]},{"@type":"WebSite","@id":"https:\/\/blogdofarnesio.com.br\/#website","url":"https:\/\/blogdofarnesio.com.br\/","name":"Blog do Farn\u00e9sio","description":"Quer Saber Pol\u00edtica?","publisher":{"@id":"https:\/\/blogdofarnesio.com.br\/#organization"},"potentialAction":[{"@type":"SearchAction","target":{"@type":"EntryPoint","urlTemplate":"https:\/\/blogdofarnesio.com.br\/?s={search_term_string}"},"query-input":{"@type":"PropertyValueSpecification","valueRequired":true,"valueName":"search_term_string"}}],"inLanguage":"pt-BR"},{"@type":"Organization","@id":"https:\/\/blogdofarnesio.com.br\/#organization","name":"Blog do Farn\u00e9sio","url":"https:\/\/blogdofarnesio.com.br\/","logo":{"@type":"ImageObject","inLanguage":"pt-BR","@id":"https:\/\/blogdofarnesio.com.br\/#\/schema\/logo\/image\/","url":"https:\/\/blogdofarnesio.com.br\/wp-content\/uploads\/2026\/03\/cropped-logo_new-1.png","contentUrl":"https:\/\/blogdofarnesio.com.br\/wp-content\/uploads\/2026\/03\/cropped-logo_new-1.png","width":881,"height":685,"caption":"Blog do Farn\u00e9sio"},"image":{"@id":"https:\/\/blogdofarnesio.com.br\/#\/schema\/logo\/image\/"},"sameAs":["https:\/\/www.facebook.com\/BlogQuerSaberPolitica\/"]},{"@type":"Person","@id":"https:\/\/blogdofarnesio.com.br\/#\/schema\/person\/301c4acf522bccbfdb45af95b5b906a1","name":"Farn\u00e9sio","image":{"@type":"ImageObject","inLanguage":"pt-BR","@id":"https:\/\/secure.gravatar.com\/avatar\/df0c9a14567c056f8ad6876ba5bbd1e3e2c48023eb6807342fc4663adf549f38?s=96&d=mm&r=g","url":"https:\/\/secure.gravatar.com\/avatar\/df0c9a14567c056f8ad6876ba5bbd1e3e2c48023eb6807342fc4663adf549f38?s=96&d=mm&r=g","contentUrl":"https:\/\/secure.gravatar.com\/avatar\/df0c9a14567c056f8ad6876ba5bbd1e3e2c48023eb6807342fc4663adf549f38?s=96&d=mm&r=g","caption":"Farn\u00e9sio"},"sameAs":["https:\/\/quersaberpolitica.com.br"],"url":"https:\/\/blogdofarnesio.com.br\/author\/farnesio\/"}]}},"_links":{"self":[{"href":"https:\/\/blogdofarnesio.com.br\/wp-json\/wp\/v2\/posts\/186324","targetHints":{"allow":["GET"]}}],"collection":[{"href":"https:\/\/blogdofarnesio.com.br\/wp-json\/wp\/v2\/posts"}],"about":[{"href":"https:\/\/blogdofarnesio.com.br\/wp-json\/wp\/v2\/types\/post"}],"author":[{"embeddable":true,"href":"https:\/\/blogdofarnesio.com.br\/wp-json\/wp\/v2\/users\/1"}],"replies":[{"embeddable":true,"href":"https:\/\/blogdofarnesio.com.br\/wp-json\/wp\/v2\/comments?post=186324"}],"version-history":[{"count":0,"href":"https:\/\/blogdofarnesio.com.br\/wp-json\/wp\/v2\/posts\/186324\/revisions"}],"wp:featuredmedia":[{"embeddable":true,"href":"https:\/\/blogdofarnesio.com.br\/wp-json\/wp\/v2\/media\/186325"}],"wp:attachment":[{"href":"https:\/\/blogdofarnesio.com.br\/wp-json\/wp\/v2\/media?parent=186324"}],"wp:term":[{"taxonomy":"category","embeddable":true,"href":"https:\/\/blogdofarnesio.com.br\/wp-json\/wp\/v2\/categories?post=186324"},{"taxonomy":"post_tag","embeddable":true,"href":"https:\/\/blogdofarnesio.com.br\/wp-json\/wp\/v2\/tags?post=186324"}],"curies":[{"name":"wp","href":"https:\/\/api.w.org\/{rel}","templated":true}]}}