{"id":186310,"date":"2018-01-16T07:42:00","date_gmt":"2018-01-16T10:42:00","guid":{"rendered":"http:\/\/quersaberpolitica.com.br\/2016\/?p=186310"},"modified":"2018-01-15T20:30:24","modified_gmt":"2018-01-15T23:30:24","slug":"miguel-declara-guerra-governo-estadual-e-vai-abrir-licitacao-para-nova-empresa-de-agua-e-esgotos-e-tentar-tirar-compesa-de-petrolina","status":"publish","type":"post","link":"https:\/\/blogdofarnesio.com.br\/?p=186310","title":{"rendered":"MIGUEL DECLARA &#8220;GUERRA&#8221; GOVERNO ESTADUAL E VAI ABRIR LICITA\u00c7\u00c3O PARA NOVA EMPRESA DE \u00c1GUA E ESGOTOS E TENTAR TIRAR COMPESA DE PETROLINA"},"content":{"rendered":"<div>\n<div dir=\"ltr\">\n<div class=\"x_gmail-x_gmail_quote\" style=\"text-align: justify;\">Como\u00a0se n\u00e3o bastasse o pai e senador , Fernando Bezerra, dizer que o governo que outrora era bom e agora n\u00e3o presta, o filho e prefeito de Petrolina , Miguel Coelho, resolveu de vez abrir fogo contra o governo de Pernambuco.<\/div>\n<div class=\"x_gmail-x_gmail_quote\" style=\"text-align: justify;\">Dessa feita, sem pestanejar, o chefe do executivo municipal, vai abrir licita\u00e7\u00e3o para concess\u00e3o dos servi\u00e7os de \u00e1gua e esgoto da cidade.<br \/>\nMiguel alega, que as dificuldades apresentadas pela Compesa para gerenciar as redes de esgoto e abastecimento, j\u00e1 n\u00e3o cabem mais no munic\u00edpio. Por essa raz\u00e3o,\u00a0 \u00a0a Prefeitura de Petrolina,\u00a0 decidiu iniciar os procedimentos para uma nova concess\u00e3o desses servi\u00e7os.<\/div>\n<div class=\"x_gmail-x_gmail_quote\" style=\"text-align: justify;\">Miguel Coelho , em sua primeira investida contra a COMPESA, publicou um edital, na semana passada, convidando\u00a0 institui\u00e7\u00f5es p\u00fablicas e\u00a0 privadas do setor, para realiza\u00e7\u00e3o de estudos t\u00e9cnicos\u00a0 sobre esgotamento e fornecimento de \u00e1gua.<\/div>\n<div class=\"x_gmail-x_gmail_quote\" style=\"text-align: justify;\">A inten\u00e7\u00e3o da Prefeitura \u00e9 definir\u00a0 um plano municipal de saneamento e abastecimento para Petrolina.Uma afronta, em plena pr\u00e9 campanha eleitoral, aonde o alvo a ser atingido \u00e9 o governador Paulo C\u00e2mara, para que Fernando Bezerra Coelho e pr\u00e9 candidato ao governo do estado, possa sair como o benfeitor da situa\u00e7\u00e3o. Estrat\u00e9gia.<\/div>\n<div style=\"text-align: justify;\">Miguel, em palavras que lembram um discurso de com\u00edcio, disse que quer apenas garantir\u00a0 o servi\u00e7o de qualidade ao petrolinense. No entanto , nitidamente\u00a0 se percebe que o alvo \u00e9 outro.<\/div>\n<div class=\"x_gmail-x_gmail_quote\" style=\"text-align: justify;\">\n<p>\u201cO petrolinense \u00e9 exigente, n\u00e3o tolera servi\u00e7o de baixa qualidade. Eu sempre disse que n\u00e3o me omitiria de enfrentar essa quest\u00e3o, seja cobrando resultados, buscando investimentos em Bras\u00edlia como fizemos ou optando pela decis\u00e3o de buscar um novo caminho. Queremos apenas garantir o servi\u00e7o de qualidade, por isso, a nova concession\u00e1ria ter\u00e1 de fazer o saneamento em bairros que vivem com o esgoto na porta e expandir o abastecimento\u201d, explica o prefeito Miguel Coelho.Apressado<\/p>\n<\/div>\n<div class=\"x_gmail-x_gmail_quote\" style=\"text-align: justify;\">Depois de definir o plano municipal para \u00e1gua e esgoto, a Prefeitura de Petrolina abrir\u00e1 uma concorr\u00eancia p\u00fablica para a concess\u00e3o desses servi\u00e7os. A expectativa \u00e9 de que em agosto o edital seja publicado com todas as exig\u00eancias e metas para as empresas interessadas.<\/div>\n<div style=\"text-align: justify;\"><\/div>\n<div class=\"x_gmail-x_gmail_quote\" style=\"text-align: justify;\">Duas conversas que n\u00e3o batem<\/div>\n<div style=\"text-align: justify;\"><\/div>\n<div class=\"x_gmail-x_gmail_quote\" style=\"text-align: justify;\">\u201cDesde o come\u00e7o do ano, tentamos uma solu\u00e7\u00e3o pelo di\u00e1logo. Reuni-me diversas vezes com os diretores da Compesa. Reconhecemos que no come\u00e7o houve melhoria ( enquanto era governo), mas depois a situa\u00e7\u00e3o voltou a ser de insatisfa\u00e7\u00e3o de toda a popula\u00e7\u00e3o ( sa\u00edda do governo)\u201d, e continuou..<\/div>\n<div class=\"x_gmail-x_gmail_quote\" style=\"text-align: justify;\">\u201c\u00c9 inadmiss\u00edvel que a cidade fique sem \u00e1gua por semanas, como ocorreu recentemente, ou sem as obras de saneamento que tiveram ordem de servi\u00e7o assinada em junho. Por isso, decidimos por abrir um novo processo licitat\u00f3rio\u201d,\u00a0 tentou justificar o prefeito.<\/div>\n<div class=\"x_gmail-x_gmail_quote\" style=\"text-align: justify;\"><\/div>\n<div class=\"x_gmail-x_gmail_quote\" style=\"text-align: justify;\"><strong>Como ser\u00e1 as etapas da nova concess\u00e3o?<\/strong><\/div>\n<div class=\"x_gmail-x_gmail_quote\" style=\"text-align: justify;\"><b><br \/>\n<\/b>1 \u2013 At\u00e9 o final de janeiro, abertura para cadastro de institui\u00e7\u00f5es p\u00fablicas ou privadas para formula\u00e7\u00e3o de estudos sobre a abastecimento e saneamento de Petrolina;2 \u2013\u00a0 As institui\u00e7\u00f5es cadastradas ter\u00e3o 90 dias para realizarem os estudos de viabilidade e projetos (sem custos para a Prefeitura). Essas propostas devem apresentar os problemas e solu\u00e7\u00f5es para esgoto e \u00e1gua na cidade, al\u00e9m de custos e tarifas para operar o servi\u00e7o em Petrolina;3 \u2013 Em maio, a Prefeitura analisar\u00e1 os estudos para definir um plano de \u00e1gua e esgoto para a cidade;<\/p>\n<p>4 \u2013 Em junho, ser\u00e1 lan\u00e7ado o edital p\u00fablico para as institui\u00e7\u00f5es concorrerem \u00e0 concess\u00e3o de \u00e1gua e esgoto em Petrolina;<\/p>\n<p>5 \u2013 caso o processo licitat\u00f3rio n\u00e3o sofra interfer\u00eancias, como recursos entre outros processos, at\u00e9 novembro ser\u00e1 conhecida a concession\u00e1ria de \u00e1gua e esgoto de Petrolina;<\/p>\n<p>6 \u2013 Anunciada a vencedora da concorr\u00eancia, ainda em novembro, a nova concession\u00e1ria deve come\u00e7ar a operar os servi\u00e7os.<\/p>\n<\/div>\n<\/div>\n<div style=\"text-align: justify;\">\n<div class=\"x_gmail-x_gmail_quote\">Como se n\u00e3o bastasse o pai e senador , Fernando Bezerra, dizer que o governo que outrora era bom e agora n\u00e3o presta, o filho e prefeito de Petrolina , Miguel Coelho, resolveu de vez abrir fogo contra o governo de Pernambuco.<\/div>\n<div class=\"x_gmail-x_gmail_quote\">Dessa feita, sem pestanejar, o chefe do executivo municipal, vai abrir licita\u00e7\u00e3o para concess\u00e3o dos servi\u00e7os de \u00e1gua e esgoto da cidade. Guerra \u00e9 guerra!<\/div>\n<\/div>\n<div style=\"text-align: justify;\"><\/div>\n<\/div>\n<div>\n<div class=\"x_gmail_signature\">\n<div dir=\"ltr\">\n<div>\n<div dir=\"ltr\">\n<div style=\"text-align: justify;\"><span style=\"color: #666666; font-family: 'Franklin Gothic Medium'; font-size: medium;\">Cauby Fernandes<\/span><\/div>\n<\/div>\n<\/div>\n<\/div>\n<\/div>\n<\/div>\n","protected":false},"excerpt":{"rendered":"<p>Como\u00a0se n\u00e3o bastasse o pai e senador , Fernando Bezerra, dizer que o governo que outrora era bom e agora n\u00e3o presta, o filho e prefeito de Petrolina , Miguel Coelho, resolveu de vez abrir fogo contra o governo de Pernambuco. Dessa feita, sem pestanejar, o chefe do executivo municipal, vai abrir licita\u00e7\u00e3o para concess\u00e3o dos servi\u00e7os de \u00e1gua e esgoto da cidade. Miguel alega, que as dificuldades apresentadas pela Compesa para gerenciar as redes de esgoto e abastecimento, j\u00e1 n\u00e3o cabem mais no munic\u00edpio. Por essa raz\u00e3o,\u00a0 \u00a0a Prefeitura de Petrolina,\u00a0 decidiu iniciar os procedimentos para uma nova concess\u00e3o desses servi\u00e7os. Miguel Coelho , em sua primeira investida contra a COMPESA, publicou um edital, na semana passada, convidando\u00a0 institui\u00e7\u00f5es&hellip; <\/p>\n","protected":false},"author":1,"featured_media":186311,"comment_status":"open","ping_status":"closed","sticky":false,"template":"","format":"standard","meta":{"_acf_changed":false,"footnotes":""},"categories":[30],"tags":[],"class_list":["post-186310","post","type-post","status-publish","format-standard","has-post-thumbnail","hentry","category-artigo"],"acf":[],"yoast_head":"<!-- This site is optimized with the Yoast SEO plugin v27.4 - https:\/\/yoast.com\/product\/yoast-seo-wordpress\/ -->\n<title>MIGUEL DECLARA &quot;GUERRA&quot; GOVERNO ESTADUAL E VAI ABRIR LICITA\u00c7\u00c3O PARA NOVA EMPRESA DE \u00c1GUA E ESGOTOS E TENTAR TIRAR COMPESA DE PETROLINA - Blog do Farn\u00e9sio<\/title>\n<meta name=\"robots\" content=\"index, follow, max-snippet:-1, max-image-preview:large, max-video-preview:-1\" \/>\n<link rel=\"canonical\" href=\"https:\/\/blogdofarnesio.com.br\/?p=186310\" \/>\n<meta property=\"og:locale\" content=\"pt_BR\" \/>\n<meta property=\"og:type\" content=\"article\" \/>\n<meta property=\"og:title\" content=\"MIGUEL DECLARA &quot;GUERRA&quot; GOVERNO ESTADUAL E VAI ABRIR LICITA\u00c7\u00c3O PARA NOVA EMPRESA DE \u00c1GUA E ESGOTOS E TENTAR TIRAR COMPESA DE PETROLINA - Blog do Farn\u00e9sio\" \/>\n<meta property=\"og:description\" content=\"Como\u00a0se n\u00e3o bastasse o pai e senador , Fernando Bezerra, dizer que o governo que outrora era bom e agora n\u00e3o presta, o filho e prefeito de Petrolina , Miguel Coelho, resolveu de vez abrir fogo contra o governo de Pernambuco. Dessa feita, sem pestanejar, o chefe do executivo municipal, vai abrir licita\u00e7\u00e3o para concess\u00e3o dos servi\u00e7os de \u00e1gua e esgoto da cidade. Miguel alega, que as dificuldades apresentadas pela Compesa para gerenciar as redes de esgoto e abastecimento, j\u00e1 n\u00e3o cabem mais no munic\u00edpio. Por essa raz\u00e3o,\u00a0 \u00a0a Prefeitura de Petrolina,\u00a0 decidiu iniciar os procedimentos para uma nova concess\u00e3o desses servi\u00e7os. Miguel Coelho , em sua primeira investida contra a COMPESA, publicou um edital, na semana passada, convidando\u00a0 institui\u00e7\u00f5es&hellip;\" \/>\n<meta property=\"og:url\" content=\"https:\/\/blogdofarnesio.com.br\/?p=186310\" \/>\n<meta property=\"og:site_name\" content=\"Blog do Farn\u00e9sio\" \/>\n<meta property=\"article:publisher\" content=\"https:\/\/www.facebook.com\/BlogQuerSaberPolitica\/\" \/>\n<meta property=\"article:published_time\" content=\"2018-01-16T10:42:00+00:00\" \/>\n<meta property=\"og:image\" content=\"https:\/\/blogdofarnesio.com.br\/wp-content\/uploads\/2018\/01\/blogqsp-miguel-paulo-fernando.jpg\" \/>\n\t<meta property=\"og:image:width\" content=\"640\" \/>\n\t<meta property=\"og:image:height\" content=\"480\" \/>\n\t<meta property=\"og:image:type\" content=\"image\/jpeg\" \/>\n<meta name=\"author\" content=\"Farn\u00e9sio\" \/>\n<meta name=\"twitter:card\" content=\"summary_large_image\" \/>\n<meta name=\"twitter:label1\" content=\"Escrito por\" \/>\n\t<meta name=\"twitter:data1\" content=\"Farn\u00e9sio\" \/>\n\t<meta name=\"twitter:label2\" content=\"Est. tempo de leitura\" \/>\n\t<meta name=\"twitter:data2\" content=\"4 minutos\" \/>\n<script type=\"application\/ld+json\" class=\"yoast-schema-graph\">{\"@context\":\"https:\\\/\\\/schema.org\",\"@graph\":[{\"@type\":\"Article\",\"@id\":\"https:\\\/\\\/blogdofarnesio.com.br\\\/?p=186310#article\",\"isPartOf\":{\"@id\":\"https:\\\/\\\/blogdofarnesio.com.br\\\/?p=186310\"},\"author\":{\"name\":\"Farn\u00e9sio\",\"@id\":\"https:\\\/\\\/blogdofarnesio.com.br\\\/#\\\/schema\\\/person\\\/301c4acf522bccbfdb45af95b5b906a1\"},\"headline\":\"MIGUEL DECLARA &#8220;GUERRA&#8221; GOVERNO ESTADUAL E VAI ABRIR LICITA\u00c7\u00c3O PARA NOVA EMPRESA DE \u00c1GUA E ESGOTOS E TENTAR TIRAR COMPESA DE PETROLINA\",\"datePublished\":\"2018-01-16T10:42:00+00:00\",\"mainEntityOfPage\":{\"@id\":\"https:\\\/\\\/blogdofarnesio.com.br\\\/?p=186310\"},\"wordCount\":731,\"commentCount\":0,\"publisher\":{\"@id\":\"https:\\\/\\\/blogdofarnesio.com.br\\\/#organization\"},\"image\":{\"@id\":\"https:\\\/\\\/blogdofarnesio.com.br\\\/?p=186310#primaryimage\"},\"thumbnailUrl\":\"https:\\\/\\\/blogdofarnesio.com.br\\\/wp-content\\\/uploads\\\/2018\\\/01\\\/blogqsp-miguel-paulo-fernando.jpg\",\"articleSection\":[\"Artigo\"],\"inLanguage\":\"pt-BR\",\"potentialAction\":[{\"@type\":\"CommentAction\",\"name\":\"Comment\",\"target\":[\"https:\\\/\\\/blogdofarnesio.com.br\\\/?p=186310#respond\"]}]},{\"@type\":\"WebPage\",\"@id\":\"https:\\\/\\\/blogdofarnesio.com.br\\\/?p=186310\",\"url\":\"https:\\\/\\\/blogdofarnesio.com.br\\\/?p=186310\",\"name\":\"MIGUEL DECLARA \\\"GUERRA\\\" GOVERNO ESTADUAL E VAI ABRIR LICITA\u00c7\u00c3O PARA NOVA EMPRESA DE \u00c1GUA E ESGOTOS E TENTAR TIRAR COMPESA DE PETROLINA - Blog do Farn\u00e9sio\",\"isPartOf\":{\"@id\":\"https:\\\/\\\/blogdofarnesio.com.br\\\/#website\"},\"primaryImageOfPage\":{\"@id\":\"https:\\\/\\\/blogdofarnesio.com.br\\\/?p=186310#primaryimage\"},\"image\":{\"@id\":\"https:\\\/\\\/blogdofarnesio.com.br\\\/?p=186310#primaryimage\"},\"thumbnailUrl\":\"https:\\\/\\\/blogdofarnesio.com.br\\\/wp-content\\\/uploads\\\/2018\\\/01\\\/blogqsp-miguel-paulo-fernando.jpg\",\"datePublished\":\"2018-01-16T10:42:00+00:00\",\"breadcrumb\":{\"@id\":\"https:\\\/\\\/blogdofarnesio.com.br\\\/?p=186310#breadcrumb\"},\"inLanguage\":\"pt-BR\",\"potentialAction\":[{\"@type\":\"ReadAction\",\"target\":[\"https:\\\/\\\/blogdofarnesio.com.br\\\/?p=186310\"]}]},{\"@type\":\"ImageObject\",\"inLanguage\":\"pt-BR\",\"@id\":\"https:\\\/\\\/blogdofarnesio.com.br\\\/?p=186310#primaryimage\",\"url\":\"https:\\\/\\\/blogdofarnesio.com.br\\\/wp-content\\\/uploads\\\/2018\\\/01\\\/blogqsp-miguel-paulo-fernando.jpg\",\"contentUrl\":\"https:\\\/\\\/blogdofarnesio.com.br\\\/wp-content\\\/uploads\\\/2018\\\/01\\\/blogqsp-miguel-paulo-fernando.jpg\",\"width\":640,\"height\":480},{\"@type\":\"BreadcrumbList\",\"@id\":\"https:\\\/\\\/blogdofarnesio.com.br\\\/?p=186310#breadcrumb\",\"itemListElement\":[{\"@type\":\"ListItem\",\"position\":1,\"name\":\"In\u00edcio\",\"item\":\"https:\\\/\\\/blogdofarnesio.com.br\\\/\"},{\"@type\":\"ListItem\",\"position\":2,\"name\":\"MIGUEL DECLARA &#8220;GUERRA&#8221; GOVERNO ESTADUAL E VAI ABRIR LICITA\u00c7\u00c3O PARA NOVA EMPRESA DE \u00c1GUA E ESGOTOS E TENTAR TIRAR COMPESA DE PETROLINA\"}]},{\"@type\":\"WebSite\",\"@id\":\"https:\\\/\\\/blogdofarnesio.com.br\\\/#website\",\"url\":\"https:\\\/\\\/blogdofarnesio.com.br\\\/\",\"name\":\"Blog do Farn\u00e9sio\",\"description\":\"Quer Saber Pol\u00edtica?\",\"publisher\":{\"@id\":\"https:\\\/\\\/blogdofarnesio.com.br\\\/#organization\"},\"potentialAction\":[{\"@type\":\"SearchAction\",\"target\":{\"@type\":\"EntryPoint\",\"urlTemplate\":\"https:\\\/\\\/blogdofarnesio.com.br\\\/?s={search_term_string}\"},\"query-input\":{\"@type\":\"PropertyValueSpecification\",\"valueRequired\":true,\"valueName\":\"search_term_string\"}}],\"inLanguage\":\"pt-BR\"},{\"@type\":\"Organization\",\"@id\":\"https:\\\/\\\/blogdofarnesio.com.br\\\/#organization\",\"name\":\"Blog do Farn\u00e9sio\",\"url\":\"https:\\\/\\\/blogdofarnesio.com.br\\\/\",\"logo\":{\"@type\":\"ImageObject\",\"inLanguage\":\"pt-BR\",\"@id\":\"https:\\\/\\\/blogdofarnesio.com.br\\\/#\\\/schema\\\/logo\\\/image\\\/\",\"url\":\"https:\\\/\\\/blogdofarnesio.com.br\\\/wp-content\\\/uploads\\\/2026\\\/03\\\/cropped-logo_new-1.png\",\"contentUrl\":\"https:\\\/\\\/blogdofarnesio.com.br\\\/wp-content\\\/uploads\\\/2026\\\/03\\\/cropped-logo_new-1.png\",\"width\":881,\"height\":685,\"caption\":\"Blog do Farn\u00e9sio\"},\"image\":{\"@id\":\"https:\\\/\\\/blogdofarnesio.com.br\\\/#\\\/schema\\\/logo\\\/image\\\/\"},\"sameAs\":[\"https:\\\/\\\/www.facebook.com\\\/BlogQuerSaberPolitica\\\/\"]},{\"@type\":\"Person\",\"@id\":\"https:\\\/\\\/blogdofarnesio.com.br\\\/#\\\/schema\\\/person\\\/301c4acf522bccbfdb45af95b5b906a1\",\"name\":\"Farn\u00e9sio\",\"image\":{\"@type\":\"ImageObject\",\"inLanguage\":\"pt-BR\",\"@id\":\"https:\\\/\\\/secure.gravatar.com\\\/avatar\\\/df0c9a14567c056f8ad6876ba5bbd1e3e2c48023eb6807342fc4663adf549f38?s=96&d=mm&r=g\",\"url\":\"https:\\\/\\\/secure.gravatar.com\\\/avatar\\\/df0c9a14567c056f8ad6876ba5bbd1e3e2c48023eb6807342fc4663adf549f38?s=96&d=mm&r=g\",\"contentUrl\":\"https:\\\/\\\/secure.gravatar.com\\\/avatar\\\/df0c9a14567c056f8ad6876ba5bbd1e3e2c48023eb6807342fc4663adf549f38?s=96&d=mm&r=g\",\"caption\":\"Farn\u00e9sio\"},\"sameAs\":[\"https:\\\/\\\/quersaberpolitica.com.br\"],\"url\":\"https:\\\/\\\/blogdofarnesio.com.br\\\/?author=1\"}]}<\/script>\n<!-- \/ Yoast SEO plugin. -->","yoast_head_json":{"title":"MIGUEL DECLARA \"GUERRA\" GOVERNO ESTADUAL E VAI ABRIR LICITA\u00c7\u00c3O PARA NOVA EMPRESA DE \u00c1GUA E ESGOTOS E TENTAR TIRAR COMPESA DE PETROLINA - Blog do Farn\u00e9sio","robots":{"index":"index","follow":"follow","max-snippet":"max-snippet:-1","max-image-preview":"max-image-preview:large","max-video-preview":"max-video-preview:-1"},"canonical":"https:\/\/blogdofarnesio.com.br\/?p=186310","og_locale":"pt_BR","og_type":"article","og_title":"MIGUEL DECLARA \"GUERRA\" GOVERNO ESTADUAL E VAI ABRIR LICITA\u00c7\u00c3O PARA NOVA EMPRESA DE \u00c1GUA E ESGOTOS E TENTAR TIRAR COMPESA DE PETROLINA - Blog do Farn\u00e9sio","og_description":"Como\u00a0se n\u00e3o bastasse o pai e senador , Fernando Bezerra, dizer que o governo que outrora era bom e agora n\u00e3o presta, o filho e prefeito de Petrolina , Miguel Coelho, resolveu de vez abrir fogo contra o governo de Pernambuco. Dessa feita, sem pestanejar, o chefe do executivo municipal, vai abrir licita\u00e7\u00e3o para concess\u00e3o dos servi\u00e7os de \u00e1gua e esgoto da cidade. Miguel alega, que as dificuldades apresentadas pela Compesa para gerenciar as redes de esgoto e abastecimento, j\u00e1 n\u00e3o cabem mais no munic\u00edpio. Por essa raz\u00e3o,\u00a0 \u00a0a Prefeitura de Petrolina,\u00a0 decidiu iniciar os procedimentos para uma nova concess\u00e3o desses servi\u00e7os. Miguel Coelho , em sua primeira investida contra a COMPESA, publicou um edital, na semana passada, convidando\u00a0 institui\u00e7\u00f5es&hellip;","og_url":"https:\/\/blogdofarnesio.com.br\/?p=186310","og_site_name":"Blog do Farn\u00e9sio","article_publisher":"https:\/\/www.facebook.com\/BlogQuerSaberPolitica\/","article_published_time":"2018-01-16T10:42:00+00:00","og_image":[{"width":640,"height":480,"url":"https:\/\/blogdofarnesio.com.br\/wp-content\/uploads\/2018\/01\/blogqsp-miguel-paulo-fernando.jpg","type":"image\/jpeg"}],"author":"Farn\u00e9sio","twitter_card":"summary_large_image","twitter_misc":{"Escrito por":"Farn\u00e9sio","Est. tempo de leitura":"4 minutos"},"schema":{"@context":"https:\/\/schema.org","@graph":[{"@type":"Article","@id":"https:\/\/blogdofarnesio.com.br\/?p=186310#article","isPartOf":{"@id":"https:\/\/blogdofarnesio.com.br\/?p=186310"},"author":{"name":"Farn\u00e9sio","@id":"https:\/\/blogdofarnesio.com.br\/#\/schema\/person\/301c4acf522bccbfdb45af95b5b906a1"},"headline":"MIGUEL DECLARA &#8220;GUERRA&#8221; GOVERNO ESTADUAL E VAI ABRIR LICITA\u00c7\u00c3O PARA NOVA EMPRESA DE \u00c1GUA E ESGOTOS E TENTAR TIRAR COMPESA DE PETROLINA","datePublished":"2018-01-16T10:42:00+00:00","mainEntityOfPage":{"@id":"https:\/\/blogdofarnesio.com.br\/?p=186310"},"wordCount":731,"commentCount":0,"publisher":{"@id":"https:\/\/blogdofarnesio.com.br\/#organization"},"image":{"@id":"https:\/\/blogdofarnesio.com.br\/?p=186310#primaryimage"},"thumbnailUrl":"https:\/\/blogdofarnesio.com.br\/wp-content\/uploads\/2018\/01\/blogqsp-miguel-paulo-fernando.jpg","articleSection":["Artigo"],"inLanguage":"pt-BR","potentialAction":[{"@type":"CommentAction","name":"Comment","target":["https:\/\/blogdofarnesio.com.br\/?p=186310#respond"]}]},{"@type":"WebPage","@id":"https:\/\/blogdofarnesio.com.br\/?p=186310","url":"https:\/\/blogdofarnesio.com.br\/?p=186310","name":"MIGUEL DECLARA \"GUERRA\" GOVERNO ESTADUAL E VAI ABRIR LICITA\u00c7\u00c3O PARA NOVA EMPRESA DE \u00c1GUA E ESGOTOS E TENTAR TIRAR COMPESA DE PETROLINA - Blog do Farn\u00e9sio","isPartOf":{"@id":"https:\/\/blogdofarnesio.com.br\/#website"},"primaryImageOfPage":{"@id":"https:\/\/blogdofarnesio.com.br\/?p=186310#primaryimage"},"image":{"@id":"https:\/\/blogdofarnesio.com.br\/?p=186310#primaryimage"},"thumbnailUrl":"https:\/\/blogdofarnesio.com.br\/wp-content\/uploads\/2018\/01\/blogqsp-miguel-paulo-fernando.jpg","datePublished":"2018-01-16T10:42:00+00:00","breadcrumb":{"@id":"https:\/\/blogdofarnesio.com.br\/?p=186310#breadcrumb"},"inLanguage":"pt-BR","potentialAction":[{"@type":"ReadAction","target":["https:\/\/blogdofarnesio.com.br\/?p=186310"]}]},{"@type":"ImageObject","inLanguage":"pt-BR","@id":"https:\/\/blogdofarnesio.com.br\/?p=186310#primaryimage","url":"https:\/\/blogdofarnesio.com.br\/wp-content\/uploads\/2018\/01\/blogqsp-miguel-paulo-fernando.jpg","contentUrl":"https:\/\/blogdofarnesio.com.br\/wp-content\/uploads\/2018\/01\/blogqsp-miguel-paulo-fernando.jpg","width":640,"height":480},{"@type":"BreadcrumbList","@id":"https:\/\/blogdofarnesio.com.br\/?p=186310#breadcrumb","itemListElement":[{"@type":"ListItem","position":1,"name":"In\u00edcio","item":"https:\/\/blogdofarnesio.com.br\/"},{"@type":"ListItem","position":2,"name":"MIGUEL DECLARA &#8220;GUERRA&#8221; GOVERNO ESTADUAL E VAI ABRIR LICITA\u00c7\u00c3O PARA NOVA EMPRESA DE \u00c1GUA E ESGOTOS E TENTAR TIRAR COMPESA DE PETROLINA"}]},{"@type":"WebSite","@id":"https:\/\/blogdofarnesio.com.br\/#website","url":"https:\/\/blogdofarnesio.com.br\/","name":"Blog do Farn\u00e9sio","description":"Quer Saber Pol\u00edtica?","publisher":{"@id":"https:\/\/blogdofarnesio.com.br\/#organization"},"potentialAction":[{"@type":"SearchAction","target":{"@type":"EntryPoint","urlTemplate":"https:\/\/blogdofarnesio.com.br\/?s={search_term_string}"},"query-input":{"@type":"PropertyValueSpecification","valueRequired":true,"valueName":"search_term_string"}}],"inLanguage":"pt-BR"},{"@type":"Organization","@id":"https:\/\/blogdofarnesio.com.br\/#organization","name":"Blog do Farn\u00e9sio","url":"https:\/\/blogdofarnesio.com.br\/","logo":{"@type":"ImageObject","inLanguage":"pt-BR","@id":"https:\/\/blogdofarnesio.com.br\/#\/schema\/logo\/image\/","url":"https:\/\/blogdofarnesio.com.br\/wp-content\/uploads\/2026\/03\/cropped-logo_new-1.png","contentUrl":"https:\/\/blogdofarnesio.com.br\/wp-content\/uploads\/2026\/03\/cropped-logo_new-1.png","width":881,"height":685,"caption":"Blog do Farn\u00e9sio"},"image":{"@id":"https:\/\/blogdofarnesio.com.br\/#\/schema\/logo\/image\/"},"sameAs":["https:\/\/www.facebook.com\/BlogQuerSaberPolitica\/"]},{"@type":"Person","@id":"https:\/\/blogdofarnesio.com.br\/#\/schema\/person\/301c4acf522bccbfdb45af95b5b906a1","name":"Farn\u00e9sio","image":{"@type":"ImageObject","inLanguage":"pt-BR","@id":"https:\/\/secure.gravatar.com\/avatar\/df0c9a14567c056f8ad6876ba5bbd1e3e2c48023eb6807342fc4663adf549f38?s=96&d=mm&r=g","url":"https:\/\/secure.gravatar.com\/avatar\/df0c9a14567c056f8ad6876ba5bbd1e3e2c48023eb6807342fc4663adf549f38?s=96&d=mm&r=g","contentUrl":"https:\/\/secure.gravatar.com\/avatar\/df0c9a14567c056f8ad6876ba5bbd1e3e2c48023eb6807342fc4663adf549f38?s=96&d=mm&r=g","caption":"Farn\u00e9sio"},"sameAs":["https:\/\/quersaberpolitica.com.br"],"url":"https:\/\/blogdofarnesio.com.br\/?author=1"}]}},"_links":{"self":[{"href":"https:\/\/blogdofarnesio.com.br\/index.php?rest_route=\/wp\/v2\/posts\/186310","targetHints":{"allow":["GET"]}}],"collection":[{"href":"https:\/\/blogdofarnesio.com.br\/index.php?rest_route=\/wp\/v2\/posts"}],"about":[{"href":"https:\/\/blogdofarnesio.com.br\/index.php?rest_route=\/wp\/v2\/types\/post"}],"author":[{"embeddable":true,"href":"https:\/\/blogdofarnesio.com.br\/index.php?rest_route=\/wp\/v2\/users\/1"}],"replies":[{"embeddable":true,"href":"https:\/\/blogdofarnesio.com.br\/index.php?rest_route=%2Fwp%2Fv2%2Fcomments&post=186310"}],"version-history":[{"count":0,"href":"https:\/\/blogdofarnesio.com.br\/index.php?rest_route=\/wp\/v2\/posts\/186310\/revisions"}],"wp:featuredmedia":[{"embeddable":true,"href":"https:\/\/blogdofarnesio.com.br\/index.php?rest_route=\/wp\/v2\/media\/186311"}],"wp:attachment":[{"href":"https:\/\/blogdofarnesio.com.br\/index.php?rest_route=%2Fwp%2Fv2%2Fmedia&parent=186310"}],"wp:term":[{"taxonomy":"category","embeddable":true,"href":"https:\/\/blogdofarnesio.com.br\/index.php?rest_route=%2Fwp%2Fv2%2Fcategories&post=186310"},{"taxonomy":"post_tag","embeddable":true,"href":"https:\/\/blogdofarnesio.com.br\/index.php?rest_route=%2Fwp%2Fv2%2Ftags&post=186310"}],"curies":[{"name":"wp","href":"https:\/\/api.w.org\/{rel}","templated":true}]}}