{"id":186301,"date":"2018-01-16T08:03:56","date_gmt":"2018-01-16T11:03:56","guid":{"rendered":"http:\/\/quersaberpolitica.com.br\/2016\/?p=186301"},"modified":"2018-01-15T20:04:56","modified_gmt":"2018-01-15T23:04:56","slug":"em-suas-andancas-pelo-interior-do-estado-para-fortalecer-pre-candidatura-fbc-debate-economia-na-mata-norte","status":"publish","type":"post","link":"https:\/\/blogdofarnesio.com.br\/?p=186301","title":{"rendered":"EM SUAS ANDAN\u00c7AS PELO INTERIOR DO ESTADO PARA FORTALECER PR\u00c9-CANDIDATURA, FBC DEBATE ECONOMIA NA MATA NORTE"},"content":{"rendered":"<div id=\"container_clear\"><\/div>\n<p>O senador Fernando Bezerra Coelho (MDB) percorreu, hoje, quatro cidades da Mata Norte de Pernambuco, para conversar com prefeitos, ex-prefeitos, deputados estaduais e federais e lideran\u00e7as pol\u00edticas da regi\u00e3o. Timba\u00faba, Condado, Nazar\u00e9 da Mata e Carpina estiveram no roteiro de Fernando, que tem aproveitado o per\u00edodo de recesso no Congresso para viajar pelo Estado, promovendo encontros e debates sobre o cen\u00e1rio pol\u00edtico e a economia local.<\/p>\n<p>A agenda do senador come\u00e7ou com um caf\u00e9 da manh\u00e3 em Timba\u00faba, ao lado do deputado federal Marinaldo Rosendo (PSB). De l\u00e1 eles seguiram para a r\u00e1dio Nova Timba\u00faba FM, onde eram aguardados por aliados pol\u00edticos do deputado. \u201cO atual governo caminha em c\u00e2mera lenta e n\u00e3o consegue realizar as entregas que a popula\u00e7\u00e3o precisa. A Mata Norte \u00e9 um claro exemplo desta inefic\u00e1cia\u201d, destacou Fernando durante a entrevista. Ele ressaltou que \u00e9 pr\u00e9-candidato ao Governo do Estado, por\u00e9m a decis\u00e3o sobre a chapa majorit\u00e1ria ser\u00e1 tomada pelo coletivo da oposi\u00e7\u00e3o. O bloco ir\u00e1 realizar o segundo encontro do movimento Pernambuco Quer Mudar no pr\u00f3ximo dia 27, em Petrolina.<\/p>\n<p>Ap\u00f3s sair de Timba\u00faba, Fernando foi ao munic\u00edpio do Condado, para uma reuni\u00e3o com o prefeito Ant\u00f4nio Cassiano e com o deputado estadual Jos\u00e9 Humberto (PTB). O prefeito em exerc\u00edcio de Goiana, Eduardo Hon\u00f3rio (MDB), participou da conversa. Fernando colocou o gabinete em Bras\u00edlia \u00e0 disposi\u00e7\u00e3o dos dois gestores para colaborar na interface junto ao Governo Federal. O ex-prefeito de Alian\u00e7a, Kak\u00e1 Bezerra (PSB) tamb\u00e9m foi a Condado cumprimentar Fernando Bezerra.<\/p>\n<p>A parada seguinte foi em Nazar\u00e9 da Mata, onde ele foi recebido pelo ex-prefeito Nado (PTB), que denunciou o descaso da atual gest\u00e3o do estado com a cultura. \u201cMuitos grupos de maracatu, formados por cortadores de cana, est\u00e3o sem receber por apresenta\u00e7\u00f5es que j\u00e1 foram feitas. Quando recebem precisam esperar por quase um ano pelo dinheiro, uma total falta de respeito\u201d, pontuou. Fernando, Nado e Marinaldo foram \u00e0 r\u00e1dio Naza FM, para uma entrevista. De l\u00e1 eles seguiram para Carpina, para participar de um programa de entrevistas numa r\u00e1dio local. \u201cEstamos circulando por todo o Estado, j\u00e1 estivemos no Agreste, no Sert\u00e3o e em v\u00e1rias cidades da Metropolitana. Queremos ouvir as pessoas, conhecer suas dificuldades e trabalhar para recuperar a autoestima da popula\u00e7\u00e3o\u201d.<\/p>\n","protected":false},"excerpt":{"rendered":"<p>O senador Fernando Bezerra Coelho (MDB) percorreu, hoje, quatro cidades da Mata Norte de Pernambuco, para conversar com prefeitos, ex-prefeitos, deputados estaduais e federais e lideran\u00e7as pol\u00edticas da regi\u00e3o. Timba\u00faba, Condado, Nazar\u00e9 da Mata e Carpina estiveram no roteiro de Fernando, que tem aproveitado o per\u00edodo de recesso no Congresso para viajar pelo Estado, promovendo encontros e debates sobre o cen\u00e1rio pol\u00edtico e a economia local. A agenda do senador come\u00e7ou com um caf\u00e9 da manh\u00e3 em Timba\u00faba, ao lado do deputado federal Marinaldo Rosendo (PSB). De l\u00e1 eles seguiram para a r\u00e1dio Nova Timba\u00faba FM, onde eram aguardados por aliados pol\u00edticos do deputado. \u201cO atual governo caminha em c\u00e2mera lenta e n\u00e3o consegue realizar as entregas que a popula\u00e7\u00e3o&hellip; <\/p>\n","protected":false},"author":1,"featured_media":186302,"comment_status":"open","ping_status":"closed","sticky":false,"template":"","format":"standard","meta":{"_acf_changed":false,"footnotes":""},"categories":[34],"tags":[],"class_list":["post-186301","post","type-post","status-publish","format-standard","has-post-thumbnail","hentry","category-eleicoes"],"acf":[],"yoast_head":"<!-- This site is optimized with the Yoast SEO plugin v27.4 - https:\/\/yoast.com\/product\/yoast-seo-wordpress\/ -->\n<title>EM SUAS ANDAN\u00c7AS PELO INTERIOR DO ESTADO PARA FORTALECER PR\u00c9-CANDIDATURA, FBC DEBATE ECONOMIA NA MATA NORTE - Blog do Farn\u00e9sio<\/title>\n<meta name=\"robots\" content=\"index, follow, max-snippet:-1, max-image-preview:large, max-video-preview:-1\" \/>\n<link rel=\"canonical\" href=\"https:\/\/blogdofarnesio.com.br\/?p=186301\" \/>\n<meta property=\"og:locale\" content=\"pt_BR\" \/>\n<meta property=\"og:type\" content=\"article\" \/>\n<meta property=\"og:title\" content=\"EM SUAS ANDAN\u00c7AS PELO INTERIOR DO ESTADO PARA FORTALECER PR\u00c9-CANDIDATURA, FBC DEBATE ECONOMIA NA MATA NORTE - Blog do Farn\u00e9sio\" \/>\n<meta property=\"og:description\" content=\"O senador Fernando Bezerra Coelho (MDB) percorreu, hoje, quatro cidades da Mata Norte de Pernambuco, para conversar com prefeitos, ex-prefeitos, deputados estaduais e federais e lideran\u00e7as pol\u00edticas da regi\u00e3o. Timba\u00faba, Condado, Nazar\u00e9 da Mata e Carpina estiveram no roteiro de Fernando, que tem aproveitado o per\u00edodo de recesso no Congresso para viajar pelo Estado, promovendo encontros e debates sobre o cen\u00e1rio pol\u00edtico e a economia local. A agenda do senador come\u00e7ou com um caf\u00e9 da manh\u00e3 em Timba\u00faba, ao lado do deputado federal Marinaldo Rosendo (PSB). De l\u00e1 eles seguiram para a r\u00e1dio Nova Timba\u00faba FM, onde eram aguardados por aliados pol\u00edticos do deputado. \u201cO atual governo caminha em c\u00e2mera lenta e n\u00e3o consegue realizar as entregas que a popula\u00e7\u00e3o&hellip;\" \/>\n<meta property=\"og:url\" content=\"https:\/\/blogdofarnesio.com.br\/?p=186301\" \/>\n<meta property=\"og:site_name\" content=\"Blog do Farn\u00e9sio\" \/>\n<meta property=\"article:publisher\" content=\"https:\/\/www.facebook.com\/BlogQuerSaberPolitica\/\" \/>\n<meta property=\"article:published_time\" content=\"2018-01-16T11:03:56+00:00\" \/>\n<meta property=\"og:image\" content=\"https:\/\/blogdofarnesio.com.br\/wp-content\/uploads\/2018\/01\/blogqspfbcprefeitosmtnorte_condado_4-e1516055898953.jpeg\" \/>\n\t<meta property=\"og:image:width\" content=\"680\" \/>\n\t<meta property=\"og:image:height\" content=\"510\" \/>\n\t<meta property=\"og:image:type\" content=\"image\/jpeg\" \/>\n<meta name=\"author\" content=\"Farn\u00e9sio\" \/>\n<meta name=\"twitter:card\" content=\"summary_large_image\" \/>\n<meta name=\"twitter:label1\" content=\"Escrito por\" \/>\n\t<meta name=\"twitter:data1\" content=\"Farn\u00e9sio\" \/>\n\t<meta name=\"twitter:label2\" content=\"Est. tempo de leitura\" \/>\n\t<meta name=\"twitter:data2\" content=\"2 minutos\" \/>\n<script type=\"application\/ld+json\" class=\"yoast-schema-graph\">{\"@context\":\"https:\\\/\\\/schema.org\",\"@graph\":[{\"@type\":\"Article\",\"@id\":\"https:\\\/\\\/blogdofarnesio.com.br\\\/?p=186301#article\",\"isPartOf\":{\"@id\":\"https:\\\/\\\/blogdofarnesio.com.br\\\/?p=186301\"},\"author\":{\"name\":\"Farn\u00e9sio\",\"@id\":\"https:\\\/\\\/blogdofarnesio.com.br\\\/#\\\/schema\\\/person\\\/301c4acf522bccbfdb45af95b5b906a1\"},\"headline\":\"EM SUAS ANDAN\u00c7AS PELO INTERIOR DO ESTADO PARA FORTALECER PR\u00c9-CANDIDATURA, FBC DEBATE ECONOMIA NA MATA NORTE\",\"datePublished\":\"2018-01-16T11:03:56+00:00\",\"mainEntityOfPage\":{\"@id\":\"https:\\\/\\\/blogdofarnesio.com.br\\\/?p=186301\"},\"wordCount\":423,\"commentCount\":0,\"publisher\":{\"@id\":\"https:\\\/\\\/blogdofarnesio.com.br\\\/#organization\"},\"image\":{\"@id\":\"https:\\\/\\\/blogdofarnesio.com.br\\\/?p=186301#primaryimage\"},\"thumbnailUrl\":\"https:\\\/\\\/blogdofarnesio.com.br\\\/wp-content\\\/uploads\\\/2018\\\/01\\\/blogqspfbcprefeitosmtnorte_condado_4-e1516055898953.jpeg\",\"articleSection\":[\"Elei\u00e7\u00f5es\"],\"inLanguage\":\"pt-BR\",\"potentialAction\":[{\"@type\":\"CommentAction\",\"name\":\"Comment\",\"target\":[\"https:\\\/\\\/blogdofarnesio.com.br\\\/?p=186301#respond\"]}]},{\"@type\":\"WebPage\",\"@id\":\"https:\\\/\\\/blogdofarnesio.com.br\\\/?p=186301\",\"url\":\"https:\\\/\\\/blogdofarnesio.com.br\\\/?p=186301\",\"name\":\"EM SUAS ANDAN\u00c7AS PELO INTERIOR DO ESTADO PARA FORTALECER PR\u00c9-CANDIDATURA, FBC DEBATE ECONOMIA NA MATA NORTE - Blog do Farn\u00e9sio\",\"isPartOf\":{\"@id\":\"https:\\\/\\\/blogdofarnesio.com.br\\\/#website\"},\"primaryImageOfPage\":{\"@id\":\"https:\\\/\\\/blogdofarnesio.com.br\\\/?p=186301#primaryimage\"},\"image\":{\"@id\":\"https:\\\/\\\/blogdofarnesio.com.br\\\/?p=186301#primaryimage\"},\"thumbnailUrl\":\"https:\\\/\\\/blogdofarnesio.com.br\\\/wp-content\\\/uploads\\\/2018\\\/01\\\/blogqspfbcprefeitosmtnorte_condado_4-e1516055898953.jpeg\",\"datePublished\":\"2018-01-16T11:03:56+00:00\",\"breadcrumb\":{\"@id\":\"https:\\\/\\\/blogdofarnesio.com.br\\\/?p=186301#breadcrumb\"},\"inLanguage\":\"pt-BR\",\"potentialAction\":[{\"@type\":\"ReadAction\",\"target\":[\"https:\\\/\\\/blogdofarnesio.com.br\\\/?p=186301\"]}]},{\"@type\":\"ImageObject\",\"inLanguage\":\"pt-BR\",\"@id\":\"https:\\\/\\\/blogdofarnesio.com.br\\\/?p=186301#primaryimage\",\"url\":\"https:\\\/\\\/blogdofarnesio.com.br\\\/wp-content\\\/uploads\\\/2018\\\/01\\\/blogqspfbcprefeitosmtnorte_condado_4-e1516055898953.jpeg\",\"contentUrl\":\"https:\\\/\\\/blogdofarnesio.com.br\\\/wp-content\\\/uploads\\\/2018\\\/01\\\/blogqspfbcprefeitosmtnorte_condado_4-e1516055898953.jpeg\",\"width\":680,\"height\":510},{\"@type\":\"BreadcrumbList\",\"@id\":\"https:\\\/\\\/blogdofarnesio.com.br\\\/?p=186301#breadcrumb\",\"itemListElement\":[{\"@type\":\"ListItem\",\"position\":1,\"name\":\"In\u00edcio\",\"item\":\"https:\\\/\\\/blogdofarnesio.com.br\\\/\"},{\"@type\":\"ListItem\",\"position\":2,\"name\":\"EM SUAS ANDAN\u00c7AS PELO INTERIOR DO ESTADO PARA FORTALECER PR\u00c9-CANDIDATURA, FBC DEBATE ECONOMIA NA MATA NORTE\"}]},{\"@type\":\"WebSite\",\"@id\":\"https:\\\/\\\/blogdofarnesio.com.br\\\/#website\",\"url\":\"https:\\\/\\\/blogdofarnesio.com.br\\\/\",\"name\":\"Blog do Farn\u00e9sio\",\"description\":\"Quer Saber Pol\u00edtica?\",\"publisher\":{\"@id\":\"https:\\\/\\\/blogdofarnesio.com.br\\\/#organization\"},\"potentialAction\":[{\"@type\":\"SearchAction\",\"target\":{\"@type\":\"EntryPoint\",\"urlTemplate\":\"https:\\\/\\\/blogdofarnesio.com.br\\\/?s={search_term_string}\"},\"query-input\":{\"@type\":\"PropertyValueSpecification\",\"valueRequired\":true,\"valueName\":\"search_term_string\"}}],\"inLanguage\":\"pt-BR\"},{\"@type\":\"Organization\",\"@id\":\"https:\\\/\\\/blogdofarnesio.com.br\\\/#organization\",\"name\":\"Blog do Farn\u00e9sio\",\"url\":\"https:\\\/\\\/blogdofarnesio.com.br\\\/\",\"logo\":{\"@type\":\"ImageObject\",\"inLanguage\":\"pt-BR\",\"@id\":\"https:\\\/\\\/blogdofarnesio.com.br\\\/#\\\/schema\\\/logo\\\/image\\\/\",\"url\":\"https:\\\/\\\/blogdofarnesio.com.br\\\/wp-content\\\/uploads\\\/2026\\\/03\\\/cropped-logo_new-1.png\",\"contentUrl\":\"https:\\\/\\\/blogdofarnesio.com.br\\\/wp-content\\\/uploads\\\/2026\\\/03\\\/cropped-logo_new-1.png\",\"width\":881,\"height\":685,\"caption\":\"Blog do Farn\u00e9sio\"},\"image\":{\"@id\":\"https:\\\/\\\/blogdofarnesio.com.br\\\/#\\\/schema\\\/logo\\\/image\\\/\"},\"sameAs\":[\"https:\\\/\\\/www.facebook.com\\\/BlogQuerSaberPolitica\\\/\"]},{\"@type\":\"Person\",\"@id\":\"https:\\\/\\\/blogdofarnesio.com.br\\\/#\\\/schema\\\/person\\\/301c4acf522bccbfdb45af95b5b906a1\",\"name\":\"Farn\u00e9sio\",\"image\":{\"@type\":\"ImageObject\",\"inLanguage\":\"pt-BR\",\"@id\":\"https:\\\/\\\/secure.gravatar.com\\\/avatar\\\/df0c9a14567c056f8ad6876ba5bbd1e3e2c48023eb6807342fc4663adf549f38?s=96&d=mm&r=g\",\"url\":\"https:\\\/\\\/secure.gravatar.com\\\/avatar\\\/df0c9a14567c056f8ad6876ba5bbd1e3e2c48023eb6807342fc4663adf549f38?s=96&d=mm&r=g\",\"contentUrl\":\"https:\\\/\\\/secure.gravatar.com\\\/avatar\\\/df0c9a14567c056f8ad6876ba5bbd1e3e2c48023eb6807342fc4663adf549f38?s=96&d=mm&r=g\",\"caption\":\"Farn\u00e9sio\"},\"sameAs\":[\"https:\\\/\\\/quersaberpolitica.com.br\"],\"url\":\"https:\\\/\\\/blogdofarnesio.com.br\\\/?author=1\"}]}<\/script>\n<!-- \/ Yoast SEO plugin. -->","yoast_head_json":{"title":"EM SUAS ANDAN\u00c7AS PELO INTERIOR DO ESTADO PARA FORTALECER PR\u00c9-CANDIDATURA, FBC DEBATE ECONOMIA NA MATA NORTE - Blog do Farn\u00e9sio","robots":{"index":"index","follow":"follow","max-snippet":"max-snippet:-1","max-image-preview":"max-image-preview:large","max-video-preview":"max-video-preview:-1"},"canonical":"https:\/\/blogdofarnesio.com.br\/?p=186301","og_locale":"pt_BR","og_type":"article","og_title":"EM SUAS ANDAN\u00c7AS PELO INTERIOR DO ESTADO PARA FORTALECER PR\u00c9-CANDIDATURA, FBC DEBATE ECONOMIA NA MATA NORTE - Blog do Farn\u00e9sio","og_description":"O senador Fernando Bezerra Coelho (MDB) percorreu, hoje, quatro cidades da Mata Norte de Pernambuco, para conversar com prefeitos, ex-prefeitos, deputados estaduais e federais e lideran\u00e7as pol\u00edticas da regi\u00e3o. Timba\u00faba, Condado, Nazar\u00e9 da Mata e Carpina estiveram no roteiro de Fernando, que tem aproveitado o per\u00edodo de recesso no Congresso para viajar pelo Estado, promovendo encontros e debates sobre o cen\u00e1rio pol\u00edtico e a economia local. A agenda do senador come\u00e7ou com um caf\u00e9 da manh\u00e3 em Timba\u00faba, ao lado do deputado federal Marinaldo Rosendo (PSB). De l\u00e1 eles seguiram para a r\u00e1dio Nova Timba\u00faba FM, onde eram aguardados por aliados pol\u00edticos do deputado. \u201cO atual governo caminha em c\u00e2mera lenta e n\u00e3o consegue realizar as entregas que a popula\u00e7\u00e3o&hellip;","og_url":"https:\/\/blogdofarnesio.com.br\/?p=186301","og_site_name":"Blog do Farn\u00e9sio","article_publisher":"https:\/\/www.facebook.com\/BlogQuerSaberPolitica\/","article_published_time":"2018-01-16T11:03:56+00:00","og_image":[{"width":680,"height":510,"url":"https:\/\/blogdofarnesio.com.br\/wp-content\/uploads\/2018\/01\/blogqspfbcprefeitosmtnorte_condado_4-e1516055898953.jpeg","type":"image\/jpeg"}],"author":"Farn\u00e9sio","twitter_card":"summary_large_image","twitter_misc":{"Escrito por":"Farn\u00e9sio","Est. tempo de leitura":"2 minutos"},"schema":{"@context":"https:\/\/schema.org","@graph":[{"@type":"Article","@id":"https:\/\/blogdofarnesio.com.br\/?p=186301#article","isPartOf":{"@id":"https:\/\/blogdofarnesio.com.br\/?p=186301"},"author":{"name":"Farn\u00e9sio","@id":"https:\/\/blogdofarnesio.com.br\/#\/schema\/person\/301c4acf522bccbfdb45af95b5b906a1"},"headline":"EM SUAS ANDAN\u00c7AS PELO INTERIOR DO ESTADO PARA FORTALECER PR\u00c9-CANDIDATURA, FBC DEBATE ECONOMIA NA MATA NORTE","datePublished":"2018-01-16T11:03:56+00:00","mainEntityOfPage":{"@id":"https:\/\/blogdofarnesio.com.br\/?p=186301"},"wordCount":423,"commentCount":0,"publisher":{"@id":"https:\/\/blogdofarnesio.com.br\/#organization"},"image":{"@id":"https:\/\/blogdofarnesio.com.br\/?p=186301#primaryimage"},"thumbnailUrl":"https:\/\/blogdofarnesio.com.br\/wp-content\/uploads\/2018\/01\/blogqspfbcprefeitosmtnorte_condado_4-e1516055898953.jpeg","articleSection":["Elei\u00e7\u00f5es"],"inLanguage":"pt-BR","potentialAction":[{"@type":"CommentAction","name":"Comment","target":["https:\/\/blogdofarnesio.com.br\/?p=186301#respond"]}]},{"@type":"WebPage","@id":"https:\/\/blogdofarnesio.com.br\/?p=186301","url":"https:\/\/blogdofarnesio.com.br\/?p=186301","name":"EM SUAS ANDAN\u00c7AS PELO INTERIOR DO ESTADO PARA FORTALECER PR\u00c9-CANDIDATURA, FBC DEBATE ECONOMIA NA MATA NORTE - Blog do Farn\u00e9sio","isPartOf":{"@id":"https:\/\/blogdofarnesio.com.br\/#website"},"primaryImageOfPage":{"@id":"https:\/\/blogdofarnesio.com.br\/?p=186301#primaryimage"},"image":{"@id":"https:\/\/blogdofarnesio.com.br\/?p=186301#primaryimage"},"thumbnailUrl":"https:\/\/blogdofarnesio.com.br\/wp-content\/uploads\/2018\/01\/blogqspfbcprefeitosmtnorte_condado_4-e1516055898953.jpeg","datePublished":"2018-01-16T11:03:56+00:00","breadcrumb":{"@id":"https:\/\/blogdofarnesio.com.br\/?p=186301#breadcrumb"},"inLanguage":"pt-BR","potentialAction":[{"@type":"ReadAction","target":["https:\/\/blogdofarnesio.com.br\/?p=186301"]}]},{"@type":"ImageObject","inLanguage":"pt-BR","@id":"https:\/\/blogdofarnesio.com.br\/?p=186301#primaryimage","url":"https:\/\/blogdofarnesio.com.br\/wp-content\/uploads\/2018\/01\/blogqspfbcprefeitosmtnorte_condado_4-e1516055898953.jpeg","contentUrl":"https:\/\/blogdofarnesio.com.br\/wp-content\/uploads\/2018\/01\/blogqspfbcprefeitosmtnorte_condado_4-e1516055898953.jpeg","width":680,"height":510},{"@type":"BreadcrumbList","@id":"https:\/\/blogdofarnesio.com.br\/?p=186301#breadcrumb","itemListElement":[{"@type":"ListItem","position":1,"name":"In\u00edcio","item":"https:\/\/blogdofarnesio.com.br\/"},{"@type":"ListItem","position":2,"name":"EM SUAS ANDAN\u00c7AS PELO INTERIOR DO ESTADO PARA FORTALECER PR\u00c9-CANDIDATURA, FBC DEBATE ECONOMIA NA MATA NORTE"}]},{"@type":"WebSite","@id":"https:\/\/blogdofarnesio.com.br\/#website","url":"https:\/\/blogdofarnesio.com.br\/","name":"Blog do Farn\u00e9sio","description":"Quer Saber Pol\u00edtica?","publisher":{"@id":"https:\/\/blogdofarnesio.com.br\/#organization"},"potentialAction":[{"@type":"SearchAction","target":{"@type":"EntryPoint","urlTemplate":"https:\/\/blogdofarnesio.com.br\/?s={search_term_string}"},"query-input":{"@type":"PropertyValueSpecification","valueRequired":true,"valueName":"search_term_string"}}],"inLanguage":"pt-BR"},{"@type":"Organization","@id":"https:\/\/blogdofarnesio.com.br\/#organization","name":"Blog do Farn\u00e9sio","url":"https:\/\/blogdofarnesio.com.br\/","logo":{"@type":"ImageObject","inLanguage":"pt-BR","@id":"https:\/\/blogdofarnesio.com.br\/#\/schema\/logo\/image\/","url":"https:\/\/blogdofarnesio.com.br\/wp-content\/uploads\/2026\/03\/cropped-logo_new-1.png","contentUrl":"https:\/\/blogdofarnesio.com.br\/wp-content\/uploads\/2026\/03\/cropped-logo_new-1.png","width":881,"height":685,"caption":"Blog do Farn\u00e9sio"},"image":{"@id":"https:\/\/blogdofarnesio.com.br\/#\/schema\/logo\/image\/"},"sameAs":["https:\/\/www.facebook.com\/BlogQuerSaberPolitica\/"]},{"@type":"Person","@id":"https:\/\/blogdofarnesio.com.br\/#\/schema\/person\/301c4acf522bccbfdb45af95b5b906a1","name":"Farn\u00e9sio","image":{"@type":"ImageObject","inLanguage":"pt-BR","@id":"https:\/\/secure.gravatar.com\/avatar\/df0c9a14567c056f8ad6876ba5bbd1e3e2c48023eb6807342fc4663adf549f38?s=96&d=mm&r=g","url":"https:\/\/secure.gravatar.com\/avatar\/df0c9a14567c056f8ad6876ba5bbd1e3e2c48023eb6807342fc4663adf549f38?s=96&d=mm&r=g","contentUrl":"https:\/\/secure.gravatar.com\/avatar\/df0c9a14567c056f8ad6876ba5bbd1e3e2c48023eb6807342fc4663adf549f38?s=96&d=mm&r=g","caption":"Farn\u00e9sio"},"sameAs":["https:\/\/quersaberpolitica.com.br"],"url":"https:\/\/blogdofarnesio.com.br\/?author=1"}]}},"_links":{"self":[{"href":"https:\/\/blogdofarnesio.com.br\/index.php?rest_route=\/wp\/v2\/posts\/186301","targetHints":{"allow":["GET"]}}],"collection":[{"href":"https:\/\/blogdofarnesio.com.br\/index.php?rest_route=\/wp\/v2\/posts"}],"about":[{"href":"https:\/\/blogdofarnesio.com.br\/index.php?rest_route=\/wp\/v2\/types\/post"}],"author":[{"embeddable":true,"href":"https:\/\/blogdofarnesio.com.br\/index.php?rest_route=\/wp\/v2\/users\/1"}],"replies":[{"embeddable":true,"href":"https:\/\/blogdofarnesio.com.br\/index.php?rest_route=%2Fwp%2Fv2%2Fcomments&post=186301"}],"version-history":[{"count":0,"href":"https:\/\/blogdofarnesio.com.br\/index.php?rest_route=\/wp\/v2\/posts\/186301\/revisions"}],"wp:featuredmedia":[{"embeddable":true,"href":"https:\/\/blogdofarnesio.com.br\/index.php?rest_route=\/wp\/v2\/media\/186302"}],"wp:attachment":[{"href":"https:\/\/blogdofarnesio.com.br\/index.php?rest_route=%2Fwp%2Fv2%2Fmedia&parent=186301"}],"wp:term":[{"taxonomy":"category","embeddable":true,"href":"https:\/\/blogdofarnesio.com.br\/index.php?rest_route=%2Fwp%2Fv2%2Fcategories&post=186301"},{"taxonomy":"post_tag","embeddable":true,"href":"https:\/\/blogdofarnesio.com.br\/index.php?rest_route=%2Fwp%2Fv2%2Ftags&post=186301"}],"curies":[{"name":"wp","href":"https:\/\/api.w.org\/{rel}","templated":true}]}}