{"id":186298,"date":"2018-01-16T07:00:14","date_gmt":"2018-01-16T10:00:14","guid":{"rendered":"http:\/\/quersaberpolitica.com.br\/2016\/?p=186298"},"modified":"2018-01-15T19:33:49","modified_gmt":"2018-01-15T22:33:49","slug":"caravana-da-saude-vai-ao-jardim-primavera-nesta-quarta-feira-17","status":"publish","type":"post","link":"https:\/\/blogdofarnesio.com.br\/?p=186298","title":{"rendered":"CARAVANA DA SA\u00daDE VAI AO JARDIM PRIMAVERA NESTA QUARTA-FEIRA (17)"},"content":{"rendered":"<p style=\"text-align: justify;\">A Prefeitura de Juazeiro atrav\u00e9s da Secretaria de Sa\u00fade realizar\u00e1 a 102\u00aa edi\u00e7\u00e3o da Caravana da Sa\u00fade de Juazeiro na Unidade B\u00e1sica de Sa\u00fade (UBS) Jardim Primavera nesta quarta-feira (17), das 08h \u00e0s 14h.\u00a0 Ser\u00e3o ofertados para a comunidade atendimentos nas seguintes especialidades: endocrinologia, ortopedia, cardiologia, odontologia e atendimento cl\u00ednico, al\u00e9m da realiza\u00e7\u00e3o de exames laboratoriais e eletrocardiogramas.<\/p>\n<p style=\"text-align: justify;\">Outro servi\u00e7o que tamb\u00e9m ser\u00e1 disponibilizado para os usu\u00e1rios ser\u00e1 a atualiza\u00e7\u00e3o do cadastro do Programa Bolsa Fam\u00edlia, atrav\u00e9s da equipe da Secretaria de Desenvolvimento Social, Mulher e Diversidade (SEDIS), que estar\u00e1 presente com a Esta\u00e7\u00e3o Cidadania.<\/p>\n<p style=\"text-align: justify;\">A Caravana da Sa\u00fade foi institu\u00edda na gest\u00e3o do ex-prefeito Isaac Carvalho, em janeiro de 2016, a gest\u00e3o de Paulo Bomfim consolida o programa que tem como objetivo reduzir as demandas reprimidas nas UBS do munic\u00edpio. Desde ent\u00e3o, mais de 25 mil atendimentos j\u00e1 foram realizados.<\/p>\n","protected":false},"excerpt":{"rendered":"<p>A Prefeitura de Juazeiro atrav\u00e9s da Secretaria de Sa\u00fade realizar\u00e1 a 102\u00aa edi\u00e7\u00e3o da Caravana da Sa\u00fade de Juazeiro na Unidade B\u00e1sica de Sa\u00fade (UBS) Jardim Primavera nesta quarta-feira (17), das 08h \u00e0s 14h.\u00a0 Ser\u00e3o ofertados para a comunidade atendimentos nas seguintes especialidades: endocrinologia, ortopedia, cardiologia, odontologia e atendimento cl\u00ednico, al\u00e9m da realiza\u00e7\u00e3o de exames laboratoriais e eletrocardiogramas. Outro servi\u00e7o que tamb\u00e9m ser\u00e1 disponibilizado para os usu\u00e1rios ser\u00e1 a atualiza\u00e7\u00e3o do cadastro do Programa Bolsa Fam\u00edlia, atrav\u00e9s da equipe da Secretaria de Desenvolvimento Social, Mulher e Diversidade (SEDIS), que estar\u00e1 presente com a Esta\u00e7\u00e3o Cidadania. A Caravana da Sa\u00fade foi institu\u00edda na gest\u00e3o do ex-prefeito Isaac Carvalho, em janeiro de 2016, a gest\u00e3o de Paulo Bomfim consolida o programa que&hellip; <\/p>\n","protected":false},"author":1,"featured_media":136417,"comment_status":"open","ping_status":"closed","sticky":false,"template":"","format":"standard","meta":{"_acf_changed":false,"footnotes":""},"categories":[4],"tags":[],"class_list":["post-186298","post","type-post","status-publish","format-standard","has-post-thumbnail","hentry","category-saude"],"acf":[],"yoast_head":"<!-- This site is optimized with the Yoast SEO plugin v27.4 - https:\/\/yoast.com\/product\/yoast-seo-wordpress\/ -->\n<title>CARAVANA DA SA\u00daDE VAI AO JARDIM PRIMAVERA NESTA QUARTA-FEIRA (17) - Blog do Farn\u00e9sio<\/title>\n<meta name=\"robots\" content=\"index, follow, max-snippet:-1, max-image-preview:large, max-video-preview:-1\" \/>\n<link rel=\"canonical\" href=\"https:\/\/blogdofarnesio.com.br\/?p=186298\" \/>\n<meta property=\"og:locale\" content=\"pt_BR\" \/>\n<meta property=\"og:type\" content=\"article\" \/>\n<meta property=\"og:title\" content=\"CARAVANA DA SA\u00daDE VAI AO JARDIM PRIMAVERA NESTA QUARTA-FEIRA (17) - Blog do Farn\u00e9sio\" \/>\n<meta property=\"og:description\" content=\"A Prefeitura de Juazeiro atrav\u00e9s da Secretaria de Sa\u00fade realizar\u00e1 a 102\u00aa edi\u00e7\u00e3o da Caravana da Sa\u00fade de Juazeiro na Unidade B\u00e1sica de Sa\u00fade (UBS) Jardim Primavera nesta quarta-feira (17), das 08h \u00e0s 14h.\u00a0 Ser\u00e3o ofertados para a comunidade atendimentos nas seguintes especialidades: endocrinologia, ortopedia, cardiologia, odontologia e atendimento cl\u00ednico, al\u00e9m da realiza\u00e7\u00e3o de exames laboratoriais e eletrocardiogramas. Outro servi\u00e7o que tamb\u00e9m ser\u00e1 disponibilizado para os usu\u00e1rios ser\u00e1 a atualiza\u00e7\u00e3o do cadastro do Programa Bolsa Fam\u00edlia, atrav\u00e9s da equipe da Secretaria de Desenvolvimento Social, Mulher e Diversidade (SEDIS), que estar\u00e1 presente com a Esta\u00e7\u00e3o Cidadania. A Caravana da Sa\u00fade foi institu\u00edda na gest\u00e3o do ex-prefeito Isaac Carvalho, em janeiro de 2016, a gest\u00e3o de Paulo Bomfim consolida o programa que&hellip;\" \/>\n<meta property=\"og:url\" content=\"https:\/\/blogdofarnesio.com.br\/?p=186298\" \/>\n<meta property=\"og:site_name\" content=\"Blog do Farn\u00e9sio\" \/>\n<meta property=\"article:publisher\" content=\"https:\/\/www.facebook.com\/BlogQuerSaberPolitica\/\" \/>\n<meta property=\"article:published_time\" content=\"2018-01-16T10:00:14+00:00\" \/>\n<meta property=\"og:image\" content=\"https:\/\/blogdofarnesio.com.br\/wp-content\/uploads\/2016\/01\/blogqsp-marca-caravana-saude.jpg\" \/>\n\t<meta property=\"og:image:width\" content=\"390\" \/>\n\t<meta property=\"og:image:height\" content=\"230\" \/>\n\t<meta property=\"og:image:type\" content=\"image\/jpeg\" \/>\n<meta name=\"author\" content=\"Farn\u00e9sio\" \/>\n<meta name=\"twitter:card\" content=\"summary_large_image\" \/>\n<meta name=\"twitter:label1\" content=\"Escrito por\" \/>\n\t<meta name=\"twitter:data1\" content=\"Farn\u00e9sio\" \/>\n\t<meta name=\"twitter:label2\" content=\"Est. tempo de leitura\" \/>\n\t<meta name=\"twitter:data2\" content=\"1 minuto\" \/>\n<script type=\"application\/ld+json\" class=\"yoast-schema-graph\">{\"@context\":\"https:\\\/\\\/schema.org\",\"@graph\":[{\"@type\":\"Article\",\"@id\":\"https:\\\/\\\/blogdofarnesio.com.br\\\/?p=186298#article\",\"isPartOf\":{\"@id\":\"https:\\\/\\\/blogdofarnesio.com.br\\\/?p=186298\"},\"author\":{\"name\":\"Farn\u00e9sio\",\"@id\":\"https:\\\/\\\/blogdofarnesio.com.br\\\/#\\\/schema\\\/person\\\/301c4acf522bccbfdb45af95b5b906a1\"},\"headline\":\"CARAVANA DA SA\u00daDE VAI AO JARDIM PRIMAVERA NESTA QUARTA-FEIRA (17)\",\"datePublished\":\"2018-01-16T10:00:14+00:00\",\"mainEntityOfPage\":{\"@id\":\"https:\\\/\\\/blogdofarnesio.com.br\\\/?p=186298\"},\"wordCount\":170,\"commentCount\":0,\"publisher\":{\"@id\":\"https:\\\/\\\/blogdofarnesio.com.br\\\/#organization\"},\"image\":{\"@id\":\"https:\\\/\\\/blogdofarnesio.com.br\\\/?p=186298#primaryimage\"},\"thumbnailUrl\":\"https:\\\/\\\/blogdofarnesio.com.br\\\/wp-content\\\/uploads\\\/2016\\\/01\\\/blogqsp-marca-caravana-saude.jpg\",\"articleSection\":[\"Sa\u00fade\"],\"inLanguage\":\"pt-BR\",\"potentialAction\":[{\"@type\":\"CommentAction\",\"name\":\"Comment\",\"target\":[\"https:\\\/\\\/blogdofarnesio.com.br\\\/?p=186298#respond\"]}]},{\"@type\":\"WebPage\",\"@id\":\"https:\\\/\\\/blogdofarnesio.com.br\\\/?p=186298\",\"url\":\"https:\\\/\\\/blogdofarnesio.com.br\\\/?p=186298\",\"name\":\"CARAVANA DA SA\u00daDE VAI AO JARDIM PRIMAVERA NESTA QUARTA-FEIRA (17) - Blog do Farn\u00e9sio\",\"isPartOf\":{\"@id\":\"https:\\\/\\\/blogdofarnesio.com.br\\\/#website\"},\"primaryImageOfPage\":{\"@id\":\"https:\\\/\\\/blogdofarnesio.com.br\\\/?p=186298#primaryimage\"},\"image\":{\"@id\":\"https:\\\/\\\/blogdofarnesio.com.br\\\/?p=186298#primaryimage\"},\"thumbnailUrl\":\"https:\\\/\\\/blogdofarnesio.com.br\\\/wp-content\\\/uploads\\\/2016\\\/01\\\/blogqsp-marca-caravana-saude.jpg\",\"datePublished\":\"2018-01-16T10:00:14+00:00\",\"breadcrumb\":{\"@id\":\"https:\\\/\\\/blogdofarnesio.com.br\\\/?p=186298#breadcrumb\"},\"inLanguage\":\"pt-BR\",\"potentialAction\":[{\"@type\":\"ReadAction\",\"target\":[\"https:\\\/\\\/blogdofarnesio.com.br\\\/?p=186298\"]}]},{\"@type\":\"ImageObject\",\"inLanguage\":\"pt-BR\",\"@id\":\"https:\\\/\\\/blogdofarnesio.com.br\\\/?p=186298#primaryimage\",\"url\":\"https:\\\/\\\/blogdofarnesio.com.br\\\/wp-content\\\/uploads\\\/2016\\\/01\\\/blogqsp-marca-caravana-saude.jpg\",\"contentUrl\":\"https:\\\/\\\/blogdofarnesio.com.br\\\/wp-content\\\/uploads\\\/2016\\\/01\\\/blogqsp-marca-caravana-saude.jpg\",\"width\":390,\"height\":230},{\"@type\":\"BreadcrumbList\",\"@id\":\"https:\\\/\\\/blogdofarnesio.com.br\\\/?p=186298#breadcrumb\",\"itemListElement\":[{\"@type\":\"ListItem\",\"position\":1,\"name\":\"In\u00edcio\",\"item\":\"https:\\\/\\\/blogdofarnesio.com.br\\\/\"},{\"@type\":\"ListItem\",\"position\":2,\"name\":\"CARAVANA DA SA\u00daDE VAI AO JARDIM PRIMAVERA NESTA QUARTA-FEIRA (17)\"}]},{\"@type\":\"WebSite\",\"@id\":\"https:\\\/\\\/blogdofarnesio.com.br\\\/#website\",\"url\":\"https:\\\/\\\/blogdofarnesio.com.br\\\/\",\"name\":\"Blog do Farn\u00e9sio\",\"description\":\"Quer Saber Pol\u00edtica?\",\"publisher\":{\"@id\":\"https:\\\/\\\/blogdofarnesio.com.br\\\/#organization\"},\"potentialAction\":[{\"@type\":\"SearchAction\",\"target\":{\"@type\":\"EntryPoint\",\"urlTemplate\":\"https:\\\/\\\/blogdofarnesio.com.br\\\/?s={search_term_string}\"},\"query-input\":{\"@type\":\"PropertyValueSpecification\",\"valueRequired\":true,\"valueName\":\"search_term_string\"}}],\"inLanguage\":\"pt-BR\"},{\"@type\":\"Organization\",\"@id\":\"https:\\\/\\\/blogdofarnesio.com.br\\\/#organization\",\"name\":\"Blog do Farn\u00e9sio\",\"url\":\"https:\\\/\\\/blogdofarnesio.com.br\\\/\",\"logo\":{\"@type\":\"ImageObject\",\"inLanguage\":\"pt-BR\",\"@id\":\"https:\\\/\\\/blogdofarnesio.com.br\\\/#\\\/schema\\\/logo\\\/image\\\/\",\"url\":\"https:\\\/\\\/blogdofarnesio.com.br\\\/wp-content\\\/uploads\\\/2026\\\/03\\\/cropped-logo_new-1.png\",\"contentUrl\":\"https:\\\/\\\/blogdofarnesio.com.br\\\/wp-content\\\/uploads\\\/2026\\\/03\\\/cropped-logo_new-1.png\",\"width\":881,\"height\":685,\"caption\":\"Blog do Farn\u00e9sio\"},\"image\":{\"@id\":\"https:\\\/\\\/blogdofarnesio.com.br\\\/#\\\/schema\\\/logo\\\/image\\\/\"},\"sameAs\":[\"https:\\\/\\\/www.facebook.com\\\/BlogQuerSaberPolitica\\\/\"]},{\"@type\":\"Person\",\"@id\":\"https:\\\/\\\/blogdofarnesio.com.br\\\/#\\\/schema\\\/person\\\/301c4acf522bccbfdb45af95b5b906a1\",\"name\":\"Farn\u00e9sio\",\"image\":{\"@type\":\"ImageObject\",\"inLanguage\":\"pt-BR\",\"@id\":\"https:\\\/\\\/secure.gravatar.com\\\/avatar\\\/df0c9a14567c056f8ad6876ba5bbd1e3e2c48023eb6807342fc4663adf549f38?s=96&d=mm&r=g\",\"url\":\"https:\\\/\\\/secure.gravatar.com\\\/avatar\\\/df0c9a14567c056f8ad6876ba5bbd1e3e2c48023eb6807342fc4663adf549f38?s=96&d=mm&r=g\",\"contentUrl\":\"https:\\\/\\\/secure.gravatar.com\\\/avatar\\\/df0c9a14567c056f8ad6876ba5bbd1e3e2c48023eb6807342fc4663adf549f38?s=96&d=mm&r=g\",\"caption\":\"Farn\u00e9sio\"},\"sameAs\":[\"https:\\\/\\\/quersaberpolitica.com.br\"],\"url\":\"https:\\\/\\\/blogdofarnesio.com.br\\\/?author=1\"}]}<\/script>\n<!-- \/ Yoast SEO plugin. -->","yoast_head_json":{"title":"CARAVANA DA SA\u00daDE VAI AO JARDIM PRIMAVERA NESTA QUARTA-FEIRA (17) - Blog do Farn\u00e9sio","robots":{"index":"index","follow":"follow","max-snippet":"max-snippet:-1","max-image-preview":"max-image-preview:large","max-video-preview":"max-video-preview:-1"},"canonical":"https:\/\/blogdofarnesio.com.br\/?p=186298","og_locale":"pt_BR","og_type":"article","og_title":"CARAVANA DA SA\u00daDE VAI AO JARDIM PRIMAVERA NESTA QUARTA-FEIRA (17) - Blog do Farn\u00e9sio","og_description":"A Prefeitura de Juazeiro atrav\u00e9s da Secretaria de Sa\u00fade realizar\u00e1 a 102\u00aa edi\u00e7\u00e3o da Caravana da Sa\u00fade de Juazeiro na Unidade B\u00e1sica de Sa\u00fade (UBS) Jardim Primavera nesta quarta-feira (17), das 08h \u00e0s 14h.\u00a0 Ser\u00e3o ofertados para a comunidade atendimentos nas seguintes especialidades: endocrinologia, ortopedia, cardiologia, odontologia e atendimento cl\u00ednico, al\u00e9m da realiza\u00e7\u00e3o de exames laboratoriais e eletrocardiogramas. Outro servi\u00e7o que tamb\u00e9m ser\u00e1 disponibilizado para os usu\u00e1rios ser\u00e1 a atualiza\u00e7\u00e3o do cadastro do Programa Bolsa Fam\u00edlia, atrav\u00e9s da equipe da Secretaria de Desenvolvimento Social, Mulher e Diversidade (SEDIS), que estar\u00e1 presente com a Esta\u00e7\u00e3o Cidadania. A Caravana da Sa\u00fade foi institu\u00edda na gest\u00e3o do ex-prefeito Isaac Carvalho, em janeiro de 2016, a gest\u00e3o de Paulo Bomfim consolida o programa que&hellip;","og_url":"https:\/\/blogdofarnesio.com.br\/?p=186298","og_site_name":"Blog do Farn\u00e9sio","article_publisher":"https:\/\/www.facebook.com\/BlogQuerSaberPolitica\/","article_published_time":"2018-01-16T10:00:14+00:00","og_image":[{"width":390,"height":230,"url":"https:\/\/blogdofarnesio.com.br\/wp-content\/uploads\/2016\/01\/blogqsp-marca-caravana-saude.jpg","type":"image\/jpeg"}],"author":"Farn\u00e9sio","twitter_card":"summary_large_image","twitter_misc":{"Escrito por":"Farn\u00e9sio","Est. tempo de leitura":"1 minuto"},"schema":{"@context":"https:\/\/schema.org","@graph":[{"@type":"Article","@id":"https:\/\/blogdofarnesio.com.br\/?p=186298#article","isPartOf":{"@id":"https:\/\/blogdofarnesio.com.br\/?p=186298"},"author":{"name":"Farn\u00e9sio","@id":"https:\/\/blogdofarnesio.com.br\/#\/schema\/person\/301c4acf522bccbfdb45af95b5b906a1"},"headline":"CARAVANA DA SA\u00daDE VAI AO JARDIM PRIMAVERA NESTA QUARTA-FEIRA (17)","datePublished":"2018-01-16T10:00:14+00:00","mainEntityOfPage":{"@id":"https:\/\/blogdofarnesio.com.br\/?p=186298"},"wordCount":170,"commentCount":0,"publisher":{"@id":"https:\/\/blogdofarnesio.com.br\/#organization"},"image":{"@id":"https:\/\/blogdofarnesio.com.br\/?p=186298#primaryimage"},"thumbnailUrl":"https:\/\/blogdofarnesio.com.br\/wp-content\/uploads\/2016\/01\/blogqsp-marca-caravana-saude.jpg","articleSection":["Sa\u00fade"],"inLanguage":"pt-BR","potentialAction":[{"@type":"CommentAction","name":"Comment","target":["https:\/\/blogdofarnesio.com.br\/?p=186298#respond"]}]},{"@type":"WebPage","@id":"https:\/\/blogdofarnesio.com.br\/?p=186298","url":"https:\/\/blogdofarnesio.com.br\/?p=186298","name":"CARAVANA DA SA\u00daDE VAI AO JARDIM PRIMAVERA NESTA QUARTA-FEIRA (17) - Blog do Farn\u00e9sio","isPartOf":{"@id":"https:\/\/blogdofarnesio.com.br\/#website"},"primaryImageOfPage":{"@id":"https:\/\/blogdofarnesio.com.br\/?p=186298#primaryimage"},"image":{"@id":"https:\/\/blogdofarnesio.com.br\/?p=186298#primaryimage"},"thumbnailUrl":"https:\/\/blogdofarnesio.com.br\/wp-content\/uploads\/2016\/01\/blogqsp-marca-caravana-saude.jpg","datePublished":"2018-01-16T10:00:14+00:00","breadcrumb":{"@id":"https:\/\/blogdofarnesio.com.br\/?p=186298#breadcrumb"},"inLanguage":"pt-BR","potentialAction":[{"@type":"ReadAction","target":["https:\/\/blogdofarnesio.com.br\/?p=186298"]}]},{"@type":"ImageObject","inLanguage":"pt-BR","@id":"https:\/\/blogdofarnesio.com.br\/?p=186298#primaryimage","url":"https:\/\/blogdofarnesio.com.br\/wp-content\/uploads\/2016\/01\/blogqsp-marca-caravana-saude.jpg","contentUrl":"https:\/\/blogdofarnesio.com.br\/wp-content\/uploads\/2016\/01\/blogqsp-marca-caravana-saude.jpg","width":390,"height":230},{"@type":"BreadcrumbList","@id":"https:\/\/blogdofarnesio.com.br\/?p=186298#breadcrumb","itemListElement":[{"@type":"ListItem","position":1,"name":"In\u00edcio","item":"https:\/\/blogdofarnesio.com.br\/"},{"@type":"ListItem","position":2,"name":"CARAVANA DA SA\u00daDE VAI AO JARDIM PRIMAVERA NESTA QUARTA-FEIRA (17)"}]},{"@type":"WebSite","@id":"https:\/\/blogdofarnesio.com.br\/#website","url":"https:\/\/blogdofarnesio.com.br\/","name":"Blog do Farn\u00e9sio","description":"Quer Saber Pol\u00edtica?","publisher":{"@id":"https:\/\/blogdofarnesio.com.br\/#organization"},"potentialAction":[{"@type":"SearchAction","target":{"@type":"EntryPoint","urlTemplate":"https:\/\/blogdofarnesio.com.br\/?s={search_term_string}"},"query-input":{"@type":"PropertyValueSpecification","valueRequired":true,"valueName":"search_term_string"}}],"inLanguage":"pt-BR"},{"@type":"Organization","@id":"https:\/\/blogdofarnesio.com.br\/#organization","name":"Blog do Farn\u00e9sio","url":"https:\/\/blogdofarnesio.com.br\/","logo":{"@type":"ImageObject","inLanguage":"pt-BR","@id":"https:\/\/blogdofarnesio.com.br\/#\/schema\/logo\/image\/","url":"https:\/\/blogdofarnesio.com.br\/wp-content\/uploads\/2026\/03\/cropped-logo_new-1.png","contentUrl":"https:\/\/blogdofarnesio.com.br\/wp-content\/uploads\/2026\/03\/cropped-logo_new-1.png","width":881,"height":685,"caption":"Blog do Farn\u00e9sio"},"image":{"@id":"https:\/\/blogdofarnesio.com.br\/#\/schema\/logo\/image\/"},"sameAs":["https:\/\/www.facebook.com\/BlogQuerSaberPolitica\/"]},{"@type":"Person","@id":"https:\/\/blogdofarnesio.com.br\/#\/schema\/person\/301c4acf522bccbfdb45af95b5b906a1","name":"Farn\u00e9sio","image":{"@type":"ImageObject","inLanguage":"pt-BR","@id":"https:\/\/secure.gravatar.com\/avatar\/df0c9a14567c056f8ad6876ba5bbd1e3e2c48023eb6807342fc4663adf549f38?s=96&d=mm&r=g","url":"https:\/\/secure.gravatar.com\/avatar\/df0c9a14567c056f8ad6876ba5bbd1e3e2c48023eb6807342fc4663adf549f38?s=96&d=mm&r=g","contentUrl":"https:\/\/secure.gravatar.com\/avatar\/df0c9a14567c056f8ad6876ba5bbd1e3e2c48023eb6807342fc4663adf549f38?s=96&d=mm&r=g","caption":"Farn\u00e9sio"},"sameAs":["https:\/\/quersaberpolitica.com.br"],"url":"https:\/\/blogdofarnesio.com.br\/?author=1"}]}},"_links":{"self":[{"href":"https:\/\/blogdofarnesio.com.br\/index.php?rest_route=\/wp\/v2\/posts\/186298","targetHints":{"allow":["GET"]}}],"collection":[{"href":"https:\/\/blogdofarnesio.com.br\/index.php?rest_route=\/wp\/v2\/posts"}],"about":[{"href":"https:\/\/blogdofarnesio.com.br\/index.php?rest_route=\/wp\/v2\/types\/post"}],"author":[{"embeddable":true,"href":"https:\/\/blogdofarnesio.com.br\/index.php?rest_route=\/wp\/v2\/users\/1"}],"replies":[{"embeddable":true,"href":"https:\/\/blogdofarnesio.com.br\/index.php?rest_route=%2Fwp%2Fv2%2Fcomments&post=186298"}],"version-history":[{"count":0,"href":"https:\/\/blogdofarnesio.com.br\/index.php?rest_route=\/wp\/v2\/posts\/186298\/revisions"}],"wp:featuredmedia":[{"embeddable":true,"href":"https:\/\/blogdofarnesio.com.br\/index.php?rest_route=\/wp\/v2\/media\/136417"}],"wp:attachment":[{"href":"https:\/\/blogdofarnesio.com.br\/index.php?rest_route=%2Fwp%2Fv2%2Fmedia&parent=186298"}],"wp:term":[{"taxonomy":"category","embeddable":true,"href":"https:\/\/blogdofarnesio.com.br\/index.php?rest_route=%2Fwp%2Fv2%2Fcategories&post=186298"},{"taxonomy":"post_tag","embeddable":true,"href":"https:\/\/blogdofarnesio.com.br\/index.php?rest_route=%2Fwp%2Fv2%2Ftags&post=186298"}],"curies":[{"name":"wp","href":"https:\/\/api.w.org\/{rel}","templated":true}]}}