{"id":186295,"date":"2018-01-16T07:22:14","date_gmt":"2018-01-16T10:22:14","guid":{"rendered":"http:\/\/quersaberpolitica.com.br\/2016\/?p=186295"},"modified":"2018-01-15T20:07:58","modified_gmt":"2018-01-15T23:07:58","slug":"pavimentacao-esta-mudando-a-cara-do-jardim-sao-paulo-em-juazeiro","status":"publish","type":"post","link":"https:\/\/blogdofarnesio.com.br\/?p=186295","title":{"rendered":"PAVIMENTA\u00c7\u00c3O EST\u00c1 MUDANDO A &#8220;CARA&#8221; DO JARDIM S\u00c3O PAULO EM JUAZEIRO"},"content":{"rendered":"<p style=\"text-align: justify;\">Trabalhos di\u00e1rios, que t\u00eam permitido avan\u00e7os significativos. Assim caminham as obras de pavimenta\u00e7\u00e3o promovidas pela Prefeitura de Juazeiro, atrav\u00e9s da Secretaria de Obras e Desenvolvimento Urbano (SEDUR), no bairro Jardim S\u00e3o Paulo. Os moradores da comunidade est\u00e3o presenciando uma verdadeira for\u00e7a-tarefa para garantir agilidade e qualidade nos servi\u00e7os que v\u00eam assegurando o fim da poeira e lama e garantir mais mobilidade e qualidade de vida para quem reside no bairro.<\/p>\n<p style=\"text-align: justify;\">Com a evolu\u00e7\u00e3o dos trabalhos, que est\u00e3o em ritmo acelerado, 7 ruas do bairro j\u00e1 receberam pavimenta\u00e7\u00e3o em paralelep\u00edpedo gran\u00edtico (Rua Cardeal Arco Verde, S\u00e3o Francisco, Tancredo Neves, 7 de Setembro, 1\u00ba de Maio, S\u00e3o Crist\u00f3v\u00e3o e Tiradentes). Agora os servi\u00e7os est\u00e3o concentrados na Rua da Pra\u00e7a, uma das principais vias de acesso do bairro e onde todas as ruas que j\u00e1 foram beneficiadas com pavimenta\u00e7\u00e3o est\u00e3o ligadas.<\/p>\n<p style=\"text-align: justify;\">\u201cJ\u00e1 conclu\u00edmos toda a substitui\u00e7\u00e3o do solo, processo utilizado praticamente em todas as ruas aqui do bairro devido grande presen\u00e7a de umidade, conclu\u00edmos toda a terraplanagem, vamos come\u00e7ar a trabalhar a regulariza\u00e7\u00e3o da superf\u00edcie da via, tudo correndo dentro do cronograma da obra. At\u00e9 o inicio da pr\u00f3xima semana iniciamos a imprima\u00e7\u00e3o, etapa que precede o pavimento asf\u00e1ltico\u201d, explica o engenheiro Paulo Andrade.<\/p>\n<p style=\"text-align: justify;\">O trabalhador aut\u00f4nomo, Jos\u00e9 Carlos da Silva, morador do bairro h\u00e1 mais de 15 anos, diz que est\u00e1 muito feliz com as obras, que segundo ele, ir\u00e1 acabar com um problema antigo dos moradores. \u201cA infraestrutura \u00e9 um sonho antigo dos moradores que, conforme compromisso assumido em campanha pelo prefeito Paulo Bomfim e aos trabalhos e articula\u00e7\u00f5es iniciados pelo ex-prefeito Isaac Carvalho, est\u00e1 sendo realizado pela atual gest\u00e3o\u201d, declara o morador, acrescentando, que o bairro existe h\u00e1 mais de 30 anos e, durante todos esses anos, a popula\u00e7\u00e3o teve que conviver com problemas de poeira, no per\u00edodo da seca e lama, na \u00e9poca de chuvas.<\/p>\n<p style=\"text-align: justify;\">\u201c\u00c9 uma melhoria que contribui em todos os sentidos para o bem da popula\u00e7\u00e3o. Existem \u00e9pocas que n\u00e3o temos sa\u00edda, s\u00e3o poucas ruas que ficam transit\u00e1veis. A minha avalia\u00e7\u00e3o \u00e9 que as obras est\u00e3o sendo r\u00e1pidas. O prefeito tem se empenhado, no sentido de fazer uma coisa bem feita, corrigindo o que est\u00e1 errado, para que tenhamos uma pavimenta\u00e7\u00e3o de boa qualidade. Agora estamos com sorriso de ponta a ponta, pois temos um prefeito que olhou por nosso bairro\u201d, comentou o morador.<\/p>\n<p style=\"text-align: justify;\">Destacando que o bairro Jardim S\u00e3o Paulo se encontra, atualmente, em um est\u00e1gio bem diferente do encontrado antes do in\u00edcio das obras de pavimenta\u00e7\u00e3o, o titular da SEDUR, Anderson Alves, ressalta que, em termos de qualidade, o servi\u00e7o est\u00e1 sendo executado com todas as garantias de durabilidade do pavimento. Nesse sentido ele enfatiza que, al\u00e9m de utilizar o pavimento em paralelep\u00edpedo gran\u00edtico, considerado mais resistente e de f\u00e1cil manuten\u00e7\u00e3o, est\u00e1 alinhado com investimentos em drenagem, saneamento e avalia\u00e7\u00e3o e substitui\u00e7\u00e3o de solo, fatores fundamentais para a longevidade das vias, nos caso espec\u00edficos do bairro.<\/p>\n<p style=\"text-align: justify;\">\u201cO estado atual do bairro Jardim S\u00e3o Paulo \u00e9 totalmente diferente daquele que encontramos. Nos relatos que temos de quando foi feito o levantamento para a elabora\u00e7\u00e3o do projeto de pavimenta\u00e7\u00e3o pudemos verificar que existiam v\u00e1rias ruas sem nenhuma condi\u00e7\u00e3o de trafegabilidade. Hoje temos algumas que foram totalmente pavimentadas, melhorando muito a situa\u00e7\u00e3o. Dentro daquilo que planejamos, ainda n\u00e3o \u00e9 o ideal, mas j\u00e1 h\u00e1 um grande avan\u00e7o. Vamos continuar trabalhando para que mais obras aconte\u00e7am e a qualidade de vida da popula\u00e7\u00e3o juazeirense seja cada vez melhor. Essa \u00e9 a miss\u00e3o que nos foi confiada pelo prefeito Paulo Bomfim e n\u00e3o vamos medir esfor\u00e7os para atende-la\u201d, pontuou o secret\u00e1rio.<\/p>\n","protected":false},"excerpt":{"rendered":"<p>Trabalhos di\u00e1rios, que t\u00eam permitido avan\u00e7os significativos. Assim caminham as obras de pavimenta\u00e7\u00e3o promovidas pela Prefeitura de Juazeiro, atrav\u00e9s da Secretaria de Obras e Desenvolvimento Urbano (SEDUR), no bairro Jardim S\u00e3o Paulo. Os moradores da comunidade est\u00e3o presenciando uma verdadeira for\u00e7a-tarefa para garantir agilidade e qualidade nos servi\u00e7os que v\u00eam assegurando o fim da poeira e lama e garantir mais mobilidade e qualidade de vida para quem reside no bairro. Com a evolu\u00e7\u00e3o dos trabalhos, que est\u00e3o em ritmo acelerado, 7 ruas do bairro j\u00e1 receberam pavimenta\u00e7\u00e3o em paralelep\u00edpedo gran\u00edtico (Rua Cardeal Arco Verde, S\u00e3o Francisco, Tancredo Neves, 7 de Setembro, 1\u00ba de Maio, S\u00e3o Crist\u00f3v\u00e3o e Tiradentes). Agora os servi\u00e7os est\u00e3o concentrados na Rua da Pra\u00e7a, uma das principais&hellip; <\/p>\n","protected":false},"author":1,"featured_media":186296,"comment_status":"open","ping_status":"closed","sticky":false,"template":"","format":"standard","meta":{"_acf_changed":false,"footnotes":""},"categories":[44],"tags":[],"class_list":["post-186295","post","type-post","status-publish","format-standard","has-post-thumbnail","hentry","category-administracao"],"acf":[],"yoast_head":"<!-- This site is optimized with the Yoast SEO plugin v27.4 - https:\/\/yoast.com\/product\/yoast-seo-wordpress\/ -->\n<title>PAVIMENTA\u00c7\u00c3O EST\u00c1 MUDANDO A &quot;CARA&quot; DO JARDIM S\u00c3O PAULO EM JUAZEIRO - Blog do Farn\u00e9sio<\/title>\n<meta name=\"robots\" content=\"index, follow, max-snippet:-1, max-image-preview:large, max-video-preview:-1\" \/>\n<link rel=\"canonical\" href=\"https:\/\/blogdofarnesio.com.br\/?p=186295\" \/>\n<meta property=\"og:locale\" content=\"pt_BR\" \/>\n<meta property=\"og:type\" content=\"article\" \/>\n<meta property=\"og:title\" content=\"PAVIMENTA\u00c7\u00c3O EST\u00c1 MUDANDO A &quot;CARA&quot; DO JARDIM S\u00c3O PAULO EM JUAZEIRO - Blog do Farn\u00e9sio\" \/>\n<meta property=\"og:description\" content=\"Trabalhos di\u00e1rios, que t\u00eam permitido avan\u00e7os significativos. Assim caminham as obras de pavimenta\u00e7\u00e3o promovidas pela Prefeitura de Juazeiro, atrav\u00e9s da Secretaria de Obras e Desenvolvimento Urbano (SEDUR), no bairro Jardim S\u00e3o Paulo. Os moradores da comunidade est\u00e3o presenciando uma verdadeira for\u00e7a-tarefa para garantir agilidade e qualidade nos servi\u00e7os que v\u00eam assegurando o fim da poeira e lama e garantir mais mobilidade e qualidade de vida para quem reside no bairro. Com a evolu\u00e7\u00e3o dos trabalhos, que est\u00e3o em ritmo acelerado, 7 ruas do bairro j\u00e1 receberam pavimenta\u00e7\u00e3o em paralelep\u00edpedo gran\u00edtico (Rua Cardeal Arco Verde, S\u00e3o Francisco, Tancredo Neves, 7 de Setembro, 1\u00ba de Maio, S\u00e3o Crist\u00f3v\u00e3o e Tiradentes). Agora os servi\u00e7os est\u00e3o concentrados na Rua da Pra\u00e7a, uma das principais&hellip;\" \/>\n<meta property=\"og:url\" content=\"https:\/\/blogdofarnesio.com.br\/?p=186295\" \/>\n<meta property=\"og:site_name\" content=\"Blog do Farn\u00e9sio\" \/>\n<meta property=\"article:publisher\" content=\"https:\/\/www.facebook.com\/BlogQuerSaberPolitica\/\" \/>\n<meta property=\"article:published_time\" content=\"2018-01-16T10:22:14+00:00\" \/>\n<meta property=\"og:image\" content=\"https:\/\/blogdofarnesio.com.br\/wp-content\/uploads\/2018\/01\/blogqsp-Acelera-pavimenta\u00e7\u00e3o-Jd-SPaulo-3.jpg\" \/>\n\t<meta property=\"og:image:width\" content=\"533\" \/>\n\t<meta property=\"og:image:height\" content=\"480\" \/>\n\t<meta property=\"og:image:type\" content=\"image\/jpeg\" \/>\n<meta name=\"author\" content=\"Farn\u00e9sio\" \/>\n<meta name=\"twitter:card\" content=\"summary_large_image\" \/>\n<meta name=\"twitter:label1\" content=\"Escrito por\" \/>\n\t<meta name=\"twitter:data1\" content=\"Farn\u00e9sio\" \/>\n\t<meta name=\"twitter:label2\" content=\"Est. tempo de leitura\" \/>\n\t<meta name=\"twitter:data2\" content=\"3 minutos\" \/>\n<script type=\"application\/ld+json\" class=\"yoast-schema-graph\">{\"@context\":\"https:\\\/\\\/schema.org\",\"@graph\":[{\"@type\":\"Article\",\"@id\":\"https:\\\/\\\/blogdofarnesio.com.br\\\/?p=186295#article\",\"isPartOf\":{\"@id\":\"https:\\\/\\\/blogdofarnesio.com.br\\\/?p=186295\"},\"author\":{\"name\":\"Farn\u00e9sio\",\"@id\":\"https:\\\/\\\/blogdofarnesio.com.br\\\/#\\\/schema\\\/person\\\/301c4acf522bccbfdb45af95b5b906a1\"},\"headline\":\"PAVIMENTA\u00c7\u00c3O EST\u00c1 MUDANDO A &#8220;CARA&#8221; DO JARDIM S\u00c3O PAULO EM JUAZEIRO\",\"datePublished\":\"2018-01-16T10:22:14+00:00\",\"mainEntityOfPage\":{\"@id\":\"https:\\\/\\\/blogdofarnesio.com.br\\\/?p=186295\"},\"wordCount\":669,\"commentCount\":0,\"publisher\":{\"@id\":\"https:\\\/\\\/blogdofarnesio.com.br\\\/#organization\"},\"image\":{\"@id\":\"https:\\\/\\\/blogdofarnesio.com.br\\\/?p=186295#primaryimage\"},\"thumbnailUrl\":\"https:\\\/\\\/blogdofarnesio.com.br\\\/wp-content\\\/uploads\\\/2018\\\/01\\\/blogqsp-Acelera-pavimenta\u00e7\u00e3o-Jd-SPaulo-3.jpg\",\"articleSection\":[\"Administra\u00e7\u00e3o\"],\"inLanguage\":\"pt-BR\",\"potentialAction\":[{\"@type\":\"CommentAction\",\"name\":\"Comment\",\"target\":[\"https:\\\/\\\/blogdofarnesio.com.br\\\/?p=186295#respond\"]}]},{\"@type\":\"WebPage\",\"@id\":\"https:\\\/\\\/blogdofarnesio.com.br\\\/?p=186295\",\"url\":\"https:\\\/\\\/blogdofarnesio.com.br\\\/?p=186295\",\"name\":\"PAVIMENTA\u00c7\u00c3O EST\u00c1 MUDANDO A \\\"CARA\\\" DO JARDIM S\u00c3O PAULO EM JUAZEIRO - Blog do Farn\u00e9sio\",\"isPartOf\":{\"@id\":\"https:\\\/\\\/blogdofarnesio.com.br\\\/#website\"},\"primaryImageOfPage\":{\"@id\":\"https:\\\/\\\/blogdofarnesio.com.br\\\/?p=186295#primaryimage\"},\"image\":{\"@id\":\"https:\\\/\\\/blogdofarnesio.com.br\\\/?p=186295#primaryimage\"},\"thumbnailUrl\":\"https:\\\/\\\/blogdofarnesio.com.br\\\/wp-content\\\/uploads\\\/2018\\\/01\\\/blogqsp-Acelera-pavimenta\u00e7\u00e3o-Jd-SPaulo-3.jpg\",\"datePublished\":\"2018-01-16T10:22:14+00:00\",\"breadcrumb\":{\"@id\":\"https:\\\/\\\/blogdofarnesio.com.br\\\/?p=186295#breadcrumb\"},\"inLanguage\":\"pt-BR\",\"potentialAction\":[{\"@type\":\"ReadAction\",\"target\":[\"https:\\\/\\\/blogdofarnesio.com.br\\\/?p=186295\"]}]},{\"@type\":\"ImageObject\",\"inLanguage\":\"pt-BR\",\"@id\":\"https:\\\/\\\/blogdofarnesio.com.br\\\/?p=186295#primaryimage\",\"url\":\"https:\\\/\\\/blogdofarnesio.com.br\\\/wp-content\\\/uploads\\\/2018\\\/01\\\/blogqsp-Acelera-pavimenta\u00e7\u00e3o-Jd-SPaulo-3.jpg\",\"contentUrl\":\"https:\\\/\\\/blogdofarnesio.com.br\\\/wp-content\\\/uploads\\\/2018\\\/01\\\/blogqsp-Acelera-pavimenta\u00e7\u00e3o-Jd-SPaulo-3.jpg\",\"width\":533,\"height\":480},{\"@type\":\"BreadcrumbList\",\"@id\":\"https:\\\/\\\/blogdofarnesio.com.br\\\/?p=186295#breadcrumb\",\"itemListElement\":[{\"@type\":\"ListItem\",\"position\":1,\"name\":\"In\u00edcio\",\"item\":\"https:\\\/\\\/blogdofarnesio.com.br\\\/\"},{\"@type\":\"ListItem\",\"position\":2,\"name\":\"PAVIMENTA\u00c7\u00c3O EST\u00c1 MUDANDO A &#8220;CARA&#8221; DO JARDIM S\u00c3O PAULO EM JUAZEIRO\"}]},{\"@type\":\"WebSite\",\"@id\":\"https:\\\/\\\/blogdofarnesio.com.br\\\/#website\",\"url\":\"https:\\\/\\\/blogdofarnesio.com.br\\\/\",\"name\":\"Blog do Farn\u00e9sio\",\"description\":\"Quer Saber Pol\u00edtica?\",\"publisher\":{\"@id\":\"https:\\\/\\\/blogdofarnesio.com.br\\\/#organization\"},\"potentialAction\":[{\"@type\":\"SearchAction\",\"target\":{\"@type\":\"EntryPoint\",\"urlTemplate\":\"https:\\\/\\\/blogdofarnesio.com.br\\\/?s={search_term_string}\"},\"query-input\":{\"@type\":\"PropertyValueSpecification\",\"valueRequired\":true,\"valueName\":\"search_term_string\"}}],\"inLanguage\":\"pt-BR\"},{\"@type\":\"Organization\",\"@id\":\"https:\\\/\\\/blogdofarnesio.com.br\\\/#organization\",\"name\":\"Blog do Farn\u00e9sio\",\"url\":\"https:\\\/\\\/blogdofarnesio.com.br\\\/\",\"logo\":{\"@type\":\"ImageObject\",\"inLanguage\":\"pt-BR\",\"@id\":\"https:\\\/\\\/blogdofarnesio.com.br\\\/#\\\/schema\\\/logo\\\/image\\\/\",\"url\":\"https:\\\/\\\/blogdofarnesio.com.br\\\/wp-content\\\/uploads\\\/2026\\\/03\\\/cropped-logo_new-1.png\",\"contentUrl\":\"https:\\\/\\\/blogdofarnesio.com.br\\\/wp-content\\\/uploads\\\/2026\\\/03\\\/cropped-logo_new-1.png\",\"width\":881,\"height\":685,\"caption\":\"Blog do Farn\u00e9sio\"},\"image\":{\"@id\":\"https:\\\/\\\/blogdofarnesio.com.br\\\/#\\\/schema\\\/logo\\\/image\\\/\"},\"sameAs\":[\"https:\\\/\\\/www.facebook.com\\\/BlogQuerSaberPolitica\\\/\"]},{\"@type\":\"Person\",\"@id\":\"https:\\\/\\\/blogdofarnesio.com.br\\\/#\\\/schema\\\/person\\\/301c4acf522bccbfdb45af95b5b906a1\",\"name\":\"Farn\u00e9sio\",\"image\":{\"@type\":\"ImageObject\",\"inLanguage\":\"pt-BR\",\"@id\":\"https:\\\/\\\/secure.gravatar.com\\\/avatar\\\/df0c9a14567c056f8ad6876ba5bbd1e3e2c48023eb6807342fc4663adf549f38?s=96&d=mm&r=g\",\"url\":\"https:\\\/\\\/secure.gravatar.com\\\/avatar\\\/df0c9a14567c056f8ad6876ba5bbd1e3e2c48023eb6807342fc4663adf549f38?s=96&d=mm&r=g\",\"contentUrl\":\"https:\\\/\\\/secure.gravatar.com\\\/avatar\\\/df0c9a14567c056f8ad6876ba5bbd1e3e2c48023eb6807342fc4663adf549f38?s=96&d=mm&r=g\",\"caption\":\"Farn\u00e9sio\"},\"sameAs\":[\"https:\\\/\\\/quersaberpolitica.com.br\"],\"url\":\"https:\\\/\\\/blogdofarnesio.com.br\\\/?author=1\"}]}<\/script>\n<!-- \/ Yoast SEO plugin. -->","yoast_head_json":{"title":"PAVIMENTA\u00c7\u00c3O EST\u00c1 MUDANDO A \"CARA\" DO JARDIM S\u00c3O PAULO EM JUAZEIRO - Blog do Farn\u00e9sio","robots":{"index":"index","follow":"follow","max-snippet":"max-snippet:-1","max-image-preview":"max-image-preview:large","max-video-preview":"max-video-preview:-1"},"canonical":"https:\/\/blogdofarnesio.com.br\/?p=186295","og_locale":"pt_BR","og_type":"article","og_title":"PAVIMENTA\u00c7\u00c3O EST\u00c1 MUDANDO A \"CARA\" DO JARDIM S\u00c3O PAULO EM JUAZEIRO - Blog do Farn\u00e9sio","og_description":"Trabalhos di\u00e1rios, que t\u00eam permitido avan\u00e7os significativos. Assim caminham as obras de pavimenta\u00e7\u00e3o promovidas pela Prefeitura de Juazeiro, atrav\u00e9s da Secretaria de Obras e Desenvolvimento Urbano (SEDUR), no bairro Jardim S\u00e3o Paulo. Os moradores da comunidade est\u00e3o presenciando uma verdadeira for\u00e7a-tarefa para garantir agilidade e qualidade nos servi\u00e7os que v\u00eam assegurando o fim da poeira e lama e garantir mais mobilidade e qualidade de vida para quem reside no bairro. Com a evolu\u00e7\u00e3o dos trabalhos, que est\u00e3o em ritmo acelerado, 7 ruas do bairro j\u00e1 receberam pavimenta\u00e7\u00e3o em paralelep\u00edpedo gran\u00edtico (Rua Cardeal Arco Verde, S\u00e3o Francisco, Tancredo Neves, 7 de Setembro, 1\u00ba de Maio, S\u00e3o Crist\u00f3v\u00e3o e Tiradentes). Agora os servi\u00e7os est\u00e3o concentrados na Rua da Pra\u00e7a, uma das principais&hellip;","og_url":"https:\/\/blogdofarnesio.com.br\/?p=186295","og_site_name":"Blog do Farn\u00e9sio","article_publisher":"https:\/\/www.facebook.com\/BlogQuerSaberPolitica\/","article_published_time":"2018-01-16T10:22:14+00:00","og_image":[{"width":533,"height":480,"url":"https:\/\/blogdofarnesio.com.br\/wp-content\/uploads\/2018\/01\/blogqsp-Acelera-pavimenta\u00e7\u00e3o-Jd-SPaulo-3.jpg","type":"image\/jpeg"}],"author":"Farn\u00e9sio","twitter_card":"summary_large_image","twitter_misc":{"Escrito por":"Farn\u00e9sio","Est. tempo de leitura":"3 minutos"},"schema":{"@context":"https:\/\/schema.org","@graph":[{"@type":"Article","@id":"https:\/\/blogdofarnesio.com.br\/?p=186295#article","isPartOf":{"@id":"https:\/\/blogdofarnesio.com.br\/?p=186295"},"author":{"name":"Farn\u00e9sio","@id":"https:\/\/blogdofarnesio.com.br\/#\/schema\/person\/301c4acf522bccbfdb45af95b5b906a1"},"headline":"PAVIMENTA\u00c7\u00c3O EST\u00c1 MUDANDO A &#8220;CARA&#8221; DO JARDIM S\u00c3O PAULO EM JUAZEIRO","datePublished":"2018-01-16T10:22:14+00:00","mainEntityOfPage":{"@id":"https:\/\/blogdofarnesio.com.br\/?p=186295"},"wordCount":669,"commentCount":0,"publisher":{"@id":"https:\/\/blogdofarnesio.com.br\/#organization"},"image":{"@id":"https:\/\/blogdofarnesio.com.br\/?p=186295#primaryimage"},"thumbnailUrl":"https:\/\/blogdofarnesio.com.br\/wp-content\/uploads\/2018\/01\/blogqsp-Acelera-pavimenta\u00e7\u00e3o-Jd-SPaulo-3.jpg","articleSection":["Administra\u00e7\u00e3o"],"inLanguage":"pt-BR","potentialAction":[{"@type":"CommentAction","name":"Comment","target":["https:\/\/blogdofarnesio.com.br\/?p=186295#respond"]}]},{"@type":"WebPage","@id":"https:\/\/blogdofarnesio.com.br\/?p=186295","url":"https:\/\/blogdofarnesio.com.br\/?p=186295","name":"PAVIMENTA\u00c7\u00c3O EST\u00c1 MUDANDO A \"CARA\" DO JARDIM S\u00c3O PAULO EM JUAZEIRO - Blog do Farn\u00e9sio","isPartOf":{"@id":"https:\/\/blogdofarnesio.com.br\/#website"},"primaryImageOfPage":{"@id":"https:\/\/blogdofarnesio.com.br\/?p=186295#primaryimage"},"image":{"@id":"https:\/\/blogdofarnesio.com.br\/?p=186295#primaryimage"},"thumbnailUrl":"https:\/\/blogdofarnesio.com.br\/wp-content\/uploads\/2018\/01\/blogqsp-Acelera-pavimenta\u00e7\u00e3o-Jd-SPaulo-3.jpg","datePublished":"2018-01-16T10:22:14+00:00","breadcrumb":{"@id":"https:\/\/blogdofarnesio.com.br\/?p=186295#breadcrumb"},"inLanguage":"pt-BR","potentialAction":[{"@type":"ReadAction","target":["https:\/\/blogdofarnesio.com.br\/?p=186295"]}]},{"@type":"ImageObject","inLanguage":"pt-BR","@id":"https:\/\/blogdofarnesio.com.br\/?p=186295#primaryimage","url":"https:\/\/blogdofarnesio.com.br\/wp-content\/uploads\/2018\/01\/blogqsp-Acelera-pavimenta\u00e7\u00e3o-Jd-SPaulo-3.jpg","contentUrl":"https:\/\/blogdofarnesio.com.br\/wp-content\/uploads\/2018\/01\/blogqsp-Acelera-pavimenta\u00e7\u00e3o-Jd-SPaulo-3.jpg","width":533,"height":480},{"@type":"BreadcrumbList","@id":"https:\/\/blogdofarnesio.com.br\/?p=186295#breadcrumb","itemListElement":[{"@type":"ListItem","position":1,"name":"In\u00edcio","item":"https:\/\/blogdofarnesio.com.br\/"},{"@type":"ListItem","position":2,"name":"PAVIMENTA\u00c7\u00c3O EST\u00c1 MUDANDO A &#8220;CARA&#8221; DO JARDIM S\u00c3O PAULO EM JUAZEIRO"}]},{"@type":"WebSite","@id":"https:\/\/blogdofarnesio.com.br\/#website","url":"https:\/\/blogdofarnesio.com.br\/","name":"Blog do Farn\u00e9sio","description":"Quer Saber Pol\u00edtica?","publisher":{"@id":"https:\/\/blogdofarnesio.com.br\/#organization"},"potentialAction":[{"@type":"SearchAction","target":{"@type":"EntryPoint","urlTemplate":"https:\/\/blogdofarnesio.com.br\/?s={search_term_string}"},"query-input":{"@type":"PropertyValueSpecification","valueRequired":true,"valueName":"search_term_string"}}],"inLanguage":"pt-BR"},{"@type":"Organization","@id":"https:\/\/blogdofarnesio.com.br\/#organization","name":"Blog do Farn\u00e9sio","url":"https:\/\/blogdofarnesio.com.br\/","logo":{"@type":"ImageObject","inLanguage":"pt-BR","@id":"https:\/\/blogdofarnesio.com.br\/#\/schema\/logo\/image\/","url":"https:\/\/blogdofarnesio.com.br\/wp-content\/uploads\/2026\/03\/cropped-logo_new-1.png","contentUrl":"https:\/\/blogdofarnesio.com.br\/wp-content\/uploads\/2026\/03\/cropped-logo_new-1.png","width":881,"height":685,"caption":"Blog do Farn\u00e9sio"},"image":{"@id":"https:\/\/blogdofarnesio.com.br\/#\/schema\/logo\/image\/"},"sameAs":["https:\/\/www.facebook.com\/BlogQuerSaberPolitica\/"]},{"@type":"Person","@id":"https:\/\/blogdofarnesio.com.br\/#\/schema\/person\/301c4acf522bccbfdb45af95b5b906a1","name":"Farn\u00e9sio","image":{"@type":"ImageObject","inLanguage":"pt-BR","@id":"https:\/\/secure.gravatar.com\/avatar\/df0c9a14567c056f8ad6876ba5bbd1e3e2c48023eb6807342fc4663adf549f38?s=96&d=mm&r=g","url":"https:\/\/secure.gravatar.com\/avatar\/df0c9a14567c056f8ad6876ba5bbd1e3e2c48023eb6807342fc4663adf549f38?s=96&d=mm&r=g","contentUrl":"https:\/\/secure.gravatar.com\/avatar\/df0c9a14567c056f8ad6876ba5bbd1e3e2c48023eb6807342fc4663adf549f38?s=96&d=mm&r=g","caption":"Farn\u00e9sio"},"sameAs":["https:\/\/quersaberpolitica.com.br"],"url":"https:\/\/blogdofarnesio.com.br\/?author=1"}]}},"_links":{"self":[{"href":"https:\/\/blogdofarnesio.com.br\/index.php?rest_route=\/wp\/v2\/posts\/186295","targetHints":{"allow":["GET"]}}],"collection":[{"href":"https:\/\/blogdofarnesio.com.br\/index.php?rest_route=\/wp\/v2\/posts"}],"about":[{"href":"https:\/\/blogdofarnesio.com.br\/index.php?rest_route=\/wp\/v2\/types\/post"}],"author":[{"embeddable":true,"href":"https:\/\/blogdofarnesio.com.br\/index.php?rest_route=\/wp\/v2\/users\/1"}],"replies":[{"embeddable":true,"href":"https:\/\/blogdofarnesio.com.br\/index.php?rest_route=%2Fwp%2Fv2%2Fcomments&post=186295"}],"version-history":[{"count":0,"href":"https:\/\/blogdofarnesio.com.br\/index.php?rest_route=\/wp\/v2\/posts\/186295\/revisions"}],"wp:featuredmedia":[{"embeddable":true,"href":"https:\/\/blogdofarnesio.com.br\/index.php?rest_route=\/wp\/v2\/media\/186296"}],"wp:attachment":[{"href":"https:\/\/blogdofarnesio.com.br\/index.php?rest_route=%2Fwp%2Fv2%2Fmedia&parent=186295"}],"wp:term":[{"taxonomy":"category","embeddable":true,"href":"https:\/\/blogdofarnesio.com.br\/index.php?rest_route=%2Fwp%2Fv2%2Fcategories&post=186295"},{"taxonomy":"post_tag","embeddable":true,"href":"https:\/\/blogdofarnesio.com.br\/index.php?rest_route=%2Fwp%2Fv2%2Ftags&post=186295"}],"curies":[{"name":"wp","href":"https:\/\/api.w.org\/{rel}","templated":true}]}}