{"id":186207,"date":"2018-01-15T07:22:40","date_gmt":"2018-01-15T10:22:40","guid":{"rendered":"http:\/\/quersaberpolitica.com.br\/2016\/?p=186207"},"modified":"2018-01-14T15:41:25","modified_gmt":"2018-01-14T18:41:25","slug":"secretaria-de-educacao-de-pernambuco-anuncia-inscricoes-para-o-programa-de-acesso-ao-ensino-superior","status":"publish","type":"post","link":"https:\/\/blogdofarnesio.com.br\/?p=186207","title":{"rendered":"SECRETARIA DE EDUCA\u00c7\u00c3O DE PERNAMBUCO ANUNCIA INSCRI\u00c7\u00d5ES PARA O PROGRAMA DE ACESSO AO ENSINO SUPERIOR"},"content":{"rendered":"<div>Tem in\u00edcio esta semana, as inscri\u00e7\u00f5es para a sele\u00e7\u00e3o do Programa de Acesso ao Ensino Superior (PE no Campus). O programa prepara os estudantes para o Exame Nacional do Ensino M\u00e9dio (Enem) e para o Sistema Seriado de Avalia\u00e7\u00e3o (SSA) da Universidade de Pernambuco (UPE) e tamb\u00e9m concede apoio financeiro, atrav\u00e9s de bolsas, aos estudantes de baixa renda da rede estadual aprovados em institui\u00e7\u00f5es p\u00fablicas de ensino superior.<\/div>\n<div><\/div>\n<div><strong>Para participar da sele\u00e7\u00e3o, os candidatos devem realizar inscri\u00e7\u00e3o eletr\u00f4nica atrav\u00e9s do site da Secretaria de Educa\u00e7\u00e3o de Pernambuco entre 19 e 24 de janeiro de 2018.<\/strong><\/div>\n<div><\/div>\n<div>Para concorrer ao PE no Campus, o candidato ter\u00e1 que ter estudado todo o ensino m\u00e9dio na rede estadual e ter conclu\u00eddo, no m\u00e1ximo, h\u00e1 cinco anos; ser atendido no Programa Bolsa Fam\u00edlia ou ter renda familiar inferior a dois sal\u00e1rios m\u00ednimos, e ter resid\u00eancia fixa com dist\u00e2ncia igual ou superior a 50km da universidade.<\/div>\n<div><\/div>\n<div>Na primeira edi\u00e7\u00e3o, ser\u00e3o oferecidas mil bolsas para os estudantes que obtiverem as melhores notas da \u00faltima edi\u00e7\u00e3o do Enem e do SSA. A distribui\u00e7\u00e3o das bolsas do PE no Campus ser\u00e1 da seguinte forma: 100 para os classificados pelo SSA e 900 para os classificados pelo Enem. A bolsa dos estudantes selecionados no PE no Campus ser\u00e1 de R$ 950, no primeiro ano, e R$ 400, no segundo ano. Essa quantia ajudar\u00e1 os selecionados nas despesas do curso, moradia, alimenta\u00e7\u00e3o e transporte.<\/div>\n<div><strong><br \/>\nCRIT\u00c9RIOS DE SELE\u00c7\u00c3O<\/strong><\/div>\n<div>Ser\u00e3o tr\u00eas etapas. A primeira, de car\u00e1ter eliminat\u00f3rio, ser\u00e1 de an\u00e1lise dos dados e documentos exigidos no momento da inscri\u00e7\u00e3o eletr\u00f4nica. A segunda etapa ser\u00e1 de classifica\u00e7\u00e3o dos mil estudantes selecionados para as bolsas do Programa, de acordo com as notas obtidas no Enem e no SSA. Para a terceira etapa, junto ao formul\u00e1rio de inscri\u00e7\u00e3o online, o interessado tamb\u00e9m dever\u00e1 anexar ao sistema de inscri\u00e7\u00e3o a vers\u00e3o digitalizada dos seguintes documentos: CPF e RG do estudante e comprovante individual da nota obtida pelo estudante no Enem e no SSA. Tamb\u00e9m ser\u00e1 necess\u00e1rio preencher as informa\u00e7\u00f5es sobre renda e n\u00famero de cadastro no Programa Bolsa Fam\u00edlia, se houver.<\/div>\n<div><strong>RESULTADOS<\/strong><\/div>\n<div>Todos os resultados ser\u00e3o divulgados no site da Secretaria de Educa\u00e7\u00e3o de Pernambuco. O resultado final com a convoca\u00e7\u00e3o dos classificados para assinatura de Termo de Compromisso do PE no Campus ser\u00e1 divulgado no dia 19 de fevereiro.<\/div>\n","protected":false},"excerpt":{"rendered":"<p>Tem in\u00edcio esta semana, as inscri\u00e7\u00f5es para a sele\u00e7\u00e3o do Programa de Acesso ao Ensino Superior (PE no Campus). O programa prepara os estudantes para o Exame Nacional do Ensino M\u00e9dio (Enem) e para o Sistema Seriado de Avalia\u00e7\u00e3o (SSA) da Universidade de Pernambuco (UPE) e tamb\u00e9m concede apoio financeiro, atrav\u00e9s de bolsas, aos estudantes de baixa renda da rede estadual aprovados em institui\u00e7\u00f5es p\u00fablicas de ensino superior. Para participar da sele\u00e7\u00e3o, os candidatos devem realizar inscri\u00e7\u00e3o eletr\u00f4nica atrav\u00e9s do site da Secretaria de Educa\u00e7\u00e3o de Pernambuco entre 19 e 24 de janeiro de 2018. Para concorrer ao PE no Campus, o candidato ter\u00e1 que ter estudado todo o ensino m\u00e9dio na rede estadual e ter conclu\u00eddo, no m\u00e1ximo, h\u00e1&hellip; <\/p>\n","protected":false},"author":1,"featured_media":154801,"comment_status":"open","ping_status":"closed","sticky":false,"template":"","format":"standard","meta":{"_acf_changed":false,"footnotes":""},"categories":[6],"tags":[],"class_list":["post-186207","post","type-post","status-publish","format-standard","has-post-thumbnail","hentry","category-educacao"],"acf":[],"yoast_head":"<!-- This site is optimized with the Yoast SEO plugin v27.4 - https:\/\/yoast.com\/product\/yoast-seo-wordpress\/ -->\n<title>SECRETARIA DE EDUCA\u00c7\u00c3O DE PERNAMBUCO ANUNCIA INSCRI\u00c7\u00d5ES PARA O PROGRAMA DE ACESSO AO ENSINO SUPERIOR - Blog do Farn\u00e9sio<\/title>\n<meta name=\"robots\" content=\"index, follow, max-snippet:-1, max-image-preview:large, max-video-preview:-1\" \/>\n<link rel=\"canonical\" href=\"https:\/\/blogdofarnesio.com.br\/?p=186207\" \/>\n<meta property=\"og:locale\" content=\"pt_BR\" \/>\n<meta property=\"og:type\" content=\"article\" \/>\n<meta property=\"og:title\" content=\"SECRETARIA DE EDUCA\u00c7\u00c3O DE PERNAMBUCO ANUNCIA INSCRI\u00c7\u00d5ES PARA O PROGRAMA DE ACESSO AO ENSINO SUPERIOR - Blog do Farn\u00e9sio\" \/>\n<meta property=\"og:description\" content=\"Tem in\u00edcio esta semana, as inscri\u00e7\u00f5es para a sele\u00e7\u00e3o do Programa de Acesso ao Ensino Superior (PE no Campus). O programa prepara os estudantes para o Exame Nacional do Ensino M\u00e9dio (Enem) e para o Sistema Seriado de Avalia\u00e7\u00e3o (SSA) da Universidade de Pernambuco (UPE) e tamb\u00e9m concede apoio financeiro, atrav\u00e9s de bolsas, aos estudantes de baixa renda da rede estadual aprovados em institui\u00e7\u00f5es p\u00fablicas de ensino superior. Para participar da sele\u00e7\u00e3o, os candidatos devem realizar inscri\u00e7\u00e3o eletr\u00f4nica atrav\u00e9s do site da Secretaria de Educa\u00e7\u00e3o de Pernambuco entre 19 e 24 de janeiro de 2018. Para concorrer ao PE no Campus, o candidato ter\u00e1 que ter estudado todo o ensino m\u00e9dio na rede estadual e ter conclu\u00eddo, no m\u00e1ximo, h\u00e1&hellip;\" \/>\n<meta property=\"og:url\" content=\"https:\/\/blogdofarnesio.com.br\/?p=186207\" \/>\n<meta property=\"og:site_name\" content=\"Blog do Farn\u00e9sio\" \/>\n<meta property=\"article:publisher\" content=\"https:\/\/www.facebook.com\/BlogQuerSaberPolitica\/\" \/>\n<meta property=\"article:published_time\" content=\"2018-01-15T10:22:40+00:00\" \/>\n<meta property=\"og:image\" content=\"https:\/\/blogdofarnesio.com.br\/wp-content\/uploads\/2017\/01\/blogqspestudanteestagioprofiss\u00e3o.jpg\" \/>\n\t<meta property=\"og:image:width\" content=\"550\" \/>\n\t<meta property=\"og:image:height\" content=\"316\" \/>\n\t<meta property=\"og:image:type\" content=\"image\/jpeg\" \/>\n<meta name=\"author\" content=\"Farn\u00e9sio\" \/>\n<meta name=\"twitter:card\" content=\"summary_large_image\" \/>\n<meta name=\"twitter:label1\" content=\"Escrito por\" \/>\n\t<meta name=\"twitter:data1\" content=\"Farn\u00e9sio\" \/>\n\t<meta name=\"twitter:label2\" content=\"Est. tempo de leitura\" \/>\n\t<meta name=\"twitter:data2\" content=\"2 minutos\" \/>\n<script type=\"application\/ld+json\" class=\"yoast-schema-graph\">{\"@context\":\"https:\\\/\\\/schema.org\",\"@graph\":[{\"@type\":\"Article\",\"@id\":\"https:\\\/\\\/blogdofarnesio.com.br\\\/?p=186207#article\",\"isPartOf\":{\"@id\":\"https:\\\/\\\/blogdofarnesio.com.br\\\/?p=186207\"},\"author\":{\"name\":\"Farn\u00e9sio\",\"@id\":\"https:\\\/\\\/blogdofarnesio.com.br\\\/#\\\/schema\\\/person\\\/301c4acf522bccbfdb45af95b5b906a1\"},\"headline\":\"SECRETARIA DE EDUCA\u00c7\u00c3O DE PERNAMBUCO ANUNCIA INSCRI\u00c7\u00d5ES PARA O PROGRAMA DE ACESSO AO ENSINO SUPERIOR\",\"datePublished\":\"2018-01-15T10:22:40+00:00\",\"mainEntityOfPage\":{\"@id\":\"https:\\\/\\\/blogdofarnesio.com.br\\\/?p=186207\"},\"wordCount\":442,\"commentCount\":0,\"publisher\":{\"@id\":\"https:\\\/\\\/blogdofarnesio.com.br\\\/#organization\"},\"image\":{\"@id\":\"https:\\\/\\\/blogdofarnesio.com.br\\\/?p=186207#primaryimage\"},\"thumbnailUrl\":\"https:\\\/\\\/blogdofarnesio.com.br\\\/wp-content\\\/uploads\\\/2017\\\/01\\\/blogqspestudanteestagioprofiss\u00e3o.jpg\",\"articleSection\":[\"Educa\u00e7\u00e3o\"],\"inLanguage\":\"pt-BR\",\"potentialAction\":[{\"@type\":\"CommentAction\",\"name\":\"Comment\",\"target\":[\"https:\\\/\\\/blogdofarnesio.com.br\\\/?p=186207#respond\"]}]},{\"@type\":\"WebPage\",\"@id\":\"https:\\\/\\\/blogdofarnesio.com.br\\\/?p=186207\",\"url\":\"https:\\\/\\\/blogdofarnesio.com.br\\\/?p=186207\",\"name\":\"SECRETARIA DE EDUCA\u00c7\u00c3O DE PERNAMBUCO ANUNCIA INSCRI\u00c7\u00d5ES PARA O PROGRAMA DE ACESSO AO ENSINO SUPERIOR - Blog do Farn\u00e9sio\",\"isPartOf\":{\"@id\":\"https:\\\/\\\/blogdofarnesio.com.br\\\/#website\"},\"primaryImageOfPage\":{\"@id\":\"https:\\\/\\\/blogdofarnesio.com.br\\\/?p=186207#primaryimage\"},\"image\":{\"@id\":\"https:\\\/\\\/blogdofarnesio.com.br\\\/?p=186207#primaryimage\"},\"thumbnailUrl\":\"https:\\\/\\\/blogdofarnesio.com.br\\\/wp-content\\\/uploads\\\/2017\\\/01\\\/blogqspestudanteestagioprofiss\u00e3o.jpg\",\"datePublished\":\"2018-01-15T10:22:40+00:00\",\"breadcrumb\":{\"@id\":\"https:\\\/\\\/blogdofarnesio.com.br\\\/?p=186207#breadcrumb\"},\"inLanguage\":\"pt-BR\",\"potentialAction\":[{\"@type\":\"ReadAction\",\"target\":[\"https:\\\/\\\/blogdofarnesio.com.br\\\/?p=186207\"]}]},{\"@type\":\"ImageObject\",\"inLanguage\":\"pt-BR\",\"@id\":\"https:\\\/\\\/blogdofarnesio.com.br\\\/?p=186207#primaryimage\",\"url\":\"https:\\\/\\\/blogdofarnesio.com.br\\\/wp-content\\\/uploads\\\/2017\\\/01\\\/blogqspestudanteestagioprofiss\u00e3o.jpg\",\"contentUrl\":\"https:\\\/\\\/blogdofarnesio.com.br\\\/wp-content\\\/uploads\\\/2017\\\/01\\\/blogqspestudanteestagioprofiss\u00e3o.jpg\",\"width\":550,\"height\":316},{\"@type\":\"BreadcrumbList\",\"@id\":\"https:\\\/\\\/blogdofarnesio.com.br\\\/?p=186207#breadcrumb\",\"itemListElement\":[{\"@type\":\"ListItem\",\"position\":1,\"name\":\"In\u00edcio\",\"item\":\"https:\\\/\\\/blogdofarnesio.com.br\\\/\"},{\"@type\":\"ListItem\",\"position\":2,\"name\":\"SECRETARIA DE EDUCA\u00c7\u00c3O DE PERNAMBUCO ANUNCIA INSCRI\u00c7\u00d5ES PARA O PROGRAMA DE ACESSO AO ENSINO SUPERIOR\"}]},{\"@type\":\"WebSite\",\"@id\":\"https:\\\/\\\/blogdofarnesio.com.br\\\/#website\",\"url\":\"https:\\\/\\\/blogdofarnesio.com.br\\\/\",\"name\":\"Blog do Farn\u00e9sio\",\"description\":\"Quer Saber Pol\u00edtica?\",\"publisher\":{\"@id\":\"https:\\\/\\\/blogdofarnesio.com.br\\\/#organization\"},\"potentialAction\":[{\"@type\":\"SearchAction\",\"target\":{\"@type\":\"EntryPoint\",\"urlTemplate\":\"https:\\\/\\\/blogdofarnesio.com.br\\\/?s={search_term_string}\"},\"query-input\":{\"@type\":\"PropertyValueSpecification\",\"valueRequired\":true,\"valueName\":\"search_term_string\"}}],\"inLanguage\":\"pt-BR\"},{\"@type\":\"Organization\",\"@id\":\"https:\\\/\\\/blogdofarnesio.com.br\\\/#organization\",\"name\":\"Blog do Farn\u00e9sio\",\"url\":\"https:\\\/\\\/blogdofarnesio.com.br\\\/\",\"logo\":{\"@type\":\"ImageObject\",\"inLanguage\":\"pt-BR\",\"@id\":\"https:\\\/\\\/blogdofarnesio.com.br\\\/#\\\/schema\\\/logo\\\/image\\\/\",\"url\":\"https:\\\/\\\/blogdofarnesio.com.br\\\/wp-content\\\/uploads\\\/2026\\\/03\\\/cropped-logo_new-1.png\",\"contentUrl\":\"https:\\\/\\\/blogdofarnesio.com.br\\\/wp-content\\\/uploads\\\/2026\\\/03\\\/cropped-logo_new-1.png\",\"width\":881,\"height\":685,\"caption\":\"Blog do Farn\u00e9sio\"},\"image\":{\"@id\":\"https:\\\/\\\/blogdofarnesio.com.br\\\/#\\\/schema\\\/logo\\\/image\\\/\"},\"sameAs\":[\"https:\\\/\\\/www.facebook.com\\\/BlogQuerSaberPolitica\\\/\"]},{\"@type\":\"Person\",\"@id\":\"https:\\\/\\\/blogdofarnesio.com.br\\\/#\\\/schema\\\/person\\\/301c4acf522bccbfdb45af95b5b906a1\",\"name\":\"Farn\u00e9sio\",\"image\":{\"@type\":\"ImageObject\",\"inLanguage\":\"pt-BR\",\"@id\":\"https:\\\/\\\/secure.gravatar.com\\\/avatar\\\/df0c9a14567c056f8ad6876ba5bbd1e3e2c48023eb6807342fc4663adf549f38?s=96&d=mm&r=g\",\"url\":\"https:\\\/\\\/secure.gravatar.com\\\/avatar\\\/df0c9a14567c056f8ad6876ba5bbd1e3e2c48023eb6807342fc4663adf549f38?s=96&d=mm&r=g\",\"contentUrl\":\"https:\\\/\\\/secure.gravatar.com\\\/avatar\\\/df0c9a14567c056f8ad6876ba5bbd1e3e2c48023eb6807342fc4663adf549f38?s=96&d=mm&r=g\",\"caption\":\"Farn\u00e9sio\"},\"sameAs\":[\"https:\\\/\\\/quersaberpolitica.com.br\"],\"url\":\"https:\\\/\\\/blogdofarnesio.com.br\\\/?author=1\"}]}<\/script>\n<!-- \/ Yoast SEO plugin. -->","yoast_head_json":{"title":"SECRETARIA DE EDUCA\u00c7\u00c3O DE PERNAMBUCO ANUNCIA INSCRI\u00c7\u00d5ES PARA O PROGRAMA DE ACESSO AO ENSINO SUPERIOR - Blog do Farn\u00e9sio","robots":{"index":"index","follow":"follow","max-snippet":"max-snippet:-1","max-image-preview":"max-image-preview:large","max-video-preview":"max-video-preview:-1"},"canonical":"https:\/\/blogdofarnesio.com.br\/?p=186207","og_locale":"pt_BR","og_type":"article","og_title":"SECRETARIA DE EDUCA\u00c7\u00c3O DE PERNAMBUCO ANUNCIA INSCRI\u00c7\u00d5ES PARA O PROGRAMA DE ACESSO AO ENSINO SUPERIOR - Blog do Farn\u00e9sio","og_description":"Tem in\u00edcio esta semana, as inscri\u00e7\u00f5es para a sele\u00e7\u00e3o do Programa de Acesso ao Ensino Superior (PE no Campus). O programa prepara os estudantes para o Exame Nacional do Ensino M\u00e9dio (Enem) e para o Sistema Seriado de Avalia\u00e7\u00e3o (SSA) da Universidade de Pernambuco (UPE) e tamb\u00e9m concede apoio financeiro, atrav\u00e9s de bolsas, aos estudantes de baixa renda da rede estadual aprovados em institui\u00e7\u00f5es p\u00fablicas de ensino superior. Para participar da sele\u00e7\u00e3o, os candidatos devem realizar inscri\u00e7\u00e3o eletr\u00f4nica atrav\u00e9s do site da Secretaria de Educa\u00e7\u00e3o de Pernambuco entre 19 e 24 de janeiro de 2018. Para concorrer ao PE no Campus, o candidato ter\u00e1 que ter estudado todo o ensino m\u00e9dio na rede estadual e ter conclu\u00eddo, no m\u00e1ximo, h\u00e1&hellip;","og_url":"https:\/\/blogdofarnesio.com.br\/?p=186207","og_site_name":"Blog do Farn\u00e9sio","article_publisher":"https:\/\/www.facebook.com\/BlogQuerSaberPolitica\/","article_published_time":"2018-01-15T10:22:40+00:00","og_image":[{"width":550,"height":316,"url":"https:\/\/blogdofarnesio.com.br\/wp-content\/uploads\/2017\/01\/blogqspestudanteestagioprofiss\u00e3o.jpg","type":"image\/jpeg"}],"author":"Farn\u00e9sio","twitter_card":"summary_large_image","twitter_misc":{"Escrito por":"Farn\u00e9sio","Est. tempo de leitura":"2 minutos"},"schema":{"@context":"https:\/\/schema.org","@graph":[{"@type":"Article","@id":"https:\/\/blogdofarnesio.com.br\/?p=186207#article","isPartOf":{"@id":"https:\/\/blogdofarnesio.com.br\/?p=186207"},"author":{"name":"Farn\u00e9sio","@id":"https:\/\/blogdofarnesio.com.br\/#\/schema\/person\/301c4acf522bccbfdb45af95b5b906a1"},"headline":"SECRETARIA DE EDUCA\u00c7\u00c3O DE PERNAMBUCO ANUNCIA INSCRI\u00c7\u00d5ES PARA O PROGRAMA DE ACESSO AO ENSINO SUPERIOR","datePublished":"2018-01-15T10:22:40+00:00","mainEntityOfPage":{"@id":"https:\/\/blogdofarnesio.com.br\/?p=186207"},"wordCount":442,"commentCount":0,"publisher":{"@id":"https:\/\/blogdofarnesio.com.br\/#organization"},"image":{"@id":"https:\/\/blogdofarnesio.com.br\/?p=186207#primaryimage"},"thumbnailUrl":"https:\/\/blogdofarnesio.com.br\/wp-content\/uploads\/2017\/01\/blogqspestudanteestagioprofiss\u00e3o.jpg","articleSection":["Educa\u00e7\u00e3o"],"inLanguage":"pt-BR","potentialAction":[{"@type":"CommentAction","name":"Comment","target":["https:\/\/blogdofarnesio.com.br\/?p=186207#respond"]}]},{"@type":"WebPage","@id":"https:\/\/blogdofarnesio.com.br\/?p=186207","url":"https:\/\/blogdofarnesio.com.br\/?p=186207","name":"SECRETARIA DE EDUCA\u00c7\u00c3O DE PERNAMBUCO ANUNCIA INSCRI\u00c7\u00d5ES PARA O PROGRAMA DE ACESSO AO ENSINO SUPERIOR - Blog do Farn\u00e9sio","isPartOf":{"@id":"https:\/\/blogdofarnesio.com.br\/#website"},"primaryImageOfPage":{"@id":"https:\/\/blogdofarnesio.com.br\/?p=186207#primaryimage"},"image":{"@id":"https:\/\/blogdofarnesio.com.br\/?p=186207#primaryimage"},"thumbnailUrl":"https:\/\/blogdofarnesio.com.br\/wp-content\/uploads\/2017\/01\/blogqspestudanteestagioprofiss\u00e3o.jpg","datePublished":"2018-01-15T10:22:40+00:00","breadcrumb":{"@id":"https:\/\/blogdofarnesio.com.br\/?p=186207#breadcrumb"},"inLanguage":"pt-BR","potentialAction":[{"@type":"ReadAction","target":["https:\/\/blogdofarnesio.com.br\/?p=186207"]}]},{"@type":"ImageObject","inLanguage":"pt-BR","@id":"https:\/\/blogdofarnesio.com.br\/?p=186207#primaryimage","url":"https:\/\/blogdofarnesio.com.br\/wp-content\/uploads\/2017\/01\/blogqspestudanteestagioprofiss\u00e3o.jpg","contentUrl":"https:\/\/blogdofarnesio.com.br\/wp-content\/uploads\/2017\/01\/blogqspestudanteestagioprofiss\u00e3o.jpg","width":550,"height":316},{"@type":"BreadcrumbList","@id":"https:\/\/blogdofarnesio.com.br\/?p=186207#breadcrumb","itemListElement":[{"@type":"ListItem","position":1,"name":"In\u00edcio","item":"https:\/\/blogdofarnesio.com.br\/"},{"@type":"ListItem","position":2,"name":"SECRETARIA DE EDUCA\u00c7\u00c3O DE PERNAMBUCO ANUNCIA INSCRI\u00c7\u00d5ES PARA O PROGRAMA DE ACESSO AO ENSINO SUPERIOR"}]},{"@type":"WebSite","@id":"https:\/\/blogdofarnesio.com.br\/#website","url":"https:\/\/blogdofarnesio.com.br\/","name":"Blog do Farn\u00e9sio","description":"Quer Saber Pol\u00edtica?","publisher":{"@id":"https:\/\/blogdofarnesio.com.br\/#organization"},"potentialAction":[{"@type":"SearchAction","target":{"@type":"EntryPoint","urlTemplate":"https:\/\/blogdofarnesio.com.br\/?s={search_term_string}"},"query-input":{"@type":"PropertyValueSpecification","valueRequired":true,"valueName":"search_term_string"}}],"inLanguage":"pt-BR"},{"@type":"Organization","@id":"https:\/\/blogdofarnesio.com.br\/#organization","name":"Blog do Farn\u00e9sio","url":"https:\/\/blogdofarnesio.com.br\/","logo":{"@type":"ImageObject","inLanguage":"pt-BR","@id":"https:\/\/blogdofarnesio.com.br\/#\/schema\/logo\/image\/","url":"https:\/\/blogdofarnesio.com.br\/wp-content\/uploads\/2026\/03\/cropped-logo_new-1.png","contentUrl":"https:\/\/blogdofarnesio.com.br\/wp-content\/uploads\/2026\/03\/cropped-logo_new-1.png","width":881,"height":685,"caption":"Blog do Farn\u00e9sio"},"image":{"@id":"https:\/\/blogdofarnesio.com.br\/#\/schema\/logo\/image\/"},"sameAs":["https:\/\/www.facebook.com\/BlogQuerSaberPolitica\/"]},{"@type":"Person","@id":"https:\/\/blogdofarnesio.com.br\/#\/schema\/person\/301c4acf522bccbfdb45af95b5b906a1","name":"Farn\u00e9sio","image":{"@type":"ImageObject","inLanguage":"pt-BR","@id":"https:\/\/secure.gravatar.com\/avatar\/df0c9a14567c056f8ad6876ba5bbd1e3e2c48023eb6807342fc4663adf549f38?s=96&d=mm&r=g","url":"https:\/\/secure.gravatar.com\/avatar\/df0c9a14567c056f8ad6876ba5bbd1e3e2c48023eb6807342fc4663adf549f38?s=96&d=mm&r=g","contentUrl":"https:\/\/secure.gravatar.com\/avatar\/df0c9a14567c056f8ad6876ba5bbd1e3e2c48023eb6807342fc4663adf549f38?s=96&d=mm&r=g","caption":"Farn\u00e9sio"},"sameAs":["https:\/\/quersaberpolitica.com.br"],"url":"https:\/\/blogdofarnesio.com.br\/?author=1"}]}},"_links":{"self":[{"href":"https:\/\/blogdofarnesio.com.br\/index.php?rest_route=\/wp\/v2\/posts\/186207","targetHints":{"allow":["GET"]}}],"collection":[{"href":"https:\/\/blogdofarnesio.com.br\/index.php?rest_route=\/wp\/v2\/posts"}],"about":[{"href":"https:\/\/blogdofarnesio.com.br\/index.php?rest_route=\/wp\/v2\/types\/post"}],"author":[{"embeddable":true,"href":"https:\/\/blogdofarnesio.com.br\/index.php?rest_route=\/wp\/v2\/users\/1"}],"replies":[{"embeddable":true,"href":"https:\/\/blogdofarnesio.com.br\/index.php?rest_route=%2Fwp%2Fv2%2Fcomments&post=186207"}],"version-history":[{"count":0,"href":"https:\/\/blogdofarnesio.com.br\/index.php?rest_route=\/wp\/v2\/posts\/186207\/revisions"}],"wp:featuredmedia":[{"embeddable":true,"href":"https:\/\/blogdofarnesio.com.br\/index.php?rest_route=\/wp\/v2\/media\/154801"}],"wp:attachment":[{"href":"https:\/\/blogdofarnesio.com.br\/index.php?rest_route=%2Fwp%2Fv2%2Fmedia&parent=186207"}],"wp:term":[{"taxonomy":"category","embeddable":true,"href":"https:\/\/blogdofarnesio.com.br\/index.php?rest_route=%2Fwp%2Fv2%2Fcategories&post=186207"},{"taxonomy":"post_tag","embeddable":true,"href":"https:\/\/blogdofarnesio.com.br\/index.php?rest_route=%2Fwp%2Fv2%2Ftags&post=186207"}],"curies":[{"name":"wp","href":"https:\/\/api.w.org\/{rel}","templated":true}]}}