{"id":185300,"date":"2018-01-15T08:02:49","date_gmt":"2018-01-15T11:02:49","guid":{"rendered":"http:\/\/quersaberpolitica.com.br\/2016\/?p=185300"},"modified":"2018-01-15T09:37:27","modified_gmt":"2018-01-15T12:37:27","slug":"a-eleicao-presidencial-deste-ano-apresenta-se-imprevisivel","status":"publish","type":"post","link":"https:\/\/blogdofarnesio.com.br\/?p=185300","title":{"rendered":"A ELEI\u00c7\u00c3O PRESIDENCIAL DESTE ANO APRESENTA-SE IMPREVIS\u00cdVEL"},"content":{"rendered":"<p><strong>Cristiana Lobo \u2013 G1<\/strong><\/p>\n<p>2018. Ano par, ano de elei\u00e7\u00f5es. Depois de uma disputa acirrada em 2014 em que a vencedora, meses depois, acabou afastada do cargo por um impeachment e o derrotado, aquele que surpreendeu e quase venceu, foi parar na lista de pol\u00edticos mais desgastados do pa\u00eds por seu envolvimento em esc\u00e2ndalos que marcaram 2017, uma aposta certeira \u00e9 que a disputa presidencial deste ano ser\u00e1 imprevis\u00edvel e, provavelmente com muitos postulantes, como a de 1989, que teve 29 candidatos.<\/p>\n<p>At\u00e9 aqui, n\u00e3o se sabe qual o aprendizado tirou o eleitor brasileiro das \u00faltimas crises. E foram muitas &#8211; crise \u00e9tica, de representatividade, de legitimidade, pol\u00edtica, econ\u00f4mica, para citar algumas&#8230;<\/p>\n<p>Muito se ouve falar em &#8220;n\u00e3o votar em quem tem mandato&#8221;. Uma coisa est\u00e1 clara: h\u00e1 rejei\u00e7\u00e3o, sim, dos pol\u00edticos que foram citados na Opera\u00e7\u00e3o Lava-Jato e tamb\u00e9m dos partidos pol\u00edticos. Mas at\u00e9 que ponto?<\/p>\n<p>O ex-presidente Lula \u00e9 citado, ali\u00e1s, j\u00e1 est\u00e1 condenado em primeira inst\u00e2ncia, mas sustenta sua pr\u00e9-candidatura na for\u00e7a de seu partido, mas tamb\u00e9m, nos \u00edndices crescentes das primeiras pesquisas. Mas antes disso, \u00e9 verdade, por\u00e9m, que ele tem um encontro marcado com a Justi\u00e7a. No dia 24 de janeiro, o TRF da 4\u00aa Regi\u00e3o, em Porto Alegre, vai julgar a condena\u00e7\u00e3o de 9 anos e seis meses aplicada a Lula pelo juiz S\u00e9rgio Moro. Se confirmada a condena\u00e7\u00e3o, ele poder\u00e1 ficar fora da disputa eleitoral, por incorrer na Lei da Ficha Limpa, uma das poucas leis brasileiras que existem por iniciativa popular.<\/p>\n<p>Ao longo de seis elei\u00e7\u00f5es, houve no Brasil a polariza\u00e7\u00e3o entre PT e PSDB nas disputas presidenciais. As duas primeiras deram vit\u00f3ria ao PSDB; as quatro \u00faltimas, ao PT, apesar do desgaste provocado pelo mensal\u00e3o e agora pela Lava-Jato que atingiu tamb\u00e9m o PSDB e outros partidos. N\u00e3o se sabe como ser\u00e1 2018.<\/p>\n<p>At\u00e9 aqui, a polariza\u00e7\u00e3o tem sido outra: a dos extremos &#8211; de um lado Lula, representando a esquerda; e de outro, Jair Bolsonaro, que sequer decidiu qual partido vai levar sua candidatura, mas se coloca como candidato de direita e conservador nos costumes. Os dois extremos se alimentam. O PSDB deve ter Geraldo Alckmin como candidato \u00e0 Presid\u00eancia, mas j\u00e1 em zona de perigo com as recentes den\u00fancias de empreiteiras de acordos entre empresas e entes p\u00fablicos para execu\u00e7\u00e3o de obras do metr\u00f4 da Capital.<\/p>\n<p>Por tudo isso, a grande aposta para 2018 \u00e9 a elei\u00e7\u00e3o presidencial de outubro. Qual a mensagem dos candidatos vai definir o voto dos brasileiros? Ser\u00e1 a promessa de reunifica\u00e7\u00e3o do pa\u00eds, a agenda das reformas ou as promessas de recupera\u00e7\u00e3o da economia?<\/p>\n<p>De qualquer maneira, o que se espera \u00e9 uma elei\u00e7\u00e3o limpa e a escolha de um l\u00edder que possa responder \u00e0s necessidades do pa\u00eds &#8211; desde a pacifica\u00e7\u00e3o da sociedade \u00e0 recupera\u00e7\u00e3o da economia e o emprego.<\/p>\n","protected":false},"excerpt":{"rendered":"<p>Cristiana Lobo \u2013 G1 2018. Ano par, ano de elei\u00e7\u00f5es. Depois de uma disputa acirrada em 2014 em que a vencedora, meses depois, acabou afastada do cargo por um impeachment e o derrotado, aquele que surpreendeu e quase venceu, foi parar na lista de pol\u00edticos mais desgastados do pa\u00eds por seu envolvimento em esc\u00e2ndalos que marcaram 2017, uma aposta certeira \u00e9 que a disputa presidencial deste ano ser\u00e1 imprevis\u00edvel e, provavelmente com muitos postulantes, como a de 1989, que teve 29 candidatos. At\u00e9 aqui, n\u00e3o se sabe qual o aprendizado tirou o eleitor brasileiro das \u00faltimas crises. E foram muitas &#8211; crise \u00e9tica, de representatividade, de legitimidade, pol\u00edtica, econ\u00f4mica, para citar algumas&#8230; Muito se ouve falar em &#8220;n\u00e3o votar em&hellip; <\/p>\n","protected":false},"author":1,"featured_media":183976,"comment_status":"open","ping_status":"closed","sticky":false,"template":"","format":"standard","meta":{"_acf_changed":false,"footnotes":""},"categories":[30],"tags":[],"class_list":["post-185300","post","type-post","status-publish","format-standard","has-post-thumbnail","hentry","category-artigo"],"acf":[],"yoast_head":"<!-- This site is optimized with the Yoast SEO plugin v27.4 - https:\/\/yoast.com\/product\/yoast-seo-wordpress\/ -->\n<title>A ELEI\u00c7\u00c3O PRESIDENCIAL DESTE ANO APRESENTA-SE IMPREVIS\u00cdVEL - Blog do Farn\u00e9sio<\/title>\n<meta name=\"robots\" content=\"index, follow, max-snippet:-1, max-image-preview:large, max-video-preview:-1\" \/>\n<link rel=\"canonical\" href=\"https:\/\/blogdofarnesio.com.br\/?p=185300\" \/>\n<meta property=\"og:locale\" content=\"pt_BR\" \/>\n<meta property=\"og:type\" content=\"article\" \/>\n<meta property=\"og:title\" content=\"A ELEI\u00c7\u00c3O PRESIDENCIAL DESTE ANO APRESENTA-SE IMPREVIS\u00cdVEL - Blog do Farn\u00e9sio\" \/>\n<meta property=\"og:description\" content=\"Cristiana Lobo \u2013 G1 2018. Ano par, ano de elei\u00e7\u00f5es. Depois de uma disputa acirrada em 2014 em que a vencedora, meses depois, acabou afastada do cargo por um impeachment e o derrotado, aquele que surpreendeu e quase venceu, foi parar na lista de pol\u00edticos mais desgastados do pa\u00eds por seu envolvimento em esc\u00e2ndalos que marcaram 2017, uma aposta certeira \u00e9 que a disputa presidencial deste ano ser\u00e1 imprevis\u00edvel e, provavelmente com muitos postulantes, como a de 1989, que teve 29 candidatos. At\u00e9 aqui, n\u00e3o se sabe qual o aprendizado tirou o eleitor brasileiro das \u00faltimas crises. E foram muitas &#8211; crise \u00e9tica, de representatividade, de legitimidade, pol\u00edtica, econ\u00f4mica, para citar algumas&#8230; Muito se ouve falar em &#8220;n\u00e3o votar em&hellip;\" \/>\n<meta property=\"og:url\" content=\"https:\/\/blogdofarnesio.com.br\/?p=185300\" \/>\n<meta property=\"og:site_name\" content=\"Blog do Farn\u00e9sio\" \/>\n<meta property=\"article:publisher\" content=\"https:\/\/www.facebook.com\/BlogQuerSaberPolitica\/\" \/>\n<meta property=\"article:published_time\" content=\"2018-01-15T11:02:49+00:00\" \/>\n<meta property=\"article:modified_time\" content=\"2018-01-15T12:37:27+00:00\" \/>\n<meta property=\"og:image\" content=\"https:\/\/blogdofarnesio.com.br\/wp-content\/uploads\/2017\/12\/blogqspeleitor.jpg\" \/>\n\t<meta property=\"og:image:width\" content=\"400\" \/>\n\t<meta property=\"og:image:height\" content=\"250\" \/>\n\t<meta property=\"og:image:type\" content=\"image\/jpeg\" \/>\n<meta name=\"author\" content=\"Farn\u00e9sio\" \/>\n<meta name=\"twitter:card\" content=\"summary_large_image\" \/>\n<meta name=\"twitter:label1\" content=\"Escrito por\" \/>\n\t<meta name=\"twitter:data1\" content=\"Farn\u00e9sio\" \/>\n\t<meta name=\"twitter:label2\" content=\"Est. tempo de leitura\" \/>\n\t<meta name=\"twitter:data2\" content=\"2 minutos\" \/>\n<script type=\"application\/ld+json\" class=\"yoast-schema-graph\">{\"@context\":\"https:\\\/\\\/schema.org\",\"@graph\":[{\"@type\":\"Article\",\"@id\":\"https:\\\/\\\/blogdofarnesio.com.br\\\/?p=185300#article\",\"isPartOf\":{\"@id\":\"https:\\\/\\\/blogdofarnesio.com.br\\\/?p=185300\"},\"author\":{\"name\":\"Farn\u00e9sio\",\"@id\":\"https:\\\/\\\/blogdofarnesio.com.br\\\/#\\\/schema\\\/person\\\/301c4acf522bccbfdb45af95b5b906a1\"},\"headline\":\"A ELEI\u00c7\u00c3O PRESIDENCIAL DESTE ANO APRESENTA-SE IMPREVIS\u00cdVEL\",\"datePublished\":\"2018-01-15T11:02:49+00:00\",\"dateModified\":\"2018-01-15T12:37:27+00:00\",\"mainEntityOfPage\":{\"@id\":\"https:\\\/\\\/blogdofarnesio.com.br\\\/?p=185300\"},\"wordCount\":503,\"commentCount\":0,\"publisher\":{\"@id\":\"https:\\\/\\\/blogdofarnesio.com.br\\\/#organization\"},\"image\":{\"@id\":\"https:\\\/\\\/blogdofarnesio.com.br\\\/?p=185300#primaryimage\"},\"thumbnailUrl\":\"https:\\\/\\\/blogdofarnesio.com.br\\\/wp-content\\\/uploads\\\/2017\\\/12\\\/blogqspeleitor.jpg\",\"articleSection\":[\"Artigo\"],\"inLanguage\":\"pt-BR\",\"potentialAction\":[{\"@type\":\"CommentAction\",\"name\":\"Comment\",\"target\":[\"https:\\\/\\\/blogdofarnesio.com.br\\\/?p=185300#respond\"]}]},{\"@type\":\"WebPage\",\"@id\":\"https:\\\/\\\/blogdofarnesio.com.br\\\/?p=185300\",\"url\":\"https:\\\/\\\/blogdofarnesio.com.br\\\/?p=185300\",\"name\":\"A ELEI\u00c7\u00c3O PRESIDENCIAL DESTE ANO APRESENTA-SE IMPREVIS\u00cdVEL - Blog do Farn\u00e9sio\",\"isPartOf\":{\"@id\":\"https:\\\/\\\/blogdofarnesio.com.br\\\/#website\"},\"primaryImageOfPage\":{\"@id\":\"https:\\\/\\\/blogdofarnesio.com.br\\\/?p=185300#primaryimage\"},\"image\":{\"@id\":\"https:\\\/\\\/blogdofarnesio.com.br\\\/?p=185300#primaryimage\"},\"thumbnailUrl\":\"https:\\\/\\\/blogdofarnesio.com.br\\\/wp-content\\\/uploads\\\/2017\\\/12\\\/blogqspeleitor.jpg\",\"datePublished\":\"2018-01-15T11:02:49+00:00\",\"dateModified\":\"2018-01-15T12:37:27+00:00\",\"breadcrumb\":{\"@id\":\"https:\\\/\\\/blogdofarnesio.com.br\\\/?p=185300#breadcrumb\"},\"inLanguage\":\"pt-BR\",\"potentialAction\":[{\"@type\":\"ReadAction\",\"target\":[\"https:\\\/\\\/blogdofarnesio.com.br\\\/?p=185300\"]}]},{\"@type\":\"ImageObject\",\"inLanguage\":\"pt-BR\",\"@id\":\"https:\\\/\\\/blogdofarnesio.com.br\\\/?p=185300#primaryimage\",\"url\":\"https:\\\/\\\/blogdofarnesio.com.br\\\/wp-content\\\/uploads\\\/2017\\\/12\\\/blogqspeleitor.jpg\",\"contentUrl\":\"https:\\\/\\\/blogdofarnesio.com.br\\\/wp-content\\\/uploads\\\/2017\\\/12\\\/blogqspeleitor.jpg\",\"width\":400,\"height\":250},{\"@type\":\"BreadcrumbList\",\"@id\":\"https:\\\/\\\/blogdofarnesio.com.br\\\/?p=185300#breadcrumb\",\"itemListElement\":[{\"@type\":\"ListItem\",\"position\":1,\"name\":\"In\u00edcio\",\"item\":\"https:\\\/\\\/blogdofarnesio.com.br\\\/\"},{\"@type\":\"ListItem\",\"position\":2,\"name\":\"A ELEI\u00c7\u00c3O PRESIDENCIAL DESTE ANO APRESENTA-SE IMPREVIS\u00cdVEL\"}]},{\"@type\":\"WebSite\",\"@id\":\"https:\\\/\\\/blogdofarnesio.com.br\\\/#website\",\"url\":\"https:\\\/\\\/blogdofarnesio.com.br\\\/\",\"name\":\"Blog do Farn\u00e9sio\",\"description\":\"Quer Saber Pol\u00edtica?\",\"publisher\":{\"@id\":\"https:\\\/\\\/blogdofarnesio.com.br\\\/#organization\"},\"potentialAction\":[{\"@type\":\"SearchAction\",\"target\":{\"@type\":\"EntryPoint\",\"urlTemplate\":\"https:\\\/\\\/blogdofarnesio.com.br\\\/?s={search_term_string}\"},\"query-input\":{\"@type\":\"PropertyValueSpecification\",\"valueRequired\":true,\"valueName\":\"search_term_string\"}}],\"inLanguage\":\"pt-BR\"},{\"@type\":\"Organization\",\"@id\":\"https:\\\/\\\/blogdofarnesio.com.br\\\/#organization\",\"name\":\"Blog do Farn\u00e9sio\",\"url\":\"https:\\\/\\\/blogdofarnesio.com.br\\\/\",\"logo\":{\"@type\":\"ImageObject\",\"inLanguage\":\"pt-BR\",\"@id\":\"https:\\\/\\\/blogdofarnesio.com.br\\\/#\\\/schema\\\/logo\\\/image\\\/\",\"url\":\"https:\\\/\\\/blogdofarnesio.com.br\\\/wp-content\\\/uploads\\\/2026\\\/03\\\/cropped-logo_new-1.png\",\"contentUrl\":\"https:\\\/\\\/blogdofarnesio.com.br\\\/wp-content\\\/uploads\\\/2026\\\/03\\\/cropped-logo_new-1.png\",\"width\":881,\"height\":685,\"caption\":\"Blog do Farn\u00e9sio\"},\"image\":{\"@id\":\"https:\\\/\\\/blogdofarnesio.com.br\\\/#\\\/schema\\\/logo\\\/image\\\/\"},\"sameAs\":[\"https:\\\/\\\/www.facebook.com\\\/BlogQuerSaberPolitica\\\/\"]},{\"@type\":\"Person\",\"@id\":\"https:\\\/\\\/blogdofarnesio.com.br\\\/#\\\/schema\\\/person\\\/301c4acf522bccbfdb45af95b5b906a1\",\"name\":\"Farn\u00e9sio\",\"image\":{\"@type\":\"ImageObject\",\"inLanguage\":\"pt-BR\",\"@id\":\"https:\\\/\\\/secure.gravatar.com\\\/avatar\\\/df0c9a14567c056f8ad6876ba5bbd1e3e2c48023eb6807342fc4663adf549f38?s=96&d=mm&r=g\",\"url\":\"https:\\\/\\\/secure.gravatar.com\\\/avatar\\\/df0c9a14567c056f8ad6876ba5bbd1e3e2c48023eb6807342fc4663adf549f38?s=96&d=mm&r=g\",\"contentUrl\":\"https:\\\/\\\/secure.gravatar.com\\\/avatar\\\/df0c9a14567c056f8ad6876ba5bbd1e3e2c48023eb6807342fc4663adf549f38?s=96&d=mm&r=g\",\"caption\":\"Farn\u00e9sio\"},\"sameAs\":[\"https:\\\/\\\/quersaberpolitica.com.br\"],\"url\":\"https:\\\/\\\/blogdofarnesio.com.br\\\/?author=1\"}]}<\/script>\n<!-- \/ Yoast SEO plugin. -->","yoast_head_json":{"title":"A ELEI\u00c7\u00c3O PRESIDENCIAL DESTE ANO APRESENTA-SE IMPREVIS\u00cdVEL - Blog do Farn\u00e9sio","robots":{"index":"index","follow":"follow","max-snippet":"max-snippet:-1","max-image-preview":"max-image-preview:large","max-video-preview":"max-video-preview:-1"},"canonical":"https:\/\/blogdofarnesio.com.br\/?p=185300","og_locale":"pt_BR","og_type":"article","og_title":"A ELEI\u00c7\u00c3O PRESIDENCIAL DESTE ANO APRESENTA-SE IMPREVIS\u00cdVEL - Blog do Farn\u00e9sio","og_description":"Cristiana Lobo \u2013 G1 2018. Ano par, ano de elei\u00e7\u00f5es. Depois de uma disputa acirrada em 2014 em que a vencedora, meses depois, acabou afastada do cargo por um impeachment e o derrotado, aquele que surpreendeu e quase venceu, foi parar na lista de pol\u00edticos mais desgastados do pa\u00eds por seu envolvimento em esc\u00e2ndalos que marcaram 2017, uma aposta certeira \u00e9 que a disputa presidencial deste ano ser\u00e1 imprevis\u00edvel e, provavelmente com muitos postulantes, como a de 1989, que teve 29 candidatos. At\u00e9 aqui, n\u00e3o se sabe qual o aprendizado tirou o eleitor brasileiro das \u00faltimas crises. E foram muitas &#8211; crise \u00e9tica, de representatividade, de legitimidade, pol\u00edtica, econ\u00f4mica, para citar algumas&#8230; Muito se ouve falar em &#8220;n\u00e3o votar em&hellip;","og_url":"https:\/\/blogdofarnesio.com.br\/?p=185300","og_site_name":"Blog do Farn\u00e9sio","article_publisher":"https:\/\/www.facebook.com\/BlogQuerSaberPolitica\/","article_published_time":"2018-01-15T11:02:49+00:00","article_modified_time":"2018-01-15T12:37:27+00:00","og_image":[{"width":400,"height":250,"url":"https:\/\/blogdofarnesio.com.br\/wp-content\/uploads\/2017\/12\/blogqspeleitor.jpg","type":"image\/jpeg"}],"author":"Farn\u00e9sio","twitter_card":"summary_large_image","twitter_misc":{"Escrito por":"Farn\u00e9sio","Est. tempo de leitura":"2 minutos"},"schema":{"@context":"https:\/\/schema.org","@graph":[{"@type":"Article","@id":"https:\/\/blogdofarnesio.com.br\/?p=185300#article","isPartOf":{"@id":"https:\/\/blogdofarnesio.com.br\/?p=185300"},"author":{"name":"Farn\u00e9sio","@id":"https:\/\/blogdofarnesio.com.br\/#\/schema\/person\/301c4acf522bccbfdb45af95b5b906a1"},"headline":"A ELEI\u00c7\u00c3O PRESIDENCIAL DESTE ANO APRESENTA-SE IMPREVIS\u00cdVEL","datePublished":"2018-01-15T11:02:49+00:00","dateModified":"2018-01-15T12:37:27+00:00","mainEntityOfPage":{"@id":"https:\/\/blogdofarnesio.com.br\/?p=185300"},"wordCount":503,"commentCount":0,"publisher":{"@id":"https:\/\/blogdofarnesio.com.br\/#organization"},"image":{"@id":"https:\/\/blogdofarnesio.com.br\/?p=185300#primaryimage"},"thumbnailUrl":"https:\/\/blogdofarnesio.com.br\/wp-content\/uploads\/2017\/12\/blogqspeleitor.jpg","articleSection":["Artigo"],"inLanguage":"pt-BR","potentialAction":[{"@type":"CommentAction","name":"Comment","target":["https:\/\/blogdofarnesio.com.br\/?p=185300#respond"]}]},{"@type":"WebPage","@id":"https:\/\/blogdofarnesio.com.br\/?p=185300","url":"https:\/\/blogdofarnesio.com.br\/?p=185300","name":"A ELEI\u00c7\u00c3O PRESIDENCIAL DESTE ANO APRESENTA-SE IMPREVIS\u00cdVEL - Blog do Farn\u00e9sio","isPartOf":{"@id":"https:\/\/blogdofarnesio.com.br\/#website"},"primaryImageOfPage":{"@id":"https:\/\/blogdofarnesio.com.br\/?p=185300#primaryimage"},"image":{"@id":"https:\/\/blogdofarnesio.com.br\/?p=185300#primaryimage"},"thumbnailUrl":"https:\/\/blogdofarnesio.com.br\/wp-content\/uploads\/2017\/12\/blogqspeleitor.jpg","datePublished":"2018-01-15T11:02:49+00:00","dateModified":"2018-01-15T12:37:27+00:00","breadcrumb":{"@id":"https:\/\/blogdofarnesio.com.br\/?p=185300#breadcrumb"},"inLanguage":"pt-BR","potentialAction":[{"@type":"ReadAction","target":["https:\/\/blogdofarnesio.com.br\/?p=185300"]}]},{"@type":"ImageObject","inLanguage":"pt-BR","@id":"https:\/\/blogdofarnesio.com.br\/?p=185300#primaryimage","url":"https:\/\/blogdofarnesio.com.br\/wp-content\/uploads\/2017\/12\/blogqspeleitor.jpg","contentUrl":"https:\/\/blogdofarnesio.com.br\/wp-content\/uploads\/2017\/12\/blogqspeleitor.jpg","width":400,"height":250},{"@type":"BreadcrumbList","@id":"https:\/\/blogdofarnesio.com.br\/?p=185300#breadcrumb","itemListElement":[{"@type":"ListItem","position":1,"name":"In\u00edcio","item":"https:\/\/blogdofarnesio.com.br\/"},{"@type":"ListItem","position":2,"name":"A ELEI\u00c7\u00c3O PRESIDENCIAL DESTE ANO APRESENTA-SE IMPREVIS\u00cdVEL"}]},{"@type":"WebSite","@id":"https:\/\/blogdofarnesio.com.br\/#website","url":"https:\/\/blogdofarnesio.com.br\/","name":"Blog do Farn\u00e9sio","description":"Quer Saber Pol\u00edtica?","publisher":{"@id":"https:\/\/blogdofarnesio.com.br\/#organization"},"potentialAction":[{"@type":"SearchAction","target":{"@type":"EntryPoint","urlTemplate":"https:\/\/blogdofarnesio.com.br\/?s={search_term_string}"},"query-input":{"@type":"PropertyValueSpecification","valueRequired":true,"valueName":"search_term_string"}}],"inLanguage":"pt-BR"},{"@type":"Organization","@id":"https:\/\/blogdofarnesio.com.br\/#organization","name":"Blog do Farn\u00e9sio","url":"https:\/\/blogdofarnesio.com.br\/","logo":{"@type":"ImageObject","inLanguage":"pt-BR","@id":"https:\/\/blogdofarnesio.com.br\/#\/schema\/logo\/image\/","url":"https:\/\/blogdofarnesio.com.br\/wp-content\/uploads\/2026\/03\/cropped-logo_new-1.png","contentUrl":"https:\/\/blogdofarnesio.com.br\/wp-content\/uploads\/2026\/03\/cropped-logo_new-1.png","width":881,"height":685,"caption":"Blog do Farn\u00e9sio"},"image":{"@id":"https:\/\/blogdofarnesio.com.br\/#\/schema\/logo\/image\/"},"sameAs":["https:\/\/www.facebook.com\/BlogQuerSaberPolitica\/"]},{"@type":"Person","@id":"https:\/\/blogdofarnesio.com.br\/#\/schema\/person\/301c4acf522bccbfdb45af95b5b906a1","name":"Farn\u00e9sio","image":{"@type":"ImageObject","inLanguage":"pt-BR","@id":"https:\/\/secure.gravatar.com\/avatar\/df0c9a14567c056f8ad6876ba5bbd1e3e2c48023eb6807342fc4663adf549f38?s=96&d=mm&r=g","url":"https:\/\/secure.gravatar.com\/avatar\/df0c9a14567c056f8ad6876ba5bbd1e3e2c48023eb6807342fc4663adf549f38?s=96&d=mm&r=g","contentUrl":"https:\/\/secure.gravatar.com\/avatar\/df0c9a14567c056f8ad6876ba5bbd1e3e2c48023eb6807342fc4663adf549f38?s=96&d=mm&r=g","caption":"Farn\u00e9sio"},"sameAs":["https:\/\/quersaberpolitica.com.br"],"url":"https:\/\/blogdofarnesio.com.br\/?author=1"}]}},"_links":{"self":[{"href":"https:\/\/blogdofarnesio.com.br\/index.php?rest_route=\/wp\/v2\/posts\/185300","targetHints":{"allow":["GET"]}}],"collection":[{"href":"https:\/\/blogdofarnesio.com.br\/index.php?rest_route=\/wp\/v2\/posts"}],"about":[{"href":"https:\/\/blogdofarnesio.com.br\/index.php?rest_route=\/wp\/v2\/types\/post"}],"author":[{"embeddable":true,"href":"https:\/\/blogdofarnesio.com.br\/index.php?rest_route=\/wp\/v2\/users\/1"}],"replies":[{"embeddable":true,"href":"https:\/\/blogdofarnesio.com.br\/index.php?rest_route=%2Fwp%2Fv2%2Fcomments&post=185300"}],"version-history":[{"count":0,"href":"https:\/\/blogdofarnesio.com.br\/index.php?rest_route=\/wp\/v2\/posts\/185300\/revisions"}],"wp:featuredmedia":[{"embeddable":true,"href":"https:\/\/blogdofarnesio.com.br\/index.php?rest_route=\/wp\/v2\/media\/183976"}],"wp:attachment":[{"href":"https:\/\/blogdofarnesio.com.br\/index.php?rest_route=%2Fwp%2Fv2%2Fmedia&parent=185300"}],"wp:term":[{"taxonomy":"category","embeddable":true,"href":"https:\/\/blogdofarnesio.com.br\/index.php?rest_route=%2Fwp%2Fv2%2Fcategories&post=185300"},{"taxonomy":"post_tag","embeddable":true,"href":"https:\/\/blogdofarnesio.com.br\/index.php?rest_route=%2Fwp%2Fv2%2Ftags&post=185300"}],"curies":[{"name":"wp","href":"https:\/\/api.w.org\/{rel}","templated":true}]}}