{"id":185007,"date":"2017-12-26T15:00:55","date_gmt":"2017-12-26T18:00:55","guid":{"rendered":"http:\/\/quersaberpolitica.com.br\/2016\/?p=185007"},"modified":"2017-12-26T10:36:14","modified_gmt":"2017-12-26T13:36:14","slug":"justica-condena-ex-governador-do-mato-grosso-a-quase-14-anos-de-prisao","status":"publish","type":"post","link":"https:\/\/blogdofarnesio.com.br\/?p=185007","title":{"rendered":"JUSTI\u00c7A CONDENA EX-GOVERNADOR DO MATO GROSSO A QUASE 14 ANOS DE PRIS\u00c3O"},"content":{"rendered":"<p style=\"text-align: justify;\">\n<div class=\"legenda-foto\" style=\"text-align: justify;\"><\/div>\n<div class=\"credito-foto\" style=\"text-align: justify;\">Foto: Secom MT<\/div>\n<div class=\"campo-subassinatura\" style=\"text-align: justify;\">\n<p><span class=\"nome-subassinatura\">Estad\u00e3o Conte\u00fado<\/span><\/p>\n<\/div>\n<div id=\"noticia_corpodanoticia\" class=\"t13 manipularFonte\">\n<p style=\"text-align: justify;\">O ex-chefe de gabinete do Governo de Mato Grosso Silvio Correa de Ara\u00fajo, que em 2014 filmou a romaria de pol\u00edticos para pegar propinas na antessala do ent\u00e3o governador Silval Barbosa (PMDB), foi condenado a dois anos e oito meses por organiza\u00e7\u00e3o criminosa. Na mesma senten\u00e7a, a ju\u00edza da 7\u00aa Vara Criminal da Comarca de Cuiab\u00e1 Selma Rosane Santos Arruda condenou o ex-governador a 13 anos e 7 meses e 20 dias de pris\u00e3o, por concuss\u00e3o, lavagem de dinheiro e organiza\u00e7\u00e3o criminosa. Para a magistrada, Silvio Ara\u00fajo n\u00e3o mereceu perd\u00e3o judicial, mas, como colaborou, teve a pena reduzida para dois anos e oito meses e cumprir\u00e1 pena em regime fechado por um ano. Ela condenou, ainda, o ex-chefe da Casa Civil de Silval, Pedro Nadaf, a 3 anos e dois meses.<\/p>\n<div id=\"noticia_vinculadas\" class=\"fiolinha t12\" style=\"text-align: justify;\">\n<p>&nbsp;<\/p>\n<\/div>\n<p style=\"text-align: justify;\">Selma conduz Vara especializada contra o crime organizado, crimes contra a ordem tribut\u00e1ria e econ\u00f4mica, contra a administra\u00e7\u00e3o p\u00fablica e lavagem de dinheiro.<\/p>\n<p style=\"text-align: justify;\">Ao homologar a dela\u00e7\u00e3o premiada de Silval Barbosa no Supremo Tribunal Federal, o ministro Luiz Fux considerou as revela\u00e7\u00f5es &#8216;monstruosas&#8217;.<\/p>\n<p style=\"text-align: justify;\">Entre as provas de corrobora\u00e7\u00e3o, o peemedebista entregou v\u00eddeos de pol\u00edticos do Mato Grosso fazendo filas em seu gabinete para rechear caixas, malas e os bolsos de dinheiro. O prefeito de Cuiab\u00e1, Emanuel Pinheiro (PMDB), por exemplo, at\u00e9 agachou-se para pegar as notas que ca\u00edram no ch\u00e3o por n\u00e3o haver mais espa\u00e7o em seu palet\u00f3. Silvio, que era chefe de gabinete do peemedebista, foi o respons\u00e1vel pela grava\u00e7\u00e3o das imagens. O prefeito negou a pr\u00e1tica de il\u00edcitos. \u00c0 \u00e9poca em que os v\u00eddeos foram divulgados, Emanuel declarou que iria provar sua inoc\u00eancia na Justi\u00e7a.<\/p>\n<p style=\"text-align: justify;\">Nesta a\u00e7\u00e3o penal, Silvio \u00e9 acusado de integrar organiza\u00e7\u00e3o criminosa que &#8216;exigiu vantagem indevida do empres\u00e1rio Jo\u00e3o Batista Rosa para manuten\u00e7\u00e3o de incentivo fiscal em prol de tais pessoas jur\u00eddicas, bem como a pr\u00e1tica de lavagem de dinheiro em fase posterior ao crime de extors\u00e3o&#8217;.<\/p>\n<p style=\"text-align: justify;\">Segundo a den\u00fancia, os crimes envolveram a concess\u00e3o dos benef\u00edcios fiscais do Programa de Desenvolvimento Industrial e Comercial de Mato Grosso- PRODEIC &#8211; no per\u00edodo de 2011 a 2015 envolvendo tr\u00eas empresas de m\u00e1quinas e pe\u00e7as.<\/p>\n<p style=\"text-align: justify;\">&#8220;A organiza\u00e7\u00e3o criminosa por ele [Silval] chefiada n\u00e3o teve qualquer escr\u00fapulo em exigir da v\u00edtima Jo\u00e3o Batista Rosa o pagamento de R$ 2,5 milh\u00f5es, mesmo j\u00e1 tendo concedido benef\u00edcios fiscais \u00e0s empresas deste&#8221;, anotou a magistrada, em refer\u00eancia a um empres\u00e1rio de Mato Grosso.<\/p>\n<p style=\"text-align: justify;\">A ju\u00edza diz que S\u00edlvio &#8216;ocupou uma das posi\u00e7\u00f5es-chaves do Governo do Estado&#8217;.<\/p>\n<p style=\"text-align: justify;\">&#8220;Al\u00e9m de receptor de parte da quantia produto do crime de lavagem de dinheiro, demonstrou que pertencia a uma casta de elementos de especial proje\u00e7\u00e3o na organiza\u00e7\u00e3o criminosa, inclusive disputando poder com Pedro Nadaf, o que o levou \u00e0 pris\u00e3o preventiva, ap\u00f3s declarar que &#8216;colaborador tem que morrer&#8217;. N\u00e3o h\u00e1 relat\u00f3rios psicossociais a autorizarem a valora\u00e7\u00e3o de sua personalidade, por\u00e9m, h\u00e1 refer\u00eancias ao fato de se tratar de pessoa violenta e extremamente leal \u00e0 organiza\u00e7\u00e3o. Por outro lado, acabou confessando que pertencia \u00e0 organiza\u00e7\u00e3o criminosa, bem como que recebeu a quantia indicada pelo Minist\u00e9rio P\u00fablico&#8221;, anotou.<\/p>\n<h2 style=\"text-align: justify;\">Senten\u00e7a<\/h2>\n<p style=\"text-align: justify;\">Na senten\u00e7a, a magistrada afirma que Silval Barbosa &#8216;n\u00e3o pareceu honesto&#8217; e &#8216;tentou proteger seus comparsas&#8217;. No entanto, sobre o bra\u00e7o-direito do ex-governador, ela constatou que &#8216;cumpriu mais fielmente as condi\u00e7\u00f5es impostas no acordo, apontando mais claramente para a exist\u00eancia da organiza\u00e7\u00e3o e a incumb\u00eancia d cada um de seus membros&#8217;.<\/p>\n<p>No entanto, a magistrada pontua que &#8216;embora tenha confessado parcialmente a autoria do delito de organiza\u00e7\u00e3o criminosa, S\u00edlvio foi bastante reticente em seu interrogat\u00f3rio em alguns pontos, especialmente no que diz respeito \u00e0 conforma\u00e7\u00e3o da organiza\u00e7\u00e3o e quanto \u00e0s pr\u00e1ticas il\u00edcitas por ela praticadas, sempre reservando-se ao direito de responder em momento oportuno&#8217;.<\/p>\n<p>&#8220;A Lei 12.850\/13 \u00e9 clara ao dispor que o colaborador abre m\u00e3o do direito ao sil\u00eancio. Portanto, a reserva mental detectada no interrogat\u00f3rio de S\u00edlvio tamb\u00e9m faz com que a redu\u00e7\u00e3o da pena em face do acordo de colabora\u00e7\u00e3o premiada n\u00e3o seja integral&#8221;, anotou.<\/p>\n<p>&#8220;Assim, por motivos id\u00eanticos aos que j\u00e1 expus quando da dosimetria de pena de Silval Barbosa, por\u00e9m considerando que S\u00edlvio C\u00e9zar cumpriu mais fielmente as condi\u00e7\u00f5es impostas no acordo, apontando mais claramente para a exist\u00eancia da organiza\u00e7\u00e3o e a incumb\u00eancia de cada um de seus membros, bem como que tamb\u00e9m se prop\u00f4s a reparar o dano causado, reduzo-lhe a reprimenda na metade, resultando definitivamente em 2 anos e 8 meses de reclus\u00e3o&#8221;, concluiu.<\/p>\n<\/div>\n","protected":false},"excerpt":{"rendered":"<p>Foto: Secom MT Estad\u00e3o Conte\u00fado O ex-chefe de gabinete do Governo de Mato Grosso Silvio Correa de Ara\u00fajo, que em 2014 filmou a romaria de pol\u00edticos para pegar propinas na antessala do ent\u00e3o governador Silval Barbosa (PMDB), foi condenado a dois anos e oito meses por organiza\u00e7\u00e3o criminosa. Na mesma senten\u00e7a, a ju\u00edza da 7\u00aa Vara Criminal da Comarca de Cuiab\u00e1 Selma Rosane Santos Arruda condenou o ex-governador a 13 anos e 7 meses e 20 dias de pris\u00e3o, por concuss\u00e3o, lavagem de dinheiro e organiza\u00e7\u00e3o criminosa. Para a magistrada, Silvio Ara\u00fajo n\u00e3o mereceu perd\u00e3o judicial, mas, como colaborou, teve a pena reduzida para dois anos e oito meses e cumprir\u00e1 pena em regime fechado por um ano. Ela condenou,&hellip; <\/p>\n","protected":false},"author":1,"featured_media":185008,"comment_status":"open","ping_status":"closed","sticky":false,"template":"","format":"standard","meta":{"_acf_changed":false,"footnotes":""},"categories":[1],"tags":[],"class_list":["post-185007","post","type-post","status-publish","format-standard","has-post-thumbnail","hentry","category-politica"],"acf":[],"yoast_head":"<!-- This site is optimized with the Yoast SEO plugin v27.4 - https:\/\/yoast.com\/product\/yoast-seo-wordpress\/ -->\n<title>JUSTI\u00c7A CONDENA EX-GOVERNADOR DO MATO GROSSO A QUASE 14 ANOS DE PRIS\u00c3O - Blog do Farn\u00e9sio<\/title>\n<meta name=\"robots\" content=\"index, follow, max-snippet:-1, max-image-preview:large, max-video-preview:-1\" \/>\n<link rel=\"canonical\" href=\"https:\/\/blogdofarnesio.com.br\/?p=185007\" \/>\n<meta property=\"og:locale\" content=\"pt_BR\" \/>\n<meta property=\"og:type\" content=\"article\" \/>\n<meta property=\"og:title\" content=\"JUSTI\u00c7A CONDENA EX-GOVERNADOR DO MATO GROSSO A QUASE 14 ANOS DE PRIS\u00c3O - Blog do Farn\u00e9sio\" \/>\n<meta property=\"og:description\" content=\"Foto: Secom MT Estad\u00e3o Conte\u00fado O ex-chefe de gabinete do Governo de Mato Grosso Silvio Correa de Ara\u00fajo, que em 2014 filmou a romaria de pol\u00edticos para pegar propinas na antessala do ent\u00e3o governador Silval Barbosa (PMDB), foi condenado a dois anos e oito meses por organiza\u00e7\u00e3o criminosa. Na mesma senten\u00e7a, a ju\u00edza da 7\u00aa Vara Criminal da Comarca de Cuiab\u00e1 Selma Rosane Santos Arruda condenou o ex-governador a 13 anos e 7 meses e 20 dias de pris\u00e3o, por concuss\u00e3o, lavagem de dinheiro e organiza\u00e7\u00e3o criminosa. Para a magistrada, Silvio Ara\u00fajo n\u00e3o mereceu perd\u00e3o judicial, mas, como colaborou, teve a pena reduzida para dois anos e oito meses e cumprir\u00e1 pena em regime fechado por um ano. Ela condenou,&hellip;\" \/>\n<meta property=\"og:url\" content=\"https:\/\/blogdofarnesio.com.br\/?p=185007\" \/>\n<meta property=\"og:site_name\" content=\"Blog do Farn\u00e9sio\" \/>\n<meta property=\"article:publisher\" content=\"https:\/\/www.facebook.com\/BlogQuerSaberPolitica\/\" \/>\n<meta property=\"article:published_time\" content=\"2017-12-26T18:00:55+00:00\" \/>\n<meta property=\"og:image\" content=\"https:\/\/blogdofarnesio.com.br\/wp-content\/uploads\/2017\/12\/blogqsp-Silvio-Correa.jpg\" \/>\n\t<meta property=\"og:image:width\" content=\"748\" \/>\n\t<meta property=\"og:image:height\" content=\"410\" \/>\n\t<meta property=\"og:image:type\" content=\"image\/jpeg\" \/>\n<meta name=\"author\" content=\"Farn\u00e9sio\" \/>\n<meta name=\"twitter:card\" content=\"summary_large_image\" \/>\n<meta name=\"twitter:label1\" content=\"Escrito por\" \/>\n\t<meta name=\"twitter:data1\" content=\"Farn\u00e9sio\" \/>\n\t<meta name=\"twitter:label2\" content=\"Est. tempo de leitura\" \/>\n\t<meta name=\"twitter:data2\" content=\"4 minutos\" \/>\n<script type=\"application\/ld+json\" class=\"yoast-schema-graph\">{\"@context\":\"https:\\\/\\\/schema.org\",\"@graph\":[{\"@type\":\"Article\",\"@id\":\"https:\\\/\\\/blogdofarnesio.com.br\\\/?p=185007#article\",\"isPartOf\":{\"@id\":\"https:\\\/\\\/blogdofarnesio.com.br\\\/?p=185007\"},\"author\":{\"name\":\"Farn\u00e9sio\",\"@id\":\"https:\\\/\\\/blogdofarnesio.com.br\\\/#\\\/schema\\\/person\\\/301c4acf522bccbfdb45af95b5b906a1\"},\"headline\":\"JUSTI\u00c7A CONDENA EX-GOVERNADOR DO MATO GROSSO A QUASE 14 ANOS DE PRIS\u00c3O\",\"datePublished\":\"2017-12-26T18:00:55+00:00\",\"mainEntityOfPage\":{\"@id\":\"https:\\\/\\\/blogdofarnesio.com.br\\\/?p=185007\"},\"wordCount\":833,\"commentCount\":0,\"publisher\":{\"@id\":\"https:\\\/\\\/blogdofarnesio.com.br\\\/#organization\"},\"image\":{\"@id\":\"https:\\\/\\\/blogdofarnesio.com.br\\\/?p=185007#primaryimage\"},\"thumbnailUrl\":\"https:\\\/\\\/blogdofarnesio.com.br\\\/wp-content\\\/uploads\\\/2017\\\/12\\\/blogqsp-Silvio-Correa.jpg\",\"articleSection\":[\"Pol\u00edtica\"],\"inLanguage\":\"pt-BR\",\"potentialAction\":[{\"@type\":\"CommentAction\",\"name\":\"Comment\",\"target\":[\"https:\\\/\\\/blogdofarnesio.com.br\\\/?p=185007#respond\"]}]},{\"@type\":\"WebPage\",\"@id\":\"https:\\\/\\\/blogdofarnesio.com.br\\\/?p=185007\",\"url\":\"https:\\\/\\\/blogdofarnesio.com.br\\\/?p=185007\",\"name\":\"JUSTI\u00c7A CONDENA EX-GOVERNADOR DO MATO GROSSO A QUASE 14 ANOS DE PRIS\u00c3O - Blog do Farn\u00e9sio\",\"isPartOf\":{\"@id\":\"https:\\\/\\\/blogdofarnesio.com.br\\\/#website\"},\"primaryImageOfPage\":{\"@id\":\"https:\\\/\\\/blogdofarnesio.com.br\\\/?p=185007#primaryimage\"},\"image\":{\"@id\":\"https:\\\/\\\/blogdofarnesio.com.br\\\/?p=185007#primaryimage\"},\"thumbnailUrl\":\"https:\\\/\\\/blogdofarnesio.com.br\\\/wp-content\\\/uploads\\\/2017\\\/12\\\/blogqsp-Silvio-Correa.jpg\",\"datePublished\":\"2017-12-26T18:00:55+00:00\",\"breadcrumb\":{\"@id\":\"https:\\\/\\\/blogdofarnesio.com.br\\\/?p=185007#breadcrumb\"},\"inLanguage\":\"pt-BR\",\"potentialAction\":[{\"@type\":\"ReadAction\",\"target\":[\"https:\\\/\\\/blogdofarnesio.com.br\\\/?p=185007\"]}]},{\"@type\":\"ImageObject\",\"inLanguage\":\"pt-BR\",\"@id\":\"https:\\\/\\\/blogdofarnesio.com.br\\\/?p=185007#primaryimage\",\"url\":\"https:\\\/\\\/blogdofarnesio.com.br\\\/wp-content\\\/uploads\\\/2017\\\/12\\\/blogqsp-Silvio-Correa.jpg\",\"contentUrl\":\"https:\\\/\\\/blogdofarnesio.com.br\\\/wp-content\\\/uploads\\\/2017\\\/12\\\/blogqsp-Silvio-Correa.jpg\",\"width\":748,\"height\":410},{\"@type\":\"BreadcrumbList\",\"@id\":\"https:\\\/\\\/blogdofarnesio.com.br\\\/?p=185007#breadcrumb\",\"itemListElement\":[{\"@type\":\"ListItem\",\"position\":1,\"name\":\"In\u00edcio\",\"item\":\"https:\\\/\\\/blogdofarnesio.com.br\\\/\"},{\"@type\":\"ListItem\",\"position\":2,\"name\":\"JUSTI\u00c7A CONDENA EX-GOVERNADOR DO MATO GROSSO A QUASE 14 ANOS DE PRIS\u00c3O\"}]},{\"@type\":\"WebSite\",\"@id\":\"https:\\\/\\\/blogdofarnesio.com.br\\\/#website\",\"url\":\"https:\\\/\\\/blogdofarnesio.com.br\\\/\",\"name\":\"Blog do Farn\u00e9sio\",\"description\":\"Quer Saber Pol\u00edtica?\",\"publisher\":{\"@id\":\"https:\\\/\\\/blogdofarnesio.com.br\\\/#organization\"},\"potentialAction\":[{\"@type\":\"SearchAction\",\"target\":{\"@type\":\"EntryPoint\",\"urlTemplate\":\"https:\\\/\\\/blogdofarnesio.com.br\\\/?s={search_term_string}\"},\"query-input\":{\"@type\":\"PropertyValueSpecification\",\"valueRequired\":true,\"valueName\":\"search_term_string\"}}],\"inLanguage\":\"pt-BR\"},{\"@type\":\"Organization\",\"@id\":\"https:\\\/\\\/blogdofarnesio.com.br\\\/#organization\",\"name\":\"Blog do Farn\u00e9sio\",\"url\":\"https:\\\/\\\/blogdofarnesio.com.br\\\/\",\"logo\":{\"@type\":\"ImageObject\",\"inLanguage\":\"pt-BR\",\"@id\":\"https:\\\/\\\/blogdofarnesio.com.br\\\/#\\\/schema\\\/logo\\\/image\\\/\",\"url\":\"https:\\\/\\\/blogdofarnesio.com.br\\\/wp-content\\\/uploads\\\/2026\\\/03\\\/cropped-logo_new-1.png\",\"contentUrl\":\"https:\\\/\\\/blogdofarnesio.com.br\\\/wp-content\\\/uploads\\\/2026\\\/03\\\/cropped-logo_new-1.png\",\"width\":881,\"height\":685,\"caption\":\"Blog do Farn\u00e9sio\"},\"image\":{\"@id\":\"https:\\\/\\\/blogdofarnesio.com.br\\\/#\\\/schema\\\/logo\\\/image\\\/\"},\"sameAs\":[\"https:\\\/\\\/www.facebook.com\\\/BlogQuerSaberPolitica\\\/\"]},{\"@type\":\"Person\",\"@id\":\"https:\\\/\\\/blogdofarnesio.com.br\\\/#\\\/schema\\\/person\\\/301c4acf522bccbfdb45af95b5b906a1\",\"name\":\"Farn\u00e9sio\",\"image\":{\"@type\":\"ImageObject\",\"inLanguage\":\"pt-BR\",\"@id\":\"https:\\\/\\\/secure.gravatar.com\\\/avatar\\\/df0c9a14567c056f8ad6876ba5bbd1e3e2c48023eb6807342fc4663adf549f38?s=96&d=mm&r=g\",\"url\":\"https:\\\/\\\/secure.gravatar.com\\\/avatar\\\/df0c9a14567c056f8ad6876ba5bbd1e3e2c48023eb6807342fc4663adf549f38?s=96&d=mm&r=g\",\"contentUrl\":\"https:\\\/\\\/secure.gravatar.com\\\/avatar\\\/df0c9a14567c056f8ad6876ba5bbd1e3e2c48023eb6807342fc4663adf549f38?s=96&d=mm&r=g\",\"caption\":\"Farn\u00e9sio\"},\"sameAs\":[\"https:\\\/\\\/quersaberpolitica.com.br\"],\"url\":\"https:\\\/\\\/blogdofarnesio.com.br\\\/?author=1\"}]}<\/script>\n<!-- \/ Yoast SEO plugin. -->","yoast_head_json":{"title":"JUSTI\u00c7A CONDENA EX-GOVERNADOR DO MATO GROSSO A QUASE 14 ANOS DE PRIS\u00c3O - Blog do Farn\u00e9sio","robots":{"index":"index","follow":"follow","max-snippet":"max-snippet:-1","max-image-preview":"max-image-preview:large","max-video-preview":"max-video-preview:-1"},"canonical":"https:\/\/blogdofarnesio.com.br\/?p=185007","og_locale":"pt_BR","og_type":"article","og_title":"JUSTI\u00c7A CONDENA EX-GOVERNADOR DO MATO GROSSO A QUASE 14 ANOS DE PRIS\u00c3O - Blog do Farn\u00e9sio","og_description":"Foto: Secom MT Estad\u00e3o Conte\u00fado O ex-chefe de gabinete do Governo de Mato Grosso Silvio Correa de Ara\u00fajo, que em 2014 filmou a romaria de pol\u00edticos para pegar propinas na antessala do ent\u00e3o governador Silval Barbosa (PMDB), foi condenado a dois anos e oito meses por organiza\u00e7\u00e3o criminosa. Na mesma senten\u00e7a, a ju\u00edza da 7\u00aa Vara Criminal da Comarca de Cuiab\u00e1 Selma Rosane Santos Arruda condenou o ex-governador a 13 anos e 7 meses e 20 dias de pris\u00e3o, por concuss\u00e3o, lavagem de dinheiro e organiza\u00e7\u00e3o criminosa. Para a magistrada, Silvio Ara\u00fajo n\u00e3o mereceu perd\u00e3o judicial, mas, como colaborou, teve a pena reduzida para dois anos e oito meses e cumprir\u00e1 pena em regime fechado por um ano. Ela condenou,&hellip;","og_url":"https:\/\/blogdofarnesio.com.br\/?p=185007","og_site_name":"Blog do Farn\u00e9sio","article_publisher":"https:\/\/www.facebook.com\/BlogQuerSaberPolitica\/","article_published_time":"2017-12-26T18:00:55+00:00","og_image":[{"width":748,"height":410,"url":"https:\/\/blogdofarnesio.com.br\/wp-content\/uploads\/2017\/12\/blogqsp-Silvio-Correa.jpg","type":"image\/jpeg"}],"author":"Farn\u00e9sio","twitter_card":"summary_large_image","twitter_misc":{"Escrito por":"Farn\u00e9sio","Est. tempo de leitura":"4 minutos"},"schema":{"@context":"https:\/\/schema.org","@graph":[{"@type":"Article","@id":"https:\/\/blogdofarnesio.com.br\/?p=185007#article","isPartOf":{"@id":"https:\/\/blogdofarnesio.com.br\/?p=185007"},"author":{"name":"Farn\u00e9sio","@id":"https:\/\/blogdofarnesio.com.br\/#\/schema\/person\/301c4acf522bccbfdb45af95b5b906a1"},"headline":"JUSTI\u00c7A CONDENA EX-GOVERNADOR DO MATO GROSSO A QUASE 14 ANOS DE PRIS\u00c3O","datePublished":"2017-12-26T18:00:55+00:00","mainEntityOfPage":{"@id":"https:\/\/blogdofarnesio.com.br\/?p=185007"},"wordCount":833,"commentCount":0,"publisher":{"@id":"https:\/\/blogdofarnesio.com.br\/#organization"},"image":{"@id":"https:\/\/blogdofarnesio.com.br\/?p=185007#primaryimage"},"thumbnailUrl":"https:\/\/blogdofarnesio.com.br\/wp-content\/uploads\/2017\/12\/blogqsp-Silvio-Correa.jpg","articleSection":["Pol\u00edtica"],"inLanguage":"pt-BR","potentialAction":[{"@type":"CommentAction","name":"Comment","target":["https:\/\/blogdofarnesio.com.br\/?p=185007#respond"]}]},{"@type":"WebPage","@id":"https:\/\/blogdofarnesio.com.br\/?p=185007","url":"https:\/\/blogdofarnesio.com.br\/?p=185007","name":"JUSTI\u00c7A CONDENA EX-GOVERNADOR DO MATO GROSSO A QUASE 14 ANOS DE PRIS\u00c3O - Blog do Farn\u00e9sio","isPartOf":{"@id":"https:\/\/blogdofarnesio.com.br\/#website"},"primaryImageOfPage":{"@id":"https:\/\/blogdofarnesio.com.br\/?p=185007#primaryimage"},"image":{"@id":"https:\/\/blogdofarnesio.com.br\/?p=185007#primaryimage"},"thumbnailUrl":"https:\/\/blogdofarnesio.com.br\/wp-content\/uploads\/2017\/12\/blogqsp-Silvio-Correa.jpg","datePublished":"2017-12-26T18:00:55+00:00","breadcrumb":{"@id":"https:\/\/blogdofarnesio.com.br\/?p=185007#breadcrumb"},"inLanguage":"pt-BR","potentialAction":[{"@type":"ReadAction","target":["https:\/\/blogdofarnesio.com.br\/?p=185007"]}]},{"@type":"ImageObject","inLanguage":"pt-BR","@id":"https:\/\/blogdofarnesio.com.br\/?p=185007#primaryimage","url":"https:\/\/blogdofarnesio.com.br\/wp-content\/uploads\/2017\/12\/blogqsp-Silvio-Correa.jpg","contentUrl":"https:\/\/blogdofarnesio.com.br\/wp-content\/uploads\/2017\/12\/blogqsp-Silvio-Correa.jpg","width":748,"height":410},{"@type":"BreadcrumbList","@id":"https:\/\/blogdofarnesio.com.br\/?p=185007#breadcrumb","itemListElement":[{"@type":"ListItem","position":1,"name":"In\u00edcio","item":"https:\/\/blogdofarnesio.com.br\/"},{"@type":"ListItem","position":2,"name":"JUSTI\u00c7A CONDENA EX-GOVERNADOR DO MATO GROSSO A QUASE 14 ANOS DE PRIS\u00c3O"}]},{"@type":"WebSite","@id":"https:\/\/blogdofarnesio.com.br\/#website","url":"https:\/\/blogdofarnesio.com.br\/","name":"Blog do Farn\u00e9sio","description":"Quer Saber Pol\u00edtica?","publisher":{"@id":"https:\/\/blogdofarnesio.com.br\/#organization"},"potentialAction":[{"@type":"SearchAction","target":{"@type":"EntryPoint","urlTemplate":"https:\/\/blogdofarnesio.com.br\/?s={search_term_string}"},"query-input":{"@type":"PropertyValueSpecification","valueRequired":true,"valueName":"search_term_string"}}],"inLanguage":"pt-BR"},{"@type":"Organization","@id":"https:\/\/blogdofarnesio.com.br\/#organization","name":"Blog do Farn\u00e9sio","url":"https:\/\/blogdofarnesio.com.br\/","logo":{"@type":"ImageObject","inLanguage":"pt-BR","@id":"https:\/\/blogdofarnesio.com.br\/#\/schema\/logo\/image\/","url":"https:\/\/blogdofarnesio.com.br\/wp-content\/uploads\/2026\/03\/cropped-logo_new-1.png","contentUrl":"https:\/\/blogdofarnesio.com.br\/wp-content\/uploads\/2026\/03\/cropped-logo_new-1.png","width":881,"height":685,"caption":"Blog do Farn\u00e9sio"},"image":{"@id":"https:\/\/blogdofarnesio.com.br\/#\/schema\/logo\/image\/"},"sameAs":["https:\/\/www.facebook.com\/BlogQuerSaberPolitica\/"]},{"@type":"Person","@id":"https:\/\/blogdofarnesio.com.br\/#\/schema\/person\/301c4acf522bccbfdb45af95b5b906a1","name":"Farn\u00e9sio","image":{"@type":"ImageObject","inLanguage":"pt-BR","@id":"https:\/\/secure.gravatar.com\/avatar\/df0c9a14567c056f8ad6876ba5bbd1e3e2c48023eb6807342fc4663adf549f38?s=96&d=mm&r=g","url":"https:\/\/secure.gravatar.com\/avatar\/df0c9a14567c056f8ad6876ba5bbd1e3e2c48023eb6807342fc4663adf549f38?s=96&d=mm&r=g","contentUrl":"https:\/\/secure.gravatar.com\/avatar\/df0c9a14567c056f8ad6876ba5bbd1e3e2c48023eb6807342fc4663adf549f38?s=96&d=mm&r=g","caption":"Farn\u00e9sio"},"sameAs":["https:\/\/quersaberpolitica.com.br"],"url":"https:\/\/blogdofarnesio.com.br\/?author=1"}]}},"_links":{"self":[{"href":"https:\/\/blogdofarnesio.com.br\/index.php?rest_route=\/wp\/v2\/posts\/185007","targetHints":{"allow":["GET"]}}],"collection":[{"href":"https:\/\/blogdofarnesio.com.br\/index.php?rest_route=\/wp\/v2\/posts"}],"about":[{"href":"https:\/\/blogdofarnesio.com.br\/index.php?rest_route=\/wp\/v2\/types\/post"}],"author":[{"embeddable":true,"href":"https:\/\/blogdofarnesio.com.br\/index.php?rest_route=\/wp\/v2\/users\/1"}],"replies":[{"embeddable":true,"href":"https:\/\/blogdofarnesio.com.br\/index.php?rest_route=%2Fwp%2Fv2%2Fcomments&post=185007"}],"version-history":[{"count":0,"href":"https:\/\/blogdofarnesio.com.br\/index.php?rest_route=\/wp\/v2\/posts\/185007\/revisions"}],"wp:featuredmedia":[{"embeddable":true,"href":"https:\/\/blogdofarnesio.com.br\/index.php?rest_route=\/wp\/v2\/media\/185008"}],"wp:attachment":[{"href":"https:\/\/blogdofarnesio.com.br\/index.php?rest_route=%2Fwp%2Fv2%2Fmedia&parent=185007"}],"wp:term":[{"taxonomy":"category","embeddable":true,"href":"https:\/\/blogdofarnesio.com.br\/index.php?rest_route=%2Fwp%2Fv2%2Fcategories&post=185007"},{"taxonomy":"post_tag","embeddable":true,"href":"https:\/\/blogdofarnesio.com.br\/index.php?rest_route=%2Fwp%2Fv2%2Ftags&post=185007"}],"curies":[{"name":"wp","href":"https:\/\/api.w.org\/{rel}","templated":true}]}}