{"id":185001,"date":"2017-12-26T14:00:13","date_gmt":"2017-12-26T17:00:13","guid":{"rendered":"http:\/\/quersaberpolitica.com.br\/2016\/?p=185001"},"modified":"2017-12-26T10:14:17","modified_gmt":"2017-12-26T13:14:17","slug":"guarda-civil-municipal-participa-da-operacao-rodovida-da-prf-em-petrolina","status":"publish","type":"post","link":"https:\/\/blogdofarnesio.com.br\/?p=185001","title":{"rendered":"GUARDA CIVIL MUNICIPAL PARTICIPA DA OPERA\u00c7\u00c3O RODOVIDA DA PRF EM PETROLINA"},"content":{"rendered":"<p style=\"font-weight: 400; text-align: justify;\">Com o objetivo de reduzir a gravidade dos acidentes de tr\u00e2nsito e tamb\u00e9m dos custos sociais que eles representam para os cofres p\u00fablicos, a Pol\u00edcia Rodovi\u00e1ria Federal (PRF) realiza a Opera\u00e7\u00e3o Rodovida. A ideia \u00e9 fazer a\u00e7\u00f5es simult\u00e2neas nos principais trechos cr\u00edticos nacionais, com atividades integradas conjuntas e coordenadas. Em Petrolina, no sert\u00e3o pernambucano, a PRF vai contar com um importante refor\u00e7o da Secretaria-executiva de Seguran\u00e7a P\u00fablica de Petrolina, atrav\u00e9s da Guarda Civil Municipal. A opera\u00e7\u00e3o come\u00e7ou no \u00faltimo dia 22 e vai a at\u00e9 o dia 18 de fevereiro em aten\u00e7\u00e3o \u00e0 chegada do ano novo e tamb\u00e9m o carnaval.<\/p>\n<p style=\"font-weight: 400; text-align: justify;\">O conceito da Opera\u00e7\u00e3o Rodovida se resume na preven\u00e7\u00e3o e repress\u00e3o voltadas para as condutas mais perigosas: embriaguez ao volante, excesso de velocidade, ultrapassagens irregulares e falta de dispositivos de seguran\u00e7a como cinto de seguran\u00e7a e cadeirinha. Para o inspetor-chefe da delegacia da Pol\u00edcia Rodovi\u00e1ria Federal em Petrolina, Paulo Lima, a parceria com a Prefeitura de Petrolina fortalece o princ\u00edpio da coopera\u00e7\u00e3o em prol da redu\u00e7\u00e3o de acidentes. \u201cA responsabilidade de um tr\u00e2nsito seguro n\u00e3o \u00e9 s\u00f3 da PRF, \u00e9 de todos, uma vez que a ocorr\u00eancia de acidentes causa preju\u00edzos para todos, seja estados, munic\u00edpios ou uni\u00e3o. O pr\u00f3prio MP entende que quando h\u00e1 fiscaliza\u00e7\u00e3o, o \u00edndice de acidentes \u00e9 menor\u201d, explica Lima.<\/p>\n<p style=\"font-weight: 400; text-align: justify;\">A parceria pretende repetir o sucesso do trabalho conjunto registrado durante a Opera\u00e7\u00e3o Finados, quando as duas corpora\u00e7\u00f5es trabalharam juntas este ano, como lembra o secret\u00e1rio-executivo de Seguran\u00e7a P\u00fablica de Petrolina, Jos\u00e9 Silvestre. \u201cDurante a semana de finados, em novembro, conseguimos estabelecer um trabalho conjunto com a PRF de excel\u00eancia. A coopera\u00e7\u00e3o t\u00e9cnica entre as institui\u00e7\u00f5es e a integra\u00e7\u00e3o das tropas s\u00f3 destaca a compet\u00eancia e bom trabalho que estamos realizando em Petrolina, principalmente no que diz respeito \u00e0 seguran\u00e7a p\u00fablica\u201d, destaca Silvestre.<\/p>\n<p style=\"font-weight: 400; text-align: justify;\"><em>Texto: Felipe Pereira &#8211; AsCom Prefeitura de Petrolina<\/em><\/p>\n","protected":false},"excerpt":{"rendered":"<p>Com o objetivo de reduzir a gravidade dos acidentes de tr\u00e2nsito e tamb\u00e9m dos custos sociais que eles representam para os cofres p\u00fablicos, a Pol\u00edcia Rodovi\u00e1ria Federal (PRF) realiza a Opera\u00e7\u00e3o Rodovida. A ideia \u00e9 fazer a\u00e7\u00f5es simult\u00e2neas nos principais trechos cr\u00edticos nacionais, com atividades integradas conjuntas e coordenadas. Em Petrolina, no sert\u00e3o pernambucano, a PRF vai contar com um importante refor\u00e7o da Secretaria-executiva de Seguran\u00e7a P\u00fablica de Petrolina, atrav\u00e9s da Guarda Civil Municipal. A opera\u00e7\u00e3o come\u00e7ou no \u00faltimo dia 22 e vai a at\u00e9 o dia 18 de fevereiro em aten\u00e7\u00e3o \u00e0 chegada do ano novo e tamb\u00e9m o carnaval. O conceito da Opera\u00e7\u00e3o Rodovida se resume na preven\u00e7\u00e3o e repress\u00e3o voltadas para as condutas mais perigosas: embriaguez ao&hellip; <\/p>\n","protected":false},"author":1,"featured_media":185002,"comment_status":"open","ping_status":"closed","sticky":false,"template":"","format":"standard","meta":{"_acf_changed":false,"footnotes":""},"categories":[9],"tags":[],"class_list":["post-185001","post","type-post","status-publish","format-standard","has-post-thumbnail","hentry","category-policia"],"acf":[],"yoast_head":"<!-- This site is optimized with the Yoast SEO plugin v27.4 - https:\/\/yoast.com\/product\/yoast-seo-wordpress\/ -->\n<title>GUARDA CIVIL MUNICIPAL PARTICIPA DA OPERA\u00c7\u00c3O RODOVIDA DA PRF EM PETROLINA - Blog do Farn\u00e9sio<\/title>\n<meta name=\"robots\" content=\"index, follow, max-snippet:-1, max-image-preview:large, max-video-preview:-1\" \/>\n<link rel=\"canonical\" href=\"https:\/\/blogdofarnesio.com.br\/?p=185001\" \/>\n<meta property=\"og:locale\" content=\"pt_BR\" \/>\n<meta property=\"og:type\" content=\"article\" \/>\n<meta property=\"og:title\" content=\"GUARDA CIVIL MUNICIPAL PARTICIPA DA OPERA\u00c7\u00c3O RODOVIDA DA PRF EM PETROLINA - Blog do Farn\u00e9sio\" \/>\n<meta property=\"og:description\" content=\"Com o objetivo de reduzir a gravidade dos acidentes de tr\u00e2nsito e tamb\u00e9m dos custos sociais que eles representam para os cofres p\u00fablicos, a Pol\u00edcia Rodovi\u00e1ria Federal (PRF) realiza a Opera\u00e7\u00e3o Rodovida. A ideia \u00e9 fazer a\u00e7\u00f5es simult\u00e2neas nos principais trechos cr\u00edticos nacionais, com atividades integradas conjuntas e coordenadas. Em Petrolina, no sert\u00e3o pernambucano, a PRF vai contar com um importante refor\u00e7o da Secretaria-executiva de Seguran\u00e7a P\u00fablica de Petrolina, atrav\u00e9s da Guarda Civil Municipal. A opera\u00e7\u00e3o come\u00e7ou no \u00faltimo dia 22 e vai a at\u00e9 o dia 18 de fevereiro em aten\u00e7\u00e3o \u00e0 chegada do ano novo e tamb\u00e9m o carnaval. O conceito da Opera\u00e7\u00e3o Rodovida se resume na preven\u00e7\u00e3o e repress\u00e3o voltadas para as condutas mais perigosas: embriaguez ao&hellip;\" \/>\n<meta property=\"og:url\" content=\"https:\/\/blogdofarnesio.com.br\/?p=185001\" \/>\n<meta property=\"og:site_name\" content=\"Blog do Farn\u00e9sio\" \/>\n<meta property=\"article:publisher\" content=\"https:\/\/www.facebook.com\/BlogQuerSaberPolitica\/\" \/>\n<meta property=\"article:published_time\" content=\"2017-12-26T17:00:13+00:00\" \/>\n<meta property=\"og:image\" content=\"https:\/\/blogdofarnesio.com.br\/wp-content\/uploads\/2017\/12\/BLOGQSP-GCM_PRF.jpeg\" \/>\n\t<meta property=\"og:image:width\" content=\"640\" \/>\n\t<meta property=\"og:image:height\" content=\"427\" \/>\n\t<meta property=\"og:image:type\" content=\"image\/jpeg\" \/>\n<meta name=\"author\" content=\"Farn\u00e9sio\" \/>\n<meta name=\"twitter:card\" content=\"summary_large_image\" \/>\n<meta name=\"twitter:label1\" content=\"Escrito por\" \/>\n\t<meta name=\"twitter:data1\" content=\"Farn\u00e9sio\" \/>\n\t<meta name=\"twitter:label2\" content=\"Est. tempo de leitura\" \/>\n\t<meta name=\"twitter:data2\" content=\"2 minutos\" \/>\n<script type=\"application\/ld+json\" class=\"yoast-schema-graph\">{\"@context\":\"https:\\\/\\\/schema.org\",\"@graph\":[{\"@type\":\"Article\",\"@id\":\"https:\\\/\\\/blogdofarnesio.com.br\\\/?p=185001#article\",\"isPartOf\":{\"@id\":\"https:\\\/\\\/blogdofarnesio.com.br\\\/?p=185001\"},\"author\":{\"name\":\"Farn\u00e9sio\",\"@id\":\"https:\\\/\\\/blogdofarnesio.com.br\\\/#\\\/schema\\\/person\\\/301c4acf522bccbfdb45af95b5b906a1\"},\"headline\":\"GUARDA CIVIL MUNICIPAL PARTICIPA DA OPERA\u00c7\u00c3O RODOVIDA DA PRF EM PETROLINA\",\"datePublished\":\"2017-12-26T17:00:13+00:00\",\"mainEntityOfPage\":{\"@id\":\"https:\\\/\\\/blogdofarnesio.com.br\\\/?p=185001\"},\"wordCount\":359,\"commentCount\":0,\"publisher\":{\"@id\":\"https:\\\/\\\/blogdofarnesio.com.br\\\/#organization\"},\"image\":{\"@id\":\"https:\\\/\\\/blogdofarnesio.com.br\\\/?p=185001#primaryimage\"},\"thumbnailUrl\":\"https:\\\/\\\/blogdofarnesio.com.br\\\/wp-content\\\/uploads\\\/2017\\\/12\\\/BLOGQSP-GCM_PRF.jpeg\",\"articleSection\":[\"Pol\u00edcia\"],\"inLanguage\":\"pt-BR\",\"potentialAction\":[{\"@type\":\"CommentAction\",\"name\":\"Comment\",\"target\":[\"https:\\\/\\\/blogdofarnesio.com.br\\\/?p=185001#respond\"]}]},{\"@type\":\"WebPage\",\"@id\":\"https:\\\/\\\/blogdofarnesio.com.br\\\/?p=185001\",\"url\":\"https:\\\/\\\/blogdofarnesio.com.br\\\/?p=185001\",\"name\":\"GUARDA CIVIL MUNICIPAL PARTICIPA DA OPERA\u00c7\u00c3O RODOVIDA DA PRF EM PETROLINA - Blog do Farn\u00e9sio\",\"isPartOf\":{\"@id\":\"https:\\\/\\\/blogdofarnesio.com.br\\\/#website\"},\"primaryImageOfPage\":{\"@id\":\"https:\\\/\\\/blogdofarnesio.com.br\\\/?p=185001#primaryimage\"},\"image\":{\"@id\":\"https:\\\/\\\/blogdofarnesio.com.br\\\/?p=185001#primaryimage\"},\"thumbnailUrl\":\"https:\\\/\\\/blogdofarnesio.com.br\\\/wp-content\\\/uploads\\\/2017\\\/12\\\/BLOGQSP-GCM_PRF.jpeg\",\"datePublished\":\"2017-12-26T17:00:13+00:00\",\"breadcrumb\":{\"@id\":\"https:\\\/\\\/blogdofarnesio.com.br\\\/?p=185001#breadcrumb\"},\"inLanguage\":\"pt-BR\",\"potentialAction\":[{\"@type\":\"ReadAction\",\"target\":[\"https:\\\/\\\/blogdofarnesio.com.br\\\/?p=185001\"]}]},{\"@type\":\"ImageObject\",\"inLanguage\":\"pt-BR\",\"@id\":\"https:\\\/\\\/blogdofarnesio.com.br\\\/?p=185001#primaryimage\",\"url\":\"https:\\\/\\\/blogdofarnesio.com.br\\\/wp-content\\\/uploads\\\/2017\\\/12\\\/BLOGQSP-GCM_PRF.jpeg\",\"contentUrl\":\"https:\\\/\\\/blogdofarnesio.com.br\\\/wp-content\\\/uploads\\\/2017\\\/12\\\/BLOGQSP-GCM_PRF.jpeg\",\"width\":640,\"height\":427},{\"@type\":\"BreadcrumbList\",\"@id\":\"https:\\\/\\\/blogdofarnesio.com.br\\\/?p=185001#breadcrumb\",\"itemListElement\":[{\"@type\":\"ListItem\",\"position\":1,\"name\":\"In\u00edcio\",\"item\":\"https:\\\/\\\/blogdofarnesio.com.br\\\/\"},{\"@type\":\"ListItem\",\"position\":2,\"name\":\"GUARDA CIVIL MUNICIPAL PARTICIPA DA OPERA\u00c7\u00c3O RODOVIDA DA PRF EM PETROLINA\"}]},{\"@type\":\"WebSite\",\"@id\":\"https:\\\/\\\/blogdofarnesio.com.br\\\/#website\",\"url\":\"https:\\\/\\\/blogdofarnesio.com.br\\\/\",\"name\":\"Blog do Farn\u00e9sio\",\"description\":\"Quer Saber Pol\u00edtica?\",\"publisher\":{\"@id\":\"https:\\\/\\\/blogdofarnesio.com.br\\\/#organization\"},\"potentialAction\":[{\"@type\":\"SearchAction\",\"target\":{\"@type\":\"EntryPoint\",\"urlTemplate\":\"https:\\\/\\\/blogdofarnesio.com.br\\\/?s={search_term_string}\"},\"query-input\":{\"@type\":\"PropertyValueSpecification\",\"valueRequired\":true,\"valueName\":\"search_term_string\"}}],\"inLanguage\":\"pt-BR\"},{\"@type\":\"Organization\",\"@id\":\"https:\\\/\\\/blogdofarnesio.com.br\\\/#organization\",\"name\":\"Blog do Farn\u00e9sio\",\"url\":\"https:\\\/\\\/blogdofarnesio.com.br\\\/\",\"logo\":{\"@type\":\"ImageObject\",\"inLanguage\":\"pt-BR\",\"@id\":\"https:\\\/\\\/blogdofarnesio.com.br\\\/#\\\/schema\\\/logo\\\/image\\\/\",\"url\":\"https:\\\/\\\/blogdofarnesio.com.br\\\/wp-content\\\/uploads\\\/2026\\\/03\\\/cropped-logo_new-1.png\",\"contentUrl\":\"https:\\\/\\\/blogdofarnesio.com.br\\\/wp-content\\\/uploads\\\/2026\\\/03\\\/cropped-logo_new-1.png\",\"width\":881,\"height\":685,\"caption\":\"Blog do Farn\u00e9sio\"},\"image\":{\"@id\":\"https:\\\/\\\/blogdofarnesio.com.br\\\/#\\\/schema\\\/logo\\\/image\\\/\"},\"sameAs\":[\"https:\\\/\\\/www.facebook.com\\\/BlogQuerSaberPolitica\\\/\"]},{\"@type\":\"Person\",\"@id\":\"https:\\\/\\\/blogdofarnesio.com.br\\\/#\\\/schema\\\/person\\\/301c4acf522bccbfdb45af95b5b906a1\",\"name\":\"Farn\u00e9sio\",\"image\":{\"@type\":\"ImageObject\",\"inLanguage\":\"pt-BR\",\"@id\":\"https:\\\/\\\/secure.gravatar.com\\\/avatar\\\/df0c9a14567c056f8ad6876ba5bbd1e3e2c48023eb6807342fc4663adf549f38?s=96&d=mm&r=g\",\"url\":\"https:\\\/\\\/secure.gravatar.com\\\/avatar\\\/df0c9a14567c056f8ad6876ba5bbd1e3e2c48023eb6807342fc4663adf549f38?s=96&d=mm&r=g\",\"contentUrl\":\"https:\\\/\\\/secure.gravatar.com\\\/avatar\\\/df0c9a14567c056f8ad6876ba5bbd1e3e2c48023eb6807342fc4663adf549f38?s=96&d=mm&r=g\",\"caption\":\"Farn\u00e9sio\"},\"sameAs\":[\"https:\\\/\\\/quersaberpolitica.com.br\"],\"url\":\"https:\\\/\\\/blogdofarnesio.com.br\\\/?author=1\"}]}<\/script>\n<!-- \/ Yoast SEO plugin. -->","yoast_head_json":{"title":"GUARDA CIVIL MUNICIPAL PARTICIPA DA OPERA\u00c7\u00c3O RODOVIDA DA PRF EM PETROLINA - Blog do Farn\u00e9sio","robots":{"index":"index","follow":"follow","max-snippet":"max-snippet:-1","max-image-preview":"max-image-preview:large","max-video-preview":"max-video-preview:-1"},"canonical":"https:\/\/blogdofarnesio.com.br\/?p=185001","og_locale":"pt_BR","og_type":"article","og_title":"GUARDA CIVIL MUNICIPAL PARTICIPA DA OPERA\u00c7\u00c3O RODOVIDA DA PRF EM PETROLINA - Blog do Farn\u00e9sio","og_description":"Com o objetivo de reduzir a gravidade dos acidentes de tr\u00e2nsito e tamb\u00e9m dos custos sociais que eles representam para os cofres p\u00fablicos, a Pol\u00edcia Rodovi\u00e1ria Federal (PRF) realiza a Opera\u00e7\u00e3o Rodovida. A ideia \u00e9 fazer a\u00e7\u00f5es simult\u00e2neas nos principais trechos cr\u00edticos nacionais, com atividades integradas conjuntas e coordenadas. Em Petrolina, no sert\u00e3o pernambucano, a PRF vai contar com um importante refor\u00e7o da Secretaria-executiva de Seguran\u00e7a P\u00fablica de Petrolina, atrav\u00e9s da Guarda Civil Municipal. A opera\u00e7\u00e3o come\u00e7ou no \u00faltimo dia 22 e vai a at\u00e9 o dia 18 de fevereiro em aten\u00e7\u00e3o \u00e0 chegada do ano novo e tamb\u00e9m o carnaval. O conceito da Opera\u00e7\u00e3o Rodovida se resume na preven\u00e7\u00e3o e repress\u00e3o voltadas para as condutas mais perigosas: embriaguez ao&hellip;","og_url":"https:\/\/blogdofarnesio.com.br\/?p=185001","og_site_name":"Blog do Farn\u00e9sio","article_publisher":"https:\/\/www.facebook.com\/BlogQuerSaberPolitica\/","article_published_time":"2017-12-26T17:00:13+00:00","og_image":[{"width":640,"height":427,"url":"https:\/\/blogdofarnesio.com.br\/wp-content\/uploads\/2017\/12\/BLOGQSP-GCM_PRF.jpeg","type":"image\/jpeg"}],"author":"Farn\u00e9sio","twitter_card":"summary_large_image","twitter_misc":{"Escrito por":"Farn\u00e9sio","Est. tempo de leitura":"2 minutos"},"schema":{"@context":"https:\/\/schema.org","@graph":[{"@type":"Article","@id":"https:\/\/blogdofarnesio.com.br\/?p=185001#article","isPartOf":{"@id":"https:\/\/blogdofarnesio.com.br\/?p=185001"},"author":{"name":"Farn\u00e9sio","@id":"https:\/\/blogdofarnesio.com.br\/#\/schema\/person\/301c4acf522bccbfdb45af95b5b906a1"},"headline":"GUARDA CIVIL MUNICIPAL PARTICIPA DA OPERA\u00c7\u00c3O RODOVIDA DA PRF EM PETROLINA","datePublished":"2017-12-26T17:00:13+00:00","mainEntityOfPage":{"@id":"https:\/\/blogdofarnesio.com.br\/?p=185001"},"wordCount":359,"commentCount":0,"publisher":{"@id":"https:\/\/blogdofarnesio.com.br\/#organization"},"image":{"@id":"https:\/\/blogdofarnesio.com.br\/?p=185001#primaryimage"},"thumbnailUrl":"https:\/\/blogdofarnesio.com.br\/wp-content\/uploads\/2017\/12\/BLOGQSP-GCM_PRF.jpeg","articleSection":["Pol\u00edcia"],"inLanguage":"pt-BR","potentialAction":[{"@type":"CommentAction","name":"Comment","target":["https:\/\/blogdofarnesio.com.br\/?p=185001#respond"]}]},{"@type":"WebPage","@id":"https:\/\/blogdofarnesio.com.br\/?p=185001","url":"https:\/\/blogdofarnesio.com.br\/?p=185001","name":"GUARDA CIVIL MUNICIPAL PARTICIPA DA OPERA\u00c7\u00c3O RODOVIDA DA PRF EM PETROLINA - Blog do Farn\u00e9sio","isPartOf":{"@id":"https:\/\/blogdofarnesio.com.br\/#website"},"primaryImageOfPage":{"@id":"https:\/\/blogdofarnesio.com.br\/?p=185001#primaryimage"},"image":{"@id":"https:\/\/blogdofarnesio.com.br\/?p=185001#primaryimage"},"thumbnailUrl":"https:\/\/blogdofarnesio.com.br\/wp-content\/uploads\/2017\/12\/BLOGQSP-GCM_PRF.jpeg","datePublished":"2017-12-26T17:00:13+00:00","breadcrumb":{"@id":"https:\/\/blogdofarnesio.com.br\/?p=185001#breadcrumb"},"inLanguage":"pt-BR","potentialAction":[{"@type":"ReadAction","target":["https:\/\/blogdofarnesio.com.br\/?p=185001"]}]},{"@type":"ImageObject","inLanguage":"pt-BR","@id":"https:\/\/blogdofarnesio.com.br\/?p=185001#primaryimage","url":"https:\/\/blogdofarnesio.com.br\/wp-content\/uploads\/2017\/12\/BLOGQSP-GCM_PRF.jpeg","contentUrl":"https:\/\/blogdofarnesio.com.br\/wp-content\/uploads\/2017\/12\/BLOGQSP-GCM_PRF.jpeg","width":640,"height":427},{"@type":"BreadcrumbList","@id":"https:\/\/blogdofarnesio.com.br\/?p=185001#breadcrumb","itemListElement":[{"@type":"ListItem","position":1,"name":"In\u00edcio","item":"https:\/\/blogdofarnesio.com.br\/"},{"@type":"ListItem","position":2,"name":"GUARDA CIVIL MUNICIPAL PARTICIPA DA OPERA\u00c7\u00c3O RODOVIDA DA PRF EM PETROLINA"}]},{"@type":"WebSite","@id":"https:\/\/blogdofarnesio.com.br\/#website","url":"https:\/\/blogdofarnesio.com.br\/","name":"Blog do Farn\u00e9sio","description":"Quer Saber Pol\u00edtica?","publisher":{"@id":"https:\/\/blogdofarnesio.com.br\/#organization"},"potentialAction":[{"@type":"SearchAction","target":{"@type":"EntryPoint","urlTemplate":"https:\/\/blogdofarnesio.com.br\/?s={search_term_string}"},"query-input":{"@type":"PropertyValueSpecification","valueRequired":true,"valueName":"search_term_string"}}],"inLanguage":"pt-BR"},{"@type":"Organization","@id":"https:\/\/blogdofarnesio.com.br\/#organization","name":"Blog do Farn\u00e9sio","url":"https:\/\/blogdofarnesio.com.br\/","logo":{"@type":"ImageObject","inLanguage":"pt-BR","@id":"https:\/\/blogdofarnesio.com.br\/#\/schema\/logo\/image\/","url":"https:\/\/blogdofarnesio.com.br\/wp-content\/uploads\/2026\/03\/cropped-logo_new-1.png","contentUrl":"https:\/\/blogdofarnesio.com.br\/wp-content\/uploads\/2026\/03\/cropped-logo_new-1.png","width":881,"height":685,"caption":"Blog do Farn\u00e9sio"},"image":{"@id":"https:\/\/blogdofarnesio.com.br\/#\/schema\/logo\/image\/"},"sameAs":["https:\/\/www.facebook.com\/BlogQuerSaberPolitica\/"]},{"@type":"Person","@id":"https:\/\/blogdofarnesio.com.br\/#\/schema\/person\/301c4acf522bccbfdb45af95b5b906a1","name":"Farn\u00e9sio","image":{"@type":"ImageObject","inLanguage":"pt-BR","@id":"https:\/\/secure.gravatar.com\/avatar\/df0c9a14567c056f8ad6876ba5bbd1e3e2c48023eb6807342fc4663adf549f38?s=96&d=mm&r=g","url":"https:\/\/secure.gravatar.com\/avatar\/df0c9a14567c056f8ad6876ba5bbd1e3e2c48023eb6807342fc4663adf549f38?s=96&d=mm&r=g","contentUrl":"https:\/\/secure.gravatar.com\/avatar\/df0c9a14567c056f8ad6876ba5bbd1e3e2c48023eb6807342fc4663adf549f38?s=96&d=mm&r=g","caption":"Farn\u00e9sio"},"sameAs":["https:\/\/quersaberpolitica.com.br"],"url":"https:\/\/blogdofarnesio.com.br\/?author=1"}]}},"_links":{"self":[{"href":"https:\/\/blogdofarnesio.com.br\/index.php?rest_route=\/wp\/v2\/posts\/185001","targetHints":{"allow":["GET"]}}],"collection":[{"href":"https:\/\/blogdofarnesio.com.br\/index.php?rest_route=\/wp\/v2\/posts"}],"about":[{"href":"https:\/\/blogdofarnesio.com.br\/index.php?rest_route=\/wp\/v2\/types\/post"}],"author":[{"embeddable":true,"href":"https:\/\/blogdofarnesio.com.br\/index.php?rest_route=\/wp\/v2\/users\/1"}],"replies":[{"embeddable":true,"href":"https:\/\/blogdofarnesio.com.br\/index.php?rest_route=%2Fwp%2Fv2%2Fcomments&post=185001"}],"version-history":[{"count":0,"href":"https:\/\/blogdofarnesio.com.br\/index.php?rest_route=\/wp\/v2\/posts\/185001\/revisions"}],"wp:featuredmedia":[{"embeddable":true,"href":"https:\/\/blogdofarnesio.com.br\/index.php?rest_route=\/wp\/v2\/media\/185002"}],"wp:attachment":[{"href":"https:\/\/blogdofarnesio.com.br\/index.php?rest_route=%2Fwp%2Fv2%2Fmedia&parent=185001"}],"wp:term":[{"taxonomy":"category","embeddable":true,"href":"https:\/\/blogdofarnesio.com.br\/index.php?rest_route=%2Fwp%2Fv2%2Fcategories&post=185001"},{"taxonomy":"post_tag","embeddable":true,"href":"https:\/\/blogdofarnesio.com.br\/index.php?rest_route=%2Fwp%2Fv2%2Ftags&post=185001"}],"curies":[{"name":"wp","href":"https:\/\/api.w.org\/{rel}","templated":true}]}}