{"id":18478,"date":"2012-10-28T17:13:18","date_gmt":"2012-10-28T17:13:18","guid":{"rendered":"http:\/\/www.quersaberpolitica.com.br?p=18478"},"modified":"2012-10-28T17:16:40","modified_gmt":"2012-10-28T17:16:40","slug":"sao-paulo-missao-impossivel-cumprida","status":"publish","type":"post","link":"https:\/\/blogdofarnesio.com.br\/?p=18478","title":{"rendered":"S\u00c3O PAULO: &#8220;MISS\u00c3O IMPOSS\u00cdVEL&#8221; CUMPRIDA"},"content":{"rendered":"<p><span style=\"font-size: small;\"><br \/><\/span><\/p>\n<p>&nbsp;<\/p>\n<h2 style=\"text-align: center;\"><span style=\"font-size: small;\"><img loading=\"lazy\" decoding=\"async\" style=\"vertical-align: baseline;\" src=\"http:\/\/www.brasil247.com\/images\/cache\/1000x357\/crop\/images%7Ccms-image-000291071.jpg\" alt=\": \" width=\"600\" height=\"214\" \/><\/span><\/h2>\n<p style=\"text-align: justify;\"><span style=\"font-size: medium;\"><span style=\"font-size: small;\">Nascido no dia do anivers&aacute;rio de S&atilde;o Paulo, Fernando Haddad &eacute; o novo prefeito da maior cidade do Pa&iacute;s. &Eacute; o que atesta a pesquisa de boca de urna feita pelo Ibope. O petista teve 14 pontos a mais do que o rival Jos&eacute; Serra.<\/span><\/span><\/p>\n<p style=\"text-align: justify;\"><span style=\"font-size: medium;\"><span style=\"font-size: small;\">Aos 49 anos, ele cumpre uma tarefa que parecia imposs&iacute;vel, no in&iacute;cio da campanha. Enfrentou dificuldades internas, como a resist&ecirc;ncia de Marta Suplicy, e externas, como o julgamento da A&ccedil;&atilde;o Penal 470.<\/span><\/span><\/p>\n<p style=\"text-align: justify;\"><span style=\"font-size: medium;\"><span style=\"font-size: small;\">De acordo com o Tribunal Superior Eleitoral, todas as urnas em S&atilde;o Paulo, e nas outras cidades que t&ecirc;m segundo turno, ter&atilde;o sido apuradas at&eacute; 21h30.<\/span><\/span><\/p>\n<p style=\"text-align: justify;\"><span style=\"font-size: medium;\"><span style=\"font-size: small;\">Marco Damiani _247 &#8211; &#8220;N&atilde;o &eacute; por mal, mas essa proposta do Russomano n&atilde;o se sustenta. N&atilde;o &eacute; por mal que falo isso.<\/span><\/span><\/p>\n<p style=\"text-align: justify;\"><span style=\"font-size: medium;\"><span style=\"font-size: small;\">O bord&atilde;o &#8220;n&atilde;o &eacute; por mal&#8221; saiu sem querer da boca de Fernando Haddad, no com&iacute;cio em Parelheiros, na Zona Sul, como express&atilde;o corriqueira, mas pegou bem. Despertou aplausos entre as cerca de duas mil pessoas que assistiam aos discurso.<\/span><\/span><\/p>\n<p style=\"text-align: justify;\"><span style=\"font-size: medium;\"><span style=\"font-size: small;\">Ao deixar o palanque, Fernando Haddad, que a havia acabado de pronunciar, telefonou para o marqueteiro Jo&atilde;o Santana: &#8220;Eu falei uma frase que as pessoas gostaram. Vamos us&aacute;- la mais&#8221;.<\/span><\/span><\/p>\n<p style=\"text-align: justify;\"><span style=\"font-size: medium;\"><span style=\"font-size: small;\">Dali para a frente, dedicando-se a descontruir quem considerava seu principal advers&aacute;rio naquele momento, Haddad passou a iniciar sua cr&iacute;tica ao advers&aacute;rio Celso Russomano com o &#8220;n&atilde;o &eacute; por mal, mas ele n&atilde;o sabe o que est&aacute; falando&#8221; &#8211; e, paralelamente, come&ccedil;ou a subir nas pesquisas.<\/span><\/span><\/p>\n<p style=\"text-align: justify;\"><span style=\"font-size: medium;\"><span style=\"font-size: small;\">Estas e outras hist&oacute;rias foram recolhidas por 247 agora que, j&aacute; aponta a boca de urna, e enquanto os votos eletr&ocirc;nicos v&atilde;o sendo contados, com n&uacute;meros finais prometidos para perto de 19h30, o candidato cumpriu sua miss&atilde;o imposs&iacute;vel.<\/span><\/span><\/p>\n<p style=\"text-align: justify;\"><span style=\"font-size: medium;\"><span style=\"font-size: small;\">Fernando Haddad &eacute; o prefeito eleito da maior cidade da Am&eacute;rica Latina, S&atilde;o Paulo.<\/span><\/span><\/p>\n<p style=\"text-align: justify;\"><span style=\"font-size: medium;\"><span style=\"font-size: small;\">Uma alegria madura, sem euforia e excessos, toma conta do sal&atilde;o de eventos do Hotel Intercontinental, em S&atilde;o Paulo, onde Fernando Haddd e o ex-presidente Lula s&atilde;o festejados como &#8220;os caras&#8221;.<\/span><\/span><\/p>\n<p style=\"text-align: justify;\"><span style=\"font-size: medium;\"><span style=\"font-size: small;\">&#8220;Come&ccedil;amos a campanha com Lula doente, o mensal&atilde;o nas manchetes e a impossibilidade de mostrar Haddad como candidato&#8221;, lembra um dos integrantes do alto comando da campanha.<\/span><\/span><\/p>\n<p style=\"text-align: justify;\"><span style=\"font-size: medium;\"><span style=\"font-size: small;\">&#8211; Mas como, afinal, ele conseguiu? Sempre confiou ou esmoreceu? Qual foi sua maior fonte de irrita&ccedil;&atilde;o durante a campanha? E&nbsp; grande alegria? Quando percebeu que poderia ganhar? Onde se deu o chamado ponto de inflex&atilde;o, em que a campanha derrotada passou a ser vitoriosa?<\/span><\/span><\/p>\n<p style=\"text-align: justify;\"><span style=\"font-size: medium;\"><span style=\"font-size: small;\">Setembro, o m&ecirc;s considerado mais importante da campanha eleitoral, come&ccedil;ou p&eacute;ssimo para Haddad. Depois de patinar na rabeira das pesquisas nos oito meses anteriores do ano, finalmente ele avan&ccedil;ou para a casa dos 8%, lado a lado com Gabriel Chalita, do PMDB, pouco a frente de Soninha Francini, do PPS, mas nem perto da poeira de Jos&eacute; Serra e Celso Russomano, estourados. O problema era que de 8% Haddad n&atilde;o conseguia passar. Sentia-se empacado. Cumpria agenda de ponta a ponta, servia-se a de Lula e do marqueteiro Jo&atilde;o Santana, em telefonemas di&aacute;rios, como conselheiros e orientadores, mas nada que eles formulavam mudava a situa&ccedil;&atilde;o. O PT, daquele jeito, entraria na &uacute;ltima semana da elei&ccedil;&atilde;o, em outubro, com o primeiro turno marcado para o dia 7, em terceiro lugar. O sonho do segundo turno estaria desfeito. Cada uma de um jeito, as tr&ecirc;s cabe&ccedil;as da campanha rolariam na cr&iacute;tica dos advers&aacute;rios, nas an&aacute;lises da m&iacute;dia e no atestado em si da falta de votos suficientes para cumprir a tarefa.<\/span><\/span><\/p>\n<p style=\"text-align: justify;\"><span style=\"font-size: medium;\"><span style=\"font-size: small;\">Foi quando, no final de setembro, a partir de um escorreg&atilde;o de Russomano, que Haddad, antes de Lula e Santana, encontrou sua chance.<\/span><\/span><\/p>\n<p style=\"text-align: justify;\"><span style=\"font-size: medium;\"><span style=\"font-size: small;\">&#8211; A proposta de bilhete &uacute;nico proporcional de Russomano vai prejudicar quem passa mais tempo nos &ocirc;nibus, quem mora longe do trabalho. Vamos bater.<\/span><\/span><\/p>\n<p style=\"text-align: justify;\"><span style=\"font-size: medium;\"><span style=\"font-size: small;\">Juntando o bord&atilde;o &#8220;n&atilde;o &eacute; por mal&#8221; com a cr&iacute;tica ao bilhete &uacute;nico de pre&ccedil;o vari&aacute;vel com a dist&acirc;ncia percorrida, Haddad, finalmente, conseguiu alvejar Russomano. O desequil&iacute;brio do advers&aacute;rio, que n&atilde;o soube se explicar, acabou sentenciando o momento, para Haddad, mais importante da elei&ccedil;&atilde;o.<\/span><\/span><\/p>\n<p style=\"text-align: justify;\"><span style=\"font-size: medium;\"><span style=\"font-size: small;\">H&aacute;, ainda, um ponto importante sobre a situa&ccedil;&atilde;o. N&atilde;o havia clareza, dentro do PT, sobre qual era o principal advers&aacute;rio em primeiro turno. O ex-ministro Jos&eacute; Dirceu registrou em artigo que o eixo da campanha estava errado ao atacar Russomano. Para ele, quem deveria ser focado era Jos&eacute; Serra.<\/span><\/span><\/p>\n<p style=\"text-align: justify;\"><span style=\"font-size: medium;\"><span style=\"font-size: small;\">&#8220;Haddad, que sempre achou que tinha de bater em Russomano, e n&atilde;o em Serra, especialmente, para sair do lugar, estava certo&#8221;, conta um integrante do n&uacute;cleo duro da campanha.<\/span><\/span><\/p>\n<p style=\"text-align: justify;\"><span style=\"font-size: medium;\"><span style=\"font-size: small;\">&#8220;Dali para frente, crescemos de maneira constante. Ganhos nas duas &uacute;ltimas semanas do primeiro turno&#8221;.<\/span><\/span><\/p>\n<p style=\"text-align: justify;\"><span style=\"font-size: medium;\"><span style=\"font-size: small;\">Haddad, na segunda volta, administrou a vantagem novamente a partir dos erros do advers&aacute;rio, agora Jos&eacute; Serra, que optou por uma linha ultraconservadora e repetitiva, com mensa&ccedil;&atilde;o e kit gay como carros-chefes. As piores lembran&ccedil;as est&atilde;o ainda no primeiro turno. Haddad ficou bastante magoado com Marta. Ele tomou como um golpe pessoal o discurso da ent&atilde;o senadora e hoje ministra da Cultura na C&acirc;mara Municipal, quando ela respondeu a Lula sobre &#8220;pessoas novas&#8221;:<\/span><\/span><\/p>\n<p style=\"text-align: justify;\"><span style=\"font-size: medium;\"><span style=\"font-size: small;\">&#8211; O importante n&atilde;o &eacute; ser novo, mas ter id&eacute;ias novas, disse ela, na frase que machucou o candidato. A ferida s&oacute; se abriu mais quando Marta n&atilde;o compareceu &agrave; conven&ccedil;&atilde;o do PT.<\/span><\/span><\/p>\n<p style=\"text-align: justify;\"><span style=\"font-size: medium;\"><span style=\"font-size: small;\">&#8211; Maggou, diz um integrante da campanha.<\/span><\/span><\/p>\n<p style=\"text-align: justify;\"><span style=\"font-size: medium;\"><span style=\"font-size: small;\">O mal estar foi parcialmente superado quando, finalmente, Marta, ao ganhar seu cargo em acordo fechado diretamente com o ex-presidente Lula, avan&ccedil;ou ao lado de Haddad pela periferia.<\/span><\/span><\/p>\n<p style=\"text-align: justify;\"><span style=\"font-size: medium;\"><span style=\"font-size: small;\">&#8211; Com Marta n&atilde;o tem desfa&ccedil;atez, disse o candidato internamente. Ele &eacute; sincera, a gente v&ecirc; se ela est&aacute; dentro ou fora, e agora entrou.<\/span><\/span><\/p>\n<p style=\"text-align: justify;\"><span style=\"font-size: medium;\"><span style=\"font-size: small;\">Haddad &eacute; visto pelos seus colabodores como uma surpresa no corpo a corpo com os eleitores. Id&eacute;ias captadas nas ruas foram divididas com o marqueteiro Jo&atilde;o Santana, para aproveitamento nos programas eleitorais. Al&eacute;m disso, Haddad mostrou-se um pol&iacute;tico atencioso, com talento para o corpo.<\/span><\/span><\/p>\n<p style=\"text-align: justify;\"><span style=\"font-size: medium;\"><span style=\"font-size: small;\">Nascido no dia do anivers&aacute;rio de S&atilde;o Paulo, Fernando Haddad &eacute; o novo prefeito da maior cidade do Pa&iacute;s. &Eacute; o que atesta a pesquisa de boca de urna feita pelo Ibope. O petista teve vinte ponto mais do que o rival Jos&eacute; Serra.<\/span><\/span><\/p>\n<p style=\"text-align: justify;\"><span style=\"font-size: medium;\"><span style=\"font-size: small;\">Aos 49 anos, ele cumpre uma tarefa que parecia imposs&iacute;vel, no in&iacute;cio da campanha. Enfrentou dificuldades internas, como a resist&ecirc;ncia de Marta Suplicy, e externas, como o julgamento da A&ccedil;&atilde;o Penal 470.<\/span><\/span><\/p>\n<p style=\"text-align: justify;\"><span style=\"font-size: medium;\"><span style=\"font-size: small;\">De acordo com o Tribunal Superior Eleitoral, todas as urnas em S&atilde;o Paulo, e nas outras cidades que t&ecirc;m segundo turno, ter&atilde;o sido apuradas at&eacute; 21h30.<\/span><\/span><\/p>\n<p>&nbsp;<\/p>\n","protected":false},"excerpt":{"rendered":"<p>&nbsp; Nascido no dia do anivers&aacute;rio de S&atilde;o Paulo, Fernando Haddad &eacute; o novo prefeito da maior cidade do Pa&iacute;s. &Eacute; o que atesta a pesquisa de boca de urna feita pelo Ibope. O petista teve 14 pontos a mais do que o rival Jos&eacute; Serra. Aos 49 anos, ele cumpre uma tarefa que parecia imposs&iacute;vel, no in&iacute;cio da campanha. Enfrentou dificuldades internas, como a resist&ecirc;ncia de Marta Suplicy, e externas, como o julgamento da A&ccedil;&atilde;o Penal 470. De acordo com o Tribunal Superior Eleitoral, todas as urnas em S&atilde;o Paulo, e nas outras cidades que t&ecirc;m segundo turno, ter&atilde;o sido apuradas at&eacute; 21h30. Marco Damiani _247 &#8211; &#8220;N&atilde;o &eacute; por mal, mas essa proposta do Russomano n&atilde;o se sustenta.&hellip; <\/p>\n","protected":false},"author":3,"featured_media":0,"comment_status":"open","ping_status":"open","sticky":false,"template":"","format":"standard","meta":{"_acf_changed":false,"footnotes":""},"categories":[34],"tags":[],"class_list":["post-18478","post","type-post","status-publish","format-standard","hentry","category-eleicoes"],"acf":[],"yoast_head":"<!-- This site is optimized with the Yoast SEO plugin v27.4 - https:\/\/yoast.com\/product\/yoast-seo-wordpress\/ -->\n<title>S\u00c3O PAULO: &quot;MISS\u00c3O IMPOSS\u00cdVEL&quot; CUMPRIDA  - Blog do Farn\u00e9sio<\/title>\n<meta name=\"robots\" content=\"index, follow, max-snippet:-1, max-image-preview:large, max-video-preview:-1\" \/>\n<link rel=\"canonical\" href=\"https:\/\/blogdofarnesio.com.br\/?p=18478\" \/>\n<meta property=\"og:locale\" content=\"pt_BR\" \/>\n<meta property=\"og:type\" content=\"article\" \/>\n<meta property=\"og:title\" content=\"S\u00c3O PAULO: &quot;MISS\u00c3O IMPOSS\u00cdVEL&quot; CUMPRIDA  - Blog do Farn\u00e9sio\" \/>\n<meta property=\"og:description\" content=\"&nbsp; Nascido no dia do anivers&aacute;rio de S&atilde;o Paulo, Fernando Haddad &eacute; o novo prefeito da maior cidade do Pa&iacute;s. &Eacute; o que atesta a pesquisa de boca de urna feita pelo Ibope. O petista teve 14 pontos a mais do que o rival Jos&eacute; Serra. Aos 49 anos, ele cumpre uma tarefa que parecia imposs&iacute;vel, no in&iacute;cio da campanha. Enfrentou dificuldades internas, como a resist&ecirc;ncia de Marta Suplicy, e externas, como o julgamento da A&ccedil;&atilde;o Penal 470. De acordo com o Tribunal Superior Eleitoral, todas as urnas em S&atilde;o Paulo, e nas outras cidades que t&ecirc;m segundo turno, ter&atilde;o sido apuradas at&eacute; 21h30. Marco Damiani _247 &#8211; &#8220;N&atilde;o &eacute; por mal, mas essa proposta do Russomano n&atilde;o se sustenta.&hellip;\" \/>\n<meta property=\"og:url\" content=\"https:\/\/blogdofarnesio.com.br\/?p=18478\" \/>\n<meta property=\"og:site_name\" content=\"Blog do Farn\u00e9sio\" \/>\n<meta property=\"article:publisher\" content=\"https:\/\/www.facebook.com\/BlogQuerSaberPolitica\/\" \/>\n<meta property=\"article:published_time\" content=\"2012-10-28T17:13:18+00:00\" \/>\n<meta property=\"article:modified_time\" content=\"2012-10-28T17:16:40+00:00\" \/>\n<meta property=\"og:image\" content=\"http:\/\/www.brasil247.com\/images\/cache\/1000x357\/crop\/images%7Ccms-image-000291071.jpg\" \/>\n<meta name=\"author\" content=\"teste\" \/>\n<meta name=\"twitter:card\" content=\"summary_large_image\" \/>\n<meta name=\"twitter:label1\" content=\"Escrito por\" \/>\n\t<meta name=\"twitter:data1\" content=\"teste\" \/>\n\t<meta name=\"twitter:label2\" content=\"Est. tempo de leitura\" \/>\n\t<meta name=\"twitter:data2\" content=\"6 minutos\" \/>\n<script type=\"application\/ld+json\" class=\"yoast-schema-graph\">{\"@context\":\"https:\\\/\\\/schema.org\",\"@graph\":[{\"@type\":\"Article\",\"@id\":\"https:\\\/\\\/blogdofarnesio.com.br\\\/?p=18478#article\",\"isPartOf\":{\"@id\":\"https:\\\/\\\/blogdofarnesio.com.br\\\/?p=18478\"},\"author\":{\"name\":\"teste\",\"@id\":\"https:\\\/\\\/blogdofarnesio.com.br\\\/#\\\/schema\\\/person\\\/dd1bf5eba40b687199ba45ca6b97dff9\"},\"headline\":\"S\u00c3O PAULO: &#8220;MISS\u00c3O IMPOSS\u00cdVEL&#8221; CUMPRIDA\",\"datePublished\":\"2012-10-28T17:13:18+00:00\",\"dateModified\":\"2012-10-28T17:16:40+00:00\",\"mainEntityOfPage\":{\"@id\":\"https:\\\/\\\/blogdofarnesio.com.br\\\/?p=18478\"},\"wordCount\":1286,\"commentCount\":0,\"publisher\":{\"@id\":\"https:\\\/\\\/blogdofarnesio.com.br\\\/#organization\"},\"image\":{\"@id\":\"https:\\\/\\\/blogdofarnesio.com.br\\\/?p=18478#primaryimage\"},\"thumbnailUrl\":\"http:\\\/\\\/www.brasil247.com\\\/images\\\/cache\\\/1000x357\\\/crop\\\/images%7Ccms-image-000291071.jpg\",\"articleSection\":[\"Elei\u00e7\u00f5es\"],\"inLanguage\":\"pt-BR\",\"potentialAction\":[{\"@type\":\"CommentAction\",\"name\":\"Comment\",\"target\":[\"https:\\\/\\\/blogdofarnesio.com.br\\\/?p=18478#respond\"]}]},{\"@type\":\"WebPage\",\"@id\":\"https:\\\/\\\/blogdofarnesio.com.br\\\/?p=18478\",\"url\":\"https:\\\/\\\/blogdofarnesio.com.br\\\/?p=18478\",\"name\":\"S\u00c3O PAULO: \\\"MISS\u00c3O IMPOSS\u00cdVEL\\\" CUMPRIDA - Blog do Farn\u00e9sio\",\"isPartOf\":{\"@id\":\"https:\\\/\\\/blogdofarnesio.com.br\\\/#website\"},\"primaryImageOfPage\":{\"@id\":\"https:\\\/\\\/blogdofarnesio.com.br\\\/?p=18478#primaryimage\"},\"image\":{\"@id\":\"https:\\\/\\\/blogdofarnesio.com.br\\\/?p=18478#primaryimage\"},\"thumbnailUrl\":\"http:\\\/\\\/www.brasil247.com\\\/images\\\/cache\\\/1000x357\\\/crop\\\/images%7Ccms-image-000291071.jpg\",\"datePublished\":\"2012-10-28T17:13:18+00:00\",\"dateModified\":\"2012-10-28T17:16:40+00:00\",\"breadcrumb\":{\"@id\":\"https:\\\/\\\/blogdofarnesio.com.br\\\/?p=18478#breadcrumb\"},\"inLanguage\":\"pt-BR\",\"potentialAction\":[{\"@type\":\"ReadAction\",\"target\":[\"https:\\\/\\\/blogdofarnesio.com.br\\\/?p=18478\"]}]},{\"@type\":\"ImageObject\",\"inLanguage\":\"pt-BR\",\"@id\":\"https:\\\/\\\/blogdofarnesio.com.br\\\/?p=18478#primaryimage\",\"url\":\"http:\\\/\\\/www.brasil247.com\\\/images\\\/cache\\\/1000x357\\\/crop\\\/images%7Ccms-image-000291071.jpg\",\"contentUrl\":\"http:\\\/\\\/www.brasil247.com\\\/images\\\/cache\\\/1000x357\\\/crop\\\/images%7Ccms-image-000291071.jpg\"},{\"@type\":\"BreadcrumbList\",\"@id\":\"https:\\\/\\\/blogdofarnesio.com.br\\\/?p=18478#breadcrumb\",\"itemListElement\":[{\"@type\":\"ListItem\",\"position\":1,\"name\":\"In\u00edcio\",\"item\":\"https:\\\/\\\/blogdofarnesio.com.br\\\/\"},{\"@type\":\"ListItem\",\"position\":2,\"name\":\"S\u00c3O PAULO: &#8220;MISS\u00c3O IMPOSS\u00cdVEL&#8221; CUMPRIDA\"}]},{\"@type\":\"WebSite\",\"@id\":\"https:\\\/\\\/blogdofarnesio.com.br\\\/#website\",\"url\":\"https:\\\/\\\/blogdofarnesio.com.br\\\/\",\"name\":\"Blog do Farn\u00e9sio\",\"description\":\"Quer Saber Pol\u00edtica?\",\"publisher\":{\"@id\":\"https:\\\/\\\/blogdofarnesio.com.br\\\/#organization\"},\"potentialAction\":[{\"@type\":\"SearchAction\",\"target\":{\"@type\":\"EntryPoint\",\"urlTemplate\":\"https:\\\/\\\/blogdofarnesio.com.br\\\/?s={search_term_string}\"},\"query-input\":{\"@type\":\"PropertyValueSpecification\",\"valueRequired\":true,\"valueName\":\"search_term_string\"}}],\"inLanguage\":\"pt-BR\"},{\"@type\":\"Organization\",\"@id\":\"https:\\\/\\\/blogdofarnesio.com.br\\\/#organization\",\"name\":\"Blog do Farn\u00e9sio\",\"url\":\"https:\\\/\\\/blogdofarnesio.com.br\\\/\",\"logo\":{\"@type\":\"ImageObject\",\"inLanguage\":\"pt-BR\",\"@id\":\"https:\\\/\\\/blogdofarnesio.com.br\\\/#\\\/schema\\\/logo\\\/image\\\/\",\"url\":\"https:\\\/\\\/blogdofarnesio.com.br\\\/wp-content\\\/uploads\\\/2026\\\/03\\\/cropped-logo_new-1.png\",\"contentUrl\":\"https:\\\/\\\/blogdofarnesio.com.br\\\/wp-content\\\/uploads\\\/2026\\\/03\\\/cropped-logo_new-1.png\",\"width\":881,\"height\":685,\"caption\":\"Blog do Farn\u00e9sio\"},\"image\":{\"@id\":\"https:\\\/\\\/blogdofarnesio.com.br\\\/#\\\/schema\\\/logo\\\/image\\\/\"},\"sameAs\":[\"https:\\\/\\\/www.facebook.com\\\/BlogQuerSaberPolitica\\\/\"]},{\"@type\":\"Person\",\"@id\":\"https:\\\/\\\/blogdofarnesio.com.br\\\/#\\\/schema\\\/person\\\/dd1bf5eba40b687199ba45ca6b97dff9\",\"name\":\"teste\",\"image\":{\"@type\":\"ImageObject\",\"inLanguage\":\"pt-BR\",\"@id\":\"https:\\\/\\\/secure.gravatar.com\\\/avatar\\\/2172498d4914b51e1d89a0f97957b035ac4938723a5cac208135d389b6972a6d?s=96&d=mm&r=g\",\"url\":\"https:\\\/\\\/secure.gravatar.com\\\/avatar\\\/2172498d4914b51e1d89a0f97957b035ac4938723a5cac208135d389b6972a6d?s=96&d=mm&r=g\",\"contentUrl\":\"https:\\\/\\\/secure.gravatar.com\\\/avatar\\\/2172498d4914b51e1d89a0f97957b035ac4938723a5cac208135d389b6972a6d?s=96&d=mm&r=g\",\"caption\":\"teste\"},\"url\":\"https:\\\/\\\/blogdofarnesio.com.br\\\/?author=3\"}]}<\/script>\n<!-- \/ Yoast SEO plugin. -->","yoast_head_json":{"title":"S\u00c3O PAULO: \"MISS\u00c3O IMPOSS\u00cdVEL\" CUMPRIDA  - Blog do Farn\u00e9sio","robots":{"index":"index","follow":"follow","max-snippet":"max-snippet:-1","max-image-preview":"max-image-preview:large","max-video-preview":"max-video-preview:-1"},"canonical":"https:\/\/blogdofarnesio.com.br\/?p=18478","og_locale":"pt_BR","og_type":"article","og_title":"S\u00c3O PAULO: \"MISS\u00c3O IMPOSS\u00cdVEL\" CUMPRIDA  - Blog do Farn\u00e9sio","og_description":"&nbsp; Nascido no dia do anivers&aacute;rio de S&atilde;o Paulo, Fernando Haddad &eacute; o novo prefeito da maior cidade do Pa&iacute;s. &Eacute; o que atesta a pesquisa de boca de urna feita pelo Ibope. O petista teve 14 pontos a mais do que o rival Jos&eacute; Serra. Aos 49 anos, ele cumpre uma tarefa que parecia imposs&iacute;vel, no in&iacute;cio da campanha. Enfrentou dificuldades internas, como a resist&ecirc;ncia de Marta Suplicy, e externas, como o julgamento da A&ccedil;&atilde;o Penal 470. De acordo com o Tribunal Superior Eleitoral, todas as urnas em S&atilde;o Paulo, e nas outras cidades que t&ecirc;m segundo turno, ter&atilde;o sido apuradas at&eacute; 21h30. Marco Damiani _247 &#8211; &#8220;N&atilde;o &eacute; por mal, mas essa proposta do Russomano n&atilde;o se sustenta.&hellip;","og_url":"https:\/\/blogdofarnesio.com.br\/?p=18478","og_site_name":"Blog do Farn\u00e9sio","article_publisher":"https:\/\/www.facebook.com\/BlogQuerSaberPolitica\/","article_published_time":"2012-10-28T17:13:18+00:00","article_modified_time":"2012-10-28T17:16:40+00:00","og_image":[{"url":"http:\/\/www.brasil247.com\/images\/cache\/1000x357\/crop\/images%7Ccms-image-000291071.jpg","type":"","width":"","height":""}],"author":"teste","twitter_card":"summary_large_image","twitter_misc":{"Escrito por":"teste","Est. tempo de leitura":"6 minutos"},"schema":{"@context":"https:\/\/schema.org","@graph":[{"@type":"Article","@id":"https:\/\/blogdofarnesio.com.br\/?p=18478#article","isPartOf":{"@id":"https:\/\/blogdofarnesio.com.br\/?p=18478"},"author":{"name":"teste","@id":"https:\/\/blogdofarnesio.com.br\/#\/schema\/person\/dd1bf5eba40b687199ba45ca6b97dff9"},"headline":"S\u00c3O PAULO: &#8220;MISS\u00c3O IMPOSS\u00cdVEL&#8221; CUMPRIDA","datePublished":"2012-10-28T17:13:18+00:00","dateModified":"2012-10-28T17:16:40+00:00","mainEntityOfPage":{"@id":"https:\/\/blogdofarnesio.com.br\/?p=18478"},"wordCount":1286,"commentCount":0,"publisher":{"@id":"https:\/\/blogdofarnesio.com.br\/#organization"},"image":{"@id":"https:\/\/blogdofarnesio.com.br\/?p=18478#primaryimage"},"thumbnailUrl":"http:\/\/www.brasil247.com\/images\/cache\/1000x357\/crop\/images%7Ccms-image-000291071.jpg","articleSection":["Elei\u00e7\u00f5es"],"inLanguage":"pt-BR","potentialAction":[{"@type":"CommentAction","name":"Comment","target":["https:\/\/blogdofarnesio.com.br\/?p=18478#respond"]}]},{"@type":"WebPage","@id":"https:\/\/blogdofarnesio.com.br\/?p=18478","url":"https:\/\/blogdofarnesio.com.br\/?p=18478","name":"S\u00c3O PAULO: \"MISS\u00c3O IMPOSS\u00cdVEL\" CUMPRIDA - Blog do Farn\u00e9sio","isPartOf":{"@id":"https:\/\/blogdofarnesio.com.br\/#website"},"primaryImageOfPage":{"@id":"https:\/\/blogdofarnesio.com.br\/?p=18478#primaryimage"},"image":{"@id":"https:\/\/blogdofarnesio.com.br\/?p=18478#primaryimage"},"thumbnailUrl":"http:\/\/www.brasil247.com\/images\/cache\/1000x357\/crop\/images%7Ccms-image-000291071.jpg","datePublished":"2012-10-28T17:13:18+00:00","dateModified":"2012-10-28T17:16:40+00:00","breadcrumb":{"@id":"https:\/\/blogdofarnesio.com.br\/?p=18478#breadcrumb"},"inLanguage":"pt-BR","potentialAction":[{"@type":"ReadAction","target":["https:\/\/blogdofarnesio.com.br\/?p=18478"]}]},{"@type":"ImageObject","inLanguage":"pt-BR","@id":"https:\/\/blogdofarnesio.com.br\/?p=18478#primaryimage","url":"http:\/\/www.brasil247.com\/images\/cache\/1000x357\/crop\/images%7Ccms-image-000291071.jpg","contentUrl":"http:\/\/www.brasil247.com\/images\/cache\/1000x357\/crop\/images%7Ccms-image-000291071.jpg"},{"@type":"BreadcrumbList","@id":"https:\/\/blogdofarnesio.com.br\/?p=18478#breadcrumb","itemListElement":[{"@type":"ListItem","position":1,"name":"In\u00edcio","item":"https:\/\/blogdofarnesio.com.br\/"},{"@type":"ListItem","position":2,"name":"S\u00c3O PAULO: &#8220;MISS\u00c3O IMPOSS\u00cdVEL&#8221; CUMPRIDA"}]},{"@type":"WebSite","@id":"https:\/\/blogdofarnesio.com.br\/#website","url":"https:\/\/blogdofarnesio.com.br\/","name":"Blog do Farn\u00e9sio","description":"Quer Saber Pol\u00edtica?","publisher":{"@id":"https:\/\/blogdofarnesio.com.br\/#organization"},"potentialAction":[{"@type":"SearchAction","target":{"@type":"EntryPoint","urlTemplate":"https:\/\/blogdofarnesio.com.br\/?s={search_term_string}"},"query-input":{"@type":"PropertyValueSpecification","valueRequired":true,"valueName":"search_term_string"}}],"inLanguage":"pt-BR"},{"@type":"Organization","@id":"https:\/\/blogdofarnesio.com.br\/#organization","name":"Blog do Farn\u00e9sio","url":"https:\/\/blogdofarnesio.com.br\/","logo":{"@type":"ImageObject","inLanguage":"pt-BR","@id":"https:\/\/blogdofarnesio.com.br\/#\/schema\/logo\/image\/","url":"https:\/\/blogdofarnesio.com.br\/wp-content\/uploads\/2026\/03\/cropped-logo_new-1.png","contentUrl":"https:\/\/blogdofarnesio.com.br\/wp-content\/uploads\/2026\/03\/cropped-logo_new-1.png","width":881,"height":685,"caption":"Blog do Farn\u00e9sio"},"image":{"@id":"https:\/\/blogdofarnesio.com.br\/#\/schema\/logo\/image\/"},"sameAs":["https:\/\/www.facebook.com\/BlogQuerSaberPolitica\/"]},{"@type":"Person","@id":"https:\/\/blogdofarnesio.com.br\/#\/schema\/person\/dd1bf5eba40b687199ba45ca6b97dff9","name":"teste","image":{"@type":"ImageObject","inLanguage":"pt-BR","@id":"https:\/\/secure.gravatar.com\/avatar\/2172498d4914b51e1d89a0f97957b035ac4938723a5cac208135d389b6972a6d?s=96&d=mm&r=g","url":"https:\/\/secure.gravatar.com\/avatar\/2172498d4914b51e1d89a0f97957b035ac4938723a5cac208135d389b6972a6d?s=96&d=mm&r=g","contentUrl":"https:\/\/secure.gravatar.com\/avatar\/2172498d4914b51e1d89a0f97957b035ac4938723a5cac208135d389b6972a6d?s=96&d=mm&r=g","caption":"teste"},"url":"https:\/\/blogdofarnesio.com.br\/?author=3"}]}},"_links":{"self":[{"href":"https:\/\/blogdofarnesio.com.br\/index.php?rest_route=\/wp\/v2\/posts\/18478","targetHints":{"allow":["GET"]}}],"collection":[{"href":"https:\/\/blogdofarnesio.com.br\/index.php?rest_route=\/wp\/v2\/posts"}],"about":[{"href":"https:\/\/blogdofarnesio.com.br\/index.php?rest_route=\/wp\/v2\/types\/post"}],"author":[{"embeddable":true,"href":"https:\/\/blogdofarnesio.com.br\/index.php?rest_route=\/wp\/v2\/users\/3"}],"replies":[{"embeddable":true,"href":"https:\/\/blogdofarnesio.com.br\/index.php?rest_route=%2Fwp%2Fv2%2Fcomments&post=18478"}],"version-history":[{"count":0,"href":"https:\/\/blogdofarnesio.com.br\/index.php?rest_route=\/wp\/v2\/posts\/18478\/revisions"}],"wp:attachment":[{"href":"https:\/\/blogdofarnesio.com.br\/index.php?rest_route=%2Fwp%2Fv2%2Fmedia&parent=18478"}],"wp:term":[{"taxonomy":"category","embeddable":true,"href":"https:\/\/blogdofarnesio.com.br\/index.php?rest_route=%2Fwp%2Fv2%2Fcategories&post=18478"},{"taxonomy":"post_tag","embeddable":true,"href":"https:\/\/blogdofarnesio.com.br\/index.php?rest_route=%2Fwp%2Fv2%2Ftags&post=18478"}],"curies":[{"name":"wp","href":"https:\/\/api.w.org\/{rel}","templated":true}]}}