{"id":184779,"date":"2017-12-22T09:00:06","date_gmt":"2017-12-22T12:00:06","guid":{"rendered":"http:\/\/quersaberpolitica.com.br\/2016\/?p=184779"},"modified":"2017-12-21T21:16:37","modified_gmt":"2017-12-22T00:16:37","slug":"campanha-educativa-contra-a-dengue-e-levada-aos-permissionarios-do-mercado-do-produtor-juazeiro","status":"publish","type":"post","link":"https:\/\/blogdofarnesio.com.br\/?p=184779","title":{"rendered":"CAMPANHA EDUCATIVA CONTRA A DENGUE \u00c9 LEVADA AOS PERMISSION\u00c1RIOS DO MERCADO DO PRODUTOR\/JUAZEIRO"},"content":{"rendered":"<p style=\"text-align: justify;\">Cerca de 30 Agentes de Endemias da Secretaria Municipal de Sa\u00fade de Juazeiro estiveram na manh\u00e3 desta quinta-feira (21), realizando mais uma a\u00e7\u00e3o da campanha \u2018Sexta sem Mosquito\u2019 que foi antecipada para hoje no Mercado do Produtor de Juazeiro. \u00a0O objetivo foi promover a sa\u00fade e qualidade de vida dos permission\u00e1rios e usu\u00e1rios do entreposto.<\/p>\n<p style=\"text-align: justify;\">O grupo conversou com os permission\u00e1rios dos boxes, pedras, pallets, caminh\u00f5es e carrinhos do mercado fazendo panfletagem e orientando a popula\u00e7\u00e3o quanto aos cuidados para n\u00e3o forma\u00e7\u00e3o de criadouros, seja no entreposto ou em casa, al\u00e9m de explicar sobre as doen\u00e7as que o mosquito pode transmitir: dengue, zika, chikungunya e febre amarela.<\/p>\n<p style=\"text-align: justify;\">O caminhoneiro Francisco Jos\u00e9 comercializa cebola no mercado e parabenizou os respons\u00e1veis pela a\u00e7\u00e3o. \u201cAl\u00e9m do cuidado no local de trabalho, temos que levar essas orienta\u00e7\u00f5es para nossa casa e evitar que o mosquito apare\u00e7a em nossa comunidade\u201d, disse Francisco, que trabalha h\u00e1 mais de 15 anos no setor.<\/p>\n<p style=\"text-align: justify;\">Dona Maria Silva trabalha no Ceasa com a venda de legumes e temperos. Ela ficou \u00a0atenta as orienta\u00e7\u00f5es dos agentes de endemias. \u201cMuito interessante \u00e0s dicas dos agentes, hoje mesmo irei verificar qualquer tipo de \u00e1gua parada em minha casa. A dengue pode matar e todo cuidado \u00e9 pouco. Parab\u00e9ns por essa iniciativa\u201d, declarou a permission\u00e1ria.<\/p>\n<p style=\"text-align: justify;\">Elis\u00e2ngela Freitas trabalha h\u00e1 10 anos como agente de endemias e destaca a import\u00e2ncia do trabalho educativo para o combate ao mosquito. \u201cJ\u00e1 estivemos no Mercado Joca e Arnaldo Vieira e agora estamos aqui no mercado. Por ter um p\u00fablico maior, acredito que nosso trabalho educativo ter\u00e1 bons resultados, pois fomos bem recebidos pelos permission\u00e1rios que escutaram as nossas orienta\u00e7\u00f5es\u201d, disse a agente.<\/p>\n<p style=\"text-align: justify;\"><a href=\"http:\/\/quersaberpolitica.com.br\/2016\/wp-content\/uploads\/2017\/12\/blogqsp-Sexta-S-Mosquito-MProdutor-5.jpg\"><img loading=\"lazy\" decoding=\"async\" class=\"aligncenter size-full wp-image-184780\" src=\"http:\/\/quersaberpolitica.com.br\/2016\/wp-content\/uploads\/2017\/12\/blogqsp-Sexta-S-Mosquito-MProdutor-5.jpg\" alt=\"\" width=\"640\" height=\"360\" srcset=\"https:\/\/blogdofarnesio.com.br\/wp-content\/uploads\/2017\/12\/blogqsp-Sexta-S-Mosquito-MProdutor-5.jpg 640w, https:\/\/blogdofarnesio.com.br\/wp-content\/uploads\/2017\/12\/blogqsp-Sexta-S-Mosquito-MProdutor-5-300x169.jpg 300w, https:\/\/blogdofarnesio.com.br\/wp-content\/uploads\/2017\/12\/blogqsp-Sexta-S-Mosquito-MProdutor-5-360x203.jpg 360w\" sizes=\"auto, (max-width: 640px) 100vw, 640px\" \/><\/a>A \u201cSexta sem Mosquito\u201d \u00e9 uma campanha do Governo Federal, atrav\u00e9s do Minist\u00e9rio da Sa\u00fade, com o apoio dos governos estaduais e municipais. \u00a0\u201cS\u00f3 temos agradecer a aten\u00e7\u00e3o da Secretaria de Sa\u00fade por se preocupar com nossas feiras e mercados trazendo uma campanha importante para sa\u00fade p\u00fablica da nossa cidade. Esperamos que os permission\u00e1rios contribuam com a campanha e ajudem a n\u00e3o proliferar o mosquito da dengue. Nosso entreposto recebe cerca de 4 mil pessoas diariamente e devemos priorizar a sa\u00fade dos nossos clientes e permission\u00e1rios \u201d, externou Mitonho Vargas, diretor executivo da AMA, autarquia respons\u00e1vel pelas feiras, mercados e camel\u00f3dromo de Juazeiro.<\/p>\n<p style=\"text-align: justify;\">Encerrando as atividades do entreposto, no per\u00edodo da tarde, as equipes ir\u00e3o utilizar bombas costais para utiliza\u00e7\u00e3o do inseticida para o bloqueio do mosquito Aedes, e tamb\u00e9m da muri\u00e7oca. Em Juazeiro, a a\u00e7\u00e3o teve inicio no \u00faltimo dia 8.<\/p>\n<p>Daniela Duarte\/AMA<\/p>\n<p style=\"text-align: justify;\">\n","protected":false},"excerpt":{"rendered":"<p>Cerca de 30 Agentes de Endemias da Secretaria Municipal de Sa\u00fade de Juazeiro estiveram na manh\u00e3 desta quinta-feira (21), realizando mais uma a\u00e7\u00e3o da campanha \u2018Sexta sem Mosquito\u2019 que foi antecipada para hoje no Mercado do Produtor de Juazeiro. \u00a0O objetivo foi promover a sa\u00fade e qualidade de vida dos permission\u00e1rios e usu\u00e1rios do entreposto. O grupo conversou com os permission\u00e1rios dos boxes, pedras, pallets, caminh\u00f5es e carrinhos do mercado fazendo panfletagem e orientando a popula\u00e7\u00e3o quanto aos cuidados para n\u00e3o forma\u00e7\u00e3o de criadouros, seja no entreposto ou em casa, al\u00e9m de explicar sobre as doen\u00e7as que o mosquito pode transmitir: dengue, zika, chikungunya e febre amarela. O caminhoneiro Francisco Jos\u00e9 comercializa cebola no mercado e parabenizou os respons\u00e1veis pela&hellip; <\/p>\n","protected":false},"author":1,"featured_media":23409,"comment_status":"open","ping_status":"closed","sticky":false,"template":"","format":"standard","meta":{"_acf_changed":false,"footnotes":""},"categories":[4],"tags":[],"class_list":["post-184779","post","type-post","status-publish","format-standard","has-post-thumbnail","hentry","category-saude"],"acf":[],"yoast_head":"<!-- This site is optimized with the Yoast SEO plugin v27.4 - https:\/\/yoast.com\/product\/yoast-seo-wordpress\/ -->\n<title>CAMPANHA EDUCATIVA CONTRA A DENGUE \u00c9 LEVADA AOS PERMISSION\u00c1RIOS DO MERCADO DO PRODUTOR\/JUAZEIRO - Blog do Farn\u00e9sio<\/title>\n<meta name=\"robots\" content=\"index, follow, max-snippet:-1, max-image-preview:large, max-video-preview:-1\" \/>\n<link rel=\"canonical\" href=\"https:\/\/blogdofarnesio.com.br\/?p=184779\" \/>\n<meta property=\"og:locale\" content=\"pt_BR\" \/>\n<meta property=\"og:type\" content=\"article\" \/>\n<meta property=\"og:title\" content=\"CAMPANHA EDUCATIVA CONTRA A DENGUE \u00c9 LEVADA AOS PERMISSION\u00c1RIOS DO MERCADO DO PRODUTOR\/JUAZEIRO - Blog do Farn\u00e9sio\" \/>\n<meta property=\"og:description\" content=\"Cerca de 30 Agentes de Endemias da Secretaria Municipal de Sa\u00fade de Juazeiro estiveram na manh\u00e3 desta quinta-feira (21), realizando mais uma a\u00e7\u00e3o da campanha \u2018Sexta sem Mosquito\u2019 que foi antecipada para hoje no Mercado do Produtor de Juazeiro. \u00a0O objetivo foi promover a sa\u00fade e qualidade de vida dos permission\u00e1rios e usu\u00e1rios do entreposto. O grupo conversou com os permission\u00e1rios dos boxes, pedras, pallets, caminh\u00f5es e carrinhos do mercado fazendo panfletagem e orientando a popula\u00e7\u00e3o quanto aos cuidados para n\u00e3o forma\u00e7\u00e3o de criadouros, seja no entreposto ou em casa, al\u00e9m de explicar sobre as doen\u00e7as que o mosquito pode transmitir: dengue, zika, chikungunya e febre amarela. O caminhoneiro Francisco Jos\u00e9 comercializa cebola no mercado e parabenizou os respons\u00e1veis pela&hellip;\" \/>\n<meta property=\"og:url\" content=\"https:\/\/blogdofarnesio.com.br\/?p=184779\" \/>\n<meta property=\"og:site_name\" content=\"Blog do Farn\u00e9sio\" \/>\n<meta property=\"article:publisher\" content=\"https:\/\/www.facebook.com\/BlogQuerSaberPolitica\/\" \/>\n<meta property=\"article:published_time\" content=\"2017-12-22T12:00:06+00:00\" \/>\n<meta property=\"og:image\" content=\"https:\/\/blogdofarnesio.com.br\/wp-content\/uploads\/2013\/01\/blogqspdengue3.jpg\" \/>\n\t<meta property=\"og:image:width\" content=\"268\" \/>\n\t<meta property=\"og:image:height\" content=\"188\" \/>\n\t<meta property=\"og:image:type\" content=\"image\/jpeg\" \/>\n<meta name=\"author\" content=\"Farn\u00e9sio\" \/>\n<meta name=\"twitter:card\" content=\"summary_large_image\" \/>\n<meta name=\"twitter:label1\" content=\"Escrito por\" \/>\n\t<meta name=\"twitter:data1\" content=\"Farn\u00e9sio\" \/>\n\t<meta name=\"twitter:label2\" content=\"Est. tempo de leitura\" \/>\n\t<meta name=\"twitter:data2\" content=\"2 minutos\" \/>\n<script type=\"application\/ld+json\" class=\"yoast-schema-graph\">{\"@context\":\"https:\\\/\\\/schema.org\",\"@graph\":[{\"@type\":\"Article\",\"@id\":\"https:\\\/\\\/blogdofarnesio.com.br\\\/?p=184779#article\",\"isPartOf\":{\"@id\":\"https:\\\/\\\/blogdofarnesio.com.br\\\/?p=184779\"},\"author\":{\"name\":\"Farn\u00e9sio\",\"@id\":\"https:\\\/\\\/blogdofarnesio.com.br\\\/#\\\/schema\\\/person\\\/301c4acf522bccbfdb45af95b5b906a1\"},\"headline\":\"CAMPANHA EDUCATIVA CONTRA A DENGUE \u00c9 LEVADA AOS PERMISSION\u00c1RIOS DO MERCADO DO PRODUTOR\\\/JUAZEIRO\",\"datePublished\":\"2017-12-22T12:00:06+00:00\",\"mainEntityOfPage\":{\"@id\":\"https:\\\/\\\/blogdofarnesio.com.br\\\/?p=184779\"},\"wordCount\":469,\"commentCount\":0,\"publisher\":{\"@id\":\"https:\\\/\\\/blogdofarnesio.com.br\\\/#organization\"},\"image\":{\"@id\":\"https:\\\/\\\/blogdofarnesio.com.br\\\/?p=184779#primaryimage\"},\"thumbnailUrl\":\"https:\\\/\\\/blogdofarnesio.com.br\\\/wp-content\\\/uploads\\\/2013\\\/01\\\/blogqspdengue3.jpg\",\"articleSection\":[\"Sa\u00fade\"],\"inLanguage\":\"pt-BR\",\"potentialAction\":[{\"@type\":\"CommentAction\",\"name\":\"Comment\",\"target\":[\"https:\\\/\\\/blogdofarnesio.com.br\\\/?p=184779#respond\"]}]},{\"@type\":\"WebPage\",\"@id\":\"https:\\\/\\\/blogdofarnesio.com.br\\\/?p=184779\",\"url\":\"https:\\\/\\\/blogdofarnesio.com.br\\\/?p=184779\",\"name\":\"CAMPANHA EDUCATIVA CONTRA A DENGUE \u00c9 LEVADA AOS PERMISSION\u00c1RIOS DO MERCADO DO PRODUTOR\\\/JUAZEIRO - Blog do Farn\u00e9sio\",\"isPartOf\":{\"@id\":\"https:\\\/\\\/blogdofarnesio.com.br\\\/#website\"},\"primaryImageOfPage\":{\"@id\":\"https:\\\/\\\/blogdofarnesio.com.br\\\/?p=184779#primaryimage\"},\"image\":{\"@id\":\"https:\\\/\\\/blogdofarnesio.com.br\\\/?p=184779#primaryimage\"},\"thumbnailUrl\":\"https:\\\/\\\/blogdofarnesio.com.br\\\/wp-content\\\/uploads\\\/2013\\\/01\\\/blogqspdengue3.jpg\",\"datePublished\":\"2017-12-22T12:00:06+00:00\",\"breadcrumb\":{\"@id\":\"https:\\\/\\\/blogdofarnesio.com.br\\\/?p=184779#breadcrumb\"},\"inLanguage\":\"pt-BR\",\"potentialAction\":[{\"@type\":\"ReadAction\",\"target\":[\"https:\\\/\\\/blogdofarnesio.com.br\\\/?p=184779\"]}]},{\"@type\":\"ImageObject\",\"inLanguage\":\"pt-BR\",\"@id\":\"https:\\\/\\\/blogdofarnesio.com.br\\\/?p=184779#primaryimage\",\"url\":\"https:\\\/\\\/blogdofarnesio.com.br\\\/wp-content\\\/uploads\\\/2013\\\/01\\\/blogqspdengue3.jpg\",\"contentUrl\":\"https:\\\/\\\/blogdofarnesio.com.br\\\/wp-content\\\/uploads\\\/2013\\\/01\\\/blogqspdengue3.jpg\",\"width\":268,\"height\":188},{\"@type\":\"BreadcrumbList\",\"@id\":\"https:\\\/\\\/blogdofarnesio.com.br\\\/?p=184779#breadcrumb\",\"itemListElement\":[{\"@type\":\"ListItem\",\"position\":1,\"name\":\"In\u00edcio\",\"item\":\"https:\\\/\\\/blogdofarnesio.com.br\\\/\"},{\"@type\":\"ListItem\",\"position\":2,\"name\":\"CAMPANHA EDUCATIVA CONTRA A DENGUE \u00c9 LEVADA AOS PERMISSION\u00c1RIOS DO MERCADO DO PRODUTOR\\\/JUAZEIRO\"}]},{\"@type\":\"WebSite\",\"@id\":\"https:\\\/\\\/blogdofarnesio.com.br\\\/#website\",\"url\":\"https:\\\/\\\/blogdofarnesio.com.br\\\/\",\"name\":\"Blog do Farn\u00e9sio\",\"description\":\"Quer Saber Pol\u00edtica?\",\"publisher\":{\"@id\":\"https:\\\/\\\/blogdofarnesio.com.br\\\/#organization\"},\"potentialAction\":[{\"@type\":\"SearchAction\",\"target\":{\"@type\":\"EntryPoint\",\"urlTemplate\":\"https:\\\/\\\/blogdofarnesio.com.br\\\/?s={search_term_string}\"},\"query-input\":{\"@type\":\"PropertyValueSpecification\",\"valueRequired\":true,\"valueName\":\"search_term_string\"}}],\"inLanguage\":\"pt-BR\"},{\"@type\":\"Organization\",\"@id\":\"https:\\\/\\\/blogdofarnesio.com.br\\\/#organization\",\"name\":\"Blog do Farn\u00e9sio\",\"url\":\"https:\\\/\\\/blogdofarnesio.com.br\\\/\",\"logo\":{\"@type\":\"ImageObject\",\"inLanguage\":\"pt-BR\",\"@id\":\"https:\\\/\\\/blogdofarnesio.com.br\\\/#\\\/schema\\\/logo\\\/image\\\/\",\"url\":\"https:\\\/\\\/blogdofarnesio.com.br\\\/wp-content\\\/uploads\\\/2026\\\/03\\\/cropped-logo_new-1.png\",\"contentUrl\":\"https:\\\/\\\/blogdofarnesio.com.br\\\/wp-content\\\/uploads\\\/2026\\\/03\\\/cropped-logo_new-1.png\",\"width\":881,\"height\":685,\"caption\":\"Blog do Farn\u00e9sio\"},\"image\":{\"@id\":\"https:\\\/\\\/blogdofarnesio.com.br\\\/#\\\/schema\\\/logo\\\/image\\\/\"},\"sameAs\":[\"https:\\\/\\\/www.facebook.com\\\/BlogQuerSaberPolitica\\\/\"]},{\"@type\":\"Person\",\"@id\":\"https:\\\/\\\/blogdofarnesio.com.br\\\/#\\\/schema\\\/person\\\/301c4acf522bccbfdb45af95b5b906a1\",\"name\":\"Farn\u00e9sio\",\"image\":{\"@type\":\"ImageObject\",\"inLanguage\":\"pt-BR\",\"@id\":\"https:\\\/\\\/secure.gravatar.com\\\/avatar\\\/df0c9a14567c056f8ad6876ba5bbd1e3e2c48023eb6807342fc4663adf549f38?s=96&d=mm&r=g\",\"url\":\"https:\\\/\\\/secure.gravatar.com\\\/avatar\\\/df0c9a14567c056f8ad6876ba5bbd1e3e2c48023eb6807342fc4663adf549f38?s=96&d=mm&r=g\",\"contentUrl\":\"https:\\\/\\\/secure.gravatar.com\\\/avatar\\\/df0c9a14567c056f8ad6876ba5bbd1e3e2c48023eb6807342fc4663adf549f38?s=96&d=mm&r=g\",\"caption\":\"Farn\u00e9sio\"},\"sameAs\":[\"https:\\\/\\\/quersaberpolitica.com.br\"],\"url\":\"https:\\\/\\\/blogdofarnesio.com.br\\\/?author=1\"}]}<\/script>\n<!-- \/ Yoast SEO plugin. -->","yoast_head_json":{"title":"CAMPANHA EDUCATIVA CONTRA A DENGUE \u00c9 LEVADA AOS PERMISSION\u00c1RIOS DO MERCADO DO PRODUTOR\/JUAZEIRO - Blog do Farn\u00e9sio","robots":{"index":"index","follow":"follow","max-snippet":"max-snippet:-1","max-image-preview":"max-image-preview:large","max-video-preview":"max-video-preview:-1"},"canonical":"https:\/\/blogdofarnesio.com.br\/?p=184779","og_locale":"pt_BR","og_type":"article","og_title":"CAMPANHA EDUCATIVA CONTRA A DENGUE \u00c9 LEVADA AOS PERMISSION\u00c1RIOS DO MERCADO DO PRODUTOR\/JUAZEIRO - Blog do Farn\u00e9sio","og_description":"Cerca de 30 Agentes de Endemias da Secretaria Municipal de Sa\u00fade de Juazeiro estiveram na manh\u00e3 desta quinta-feira (21), realizando mais uma a\u00e7\u00e3o da campanha \u2018Sexta sem Mosquito\u2019 que foi antecipada para hoje no Mercado do Produtor de Juazeiro. \u00a0O objetivo foi promover a sa\u00fade e qualidade de vida dos permission\u00e1rios e usu\u00e1rios do entreposto. O grupo conversou com os permission\u00e1rios dos boxes, pedras, pallets, caminh\u00f5es e carrinhos do mercado fazendo panfletagem e orientando a popula\u00e7\u00e3o quanto aos cuidados para n\u00e3o forma\u00e7\u00e3o de criadouros, seja no entreposto ou em casa, al\u00e9m de explicar sobre as doen\u00e7as que o mosquito pode transmitir: dengue, zika, chikungunya e febre amarela. O caminhoneiro Francisco Jos\u00e9 comercializa cebola no mercado e parabenizou os respons\u00e1veis pela&hellip;","og_url":"https:\/\/blogdofarnesio.com.br\/?p=184779","og_site_name":"Blog do Farn\u00e9sio","article_publisher":"https:\/\/www.facebook.com\/BlogQuerSaberPolitica\/","article_published_time":"2017-12-22T12:00:06+00:00","og_image":[{"width":268,"height":188,"url":"https:\/\/blogdofarnesio.com.br\/wp-content\/uploads\/2013\/01\/blogqspdengue3.jpg","type":"image\/jpeg"}],"author":"Farn\u00e9sio","twitter_card":"summary_large_image","twitter_misc":{"Escrito por":"Farn\u00e9sio","Est. tempo de leitura":"2 minutos"},"schema":{"@context":"https:\/\/schema.org","@graph":[{"@type":"Article","@id":"https:\/\/blogdofarnesio.com.br\/?p=184779#article","isPartOf":{"@id":"https:\/\/blogdofarnesio.com.br\/?p=184779"},"author":{"name":"Farn\u00e9sio","@id":"https:\/\/blogdofarnesio.com.br\/#\/schema\/person\/301c4acf522bccbfdb45af95b5b906a1"},"headline":"CAMPANHA EDUCATIVA CONTRA A DENGUE \u00c9 LEVADA AOS PERMISSION\u00c1RIOS DO MERCADO DO PRODUTOR\/JUAZEIRO","datePublished":"2017-12-22T12:00:06+00:00","mainEntityOfPage":{"@id":"https:\/\/blogdofarnesio.com.br\/?p=184779"},"wordCount":469,"commentCount":0,"publisher":{"@id":"https:\/\/blogdofarnesio.com.br\/#organization"},"image":{"@id":"https:\/\/blogdofarnesio.com.br\/?p=184779#primaryimage"},"thumbnailUrl":"https:\/\/blogdofarnesio.com.br\/wp-content\/uploads\/2013\/01\/blogqspdengue3.jpg","articleSection":["Sa\u00fade"],"inLanguage":"pt-BR","potentialAction":[{"@type":"CommentAction","name":"Comment","target":["https:\/\/blogdofarnesio.com.br\/?p=184779#respond"]}]},{"@type":"WebPage","@id":"https:\/\/blogdofarnesio.com.br\/?p=184779","url":"https:\/\/blogdofarnesio.com.br\/?p=184779","name":"CAMPANHA EDUCATIVA CONTRA A DENGUE \u00c9 LEVADA AOS PERMISSION\u00c1RIOS DO MERCADO DO PRODUTOR\/JUAZEIRO - Blog do Farn\u00e9sio","isPartOf":{"@id":"https:\/\/blogdofarnesio.com.br\/#website"},"primaryImageOfPage":{"@id":"https:\/\/blogdofarnesio.com.br\/?p=184779#primaryimage"},"image":{"@id":"https:\/\/blogdofarnesio.com.br\/?p=184779#primaryimage"},"thumbnailUrl":"https:\/\/blogdofarnesio.com.br\/wp-content\/uploads\/2013\/01\/blogqspdengue3.jpg","datePublished":"2017-12-22T12:00:06+00:00","breadcrumb":{"@id":"https:\/\/blogdofarnesio.com.br\/?p=184779#breadcrumb"},"inLanguage":"pt-BR","potentialAction":[{"@type":"ReadAction","target":["https:\/\/blogdofarnesio.com.br\/?p=184779"]}]},{"@type":"ImageObject","inLanguage":"pt-BR","@id":"https:\/\/blogdofarnesio.com.br\/?p=184779#primaryimage","url":"https:\/\/blogdofarnesio.com.br\/wp-content\/uploads\/2013\/01\/blogqspdengue3.jpg","contentUrl":"https:\/\/blogdofarnesio.com.br\/wp-content\/uploads\/2013\/01\/blogqspdengue3.jpg","width":268,"height":188},{"@type":"BreadcrumbList","@id":"https:\/\/blogdofarnesio.com.br\/?p=184779#breadcrumb","itemListElement":[{"@type":"ListItem","position":1,"name":"In\u00edcio","item":"https:\/\/blogdofarnesio.com.br\/"},{"@type":"ListItem","position":2,"name":"CAMPANHA EDUCATIVA CONTRA A DENGUE \u00c9 LEVADA AOS PERMISSION\u00c1RIOS DO MERCADO DO PRODUTOR\/JUAZEIRO"}]},{"@type":"WebSite","@id":"https:\/\/blogdofarnesio.com.br\/#website","url":"https:\/\/blogdofarnesio.com.br\/","name":"Blog do Farn\u00e9sio","description":"Quer Saber Pol\u00edtica?","publisher":{"@id":"https:\/\/blogdofarnesio.com.br\/#organization"},"potentialAction":[{"@type":"SearchAction","target":{"@type":"EntryPoint","urlTemplate":"https:\/\/blogdofarnesio.com.br\/?s={search_term_string}"},"query-input":{"@type":"PropertyValueSpecification","valueRequired":true,"valueName":"search_term_string"}}],"inLanguage":"pt-BR"},{"@type":"Organization","@id":"https:\/\/blogdofarnesio.com.br\/#organization","name":"Blog do Farn\u00e9sio","url":"https:\/\/blogdofarnesio.com.br\/","logo":{"@type":"ImageObject","inLanguage":"pt-BR","@id":"https:\/\/blogdofarnesio.com.br\/#\/schema\/logo\/image\/","url":"https:\/\/blogdofarnesio.com.br\/wp-content\/uploads\/2026\/03\/cropped-logo_new-1.png","contentUrl":"https:\/\/blogdofarnesio.com.br\/wp-content\/uploads\/2026\/03\/cropped-logo_new-1.png","width":881,"height":685,"caption":"Blog do Farn\u00e9sio"},"image":{"@id":"https:\/\/blogdofarnesio.com.br\/#\/schema\/logo\/image\/"},"sameAs":["https:\/\/www.facebook.com\/BlogQuerSaberPolitica\/"]},{"@type":"Person","@id":"https:\/\/blogdofarnesio.com.br\/#\/schema\/person\/301c4acf522bccbfdb45af95b5b906a1","name":"Farn\u00e9sio","image":{"@type":"ImageObject","inLanguage":"pt-BR","@id":"https:\/\/secure.gravatar.com\/avatar\/df0c9a14567c056f8ad6876ba5bbd1e3e2c48023eb6807342fc4663adf549f38?s=96&d=mm&r=g","url":"https:\/\/secure.gravatar.com\/avatar\/df0c9a14567c056f8ad6876ba5bbd1e3e2c48023eb6807342fc4663adf549f38?s=96&d=mm&r=g","contentUrl":"https:\/\/secure.gravatar.com\/avatar\/df0c9a14567c056f8ad6876ba5bbd1e3e2c48023eb6807342fc4663adf549f38?s=96&d=mm&r=g","caption":"Farn\u00e9sio"},"sameAs":["https:\/\/quersaberpolitica.com.br"],"url":"https:\/\/blogdofarnesio.com.br\/?author=1"}]}},"_links":{"self":[{"href":"https:\/\/blogdofarnesio.com.br\/index.php?rest_route=\/wp\/v2\/posts\/184779","targetHints":{"allow":["GET"]}}],"collection":[{"href":"https:\/\/blogdofarnesio.com.br\/index.php?rest_route=\/wp\/v2\/posts"}],"about":[{"href":"https:\/\/blogdofarnesio.com.br\/index.php?rest_route=\/wp\/v2\/types\/post"}],"author":[{"embeddable":true,"href":"https:\/\/blogdofarnesio.com.br\/index.php?rest_route=\/wp\/v2\/users\/1"}],"replies":[{"embeddable":true,"href":"https:\/\/blogdofarnesio.com.br\/index.php?rest_route=%2Fwp%2Fv2%2Fcomments&post=184779"}],"version-history":[{"count":0,"href":"https:\/\/blogdofarnesio.com.br\/index.php?rest_route=\/wp\/v2\/posts\/184779\/revisions"}],"wp:featuredmedia":[{"embeddable":true,"href":"https:\/\/blogdofarnesio.com.br\/index.php?rest_route=\/wp\/v2\/media\/23409"}],"wp:attachment":[{"href":"https:\/\/blogdofarnesio.com.br\/index.php?rest_route=%2Fwp%2Fv2%2Fmedia&parent=184779"}],"wp:term":[{"taxonomy":"category","embeddable":true,"href":"https:\/\/blogdofarnesio.com.br\/index.php?rest_route=%2Fwp%2Fv2%2Fcategories&post=184779"},{"taxonomy":"post_tag","embeddable":true,"href":"https:\/\/blogdofarnesio.com.br\/index.php?rest_route=%2Fwp%2Fv2%2Ftags&post=184779"}],"curies":[{"name":"wp","href":"https:\/\/api.w.org\/{rel}","templated":true}]}}