{"id":184732,"date":"2017-12-22T11:00:16","date_gmt":"2017-12-22T14:00:16","guid":{"rendered":"http:\/\/quersaberpolitica.com.br\/2016\/?p=184732"},"modified":"2017-12-22T08:18:07","modified_gmt":"2017-12-22T11:18:07","slug":"apesar-da-crise-investimentos-na-bahia-crescem-27","status":"publish","type":"post","link":"https:\/\/blogdofarnesio.com.br\/?p=184732","title":{"rendered":"APESAR DA CRISE, INVESTIMENTOS NA BAHIA CRESCEM 27%"},"content":{"rendered":"<div style=\"text-align: justify;\">\n<p>Apesar da crise econ\u00f4mica e pol\u00edtica que atinge o Pa\u00eds, os n\u00fameros mostram que 2017 foi um ano de muito bons neg\u00f3cios para a Bahia. Foram implantados 78 empreendimentos que assinaram protocolos de inten\u00e7\u00f5es com o Governo do Estado, 14 a mais que em 2016, com um total de R$ 4,2 bilh\u00f5es em investimentos, um crescimento de 27% em rela\u00e7\u00e3o ao ano anterior. Foram assinados 92 protocolos de inten\u00e7\u00f5es, com previs\u00e3o de investimentos de R$ 3,9 bilh\u00f5es e cria\u00e7\u00e3o de 11.670 novos empregos. Para 2018, est\u00e3o previstos a implanta\u00e7\u00e3o de 170 empreendimentos com investimentos de R$ 10 bilh\u00f5es e a gera\u00e7\u00e3o de 15 mil novos empregos.<\/p>\n<p>O segmento de Eletricidade e G\u00e1s foi o respons\u00e1vel por 88% dos investimentos com a inaugura\u00e7\u00e3o de 28 parques de energia e\u00f3lica e solar com um total de R$ 3,7 bilh\u00f5es. No pr\u00f3ximo ano, est\u00e3o previstos a implanta\u00e7\u00e3o de mais 47 parques, uma soma total de R$ 5,4 bilh\u00f5es, sendo 39 parques de energia e\u00f3lica, com previs\u00e3o de R$ 4,5 bilh\u00f5es e 8 de solar, R$ 870 milh\u00f5es.<\/p>\n<p>J\u00e1 o segmento de cal\u00e7ados, couros e componentes \u00e9 o maior gerador de postos de trabalho e foi respons\u00e1vel pela cria\u00e7\u00e3o de 1.460 empregos. A consolida\u00e7\u00e3o do setor cal\u00e7adista foi um dos grandes destaques de 2017, que fechou o ano com chave de ouro com a inaugura\u00e7\u00e3o da Ferracini, na \u00faltima segunda-feira (18\/12), em Amargosa e a cria\u00e7\u00e3o de 300 empregos. O setor promete ainda a cria\u00e7\u00e3o de 2.240 vagas de empregos para 2018.<\/p>\n<p>O secret\u00e1rio de Desenvolvimento Econ\u00f4mico, Jaques Wagner, destacou o avan\u00e7o significativo na quest\u00e3o das energias renov\u00e1veis. O encaminhamento de solu\u00e7\u00f5es para o problema das linhas de transmiss\u00e3o e a renova\u00e7\u00e3o de incentivos no \u00e2mbito federal para equipamentos de energia foram duas grandes conquistas. Al\u00e9m da retomada dos leil\u00f5es de energia, que garantem a manuten\u00e7\u00e3o do parque industrial baiano. Este ano foram realizados dois certames nos \u00faltimos dias 18 (A-4) e 20 (A-6) de dezembro, j\u00e1 para 2018, a data anunciada \u00e9 04 de abril.<\/p>\n<p>No leil\u00e3o A-4 predominou a contrata\u00e7\u00e3o de empreendimentos de energia solar fotovoltaica sendo comercializadas 20 usinas de energia solar (UES) totalizando 574 MW. Destas, 4 projetos (112 MW) est\u00e3o na Bahia. J\u00e1 o leil\u00e3o A-6 contratou 63 novos empreendimentos de gera\u00e7\u00e3o de energia, representando 3.841 MW pot\u00eancia cujos investimentos est\u00e3o estimados em R$ 13,9 bilh\u00f5es. Destes 63 projetos, 49 s\u00e3o empreendimentos de energia e\u00f3lica que ser\u00e3o constru\u00eddo em Estados do Nordeste sendo 4 (108 MW) na Bahia.<\/p>\n<p>&#8220;Em 2017, tivemos a alegria de inaugurar os dois primeiros complexos solares no Estado, um no munic\u00edpio de Bom Jesus da Lapa e outro em Tabocas do Brejo Velho. V\u00e1rios parques e\u00f3licos tamb\u00e9m entraram em funcionamento, em especial no semi\u00e1rido baiano e isso gera emprego e renda na regi\u00e3o mais pobre do Estado. A constru\u00e7\u00e3o e inaugura\u00e7\u00e3o desses parques s\u00e3o importantes para gerar novos empregos e atividades econ\u00f4micas. Lembrando que no meio do ano, houveram semanas que a energia e\u00f3lica foi respons\u00e1vel por mais de 50% do fornecimento de energia para a regi\u00e3o Nordeste e isso \u00e9 fruto do trabalho da equipe da SDE&#8221;, afirma Wagner.<\/p>\n<p><b>Promo\u00e7\u00e3o e investimento<\/b><\/p>\n<p>O setor de \u00d3leo e G\u00e1s teve uma evolu\u00e7\u00e3o significativa desde a cria\u00e7\u00e3o do Programa Reate \u2013 Programa de Revitaliza\u00e7\u00e3o das Atividades de Explora\u00e7\u00e3o e Produ\u00e7\u00e3o de Petr\u00f3leo e G\u00e1s em \u00c1reas Terrestres, do Minist\u00e9rio de Minas e Energia, e lan\u00e7ado no estado no in\u00edcio do ano. Segundo o superintendente de Promo\u00e7\u00e3o do Investimento, Paulo Guimar\u00e3es, hoje existe uma estrutura dentro da Ag\u00eancia Nacional de Petr\u00f3leo (ANP) para dar suporte a \u00e1rea de campos maduros. Em setembro, na 14\u00aa rodada da ag\u00eancia, as \u00e1reas leiloadas no Estado foram todas arrematadas por empresas de pequeno e m\u00e9dio portes. O \u00edndice de sucesso da Bahia ficou entre 26 e 27%, bem superior ao n\u00edvel nacional, que n\u00e3o chegou a atingir 15%.<\/p>\n<p>&#8220;Este \u00e9 um movimento que tem tudo para se consolidar. Temos uma discuss\u00e3o e um avan\u00e7o na quest\u00e3o do g\u00e1s natural. Temos o investimento da Total em parceria com a Petrobras no Terminal de Regaseifica\u00e7\u00e3o e nas termel\u00e9tricas, o que deve trazer no m\u00e9dio prazo um avan\u00e7o para Bahia nesse setor. Destaco ainda dois projetos significativos, o de amplia\u00e7\u00e3o da Bridgestone, em Cama\u00e7ari e a amplia\u00e7\u00e3o e projeto de flexibiliza\u00e7\u00e3o de um dos fornos da Braskem que envolveu mais de R$ 300 milh\u00f5es de investimentos e torna a empresa mais competitiva no setor de Petroqu\u00edmica, j\u00e1 que al\u00e9m da nafta, ser\u00e1 poss\u00edvel utilizar g\u00e1s etano como mat\u00e9ria prima para produ\u00e7\u00e3o do polietileno&#8221;, afirma Guimar\u00e3es.<\/p>\n<p>O superintendente destacou ainda na \u00e1rea qu\u00edmica, as amplia\u00e7\u00f5es da Proquigel, em Candeias e da Estireno, em Cama\u00e7ari, onde tamb\u00e9m acontece a implanta\u00e7\u00e3o da Flopan. &#8220;N\u00e3o posso deixar de citar o movimento que o Governo do Estado tem feito no sentido de melhorar sua infraestrutura tanto na capital quanto no interior, com melhoria de rodovias e inaugura\u00e7\u00e3o de policl\u00ednicas que v\u00e3o criando melhores condi\u00e7\u00f5es para Bahia receber investimentos. Tudo isso acaba sendo resultado importante porque nosso trabalho \u00e9 tanto de atrair investimento quanto articular para que o ambiente de neg\u00f3cios seja cada vez melhor&#8221;, finaliza.<\/p>\n<p><b>Expans\u00e3o do grupo O Botic\u00e1rio<\/b><\/p>\n<p>O grupo O Botic\u00e1rio investir\u00e1 cerca de R$100 milh\u00f5es na f\u00e1brica de Cama\u00e7ari, a 40 quil\u00f4metros de Salvador. Um novo pr\u00e9dio sustent\u00e1vel ser\u00e1 constru\u00eddo para abrigar a administra\u00e7\u00e3o e abrir espa\u00e7o para a expans\u00e3o de novos produtos da marca. O grupo vai dobrar a produ\u00e7\u00e3o de cremes e contratar mais 70 funcion\u00e1rios. O an\u00fancio foi feito hoje, 20\/12, ao secret\u00e1rio de Desenvolvimento Econ\u00f4mico, Jaques Wagner, durante uma visita \u00e0s instala\u00e7\u00f5es. \u201cOs empres\u00e1rios est\u00e3o satisfeitos com a Bahia. Aqui temos m\u00e3o de obra qualificada e ambiente est\u00e1vel para neg\u00f3cios, por isso temos visto uma s\u00e9rie de expans\u00f5es no Estado. Nessa semana inauguramos a Ferracini cal\u00e7ados masculino, e ontem, anunciamos a amplia\u00e7\u00e3o da f\u00e1brica de pneus para motos Vipal Borrachas\u201d, comemorou Wagner.<\/p>\n<p>O grupo que possui as marcas O Botic\u00e1rio, Eudora, The Beauty Box, Quem disse Berenice e Multi B passar\u00e1 a produzir novos produtos. \u201cDo in\u00edcio do ano at\u00e9 agora, a f\u00e1brica baiana produziu 88 milh\u00f5es de pe\u00e7as e inovou com a produ\u00e7\u00e3o de 8 milh\u00f5es de estojos, antes feita somente no Paran\u00e1. Creio que at\u00e9 o final do ano chegaremos aos 100 milh\u00f5es de pe\u00e7as.\u201d, explicou Leandro Balena, gerente industrial da marca.<\/p>\n<p>Desde 2014, a f\u00e1brica caminha num ritmo acelerado e manteve o crescimento mesmo em \u00e9poca de instabilidade econ\u00f4mica dobrando produ\u00e7\u00e3o e contratando m\u00e3o de obra. \u201cA unidade Cama\u00e7ari possui 850 funcion\u00e1rios fixos e ao final do ano contrata-se mais 150 tempor\u00e1rios. Com o Centro de Distribui\u00e7\u00e3o em S\u00e3o Gon\u00e7alo dos Campos s\u00e3o quase 1200 empregados\u201d, completa Balena.<\/p>\n<p>As alunas do antigo curso de capacita\u00e7\u00e3o do Ifba, da Regi\u00e3o Metropolitana de Salvador, comemoraram uma not\u00edcia. A partir de fevereiro de 2018, os cursos deixam de ser de capacita\u00e7\u00e3o apenas, e passam a ser cursos t\u00e9cnicos, com 160 vagas. \u201cEstou muito feliz porque participei do Programa Mulheres Mil, e hoje sou design de sobrancelhas, depois de ter ficado um ano e meio desempregada da ind\u00fastria\u201d, disse a aluna Graziele Portela.<\/p>\n<p><b>PDI Bahia 2035<br \/>\n<\/b><br \/>\nO Plano de Desenvolvimento Integrado da Bahia (PDI Bahia 2035), que visa inserir de maneira din\u00e2mica e proativa a s\u00f3cio economia baiana na nova economia global e nacional que se desenha para os pr\u00f3ximos anos, \u00e9 o primeiro projeto efetivo de planejamento econ\u00f4mico baiano para os pr\u00f3ximos 20 anos desde R\u00f4mulo Almeida, h\u00e1 aproximadamente 50 anos.<\/p>\n<p>Segundo a superintendente de Estudos e Pol\u00edticas P\u00fablicas, Maria L\u00facia Falc\u00f3n, ambicionando transforma\u00e7\u00f5es sociais e econ\u00f4micas mais expressivas, o Governo do Estado est\u00e1 construindo sua estrat\u00e9gia de longo prazo que deve conferir \u00eanfase ao desenvolvimento humano, \u00e0 produtividade, \u00e0 sustentabilidade e a competitividade, com foco na redu\u00e7\u00e3o das desigualdades e inclus\u00e3o s\u00f3cio produtiva.<\/p>\n<p>&#8220;Numa economia global cada vez mais interdependente e complexa, na qual novas tecnologias de produ\u00e7\u00e3o e de organiza\u00e7\u00e3o da produ\u00e7\u00e3o j\u00e1 mostram que produtividade sist\u00eamica e caracter\u00edsticas espec\u00edficas dos mercados s\u00e3o os principais determinantes dos investimentos, enquanto a arbitragem de custos de produ\u00e7\u00e3o e incentivos fiscais perdem import\u00e2ncia, conhecimento, capacidade de aprendizagem e intera\u00e7\u00e3o est\u00e3o se tornando as vari\u00e1veis fundamentais da cria\u00e7\u00e3o de valor e para atra\u00e7\u00e3o de novos investimentos. Assim, o aumento da competitividade da economia baiana vai requerer reformas que aumentem a densidade empresarial, encorajem a realoca\u00e7\u00e3o dos recursos de atividades de mais baixa para atividades de mais alta produtividade e promovam a melhoria do ambiente de neg\u00f3cios e a diversifica\u00e7\u00e3o produtiva&#8221;, afirma Falc\u00f3n.<\/p>\n<p>A metodologia desta fase inicial do trabalho envolve duas etapas: a primeira consiste de uma discuss\u00e3o articulada com a sociedade nos territ\u00f3rios para capturar as contribui\u00e7\u00f5es e comunicar claramente os objetivos do PDI Bahia 2035; a segunda est\u00e1 voltada para o aumento do conte\u00fado t\u00e9cnico do plano, que consiste na realiza\u00e7\u00e3o de um ciclo de debates com diversos especialistas sobre temas estrat\u00e9gicos e suas perspectivas para o futuro, bem como modelos de desenvolvimento.<\/p>\n<p><b>Dados adicionais<\/b><\/p>\n<p><b>Energia E\u00f3lica<\/b><\/p>\n<p>Atualmente h\u00e1 237 projetos, sendo 182 do mercado regulado (leil\u00f5es). Dos quais 82 est\u00e3o em opera\u00e7\u00e3o (2.137MW), 58 projetos em constru\u00e7\u00e3o (1.355MW) e 42 (932MW) ter\u00e3o a constru\u00e7\u00e3o finalizada at\u00e9 2019 respeitando a data de entrega da energia a ser gerada. De mercado livre, s\u00e3o 55 projetos dos quais 8 em opera\u00e7\u00e3o (96kW), 25 est\u00e3o em constru\u00e7\u00e3o (486MW) e 22 (400MW) com constru\u00e7\u00e3o prevista de acordo com os contratos bilaterais.<\/p>\n<p>S\u00e3o 23 munic\u00edpios baianos beneficiados, principalmente na regi\u00e3o do semi\u00e1rido do estado, onde se concentra o melhor potencial e\u00f3lico, e proporcionando a interioriza\u00e7\u00e3o do desenvolvimento. Os tr\u00eas munic\u00edpios com mais projetos est\u00e3o no sudoeste baiano: Sento S\u00e9, com 45 projetos e 1067MW; Caetit\u00e9, com 38 projetos e 810MW; e Igapor\u00e3, com 32 projetos e 550MW.<\/p>\n<p>A cadeia produtiva consolidada gera mais de 3.000 empregos nas unidades industriais dos principais fabricantes de equipamentos do setor: aerogeradores (GE\/Alstom, Nordex\/Acciona e Gamesa), p\u00e1s (Teccis) e torres (Torres E\u00f3licas do Nordeste, Torrebr\u00e1s e Wobben).<\/p>\n<p><b>Energia Solar Fotovoltaica<\/b><\/p>\n<p>Dos 34 projetos baianos, nove est\u00e3o em opera\u00e7\u00e3o (206 MW), 10 em constru\u00e7\u00e3o (259 MW) e 8 (224 MW) ter\u00e3o a constru\u00e7\u00e3o finalizada at\u00e9 2018, respeitando a data de entrega da energia a ser gerada, com investimento total de R$ 3,2 bilh\u00f5es.<\/p>\n<p>Oito munic\u00edpios s\u00e3o beneficiados com os projetos, principalmente na regi\u00e3o do semi\u00e1rido, Tabocas do Brejo Velho, com 10 projetos (273 MW), Bom Jesus da Lapa com oito projetos (219MW) e Caetit\u00e9 com sete projetos (190MW).<\/p>\n<p>A Bahia possui grande potencial para gera\u00e7\u00e3o distribu\u00edda (microgera\u00e7\u00e3o, at\u00e9 75 kW, e minigera\u00e7\u00e3o, at\u00e9 5 MW). Existem no estado 385 empreendimentos de micro e mini gera\u00e7\u00e3o distribu\u00edda, totalizando 3,92 MW e 456 unidades consumidoras que recebem os cr\u00e9ditos dos projetos, conforme dados da Aneel, de Dezembro\/2017.<\/p>\n<\/div>\n<div id=\"m_-1265202632009698974m_4830182663589356937Signature\">\n<div id=\"m_-1265202632009698974m_4830182663589356937divtagdefaultwrapper\">\n<p style=\"text-align: justify;\"><span class=\"m_-1265202632009698974m_4830182663589356937Apple-style-span\" style=\"font-family: Times;\"><b>Secom\u00a0<\/b>\u00a0<b>&#8211; Secretaria de Comunica\u00e7\u00e3o Social\u00a0&#8211; Governo da Bahia<\/b><\/span><\/p>\n<\/div>\n<\/div>\n","protected":false},"excerpt":{"rendered":"<p>Apesar da crise econ\u00f4mica e pol\u00edtica que atinge o Pa\u00eds, os n\u00fameros mostram que 2017 foi um ano de muito bons neg\u00f3cios para a Bahia. Foram implantados 78 empreendimentos que assinaram protocolos de inten\u00e7\u00f5es com o Governo do Estado, 14 a mais que em 2016, com um total de R$ 4,2 bilh\u00f5es em investimentos, um crescimento de 27% em rela\u00e7\u00e3o ao ano anterior. Foram assinados 92 protocolos de inten\u00e7\u00f5es, com previs\u00e3o de investimentos de R$ 3,9 bilh\u00f5es e cria\u00e7\u00e3o de 11.670 novos empregos. Para 2018, est\u00e3o previstos a implanta\u00e7\u00e3o de 170 empreendimentos com investimentos de R$ 10 bilh\u00f5es e a gera\u00e7\u00e3o de 15 mil novos empregos. O segmento de Eletricidade e G\u00e1s foi o respons\u00e1vel por 88% dos investimentos com&hellip; <\/p>\n","protected":false},"author":1,"featured_media":184817,"comment_status":"open","ping_status":"closed","sticky":false,"template":"","format":"standard","meta":{"_acf_changed":false,"footnotes":""},"categories":[1],"tags":[],"class_list":["post-184732","post","type-post","status-publish","format-standard","has-post-thumbnail","hentry","category-politica"],"acf":[],"yoast_head":"<!-- This site is optimized with the Yoast SEO plugin v27.4 - https:\/\/yoast.com\/product\/yoast-seo-wordpress\/ -->\n<title>APESAR DA CRISE, INVESTIMENTOS NA BAHIA CRESCEM 27% - Blog do Farn\u00e9sio<\/title>\n<meta name=\"robots\" content=\"index, follow, max-snippet:-1, max-image-preview:large, max-video-preview:-1\" \/>\n<link rel=\"canonical\" href=\"https:\/\/blogdofarnesio.com.br\/?p=184732\" \/>\n<meta property=\"og:locale\" content=\"pt_BR\" \/>\n<meta property=\"og:type\" content=\"article\" \/>\n<meta property=\"og:title\" content=\"APESAR DA CRISE, INVESTIMENTOS NA BAHIA CRESCEM 27% - Blog do Farn\u00e9sio\" \/>\n<meta property=\"og:description\" content=\"Apesar da crise econ\u00f4mica e pol\u00edtica que atinge o Pa\u00eds, os n\u00fameros mostram que 2017 foi um ano de muito bons neg\u00f3cios para a Bahia. Foram implantados 78 empreendimentos que assinaram protocolos de inten\u00e7\u00f5es com o Governo do Estado, 14 a mais que em 2016, com um total de R$ 4,2 bilh\u00f5es em investimentos, um crescimento de 27% em rela\u00e7\u00e3o ao ano anterior. Foram assinados 92 protocolos de inten\u00e7\u00f5es, com previs\u00e3o de investimentos de R$ 3,9 bilh\u00f5es e cria\u00e7\u00e3o de 11.670 novos empregos. Para 2018, est\u00e3o previstos a implanta\u00e7\u00e3o de 170 empreendimentos com investimentos de R$ 10 bilh\u00f5es e a gera\u00e7\u00e3o de 15 mil novos empregos. O segmento de Eletricidade e G\u00e1s foi o respons\u00e1vel por 88% dos investimentos com&hellip;\" \/>\n<meta property=\"og:url\" content=\"https:\/\/blogdofarnesio.com.br\/?p=184732\" \/>\n<meta property=\"og:site_name\" content=\"Blog do Farn\u00e9sio\" \/>\n<meta property=\"article:publisher\" content=\"https:\/\/www.facebook.com\/BlogQuerSaberPolitica\/\" \/>\n<meta property=\"article:published_time\" content=\"2017-12-22T14:00:16+00:00\" \/>\n<meta property=\"og:image\" content=\"https:\/\/blogdofarnesio.com.br\/wp-content\/uploads\/2017\/12\/blogqsp-energia-eolica-no-brasil-1-e1706725596958.jpg\" \/>\n\t<meta property=\"og:image:width\" content=\"600\" \/>\n\t<meta property=\"og:image:height\" content=\"334\" \/>\n\t<meta property=\"og:image:type\" content=\"image\/jpeg\" \/>\n<meta name=\"author\" content=\"Farn\u00e9sio\" \/>\n<meta name=\"twitter:card\" content=\"summary_large_image\" \/>\n<meta name=\"twitter:label1\" content=\"Escrito por\" \/>\n\t<meta name=\"twitter:data1\" content=\"Farn\u00e9sio\" \/>\n\t<meta name=\"twitter:label2\" content=\"Est. tempo de leitura\" \/>\n\t<meta name=\"twitter:data2\" content=\"10 minutos\" \/>\n<script type=\"application\/ld+json\" class=\"yoast-schema-graph\">{\"@context\":\"https:\\\/\\\/schema.org\",\"@graph\":[{\"@type\":\"Article\",\"@id\":\"https:\\\/\\\/blogdofarnesio.com.br\\\/?p=184732#article\",\"isPartOf\":{\"@id\":\"https:\\\/\\\/blogdofarnesio.com.br\\\/?p=184732\"},\"author\":{\"name\":\"Farn\u00e9sio\",\"@id\":\"https:\\\/\\\/blogdofarnesio.com.br\\\/#\\\/schema\\\/person\\\/301c4acf522bccbfdb45af95b5b906a1\"},\"headline\":\"APESAR DA CRISE, INVESTIMENTOS NA BAHIA CRESCEM 27%\",\"datePublished\":\"2017-12-22T14:00:16+00:00\",\"mainEntityOfPage\":{\"@id\":\"https:\\\/\\\/blogdofarnesio.com.br\\\/?p=184732\"},\"wordCount\":1938,\"commentCount\":0,\"publisher\":{\"@id\":\"https:\\\/\\\/blogdofarnesio.com.br\\\/#organization\"},\"image\":{\"@id\":\"https:\\\/\\\/blogdofarnesio.com.br\\\/?p=184732#primaryimage\"},\"thumbnailUrl\":\"https:\\\/\\\/blogdofarnesio.com.br\\\/wp-content\\\/uploads\\\/2017\\\/12\\\/blogqsp-energia-eolica-no-brasil-1-e1706725596958.jpg\",\"articleSection\":[\"Pol\u00edtica\"],\"inLanguage\":\"pt-BR\",\"potentialAction\":[{\"@type\":\"CommentAction\",\"name\":\"Comment\",\"target\":[\"https:\\\/\\\/blogdofarnesio.com.br\\\/?p=184732#respond\"]}]},{\"@type\":\"WebPage\",\"@id\":\"https:\\\/\\\/blogdofarnesio.com.br\\\/?p=184732\",\"url\":\"https:\\\/\\\/blogdofarnesio.com.br\\\/?p=184732\",\"name\":\"APESAR DA CRISE, INVESTIMENTOS NA BAHIA CRESCEM 27% - Blog do Farn\u00e9sio\",\"isPartOf\":{\"@id\":\"https:\\\/\\\/blogdofarnesio.com.br\\\/#website\"},\"primaryImageOfPage\":{\"@id\":\"https:\\\/\\\/blogdofarnesio.com.br\\\/?p=184732#primaryimage\"},\"image\":{\"@id\":\"https:\\\/\\\/blogdofarnesio.com.br\\\/?p=184732#primaryimage\"},\"thumbnailUrl\":\"https:\\\/\\\/blogdofarnesio.com.br\\\/wp-content\\\/uploads\\\/2017\\\/12\\\/blogqsp-energia-eolica-no-brasil-1-e1706725596958.jpg\",\"datePublished\":\"2017-12-22T14:00:16+00:00\",\"breadcrumb\":{\"@id\":\"https:\\\/\\\/blogdofarnesio.com.br\\\/?p=184732#breadcrumb\"},\"inLanguage\":\"pt-BR\",\"potentialAction\":[{\"@type\":\"ReadAction\",\"target\":[\"https:\\\/\\\/blogdofarnesio.com.br\\\/?p=184732\"]}]},{\"@type\":\"ImageObject\",\"inLanguage\":\"pt-BR\",\"@id\":\"https:\\\/\\\/blogdofarnesio.com.br\\\/?p=184732#primaryimage\",\"url\":\"https:\\\/\\\/blogdofarnesio.com.br\\\/wp-content\\\/uploads\\\/2017\\\/12\\\/blogqsp-energia-eolica-no-brasil-1-e1706725596958.jpg\",\"contentUrl\":\"https:\\\/\\\/blogdofarnesio.com.br\\\/wp-content\\\/uploads\\\/2017\\\/12\\\/blogqsp-energia-eolica-no-brasil-1-e1706725596958.jpg\",\"width\":600,\"height\":334},{\"@type\":\"BreadcrumbList\",\"@id\":\"https:\\\/\\\/blogdofarnesio.com.br\\\/?p=184732#breadcrumb\",\"itemListElement\":[{\"@type\":\"ListItem\",\"position\":1,\"name\":\"In\u00edcio\",\"item\":\"https:\\\/\\\/blogdofarnesio.com.br\\\/\"},{\"@type\":\"ListItem\",\"position\":2,\"name\":\"APESAR DA CRISE, INVESTIMENTOS NA BAHIA CRESCEM 27%\"}]},{\"@type\":\"WebSite\",\"@id\":\"https:\\\/\\\/blogdofarnesio.com.br\\\/#website\",\"url\":\"https:\\\/\\\/blogdofarnesio.com.br\\\/\",\"name\":\"Blog do Farn\u00e9sio\",\"description\":\"Quer Saber Pol\u00edtica?\",\"publisher\":{\"@id\":\"https:\\\/\\\/blogdofarnesio.com.br\\\/#organization\"},\"potentialAction\":[{\"@type\":\"SearchAction\",\"target\":{\"@type\":\"EntryPoint\",\"urlTemplate\":\"https:\\\/\\\/blogdofarnesio.com.br\\\/?s={search_term_string}\"},\"query-input\":{\"@type\":\"PropertyValueSpecification\",\"valueRequired\":true,\"valueName\":\"search_term_string\"}}],\"inLanguage\":\"pt-BR\"},{\"@type\":\"Organization\",\"@id\":\"https:\\\/\\\/blogdofarnesio.com.br\\\/#organization\",\"name\":\"Blog do Farn\u00e9sio\",\"url\":\"https:\\\/\\\/blogdofarnesio.com.br\\\/\",\"logo\":{\"@type\":\"ImageObject\",\"inLanguage\":\"pt-BR\",\"@id\":\"https:\\\/\\\/blogdofarnesio.com.br\\\/#\\\/schema\\\/logo\\\/image\\\/\",\"url\":\"https:\\\/\\\/blogdofarnesio.com.br\\\/wp-content\\\/uploads\\\/2026\\\/03\\\/cropped-logo_new-1.png\",\"contentUrl\":\"https:\\\/\\\/blogdofarnesio.com.br\\\/wp-content\\\/uploads\\\/2026\\\/03\\\/cropped-logo_new-1.png\",\"width\":881,\"height\":685,\"caption\":\"Blog do Farn\u00e9sio\"},\"image\":{\"@id\":\"https:\\\/\\\/blogdofarnesio.com.br\\\/#\\\/schema\\\/logo\\\/image\\\/\"},\"sameAs\":[\"https:\\\/\\\/www.facebook.com\\\/BlogQuerSaberPolitica\\\/\"]},{\"@type\":\"Person\",\"@id\":\"https:\\\/\\\/blogdofarnesio.com.br\\\/#\\\/schema\\\/person\\\/301c4acf522bccbfdb45af95b5b906a1\",\"name\":\"Farn\u00e9sio\",\"image\":{\"@type\":\"ImageObject\",\"inLanguage\":\"pt-BR\",\"@id\":\"https:\\\/\\\/secure.gravatar.com\\\/avatar\\\/df0c9a14567c056f8ad6876ba5bbd1e3e2c48023eb6807342fc4663adf549f38?s=96&d=mm&r=g\",\"url\":\"https:\\\/\\\/secure.gravatar.com\\\/avatar\\\/df0c9a14567c056f8ad6876ba5bbd1e3e2c48023eb6807342fc4663adf549f38?s=96&d=mm&r=g\",\"contentUrl\":\"https:\\\/\\\/secure.gravatar.com\\\/avatar\\\/df0c9a14567c056f8ad6876ba5bbd1e3e2c48023eb6807342fc4663adf549f38?s=96&d=mm&r=g\",\"caption\":\"Farn\u00e9sio\"},\"sameAs\":[\"https:\\\/\\\/quersaberpolitica.com.br\"],\"url\":\"https:\\\/\\\/blogdofarnesio.com.br\\\/?author=1\"}]}<\/script>\n<!-- \/ Yoast SEO plugin. -->","yoast_head_json":{"title":"APESAR DA CRISE, INVESTIMENTOS NA BAHIA CRESCEM 27% - Blog do Farn\u00e9sio","robots":{"index":"index","follow":"follow","max-snippet":"max-snippet:-1","max-image-preview":"max-image-preview:large","max-video-preview":"max-video-preview:-1"},"canonical":"https:\/\/blogdofarnesio.com.br\/?p=184732","og_locale":"pt_BR","og_type":"article","og_title":"APESAR DA CRISE, INVESTIMENTOS NA BAHIA CRESCEM 27% - Blog do Farn\u00e9sio","og_description":"Apesar da crise econ\u00f4mica e pol\u00edtica que atinge o Pa\u00eds, os n\u00fameros mostram que 2017 foi um ano de muito bons neg\u00f3cios para a Bahia. Foram implantados 78 empreendimentos que assinaram protocolos de inten\u00e7\u00f5es com o Governo do Estado, 14 a mais que em 2016, com um total de R$ 4,2 bilh\u00f5es em investimentos, um crescimento de 27% em rela\u00e7\u00e3o ao ano anterior. Foram assinados 92 protocolos de inten\u00e7\u00f5es, com previs\u00e3o de investimentos de R$ 3,9 bilh\u00f5es e cria\u00e7\u00e3o de 11.670 novos empregos. Para 2018, est\u00e3o previstos a implanta\u00e7\u00e3o de 170 empreendimentos com investimentos de R$ 10 bilh\u00f5es e a gera\u00e7\u00e3o de 15 mil novos empregos. O segmento de Eletricidade e G\u00e1s foi o respons\u00e1vel por 88% dos investimentos com&hellip;","og_url":"https:\/\/blogdofarnesio.com.br\/?p=184732","og_site_name":"Blog do Farn\u00e9sio","article_publisher":"https:\/\/www.facebook.com\/BlogQuerSaberPolitica\/","article_published_time":"2017-12-22T14:00:16+00:00","og_image":[{"width":600,"height":334,"url":"https:\/\/blogdofarnesio.com.br\/wp-content\/uploads\/2017\/12\/blogqsp-energia-eolica-no-brasil-1-e1706725596958.jpg","type":"image\/jpeg"}],"author":"Farn\u00e9sio","twitter_card":"summary_large_image","twitter_misc":{"Escrito por":"Farn\u00e9sio","Est. tempo de leitura":"10 minutos"},"schema":{"@context":"https:\/\/schema.org","@graph":[{"@type":"Article","@id":"https:\/\/blogdofarnesio.com.br\/?p=184732#article","isPartOf":{"@id":"https:\/\/blogdofarnesio.com.br\/?p=184732"},"author":{"name":"Farn\u00e9sio","@id":"https:\/\/blogdofarnesio.com.br\/#\/schema\/person\/301c4acf522bccbfdb45af95b5b906a1"},"headline":"APESAR DA CRISE, INVESTIMENTOS NA BAHIA CRESCEM 27%","datePublished":"2017-12-22T14:00:16+00:00","mainEntityOfPage":{"@id":"https:\/\/blogdofarnesio.com.br\/?p=184732"},"wordCount":1938,"commentCount":0,"publisher":{"@id":"https:\/\/blogdofarnesio.com.br\/#organization"},"image":{"@id":"https:\/\/blogdofarnesio.com.br\/?p=184732#primaryimage"},"thumbnailUrl":"https:\/\/blogdofarnesio.com.br\/wp-content\/uploads\/2017\/12\/blogqsp-energia-eolica-no-brasil-1-e1706725596958.jpg","articleSection":["Pol\u00edtica"],"inLanguage":"pt-BR","potentialAction":[{"@type":"CommentAction","name":"Comment","target":["https:\/\/blogdofarnesio.com.br\/?p=184732#respond"]}]},{"@type":"WebPage","@id":"https:\/\/blogdofarnesio.com.br\/?p=184732","url":"https:\/\/blogdofarnesio.com.br\/?p=184732","name":"APESAR DA CRISE, INVESTIMENTOS NA BAHIA CRESCEM 27% - Blog do Farn\u00e9sio","isPartOf":{"@id":"https:\/\/blogdofarnesio.com.br\/#website"},"primaryImageOfPage":{"@id":"https:\/\/blogdofarnesio.com.br\/?p=184732#primaryimage"},"image":{"@id":"https:\/\/blogdofarnesio.com.br\/?p=184732#primaryimage"},"thumbnailUrl":"https:\/\/blogdofarnesio.com.br\/wp-content\/uploads\/2017\/12\/blogqsp-energia-eolica-no-brasil-1-e1706725596958.jpg","datePublished":"2017-12-22T14:00:16+00:00","breadcrumb":{"@id":"https:\/\/blogdofarnesio.com.br\/?p=184732#breadcrumb"},"inLanguage":"pt-BR","potentialAction":[{"@type":"ReadAction","target":["https:\/\/blogdofarnesio.com.br\/?p=184732"]}]},{"@type":"ImageObject","inLanguage":"pt-BR","@id":"https:\/\/blogdofarnesio.com.br\/?p=184732#primaryimage","url":"https:\/\/blogdofarnesio.com.br\/wp-content\/uploads\/2017\/12\/blogqsp-energia-eolica-no-brasil-1-e1706725596958.jpg","contentUrl":"https:\/\/blogdofarnesio.com.br\/wp-content\/uploads\/2017\/12\/blogqsp-energia-eolica-no-brasil-1-e1706725596958.jpg","width":600,"height":334},{"@type":"BreadcrumbList","@id":"https:\/\/blogdofarnesio.com.br\/?p=184732#breadcrumb","itemListElement":[{"@type":"ListItem","position":1,"name":"In\u00edcio","item":"https:\/\/blogdofarnesio.com.br\/"},{"@type":"ListItem","position":2,"name":"APESAR DA CRISE, INVESTIMENTOS NA BAHIA CRESCEM 27%"}]},{"@type":"WebSite","@id":"https:\/\/blogdofarnesio.com.br\/#website","url":"https:\/\/blogdofarnesio.com.br\/","name":"Blog do Farn\u00e9sio","description":"Quer Saber Pol\u00edtica?","publisher":{"@id":"https:\/\/blogdofarnesio.com.br\/#organization"},"potentialAction":[{"@type":"SearchAction","target":{"@type":"EntryPoint","urlTemplate":"https:\/\/blogdofarnesio.com.br\/?s={search_term_string}"},"query-input":{"@type":"PropertyValueSpecification","valueRequired":true,"valueName":"search_term_string"}}],"inLanguage":"pt-BR"},{"@type":"Organization","@id":"https:\/\/blogdofarnesio.com.br\/#organization","name":"Blog do Farn\u00e9sio","url":"https:\/\/blogdofarnesio.com.br\/","logo":{"@type":"ImageObject","inLanguage":"pt-BR","@id":"https:\/\/blogdofarnesio.com.br\/#\/schema\/logo\/image\/","url":"https:\/\/blogdofarnesio.com.br\/wp-content\/uploads\/2026\/03\/cropped-logo_new-1.png","contentUrl":"https:\/\/blogdofarnesio.com.br\/wp-content\/uploads\/2026\/03\/cropped-logo_new-1.png","width":881,"height":685,"caption":"Blog do Farn\u00e9sio"},"image":{"@id":"https:\/\/blogdofarnesio.com.br\/#\/schema\/logo\/image\/"},"sameAs":["https:\/\/www.facebook.com\/BlogQuerSaberPolitica\/"]},{"@type":"Person","@id":"https:\/\/blogdofarnesio.com.br\/#\/schema\/person\/301c4acf522bccbfdb45af95b5b906a1","name":"Farn\u00e9sio","image":{"@type":"ImageObject","inLanguage":"pt-BR","@id":"https:\/\/secure.gravatar.com\/avatar\/df0c9a14567c056f8ad6876ba5bbd1e3e2c48023eb6807342fc4663adf549f38?s=96&d=mm&r=g","url":"https:\/\/secure.gravatar.com\/avatar\/df0c9a14567c056f8ad6876ba5bbd1e3e2c48023eb6807342fc4663adf549f38?s=96&d=mm&r=g","contentUrl":"https:\/\/secure.gravatar.com\/avatar\/df0c9a14567c056f8ad6876ba5bbd1e3e2c48023eb6807342fc4663adf549f38?s=96&d=mm&r=g","caption":"Farn\u00e9sio"},"sameAs":["https:\/\/quersaberpolitica.com.br"],"url":"https:\/\/blogdofarnesio.com.br\/?author=1"}]}},"_links":{"self":[{"href":"https:\/\/blogdofarnesio.com.br\/index.php?rest_route=\/wp\/v2\/posts\/184732","targetHints":{"allow":["GET"]}}],"collection":[{"href":"https:\/\/blogdofarnesio.com.br\/index.php?rest_route=\/wp\/v2\/posts"}],"about":[{"href":"https:\/\/blogdofarnesio.com.br\/index.php?rest_route=\/wp\/v2\/types\/post"}],"author":[{"embeddable":true,"href":"https:\/\/blogdofarnesio.com.br\/index.php?rest_route=\/wp\/v2\/users\/1"}],"replies":[{"embeddable":true,"href":"https:\/\/blogdofarnesio.com.br\/index.php?rest_route=%2Fwp%2Fv2%2Fcomments&post=184732"}],"version-history":[{"count":0,"href":"https:\/\/blogdofarnesio.com.br\/index.php?rest_route=\/wp\/v2\/posts\/184732\/revisions"}],"wp:featuredmedia":[{"embeddable":true,"href":"https:\/\/blogdofarnesio.com.br\/index.php?rest_route=\/wp\/v2\/media\/184817"}],"wp:attachment":[{"href":"https:\/\/blogdofarnesio.com.br\/index.php?rest_route=%2Fwp%2Fv2%2Fmedia&parent=184732"}],"wp:term":[{"taxonomy":"category","embeddable":true,"href":"https:\/\/blogdofarnesio.com.br\/index.php?rest_route=%2Fwp%2Fv2%2Fcategories&post=184732"},{"taxonomy":"post_tag","embeddable":true,"href":"https:\/\/blogdofarnesio.com.br\/index.php?rest_route=%2Fwp%2Fv2%2Ftags&post=184732"}],"curies":[{"name":"wp","href":"https:\/\/api.w.org\/{rel}","templated":true}]}}