{"id":18469,"date":"2012-10-28T15:00:13","date_gmt":"2012-10-28T15:00:13","guid":{"rendered":"http:\/\/www.quersaberpolitica.com.br?p=18469"},"modified":"-0001-11-30T00:00:00","modified_gmt":"-0001-11-30T03:00:00","slug":"termeletricas-vao-responder-por-ate-40_porcento-da-energia-consumida-no-nordeste","status":"publish","type":"post","link":"https:\/\/blogdofarnesio.com.br\/?p=18469","title":{"rendered":"Termel\u00e9tricas v\u00e3o responder por at\u00e9 40% da energia consumida no Nordeste"},"content":{"rendered":"<p><p><img decoding=\"async\" style=\"float: left; margin: 5px 10px;\" src=\"http:\/\/www.politicalivre.com.br\/wp-content\/thumbgen_cache\/327a5743e95322e165c05107e50c68b0.jpg\" alt=\"\" width=\"200\" \/><\/p>\n<p style=\"text-align: justify;\"><span style=\"font-size: medium;\"><span style=\"font-size: small;\">A partir de segunda-feira (29), as usinas termel&eacute;tricas v&atilde;o gerar at&eacute; 40% da energia consumida no Nordeste. O an&uacute;ncio foi feito pelo presidente da Companhia Hidrel&eacute;trica do S&atilde;o Francisco (Chesf), Jo&atilde;o Bosco de Almeida, no Recife, neste s&aacute;bado (27). O apag&atilde;o que deixou os nove estados nordestinos e mais algumas localidades brasileiras &agrave;s escuras por at&eacute; quatro horas, de quinta (25) para sexta-feira (26), disparou um alerta sobre o sistema el&eacute;trico brasileiro. Na ocasi&atilde;o, 25% da energia consumida pelo Nordeste estavam sendo gerados por usinas termel&eacute;tricas. O Operador Nacional do Sistema (ONS) determinou que as 33 t&eacute;rmicas do Nordeste estejam prontas para ampliar esse percentual. A medida foi necess&aacute;ria por causa da falta de chuvas na bacia do S&atilde;o Francisco, onde ficam nove usinas da Chesf. A regi&atilde;o atravessa o final do per&iacute;odo seco e as condi&ccedil;&otilde;es dos reservat&oacute;rios s&atilde;o preocupantes. A barragem de Sobradinho, na Bahia, que garante a produ&ccedil;&atilde;o de 90% da energia hidrel&eacute;trica consumida no Nordeste, est&aacute; com apenas 24% da capacidade. &Eacute; para garantir esse abastecimento que as termel&eacute;tricas foram acionadas. &#8220;Neste momento, o Operador Nacional do Sistema explora o m&aacute;ximo que pode das usinas hidrel&eacute;tricas e vai complementando com usinas t&eacute;rmicas, sempre numa escala de pre&ccedil;o. As usinas t&eacute;rmicas mais baratas entram primeiro do que aquelas que t&ecirc;m o pre&ccedil;o mais alto. Isso &eacute; necess&aacute;rio para que a gente preserve o saldo de &aacute;gua que temos nos reservat&oacute;rios at&eacute; o per&iacute;odo chuvoso, que ocorre no m&ecirc;s de outubro, no caso da bacia do S&atilde;o Francisco&#8221;, explica Jo&atilde;o Bosco de Almeida. Leia mais no&nbsp;<a href=\"http:\/\/g1.globo.com\/pernambuco\/noticia\/2012\/10\/termeletricas-vao-responder-por-ate-40-da-energia-consumida-no-ne.html\">G1<\/a>.<\/span><\/span><\/p><\/p>\n","protected":false},"excerpt":{"rendered":"<p>A partir de segunda-feira (29), as usinas termel&eacute;tricas v&atilde;o gerar at&eacute; 40% da energia consumida no Nordeste. O an&uacute;ncio foi feito pelo presidente da Companhia Hidrel&eacute;trica do S&atilde;o Francisco (Chesf), Jo&atilde;o Bosco de Almeida, no Recife, neste s&aacute;bado (27). O apag&atilde;o que deixou os nove estados nordestinos e mais algumas localidades brasileiras &agrave;s escuras por at&eacute; quatro horas, de quinta (25) para sexta-feira (26), disparou um alerta sobre o sistema el&eacute;trico brasileiro. Na ocasi&atilde;o, 25% da energia consumida pelo Nordeste estavam sendo gerados por usinas termel&eacute;tricas. O Operador Nacional do Sistema (ONS) determinou que as 33 t&eacute;rmicas do Nordeste estejam prontas para ampliar esse percentual. A medida foi necess&aacute;ria por causa da falta de chuvas na bacia do S&atilde;o Francisco,&hellip; <\/p>\n","protected":false},"author":0,"featured_media":0,"comment_status":"open","ping_status":"open","sticky":false,"template":"","format":"standard","meta":{"_acf_changed":false,"footnotes":""},"categories":[13],"tags":[],"class_list":["post-18469","post","type-post","status-publish","format-standard","hentry","category-fruticultura"],"acf":[],"yoast_head":"<!-- This site is optimized with the Yoast SEO plugin v27.4 - https:\/\/yoast.com\/product\/yoast-seo-wordpress\/ -->\n<title>Termel\u00e9tricas v\u00e3o responder por at\u00e9 40% da energia consumida no Nordeste  - Blog do Farn\u00e9sio<\/title>\n<meta name=\"robots\" content=\"index, follow, max-snippet:-1, max-image-preview:large, max-video-preview:-1\" \/>\n<link rel=\"canonical\" href=\"https:\/\/blogdofarnesio.com.br\/?p=18469\" \/>\n<meta property=\"og:locale\" content=\"pt_BR\" \/>\n<meta property=\"og:type\" content=\"article\" \/>\n<meta property=\"og:title\" content=\"Termel\u00e9tricas v\u00e3o responder por at\u00e9 40% da energia consumida no Nordeste  - Blog do Farn\u00e9sio\" \/>\n<meta property=\"og:description\" content=\"A partir de segunda-feira (29), as usinas termel&eacute;tricas v&atilde;o gerar at&eacute; 40% da energia consumida no Nordeste. O an&uacute;ncio foi feito pelo presidente da Companhia Hidrel&eacute;trica do S&atilde;o Francisco (Chesf), Jo&atilde;o Bosco de Almeida, no Recife, neste s&aacute;bado (27). O apag&atilde;o que deixou os nove estados nordestinos e mais algumas localidades brasileiras &agrave;s escuras por at&eacute; quatro horas, de quinta (25) para sexta-feira (26), disparou um alerta sobre o sistema el&eacute;trico brasileiro. Na ocasi&atilde;o, 25% da energia consumida pelo Nordeste estavam sendo gerados por usinas termel&eacute;tricas. O Operador Nacional do Sistema (ONS) determinou que as 33 t&eacute;rmicas do Nordeste estejam prontas para ampliar esse percentual. A medida foi necess&aacute;ria por causa da falta de chuvas na bacia do S&atilde;o Francisco,&hellip;\" \/>\n<meta property=\"og:url\" content=\"https:\/\/blogdofarnesio.com.br\/?p=18469\" \/>\n<meta property=\"og:site_name\" content=\"Blog do Farn\u00e9sio\" \/>\n<meta property=\"article:publisher\" content=\"https:\/\/www.facebook.com\/BlogQuerSaberPolitica\/\" \/>\n<meta property=\"article:published_time\" content=\"2012-10-28T15:00:13+00:00\" \/>\n<meta property=\"og:image\" content=\"http:\/\/www.politicalivre.com.br\/wp-content\/thumbgen_cache\/327a5743e95322e165c05107e50c68b0.jpg\" \/>\n<meta name=\"twitter:card\" content=\"summary_large_image\" \/>\n<meta name=\"twitter:label1\" content=\"Est. tempo de leitura\" \/>\n\t<meta name=\"twitter:data1\" content=\"2 minutos\" \/>\n<script type=\"application\/ld+json\" class=\"yoast-schema-graph\">{\"@context\":\"https:\\\/\\\/schema.org\",\"@graph\":[{\"@type\":\"Article\",\"@id\":\"https:\\\/\\\/blogdofarnesio.com.br\\\/?p=18469#article\",\"isPartOf\":{\"@id\":\"https:\\\/\\\/blogdofarnesio.com.br\\\/?p=18469\"},\"author\":{\"name\":\"\",\"@id\":\"\"},\"headline\":\"Termel\u00e9tricas v\u00e3o responder por at\u00e9 40% da energia consumida no Nordeste\",\"datePublished\":\"2012-10-28T15:00:13+00:00\",\"mainEntityOfPage\":{\"@id\":\"https:\\\/\\\/blogdofarnesio.com.br\\\/?p=18469\"},\"wordCount\":341,\"commentCount\":0,\"publisher\":{\"@id\":\"https:\\\/\\\/blogdofarnesio.com.br\\\/#organization\"},\"image\":{\"@id\":\"https:\\\/\\\/blogdofarnesio.com.br\\\/?p=18469#primaryimage\"},\"thumbnailUrl\":\"http:\\\/\\\/www.politicalivre.com.br\\\/wp-content\\\/thumbgen_cache\\\/327a5743e95322e165c05107e50c68b0.jpg\",\"articleSection\":[\"Fruticultura\"],\"inLanguage\":\"pt-BR\",\"potentialAction\":[{\"@type\":\"CommentAction\",\"name\":\"Comment\",\"target\":[\"https:\\\/\\\/blogdofarnesio.com.br\\\/?p=18469#respond\"]}]},{\"@type\":\"WebPage\",\"@id\":\"https:\\\/\\\/blogdofarnesio.com.br\\\/?p=18469\",\"url\":\"https:\\\/\\\/blogdofarnesio.com.br\\\/?p=18469\",\"name\":\"Termel\u00e9tricas v\u00e3o responder por at\u00e9 40% da energia consumida no Nordeste - Blog do Farn\u00e9sio\",\"isPartOf\":{\"@id\":\"https:\\\/\\\/blogdofarnesio.com.br\\\/#website\"},\"primaryImageOfPage\":{\"@id\":\"https:\\\/\\\/blogdofarnesio.com.br\\\/?p=18469#primaryimage\"},\"image\":{\"@id\":\"https:\\\/\\\/blogdofarnesio.com.br\\\/?p=18469#primaryimage\"},\"thumbnailUrl\":\"http:\\\/\\\/www.politicalivre.com.br\\\/wp-content\\\/thumbgen_cache\\\/327a5743e95322e165c05107e50c68b0.jpg\",\"datePublished\":\"2012-10-28T15:00:13+00:00\",\"breadcrumb\":{\"@id\":\"https:\\\/\\\/blogdofarnesio.com.br\\\/?p=18469#breadcrumb\"},\"inLanguage\":\"pt-BR\",\"potentialAction\":[{\"@type\":\"ReadAction\",\"target\":[\"https:\\\/\\\/blogdofarnesio.com.br\\\/?p=18469\"]}]},{\"@type\":\"ImageObject\",\"inLanguage\":\"pt-BR\",\"@id\":\"https:\\\/\\\/blogdofarnesio.com.br\\\/?p=18469#primaryimage\",\"url\":\"http:\\\/\\\/www.politicalivre.com.br\\\/wp-content\\\/thumbgen_cache\\\/327a5743e95322e165c05107e50c68b0.jpg\",\"contentUrl\":\"http:\\\/\\\/www.politicalivre.com.br\\\/wp-content\\\/thumbgen_cache\\\/327a5743e95322e165c05107e50c68b0.jpg\"},{\"@type\":\"BreadcrumbList\",\"@id\":\"https:\\\/\\\/blogdofarnesio.com.br\\\/?p=18469#breadcrumb\",\"itemListElement\":[{\"@type\":\"ListItem\",\"position\":1,\"name\":\"In\u00edcio\",\"item\":\"https:\\\/\\\/blogdofarnesio.com.br\\\/\"},{\"@type\":\"ListItem\",\"position\":2,\"name\":\"Termel\u00e9tricas v\u00e3o responder por at\u00e9 40% da energia consumida no Nordeste\"}]},{\"@type\":\"WebSite\",\"@id\":\"https:\\\/\\\/blogdofarnesio.com.br\\\/#website\",\"url\":\"https:\\\/\\\/blogdofarnesio.com.br\\\/\",\"name\":\"Blog do Farn\u00e9sio\",\"description\":\"Quer Saber Pol\u00edtica?\",\"publisher\":{\"@id\":\"https:\\\/\\\/blogdofarnesio.com.br\\\/#organization\"},\"potentialAction\":[{\"@type\":\"SearchAction\",\"target\":{\"@type\":\"EntryPoint\",\"urlTemplate\":\"https:\\\/\\\/blogdofarnesio.com.br\\\/?s={search_term_string}\"},\"query-input\":{\"@type\":\"PropertyValueSpecification\",\"valueRequired\":true,\"valueName\":\"search_term_string\"}}],\"inLanguage\":\"pt-BR\"},{\"@type\":\"Organization\",\"@id\":\"https:\\\/\\\/blogdofarnesio.com.br\\\/#organization\",\"name\":\"Blog do Farn\u00e9sio\",\"url\":\"https:\\\/\\\/blogdofarnesio.com.br\\\/\",\"logo\":{\"@type\":\"ImageObject\",\"inLanguage\":\"pt-BR\",\"@id\":\"https:\\\/\\\/blogdofarnesio.com.br\\\/#\\\/schema\\\/logo\\\/image\\\/\",\"url\":\"https:\\\/\\\/blogdofarnesio.com.br\\\/wp-content\\\/uploads\\\/2026\\\/03\\\/cropped-logo_new-1.png\",\"contentUrl\":\"https:\\\/\\\/blogdofarnesio.com.br\\\/wp-content\\\/uploads\\\/2026\\\/03\\\/cropped-logo_new-1.png\",\"width\":881,\"height\":685,\"caption\":\"Blog do Farn\u00e9sio\"},\"image\":{\"@id\":\"https:\\\/\\\/blogdofarnesio.com.br\\\/#\\\/schema\\\/logo\\\/image\\\/\"},\"sameAs\":[\"https:\\\/\\\/www.facebook.com\\\/BlogQuerSaberPolitica\\\/\"]}]}<\/script>\n<!-- \/ Yoast SEO plugin. -->","yoast_head_json":{"title":"Termel\u00e9tricas v\u00e3o responder por at\u00e9 40% da energia consumida no Nordeste  - Blog do Farn\u00e9sio","robots":{"index":"index","follow":"follow","max-snippet":"max-snippet:-1","max-image-preview":"max-image-preview:large","max-video-preview":"max-video-preview:-1"},"canonical":"https:\/\/blogdofarnesio.com.br\/?p=18469","og_locale":"pt_BR","og_type":"article","og_title":"Termel\u00e9tricas v\u00e3o responder por at\u00e9 40% da energia consumida no Nordeste  - Blog do Farn\u00e9sio","og_description":"A partir de segunda-feira (29), as usinas termel&eacute;tricas v&atilde;o gerar at&eacute; 40% da energia consumida no Nordeste. O an&uacute;ncio foi feito pelo presidente da Companhia Hidrel&eacute;trica do S&atilde;o Francisco (Chesf), Jo&atilde;o Bosco de Almeida, no Recife, neste s&aacute;bado (27). O apag&atilde;o que deixou os nove estados nordestinos e mais algumas localidades brasileiras &agrave;s escuras por at&eacute; quatro horas, de quinta (25) para sexta-feira (26), disparou um alerta sobre o sistema el&eacute;trico brasileiro. Na ocasi&atilde;o, 25% da energia consumida pelo Nordeste estavam sendo gerados por usinas termel&eacute;tricas. O Operador Nacional do Sistema (ONS) determinou que as 33 t&eacute;rmicas do Nordeste estejam prontas para ampliar esse percentual. A medida foi necess&aacute;ria por causa da falta de chuvas na bacia do S&atilde;o Francisco,&hellip;","og_url":"https:\/\/blogdofarnesio.com.br\/?p=18469","og_site_name":"Blog do Farn\u00e9sio","article_publisher":"https:\/\/www.facebook.com\/BlogQuerSaberPolitica\/","article_published_time":"2012-10-28T15:00:13+00:00","og_image":[{"url":"http:\/\/www.politicalivre.com.br\/wp-content\/thumbgen_cache\/327a5743e95322e165c05107e50c68b0.jpg","type":"","width":"","height":""}],"twitter_card":"summary_large_image","twitter_misc":{"Est. tempo de leitura":"2 minutos"},"schema":{"@context":"https:\/\/schema.org","@graph":[{"@type":"Article","@id":"https:\/\/blogdofarnesio.com.br\/?p=18469#article","isPartOf":{"@id":"https:\/\/blogdofarnesio.com.br\/?p=18469"},"author":{"name":"","@id":""},"headline":"Termel\u00e9tricas v\u00e3o responder por at\u00e9 40% da energia consumida no Nordeste","datePublished":"2012-10-28T15:00:13+00:00","mainEntityOfPage":{"@id":"https:\/\/blogdofarnesio.com.br\/?p=18469"},"wordCount":341,"commentCount":0,"publisher":{"@id":"https:\/\/blogdofarnesio.com.br\/#organization"},"image":{"@id":"https:\/\/blogdofarnesio.com.br\/?p=18469#primaryimage"},"thumbnailUrl":"http:\/\/www.politicalivre.com.br\/wp-content\/thumbgen_cache\/327a5743e95322e165c05107e50c68b0.jpg","articleSection":["Fruticultura"],"inLanguage":"pt-BR","potentialAction":[{"@type":"CommentAction","name":"Comment","target":["https:\/\/blogdofarnesio.com.br\/?p=18469#respond"]}]},{"@type":"WebPage","@id":"https:\/\/blogdofarnesio.com.br\/?p=18469","url":"https:\/\/blogdofarnesio.com.br\/?p=18469","name":"Termel\u00e9tricas v\u00e3o responder por at\u00e9 40% da energia consumida no Nordeste - Blog do Farn\u00e9sio","isPartOf":{"@id":"https:\/\/blogdofarnesio.com.br\/#website"},"primaryImageOfPage":{"@id":"https:\/\/blogdofarnesio.com.br\/?p=18469#primaryimage"},"image":{"@id":"https:\/\/blogdofarnesio.com.br\/?p=18469#primaryimage"},"thumbnailUrl":"http:\/\/www.politicalivre.com.br\/wp-content\/thumbgen_cache\/327a5743e95322e165c05107e50c68b0.jpg","datePublished":"2012-10-28T15:00:13+00:00","breadcrumb":{"@id":"https:\/\/blogdofarnesio.com.br\/?p=18469#breadcrumb"},"inLanguage":"pt-BR","potentialAction":[{"@type":"ReadAction","target":["https:\/\/blogdofarnesio.com.br\/?p=18469"]}]},{"@type":"ImageObject","inLanguage":"pt-BR","@id":"https:\/\/blogdofarnesio.com.br\/?p=18469#primaryimage","url":"http:\/\/www.politicalivre.com.br\/wp-content\/thumbgen_cache\/327a5743e95322e165c05107e50c68b0.jpg","contentUrl":"http:\/\/www.politicalivre.com.br\/wp-content\/thumbgen_cache\/327a5743e95322e165c05107e50c68b0.jpg"},{"@type":"BreadcrumbList","@id":"https:\/\/blogdofarnesio.com.br\/?p=18469#breadcrumb","itemListElement":[{"@type":"ListItem","position":1,"name":"In\u00edcio","item":"https:\/\/blogdofarnesio.com.br\/"},{"@type":"ListItem","position":2,"name":"Termel\u00e9tricas v\u00e3o responder por at\u00e9 40% da energia consumida no Nordeste"}]},{"@type":"WebSite","@id":"https:\/\/blogdofarnesio.com.br\/#website","url":"https:\/\/blogdofarnesio.com.br\/","name":"Blog do Farn\u00e9sio","description":"Quer Saber Pol\u00edtica?","publisher":{"@id":"https:\/\/blogdofarnesio.com.br\/#organization"},"potentialAction":[{"@type":"SearchAction","target":{"@type":"EntryPoint","urlTemplate":"https:\/\/blogdofarnesio.com.br\/?s={search_term_string}"},"query-input":{"@type":"PropertyValueSpecification","valueRequired":true,"valueName":"search_term_string"}}],"inLanguage":"pt-BR"},{"@type":"Organization","@id":"https:\/\/blogdofarnesio.com.br\/#organization","name":"Blog do Farn\u00e9sio","url":"https:\/\/blogdofarnesio.com.br\/","logo":{"@type":"ImageObject","inLanguage":"pt-BR","@id":"https:\/\/blogdofarnesio.com.br\/#\/schema\/logo\/image\/","url":"https:\/\/blogdofarnesio.com.br\/wp-content\/uploads\/2026\/03\/cropped-logo_new-1.png","contentUrl":"https:\/\/blogdofarnesio.com.br\/wp-content\/uploads\/2026\/03\/cropped-logo_new-1.png","width":881,"height":685,"caption":"Blog do Farn\u00e9sio"},"image":{"@id":"https:\/\/blogdofarnesio.com.br\/#\/schema\/logo\/image\/"},"sameAs":["https:\/\/www.facebook.com\/BlogQuerSaberPolitica\/"]}]}},"_links":{"self":[{"href":"https:\/\/blogdofarnesio.com.br\/index.php?rest_route=\/wp\/v2\/posts\/18469","targetHints":{"allow":["GET"]}}],"collection":[{"href":"https:\/\/blogdofarnesio.com.br\/index.php?rest_route=\/wp\/v2\/posts"}],"about":[{"href":"https:\/\/blogdofarnesio.com.br\/index.php?rest_route=\/wp\/v2\/types\/post"}],"replies":[{"embeddable":true,"href":"https:\/\/blogdofarnesio.com.br\/index.php?rest_route=%2Fwp%2Fv2%2Fcomments&post=18469"}],"version-history":[{"count":0,"href":"https:\/\/blogdofarnesio.com.br\/index.php?rest_route=\/wp\/v2\/posts\/18469\/revisions"}],"wp:attachment":[{"href":"https:\/\/blogdofarnesio.com.br\/index.php?rest_route=%2Fwp%2Fv2%2Fmedia&parent=18469"}],"wp:term":[{"taxonomy":"category","embeddable":true,"href":"https:\/\/blogdofarnesio.com.br\/index.php?rest_route=%2Fwp%2Fv2%2Fcategories&post=18469"},{"taxonomy":"post_tag","embeddable":true,"href":"https:\/\/blogdofarnesio.com.br\/index.php?rest_route=%2Fwp%2Fv2%2Ftags&post=18469"}],"curies":[{"name":"wp","href":"https:\/\/api.w.org\/{rel}","templated":true}]}}