{"id":184546,"date":"2017-12-19T17:30:16","date_gmt":"2017-12-19T20:30:16","guid":{"rendered":"http:\/\/quersaberpolitica.com.br\/2016\/?p=184546"},"modified":"2017-12-19T14:50:46","modified_gmt":"2017-12-19T17:50:46","slug":"quem-vai-juntar-os-cacos-do-pmdb-de-pernambuco","status":"publish","type":"post","link":"https:\/\/blogdofarnesio.com.br\/?p=184546","title":{"rendered":"QUEM VAI JUNTAR OS &#8220;CACOS&#8221; DO PMDB DE PERNAMBUCO?"},"content":{"rendered":"<div id=\"container_clear\"><\/div>\n<p>O PMDB pode passar batido, hoje, na tentativa de mudar a imagem da legenda, manchada com tantos esc\u00e2ndalos de corrup\u00e7\u00e3o nos \u00faltimos anos. Dez diret\u00f3rios estaduais pediram o adiamento da conven\u00e7\u00e3o nacional, que ser\u00e1 realizada em Bras\u00edlia, mas foram derrotados. O encontro ser\u00e1 realizado das 9h \u00e0s 13h, e pode interferir diretamente no PMDB estadual, que enfrenta uma disputa interna entre os grupos do senador Fernando Bezerra Coelho, filiado no dia 6 de setembro, e do deputado federal Jarbas Vasconcelos<\/p>\n<p>Se a c\u00fapula da legenda tiver o poder de dissolver os diret\u00f3rios estaduais sem burocracia, como o de Pernambuco, o PMDB ficar\u00e1 sob o controle de FBC e o governador Paulo C\u00e2mara (PSB) perder\u00e1, em 2018, um dos principais partidos aliados. Os pr\u00f3ximos passos tamb\u00e9m podem decidir o futuro pol\u00edtico de Jarbas e do vice-governador Raul Henry, que lutam pela perman\u00eancia da legenda na base de Paulo.<\/p>\n<p>A reuni\u00e3o nacional objetiva resgatar o nome da legenda: MDB. Mas esse n\u00e3o \u00e9 o motivo real de desconforto das lideran\u00e7as hist\u00f3ricas. Nesse evento, a executiva nacional quer mudar o estatuto da sigla para promover interven\u00e7\u00f5es nos diret\u00f3rios estaduais \u201crebeldes\u201d, como o de Pernambuco, e definir os crit\u00e9rios da distribui\u00e7\u00e3o do fundo eleitoral de financiamento de campanha.<\/p>\n<p>A c\u00fapula quer controlar as regras de reparti\u00e7\u00e3o dos recursos entre os candidatos at\u00e9 mar\u00e7o de 2018, o que tamb\u00e9m vai deixar os postulantes aos cargos de deputados estaduais, federais, senadores e governadores na depend\u00eancia total de sua dire\u00e7\u00e3o.\u00a0\u00a0<strong>(Do Diario de Pernambuco)<\/strong><\/p>\n","protected":false},"excerpt":{"rendered":"<p>O PMDB pode passar batido, hoje, na tentativa de mudar a imagem da legenda, manchada com tantos esc\u00e2ndalos de corrup\u00e7\u00e3o nos \u00faltimos anos. Dez diret\u00f3rios estaduais pediram o adiamento da conven\u00e7\u00e3o nacional, que ser\u00e1 realizada em Bras\u00edlia, mas foram derrotados. O encontro ser\u00e1 realizado das 9h \u00e0s 13h, e pode interferir diretamente no PMDB estadual, que enfrenta uma disputa interna entre os grupos do senador Fernando Bezerra Coelho, filiado no dia 6 de setembro, e do deputado federal Jarbas Vasconcelos Se a c\u00fapula da legenda tiver o poder de dissolver os diret\u00f3rios estaduais sem burocracia, como o de Pernambuco, o PMDB ficar\u00e1 sob o controle de FBC e o governador Paulo C\u00e2mara (PSB) perder\u00e1, em 2018, um dos principais partidos&hellip; <\/p>\n","protected":false},"author":1,"featured_media":177087,"comment_status":"open","ping_status":"closed","sticky":false,"template":"","format":"standard","meta":{"_acf_changed":false,"footnotes":""},"categories":[30],"tags":[],"class_list":["post-184546","post","type-post","status-publish","format-standard","has-post-thumbnail","hentry","category-artigo"],"acf":[],"yoast_head":"<!-- This site is optimized with the Yoast SEO plugin v27.4 - https:\/\/yoast.com\/product\/yoast-seo-wordpress\/ -->\n<title>QUEM VAI JUNTAR OS &quot;CACOS&quot; DO PMDB DE PERNAMBUCO? - Blog do Farn\u00e9sio<\/title>\n<meta name=\"robots\" content=\"index, follow, max-snippet:-1, max-image-preview:large, max-video-preview:-1\" \/>\n<link rel=\"canonical\" href=\"https:\/\/blogdofarnesio.com.br\/?p=184546\" \/>\n<meta property=\"og:locale\" content=\"pt_BR\" \/>\n<meta property=\"og:type\" content=\"article\" \/>\n<meta property=\"og:title\" content=\"QUEM VAI JUNTAR OS &quot;CACOS&quot; DO PMDB DE PERNAMBUCO? - Blog do Farn\u00e9sio\" \/>\n<meta property=\"og:description\" content=\"O PMDB pode passar batido, hoje, na tentativa de mudar a imagem da legenda, manchada com tantos esc\u00e2ndalos de corrup\u00e7\u00e3o nos \u00faltimos anos. Dez diret\u00f3rios estaduais pediram o adiamento da conven\u00e7\u00e3o nacional, que ser\u00e1 realizada em Bras\u00edlia, mas foram derrotados. O encontro ser\u00e1 realizado das 9h \u00e0s 13h, e pode interferir diretamente no PMDB estadual, que enfrenta uma disputa interna entre os grupos do senador Fernando Bezerra Coelho, filiado no dia 6 de setembro, e do deputado federal Jarbas Vasconcelos Se a c\u00fapula da legenda tiver o poder de dissolver os diret\u00f3rios estaduais sem burocracia, como o de Pernambuco, o PMDB ficar\u00e1 sob o controle de FBC e o governador Paulo C\u00e2mara (PSB) perder\u00e1, em 2018, um dos principais partidos&hellip;\" \/>\n<meta property=\"og:url\" content=\"https:\/\/blogdofarnesio.com.br\/?p=184546\" \/>\n<meta property=\"og:site_name\" content=\"Blog do Farn\u00e9sio\" \/>\n<meta property=\"article:publisher\" content=\"https:\/\/www.facebook.com\/BlogQuerSaberPolitica\/\" \/>\n<meta property=\"article:published_time\" content=\"2017-12-19T20:30:16+00:00\" \/>\n<meta property=\"og:image\" content=\"https:\/\/blogdofarnesio.com.br\/wp-content\/uploads\/2017\/09\/BlogqspJarbas-X-FBC-640x255.jpg\" \/>\n\t<meta property=\"og:image:width\" content=\"640\" \/>\n\t<meta property=\"og:image:height\" content=\"255\" \/>\n\t<meta property=\"og:image:type\" content=\"image\/jpeg\" \/>\n<meta name=\"author\" content=\"Farn\u00e9sio\" \/>\n<meta name=\"twitter:card\" content=\"summary_large_image\" \/>\n<meta name=\"twitter:label1\" content=\"Escrito por\" \/>\n\t<meta name=\"twitter:data1\" content=\"Farn\u00e9sio\" \/>\n\t<meta name=\"twitter:label2\" content=\"Est. tempo de leitura\" \/>\n\t<meta name=\"twitter:data2\" content=\"1 minuto\" \/>\n<script type=\"application\/ld+json\" class=\"yoast-schema-graph\">{\"@context\":\"https:\\\/\\\/schema.org\",\"@graph\":[{\"@type\":\"Article\",\"@id\":\"https:\\\/\\\/blogdofarnesio.com.br\\\/?p=184546#article\",\"isPartOf\":{\"@id\":\"https:\\\/\\\/blogdofarnesio.com.br\\\/?p=184546\"},\"author\":{\"name\":\"Farn\u00e9sio\",\"@id\":\"https:\\\/\\\/blogdofarnesio.com.br\\\/#\\\/schema\\\/person\\\/301c4acf522bccbfdb45af95b5b906a1\"},\"headline\":\"QUEM VAI JUNTAR OS &#8220;CACOS&#8221; DO PMDB DE PERNAMBUCO?\",\"datePublished\":\"2017-12-19T20:30:16+00:00\",\"mainEntityOfPage\":{\"@id\":\"https:\\\/\\\/blogdofarnesio.com.br\\\/?p=184546\"},\"wordCount\":278,\"commentCount\":0,\"publisher\":{\"@id\":\"https:\\\/\\\/blogdofarnesio.com.br\\\/#organization\"},\"image\":{\"@id\":\"https:\\\/\\\/blogdofarnesio.com.br\\\/?p=184546#primaryimage\"},\"thumbnailUrl\":\"https:\\\/\\\/blogdofarnesio.com.br\\\/wp-content\\\/uploads\\\/2017\\\/09\\\/BlogqspJarbas-X-FBC-640x255.jpg\",\"articleSection\":[\"Artigo\"],\"inLanguage\":\"pt-BR\",\"potentialAction\":[{\"@type\":\"CommentAction\",\"name\":\"Comment\",\"target\":[\"https:\\\/\\\/blogdofarnesio.com.br\\\/?p=184546#respond\"]}]},{\"@type\":\"WebPage\",\"@id\":\"https:\\\/\\\/blogdofarnesio.com.br\\\/?p=184546\",\"url\":\"https:\\\/\\\/blogdofarnesio.com.br\\\/?p=184546\",\"name\":\"QUEM VAI JUNTAR OS \\\"CACOS\\\" DO PMDB DE PERNAMBUCO? - Blog do Farn\u00e9sio\",\"isPartOf\":{\"@id\":\"https:\\\/\\\/blogdofarnesio.com.br\\\/#website\"},\"primaryImageOfPage\":{\"@id\":\"https:\\\/\\\/blogdofarnesio.com.br\\\/?p=184546#primaryimage\"},\"image\":{\"@id\":\"https:\\\/\\\/blogdofarnesio.com.br\\\/?p=184546#primaryimage\"},\"thumbnailUrl\":\"https:\\\/\\\/blogdofarnesio.com.br\\\/wp-content\\\/uploads\\\/2017\\\/09\\\/BlogqspJarbas-X-FBC-640x255.jpg\",\"datePublished\":\"2017-12-19T20:30:16+00:00\",\"breadcrumb\":{\"@id\":\"https:\\\/\\\/blogdofarnesio.com.br\\\/?p=184546#breadcrumb\"},\"inLanguage\":\"pt-BR\",\"potentialAction\":[{\"@type\":\"ReadAction\",\"target\":[\"https:\\\/\\\/blogdofarnesio.com.br\\\/?p=184546\"]}]},{\"@type\":\"ImageObject\",\"inLanguage\":\"pt-BR\",\"@id\":\"https:\\\/\\\/blogdofarnesio.com.br\\\/?p=184546#primaryimage\",\"url\":\"https:\\\/\\\/blogdofarnesio.com.br\\\/wp-content\\\/uploads\\\/2017\\\/09\\\/BlogqspJarbas-X-FBC-640x255.jpg\",\"contentUrl\":\"https:\\\/\\\/blogdofarnesio.com.br\\\/wp-content\\\/uploads\\\/2017\\\/09\\\/BlogqspJarbas-X-FBC-640x255.jpg\",\"width\":640,\"height\":255},{\"@type\":\"BreadcrumbList\",\"@id\":\"https:\\\/\\\/blogdofarnesio.com.br\\\/?p=184546#breadcrumb\",\"itemListElement\":[{\"@type\":\"ListItem\",\"position\":1,\"name\":\"In\u00edcio\",\"item\":\"https:\\\/\\\/blogdofarnesio.com.br\\\/\"},{\"@type\":\"ListItem\",\"position\":2,\"name\":\"QUEM VAI JUNTAR OS &#8220;CACOS&#8221; DO PMDB DE PERNAMBUCO?\"}]},{\"@type\":\"WebSite\",\"@id\":\"https:\\\/\\\/blogdofarnesio.com.br\\\/#website\",\"url\":\"https:\\\/\\\/blogdofarnesio.com.br\\\/\",\"name\":\"Blog do Farn\u00e9sio\",\"description\":\"Quer Saber Pol\u00edtica?\",\"publisher\":{\"@id\":\"https:\\\/\\\/blogdofarnesio.com.br\\\/#organization\"},\"potentialAction\":[{\"@type\":\"SearchAction\",\"target\":{\"@type\":\"EntryPoint\",\"urlTemplate\":\"https:\\\/\\\/blogdofarnesio.com.br\\\/?s={search_term_string}\"},\"query-input\":{\"@type\":\"PropertyValueSpecification\",\"valueRequired\":true,\"valueName\":\"search_term_string\"}}],\"inLanguage\":\"pt-BR\"},{\"@type\":\"Organization\",\"@id\":\"https:\\\/\\\/blogdofarnesio.com.br\\\/#organization\",\"name\":\"Blog do Farn\u00e9sio\",\"url\":\"https:\\\/\\\/blogdofarnesio.com.br\\\/\",\"logo\":{\"@type\":\"ImageObject\",\"inLanguage\":\"pt-BR\",\"@id\":\"https:\\\/\\\/blogdofarnesio.com.br\\\/#\\\/schema\\\/logo\\\/image\\\/\",\"url\":\"https:\\\/\\\/blogdofarnesio.com.br\\\/wp-content\\\/uploads\\\/2026\\\/03\\\/cropped-logo_new-1.png\",\"contentUrl\":\"https:\\\/\\\/blogdofarnesio.com.br\\\/wp-content\\\/uploads\\\/2026\\\/03\\\/cropped-logo_new-1.png\",\"width\":881,\"height\":685,\"caption\":\"Blog do Farn\u00e9sio\"},\"image\":{\"@id\":\"https:\\\/\\\/blogdofarnesio.com.br\\\/#\\\/schema\\\/logo\\\/image\\\/\"},\"sameAs\":[\"https:\\\/\\\/www.facebook.com\\\/BlogQuerSaberPolitica\\\/\"]},{\"@type\":\"Person\",\"@id\":\"https:\\\/\\\/blogdofarnesio.com.br\\\/#\\\/schema\\\/person\\\/301c4acf522bccbfdb45af95b5b906a1\",\"name\":\"Farn\u00e9sio\",\"image\":{\"@type\":\"ImageObject\",\"inLanguage\":\"pt-BR\",\"@id\":\"https:\\\/\\\/secure.gravatar.com\\\/avatar\\\/df0c9a14567c056f8ad6876ba5bbd1e3e2c48023eb6807342fc4663adf549f38?s=96&d=mm&r=g\",\"url\":\"https:\\\/\\\/secure.gravatar.com\\\/avatar\\\/df0c9a14567c056f8ad6876ba5bbd1e3e2c48023eb6807342fc4663adf549f38?s=96&d=mm&r=g\",\"contentUrl\":\"https:\\\/\\\/secure.gravatar.com\\\/avatar\\\/df0c9a14567c056f8ad6876ba5bbd1e3e2c48023eb6807342fc4663adf549f38?s=96&d=mm&r=g\",\"caption\":\"Farn\u00e9sio\"},\"sameAs\":[\"https:\\\/\\\/quersaberpolitica.com.br\"],\"url\":\"https:\\\/\\\/blogdofarnesio.com.br\\\/?author=1\"}]}<\/script>\n<!-- \/ Yoast SEO plugin. -->","yoast_head_json":{"title":"QUEM VAI JUNTAR OS \"CACOS\" DO PMDB DE PERNAMBUCO? - Blog do Farn\u00e9sio","robots":{"index":"index","follow":"follow","max-snippet":"max-snippet:-1","max-image-preview":"max-image-preview:large","max-video-preview":"max-video-preview:-1"},"canonical":"https:\/\/blogdofarnesio.com.br\/?p=184546","og_locale":"pt_BR","og_type":"article","og_title":"QUEM VAI JUNTAR OS \"CACOS\" DO PMDB DE PERNAMBUCO? - Blog do Farn\u00e9sio","og_description":"O PMDB pode passar batido, hoje, na tentativa de mudar a imagem da legenda, manchada com tantos esc\u00e2ndalos de corrup\u00e7\u00e3o nos \u00faltimos anos. Dez diret\u00f3rios estaduais pediram o adiamento da conven\u00e7\u00e3o nacional, que ser\u00e1 realizada em Bras\u00edlia, mas foram derrotados. O encontro ser\u00e1 realizado das 9h \u00e0s 13h, e pode interferir diretamente no PMDB estadual, que enfrenta uma disputa interna entre os grupos do senador Fernando Bezerra Coelho, filiado no dia 6 de setembro, e do deputado federal Jarbas Vasconcelos Se a c\u00fapula da legenda tiver o poder de dissolver os diret\u00f3rios estaduais sem burocracia, como o de Pernambuco, o PMDB ficar\u00e1 sob o controle de FBC e o governador Paulo C\u00e2mara (PSB) perder\u00e1, em 2018, um dos principais partidos&hellip;","og_url":"https:\/\/blogdofarnesio.com.br\/?p=184546","og_site_name":"Blog do Farn\u00e9sio","article_publisher":"https:\/\/www.facebook.com\/BlogQuerSaberPolitica\/","article_published_time":"2017-12-19T20:30:16+00:00","og_image":[{"width":640,"height":255,"url":"https:\/\/blogdofarnesio.com.br\/wp-content\/uploads\/2017\/09\/BlogqspJarbas-X-FBC-640x255.jpg","type":"image\/jpeg"}],"author":"Farn\u00e9sio","twitter_card":"summary_large_image","twitter_misc":{"Escrito por":"Farn\u00e9sio","Est. tempo de leitura":"1 minuto"},"schema":{"@context":"https:\/\/schema.org","@graph":[{"@type":"Article","@id":"https:\/\/blogdofarnesio.com.br\/?p=184546#article","isPartOf":{"@id":"https:\/\/blogdofarnesio.com.br\/?p=184546"},"author":{"name":"Farn\u00e9sio","@id":"https:\/\/blogdofarnesio.com.br\/#\/schema\/person\/301c4acf522bccbfdb45af95b5b906a1"},"headline":"QUEM VAI JUNTAR OS &#8220;CACOS&#8221; DO PMDB DE PERNAMBUCO?","datePublished":"2017-12-19T20:30:16+00:00","mainEntityOfPage":{"@id":"https:\/\/blogdofarnesio.com.br\/?p=184546"},"wordCount":278,"commentCount":0,"publisher":{"@id":"https:\/\/blogdofarnesio.com.br\/#organization"},"image":{"@id":"https:\/\/blogdofarnesio.com.br\/?p=184546#primaryimage"},"thumbnailUrl":"https:\/\/blogdofarnesio.com.br\/wp-content\/uploads\/2017\/09\/BlogqspJarbas-X-FBC-640x255.jpg","articleSection":["Artigo"],"inLanguage":"pt-BR","potentialAction":[{"@type":"CommentAction","name":"Comment","target":["https:\/\/blogdofarnesio.com.br\/?p=184546#respond"]}]},{"@type":"WebPage","@id":"https:\/\/blogdofarnesio.com.br\/?p=184546","url":"https:\/\/blogdofarnesio.com.br\/?p=184546","name":"QUEM VAI JUNTAR OS \"CACOS\" DO PMDB DE PERNAMBUCO? - Blog do Farn\u00e9sio","isPartOf":{"@id":"https:\/\/blogdofarnesio.com.br\/#website"},"primaryImageOfPage":{"@id":"https:\/\/blogdofarnesio.com.br\/?p=184546#primaryimage"},"image":{"@id":"https:\/\/blogdofarnesio.com.br\/?p=184546#primaryimage"},"thumbnailUrl":"https:\/\/blogdofarnesio.com.br\/wp-content\/uploads\/2017\/09\/BlogqspJarbas-X-FBC-640x255.jpg","datePublished":"2017-12-19T20:30:16+00:00","breadcrumb":{"@id":"https:\/\/blogdofarnesio.com.br\/?p=184546#breadcrumb"},"inLanguage":"pt-BR","potentialAction":[{"@type":"ReadAction","target":["https:\/\/blogdofarnesio.com.br\/?p=184546"]}]},{"@type":"ImageObject","inLanguage":"pt-BR","@id":"https:\/\/blogdofarnesio.com.br\/?p=184546#primaryimage","url":"https:\/\/blogdofarnesio.com.br\/wp-content\/uploads\/2017\/09\/BlogqspJarbas-X-FBC-640x255.jpg","contentUrl":"https:\/\/blogdofarnesio.com.br\/wp-content\/uploads\/2017\/09\/BlogqspJarbas-X-FBC-640x255.jpg","width":640,"height":255},{"@type":"BreadcrumbList","@id":"https:\/\/blogdofarnesio.com.br\/?p=184546#breadcrumb","itemListElement":[{"@type":"ListItem","position":1,"name":"In\u00edcio","item":"https:\/\/blogdofarnesio.com.br\/"},{"@type":"ListItem","position":2,"name":"QUEM VAI JUNTAR OS &#8220;CACOS&#8221; DO PMDB DE PERNAMBUCO?"}]},{"@type":"WebSite","@id":"https:\/\/blogdofarnesio.com.br\/#website","url":"https:\/\/blogdofarnesio.com.br\/","name":"Blog do Farn\u00e9sio","description":"Quer Saber Pol\u00edtica?","publisher":{"@id":"https:\/\/blogdofarnesio.com.br\/#organization"},"potentialAction":[{"@type":"SearchAction","target":{"@type":"EntryPoint","urlTemplate":"https:\/\/blogdofarnesio.com.br\/?s={search_term_string}"},"query-input":{"@type":"PropertyValueSpecification","valueRequired":true,"valueName":"search_term_string"}}],"inLanguage":"pt-BR"},{"@type":"Organization","@id":"https:\/\/blogdofarnesio.com.br\/#organization","name":"Blog do Farn\u00e9sio","url":"https:\/\/blogdofarnesio.com.br\/","logo":{"@type":"ImageObject","inLanguage":"pt-BR","@id":"https:\/\/blogdofarnesio.com.br\/#\/schema\/logo\/image\/","url":"https:\/\/blogdofarnesio.com.br\/wp-content\/uploads\/2026\/03\/cropped-logo_new-1.png","contentUrl":"https:\/\/blogdofarnesio.com.br\/wp-content\/uploads\/2026\/03\/cropped-logo_new-1.png","width":881,"height":685,"caption":"Blog do Farn\u00e9sio"},"image":{"@id":"https:\/\/blogdofarnesio.com.br\/#\/schema\/logo\/image\/"},"sameAs":["https:\/\/www.facebook.com\/BlogQuerSaberPolitica\/"]},{"@type":"Person","@id":"https:\/\/blogdofarnesio.com.br\/#\/schema\/person\/301c4acf522bccbfdb45af95b5b906a1","name":"Farn\u00e9sio","image":{"@type":"ImageObject","inLanguage":"pt-BR","@id":"https:\/\/secure.gravatar.com\/avatar\/df0c9a14567c056f8ad6876ba5bbd1e3e2c48023eb6807342fc4663adf549f38?s=96&d=mm&r=g","url":"https:\/\/secure.gravatar.com\/avatar\/df0c9a14567c056f8ad6876ba5bbd1e3e2c48023eb6807342fc4663adf549f38?s=96&d=mm&r=g","contentUrl":"https:\/\/secure.gravatar.com\/avatar\/df0c9a14567c056f8ad6876ba5bbd1e3e2c48023eb6807342fc4663adf549f38?s=96&d=mm&r=g","caption":"Farn\u00e9sio"},"sameAs":["https:\/\/quersaberpolitica.com.br"],"url":"https:\/\/blogdofarnesio.com.br\/?author=1"}]}},"_links":{"self":[{"href":"https:\/\/blogdofarnesio.com.br\/index.php?rest_route=\/wp\/v2\/posts\/184546","targetHints":{"allow":["GET"]}}],"collection":[{"href":"https:\/\/blogdofarnesio.com.br\/index.php?rest_route=\/wp\/v2\/posts"}],"about":[{"href":"https:\/\/blogdofarnesio.com.br\/index.php?rest_route=\/wp\/v2\/types\/post"}],"author":[{"embeddable":true,"href":"https:\/\/blogdofarnesio.com.br\/index.php?rest_route=\/wp\/v2\/users\/1"}],"replies":[{"embeddable":true,"href":"https:\/\/blogdofarnesio.com.br\/index.php?rest_route=%2Fwp%2Fv2%2Fcomments&post=184546"}],"version-history":[{"count":0,"href":"https:\/\/blogdofarnesio.com.br\/index.php?rest_route=\/wp\/v2\/posts\/184546\/revisions"}],"wp:featuredmedia":[{"embeddable":true,"href":"https:\/\/blogdofarnesio.com.br\/index.php?rest_route=\/wp\/v2\/media\/177087"}],"wp:attachment":[{"href":"https:\/\/blogdofarnesio.com.br\/index.php?rest_route=%2Fwp%2Fv2%2Fmedia&parent=184546"}],"wp:term":[{"taxonomy":"category","embeddable":true,"href":"https:\/\/blogdofarnesio.com.br\/index.php?rest_route=%2Fwp%2Fv2%2Fcategories&post=184546"},{"taxonomy":"post_tag","embeddable":true,"href":"https:\/\/blogdofarnesio.com.br\/index.php?rest_route=%2Fwp%2Fv2%2Ftags&post=184546"}],"curies":[{"name":"wp","href":"https:\/\/api.w.org\/{rel}","templated":true}]}}