{"id":184544,"date":"2017-12-19T16:42:17","date_gmt":"2017-12-19T19:42:17","guid":{"rendered":"http:\/\/quersaberpolitica.com.br\/2016\/?p=184544"},"modified":"2017-12-19T14:30:41","modified_gmt":"2017-12-19T17:30:41","slug":"governo-federal-diminui-autonomia-das-universidades-para-gastos-com-obras","status":"publish","type":"post","link":"https:\/\/blogdofarnesio.com.br\/?p=184544","title":{"rendered":"GOVERNO FEDERAL DIMINUI AUTONOMIA DAS UNIVERSIDADES PARA GASTOS COM OBRAS"},"content":{"rendered":"<div class=\"box-title\">\n<h2><a href=\"http:\/\/www.bahianoticias.com.br\/estadao\/noticia\/213882-governo-federal-reduz-autonomia-de-universidades-para-gasto-com-obras.html\">&#8216;UNIVERSIDADES MAIS NOVAS COMO A UNIVASF PERDEM MAIS AINDA&#8217;<\/a><\/h2>\n<p>por Luiz Fernando Toledo | Estad\u00e3o Conte\u00fado<\/p>\n<\/div>\n<div class=\"box-body\">\n<div class=\"text-center\"><\/div>\n<div class=\"text-descricao\">\n<p>O Minist\u00e9rio da Educa\u00e7\u00e3o (MEC) diminuiu a autonomia das 63 universidades federais do Pa\u00eds em rela\u00e7\u00e3o \u00e0 execu\u00e7\u00e3o de recursos para investimentos &#8211; como gastos com obras e compras de m\u00e1quinas. O or\u00e7amento aprovado pelo Congresso para 2018 define, pela primeira vez, que s\u00f3 metade da verba de investimento ficar\u00e1 dispon\u00edvel diretamente para as institui\u00e7\u00f5es. E o restante ficar\u00e1 a cargo do MEC, que decidir\u00e1 caso a caso onde usar o dinheiro. O or\u00e7amento para o pr\u00f3ximo ano prev\u00ea cerca de R$ 800 milh\u00f5es para investimentos nas institui\u00e7\u00f5es.<\/p>\n<p>Reitores e especialistas ouvidos pela reportagem apontam para o risco de uso pol\u00edtico dos recursos e perda da autonomia universit\u00e1ria na gest\u00e3o de verbas. Por outro lado, fiscaliza\u00e7\u00f5es recentes t\u00eam apontado irregularidades em compras e na execu\u00e7\u00e3o de obras em algumas universidades. O ministro da Educa\u00e7\u00e3o, Mendon\u00e7a Filho, por exemplo, tem destacado falhas de gest\u00e3o em parte das federais.\u00a0Levantamento do MEC aponta que pelo menos um ter\u00e7o das obras nas universidades federais parou &#8211; de 750 registradas, s\u00f3 cerca de 500 est\u00e3o em execu\u00e7\u00e3o.<\/p>\n<p>Em outubro, um relat\u00f3rio da Controladoria-Geral da Uni\u00e3o (CGU) apontou poss\u00edvel superfaturamento de R$ 384,7 mil em contrato de obras na Universidade Federal do ABC (UFABC), com irregularidades na compra de materiais. A institui\u00e7\u00e3o, em nota, informou que o relat\u00f3rio \u00e9 s\u00f3 um documento interno com pedidos de esclarecimentos, e n\u00e3o o resultado de um julgamento.\u00a0A ideia agora \u00e9 seguir o modelo j\u00e1 adotado para os institutos federais, que prev\u00ea 70% do recurso de investimentos nas m\u00e3os do MEC e 30% com os institutos. &#8220;Esse recurso (de investimento sob gest\u00e3o do MEC) \u00e9 para as universidades e s\u00f3 o que muda \u00e9 o gerenciamento. Elas continuam tendo autonomia&#8221;, afirma o diretor de desenvolvimento da rede de universidades federais do MEC, Mauro Rabelo.<\/p>\n<p>De acordo com ele, a estrat\u00e9gia \u00e9 que as universidades consigam, com a metade de recursos pr\u00f3prios, tocar as obras de menor porte, investir em equipamentos, compra de livros e mobili\u00e1rio, enquanto o MEC vai gerir o restante, escolhendo o que deve ser prioridade em todo o sistema. At\u00e9 agora, os reitores tinham total autonomia para escolher como usar o recurso. A distribui\u00e7\u00e3o dever\u00e1 ser feita, de acordo com o MEC, segundo uma matriz de riscos da pasta.\u00a0A descentraliza\u00e7\u00e3o deixou os reitores com d\u00favidas sobre quanto, de fato, ter\u00e3o para investir no pr\u00f3ximo ano.<\/p>\n<p>Para eles, existem riscos de as obras que est\u00e3o em andamento ficarem paralisadas.\u00a0&#8220;Temos obras importantes em Osasco e em Diadema (na Grande S\u00e3o Paulo) que podem ficar paralisadas&#8221;, diz Soraya Smaili, reitora da Unifesp. Neste ano, a Unifesp tinha R$ 34 milh\u00f5es previstos para investimento, mas nem tudo foi liberado pelo MEC. &#8220;Nesse novo formato, s\u00f3 temos garantidos R$ 3,5 milh\u00f5es para o ano que vem.&#8221; Por causa das restri\u00e7\u00f5es or\u00e7ament\u00e1rias dos \u00faltimos anos, as federais j\u00e1 t\u00eam reduzido o ritmo das obras e cortado contratos de servi\u00e7os.<\/p>\n<p>Para ela, j\u00e1 existem mecanismos suficientes para analisar se as obras t\u00eam algum problema. &#8220;Nossos relat\u00f3rios t\u00eam sido aprovados pela CGU e pelo TCU (Tribunal de Contas da Uni\u00e3o) ano a ano. N\u00e3o existe essa m\u00e1 gest\u00e3o. As novas obras s\u00e3o fundamentais para consolidarmos a expans\u00e3o e n\u00e3o sabemos como ser\u00e1 o ano que vem. Gostar\u00edamos de ter mais clareza do que vai acontecer&#8221;.\u00a0O modelo das universidades federais \u00e9 menos aut\u00f4nomo do que o que acontece desde 1988, por exemplo, nas estaduais paulistas (USP, Unesp e Unicamp). As tr\u00eas podem gerir como quiserem todo a verba recebida pelo governo do Estado, sem delimita\u00e7\u00f5es do que \u00e9 investimento e custeio, por exemplo.<\/p>\n<p>As tr\u00eas institui\u00e7\u00f5es recebem uma cota fixa de 9,57% da arrecada\u00e7\u00e3o estadual do Imposto sobre Circula\u00e7\u00e3o de Mercadorias e Servi\u00e7os (ICMS). &#8220;O que me parece \u00e9 que essa mudan\u00e7a tira a responsabilidade das universidades quando algo der errado&#8221;, avalia o especialista em ensino superior da Unicamp Renato Pedrosa.\u00a0&#8220;Quando a coisa aperta, elas podem pedir uma complementa\u00e7\u00e3o para o minist\u00e9rio. Isso n\u00e3o acontece em S\u00e3o Paulo, por exemplo. Nas universidades estaduais, n\u00e3o existe espa\u00e7o para pedir complementa\u00e7\u00e3o, mesmo nos sal\u00e1rios&#8221;, acrescenta.<\/p>\n<p>Para o professor de Economia do Insper S\u00e9rgio Firpo, o ideal \u00e9 que as universidades tivessem graus diferentes de autonomia, de acordo com o est\u00e1gio em que se encontram. &#8220;H\u00e1 universidades que, nos indicadores acad\u00eamicos, n\u00e3o est\u00e3o t\u00e3o bem justamente porque n\u00e3o houve tempo de os investimentos maturarem e, portanto, precisam de mais investimentos. O ideal \u00e9 conceder uma autonomia com responsabiliza\u00e7\u00e3o, com algum sistema de accountability (presta\u00e7\u00e3o de contas). Pode-se dar autonomias diferentes dependendo do est\u00e1gio de desenvolvimento das universidades.<\/p>\n<p>Nas mais novas, um grau de interven\u00e7\u00e3o maior, enquanto n\u00e3o se chegou ao est\u00e1gio em que h\u00e1, de fato, reconhecimento pelo m\u00e9rito acad\u00eamico e cient\u00edfico, por exemplo&#8221;, diz o professor.\u00a0Por outro lado, diz Firpo, a centraliza\u00e7\u00e3o pode diminuir eventuais desigualdades que existam no Pa\u00eds. &#8220;Pode ser louv\u00e1vel, desde que isso esteja associado ao m\u00e9rito, ou seja, para as universidades que, em geral, estejam agregando a seus estudantes, atrelando o investimento a um conjunto de indicadores&#8221;.<\/p>\n<p>O Minist\u00e9rio da Educa\u00e7\u00e3o (MEC) disse, em nota, que as universidades federais continuam com autonomia e o or\u00e7amento de investimento continuar\u00e1 sendo atribu\u00eddo a elas. &#8220;A lei or\u00e7ament\u00e1ria \u00e9 elaborada pelo Sistema Federal de Planejamento e Or\u00e7amento, que tem o MEC como \u00f3rg\u00e3o superior e as universidades como unidades or\u00e7ament\u00e1rias descentralizadas. Essa sistem\u00e1tica est\u00e1 prevista na Constitui\u00e7\u00e3o e demais leis e em nada afeta a autonomia or\u00e7ament\u00e1ria das universidades, que continuam com a autoridade de decidir a aplica\u00e7\u00e3o dos recursos que lhes s\u00e3o conferidos&#8221;, afirmou, em nota.<\/p>\n<p>A promessa \u00e9 de mais efici\u00eancia no uso dos recursos, &#8220;uma vez que a libera\u00e7\u00e3o ocorrer\u00e1 de acordo com os indicadores da matriz de riscos elaborada pelo minist\u00e9rio, que j\u00e1 vem sendo discutida com os reitores&#8221;, informou a pasta. Haver\u00e1 prioridade, por exemplo, a obras de salas de aula e laborat\u00f3rios e servi\u00e7os com melhores indicadores de desempenho f\u00edsico e financeiro.<\/p>\n<p>Diretor de desenvolvimento da rede de federais do MEC, Mauro Rabelo garantiu que n\u00e3o haver\u00e1 preju\u00edzo \u00e0s institui\u00e7\u00f5es. &#8220;O minist\u00e9rio vai acolher as demandas das universidades no in\u00edcio do ano. A matriz foi discutida com a Andifes (associa\u00e7\u00e3o que re\u00fane os reitores) e os crit\u00e9rios tamb\u00e9m ser\u00e3o discutidos&#8221;.\u00a0Segundo Rabelo, o uso da verba deste modo \u00e9 mais racional, pois o MEC consegue acompanhar a situa\u00e7\u00e3o das obras.<\/p>\n<p>Argumentou ainda que n\u00e3o faz sentido distribuir o mesmo recurso de investimento todos os anos da mesma forma. &#8220;Uma universidade que recebeu R$ 50 milh\u00f5es em um ano n\u00e3o precisa necessariamente deste mesmo valor no ano seguinte, porque pode ter conclu\u00eddo as obras&#8221;.\u00a0E reiterou n\u00e3o haver perda de autonomia. &#8220;Metade do recurso ter\u00e1 autonomia completa. A outra metade ter\u00e1 de passar pelo MEC e, ent\u00e3o, vamos olhar a situa\u00e7\u00e3o das 63 universidades, concorrendo entre si, para que o recurso seja alocado para cada uma delas segundo o estado em que se encontram&#8221;.<\/p>\n<\/div>\n<\/div>\n","protected":false},"excerpt":{"rendered":"<p>&#8216;UNIVERSIDADES MAIS NOVAS COMO A UNIVASF PERDEM MAIS AINDA&#8217; por Luiz Fernando Toledo | Estad\u00e3o Conte\u00fado O Minist\u00e9rio da Educa\u00e7\u00e3o (MEC) diminuiu a autonomia das 63 universidades federais do Pa\u00eds em rela\u00e7\u00e3o \u00e0 execu\u00e7\u00e3o de recursos para investimentos &#8211; como gastos com obras e compras de m\u00e1quinas. O or\u00e7amento aprovado pelo Congresso para 2018 define, pela primeira vez, que s\u00f3 metade da verba de investimento ficar\u00e1 dispon\u00edvel diretamente para as institui\u00e7\u00f5es. E o restante ficar\u00e1 a cargo do MEC, que decidir\u00e1 caso a caso onde usar o dinheiro. O or\u00e7amento para o pr\u00f3ximo ano prev\u00ea cerca de R$ 800 milh\u00f5es para investimentos nas institui\u00e7\u00f5es. Reitores e especialistas ouvidos pela reportagem apontam para o risco de uso pol\u00edtico dos recursos e&hellip; <\/p>\n","protected":false},"author":1,"featured_media":152048,"comment_status":"open","ping_status":"closed","sticky":false,"template":"","format":"standard","meta":{"_acf_changed":false,"footnotes":""},"categories":[44,6],"tags":[],"class_list":["post-184544","post","type-post","status-publish","format-standard","has-post-thumbnail","hentry","category-administracao","category-educacao"],"acf":[],"yoast_head":"<!-- This site is optimized with the Yoast SEO plugin v27.4 - https:\/\/yoast.com\/product\/yoast-seo-wordpress\/ -->\n<title>GOVERNO FEDERAL DIMINUI AUTONOMIA DAS UNIVERSIDADES PARA GASTOS COM OBRAS - Blog do Farn\u00e9sio<\/title>\n<meta name=\"robots\" content=\"index, follow, max-snippet:-1, max-image-preview:large, max-video-preview:-1\" \/>\n<link rel=\"canonical\" href=\"https:\/\/blogdofarnesio.com.br\/?p=184544\" \/>\n<meta property=\"og:locale\" content=\"pt_BR\" \/>\n<meta property=\"og:type\" content=\"article\" \/>\n<meta property=\"og:title\" content=\"GOVERNO FEDERAL DIMINUI AUTONOMIA DAS UNIVERSIDADES PARA GASTOS COM OBRAS - Blog do Farn\u00e9sio\" \/>\n<meta property=\"og:description\" content=\"&#8216;UNIVERSIDADES MAIS NOVAS COMO A UNIVASF PERDEM MAIS AINDA&#8217; por Luiz Fernando Toledo | Estad\u00e3o Conte\u00fado O Minist\u00e9rio da Educa\u00e7\u00e3o (MEC) diminuiu a autonomia das 63 universidades federais do Pa\u00eds em rela\u00e7\u00e3o \u00e0 execu\u00e7\u00e3o de recursos para investimentos &#8211; como gastos com obras e compras de m\u00e1quinas. O or\u00e7amento aprovado pelo Congresso para 2018 define, pela primeira vez, que s\u00f3 metade da verba de investimento ficar\u00e1 dispon\u00edvel diretamente para as institui\u00e7\u00f5es. E o restante ficar\u00e1 a cargo do MEC, que decidir\u00e1 caso a caso onde usar o dinheiro. O or\u00e7amento para o pr\u00f3ximo ano prev\u00ea cerca de R$ 800 milh\u00f5es para investimentos nas institui\u00e7\u00f5es. Reitores e especialistas ouvidos pela reportagem apontam para o risco de uso pol\u00edtico dos recursos e&hellip;\" \/>\n<meta property=\"og:url\" content=\"https:\/\/blogdofarnesio.com.br\/?p=184544\" \/>\n<meta property=\"og:site_name\" content=\"Blog do Farn\u00e9sio\" \/>\n<meta property=\"article:publisher\" content=\"https:\/\/www.facebook.com\/BlogQuerSaberPolitica\/\" \/>\n<meta property=\"article:published_time\" content=\"2017-12-19T19:42:17+00:00\" \/>\n<meta property=\"og:image\" content=\"https:\/\/blogdofarnesio.com.br\/wp-content\/uploads\/2016\/12\/blogqspUnivasf-Juazeiro.jpg\" \/>\n\t<meta property=\"og:image:width\" content=\"400\" \/>\n\t<meta property=\"og:image:height\" content=\"300\" \/>\n\t<meta property=\"og:image:type\" content=\"image\/jpeg\" \/>\n<meta name=\"author\" content=\"Farn\u00e9sio\" \/>\n<meta name=\"twitter:card\" content=\"summary_large_image\" \/>\n<meta name=\"twitter:label1\" content=\"Escrito por\" \/>\n\t<meta name=\"twitter:data1\" content=\"Farn\u00e9sio\" \/>\n\t<meta name=\"twitter:label2\" content=\"Est. tempo de leitura\" \/>\n\t<meta name=\"twitter:data2\" content=\"6 minutos\" \/>\n<script type=\"application\/ld+json\" class=\"yoast-schema-graph\">{\"@context\":\"https:\\\/\\\/schema.org\",\"@graph\":[{\"@type\":\"Article\",\"@id\":\"https:\\\/\\\/blogdofarnesio.com.br\\\/?p=184544#article\",\"isPartOf\":{\"@id\":\"https:\\\/\\\/blogdofarnesio.com.br\\\/?p=184544\"},\"author\":{\"name\":\"Farn\u00e9sio\",\"@id\":\"https:\\\/\\\/blogdofarnesio.com.br\\\/#\\\/schema\\\/person\\\/301c4acf522bccbfdb45af95b5b906a1\"},\"headline\":\"GOVERNO FEDERAL DIMINUI AUTONOMIA DAS UNIVERSIDADES PARA GASTOS COM OBRAS\",\"datePublished\":\"2017-12-19T19:42:17+00:00\",\"mainEntityOfPage\":{\"@id\":\"https:\\\/\\\/blogdofarnesio.com.br\\\/?p=184544\"},\"wordCount\":1275,\"commentCount\":0,\"publisher\":{\"@id\":\"https:\\\/\\\/blogdofarnesio.com.br\\\/#organization\"},\"image\":{\"@id\":\"https:\\\/\\\/blogdofarnesio.com.br\\\/?p=184544#primaryimage\"},\"thumbnailUrl\":\"https:\\\/\\\/blogdofarnesio.com.br\\\/wp-content\\\/uploads\\\/2016\\\/12\\\/blogqspUnivasf-Juazeiro.jpg\",\"articleSection\":[\"Administra\u00e7\u00e3o\",\"Educa\u00e7\u00e3o\"],\"inLanguage\":\"pt-BR\",\"potentialAction\":[{\"@type\":\"CommentAction\",\"name\":\"Comment\",\"target\":[\"https:\\\/\\\/blogdofarnesio.com.br\\\/?p=184544#respond\"]}]},{\"@type\":\"WebPage\",\"@id\":\"https:\\\/\\\/blogdofarnesio.com.br\\\/?p=184544\",\"url\":\"https:\\\/\\\/blogdofarnesio.com.br\\\/?p=184544\",\"name\":\"GOVERNO FEDERAL DIMINUI AUTONOMIA DAS UNIVERSIDADES PARA GASTOS COM OBRAS - Blog do Farn\u00e9sio\",\"isPartOf\":{\"@id\":\"https:\\\/\\\/blogdofarnesio.com.br\\\/#website\"},\"primaryImageOfPage\":{\"@id\":\"https:\\\/\\\/blogdofarnesio.com.br\\\/?p=184544#primaryimage\"},\"image\":{\"@id\":\"https:\\\/\\\/blogdofarnesio.com.br\\\/?p=184544#primaryimage\"},\"thumbnailUrl\":\"https:\\\/\\\/blogdofarnesio.com.br\\\/wp-content\\\/uploads\\\/2016\\\/12\\\/blogqspUnivasf-Juazeiro.jpg\",\"datePublished\":\"2017-12-19T19:42:17+00:00\",\"breadcrumb\":{\"@id\":\"https:\\\/\\\/blogdofarnesio.com.br\\\/?p=184544#breadcrumb\"},\"inLanguage\":\"pt-BR\",\"potentialAction\":[{\"@type\":\"ReadAction\",\"target\":[\"https:\\\/\\\/blogdofarnesio.com.br\\\/?p=184544\"]}]},{\"@type\":\"ImageObject\",\"inLanguage\":\"pt-BR\",\"@id\":\"https:\\\/\\\/blogdofarnesio.com.br\\\/?p=184544#primaryimage\",\"url\":\"https:\\\/\\\/blogdofarnesio.com.br\\\/wp-content\\\/uploads\\\/2016\\\/12\\\/blogqspUnivasf-Juazeiro.jpg\",\"contentUrl\":\"https:\\\/\\\/blogdofarnesio.com.br\\\/wp-content\\\/uploads\\\/2016\\\/12\\\/blogqspUnivasf-Juazeiro.jpg\",\"width\":400,\"height\":300,\"caption\":\"Univasf Campus\\\/Juazeiro Ba\"},{\"@type\":\"BreadcrumbList\",\"@id\":\"https:\\\/\\\/blogdofarnesio.com.br\\\/?p=184544#breadcrumb\",\"itemListElement\":[{\"@type\":\"ListItem\",\"position\":1,\"name\":\"In\u00edcio\",\"item\":\"https:\\\/\\\/blogdofarnesio.com.br\\\/\"},{\"@type\":\"ListItem\",\"position\":2,\"name\":\"GOVERNO FEDERAL DIMINUI AUTONOMIA DAS UNIVERSIDADES PARA GASTOS COM OBRAS\"}]},{\"@type\":\"WebSite\",\"@id\":\"https:\\\/\\\/blogdofarnesio.com.br\\\/#website\",\"url\":\"https:\\\/\\\/blogdofarnesio.com.br\\\/\",\"name\":\"Blog do Farn\u00e9sio\",\"description\":\"Quer Saber Pol\u00edtica?\",\"publisher\":{\"@id\":\"https:\\\/\\\/blogdofarnesio.com.br\\\/#organization\"},\"potentialAction\":[{\"@type\":\"SearchAction\",\"target\":{\"@type\":\"EntryPoint\",\"urlTemplate\":\"https:\\\/\\\/blogdofarnesio.com.br\\\/?s={search_term_string}\"},\"query-input\":{\"@type\":\"PropertyValueSpecification\",\"valueRequired\":true,\"valueName\":\"search_term_string\"}}],\"inLanguage\":\"pt-BR\"},{\"@type\":\"Organization\",\"@id\":\"https:\\\/\\\/blogdofarnesio.com.br\\\/#organization\",\"name\":\"Blog do Farn\u00e9sio\",\"url\":\"https:\\\/\\\/blogdofarnesio.com.br\\\/\",\"logo\":{\"@type\":\"ImageObject\",\"inLanguage\":\"pt-BR\",\"@id\":\"https:\\\/\\\/blogdofarnesio.com.br\\\/#\\\/schema\\\/logo\\\/image\\\/\",\"url\":\"https:\\\/\\\/blogdofarnesio.com.br\\\/wp-content\\\/uploads\\\/2026\\\/03\\\/cropped-logo_new-1.png\",\"contentUrl\":\"https:\\\/\\\/blogdofarnesio.com.br\\\/wp-content\\\/uploads\\\/2026\\\/03\\\/cropped-logo_new-1.png\",\"width\":881,\"height\":685,\"caption\":\"Blog do Farn\u00e9sio\"},\"image\":{\"@id\":\"https:\\\/\\\/blogdofarnesio.com.br\\\/#\\\/schema\\\/logo\\\/image\\\/\"},\"sameAs\":[\"https:\\\/\\\/www.facebook.com\\\/BlogQuerSaberPolitica\\\/\"]},{\"@type\":\"Person\",\"@id\":\"https:\\\/\\\/blogdofarnesio.com.br\\\/#\\\/schema\\\/person\\\/301c4acf522bccbfdb45af95b5b906a1\",\"name\":\"Farn\u00e9sio\",\"image\":{\"@type\":\"ImageObject\",\"inLanguage\":\"pt-BR\",\"@id\":\"https:\\\/\\\/secure.gravatar.com\\\/avatar\\\/df0c9a14567c056f8ad6876ba5bbd1e3e2c48023eb6807342fc4663adf549f38?s=96&d=mm&r=g\",\"url\":\"https:\\\/\\\/secure.gravatar.com\\\/avatar\\\/df0c9a14567c056f8ad6876ba5bbd1e3e2c48023eb6807342fc4663adf549f38?s=96&d=mm&r=g\",\"contentUrl\":\"https:\\\/\\\/secure.gravatar.com\\\/avatar\\\/df0c9a14567c056f8ad6876ba5bbd1e3e2c48023eb6807342fc4663adf549f38?s=96&d=mm&r=g\",\"caption\":\"Farn\u00e9sio\"},\"sameAs\":[\"https:\\\/\\\/quersaberpolitica.com.br\"],\"url\":\"https:\\\/\\\/blogdofarnesio.com.br\\\/?author=1\"}]}<\/script>\n<!-- \/ Yoast SEO plugin. -->","yoast_head_json":{"title":"GOVERNO FEDERAL DIMINUI AUTONOMIA DAS UNIVERSIDADES PARA GASTOS COM OBRAS - Blog do Farn\u00e9sio","robots":{"index":"index","follow":"follow","max-snippet":"max-snippet:-1","max-image-preview":"max-image-preview:large","max-video-preview":"max-video-preview:-1"},"canonical":"https:\/\/blogdofarnesio.com.br\/?p=184544","og_locale":"pt_BR","og_type":"article","og_title":"GOVERNO FEDERAL DIMINUI AUTONOMIA DAS UNIVERSIDADES PARA GASTOS COM OBRAS - Blog do Farn\u00e9sio","og_description":"&#8216;UNIVERSIDADES MAIS NOVAS COMO A UNIVASF PERDEM MAIS AINDA&#8217; por Luiz Fernando Toledo | Estad\u00e3o Conte\u00fado O Minist\u00e9rio da Educa\u00e7\u00e3o (MEC) diminuiu a autonomia das 63 universidades federais do Pa\u00eds em rela\u00e7\u00e3o \u00e0 execu\u00e7\u00e3o de recursos para investimentos &#8211; como gastos com obras e compras de m\u00e1quinas. O or\u00e7amento aprovado pelo Congresso para 2018 define, pela primeira vez, que s\u00f3 metade da verba de investimento ficar\u00e1 dispon\u00edvel diretamente para as institui\u00e7\u00f5es. E o restante ficar\u00e1 a cargo do MEC, que decidir\u00e1 caso a caso onde usar o dinheiro. O or\u00e7amento para o pr\u00f3ximo ano prev\u00ea cerca de R$ 800 milh\u00f5es para investimentos nas institui\u00e7\u00f5es. Reitores e especialistas ouvidos pela reportagem apontam para o risco de uso pol\u00edtico dos recursos e&hellip;","og_url":"https:\/\/blogdofarnesio.com.br\/?p=184544","og_site_name":"Blog do Farn\u00e9sio","article_publisher":"https:\/\/www.facebook.com\/BlogQuerSaberPolitica\/","article_published_time":"2017-12-19T19:42:17+00:00","og_image":[{"width":400,"height":300,"url":"https:\/\/blogdofarnesio.com.br\/wp-content\/uploads\/2016\/12\/blogqspUnivasf-Juazeiro.jpg","type":"image\/jpeg"}],"author":"Farn\u00e9sio","twitter_card":"summary_large_image","twitter_misc":{"Escrito por":"Farn\u00e9sio","Est. tempo de leitura":"6 minutos"},"schema":{"@context":"https:\/\/schema.org","@graph":[{"@type":"Article","@id":"https:\/\/blogdofarnesio.com.br\/?p=184544#article","isPartOf":{"@id":"https:\/\/blogdofarnesio.com.br\/?p=184544"},"author":{"name":"Farn\u00e9sio","@id":"https:\/\/blogdofarnesio.com.br\/#\/schema\/person\/301c4acf522bccbfdb45af95b5b906a1"},"headline":"GOVERNO FEDERAL DIMINUI AUTONOMIA DAS UNIVERSIDADES PARA GASTOS COM OBRAS","datePublished":"2017-12-19T19:42:17+00:00","mainEntityOfPage":{"@id":"https:\/\/blogdofarnesio.com.br\/?p=184544"},"wordCount":1275,"commentCount":0,"publisher":{"@id":"https:\/\/blogdofarnesio.com.br\/#organization"},"image":{"@id":"https:\/\/blogdofarnesio.com.br\/?p=184544#primaryimage"},"thumbnailUrl":"https:\/\/blogdofarnesio.com.br\/wp-content\/uploads\/2016\/12\/blogqspUnivasf-Juazeiro.jpg","articleSection":["Administra\u00e7\u00e3o","Educa\u00e7\u00e3o"],"inLanguage":"pt-BR","potentialAction":[{"@type":"CommentAction","name":"Comment","target":["https:\/\/blogdofarnesio.com.br\/?p=184544#respond"]}]},{"@type":"WebPage","@id":"https:\/\/blogdofarnesio.com.br\/?p=184544","url":"https:\/\/blogdofarnesio.com.br\/?p=184544","name":"GOVERNO FEDERAL DIMINUI AUTONOMIA DAS UNIVERSIDADES PARA GASTOS COM OBRAS - Blog do Farn\u00e9sio","isPartOf":{"@id":"https:\/\/blogdofarnesio.com.br\/#website"},"primaryImageOfPage":{"@id":"https:\/\/blogdofarnesio.com.br\/?p=184544#primaryimage"},"image":{"@id":"https:\/\/blogdofarnesio.com.br\/?p=184544#primaryimage"},"thumbnailUrl":"https:\/\/blogdofarnesio.com.br\/wp-content\/uploads\/2016\/12\/blogqspUnivasf-Juazeiro.jpg","datePublished":"2017-12-19T19:42:17+00:00","breadcrumb":{"@id":"https:\/\/blogdofarnesio.com.br\/?p=184544#breadcrumb"},"inLanguage":"pt-BR","potentialAction":[{"@type":"ReadAction","target":["https:\/\/blogdofarnesio.com.br\/?p=184544"]}]},{"@type":"ImageObject","inLanguage":"pt-BR","@id":"https:\/\/blogdofarnesio.com.br\/?p=184544#primaryimage","url":"https:\/\/blogdofarnesio.com.br\/wp-content\/uploads\/2016\/12\/blogqspUnivasf-Juazeiro.jpg","contentUrl":"https:\/\/blogdofarnesio.com.br\/wp-content\/uploads\/2016\/12\/blogqspUnivasf-Juazeiro.jpg","width":400,"height":300,"caption":"Univasf Campus\/Juazeiro Ba"},{"@type":"BreadcrumbList","@id":"https:\/\/blogdofarnesio.com.br\/?p=184544#breadcrumb","itemListElement":[{"@type":"ListItem","position":1,"name":"In\u00edcio","item":"https:\/\/blogdofarnesio.com.br\/"},{"@type":"ListItem","position":2,"name":"GOVERNO FEDERAL DIMINUI AUTONOMIA DAS UNIVERSIDADES PARA GASTOS COM OBRAS"}]},{"@type":"WebSite","@id":"https:\/\/blogdofarnesio.com.br\/#website","url":"https:\/\/blogdofarnesio.com.br\/","name":"Blog do Farn\u00e9sio","description":"Quer Saber Pol\u00edtica?","publisher":{"@id":"https:\/\/blogdofarnesio.com.br\/#organization"},"potentialAction":[{"@type":"SearchAction","target":{"@type":"EntryPoint","urlTemplate":"https:\/\/blogdofarnesio.com.br\/?s={search_term_string}"},"query-input":{"@type":"PropertyValueSpecification","valueRequired":true,"valueName":"search_term_string"}}],"inLanguage":"pt-BR"},{"@type":"Organization","@id":"https:\/\/blogdofarnesio.com.br\/#organization","name":"Blog do Farn\u00e9sio","url":"https:\/\/blogdofarnesio.com.br\/","logo":{"@type":"ImageObject","inLanguage":"pt-BR","@id":"https:\/\/blogdofarnesio.com.br\/#\/schema\/logo\/image\/","url":"https:\/\/blogdofarnesio.com.br\/wp-content\/uploads\/2026\/03\/cropped-logo_new-1.png","contentUrl":"https:\/\/blogdofarnesio.com.br\/wp-content\/uploads\/2026\/03\/cropped-logo_new-1.png","width":881,"height":685,"caption":"Blog do Farn\u00e9sio"},"image":{"@id":"https:\/\/blogdofarnesio.com.br\/#\/schema\/logo\/image\/"},"sameAs":["https:\/\/www.facebook.com\/BlogQuerSaberPolitica\/"]},{"@type":"Person","@id":"https:\/\/blogdofarnesio.com.br\/#\/schema\/person\/301c4acf522bccbfdb45af95b5b906a1","name":"Farn\u00e9sio","image":{"@type":"ImageObject","inLanguage":"pt-BR","@id":"https:\/\/secure.gravatar.com\/avatar\/df0c9a14567c056f8ad6876ba5bbd1e3e2c48023eb6807342fc4663adf549f38?s=96&d=mm&r=g","url":"https:\/\/secure.gravatar.com\/avatar\/df0c9a14567c056f8ad6876ba5bbd1e3e2c48023eb6807342fc4663adf549f38?s=96&d=mm&r=g","contentUrl":"https:\/\/secure.gravatar.com\/avatar\/df0c9a14567c056f8ad6876ba5bbd1e3e2c48023eb6807342fc4663adf549f38?s=96&d=mm&r=g","caption":"Farn\u00e9sio"},"sameAs":["https:\/\/quersaberpolitica.com.br"],"url":"https:\/\/blogdofarnesio.com.br\/?author=1"}]}},"_links":{"self":[{"href":"https:\/\/blogdofarnesio.com.br\/index.php?rest_route=\/wp\/v2\/posts\/184544","targetHints":{"allow":["GET"]}}],"collection":[{"href":"https:\/\/blogdofarnesio.com.br\/index.php?rest_route=\/wp\/v2\/posts"}],"about":[{"href":"https:\/\/blogdofarnesio.com.br\/index.php?rest_route=\/wp\/v2\/types\/post"}],"author":[{"embeddable":true,"href":"https:\/\/blogdofarnesio.com.br\/index.php?rest_route=\/wp\/v2\/users\/1"}],"replies":[{"embeddable":true,"href":"https:\/\/blogdofarnesio.com.br\/index.php?rest_route=%2Fwp%2Fv2%2Fcomments&post=184544"}],"version-history":[{"count":0,"href":"https:\/\/blogdofarnesio.com.br\/index.php?rest_route=\/wp\/v2\/posts\/184544\/revisions"}],"wp:featuredmedia":[{"embeddable":true,"href":"https:\/\/blogdofarnesio.com.br\/index.php?rest_route=\/wp\/v2\/media\/152048"}],"wp:attachment":[{"href":"https:\/\/blogdofarnesio.com.br\/index.php?rest_route=%2Fwp%2Fv2%2Fmedia&parent=184544"}],"wp:term":[{"taxonomy":"category","embeddable":true,"href":"https:\/\/blogdofarnesio.com.br\/index.php?rest_route=%2Fwp%2Fv2%2Fcategories&post=184544"},{"taxonomy":"post_tag","embeddable":true,"href":"https:\/\/blogdofarnesio.com.br\/index.php?rest_route=%2Fwp%2Fv2%2Ftags&post=184544"}],"curies":[{"name":"wp","href":"https:\/\/api.w.org\/{rel}","templated":true}]}}