{"id":183661,"date":"2017-12-08T16:40:21","date_gmt":"2017-12-08T19:40:21","guid":{"rendered":"http:\/\/quersaberpolitica.com.br\/2016\/?p=183661"},"modified":"2017-12-08T16:05:30","modified_gmt":"2017-12-08T19:05:30","slug":"publico-de-juazeiro-se-emociona-com-o-espetaculo-de-teatro-e-danca-inclusiva-na-1a-cantata-natalina","status":"publish","type":"post","link":"https:\/\/blogdofarnesio.com.br\/?p=183661","title":{"rendered":"P\u00daBLICO DE JUAZEIRO SE EMOCIONA COM O ESPET\u00c1CULO DE M\u00daSICA, TEATRO E DAN\u00c7A INCLUSIVA NA 1\u00aa CANTATA NATALINA"},"content":{"rendered":"<p>Mais de 400 crian\u00e7as da Rede Municipal de Ensino participaram da terceira Cantata Natalina \u2013 \u00c9 Natal: Tempo de Esperan\u00e7a e levaram muita emo\u00e7\u00e3o para um p\u00fablico de mais de mil pessoas, nesta quinta-feira (07), no Vaporzinho, na Orla 2 de Juazeiro.<\/p>\n<p>O prefeito Paulo Bomfim, acompanhado da fam\u00edlia e do deputado estadual, Cris\u00f3stomo Lima, prestigiou o evento e se emocionou em v\u00e1rios momentos, a exemplo da surpresa da participa\u00e7\u00e3o da primeira dama, Nelma Bomfim, no espet\u00e1culo. \u201cParabenizo a toda organiza\u00e7\u00e3o por este lindo presente \u00e0 popula\u00e7\u00e3o de Juazeiro que mais uma vez levou a verdadeira mensagem do Natal para as pessoas. Este \u00e9 o modo de mostrar como temos trabalhado por uma Educa\u00e7\u00e3o de qualidade para as nossas crian\u00e7as. Os alunos da Rede Municipal de Ensino, com a colabora\u00e7\u00e3o de estudantes do Col\u00e9gio Geo, deixaram o cora\u00e7\u00e3o de cada juazeirense um sentimento especial, uma mensagem de amor e esperan\u00e7a\u201d, declarou.<\/p>\n<p><a href=\"http:\/\/quersaberpolitica.com.br\/2016\/wp-content\/uploads\/2017\/12\/blogqsp1\u00aa-noite-Cantata-jua-2018-Ascom2.jpg\"><img loading=\"lazy\" decoding=\"async\" class=\"aligncenter size-full wp-image-183668\" src=\"http:\/\/quersaberpolitica.com.br\/2016\/wp-content\/uploads\/2017\/12\/blogqsp1\u00aa-noite-Cantata-jua-2018-Ascom2.jpg\" alt=\"\" width=\"640\" height=\"378\" srcset=\"https:\/\/blogdofarnesio.com.br\/wp-content\/uploads\/2017\/12\/blogqsp1\u00aa-noite-Cantata-jua-2018-Ascom2.jpg 640w, https:\/\/blogdofarnesio.com.br\/wp-content\/uploads\/2017\/12\/blogqsp1\u00aa-noite-Cantata-jua-2018-Ascom2-300x177.jpg 300w, https:\/\/blogdofarnesio.com.br\/wp-content\/uploads\/2017\/12\/blogqsp1\u00aa-noite-Cantata-jua-2018-Ascom2-360x213.jpg 360w\" sizes=\"auto, (max-width: 640px) 100vw, 640px\" \/><\/a>O prefeito tamb\u00e9m mostrou-se emocionado ao comentar a participa\u00e7\u00e3o surpresa da sua esposa no espet\u00e1culo. \u201cEla tem reunido pessoas e realizado um trabalho volunt\u00e1rio interessante, que agrega. Mesmo disposta a ajudar pessoas, tem uma certa timidez. Quero parabeniz\u00e1-la pela coragem. Ela\u00a0 cantou lindo e nos emocionou com essa surpresa maravilhosa\u201d, finaliza o prefeito<\/p>\n<p>O p\u00fablico aplaudiu a apresenta\u00e7\u00e3o em v\u00e1rios momentos, em especial na dan\u00e7a inclusiva, que contou com a participa\u00e7\u00e3o de alunos com defici\u00eancia do Col\u00e9gio Paulo VI. \u201cEstou muito emocionada com essa apresenta\u00e7\u00e3o linda, onde os alunos cadeirantes, deficientes visuais, entre outras defici\u00eancias tiveram oportunidade atrav\u00e9s da dan\u00e7a de levar essa mensagem de uni\u00e3o, igualdade, de inclus\u00e3o para todos n\u00f3s. Foi um espet\u00e1culo maravilhoso do in\u00edcio ao fim, e com esse cen\u00e1rio maravilhoso que \u00e9 o Vaporzinho. Parab\u00e9ns \u00e0 Prefeitura e todos os evolvidos\u201d, disse professora aposentada, Rosa Maria.<\/p>\n<p><a href=\"http:\/\/quersaberpolitica.com.br\/2016\/wp-content\/uploads\/2017\/12\/blogqsp1\u00aa-noite-Cantata-jua-2018-Ascom3.jpg\"><img loading=\"lazy\" decoding=\"async\" class=\"aligncenter size-full wp-image-183669\" src=\"http:\/\/quersaberpolitica.com.br\/2016\/wp-content\/uploads\/2017\/12\/blogqsp1\u00aa-noite-Cantata-jua-2018-Ascom3.jpg\" alt=\"\" width=\"640\" height=\"370\" srcset=\"https:\/\/blogdofarnesio.com.br\/wp-content\/uploads\/2017\/12\/blogqsp1\u00aa-noite-Cantata-jua-2018-Ascom3.jpg 640w, https:\/\/blogdofarnesio.com.br\/wp-content\/uploads\/2017\/12\/blogqsp1\u00aa-noite-Cantata-jua-2018-Ascom3-300x173.jpg 300w, https:\/\/blogdofarnesio.com.br\/wp-content\/uploads\/2017\/12\/blogqsp1\u00aa-noite-Cantata-jua-2018-Ascom3-360x208.jpg 360w\" sizes=\"auto, (max-width: 640px) 100vw, 640px\" \/><\/a>\u201cFoi muito emocionante participar pela primeira vez da Cantata com meus colegas. O prefeito Paulo Bomfim est\u00e1 de parab\u00e9ns por melhorar cada dia mais a Educa\u00e7\u00e3o Inclusiva das escolas municipais\u201d, afirmou o aluno com defici\u00eancia visual, Robert da Silva, do Col\u00e9gio Paulo VI.<\/p>\n<p>\u201cA maioria dos alunos que participam da Cantata fazem parte do Programa Novo Mais Educa\u00e7\u00e3o, por isso quero agradecer aos articuladores, monitores e professores que preparam este lindo espet\u00e1culo natalino, com muita m\u00fasica, dan\u00e7a e teatro, que teve a dire\u00e7\u00e3o do gerente da Seduc e coordenador do programa, D\u00eannio Macedo, e da superintendente de gest\u00e3o, Renata Ara\u00fajo.\u00a0 Gostar\u00edamos de convidar toda a popula\u00e7\u00e3o de Juazeiro para assistir a segunda apresenta\u00e7\u00e3o da Cantata, que ser\u00e1 na pr\u00f3xima segunda-feira, 11 de dezembro, \u00e0s 18h, no Pa\u00e7o Municipal. Vamos ter novidades\u201d, garantiu a secret\u00e1ria da SEDUC, Lucinete Alves.<\/p>\n<p><a href=\"http:\/\/quersaberpolitica.com.br\/2016\/wp-content\/uploads\/2017\/12\/blogqsp1\u00aa-noite-Cantata-jua-2018-Ascom1.jpg\"><img loading=\"lazy\" decoding=\"async\" class=\"aligncenter size-full wp-image-183667\" src=\"http:\/\/quersaberpolitica.com.br\/2016\/wp-content\/uploads\/2017\/12\/blogqsp1\u00aa-noite-Cantata-jua-2018-Ascom1.jpg\" alt=\"\" width=\"640\" height=\"427\" srcset=\"https:\/\/blogdofarnesio.com.br\/wp-content\/uploads\/2017\/12\/blogqsp1\u00aa-noite-Cantata-jua-2018-Ascom1.jpg 640w, https:\/\/blogdofarnesio.com.br\/wp-content\/uploads\/2017\/12\/blogqsp1\u00aa-noite-Cantata-jua-2018-Ascom1-300x200.jpg 300w, https:\/\/blogdofarnesio.com.br\/wp-content\/uploads\/2017\/12\/blogqsp1\u00aa-noite-Cantata-jua-2018-Ascom1-360x240.jpg 360w\" sizes=\"auto, (max-width: 640px) 100vw, 640px\" \/><\/a>Este ano a\u00a0Cantata conta com a participa\u00e7\u00e3o dos alunos das escolas municipais Escola de Tempo Integral, 02 de Julho, Municipal Mandacaru, Caxang\u00e1, Jos\u00e9 Pereira, Lepoldina Leal, Municipal de Ab\u00f3bora, Paulo VI, Jos\u00e9 Padilha, Tancredo Neves, Emei Pastor Manoel Marques, Nossa Senhora das Grotas-Sede, e o Col\u00e9gio Geo, da Rede Privada de Ensino, que participou pela primeira vez do espet\u00e1culo com a orquestra de flautas.<\/p>\n<div class=\"yj6qo ajU\">\n<div id=\":q7\" class=\"ajR\" tabindex=\"0\" role=\"button\" data-tooltip=\"Mostrar conte\u00fado cortado\" aria-label=\"Mostrar conte\u00fado cortado\"><img decoding=\"async\" class=\"ajT\" src=\"https:\/\/ssl.gstatic.com\/ui\/v1\/icons\/mail\/images\/cleardot.gif\" \/>Por <strong>Emanuelle Lustosa<\/strong>\/SEDUC<\/div>\n<\/div>\n","protected":false},"excerpt":{"rendered":"<p>Mais de 400 crian\u00e7as da Rede Municipal de Ensino participaram da terceira Cantata Natalina \u2013 \u00c9 Natal: Tempo de Esperan\u00e7a e levaram muita emo\u00e7\u00e3o para um p\u00fablico de mais de mil pessoas, nesta quinta-feira (07), no Vaporzinho, na Orla 2 de Juazeiro. O prefeito Paulo Bomfim, acompanhado da fam\u00edlia e do deputado estadual, Cris\u00f3stomo Lima, prestigiou o evento e se emocionou em v\u00e1rios momentos, a exemplo da surpresa da participa\u00e7\u00e3o da primeira dama, Nelma Bomfim, no espet\u00e1culo. \u201cParabenizo a toda organiza\u00e7\u00e3o por este lindo presente \u00e0 popula\u00e7\u00e3o de Juazeiro que mais uma vez levou a verdadeira mensagem do Natal para as pessoas. Este \u00e9 o modo de mostrar como temos trabalhado por uma Educa\u00e7\u00e3o de qualidade para as nossas crian\u00e7as.&hellip; <\/p>\n","protected":false},"author":1,"featured_media":183670,"comment_status":"open","ping_status":"closed","sticky":false,"template":"","format":"standard","meta":{"_acf_changed":false,"footnotes":""},"categories":[10],"tags":[],"class_list":["post-183661","post","type-post","status-publish","format-standard","has-post-thumbnail","hentry","category-cultura"],"acf":[],"yoast_head":"<!-- This site is optimized with the Yoast SEO plugin v27.4 - https:\/\/yoast.com\/product\/yoast-seo-wordpress\/ -->\n<title>P\u00daBLICO DE JUAZEIRO SE EMOCIONA COM O ESPET\u00c1CULO DE M\u00daSICA, TEATRO E DAN\u00c7A INCLUSIVA NA 1\u00aa CANTATA NATALINA - Blog do Farn\u00e9sio<\/title>\n<meta name=\"robots\" content=\"index, follow, max-snippet:-1, max-image-preview:large, max-video-preview:-1\" \/>\n<link rel=\"canonical\" href=\"https:\/\/blogdofarnesio.com.br\/?p=183661\" \/>\n<meta property=\"og:locale\" content=\"pt_BR\" \/>\n<meta property=\"og:type\" content=\"article\" \/>\n<meta property=\"og:title\" content=\"P\u00daBLICO DE JUAZEIRO SE EMOCIONA COM O ESPET\u00c1CULO DE M\u00daSICA, TEATRO E DAN\u00c7A INCLUSIVA NA 1\u00aa CANTATA NATALINA - Blog do Farn\u00e9sio\" \/>\n<meta property=\"og:description\" content=\"Mais de 400 crian\u00e7as da Rede Municipal de Ensino participaram da terceira Cantata Natalina \u2013 \u00c9 Natal: Tempo de Esperan\u00e7a e levaram muita emo\u00e7\u00e3o para um p\u00fablico de mais de mil pessoas, nesta quinta-feira (07), no Vaporzinho, na Orla 2 de Juazeiro. O prefeito Paulo Bomfim, acompanhado da fam\u00edlia e do deputado estadual, Cris\u00f3stomo Lima, prestigiou o evento e se emocionou em v\u00e1rios momentos, a exemplo da surpresa da participa\u00e7\u00e3o da primeira dama, Nelma Bomfim, no espet\u00e1culo. \u201cParabenizo a toda organiza\u00e7\u00e3o por este lindo presente \u00e0 popula\u00e7\u00e3o de Juazeiro que mais uma vez levou a verdadeira mensagem do Natal para as pessoas. Este \u00e9 o modo de mostrar como temos trabalhado por uma Educa\u00e7\u00e3o de qualidade para as nossas crian\u00e7as.&hellip;\" \/>\n<meta property=\"og:url\" content=\"https:\/\/blogdofarnesio.com.br\/?p=183661\" \/>\n<meta property=\"og:site_name\" content=\"Blog do Farn\u00e9sio\" \/>\n<meta property=\"article:publisher\" content=\"https:\/\/www.facebook.com\/BlogQuerSaberPolitica\/\" \/>\n<meta property=\"article:published_time\" content=\"2017-12-08T19:40:21+00:00\" \/>\n<meta property=\"og:image\" content=\"https:\/\/blogdofarnesio.com.br\/wp-content\/uploads\/2017\/12\/blogqsp1\u00aa-noite-Cantata-jua-2018-Ascom4.jpeg\" \/>\n\t<meta property=\"og:image:width\" content=\"640\" \/>\n\t<meta property=\"og:image:height\" content=\"293\" \/>\n\t<meta property=\"og:image:type\" content=\"image\/jpeg\" \/>\n<meta name=\"author\" content=\"Farn\u00e9sio\" \/>\n<meta name=\"twitter:card\" content=\"summary_large_image\" \/>\n<meta name=\"twitter:label1\" content=\"Escrito por\" \/>\n\t<meta name=\"twitter:data1\" content=\"Farn\u00e9sio\" \/>\n\t<meta name=\"twitter:label2\" content=\"Est. tempo de leitura\" \/>\n\t<meta name=\"twitter:data2\" content=\"3 minutos\" \/>\n<script type=\"application\/ld+json\" class=\"yoast-schema-graph\">{\"@context\":\"https:\\\/\\\/schema.org\",\"@graph\":[{\"@type\":\"Article\",\"@id\":\"https:\\\/\\\/blogdofarnesio.com.br\\\/?p=183661#article\",\"isPartOf\":{\"@id\":\"https:\\\/\\\/blogdofarnesio.com.br\\\/?p=183661\"},\"author\":{\"name\":\"Farn\u00e9sio\",\"@id\":\"https:\\\/\\\/blogdofarnesio.com.br\\\/#\\\/schema\\\/person\\\/301c4acf522bccbfdb45af95b5b906a1\"},\"headline\":\"P\u00daBLICO DE JUAZEIRO SE EMOCIONA COM O ESPET\u00c1CULO DE M\u00daSICA, TEATRO E DAN\u00c7A INCLUSIVA NA 1\u00aa CANTATA NATALINA\",\"datePublished\":\"2017-12-08T19:40:21+00:00\",\"mainEntityOfPage\":{\"@id\":\"https:\\\/\\\/blogdofarnesio.com.br\\\/?p=183661\"},\"wordCount\":571,\"commentCount\":0,\"publisher\":{\"@id\":\"https:\\\/\\\/blogdofarnesio.com.br\\\/#organization\"},\"image\":{\"@id\":\"https:\\\/\\\/blogdofarnesio.com.br\\\/?p=183661#primaryimage\"},\"thumbnailUrl\":\"https:\\\/\\\/blogdofarnesio.com.br\\\/wp-content\\\/uploads\\\/2017\\\/12\\\/blogqsp1\u00aa-noite-Cantata-jua-2018-Ascom4.jpeg\",\"articleSection\":[\"Cultura\"],\"inLanguage\":\"pt-BR\",\"potentialAction\":[{\"@type\":\"CommentAction\",\"name\":\"Comment\",\"target\":[\"https:\\\/\\\/blogdofarnesio.com.br\\\/?p=183661#respond\"]}]},{\"@type\":\"WebPage\",\"@id\":\"https:\\\/\\\/blogdofarnesio.com.br\\\/?p=183661\",\"url\":\"https:\\\/\\\/blogdofarnesio.com.br\\\/?p=183661\",\"name\":\"P\u00daBLICO DE JUAZEIRO SE EMOCIONA COM O ESPET\u00c1CULO DE M\u00daSICA, TEATRO E DAN\u00c7A INCLUSIVA NA 1\u00aa CANTATA NATALINA - Blog do Farn\u00e9sio\",\"isPartOf\":{\"@id\":\"https:\\\/\\\/blogdofarnesio.com.br\\\/#website\"},\"primaryImageOfPage\":{\"@id\":\"https:\\\/\\\/blogdofarnesio.com.br\\\/?p=183661#primaryimage\"},\"image\":{\"@id\":\"https:\\\/\\\/blogdofarnesio.com.br\\\/?p=183661#primaryimage\"},\"thumbnailUrl\":\"https:\\\/\\\/blogdofarnesio.com.br\\\/wp-content\\\/uploads\\\/2017\\\/12\\\/blogqsp1\u00aa-noite-Cantata-jua-2018-Ascom4.jpeg\",\"datePublished\":\"2017-12-08T19:40:21+00:00\",\"breadcrumb\":{\"@id\":\"https:\\\/\\\/blogdofarnesio.com.br\\\/?p=183661#breadcrumb\"},\"inLanguage\":\"pt-BR\",\"potentialAction\":[{\"@type\":\"ReadAction\",\"target\":[\"https:\\\/\\\/blogdofarnesio.com.br\\\/?p=183661\"]}]},{\"@type\":\"ImageObject\",\"inLanguage\":\"pt-BR\",\"@id\":\"https:\\\/\\\/blogdofarnesio.com.br\\\/?p=183661#primaryimage\",\"url\":\"https:\\\/\\\/blogdofarnesio.com.br\\\/wp-content\\\/uploads\\\/2017\\\/12\\\/blogqsp1\u00aa-noite-Cantata-jua-2018-Ascom4.jpeg\",\"contentUrl\":\"https:\\\/\\\/blogdofarnesio.com.br\\\/wp-content\\\/uploads\\\/2017\\\/12\\\/blogqsp1\u00aa-noite-Cantata-jua-2018-Ascom4.jpeg\",\"width\":640,\"height\":293},{\"@type\":\"BreadcrumbList\",\"@id\":\"https:\\\/\\\/blogdofarnesio.com.br\\\/?p=183661#breadcrumb\",\"itemListElement\":[{\"@type\":\"ListItem\",\"position\":1,\"name\":\"In\u00edcio\",\"item\":\"https:\\\/\\\/blogdofarnesio.com.br\\\/\"},{\"@type\":\"ListItem\",\"position\":2,\"name\":\"P\u00daBLICO DE JUAZEIRO SE EMOCIONA COM O ESPET\u00c1CULO DE M\u00daSICA, TEATRO E DAN\u00c7A INCLUSIVA NA 1\u00aa CANTATA NATALINA\"}]},{\"@type\":\"WebSite\",\"@id\":\"https:\\\/\\\/blogdofarnesio.com.br\\\/#website\",\"url\":\"https:\\\/\\\/blogdofarnesio.com.br\\\/\",\"name\":\"Blog do Farn\u00e9sio\",\"description\":\"Quer Saber Pol\u00edtica?\",\"publisher\":{\"@id\":\"https:\\\/\\\/blogdofarnesio.com.br\\\/#organization\"},\"potentialAction\":[{\"@type\":\"SearchAction\",\"target\":{\"@type\":\"EntryPoint\",\"urlTemplate\":\"https:\\\/\\\/blogdofarnesio.com.br\\\/?s={search_term_string}\"},\"query-input\":{\"@type\":\"PropertyValueSpecification\",\"valueRequired\":true,\"valueName\":\"search_term_string\"}}],\"inLanguage\":\"pt-BR\"},{\"@type\":\"Organization\",\"@id\":\"https:\\\/\\\/blogdofarnesio.com.br\\\/#organization\",\"name\":\"Blog do Farn\u00e9sio\",\"url\":\"https:\\\/\\\/blogdofarnesio.com.br\\\/\",\"logo\":{\"@type\":\"ImageObject\",\"inLanguage\":\"pt-BR\",\"@id\":\"https:\\\/\\\/blogdofarnesio.com.br\\\/#\\\/schema\\\/logo\\\/image\\\/\",\"url\":\"https:\\\/\\\/blogdofarnesio.com.br\\\/wp-content\\\/uploads\\\/2026\\\/03\\\/cropped-logo_new-1.png\",\"contentUrl\":\"https:\\\/\\\/blogdofarnesio.com.br\\\/wp-content\\\/uploads\\\/2026\\\/03\\\/cropped-logo_new-1.png\",\"width\":881,\"height\":685,\"caption\":\"Blog do Farn\u00e9sio\"},\"image\":{\"@id\":\"https:\\\/\\\/blogdofarnesio.com.br\\\/#\\\/schema\\\/logo\\\/image\\\/\"},\"sameAs\":[\"https:\\\/\\\/www.facebook.com\\\/BlogQuerSaberPolitica\\\/\"]},{\"@type\":\"Person\",\"@id\":\"https:\\\/\\\/blogdofarnesio.com.br\\\/#\\\/schema\\\/person\\\/301c4acf522bccbfdb45af95b5b906a1\",\"name\":\"Farn\u00e9sio\",\"image\":{\"@type\":\"ImageObject\",\"inLanguage\":\"pt-BR\",\"@id\":\"https:\\\/\\\/secure.gravatar.com\\\/avatar\\\/df0c9a14567c056f8ad6876ba5bbd1e3e2c48023eb6807342fc4663adf549f38?s=96&d=mm&r=g\",\"url\":\"https:\\\/\\\/secure.gravatar.com\\\/avatar\\\/df0c9a14567c056f8ad6876ba5bbd1e3e2c48023eb6807342fc4663adf549f38?s=96&d=mm&r=g\",\"contentUrl\":\"https:\\\/\\\/secure.gravatar.com\\\/avatar\\\/df0c9a14567c056f8ad6876ba5bbd1e3e2c48023eb6807342fc4663adf549f38?s=96&d=mm&r=g\",\"caption\":\"Farn\u00e9sio\"},\"sameAs\":[\"https:\\\/\\\/quersaberpolitica.com.br\"],\"url\":\"https:\\\/\\\/blogdofarnesio.com.br\\\/?author=1\"}]}<\/script>\n<!-- \/ Yoast SEO plugin. -->","yoast_head_json":{"title":"P\u00daBLICO DE JUAZEIRO SE EMOCIONA COM O ESPET\u00c1CULO DE M\u00daSICA, TEATRO E DAN\u00c7A INCLUSIVA NA 1\u00aa CANTATA NATALINA - Blog do Farn\u00e9sio","robots":{"index":"index","follow":"follow","max-snippet":"max-snippet:-1","max-image-preview":"max-image-preview:large","max-video-preview":"max-video-preview:-1"},"canonical":"https:\/\/blogdofarnesio.com.br\/?p=183661","og_locale":"pt_BR","og_type":"article","og_title":"P\u00daBLICO DE JUAZEIRO SE EMOCIONA COM O ESPET\u00c1CULO DE M\u00daSICA, TEATRO E DAN\u00c7A INCLUSIVA NA 1\u00aa CANTATA NATALINA - Blog do Farn\u00e9sio","og_description":"Mais de 400 crian\u00e7as da Rede Municipal de Ensino participaram da terceira Cantata Natalina \u2013 \u00c9 Natal: Tempo de Esperan\u00e7a e levaram muita emo\u00e7\u00e3o para um p\u00fablico de mais de mil pessoas, nesta quinta-feira (07), no Vaporzinho, na Orla 2 de Juazeiro. O prefeito Paulo Bomfim, acompanhado da fam\u00edlia e do deputado estadual, Cris\u00f3stomo Lima, prestigiou o evento e se emocionou em v\u00e1rios momentos, a exemplo da surpresa da participa\u00e7\u00e3o da primeira dama, Nelma Bomfim, no espet\u00e1culo. \u201cParabenizo a toda organiza\u00e7\u00e3o por este lindo presente \u00e0 popula\u00e7\u00e3o de Juazeiro que mais uma vez levou a verdadeira mensagem do Natal para as pessoas. Este \u00e9 o modo de mostrar como temos trabalhado por uma Educa\u00e7\u00e3o de qualidade para as nossas crian\u00e7as.&hellip;","og_url":"https:\/\/blogdofarnesio.com.br\/?p=183661","og_site_name":"Blog do Farn\u00e9sio","article_publisher":"https:\/\/www.facebook.com\/BlogQuerSaberPolitica\/","article_published_time":"2017-12-08T19:40:21+00:00","og_image":[{"width":640,"height":293,"url":"https:\/\/blogdofarnesio.com.br\/wp-content\/uploads\/2017\/12\/blogqsp1\u00aa-noite-Cantata-jua-2018-Ascom4.jpeg","type":"image\/jpeg"}],"author":"Farn\u00e9sio","twitter_card":"summary_large_image","twitter_misc":{"Escrito por":"Farn\u00e9sio","Est. tempo de leitura":"3 minutos"},"schema":{"@context":"https:\/\/schema.org","@graph":[{"@type":"Article","@id":"https:\/\/blogdofarnesio.com.br\/?p=183661#article","isPartOf":{"@id":"https:\/\/blogdofarnesio.com.br\/?p=183661"},"author":{"name":"Farn\u00e9sio","@id":"https:\/\/blogdofarnesio.com.br\/#\/schema\/person\/301c4acf522bccbfdb45af95b5b906a1"},"headline":"P\u00daBLICO DE JUAZEIRO SE EMOCIONA COM O ESPET\u00c1CULO DE M\u00daSICA, TEATRO E DAN\u00c7A INCLUSIVA NA 1\u00aa CANTATA NATALINA","datePublished":"2017-12-08T19:40:21+00:00","mainEntityOfPage":{"@id":"https:\/\/blogdofarnesio.com.br\/?p=183661"},"wordCount":571,"commentCount":0,"publisher":{"@id":"https:\/\/blogdofarnesio.com.br\/#organization"},"image":{"@id":"https:\/\/blogdofarnesio.com.br\/?p=183661#primaryimage"},"thumbnailUrl":"https:\/\/blogdofarnesio.com.br\/wp-content\/uploads\/2017\/12\/blogqsp1\u00aa-noite-Cantata-jua-2018-Ascom4.jpeg","articleSection":["Cultura"],"inLanguage":"pt-BR","potentialAction":[{"@type":"CommentAction","name":"Comment","target":["https:\/\/blogdofarnesio.com.br\/?p=183661#respond"]}]},{"@type":"WebPage","@id":"https:\/\/blogdofarnesio.com.br\/?p=183661","url":"https:\/\/blogdofarnesio.com.br\/?p=183661","name":"P\u00daBLICO DE JUAZEIRO SE EMOCIONA COM O ESPET\u00c1CULO DE M\u00daSICA, TEATRO E DAN\u00c7A INCLUSIVA NA 1\u00aa CANTATA NATALINA - Blog do Farn\u00e9sio","isPartOf":{"@id":"https:\/\/blogdofarnesio.com.br\/#website"},"primaryImageOfPage":{"@id":"https:\/\/blogdofarnesio.com.br\/?p=183661#primaryimage"},"image":{"@id":"https:\/\/blogdofarnesio.com.br\/?p=183661#primaryimage"},"thumbnailUrl":"https:\/\/blogdofarnesio.com.br\/wp-content\/uploads\/2017\/12\/blogqsp1\u00aa-noite-Cantata-jua-2018-Ascom4.jpeg","datePublished":"2017-12-08T19:40:21+00:00","breadcrumb":{"@id":"https:\/\/blogdofarnesio.com.br\/?p=183661#breadcrumb"},"inLanguage":"pt-BR","potentialAction":[{"@type":"ReadAction","target":["https:\/\/blogdofarnesio.com.br\/?p=183661"]}]},{"@type":"ImageObject","inLanguage":"pt-BR","@id":"https:\/\/blogdofarnesio.com.br\/?p=183661#primaryimage","url":"https:\/\/blogdofarnesio.com.br\/wp-content\/uploads\/2017\/12\/blogqsp1\u00aa-noite-Cantata-jua-2018-Ascom4.jpeg","contentUrl":"https:\/\/blogdofarnesio.com.br\/wp-content\/uploads\/2017\/12\/blogqsp1\u00aa-noite-Cantata-jua-2018-Ascom4.jpeg","width":640,"height":293},{"@type":"BreadcrumbList","@id":"https:\/\/blogdofarnesio.com.br\/?p=183661#breadcrumb","itemListElement":[{"@type":"ListItem","position":1,"name":"In\u00edcio","item":"https:\/\/blogdofarnesio.com.br\/"},{"@type":"ListItem","position":2,"name":"P\u00daBLICO DE JUAZEIRO SE EMOCIONA COM O ESPET\u00c1CULO DE M\u00daSICA, TEATRO E DAN\u00c7A INCLUSIVA NA 1\u00aa CANTATA NATALINA"}]},{"@type":"WebSite","@id":"https:\/\/blogdofarnesio.com.br\/#website","url":"https:\/\/blogdofarnesio.com.br\/","name":"Blog do Farn\u00e9sio","description":"Quer Saber Pol\u00edtica?","publisher":{"@id":"https:\/\/blogdofarnesio.com.br\/#organization"},"potentialAction":[{"@type":"SearchAction","target":{"@type":"EntryPoint","urlTemplate":"https:\/\/blogdofarnesio.com.br\/?s={search_term_string}"},"query-input":{"@type":"PropertyValueSpecification","valueRequired":true,"valueName":"search_term_string"}}],"inLanguage":"pt-BR"},{"@type":"Organization","@id":"https:\/\/blogdofarnesio.com.br\/#organization","name":"Blog do Farn\u00e9sio","url":"https:\/\/blogdofarnesio.com.br\/","logo":{"@type":"ImageObject","inLanguage":"pt-BR","@id":"https:\/\/blogdofarnesio.com.br\/#\/schema\/logo\/image\/","url":"https:\/\/blogdofarnesio.com.br\/wp-content\/uploads\/2026\/03\/cropped-logo_new-1.png","contentUrl":"https:\/\/blogdofarnesio.com.br\/wp-content\/uploads\/2026\/03\/cropped-logo_new-1.png","width":881,"height":685,"caption":"Blog do Farn\u00e9sio"},"image":{"@id":"https:\/\/blogdofarnesio.com.br\/#\/schema\/logo\/image\/"},"sameAs":["https:\/\/www.facebook.com\/BlogQuerSaberPolitica\/"]},{"@type":"Person","@id":"https:\/\/blogdofarnesio.com.br\/#\/schema\/person\/301c4acf522bccbfdb45af95b5b906a1","name":"Farn\u00e9sio","image":{"@type":"ImageObject","inLanguage":"pt-BR","@id":"https:\/\/secure.gravatar.com\/avatar\/df0c9a14567c056f8ad6876ba5bbd1e3e2c48023eb6807342fc4663adf549f38?s=96&d=mm&r=g","url":"https:\/\/secure.gravatar.com\/avatar\/df0c9a14567c056f8ad6876ba5bbd1e3e2c48023eb6807342fc4663adf549f38?s=96&d=mm&r=g","contentUrl":"https:\/\/secure.gravatar.com\/avatar\/df0c9a14567c056f8ad6876ba5bbd1e3e2c48023eb6807342fc4663adf549f38?s=96&d=mm&r=g","caption":"Farn\u00e9sio"},"sameAs":["https:\/\/quersaberpolitica.com.br"],"url":"https:\/\/blogdofarnesio.com.br\/?author=1"}]}},"_links":{"self":[{"href":"https:\/\/blogdofarnesio.com.br\/index.php?rest_route=\/wp\/v2\/posts\/183661","targetHints":{"allow":["GET"]}}],"collection":[{"href":"https:\/\/blogdofarnesio.com.br\/index.php?rest_route=\/wp\/v2\/posts"}],"about":[{"href":"https:\/\/blogdofarnesio.com.br\/index.php?rest_route=\/wp\/v2\/types\/post"}],"author":[{"embeddable":true,"href":"https:\/\/blogdofarnesio.com.br\/index.php?rest_route=\/wp\/v2\/users\/1"}],"replies":[{"embeddable":true,"href":"https:\/\/blogdofarnesio.com.br\/index.php?rest_route=%2Fwp%2Fv2%2Fcomments&post=183661"}],"version-history":[{"count":0,"href":"https:\/\/blogdofarnesio.com.br\/index.php?rest_route=\/wp\/v2\/posts\/183661\/revisions"}],"wp:featuredmedia":[{"embeddable":true,"href":"https:\/\/blogdofarnesio.com.br\/index.php?rest_route=\/wp\/v2\/media\/183670"}],"wp:attachment":[{"href":"https:\/\/blogdofarnesio.com.br\/index.php?rest_route=%2Fwp%2Fv2%2Fmedia&parent=183661"}],"wp:term":[{"taxonomy":"category","embeddable":true,"href":"https:\/\/blogdofarnesio.com.br\/index.php?rest_route=%2Fwp%2Fv2%2Fcategories&post=183661"},{"taxonomy":"post_tag","embeddable":true,"href":"https:\/\/blogdofarnesio.com.br\/index.php?rest_route=%2Fwp%2Fv2%2Ftags&post=183661"}],"curies":[{"name":"wp","href":"https:\/\/api.w.org\/{rel}","templated":true}]}}