{"id":183633,"date":"2017-12-08T13:00:10","date_gmt":"2017-12-08T16:00:10","guid":{"rendered":"http:\/\/quersaberpolitica.com.br\/2016\/?p=183633"},"modified":"2017-12-08T12:27:38","modified_gmt":"2017-12-08T15:27:38","slug":"temer-tem-dificuldade-em-convencer-aliados-pela-reforma","status":"publish","type":"post","link":"https:\/\/blogdofarnesio.com.br\/?p=183633","title":{"rendered":"TEMER TEM DIFICULDADE EM CONVENCER ALIADOS PELA REFORMA"},"content":{"rendered":"<p style=\"text-align: justify;\">O governo j\u00e1 comprometeu R$ 43,2 bilh\u00f5es nos pr\u00f3ximos anos para aprovar a reforma da Previd\u00eancia, mas o esfor\u00e7o ainda n\u00e3o favorece a contabilidade de votos do Planalto. At\u00e9 agora, s\u00f3 o PMDB e o PTB decidiram obrigar seus deputados a apoiar a proposta. Partidos com minist\u00e9rios, como o PSD &#8211; de Henrique Meirelles e Gilberto Kassab &#8211; al\u00e9m do DEM, ainda n\u00e3o tomaram essa decis\u00e3o. O PP, que comanda Sa\u00fade, Cidades e Agricultura n\u00e3o obrigar\u00e1 o voto a favor, mas disse que vai garantir 90% de votos favor\u00e1veis da bancada. Nesta quinta-feira (7), o presidente da C\u00e2mara, Rodrigo Maia (DEM-RJ), sinalizou a investidores que, caso a vota\u00e7\u00e3o n\u00e3o se viabilize antes das elei\u00e7\u00f5es do ano que vem, confia na aprova\u00e7\u00e3o em 2019, segundo apurou o Estad\u00e3o\/Broadcast. A indica\u00e7\u00e3o de Maia foi interpretada como uma forma de preparar o mercado para uma eventual frustra\u00e7\u00e3o da aprova\u00e7\u00e3o do projeto ainda no governo Michel Temer. Segundo fontes do mercado, o presidente da C\u00e2mara afirmou que seria poss\u00edvel aprovar, em 2019, uma proposta at\u00e9 melhor do que a atual. Oficialmente, por\u00e9m, Maia negou que tenha feito tal afirma\u00e7\u00e3o. Nesta quinta, al\u00e9m disso, o l\u00edder do governo na C\u00e2mara, Aguinaldo Ribeiro (PP-PB), anunciou que a vota\u00e7\u00e3o foi marcada para dia 18. Mas h\u00e1 o risco de esvaziamento do Congresso nessa data por causa da decis\u00e3o do presidente do Congresso, senador Eun\u00edcio Oliveira (PMDB-CE), de convocar sess\u00e3o para o dia 12 com o objetivo de votar o Or\u00e7amento de 2018. O movimento de Eun\u00edcio, que d\u00e1 sinais d\u00fabios em rela\u00e7\u00e3o a seu apoio \u00e0 aprova\u00e7\u00e3o da reforma ainda este ano, pode provocar a debandada dos parlamentares antes do dia 18. Eun\u00edcio tamb\u00e9m presidir\u00e1 sess\u00e3o extraordin\u00e1ria do Senado para garantir aprova\u00e7\u00e3o de uma s\u00e9rie de projetos que foram negociados como barganha pela reforma, entre eles renegocia\u00e7\u00f5es de d\u00e9bitos tribut\u00e1rios de micro e pequenas empresas e do setor rural, al\u00e9m da compensa\u00e7\u00e3o de R$ 1,9 bilh\u00e3o a Estados e munic\u00edpios por conta de desonera\u00e7\u00f5es de ICMS nas exporta\u00e7\u00f5es. No total, j\u00e1 foram comprometidos R$ 43,2 bilh\u00f5es. A avalia\u00e7\u00e3o de t\u00e9cnicos do governo \u00e9 de que Temer cedeu antes da hora, colocando o ajuste fiscal em risco. A preocupa\u00e7\u00e3o da equipe econ\u00f4mica \u00e9 que o aumento das despesas, principalmente em 2018, comprometa o teto de gastos, que limita o avan\u00e7o das despesas \u00e0 infla\u00e7\u00e3o. Al\u00e9m disso, ren\u00fancias de receitas podem deixar o governo sem margem de manobra para cumprir a meta fiscal em caso de qualquer frustra\u00e7\u00e3o nas receitas. O ministro do Planejamento, Dyogo Oliveira, minimizou o impacto das concess\u00f5es. &#8220;Tudo que se conceder ter\u00e1 de estar dentro do teto e da meta fiscal&#8221;, afirmou. As informa\u00e7\u00f5es s\u00e3o do jornal\u00a0<b>O Estado de S. Paulo.<\/b><\/p>\n","protected":false},"excerpt":{"rendered":"<p>O governo j\u00e1 comprometeu R$ 43,2 bilh\u00f5es nos pr\u00f3ximos anos para aprovar a reforma da Previd\u00eancia, mas o esfor\u00e7o ainda n\u00e3o favorece a contabilidade de votos do Planalto. At\u00e9 agora, s\u00f3 o PMDB e o PTB decidiram obrigar seus deputados a apoiar a proposta. Partidos com minist\u00e9rios, como o PSD &#8211; de Henrique Meirelles e Gilberto Kassab &#8211; al\u00e9m do DEM, ainda n\u00e3o tomaram essa decis\u00e3o. O PP, que comanda Sa\u00fade, Cidades e Agricultura n\u00e3o obrigar\u00e1 o voto a favor, mas disse que vai garantir 90% de votos favor\u00e1veis da bancada. Nesta quinta-feira (7), o presidente da C\u00e2mara, Rodrigo Maia (DEM-RJ), sinalizou a investidores que, caso a vota\u00e7\u00e3o n\u00e3o se viabilize antes das elei\u00e7\u00f5es do ano que vem, confia na&hellip; <\/p>\n","protected":false},"author":1,"featured_media":182395,"comment_status":"open","ping_status":"closed","sticky":false,"template":"","format":"standard","meta":{"_acf_changed":false,"footnotes":""},"categories":[1],"tags":[],"class_list":["post-183633","post","type-post","status-publish","format-standard","has-post-thumbnail","hentry","category-politica"],"acf":[],"yoast_head":"<!-- This site is optimized with the Yoast SEO plugin v27.4 - https:\/\/yoast.com\/product\/yoast-seo-wordpress\/ -->\n<title>TEMER TEM DIFICULDADE EM CONVENCER ALIADOS PELA REFORMA - Blog do Farn\u00e9sio<\/title>\n<meta name=\"robots\" content=\"index, follow, max-snippet:-1, max-image-preview:large, max-video-preview:-1\" \/>\n<link rel=\"canonical\" href=\"https:\/\/blogdofarnesio.com.br\/?p=183633\" \/>\n<meta property=\"og:locale\" content=\"pt_BR\" \/>\n<meta property=\"og:type\" content=\"article\" \/>\n<meta property=\"og:title\" content=\"TEMER TEM DIFICULDADE EM CONVENCER ALIADOS PELA REFORMA - Blog do Farn\u00e9sio\" \/>\n<meta property=\"og:description\" content=\"O governo j\u00e1 comprometeu R$ 43,2 bilh\u00f5es nos pr\u00f3ximos anos para aprovar a reforma da Previd\u00eancia, mas o esfor\u00e7o ainda n\u00e3o favorece a contabilidade de votos do Planalto. At\u00e9 agora, s\u00f3 o PMDB e o PTB decidiram obrigar seus deputados a apoiar a proposta. Partidos com minist\u00e9rios, como o PSD &#8211; de Henrique Meirelles e Gilberto Kassab &#8211; al\u00e9m do DEM, ainda n\u00e3o tomaram essa decis\u00e3o. O PP, que comanda Sa\u00fade, Cidades e Agricultura n\u00e3o obrigar\u00e1 o voto a favor, mas disse que vai garantir 90% de votos favor\u00e1veis da bancada. Nesta quinta-feira (7), o presidente da C\u00e2mara, Rodrigo Maia (DEM-RJ), sinalizou a investidores que, caso a vota\u00e7\u00e3o n\u00e3o se viabilize antes das elei\u00e7\u00f5es do ano que vem, confia na&hellip;\" \/>\n<meta property=\"og:url\" content=\"https:\/\/blogdofarnesio.com.br\/?p=183633\" \/>\n<meta property=\"og:site_name\" content=\"Blog do Farn\u00e9sio\" \/>\n<meta property=\"article:publisher\" content=\"https:\/\/www.facebook.com\/BlogQuerSaberPolitica\/\" \/>\n<meta property=\"article:published_time\" content=\"2017-12-08T16:00:10+00:00\" \/>\n<meta property=\"og:image\" content=\"https:\/\/blogdofarnesio.com.br\/wp-content\/uploads\/2017\/11\/blogqspPresidente-Michel-Temer-Ueslei-Marcelino-Reuters.jpg\" \/>\n\t<meta property=\"og:image:width\" content=\"645\" \/>\n\t<meta property=\"og:image:height\" content=\"388\" \/>\n\t<meta property=\"og:image:type\" content=\"image\/jpeg\" \/>\n<meta name=\"author\" content=\"Farn\u00e9sio\" \/>\n<meta name=\"twitter:card\" content=\"summary_large_image\" \/>\n<meta name=\"twitter:label1\" content=\"Escrito por\" \/>\n\t<meta name=\"twitter:data1\" content=\"Farn\u00e9sio\" \/>\n\t<meta name=\"twitter:label2\" content=\"Est. tempo de leitura\" \/>\n\t<meta name=\"twitter:data2\" content=\"2 minutos\" \/>\n<script type=\"application\/ld+json\" class=\"yoast-schema-graph\">{\"@context\":\"https:\\\/\\\/schema.org\",\"@graph\":[{\"@type\":\"Article\",\"@id\":\"https:\\\/\\\/blogdofarnesio.com.br\\\/?p=183633#article\",\"isPartOf\":{\"@id\":\"https:\\\/\\\/blogdofarnesio.com.br\\\/?p=183633\"},\"author\":{\"name\":\"Farn\u00e9sio\",\"@id\":\"https:\\\/\\\/blogdofarnesio.com.br\\\/#\\\/schema\\\/person\\\/301c4acf522bccbfdb45af95b5b906a1\"},\"headline\":\"TEMER TEM DIFICULDADE EM CONVENCER ALIADOS PELA REFORMA\",\"datePublished\":\"2017-12-08T16:00:10+00:00\",\"mainEntityOfPage\":{\"@id\":\"https:\\\/\\\/blogdofarnesio.com.br\\\/?p=183633\"},\"wordCount\":505,\"commentCount\":0,\"publisher\":{\"@id\":\"https:\\\/\\\/blogdofarnesio.com.br\\\/#organization\"},\"image\":{\"@id\":\"https:\\\/\\\/blogdofarnesio.com.br\\\/?p=183633#primaryimage\"},\"thumbnailUrl\":\"https:\\\/\\\/blogdofarnesio.com.br\\\/wp-content\\\/uploads\\\/2017\\\/11\\\/blogqspPresidente-Michel-Temer-Ueslei-Marcelino-Reuters.jpg\",\"articleSection\":[\"Pol\u00edtica\"],\"inLanguage\":\"pt-BR\",\"potentialAction\":[{\"@type\":\"CommentAction\",\"name\":\"Comment\",\"target\":[\"https:\\\/\\\/blogdofarnesio.com.br\\\/?p=183633#respond\"]}]},{\"@type\":\"WebPage\",\"@id\":\"https:\\\/\\\/blogdofarnesio.com.br\\\/?p=183633\",\"url\":\"https:\\\/\\\/blogdofarnesio.com.br\\\/?p=183633\",\"name\":\"TEMER TEM DIFICULDADE EM CONVENCER ALIADOS PELA REFORMA - Blog do Farn\u00e9sio\",\"isPartOf\":{\"@id\":\"https:\\\/\\\/blogdofarnesio.com.br\\\/#website\"},\"primaryImageOfPage\":{\"@id\":\"https:\\\/\\\/blogdofarnesio.com.br\\\/?p=183633#primaryimage\"},\"image\":{\"@id\":\"https:\\\/\\\/blogdofarnesio.com.br\\\/?p=183633#primaryimage\"},\"thumbnailUrl\":\"https:\\\/\\\/blogdofarnesio.com.br\\\/wp-content\\\/uploads\\\/2017\\\/11\\\/blogqspPresidente-Michel-Temer-Ueslei-Marcelino-Reuters.jpg\",\"datePublished\":\"2017-12-08T16:00:10+00:00\",\"breadcrumb\":{\"@id\":\"https:\\\/\\\/blogdofarnesio.com.br\\\/?p=183633#breadcrumb\"},\"inLanguage\":\"pt-BR\",\"potentialAction\":[{\"@type\":\"ReadAction\",\"target\":[\"https:\\\/\\\/blogdofarnesio.com.br\\\/?p=183633\"]}]},{\"@type\":\"ImageObject\",\"inLanguage\":\"pt-BR\",\"@id\":\"https:\\\/\\\/blogdofarnesio.com.br\\\/?p=183633#primaryimage\",\"url\":\"https:\\\/\\\/blogdofarnesio.com.br\\\/wp-content\\\/uploads\\\/2017\\\/11\\\/blogqspPresidente-Michel-Temer-Ueslei-Marcelino-Reuters.jpg\",\"contentUrl\":\"https:\\\/\\\/blogdofarnesio.com.br\\\/wp-content\\\/uploads\\\/2017\\\/11\\\/blogqspPresidente-Michel-Temer-Ueslei-Marcelino-Reuters.jpg\",\"width\":645,\"height\":388},{\"@type\":\"BreadcrumbList\",\"@id\":\"https:\\\/\\\/blogdofarnesio.com.br\\\/?p=183633#breadcrumb\",\"itemListElement\":[{\"@type\":\"ListItem\",\"position\":1,\"name\":\"In\u00edcio\",\"item\":\"https:\\\/\\\/blogdofarnesio.com.br\\\/\"},{\"@type\":\"ListItem\",\"position\":2,\"name\":\"TEMER TEM DIFICULDADE EM CONVENCER ALIADOS PELA REFORMA\"}]},{\"@type\":\"WebSite\",\"@id\":\"https:\\\/\\\/blogdofarnesio.com.br\\\/#website\",\"url\":\"https:\\\/\\\/blogdofarnesio.com.br\\\/\",\"name\":\"Blog do Farn\u00e9sio\",\"description\":\"Quer Saber Pol\u00edtica?\",\"publisher\":{\"@id\":\"https:\\\/\\\/blogdofarnesio.com.br\\\/#organization\"},\"potentialAction\":[{\"@type\":\"SearchAction\",\"target\":{\"@type\":\"EntryPoint\",\"urlTemplate\":\"https:\\\/\\\/blogdofarnesio.com.br\\\/?s={search_term_string}\"},\"query-input\":{\"@type\":\"PropertyValueSpecification\",\"valueRequired\":true,\"valueName\":\"search_term_string\"}}],\"inLanguage\":\"pt-BR\"},{\"@type\":\"Organization\",\"@id\":\"https:\\\/\\\/blogdofarnesio.com.br\\\/#organization\",\"name\":\"Blog do Farn\u00e9sio\",\"url\":\"https:\\\/\\\/blogdofarnesio.com.br\\\/\",\"logo\":{\"@type\":\"ImageObject\",\"inLanguage\":\"pt-BR\",\"@id\":\"https:\\\/\\\/blogdofarnesio.com.br\\\/#\\\/schema\\\/logo\\\/image\\\/\",\"url\":\"https:\\\/\\\/blogdofarnesio.com.br\\\/wp-content\\\/uploads\\\/2026\\\/03\\\/cropped-logo_new-1.png\",\"contentUrl\":\"https:\\\/\\\/blogdofarnesio.com.br\\\/wp-content\\\/uploads\\\/2026\\\/03\\\/cropped-logo_new-1.png\",\"width\":881,\"height\":685,\"caption\":\"Blog do Farn\u00e9sio\"},\"image\":{\"@id\":\"https:\\\/\\\/blogdofarnesio.com.br\\\/#\\\/schema\\\/logo\\\/image\\\/\"},\"sameAs\":[\"https:\\\/\\\/www.facebook.com\\\/BlogQuerSaberPolitica\\\/\"]},{\"@type\":\"Person\",\"@id\":\"https:\\\/\\\/blogdofarnesio.com.br\\\/#\\\/schema\\\/person\\\/301c4acf522bccbfdb45af95b5b906a1\",\"name\":\"Farn\u00e9sio\",\"image\":{\"@type\":\"ImageObject\",\"inLanguage\":\"pt-BR\",\"@id\":\"https:\\\/\\\/secure.gravatar.com\\\/avatar\\\/df0c9a14567c056f8ad6876ba5bbd1e3e2c48023eb6807342fc4663adf549f38?s=96&d=mm&r=g\",\"url\":\"https:\\\/\\\/secure.gravatar.com\\\/avatar\\\/df0c9a14567c056f8ad6876ba5bbd1e3e2c48023eb6807342fc4663adf549f38?s=96&d=mm&r=g\",\"contentUrl\":\"https:\\\/\\\/secure.gravatar.com\\\/avatar\\\/df0c9a14567c056f8ad6876ba5bbd1e3e2c48023eb6807342fc4663adf549f38?s=96&d=mm&r=g\",\"caption\":\"Farn\u00e9sio\"},\"sameAs\":[\"https:\\\/\\\/quersaberpolitica.com.br\"],\"url\":\"https:\\\/\\\/blogdofarnesio.com.br\\\/?author=1\"}]}<\/script>\n<!-- \/ Yoast SEO plugin. -->","yoast_head_json":{"title":"TEMER TEM DIFICULDADE EM CONVENCER ALIADOS PELA REFORMA - Blog do Farn\u00e9sio","robots":{"index":"index","follow":"follow","max-snippet":"max-snippet:-1","max-image-preview":"max-image-preview:large","max-video-preview":"max-video-preview:-1"},"canonical":"https:\/\/blogdofarnesio.com.br\/?p=183633","og_locale":"pt_BR","og_type":"article","og_title":"TEMER TEM DIFICULDADE EM CONVENCER ALIADOS PELA REFORMA - Blog do Farn\u00e9sio","og_description":"O governo j\u00e1 comprometeu R$ 43,2 bilh\u00f5es nos pr\u00f3ximos anos para aprovar a reforma da Previd\u00eancia, mas o esfor\u00e7o ainda n\u00e3o favorece a contabilidade de votos do Planalto. At\u00e9 agora, s\u00f3 o PMDB e o PTB decidiram obrigar seus deputados a apoiar a proposta. Partidos com minist\u00e9rios, como o PSD &#8211; de Henrique Meirelles e Gilberto Kassab &#8211; al\u00e9m do DEM, ainda n\u00e3o tomaram essa decis\u00e3o. O PP, que comanda Sa\u00fade, Cidades e Agricultura n\u00e3o obrigar\u00e1 o voto a favor, mas disse que vai garantir 90% de votos favor\u00e1veis da bancada. Nesta quinta-feira (7), o presidente da C\u00e2mara, Rodrigo Maia (DEM-RJ), sinalizou a investidores que, caso a vota\u00e7\u00e3o n\u00e3o se viabilize antes das elei\u00e7\u00f5es do ano que vem, confia na&hellip;","og_url":"https:\/\/blogdofarnesio.com.br\/?p=183633","og_site_name":"Blog do Farn\u00e9sio","article_publisher":"https:\/\/www.facebook.com\/BlogQuerSaberPolitica\/","article_published_time":"2017-12-08T16:00:10+00:00","og_image":[{"width":645,"height":388,"url":"https:\/\/blogdofarnesio.com.br\/wp-content\/uploads\/2017\/11\/blogqspPresidente-Michel-Temer-Ueslei-Marcelino-Reuters.jpg","type":"image\/jpeg"}],"author":"Farn\u00e9sio","twitter_card":"summary_large_image","twitter_misc":{"Escrito por":"Farn\u00e9sio","Est. tempo de leitura":"2 minutos"},"schema":{"@context":"https:\/\/schema.org","@graph":[{"@type":"Article","@id":"https:\/\/blogdofarnesio.com.br\/?p=183633#article","isPartOf":{"@id":"https:\/\/blogdofarnesio.com.br\/?p=183633"},"author":{"name":"Farn\u00e9sio","@id":"https:\/\/blogdofarnesio.com.br\/#\/schema\/person\/301c4acf522bccbfdb45af95b5b906a1"},"headline":"TEMER TEM DIFICULDADE EM CONVENCER ALIADOS PELA REFORMA","datePublished":"2017-12-08T16:00:10+00:00","mainEntityOfPage":{"@id":"https:\/\/blogdofarnesio.com.br\/?p=183633"},"wordCount":505,"commentCount":0,"publisher":{"@id":"https:\/\/blogdofarnesio.com.br\/#organization"},"image":{"@id":"https:\/\/blogdofarnesio.com.br\/?p=183633#primaryimage"},"thumbnailUrl":"https:\/\/blogdofarnesio.com.br\/wp-content\/uploads\/2017\/11\/blogqspPresidente-Michel-Temer-Ueslei-Marcelino-Reuters.jpg","articleSection":["Pol\u00edtica"],"inLanguage":"pt-BR","potentialAction":[{"@type":"CommentAction","name":"Comment","target":["https:\/\/blogdofarnesio.com.br\/?p=183633#respond"]}]},{"@type":"WebPage","@id":"https:\/\/blogdofarnesio.com.br\/?p=183633","url":"https:\/\/blogdofarnesio.com.br\/?p=183633","name":"TEMER TEM DIFICULDADE EM CONVENCER ALIADOS PELA REFORMA - Blog do Farn\u00e9sio","isPartOf":{"@id":"https:\/\/blogdofarnesio.com.br\/#website"},"primaryImageOfPage":{"@id":"https:\/\/blogdofarnesio.com.br\/?p=183633#primaryimage"},"image":{"@id":"https:\/\/blogdofarnesio.com.br\/?p=183633#primaryimage"},"thumbnailUrl":"https:\/\/blogdofarnesio.com.br\/wp-content\/uploads\/2017\/11\/blogqspPresidente-Michel-Temer-Ueslei-Marcelino-Reuters.jpg","datePublished":"2017-12-08T16:00:10+00:00","breadcrumb":{"@id":"https:\/\/blogdofarnesio.com.br\/?p=183633#breadcrumb"},"inLanguage":"pt-BR","potentialAction":[{"@type":"ReadAction","target":["https:\/\/blogdofarnesio.com.br\/?p=183633"]}]},{"@type":"ImageObject","inLanguage":"pt-BR","@id":"https:\/\/blogdofarnesio.com.br\/?p=183633#primaryimage","url":"https:\/\/blogdofarnesio.com.br\/wp-content\/uploads\/2017\/11\/blogqspPresidente-Michel-Temer-Ueslei-Marcelino-Reuters.jpg","contentUrl":"https:\/\/blogdofarnesio.com.br\/wp-content\/uploads\/2017\/11\/blogqspPresidente-Michel-Temer-Ueslei-Marcelino-Reuters.jpg","width":645,"height":388},{"@type":"BreadcrumbList","@id":"https:\/\/blogdofarnesio.com.br\/?p=183633#breadcrumb","itemListElement":[{"@type":"ListItem","position":1,"name":"In\u00edcio","item":"https:\/\/blogdofarnesio.com.br\/"},{"@type":"ListItem","position":2,"name":"TEMER TEM DIFICULDADE EM CONVENCER ALIADOS PELA REFORMA"}]},{"@type":"WebSite","@id":"https:\/\/blogdofarnesio.com.br\/#website","url":"https:\/\/blogdofarnesio.com.br\/","name":"Blog do Farn\u00e9sio","description":"Quer Saber Pol\u00edtica?","publisher":{"@id":"https:\/\/blogdofarnesio.com.br\/#organization"},"potentialAction":[{"@type":"SearchAction","target":{"@type":"EntryPoint","urlTemplate":"https:\/\/blogdofarnesio.com.br\/?s={search_term_string}"},"query-input":{"@type":"PropertyValueSpecification","valueRequired":true,"valueName":"search_term_string"}}],"inLanguage":"pt-BR"},{"@type":"Organization","@id":"https:\/\/blogdofarnesio.com.br\/#organization","name":"Blog do Farn\u00e9sio","url":"https:\/\/blogdofarnesio.com.br\/","logo":{"@type":"ImageObject","inLanguage":"pt-BR","@id":"https:\/\/blogdofarnesio.com.br\/#\/schema\/logo\/image\/","url":"https:\/\/blogdofarnesio.com.br\/wp-content\/uploads\/2026\/03\/cropped-logo_new-1.png","contentUrl":"https:\/\/blogdofarnesio.com.br\/wp-content\/uploads\/2026\/03\/cropped-logo_new-1.png","width":881,"height":685,"caption":"Blog do Farn\u00e9sio"},"image":{"@id":"https:\/\/blogdofarnesio.com.br\/#\/schema\/logo\/image\/"},"sameAs":["https:\/\/www.facebook.com\/BlogQuerSaberPolitica\/"]},{"@type":"Person","@id":"https:\/\/blogdofarnesio.com.br\/#\/schema\/person\/301c4acf522bccbfdb45af95b5b906a1","name":"Farn\u00e9sio","image":{"@type":"ImageObject","inLanguage":"pt-BR","@id":"https:\/\/secure.gravatar.com\/avatar\/df0c9a14567c056f8ad6876ba5bbd1e3e2c48023eb6807342fc4663adf549f38?s=96&d=mm&r=g","url":"https:\/\/secure.gravatar.com\/avatar\/df0c9a14567c056f8ad6876ba5bbd1e3e2c48023eb6807342fc4663adf549f38?s=96&d=mm&r=g","contentUrl":"https:\/\/secure.gravatar.com\/avatar\/df0c9a14567c056f8ad6876ba5bbd1e3e2c48023eb6807342fc4663adf549f38?s=96&d=mm&r=g","caption":"Farn\u00e9sio"},"sameAs":["https:\/\/quersaberpolitica.com.br"],"url":"https:\/\/blogdofarnesio.com.br\/?author=1"}]}},"_links":{"self":[{"href":"https:\/\/blogdofarnesio.com.br\/index.php?rest_route=\/wp\/v2\/posts\/183633","targetHints":{"allow":["GET"]}}],"collection":[{"href":"https:\/\/blogdofarnesio.com.br\/index.php?rest_route=\/wp\/v2\/posts"}],"about":[{"href":"https:\/\/blogdofarnesio.com.br\/index.php?rest_route=\/wp\/v2\/types\/post"}],"author":[{"embeddable":true,"href":"https:\/\/blogdofarnesio.com.br\/index.php?rest_route=\/wp\/v2\/users\/1"}],"replies":[{"embeddable":true,"href":"https:\/\/blogdofarnesio.com.br\/index.php?rest_route=%2Fwp%2Fv2%2Fcomments&post=183633"}],"version-history":[{"count":0,"href":"https:\/\/blogdofarnesio.com.br\/index.php?rest_route=\/wp\/v2\/posts\/183633\/revisions"}],"wp:featuredmedia":[{"embeddable":true,"href":"https:\/\/blogdofarnesio.com.br\/index.php?rest_route=\/wp\/v2\/media\/182395"}],"wp:attachment":[{"href":"https:\/\/blogdofarnesio.com.br\/index.php?rest_route=%2Fwp%2Fv2%2Fmedia&parent=183633"}],"wp:term":[{"taxonomy":"category","embeddable":true,"href":"https:\/\/blogdofarnesio.com.br\/index.php?rest_route=%2Fwp%2Fv2%2Fcategories&post=183633"},{"taxonomy":"post_tag","embeddable":true,"href":"https:\/\/blogdofarnesio.com.br\/index.php?rest_route=%2Fwp%2Fv2%2Ftags&post=183633"}],"curies":[{"name":"wp","href":"https:\/\/api.w.org\/{rel}","templated":true}]}}