{"id":183527,"date":"2017-12-07T15:20:05","date_gmt":"2017-12-07T18:20:05","guid":{"rendered":"http:\/\/quersaberpolitica.com.br\/2016\/?p=183527"},"modified":"2017-12-07T15:35:00","modified_gmt":"2017-12-07T18:35:00","slug":"comite-da-bacia-cbhsf-faz-avaliacao-das-acoes-no-ano-durante-a-xxxiii-plenaria","status":"publish","type":"post","link":"https:\/\/blogdofarnesio.com.br\/?p=183527","title":{"rendered":"COMIT\u00ca DA BACIA (CBHSF) FAZ AVALIA\u00c7\u00c3O DAS A\u00c7\u00d5ES NO ANO, DURANTE A XXXIII PLEN\u00c1RIA"},"content":{"rendered":"<div class=\"notice\">\n<div class=\"row\">\n<div class=\"container\">\n<article class=\"col-lg-8 col-md-7 col-sm-12 pull-left\">Durante o primeiro per\u00edodo dessa quinta-feira (07 de dezembro) o Comit\u00ea da Bacia Hidrogr\u00e1fica do Rio S\u00e3o Francisco (CBHSF) abriu os trabalhos da XXXIII Plen\u00e1ria Ordin\u00e1ria que acontece no munic\u00edpio baiano de Paulo Afonso (471,4 km de Salvador). A \u00faltima plen\u00e1ria do ano acontece at\u00e9 amanh\u00e3 (08 de dezembro) no audit\u00f3rio do hotel Belvedere e re\u00fane os membros do Comit\u00ea.Aberta oficialmente pelo presidente do CBHSF, Anivaldo Miranda, os membros acompanharam em sua explana\u00e7\u00e3o um relato das a\u00e7\u00f5es de 2017, primeiro ano do mandato desta diretoria. Al\u00e9m de citar as delibera\u00e7\u00f5es sobre a atualiza\u00e7\u00e3o do Plano de Aplica\u00e7\u00e3o Plurianual com vig\u00eancia para o per\u00edodo 2018 a 2020, o presidente pontuou os avan\u00e7os conquistados nos planos e projetos executados, al\u00e9m da urgente import\u00e2ncia em realizar o cadastramento e recadastramento dos usu\u00e1rios da \u00e1gua na calha do S\u00e3o Francisco para monitoramento em condi\u00e7\u00f5es favor\u00e1veis e, principalmente, em ocasi\u00f5es criticas de capta\u00e7\u00e3o.<\/p>\n<p>Sinalizando como a\u00e7\u00e3o pioneira, Miranda ainda citou a atualiza\u00e7\u00e3o da metodologia de cobran\u00e7a pelo uso da \u00e1gua realizado pelo Comit\u00ea em um processo democr\u00e1tico envolvendo reuni\u00f5es que garantiram a contribui\u00e7\u00e3o e participa\u00e7\u00e3o dos usu\u00e1rios, para constru\u00e7\u00e3o de diretrizes que premia as boas pr\u00e1ticas, forma de incentivo ao uso racional e consciente, associado \u00e0 preserva\u00e7\u00e3o. \u201cQueremos com essa reuni\u00e3o refor\u00e7ar os la\u00e7os de aproxima\u00e7\u00e3o com Paulo Afonso e sinalizar para os munic\u00edpios da Bacia Hidrogr\u00e1fica do Rio S\u00e3o Francisco a import\u00e2ncia do engajamento das prefeituras na luta pela revitaliza\u00e7\u00e3o da Bacia. Entre todas as a\u00e7\u00f5es desenvolvidas ao longo deste novo ano de diretoria, observamos vit\u00f3rias como a aprova\u00e7\u00e3o das novas regras para opera\u00e7\u00e3o dos reservat\u00f3rios, isso significa que as decis\u00f5es n\u00e3o ser\u00e3o feitas apenas sob a \u00f3tica do setor hidrel\u00e9trico, passando a ter a participa\u00e7\u00e3o e contribui\u00e7\u00e3o de todos\u201d, afirmou.<\/p>\n<p>Com as novas regras, o Comit\u00ea pretende promover durante as discuss\u00f5es, n\u00edveis de seguran\u00e7a em situa\u00e7\u00f5es cr\u00edticas. A decis\u00e3o \u00e9 uma das primeiras que devem contribuir para a constru\u00e7\u00e3o do Pacto das \u00c1guas. Quanto ao pacto, Miranda ressaltou que esta \u00e9 uma reivindica\u00e7\u00e3o do CBHSF para garantir a participa\u00e7\u00e3o e compromisso dos estados em torn\u00e1-lo pol\u00edtica de estado, criando uma rede comum de conhecimento.<\/p>\n<p>Representando o munic\u00edpio, o prefeito em exerc\u00edcio Flavio Henrique Magalh\u00e3es Lima, agradeceu a escolha do munic\u00edpio, que vive um momento especial quanto ao trabalho ambiental, para recepcionar a plen\u00e1ria. \u201cPaulo Afonso nasce de um grande impacto ambiental e somente este ano se estrutura e firma a Secret\u00e1ria de Meio Ambiente numa luta feita pelo entendimento de que os munic\u00edpios precisam participar mais das discuss\u00f5es da nossa Bacia\u201d, acrescentou.<\/p>\n<p>Tamb\u00e9m participaram da mesa de abertura da XXXIII Plen\u00e1ria o vice-presidente do CBHSF Maciel Oliveira; o secret\u00e1rio, Lessandro Gabriel da Costa; o secret\u00e1rio de Meio Ambiente da Bahia, Jos\u00e9 Geraldo Reis; a representante do Minist\u00e9rio P\u00fablico da Bahia, promotora Luciana Khoury; o secret\u00e1rio de Meio Ambiente de Sergipe Olivier Chagas, os coordenadores das C\u00e2maras Consultivas Regionais (CCRs) Alto, M\u00e9dio, Subm\u00e9dio e Baixo S\u00e3o Francisco, Silvia Freedman Ruas Dur\u00e3es, Ednaldo de Castro Campos, Julianeli Tolentino de Lima e Honey Gama Oliveira, respectivamente.<\/p>\n<h4><strong>Homenagens<\/strong><\/h4>\n<p>Pensando na contribui\u00e7\u00e3o para a Bacia do S\u00e3o Francisco, o CBHSF homenageou quatro membros, representando o conjunto do Comit\u00ea, pelo trabalho desenvolvido de forma volunt\u00e1ria para a preserva\u00e7\u00e3o do rio. S\u00e3o eles: Antonio Eust\u00e1quio Vieira (Tonh\u00e3o) da regi\u00e3o do Alto S\u00e3o Francisco, Edison Ribeiro do M\u00e9dio S\u00e3o Francisco, Jos\u00e9 Almir Cirilo do Subm\u00e9dio S\u00e3o Francisco e Ant\u00f4nio Jackson do Baixo s\u00e3o Francisco. Em comum, os homenageados carregam a ideia da toler\u00e2ncia e consenso.<\/p>\n<p><img loading=\"lazy\" decoding=\"async\" class=\"wp-image-52007 aligncenter\" src=\"http:\/\/cbhsaofrancisco.org.br\/2017\/\/box\/uploads\/2017\/12\/IMG_6659-700x600.jpg\" sizes=\"auto, (max-width: 700px) 100vw, 700px\" srcset=\"http:\/\/cbhsaofrancisco.org.br\/2017\/\/box\/uploads\/2017\/12\/IMG_6659-700x600.jpg 700w, http:\/\/cbhsaofrancisco.org.br\/2017\/\/box\/uploads\/2017\/12\/IMG_6659-200x171.jpg 200w, http:\/\/cbhsaofrancisco.org.br\/2017\/\/box\/uploads\/2017\/12\/IMG_6659-768x658.jpg 768w\" alt=\"\" width=\"690\" height=\"591\" \/><\/p>\n<p><em>Ant\u00f4nio Eust\u00e1quio (Tonh\u00e3o), Anivaldo Miranda, Jos\u00e9 Almir Cirilo, Ant\u00f4nio Jackson e Edison Ribeiro<\/em><\/p>\n<p><strong>Ant\u00f4nio Eut\u00e1quio \u2013<\/strong>\u00a0Formado em ci\u00eancias biol\u00f3gicas, especialista em educa\u00e7\u00e3o ambiental, gest\u00e3o ambiental, gest\u00e3o de cidades e ambientes urbanos. Secret\u00e1rio executivo do CBH Paracatu \u00e9 presidente do movimento verde de Paracatu, atua no CBHSF desde sua funda\u00e7\u00e3o.<\/p>\n<p><strong>Edison Ribeiro \u2013<\/strong>\u00a0Formado em administra\u00e7\u00e3o de empresas, membro da primeira diretoria do CBHSF, representando a sociedade civil foi secret\u00e1rio e coordenador no m\u00e9dio S\u00e3o Francisco, presidente do comit\u00ea da bacia do Rio Verde e Jacar\u00e9.<\/p>\n<p><strong>Jos\u00e9 Almir Cirilo \u2013<\/strong>\u00a0Graduado em engenharia civil pela Universidade de Pernambuco exerceu a fun\u00e7\u00e3o de secret\u00e1rio de recursos h\u00eddricos e energ\u00e9ticos de Pernambuco. Foi membro da diretoria do CBHSF representando a comunidade cient\u00edfica.<\/p>\n<p><strong>Ant\u00f4nio Jackson \u2013<\/strong>\u00a0Fundador do Museu do S\u00e3o Francisco \u00e9 catador de lixo das margens do S\u00e3o Francisco desde 1967. Nos anos 1950 o rio se deslocava 40 km parando no quintal de sua casa em Alagoas, onde aprendeu a pescar. Quando morrer, como diz, quer virar carranca para continuar sua luta pela preserva\u00e7\u00e3o do Rio S\u00e3o Francisco.<\/p>\n<p>Para o pr\u00f3ximo ano, a ideia \u00e9 ampliar as homenagens estendendo aos usu\u00e1rios que desenvolverem boas pr\u00e1ticas de uso da \u00e1gua.<\/p>\n<h4><strong>Aprova\u00e7\u00e3o da ata<\/strong><\/h4>\n<p>A manh\u00e3 foi finalizada com a prova\u00e7\u00e3o das atas da XXXII Plen\u00e1ria Ordin\u00e1ria, realizada nos dias 18 e 19 de maio de 2017, em Recife (PE) e XX Plen\u00e1ria Extraordin\u00e1ria, realizada no dia 25 de agosto de 2017, em Bras\u00edlia (DF). Concluindo os trabalhos o presidente do CBHSF, Anivaldo Miranda pontuou: \u201cTivemos um ano extremamente produtivo, mas acredito que 2018 ser\u00e1 ainda mais decisivo\u201d, concluiu.<\/p>\n<h4><strong>Veja fotos da abertura da Plen\u00e1ria<\/strong><\/h4>\n<div class=\"fshow-wrapper\"><iframe loading=\"lazy\" src=\"http:\/\/cbhsaofrancisco.org.br\/2017\/fshow_orbit_58e7ecb8b2862?photosetid=72157661361491997&amp;user_id=148958993%40N05&amp;username=photomatt&amp;gallery_url=https%3A%2F%2Fwww.flickr.com%2Fphotos%2Fphotomatt%2Fsets%2F72157661361491997%2F\" width=\"300\" height=\"150\" allowfullscreen=\"allowfullscreen\" data-mce-fragment=\"1\"><\/iframe><\/div>\n<div><\/div>\n<div>Ascom\/CBHSF<\/div>\n<\/article>\n<aside class=\"col-lg-4 col-md-5 col-sm-5 hidden-sm hidden-xs\">\n<div class=\"sidebar-box\"><\/div>\n<\/aside>\n<\/div>\n<\/div>\n<\/div>\n<div class=\"notice-list\">\n<div class=\"row\">\n<div class=\"container\">\n<h3 class=\"title\"><\/h3>\n<\/div>\n<\/div>\n<\/div>\n","protected":false},"excerpt":{"rendered":"<p>Durante o primeiro per\u00edodo dessa quinta-feira (07 de dezembro) o Comit\u00ea da Bacia Hidrogr\u00e1fica do Rio S\u00e3o Francisco (CBHSF) abriu os trabalhos da XXXIII Plen\u00e1ria Ordin\u00e1ria que acontece no munic\u00edpio baiano de Paulo Afonso (471,4 km de Salvador). A \u00faltima plen\u00e1ria do ano acontece at\u00e9 amanh\u00e3 (08 de dezembro) no audit\u00f3rio do hotel Belvedere e re\u00fane os membros do Comit\u00ea.Aberta oficialmente pelo presidente do CBHSF, Anivaldo Miranda, os membros acompanharam em sua explana\u00e7\u00e3o um relato das a\u00e7\u00f5es de 2017, primeiro ano do mandato desta diretoria. Al\u00e9m de citar as delibera\u00e7\u00f5es sobre a atualiza\u00e7\u00e3o do Plano de Aplica\u00e7\u00e3o Plurianual com vig\u00eancia para o per\u00edodo 2018 a 2020, o presidente pontuou os avan\u00e7os conquistados nos planos e projetos executados, al\u00e9m da urgente&hellip; <\/p>\n","protected":false},"author":1,"featured_media":183528,"comment_status":"open","ping_status":"closed","sticky":false,"template":"","format":"standard","meta":{"_acf_changed":false,"footnotes":""},"categories":[56,29],"tags":[],"class_list":["post-183527","post","type-post","status-publish","format-standard","has-post-thumbnail","hentry","category-agua","category-meio-ambiente"],"acf":[],"yoast_head":"<!-- This site is optimized with the Yoast SEO plugin v27.4 - https:\/\/yoast.com\/product\/yoast-seo-wordpress\/ -->\n<title>COMIT\u00ca DA BACIA (CBHSF) FAZ AVALIA\u00c7\u00c3O DAS A\u00c7\u00d5ES NO ANO, DURANTE A XXXIII PLEN\u00c1RIA - Blog do Farn\u00e9sio<\/title>\n<meta name=\"robots\" content=\"index, follow, max-snippet:-1, max-image-preview:large, max-video-preview:-1\" \/>\n<link rel=\"canonical\" href=\"https:\/\/blogdofarnesio.com.br\/?p=183527\" \/>\n<meta property=\"og:locale\" content=\"pt_BR\" \/>\n<meta property=\"og:type\" content=\"article\" \/>\n<meta property=\"og:title\" content=\"COMIT\u00ca DA BACIA (CBHSF) FAZ AVALIA\u00c7\u00c3O DAS A\u00c7\u00d5ES NO ANO, DURANTE A XXXIII PLEN\u00c1RIA - Blog do Farn\u00e9sio\" \/>\n<meta property=\"og:description\" content=\"Durante o primeiro per\u00edodo dessa quinta-feira (07 de dezembro) o Comit\u00ea da Bacia Hidrogr\u00e1fica do Rio S\u00e3o Francisco (CBHSF) abriu os trabalhos da XXXIII Plen\u00e1ria Ordin\u00e1ria que acontece no munic\u00edpio baiano de Paulo Afonso (471,4 km de Salvador). A \u00faltima plen\u00e1ria do ano acontece at\u00e9 amanh\u00e3 (08 de dezembro) no audit\u00f3rio do hotel Belvedere e re\u00fane os membros do Comit\u00ea.Aberta oficialmente pelo presidente do CBHSF, Anivaldo Miranda, os membros acompanharam em sua explana\u00e7\u00e3o um relato das a\u00e7\u00f5es de 2017, primeiro ano do mandato desta diretoria. Al\u00e9m de citar as delibera\u00e7\u00f5es sobre a atualiza\u00e7\u00e3o do Plano de Aplica\u00e7\u00e3o Plurianual com vig\u00eancia para o per\u00edodo 2018 a 2020, o presidente pontuou os avan\u00e7os conquistados nos planos e projetos executados, al\u00e9m da urgente&hellip;\" \/>\n<meta property=\"og:url\" content=\"https:\/\/blogdofarnesio.com.br\/?p=183527\" \/>\n<meta property=\"og:site_name\" content=\"Blog do Farn\u00e9sio\" \/>\n<meta property=\"article:publisher\" content=\"https:\/\/www.facebook.com\/BlogQuerSaberPolitica\/\" \/>\n<meta property=\"article:published_time\" content=\"2017-12-07T18:20:05+00:00\" \/>\n<meta property=\"article:modified_time\" content=\"2017-12-07T18:35:00+00:00\" \/>\n<meta property=\"og:image\" content=\"https:\/\/blogdofarnesio.com.br\/wp-content\/uploads\/2017\/12\/blogqspcbhsfplenaria.jpg\" \/>\n\t<meta property=\"og:image:width\" content=\"700\" \/>\n\t<meta property=\"og:image:height\" content=\"397\" \/>\n\t<meta property=\"og:image:type\" content=\"image\/jpeg\" \/>\n<meta name=\"author\" content=\"Farn\u00e9sio\" \/>\n<meta name=\"twitter:card\" content=\"summary_large_image\" \/>\n<meta name=\"twitter:label1\" content=\"Escrito por\" \/>\n\t<meta name=\"twitter:data1\" content=\"Farn\u00e9sio\" \/>\n\t<meta name=\"twitter:label2\" content=\"Est. tempo de leitura\" \/>\n\t<meta name=\"twitter:data2\" content=\"5 minutos\" \/>\n<script type=\"application\/ld+json\" class=\"yoast-schema-graph\">{\"@context\":\"https:\\\/\\\/schema.org\",\"@graph\":[{\"@type\":\"Article\",\"@id\":\"https:\\\/\\\/blogdofarnesio.com.br\\\/?p=183527#article\",\"isPartOf\":{\"@id\":\"https:\\\/\\\/blogdofarnesio.com.br\\\/?p=183527\"},\"author\":{\"name\":\"Farn\u00e9sio\",\"@id\":\"https:\\\/\\\/blogdofarnesio.com.br\\\/#\\\/schema\\\/person\\\/301c4acf522bccbfdb45af95b5b906a1\"},\"headline\":\"COMIT\u00ca DA BACIA (CBHSF) FAZ AVALIA\u00c7\u00c3O DAS A\u00c7\u00d5ES NO ANO, DURANTE A XXXIII PLEN\u00c1RIA\",\"datePublished\":\"2017-12-07T18:20:05+00:00\",\"dateModified\":\"2017-12-07T18:35:00+00:00\",\"mainEntityOfPage\":{\"@id\":\"https:\\\/\\\/blogdofarnesio.com.br\\\/?p=183527\"},\"wordCount\":984,\"commentCount\":0,\"publisher\":{\"@id\":\"https:\\\/\\\/blogdofarnesio.com.br\\\/#organization\"},\"image\":{\"@id\":\"https:\\\/\\\/blogdofarnesio.com.br\\\/?p=183527#primaryimage\"},\"thumbnailUrl\":\"https:\\\/\\\/blogdofarnesio.com.br\\\/wp-content\\\/uploads\\\/2017\\\/12\\\/blogqspcbhsfplenaria.jpg\",\"articleSection\":[\"\u00c1gua\",\"Meio Ambiente\"],\"inLanguage\":\"pt-BR\",\"potentialAction\":[{\"@type\":\"CommentAction\",\"name\":\"Comment\",\"target\":[\"https:\\\/\\\/blogdofarnesio.com.br\\\/?p=183527#respond\"]}]},{\"@type\":\"WebPage\",\"@id\":\"https:\\\/\\\/blogdofarnesio.com.br\\\/?p=183527\",\"url\":\"https:\\\/\\\/blogdofarnesio.com.br\\\/?p=183527\",\"name\":\"COMIT\u00ca DA BACIA (CBHSF) FAZ AVALIA\u00c7\u00c3O DAS A\u00c7\u00d5ES NO ANO, DURANTE A XXXIII PLEN\u00c1RIA - Blog do Farn\u00e9sio\",\"isPartOf\":{\"@id\":\"https:\\\/\\\/blogdofarnesio.com.br\\\/#website\"},\"primaryImageOfPage\":{\"@id\":\"https:\\\/\\\/blogdofarnesio.com.br\\\/?p=183527#primaryimage\"},\"image\":{\"@id\":\"https:\\\/\\\/blogdofarnesio.com.br\\\/?p=183527#primaryimage\"},\"thumbnailUrl\":\"https:\\\/\\\/blogdofarnesio.com.br\\\/wp-content\\\/uploads\\\/2017\\\/12\\\/blogqspcbhsfplenaria.jpg\",\"datePublished\":\"2017-12-07T18:20:05+00:00\",\"dateModified\":\"2017-12-07T18:35:00+00:00\",\"breadcrumb\":{\"@id\":\"https:\\\/\\\/blogdofarnesio.com.br\\\/?p=183527#breadcrumb\"},\"inLanguage\":\"pt-BR\",\"potentialAction\":[{\"@type\":\"ReadAction\",\"target\":[\"https:\\\/\\\/blogdofarnesio.com.br\\\/?p=183527\"]}]},{\"@type\":\"ImageObject\",\"inLanguage\":\"pt-BR\",\"@id\":\"https:\\\/\\\/blogdofarnesio.com.br\\\/?p=183527#primaryimage\",\"url\":\"https:\\\/\\\/blogdofarnesio.com.br\\\/wp-content\\\/uploads\\\/2017\\\/12\\\/blogqspcbhsfplenaria.jpg\",\"contentUrl\":\"https:\\\/\\\/blogdofarnesio.com.br\\\/wp-content\\\/uploads\\\/2017\\\/12\\\/blogqspcbhsfplenaria.jpg\",\"width\":700,\"height\":397},{\"@type\":\"BreadcrumbList\",\"@id\":\"https:\\\/\\\/blogdofarnesio.com.br\\\/?p=183527#breadcrumb\",\"itemListElement\":[{\"@type\":\"ListItem\",\"position\":1,\"name\":\"In\u00edcio\",\"item\":\"https:\\\/\\\/blogdofarnesio.com.br\\\/\"},{\"@type\":\"ListItem\",\"position\":2,\"name\":\"COMIT\u00ca DA BACIA (CBHSF) FAZ AVALIA\u00c7\u00c3O DAS A\u00c7\u00d5ES NO ANO, DURANTE A XXXIII PLEN\u00c1RIA\"}]},{\"@type\":\"WebSite\",\"@id\":\"https:\\\/\\\/blogdofarnesio.com.br\\\/#website\",\"url\":\"https:\\\/\\\/blogdofarnesio.com.br\\\/\",\"name\":\"Blog do Farn\u00e9sio\",\"description\":\"Quer Saber Pol\u00edtica?\",\"publisher\":{\"@id\":\"https:\\\/\\\/blogdofarnesio.com.br\\\/#organization\"},\"potentialAction\":[{\"@type\":\"SearchAction\",\"target\":{\"@type\":\"EntryPoint\",\"urlTemplate\":\"https:\\\/\\\/blogdofarnesio.com.br\\\/?s={search_term_string}\"},\"query-input\":{\"@type\":\"PropertyValueSpecification\",\"valueRequired\":true,\"valueName\":\"search_term_string\"}}],\"inLanguage\":\"pt-BR\"},{\"@type\":\"Organization\",\"@id\":\"https:\\\/\\\/blogdofarnesio.com.br\\\/#organization\",\"name\":\"Blog do Farn\u00e9sio\",\"url\":\"https:\\\/\\\/blogdofarnesio.com.br\\\/\",\"logo\":{\"@type\":\"ImageObject\",\"inLanguage\":\"pt-BR\",\"@id\":\"https:\\\/\\\/blogdofarnesio.com.br\\\/#\\\/schema\\\/logo\\\/image\\\/\",\"url\":\"https:\\\/\\\/blogdofarnesio.com.br\\\/wp-content\\\/uploads\\\/2026\\\/03\\\/cropped-logo_new-1.png\",\"contentUrl\":\"https:\\\/\\\/blogdofarnesio.com.br\\\/wp-content\\\/uploads\\\/2026\\\/03\\\/cropped-logo_new-1.png\",\"width\":881,\"height\":685,\"caption\":\"Blog do Farn\u00e9sio\"},\"image\":{\"@id\":\"https:\\\/\\\/blogdofarnesio.com.br\\\/#\\\/schema\\\/logo\\\/image\\\/\"},\"sameAs\":[\"https:\\\/\\\/www.facebook.com\\\/BlogQuerSaberPolitica\\\/\"]},{\"@type\":\"Person\",\"@id\":\"https:\\\/\\\/blogdofarnesio.com.br\\\/#\\\/schema\\\/person\\\/301c4acf522bccbfdb45af95b5b906a1\",\"name\":\"Farn\u00e9sio\",\"image\":{\"@type\":\"ImageObject\",\"inLanguage\":\"pt-BR\",\"@id\":\"https:\\\/\\\/secure.gravatar.com\\\/avatar\\\/df0c9a14567c056f8ad6876ba5bbd1e3e2c48023eb6807342fc4663adf549f38?s=96&d=mm&r=g\",\"url\":\"https:\\\/\\\/secure.gravatar.com\\\/avatar\\\/df0c9a14567c056f8ad6876ba5bbd1e3e2c48023eb6807342fc4663adf549f38?s=96&d=mm&r=g\",\"contentUrl\":\"https:\\\/\\\/secure.gravatar.com\\\/avatar\\\/df0c9a14567c056f8ad6876ba5bbd1e3e2c48023eb6807342fc4663adf549f38?s=96&d=mm&r=g\",\"caption\":\"Farn\u00e9sio\"},\"sameAs\":[\"https:\\\/\\\/quersaberpolitica.com.br\"],\"url\":\"https:\\\/\\\/blogdofarnesio.com.br\\\/?author=1\"}]}<\/script>\n<!-- \/ Yoast SEO plugin. -->","yoast_head_json":{"title":"COMIT\u00ca DA BACIA (CBHSF) FAZ AVALIA\u00c7\u00c3O DAS A\u00c7\u00d5ES NO ANO, DURANTE A XXXIII PLEN\u00c1RIA - Blog do Farn\u00e9sio","robots":{"index":"index","follow":"follow","max-snippet":"max-snippet:-1","max-image-preview":"max-image-preview:large","max-video-preview":"max-video-preview:-1"},"canonical":"https:\/\/blogdofarnesio.com.br\/?p=183527","og_locale":"pt_BR","og_type":"article","og_title":"COMIT\u00ca DA BACIA (CBHSF) FAZ AVALIA\u00c7\u00c3O DAS A\u00c7\u00d5ES NO ANO, DURANTE A XXXIII PLEN\u00c1RIA - Blog do Farn\u00e9sio","og_description":"Durante o primeiro per\u00edodo dessa quinta-feira (07 de dezembro) o Comit\u00ea da Bacia Hidrogr\u00e1fica do Rio S\u00e3o Francisco (CBHSF) abriu os trabalhos da XXXIII Plen\u00e1ria Ordin\u00e1ria que acontece no munic\u00edpio baiano de Paulo Afonso (471,4 km de Salvador). A \u00faltima plen\u00e1ria do ano acontece at\u00e9 amanh\u00e3 (08 de dezembro) no audit\u00f3rio do hotel Belvedere e re\u00fane os membros do Comit\u00ea.Aberta oficialmente pelo presidente do CBHSF, Anivaldo Miranda, os membros acompanharam em sua explana\u00e7\u00e3o um relato das a\u00e7\u00f5es de 2017, primeiro ano do mandato desta diretoria. Al\u00e9m de citar as delibera\u00e7\u00f5es sobre a atualiza\u00e7\u00e3o do Plano de Aplica\u00e7\u00e3o Plurianual com vig\u00eancia para o per\u00edodo 2018 a 2020, o presidente pontuou os avan\u00e7os conquistados nos planos e projetos executados, al\u00e9m da urgente&hellip;","og_url":"https:\/\/blogdofarnesio.com.br\/?p=183527","og_site_name":"Blog do Farn\u00e9sio","article_publisher":"https:\/\/www.facebook.com\/BlogQuerSaberPolitica\/","article_published_time":"2017-12-07T18:20:05+00:00","article_modified_time":"2017-12-07T18:35:00+00:00","og_image":[{"width":700,"height":397,"url":"https:\/\/blogdofarnesio.com.br\/wp-content\/uploads\/2017\/12\/blogqspcbhsfplenaria.jpg","type":"image\/jpeg"}],"author":"Farn\u00e9sio","twitter_card":"summary_large_image","twitter_misc":{"Escrito por":"Farn\u00e9sio","Est. tempo de leitura":"5 minutos"},"schema":{"@context":"https:\/\/schema.org","@graph":[{"@type":"Article","@id":"https:\/\/blogdofarnesio.com.br\/?p=183527#article","isPartOf":{"@id":"https:\/\/blogdofarnesio.com.br\/?p=183527"},"author":{"name":"Farn\u00e9sio","@id":"https:\/\/blogdofarnesio.com.br\/#\/schema\/person\/301c4acf522bccbfdb45af95b5b906a1"},"headline":"COMIT\u00ca DA BACIA (CBHSF) FAZ AVALIA\u00c7\u00c3O DAS A\u00c7\u00d5ES NO ANO, DURANTE A XXXIII PLEN\u00c1RIA","datePublished":"2017-12-07T18:20:05+00:00","dateModified":"2017-12-07T18:35:00+00:00","mainEntityOfPage":{"@id":"https:\/\/blogdofarnesio.com.br\/?p=183527"},"wordCount":984,"commentCount":0,"publisher":{"@id":"https:\/\/blogdofarnesio.com.br\/#organization"},"image":{"@id":"https:\/\/blogdofarnesio.com.br\/?p=183527#primaryimage"},"thumbnailUrl":"https:\/\/blogdofarnesio.com.br\/wp-content\/uploads\/2017\/12\/blogqspcbhsfplenaria.jpg","articleSection":["\u00c1gua","Meio Ambiente"],"inLanguage":"pt-BR","potentialAction":[{"@type":"CommentAction","name":"Comment","target":["https:\/\/blogdofarnesio.com.br\/?p=183527#respond"]}]},{"@type":"WebPage","@id":"https:\/\/blogdofarnesio.com.br\/?p=183527","url":"https:\/\/blogdofarnesio.com.br\/?p=183527","name":"COMIT\u00ca DA BACIA (CBHSF) FAZ AVALIA\u00c7\u00c3O DAS A\u00c7\u00d5ES NO ANO, DURANTE A XXXIII PLEN\u00c1RIA - Blog do Farn\u00e9sio","isPartOf":{"@id":"https:\/\/blogdofarnesio.com.br\/#website"},"primaryImageOfPage":{"@id":"https:\/\/blogdofarnesio.com.br\/?p=183527#primaryimage"},"image":{"@id":"https:\/\/blogdofarnesio.com.br\/?p=183527#primaryimage"},"thumbnailUrl":"https:\/\/blogdofarnesio.com.br\/wp-content\/uploads\/2017\/12\/blogqspcbhsfplenaria.jpg","datePublished":"2017-12-07T18:20:05+00:00","dateModified":"2017-12-07T18:35:00+00:00","breadcrumb":{"@id":"https:\/\/blogdofarnesio.com.br\/?p=183527#breadcrumb"},"inLanguage":"pt-BR","potentialAction":[{"@type":"ReadAction","target":["https:\/\/blogdofarnesio.com.br\/?p=183527"]}]},{"@type":"ImageObject","inLanguage":"pt-BR","@id":"https:\/\/blogdofarnesio.com.br\/?p=183527#primaryimage","url":"https:\/\/blogdofarnesio.com.br\/wp-content\/uploads\/2017\/12\/blogqspcbhsfplenaria.jpg","contentUrl":"https:\/\/blogdofarnesio.com.br\/wp-content\/uploads\/2017\/12\/blogqspcbhsfplenaria.jpg","width":700,"height":397},{"@type":"BreadcrumbList","@id":"https:\/\/blogdofarnesio.com.br\/?p=183527#breadcrumb","itemListElement":[{"@type":"ListItem","position":1,"name":"In\u00edcio","item":"https:\/\/blogdofarnesio.com.br\/"},{"@type":"ListItem","position":2,"name":"COMIT\u00ca DA BACIA (CBHSF) FAZ AVALIA\u00c7\u00c3O DAS A\u00c7\u00d5ES NO ANO, DURANTE A XXXIII PLEN\u00c1RIA"}]},{"@type":"WebSite","@id":"https:\/\/blogdofarnesio.com.br\/#website","url":"https:\/\/blogdofarnesio.com.br\/","name":"Blog do Farn\u00e9sio","description":"Quer Saber Pol\u00edtica?","publisher":{"@id":"https:\/\/blogdofarnesio.com.br\/#organization"},"potentialAction":[{"@type":"SearchAction","target":{"@type":"EntryPoint","urlTemplate":"https:\/\/blogdofarnesio.com.br\/?s={search_term_string}"},"query-input":{"@type":"PropertyValueSpecification","valueRequired":true,"valueName":"search_term_string"}}],"inLanguage":"pt-BR"},{"@type":"Organization","@id":"https:\/\/blogdofarnesio.com.br\/#organization","name":"Blog do Farn\u00e9sio","url":"https:\/\/blogdofarnesio.com.br\/","logo":{"@type":"ImageObject","inLanguage":"pt-BR","@id":"https:\/\/blogdofarnesio.com.br\/#\/schema\/logo\/image\/","url":"https:\/\/blogdofarnesio.com.br\/wp-content\/uploads\/2026\/03\/cropped-logo_new-1.png","contentUrl":"https:\/\/blogdofarnesio.com.br\/wp-content\/uploads\/2026\/03\/cropped-logo_new-1.png","width":881,"height":685,"caption":"Blog do Farn\u00e9sio"},"image":{"@id":"https:\/\/blogdofarnesio.com.br\/#\/schema\/logo\/image\/"},"sameAs":["https:\/\/www.facebook.com\/BlogQuerSaberPolitica\/"]},{"@type":"Person","@id":"https:\/\/blogdofarnesio.com.br\/#\/schema\/person\/301c4acf522bccbfdb45af95b5b906a1","name":"Farn\u00e9sio","image":{"@type":"ImageObject","inLanguage":"pt-BR","@id":"https:\/\/secure.gravatar.com\/avatar\/df0c9a14567c056f8ad6876ba5bbd1e3e2c48023eb6807342fc4663adf549f38?s=96&d=mm&r=g","url":"https:\/\/secure.gravatar.com\/avatar\/df0c9a14567c056f8ad6876ba5bbd1e3e2c48023eb6807342fc4663adf549f38?s=96&d=mm&r=g","contentUrl":"https:\/\/secure.gravatar.com\/avatar\/df0c9a14567c056f8ad6876ba5bbd1e3e2c48023eb6807342fc4663adf549f38?s=96&d=mm&r=g","caption":"Farn\u00e9sio"},"sameAs":["https:\/\/quersaberpolitica.com.br"],"url":"https:\/\/blogdofarnesio.com.br\/?author=1"}]}},"_links":{"self":[{"href":"https:\/\/blogdofarnesio.com.br\/index.php?rest_route=\/wp\/v2\/posts\/183527","targetHints":{"allow":["GET"]}}],"collection":[{"href":"https:\/\/blogdofarnesio.com.br\/index.php?rest_route=\/wp\/v2\/posts"}],"about":[{"href":"https:\/\/blogdofarnesio.com.br\/index.php?rest_route=\/wp\/v2\/types\/post"}],"author":[{"embeddable":true,"href":"https:\/\/blogdofarnesio.com.br\/index.php?rest_route=\/wp\/v2\/users\/1"}],"replies":[{"embeddable":true,"href":"https:\/\/blogdofarnesio.com.br\/index.php?rest_route=%2Fwp%2Fv2%2Fcomments&post=183527"}],"version-history":[{"count":0,"href":"https:\/\/blogdofarnesio.com.br\/index.php?rest_route=\/wp\/v2\/posts\/183527\/revisions"}],"wp:featuredmedia":[{"embeddable":true,"href":"https:\/\/blogdofarnesio.com.br\/index.php?rest_route=\/wp\/v2\/media\/183528"}],"wp:attachment":[{"href":"https:\/\/blogdofarnesio.com.br\/index.php?rest_route=%2Fwp%2Fv2%2Fmedia&parent=183527"}],"wp:term":[{"taxonomy":"category","embeddable":true,"href":"https:\/\/blogdofarnesio.com.br\/index.php?rest_route=%2Fwp%2Fv2%2Fcategories&post=183527"},{"taxonomy":"post_tag","embeddable":true,"href":"https:\/\/blogdofarnesio.com.br\/index.php?rest_route=%2Fwp%2Fv2%2Ftags&post=183527"}],"curies":[{"name":"wp","href":"https:\/\/api.w.org\/{rel}","templated":true}]}}