{"id":183522,"date":"2017-12-07T15:00:14","date_gmt":"2017-12-07T18:00:14","guid":{"rendered":"http:\/\/quersaberpolitica.com.br\/2016\/?p=183522"},"modified":"2017-12-07T11:56:24","modified_gmt":"2017-12-07T14:56:24","slug":"consorcios-garantem-policlinicas-nas-regioes-de-jacobina-e-senhor-do-bonfim","status":"publish","type":"post","link":"https:\/\/blogdofarnesio.com.br\/?p=183522","title":{"rendered":"CONS\u00d3RCIOS GARANTEM POLICL\u00cdNICAS NAS REGI\u00d5ES DE JACOBINA E SENHOR DO BONFIM"},"content":{"rendered":"<div style=\"text-align: justify;\">Duas policl\u00ednicas regionais de sa\u00fade ser\u00e3o constru\u00eddas em Jacobina e em Senhor do Bonfim, no centro norte da Bahia. O documento que garante a constru\u00e7\u00e3o dos equipamentos foi assinado pelo governador Rui Costa e prefeitos das regi\u00f5es no Sal\u00e3o de Atos da Governadoria, no Centro Administrativo da Bahia (CAB), em Salvador, na tarde desta quarta-feira (6). As policl\u00ednicas v\u00e3o beneficiar cerca de 700 mil pessoas, distribu\u00eddas em 30 munic\u00edpios.<\/p>\n<p>O protocolo de inten\u00e7\u00f5es \u00e9 o passo inicial para a opera\u00e7\u00e3o do Cons\u00f3rcio P\u00fablico de Sa\u00fade das regi\u00f5es de Senhor do Bonfim e Jacobina. &#8220;Pulverizar recursos afeta a qualidade do atendimento. Regionalizar a sa\u00fade \u00e9 uma estrat\u00e9gia que se mostra eficaz em diversos pa\u00edses desenvolvidos espalhados pelo mundo. \u00c9 isso que estamos realizando com as policl\u00ednicas. Estamos mudando o modo de fazer pol\u00edtica p\u00fablica de sa\u00fade na Bahia&#8221;, afirmou Rui.<\/p>\n<p>Cada policl\u00ednica receber\u00e1 investimentos da ordem de R$ 24 milh\u00f5es, custeados totalmente pelo Estado. Os recursos ser\u00e3o aplicados em infraestrutura e aparelhos de \u00faltima gera\u00e7\u00e3o. Os gastos com a manuten\u00e7\u00e3o do equipamento ser\u00e3o divididos entre o governo estadual e os munic\u00edpios consorciados. &#8220;Uma vez estabelecido o cons\u00f3rcio, medidas legais s\u00e3o tomadas, e a obra \u00e9 licitada e executada em nove meses, em m\u00e9dia&#8221;, explicou o secret\u00e1rio estadual da Sa\u00fade, F\u00e1bio Vilas-Boas.<\/p>\n<p>Ca\u00e9m, Caldeir\u00e3o Grande, Capim Grosso, Jacobina, Mairi, Miguel Calmon, Mirangaba, Mundo Novo, Ourol\u00e2ndia, Piritiba, Quixabeira, S\u00e3o Jos\u00e9 do Jacu\u00edpe, Sa\u00fade, Serrol\u00e2ndia, Umburanas, V\u00e1rzea da Ro\u00e7a, V\u00e1rzea do Po\u00e7o e V\u00e1rzea Nova fazem parte do cons\u00f3rcio da regi\u00e3o de Jacobina. J\u00e1 em Senhor do Bonfim, ter\u00e3o acesso ao equipamento a popula\u00e7\u00e3o de Andorinha, Ant\u00f4nio Gon\u00e7alves, Campo Formoso, Filad\u00e9lfia, Iti\u00faba, Jaguarari, Pindoba\u00e7u, Ponto Novo, Nordestina, Cansan\u00e7\u00e3o e Queimadas, al\u00e9m de Senhor do Bonfim.<\/p>\n<p>Al\u00e9m da policl\u00ednica, ser\u00e3o oferecidos micro-\u00f4nibus para levar os pacientes at\u00e9 a unidade de sa\u00fade. &#8220;Essa policl\u00ednica \u00e9 um importante avan\u00e7o para transformar Jacobina em um polo de sa\u00fade&#8221;, comemorou o prefeito do munic\u00edpio, Luciano Pinheiro. O prefeito de Senhor do Bonfim, Carlos Brasileiro, ressaltou que &#8220;a parceria entre munic\u00edpios e Estado representa uma quebra de paradigma no atendimento \u00e0 sa\u00fade, que muito se esperava na Bahia&#8221;.<\/p>\n<p><b>Servi\u00e7os de qualidade<\/b><\/p>\n<p>As policl\u00ednicas oferecem uma gama diversificada de exames de alta e m\u00e9dia complexidade, com destaque para resson\u00e2ncia magn\u00e9tica, tomografia, mamografia, ultrassonografia com doppler, ecocardiografia, ergometria, mapa, holter, eletroencefalograma, eletromiografia, raio-x, eletrocardiograma, endoscopia, colonoscopia, nasolaringoscopia, colposcopia, histeroscopia e cistoscopia. Tamb\u00e9m ser\u00e3o realizados procedimentos de vasectomia, cauteriza\u00e7\u00e3o, pequenas cirurgias e cuidados com o p\u00e9 diab\u00e9tico, al\u00e9m de bi\u00f3psias de mama, tireoide, pr\u00f3stata, d\u00e9rmica, gastroenteral, entre outras.<\/p>\n<p>&#8220;Quem ganha \u00e9 a popula\u00e7\u00e3o que n\u00e3o vai precisar acordar de madrugada para chegar a Salvador para se submeter a exames&#8221;, lembrou o prefeito de Mairi, Jos\u00e9 Bonif\u00e1cio Silva, mais conhecido como Jobope. &#8220;A policl\u00ednica vem para minimizar o sofrimento das pessoas que mais precisam e que dependem do Sistema \u00danico de Sa\u00fade [SUS]&#8221;, acrescentou a prefeita de Campo Formoso, Rose Menezes. &#8220;As mortes diminuir\u00e3o, pois as doen\u00e7as ser\u00e3o descobertas precocemente&#8221;, completou o prefeito de Filad\u00e9lfia, Lourival Maia.<\/p>\n<p><b>Mais sa\u00fade<\/b><\/p>\n<p>Importantes investimentos na sa\u00fade p\u00fablica t\u00eam sido realizados pelo Governo do Estado. Duas policl\u00ednicas regionais j\u00e1 est\u00e3o em funcionamento em Teixeira de Freitas e Guanambi, beneficiando 34 cidades do Extremo Sul e do Alto Sert\u00e3o. Nesta sexta (8), outra unidade ser\u00e1 entregue pelo governador em Irec\u00ea. No dia 22, a regi\u00e3o de Jequi\u00e9 tamb\u00e9m passa a contar com mais uma policl\u00ednica.<\/p>\n<p>Al\u00e9m disso, j\u00e1 est\u00e1 em opera\u00e7\u00e3o o Hospital Regional da Chapada, que beneficia 13 munic\u00edpios da regi\u00e3o de Seabra, e o Hospital da Costa do Cacau, em Ilh\u00e9us, ser\u00e1 inaugurado no dia 15.<\/p><\/div>\n<p style=\"text-align: justify;\">\n<b><i>Fotos: Mateus Pereira\/GOVBA<\/i><\/b><\/p>\n","protected":false},"excerpt":{"rendered":"<p>Duas policl\u00ednicas regionais de sa\u00fade ser\u00e3o constru\u00eddas em Jacobina e em Senhor do Bonfim, no centro norte da Bahia. O documento que garante a constru\u00e7\u00e3o dos equipamentos foi assinado pelo governador Rui Costa e prefeitos das regi\u00f5es no Sal\u00e3o de Atos da Governadoria, no Centro Administrativo da Bahia (CAB), em Salvador, na tarde desta quarta-feira (6). As policl\u00ednicas v\u00e3o beneficiar cerca de 700 mil pessoas, distribu\u00eddas em 30 munic\u00edpios. O protocolo de inten\u00e7\u00f5es \u00e9 o passo inicial para a opera\u00e7\u00e3o do Cons\u00f3rcio P\u00fablico de Sa\u00fade das regi\u00f5es de Senhor do Bonfim e Jacobina. &#8220;Pulverizar recursos afeta a qualidade do atendimento. Regionalizar a sa\u00fade \u00e9 uma estrat\u00e9gia que se mostra eficaz em diversos pa\u00edses desenvolvidos espalhados pelo mundo. \u00c9 isso que&hellip; <\/p>\n","protected":false},"author":1,"featured_media":183523,"comment_status":"open","ping_status":"closed","sticky":false,"template":"","format":"standard","meta":{"_acf_changed":false,"footnotes":""},"categories":[44],"tags":[],"class_list":["post-183522","post","type-post","status-publish","format-standard","has-post-thumbnail","hentry","category-administracao"],"acf":[],"yoast_head":"<!-- This site is optimized with the Yoast SEO plugin v27.4 - https:\/\/yoast.com\/product\/yoast-seo-wordpress\/ -->\n<title>CONS\u00d3RCIOS GARANTEM POLICL\u00cdNICAS NAS REGI\u00d5ES DE JACOBINA E SENHOR DO BONFIM - Blog do Farn\u00e9sio<\/title>\n<meta name=\"robots\" content=\"index, follow, max-snippet:-1, max-image-preview:large, max-video-preview:-1\" \/>\n<link rel=\"canonical\" href=\"https:\/\/blogdofarnesio.com.br\/?p=183522\" \/>\n<meta property=\"og:locale\" content=\"pt_BR\" \/>\n<meta property=\"og:type\" content=\"article\" \/>\n<meta property=\"og:title\" content=\"CONS\u00d3RCIOS GARANTEM POLICL\u00cdNICAS NAS REGI\u00d5ES DE JACOBINA E SENHOR DO BONFIM - Blog do Farn\u00e9sio\" \/>\n<meta property=\"og:description\" content=\"Duas policl\u00ednicas regionais de sa\u00fade ser\u00e3o constru\u00eddas em Jacobina e em Senhor do Bonfim, no centro norte da Bahia. O documento que garante a constru\u00e7\u00e3o dos equipamentos foi assinado pelo governador Rui Costa e prefeitos das regi\u00f5es no Sal\u00e3o de Atos da Governadoria, no Centro Administrativo da Bahia (CAB), em Salvador, na tarde desta quarta-feira (6). As policl\u00ednicas v\u00e3o beneficiar cerca de 700 mil pessoas, distribu\u00eddas em 30 munic\u00edpios. O protocolo de inten\u00e7\u00f5es \u00e9 o passo inicial para a opera\u00e7\u00e3o do Cons\u00f3rcio P\u00fablico de Sa\u00fade das regi\u00f5es de Senhor do Bonfim e Jacobina. &#8220;Pulverizar recursos afeta a qualidade do atendimento. Regionalizar a sa\u00fade \u00e9 uma estrat\u00e9gia que se mostra eficaz em diversos pa\u00edses desenvolvidos espalhados pelo mundo. \u00c9 isso que&hellip;\" \/>\n<meta property=\"og:url\" content=\"https:\/\/blogdofarnesio.com.br\/?p=183522\" \/>\n<meta property=\"og:site_name\" content=\"Blog do Farn\u00e9sio\" \/>\n<meta property=\"article:publisher\" content=\"https:\/\/www.facebook.com\/BlogQuerSaberPolitica\/\" \/>\n<meta property=\"article:published_time\" content=\"2017-12-07T18:00:14+00:00\" \/>\n<meta property=\"og:image\" content=\"https:\/\/blogdofarnesio.com.br\/wp-content\/uploads\/2017\/12\/blogqsp-ruicosta.jpg\" \/>\n\t<meta property=\"og:image:width\" content=\"640\" \/>\n\t<meta property=\"og:image:height\" content=\"334\" \/>\n\t<meta property=\"og:image:type\" content=\"image\/jpeg\" \/>\n<meta name=\"author\" content=\"Farn\u00e9sio\" \/>\n<meta name=\"twitter:card\" content=\"summary_large_image\" \/>\n<meta name=\"twitter:label1\" content=\"Escrito por\" \/>\n\t<meta name=\"twitter:data1\" content=\"Farn\u00e9sio\" \/>\n\t<meta name=\"twitter:label2\" content=\"Est. tempo de leitura\" \/>\n\t<meta name=\"twitter:data2\" content=\"3 minutos\" \/>\n<script type=\"application\/ld+json\" class=\"yoast-schema-graph\">{\"@context\":\"https:\\\/\\\/schema.org\",\"@graph\":[{\"@type\":\"Article\",\"@id\":\"https:\\\/\\\/blogdofarnesio.com.br\\\/?p=183522#article\",\"isPartOf\":{\"@id\":\"https:\\\/\\\/blogdofarnesio.com.br\\\/?p=183522\"},\"author\":{\"name\":\"Farn\u00e9sio\",\"@id\":\"https:\\\/\\\/blogdofarnesio.com.br\\\/#\\\/schema\\\/person\\\/301c4acf522bccbfdb45af95b5b906a1\"},\"headline\":\"CONS\u00d3RCIOS GARANTEM POLICL\u00cdNICAS NAS REGI\u00d5ES DE JACOBINA E SENHOR DO BONFIM\",\"datePublished\":\"2017-12-07T18:00:14+00:00\",\"mainEntityOfPage\":{\"@id\":\"https:\\\/\\\/blogdofarnesio.com.br\\\/?p=183522\"},\"wordCount\":699,\"commentCount\":0,\"publisher\":{\"@id\":\"https:\\\/\\\/blogdofarnesio.com.br\\\/#organization\"},\"image\":{\"@id\":\"https:\\\/\\\/blogdofarnesio.com.br\\\/?p=183522#primaryimage\"},\"thumbnailUrl\":\"https:\\\/\\\/blogdofarnesio.com.br\\\/wp-content\\\/uploads\\\/2017\\\/12\\\/blogqsp-ruicosta.jpg\",\"articleSection\":[\"Administra\u00e7\u00e3o\"],\"inLanguage\":\"pt-BR\",\"potentialAction\":[{\"@type\":\"CommentAction\",\"name\":\"Comment\",\"target\":[\"https:\\\/\\\/blogdofarnesio.com.br\\\/?p=183522#respond\"]}]},{\"@type\":\"WebPage\",\"@id\":\"https:\\\/\\\/blogdofarnesio.com.br\\\/?p=183522\",\"url\":\"https:\\\/\\\/blogdofarnesio.com.br\\\/?p=183522\",\"name\":\"CONS\u00d3RCIOS GARANTEM POLICL\u00cdNICAS NAS REGI\u00d5ES DE JACOBINA E SENHOR DO BONFIM - Blog do Farn\u00e9sio\",\"isPartOf\":{\"@id\":\"https:\\\/\\\/blogdofarnesio.com.br\\\/#website\"},\"primaryImageOfPage\":{\"@id\":\"https:\\\/\\\/blogdofarnesio.com.br\\\/?p=183522#primaryimage\"},\"image\":{\"@id\":\"https:\\\/\\\/blogdofarnesio.com.br\\\/?p=183522#primaryimage\"},\"thumbnailUrl\":\"https:\\\/\\\/blogdofarnesio.com.br\\\/wp-content\\\/uploads\\\/2017\\\/12\\\/blogqsp-ruicosta.jpg\",\"datePublished\":\"2017-12-07T18:00:14+00:00\",\"breadcrumb\":{\"@id\":\"https:\\\/\\\/blogdofarnesio.com.br\\\/?p=183522#breadcrumb\"},\"inLanguage\":\"pt-BR\",\"potentialAction\":[{\"@type\":\"ReadAction\",\"target\":[\"https:\\\/\\\/blogdofarnesio.com.br\\\/?p=183522\"]}]},{\"@type\":\"ImageObject\",\"inLanguage\":\"pt-BR\",\"@id\":\"https:\\\/\\\/blogdofarnesio.com.br\\\/?p=183522#primaryimage\",\"url\":\"https:\\\/\\\/blogdofarnesio.com.br\\\/wp-content\\\/uploads\\\/2017\\\/12\\\/blogqsp-ruicosta.jpg\",\"contentUrl\":\"https:\\\/\\\/blogdofarnesio.com.br\\\/wp-content\\\/uploads\\\/2017\\\/12\\\/blogqsp-ruicosta.jpg\",\"width\":640,\"height\":334},{\"@type\":\"BreadcrumbList\",\"@id\":\"https:\\\/\\\/blogdofarnesio.com.br\\\/?p=183522#breadcrumb\",\"itemListElement\":[{\"@type\":\"ListItem\",\"position\":1,\"name\":\"In\u00edcio\",\"item\":\"https:\\\/\\\/blogdofarnesio.com.br\\\/\"},{\"@type\":\"ListItem\",\"position\":2,\"name\":\"CONS\u00d3RCIOS GARANTEM POLICL\u00cdNICAS NAS REGI\u00d5ES DE JACOBINA E SENHOR DO BONFIM\"}]},{\"@type\":\"WebSite\",\"@id\":\"https:\\\/\\\/blogdofarnesio.com.br\\\/#website\",\"url\":\"https:\\\/\\\/blogdofarnesio.com.br\\\/\",\"name\":\"Blog do Farn\u00e9sio\",\"description\":\"Quer Saber Pol\u00edtica?\",\"publisher\":{\"@id\":\"https:\\\/\\\/blogdofarnesio.com.br\\\/#organization\"},\"potentialAction\":[{\"@type\":\"SearchAction\",\"target\":{\"@type\":\"EntryPoint\",\"urlTemplate\":\"https:\\\/\\\/blogdofarnesio.com.br\\\/?s={search_term_string}\"},\"query-input\":{\"@type\":\"PropertyValueSpecification\",\"valueRequired\":true,\"valueName\":\"search_term_string\"}}],\"inLanguage\":\"pt-BR\"},{\"@type\":\"Organization\",\"@id\":\"https:\\\/\\\/blogdofarnesio.com.br\\\/#organization\",\"name\":\"Blog do Farn\u00e9sio\",\"url\":\"https:\\\/\\\/blogdofarnesio.com.br\\\/\",\"logo\":{\"@type\":\"ImageObject\",\"inLanguage\":\"pt-BR\",\"@id\":\"https:\\\/\\\/blogdofarnesio.com.br\\\/#\\\/schema\\\/logo\\\/image\\\/\",\"url\":\"https:\\\/\\\/blogdofarnesio.com.br\\\/wp-content\\\/uploads\\\/2026\\\/03\\\/cropped-logo_new-1.png\",\"contentUrl\":\"https:\\\/\\\/blogdofarnesio.com.br\\\/wp-content\\\/uploads\\\/2026\\\/03\\\/cropped-logo_new-1.png\",\"width\":881,\"height\":685,\"caption\":\"Blog do Farn\u00e9sio\"},\"image\":{\"@id\":\"https:\\\/\\\/blogdofarnesio.com.br\\\/#\\\/schema\\\/logo\\\/image\\\/\"},\"sameAs\":[\"https:\\\/\\\/www.facebook.com\\\/BlogQuerSaberPolitica\\\/\"]},{\"@type\":\"Person\",\"@id\":\"https:\\\/\\\/blogdofarnesio.com.br\\\/#\\\/schema\\\/person\\\/301c4acf522bccbfdb45af95b5b906a1\",\"name\":\"Farn\u00e9sio\",\"image\":{\"@type\":\"ImageObject\",\"inLanguage\":\"pt-BR\",\"@id\":\"https:\\\/\\\/secure.gravatar.com\\\/avatar\\\/df0c9a14567c056f8ad6876ba5bbd1e3e2c48023eb6807342fc4663adf549f38?s=96&d=mm&r=g\",\"url\":\"https:\\\/\\\/secure.gravatar.com\\\/avatar\\\/df0c9a14567c056f8ad6876ba5bbd1e3e2c48023eb6807342fc4663adf549f38?s=96&d=mm&r=g\",\"contentUrl\":\"https:\\\/\\\/secure.gravatar.com\\\/avatar\\\/df0c9a14567c056f8ad6876ba5bbd1e3e2c48023eb6807342fc4663adf549f38?s=96&d=mm&r=g\",\"caption\":\"Farn\u00e9sio\"},\"sameAs\":[\"https:\\\/\\\/quersaberpolitica.com.br\"],\"url\":\"https:\\\/\\\/blogdofarnesio.com.br\\\/?author=1\"}]}<\/script>\n<!-- \/ Yoast SEO plugin. -->","yoast_head_json":{"title":"CONS\u00d3RCIOS GARANTEM POLICL\u00cdNICAS NAS REGI\u00d5ES DE JACOBINA E SENHOR DO BONFIM - Blog do Farn\u00e9sio","robots":{"index":"index","follow":"follow","max-snippet":"max-snippet:-1","max-image-preview":"max-image-preview:large","max-video-preview":"max-video-preview:-1"},"canonical":"https:\/\/blogdofarnesio.com.br\/?p=183522","og_locale":"pt_BR","og_type":"article","og_title":"CONS\u00d3RCIOS GARANTEM POLICL\u00cdNICAS NAS REGI\u00d5ES DE JACOBINA E SENHOR DO BONFIM - Blog do Farn\u00e9sio","og_description":"Duas policl\u00ednicas regionais de sa\u00fade ser\u00e3o constru\u00eddas em Jacobina e em Senhor do Bonfim, no centro norte da Bahia. O documento que garante a constru\u00e7\u00e3o dos equipamentos foi assinado pelo governador Rui Costa e prefeitos das regi\u00f5es no Sal\u00e3o de Atos da Governadoria, no Centro Administrativo da Bahia (CAB), em Salvador, na tarde desta quarta-feira (6). As policl\u00ednicas v\u00e3o beneficiar cerca de 700 mil pessoas, distribu\u00eddas em 30 munic\u00edpios. O protocolo de inten\u00e7\u00f5es \u00e9 o passo inicial para a opera\u00e7\u00e3o do Cons\u00f3rcio P\u00fablico de Sa\u00fade das regi\u00f5es de Senhor do Bonfim e Jacobina. &#8220;Pulverizar recursos afeta a qualidade do atendimento. Regionalizar a sa\u00fade \u00e9 uma estrat\u00e9gia que se mostra eficaz em diversos pa\u00edses desenvolvidos espalhados pelo mundo. \u00c9 isso que&hellip;","og_url":"https:\/\/blogdofarnesio.com.br\/?p=183522","og_site_name":"Blog do Farn\u00e9sio","article_publisher":"https:\/\/www.facebook.com\/BlogQuerSaberPolitica\/","article_published_time":"2017-12-07T18:00:14+00:00","og_image":[{"width":640,"height":334,"url":"https:\/\/blogdofarnesio.com.br\/wp-content\/uploads\/2017\/12\/blogqsp-ruicosta.jpg","type":"image\/jpeg"}],"author":"Farn\u00e9sio","twitter_card":"summary_large_image","twitter_misc":{"Escrito por":"Farn\u00e9sio","Est. tempo de leitura":"3 minutos"},"schema":{"@context":"https:\/\/schema.org","@graph":[{"@type":"Article","@id":"https:\/\/blogdofarnesio.com.br\/?p=183522#article","isPartOf":{"@id":"https:\/\/blogdofarnesio.com.br\/?p=183522"},"author":{"name":"Farn\u00e9sio","@id":"https:\/\/blogdofarnesio.com.br\/#\/schema\/person\/301c4acf522bccbfdb45af95b5b906a1"},"headline":"CONS\u00d3RCIOS GARANTEM POLICL\u00cdNICAS NAS REGI\u00d5ES DE JACOBINA E SENHOR DO BONFIM","datePublished":"2017-12-07T18:00:14+00:00","mainEntityOfPage":{"@id":"https:\/\/blogdofarnesio.com.br\/?p=183522"},"wordCount":699,"commentCount":0,"publisher":{"@id":"https:\/\/blogdofarnesio.com.br\/#organization"},"image":{"@id":"https:\/\/blogdofarnesio.com.br\/?p=183522#primaryimage"},"thumbnailUrl":"https:\/\/blogdofarnesio.com.br\/wp-content\/uploads\/2017\/12\/blogqsp-ruicosta.jpg","articleSection":["Administra\u00e7\u00e3o"],"inLanguage":"pt-BR","potentialAction":[{"@type":"CommentAction","name":"Comment","target":["https:\/\/blogdofarnesio.com.br\/?p=183522#respond"]}]},{"@type":"WebPage","@id":"https:\/\/blogdofarnesio.com.br\/?p=183522","url":"https:\/\/blogdofarnesio.com.br\/?p=183522","name":"CONS\u00d3RCIOS GARANTEM POLICL\u00cdNICAS NAS REGI\u00d5ES DE JACOBINA E SENHOR DO BONFIM - Blog do Farn\u00e9sio","isPartOf":{"@id":"https:\/\/blogdofarnesio.com.br\/#website"},"primaryImageOfPage":{"@id":"https:\/\/blogdofarnesio.com.br\/?p=183522#primaryimage"},"image":{"@id":"https:\/\/blogdofarnesio.com.br\/?p=183522#primaryimage"},"thumbnailUrl":"https:\/\/blogdofarnesio.com.br\/wp-content\/uploads\/2017\/12\/blogqsp-ruicosta.jpg","datePublished":"2017-12-07T18:00:14+00:00","breadcrumb":{"@id":"https:\/\/blogdofarnesio.com.br\/?p=183522#breadcrumb"},"inLanguage":"pt-BR","potentialAction":[{"@type":"ReadAction","target":["https:\/\/blogdofarnesio.com.br\/?p=183522"]}]},{"@type":"ImageObject","inLanguage":"pt-BR","@id":"https:\/\/blogdofarnesio.com.br\/?p=183522#primaryimage","url":"https:\/\/blogdofarnesio.com.br\/wp-content\/uploads\/2017\/12\/blogqsp-ruicosta.jpg","contentUrl":"https:\/\/blogdofarnesio.com.br\/wp-content\/uploads\/2017\/12\/blogqsp-ruicosta.jpg","width":640,"height":334},{"@type":"BreadcrumbList","@id":"https:\/\/blogdofarnesio.com.br\/?p=183522#breadcrumb","itemListElement":[{"@type":"ListItem","position":1,"name":"In\u00edcio","item":"https:\/\/blogdofarnesio.com.br\/"},{"@type":"ListItem","position":2,"name":"CONS\u00d3RCIOS GARANTEM POLICL\u00cdNICAS NAS REGI\u00d5ES DE JACOBINA E SENHOR DO BONFIM"}]},{"@type":"WebSite","@id":"https:\/\/blogdofarnesio.com.br\/#website","url":"https:\/\/blogdofarnesio.com.br\/","name":"Blog do Farn\u00e9sio","description":"Quer Saber Pol\u00edtica?","publisher":{"@id":"https:\/\/blogdofarnesio.com.br\/#organization"},"potentialAction":[{"@type":"SearchAction","target":{"@type":"EntryPoint","urlTemplate":"https:\/\/blogdofarnesio.com.br\/?s={search_term_string}"},"query-input":{"@type":"PropertyValueSpecification","valueRequired":true,"valueName":"search_term_string"}}],"inLanguage":"pt-BR"},{"@type":"Organization","@id":"https:\/\/blogdofarnesio.com.br\/#organization","name":"Blog do Farn\u00e9sio","url":"https:\/\/blogdofarnesio.com.br\/","logo":{"@type":"ImageObject","inLanguage":"pt-BR","@id":"https:\/\/blogdofarnesio.com.br\/#\/schema\/logo\/image\/","url":"https:\/\/blogdofarnesio.com.br\/wp-content\/uploads\/2026\/03\/cropped-logo_new-1.png","contentUrl":"https:\/\/blogdofarnesio.com.br\/wp-content\/uploads\/2026\/03\/cropped-logo_new-1.png","width":881,"height":685,"caption":"Blog do Farn\u00e9sio"},"image":{"@id":"https:\/\/blogdofarnesio.com.br\/#\/schema\/logo\/image\/"},"sameAs":["https:\/\/www.facebook.com\/BlogQuerSaberPolitica\/"]},{"@type":"Person","@id":"https:\/\/blogdofarnesio.com.br\/#\/schema\/person\/301c4acf522bccbfdb45af95b5b906a1","name":"Farn\u00e9sio","image":{"@type":"ImageObject","inLanguage":"pt-BR","@id":"https:\/\/secure.gravatar.com\/avatar\/df0c9a14567c056f8ad6876ba5bbd1e3e2c48023eb6807342fc4663adf549f38?s=96&d=mm&r=g","url":"https:\/\/secure.gravatar.com\/avatar\/df0c9a14567c056f8ad6876ba5bbd1e3e2c48023eb6807342fc4663adf549f38?s=96&d=mm&r=g","contentUrl":"https:\/\/secure.gravatar.com\/avatar\/df0c9a14567c056f8ad6876ba5bbd1e3e2c48023eb6807342fc4663adf549f38?s=96&d=mm&r=g","caption":"Farn\u00e9sio"},"sameAs":["https:\/\/quersaberpolitica.com.br"],"url":"https:\/\/blogdofarnesio.com.br\/?author=1"}]}},"_links":{"self":[{"href":"https:\/\/blogdofarnesio.com.br\/index.php?rest_route=\/wp\/v2\/posts\/183522","targetHints":{"allow":["GET"]}}],"collection":[{"href":"https:\/\/blogdofarnesio.com.br\/index.php?rest_route=\/wp\/v2\/posts"}],"about":[{"href":"https:\/\/blogdofarnesio.com.br\/index.php?rest_route=\/wp\/v2\/types\/post"}],"author":[{"embeddable":true,"href":"https:\/\/blogdofarnesio.com.br\/index.php?rest_route=\/wp\/v2\/users\/1"}],"replies":[{"embeddable":true,"href":"https:\/\/blogdofarnesio.com.br\/index.php?rest_route=%2Fwp%2Fv2%2Fcomments&post=183522"}],"version-history":[{"count":0,"href":"https:\/\/blogdofarnesio.com.br\/index.php?rest_route=\/wp\/v2\/posts\/183522\/revisions"}],"wp:featuredmedia":[{"embeddable":true,"href":"https:\/\/blogdofarnesio.com.br\/index.php?rest_route=\/wp\/v2\/media\/183523"}],"wp:attachment":[{"href":"https:\/\/blogdofarnesio.com.br\/index.php?rest_route=%2Fwp%2Fv2%2Fmedia&parent=183522"}],"wp:term":[{"taxonomy":"category","embeddable":true,"href":"https:\/\/blogdofarnesio.com.br\/index.php?rest_route=%2Fwp%2Fv2%2Fcategories&post=183522"},{"taxonomy":"post_tag","embeddable":true,"href":"https:\/\/blogdofarnesio.com.br\/index.php?rest_route=%2Fwp%2Fv2%2Ftags&post=183522"}],"curies":[{"name":"wp","href":"https:\/\/api.w.org\/{rel}","templated":true}]}}