{"id":183492,"date":"2017-12-07T14:40:18","date_gmt":"2017-12-07T17:40:18","guid":{"rendered":"http:\/\/quersaberpolitica.com.br\/2016\/?p=183492"},"modified":"2017-12-07T11:52:39","modified_gmt":"2017-12-07T14:52:39","slug":"mestrado-em-psicologia-da-univasf-lanca-edital-para-credenciamento-de-docentes","status":"publish","type":"post","link":"https:\/\/blogdofarnesio.com.br\/?p=183492","title":{"rendered":"MESTRADO EM PSICOLOGIA DA UNIVASF LAN\u00c7A EDITAL PARA CREDENCIAMENTO DE DOCENTES"},"content":{"rendered":"<p style=\"text-align: justify;\" align=\"center\">A Coordena\u00e7\u00e3o do Programa de P\u00f3s-Gradua\u00e7\u00e3o em Psicologia (PPGPSI) da Universidade Federal do Vale do S\u00e3o Francisco (Univasf) lan\u00e7ou edital para credenciamento de professores e pesquisadores da Univasf e de outras institui\u00e7\u00f5es de ensino e pesquisa que tenham interesse em compor seu quadro docente. O Edital N\u00ba 8\/2017 \u00e9 de fluxo cont\u00ednuo e possibilita o envio de propostas de credenciamento ao PPGPSI a qualquer momento.<\/p>\n<p style=\"text-align: justify;\">O mestrado est\u00e1 estruturado em duas linhas de pesquisa nas quais os candidatos podem vir a atuar: \u201cProcessos cognitivos e comportamentais\u201d e \u201cProcessos Psicossociais\u201d. Os interessados devem formalizar suas candidaturas por meio do Sistema de\u00a0<a class=\"external-link\" title=\"\" href=\"https:\/\/www.sistemas.univasf.edu.br\/ps\/\" target=\"_blank\" rel=\"noopener\">Processos Seletivos<\/a>\u00a0da Univasf (PS). O deferimento das inscri\u00e7\u00f5es ser\u00e1 comunicado em at\u00e9 dez dias. J\u00e1 o resultado da sele\u00e7\u00e3o ser\u00e1 divulgado em at\u00e9 60 dias a partir do deferimento da inscri\u00e7\u00e3o, atrav\u00e9s de e-mail ao inscrito.<\/p>\n<p style=\"text-align: justify;\">O candidato a professor deve possuir titula\u00e7\u00e3o m\u00ednima de doutor em Psicologia ou \u00e1reas afins; ter experi\u00eancia em forma\u00e7\u00e3o de recursos humanos, preferencialmente experi\u00eancia em orienta\u00e7\u00e3o de discentes (PIBIC\/PIVIC, PIBIT, TCC, especializa\u00e7\u00e3o, mestrado ou doutorado); possuir experi\u00eancia e produ\u00e7\u00e3o cient\u00edfica vinculada \u00e0s linhas de pesquisa do PPGPSI em que pretende atuar, entre outros requisitos presentes no edital.<\/p>\n<p style=\"text-align: justify;\">Mais informa\u00e7\u00f5es sobre o credenciamento docente e o Programa de P\u00f3s-Gradua\u00e7\u00e3o em Psicologia, como estrutura curricular, corpo docente, entre outras, encontram-se dispon\u00edveis no\u00a0<a class=\"external-link\" title=\"\" href=\"http:\/\/www.cpgpsi.univasf.edu.br\/\" target=\"_blank\" rel=\"noopener\">site do PPGPSI<\/a>\u00a0e no\u00a0<a class=\"external-link\" title=\"\" href=\"http:\/\/www.cpgpsi.univasf.edu.br\/images\/Edital_Cred_Docentes\/EDITAL_CREDENCIAMENTO_DOCENTE.pdf\" target=\"_blank\" rel=\"noopener\">Edital N\u00ba 8\/2017<\/a>.<\/p>\n","protected":false},"excerpt":{"rendered":"<p>A Coordena\u00e7\u00e3o do Programa de P\u00f3s-Gradua\u00e7\u00e3o em Psicologia (PPGPSI) da Universidade Federal do Vale do S\u00e3o Francisco (Univasf) lan\u00e7ou edital para credenciamento de professores e pesquisadores da Univasf e de outras institui\u00e7\u00f5es de ensino e pesquisa que tenham interesse em compor seu quadro docente. O Edital N\u00ba 8\/2017 \u00e9 de fluxo cont\u00ednuo e possibilita o envio de propostas de credenciamento ao PPGPSI a qualquer momento. O mestrado est\u00e1 estruturado em duas linhas de pesquisa nas quais os candidatos podem vir a atuar: \u201cProcessos cognitivos e comportamentais\u201d e \u201cProcessos Psicossociais\u201d. Os interessados devem formalizar suas candidaturas por meio do Sistema de\u00a0Processos Seletivos\u00a0da Univasf (PS). O deferimento das inscri\u00e7\u00f5es ser\u00e1 comunicado em at\u00e9 dez dias. J\u00e1 o resultado da sele\u00e7\u00e3o ser\u00e1 divulgado&hellip; <\/p>\n","protected":false},"author":1,"featured_media":175612,"comment_status":"open","ping_status":"closed","sticky":false,"template":"","format":"standard","meta":{"_acf_changed":false,"footnotes":""},"categories":[44],"tags":[],"class_list":["post-183492","post","type-post","status-publish","format-standard","has-post-thumbnail","hentry","category-administracao"],"acf":[],"yoast_head":"<!-- This site is optimized with the Yoast SEO plugin v27.4 - https:\/\/yoast.com\/product\/yoast-seo-wordpress\/ -->\n<title>MESTRADO EM PSICOLOGIA DA UNIVASF LAN\u00c7A EDITAL PARA CREDENCIAMENTO DE DOCENTES - Blog do Farn\u00e9sio<\/title>\n<meta name=\"robots\" content=\"index, follow, max-snippet:-1, max-image-preview:large, max-video-preview:-1\" \/>\n<link rel=\"canonical\" href=\"https:\/\/blogdofarnesio.com.br\/?p=183492\" \/>\n<meta property=\"og:locale\" content=\"pt_BR\" \/>\n<meta property=\"og:type\" content=\"article\" \/>\n<meta property=\"og:title\" content=\"MESTRADO EM PSICOLOGIA DA UNIVASF LAN\u00c7A EDITAL PARA CREDENCIAMENTO DE DOCENTES - Blog do Farn\u00e9sio\" \/>\n<meta property=\"og:description\" content=\"A Coordena\u00e7\u00e3o do Programa de P\u00f3s-Gradua\u00e7\u00e3o em Psicologia (PPGPSI) da Universidade Federal do Vale do S\u00e3o Francisco (Univasf) lan\u00e7ou edital para credenciamento de professores e pesquisadores da Univasf e de outras institui\u00e7\u00f5es de ensino e pesquisa que tenham interesse em compor seu quadro docente. O Edital N\u00ba 8\/2017 \u00e9 de fluxo cont\u00ednuo e possibilita o envio de propostas de credenciamento ao PPGPSI a qualquer momento. O mestrado est\u00e1 estruturado em duas linhas de pesquisa nas quais os candidatos podem vir a atuar: \u201cProcessos cognitivos e comportamentais\u201d e \u201cProcessos Psicossociais\u201d. Os interessados devem formalizar suas candidaturas por meio do Sistema de\u00a0Processos Seletivos\u00a0da Univasf (PS). O deferimento das inscri\u00e7\u00f5es ser\u00e1 comunicado em at\u00e9 dez dias. J\u00e1 o resultado da sele\u00e7\u00e3o ser\u00e1 divulgado&hellip;\" \/>\n<meta property=\"og:url\" content=\"https:\/\/blogdofarnesio.com.br\/?p=183492\" \/>\n<meta property=\"og:site_name\" content=\"Blog do Farn\u00e9sio\" \/>\n<meta property=\"article:publisher\" content=\"https:\/\/www.facebook.com\/BlogQuerSaberPolitica\/\" \/>\n<meta property=\"article:published_time\" content=\"2017-12-07T17:40:18+00:00\" \/>\n<meta property=\"og:image\" content=\"https:\/\/blogdofarnesio.com.br\/wp-content\/uploads\/2017\/09\/blogqspunivasfportal.jpg\" \/>\n\t<meta property=\"og:image:width\" content=\"259\" \/>\n\t<meta property=\"og:image:height\" content=\"194\" \/>\n\t<meta property=\"og:image:type\" content=\"image\/jpeg\" \/>\n<meta name=\"author\" content=\"Farn\u00e9sio\" \/>\n<meta name=\"twitter:card\" content=\"summary_large_image\" \/>\n<meta name=\"twitter:label1\" content=\"Escrito por\" \/>\n\t<meta name=\"twitter:data1\" content=\"Farn\u00e9sio\" \/>\n\t<meta name=\"twitter:label2\" content=\"Est. tempo de leitura\" \/>\n\t<meta name=\"twitter:data2\" content=\"1 minuto\" \/>\n<script type=\"application\/ld+json\" class=\"yoast-schema-graph\">{\"@context\":\"https:\\\/\\\/schema.org\",\"@graph\":[{\"@type\":\"Article\",\"@id\":\"https:\\\/\\\/blogdofarnesio.com.br\\\/?p=183492#article\",\"isPartOf\":{\"@id\":\"https:\\\/\\\/blogdofarnesio.com.br\\\/?p=183492\"},\"author\":{\"name\":\"Farn\u00e9sio\",\"@id\":\"https:\\\/\\\/blogdofarnesio.com.br\\\/#\\\/schema\\\/person\\\/301c4acf522bccbfdb45af95b5b906a1\"},\"headline\":\"MESTRADO EM PSICOLOGIA DA UNIVASF LAN\u00c7A EDITAL PARA CREDENCIAMENTO DE DOCENTES\",\"datePublished\":\"2017-12-07T17:40:18+00:00\",\"mainEntityOfPage\":{\"@id\":\"https:\\\/\\\/blogdofarnesio.com.br\\\/?p=183492\"},\"wordCount\":259,\"commentCount\":0,\"publisher\":{\"@id\":\"https:\\\/\\\/blogdofarnesio.com.br\\\/#organization\"},\"image\":{\"@id\":\"https:\\\/\\\/blogdofarnesio.com.br\\\/?p=183492#primaryimage\"},\"thumbnailUrl\":\"https:\\\/\\\/blogdofarnesio.com.br\\\/wp-content\\\/uploads\\\/2017\\\/09\\\/blogqspunivasfportal.jpg\",\"articleSection\":[\"Administra\u00e7\u00e3o\"],\"inLanguage\":\"pt-BR\",\"potentialAction\":[{\"@type\":\"CommentAction\",\"name\":\"Comment\",\"target\":[\"https:\\\/\\\/blogdofarnesio.com.br\\\/?p=183492#respond\"]}]},{\"@type\":\"WebPage\",\"@id\":\"https:\\\/\\\/blogdofarnesio.com.br\\\/?p=183492\",\"url\":\"https:\\\/\\\/blogdofarnesio.com.br\\\/?p=183492\",\"name\":\"MESTRADO EM PSICOLOGIA DA UNIVASF LAN\u00c7A EDITAL PARA CREDENCIAMENTO DE DOCENTES - Blog do Farn\u00e9sio\",\"isPartOf\":{\"@id\":\"https:\\\/\\\/blogdofarnesio.com.br\\\/#website\"},\"primaryImageOfPage\":{\"@id\":\"https:\\\/\\\/blogdofarnesio.com.br\\\/?p=183492#primaryimage\"},\"image\":{\"@id\":\"https:\\\/\\\/blogdofarnesio.com.br\\\/?p=183492#primaryimage\"},\"thumbnailUrl\":\"https:\\\/\\\/blogdofarnesio.com.br\\\/wp-content\\\/uploads\\\/2017\\\/09\\\/blogqspunivasfportal.jpg\",\"datePublished\":\"2017-12-07T17:40:18+00:00\",\"breadcrumb\":{\"@id\":\"https:\\\/\\\/blogdofarnesio.com.br\\\/?p=183492#breadcrumb\"},\"inLanguage\":\"pt-BR\",\"potentialAction\":[{\"@type\":\"ReadAction\",\"target\":[\"https:\\\/\\\/blogdofarnesio.com.br\\\/?p=183492\"]}]},{\"@type\":\"ImageObject\",\"inLanguage\":\"pt-BR\",\"@id\":\"https:\\\/\\\/blogdofarnesio.com.br\\\/?p=183492#primaryimage\",\"url\":\"https:\\\/\\\/blogdofarnesio.com.br\\\/wp-content\\\/uploads\\\/2017\\\/09\\\/blogqspunivasfportal.jpg\",\"contentUrl\":\"https:\\\/\\\/blogdofarnesio.com.br\\\/wp-content\\\/uploads\\\/2017\\\/09\\\/blogqspunivasfportal.jpg\",\"width\":259,\"height\":194,\"caption\":\"Ilustra\u00e7\u00e3o\"},{\"@type\":\"BreadcrumbList\",\"@id\":\"https:\\\/\\\/blogdofarnesio.com.br\\\/?p=183492#breadcrumb\",\"itemListElement\":[{\"@type\":\"ListItem\",\"position\":1,\"name\":\"In\u00edcio\",\"item\":\"https:\\\/\\\/blogdofarnesio.com.br\\\/\"},{\"@type\":\"ListItem\",\"position\":2,\"name\":\"MESTRADO EM PSICOLOGIA DA UNIVASF LAN\u00c7A EDITAL PARA CREDENCIAMENTO DE DOCENTES\"}]},{\"@type\":\"WebSite\",\"@id\":\"https:\\\/\\\/blogdofarnesio.com.br\\\/#website\",\"url\":\"https:\\\/\\\/blogdofarnesio.com.br\\\/\",\"name\":\"Blog do Farn\u00e9sio\",\"description\":\"Quer Saber Pol\u00edtica?\",\"publisher\":{\"@id\":\"https:\\\/\\\/blogdofarnesio.com.br\\\/#organization\"},\"potentialAction\":[{\"@type\":\"SearchAction\",\"target\":{\"@type\":\"EntryPoint\",\"urlTemplate\":\"https:\\\/\\\/blogdofarnesio.com.br\\\/?s={search_term_string}\"},\"query-input\":{\"@type\":\"PropertyValueSpecification\",\"valueRequired\":true,\"valueName\":\"search_term_string\"}}],\"inLanguage\":\"pt-BR\"},{\"@type\":\"Organization\",\"@id\":\"https:\\\/\\\/blogdofarnesio.com.br\\\/#organization\",\"name\":\"Blog do Farn\u00e9sio\",\"url\":\"https:\\\/\\\/blogdofarnesio.com.br\\\/\",\"logo\":{\"@type\":\"ImageObject\",\"inLanguage\":\"pt-BR\",\"@id\":\"https:\\\/\\\/blogdofarnesio.com.br\\\/#\\\/schema\\\/logo\\\/image\\\/\",\"url\":\"https:\\\/\\\/blogdofarnesio.com.br\\\/wp-content\\\/uploads\\\/2026\\\/03\\\/cropped-logo_new-1.png\",\"contentUrl\":\"https:\\\/\\\/blogdofarnesio.com.br\\\/wp-content\\\/uploads\\\/2026\\\/03\\\/cropped-logo_new-1.png\",\"width\":881,\"height\":685,\"caption\":\"Blog do Farn\u00e9sio\"},\"image\":{\"@id\":\"https:\\\/\\\/blogdofarnesio.com.br\\\/#\\\/schema\\\/logo\\\/image\\\/\"},\"sameAs\":[\"https:\\\/\\\/www.facebook.com\\\/BlogQuerSaberPolitica\\\/\"]},{\"@type\":\"Person\",\"@id\":\"https:\\\/\\\/blogdofarnesio.com.br\\\/#\\\/schema\\\/person\\\/301c4acf522bccbfdb45af95b5b906a1\",\"name\":\"Farn\u00e9sio\",\"image\":{\"@type\":\"ImageObject\",\"inLanguage\":\"pt-BR\",\"@id\":\"https:\\\/\\\/secure.gravatar.com\\\/avatar\\\/df0c9a14567c056f8ad6876ba5bbd1e3e2c48023eb6807342fc4663adf549f38?s=96&d=mm&r=g\",\"url\":\"https:\\\/\\\/secure.gravatar.com\\\/avatar\\\/df0c9a14567c056f8ad6876ba5bbd1e3e2c48023eb6807342fc4663adf549f38?s=96&d=mm&r=g\",\"contentUrl\":\"https:\\\/\\\/secure.gravatar.com\\\/avatar\\\/df0c9a14567c056f8ad6876ba5bbd1e3e2c48023eb6807342fc4663adf549f38?s=96&d=mm&r=g\",\"caption\":\"Farn\u00e9sio\"},\"sameAs\":[\"https:\\\/\\\/quersaberpolitica.com.br\"],\"url\":\"https:\\\/\\\/blogdofarnesio.com.br\\\/?author=1\"}]}<\/script>\n<!-- \/ Yoast SEO plugin. -->","yoast_head_json":{"title":"MESTRADO EM PSICOLOGIA DA UNIVASF LAN\u00c7A EDITAL PARA CREDENCIAMENTO DE DOCENTES - Blog do Farn\u00e9sio","robots":{"index":"index","follow":"follow","max-snippet":"max-snippet:-1","max-image-preview":"max-image-preview:large","max-video-preview":"max-video-preview:-1"},"canonical":"https:\/\/blogdofarnesio.com.br\/?p=183492","og_locale":"pt_BR","og_type":"article","og_title":"MESTRADO EM PSICOLOGIA DA UNIVASF LAN\u00c7A EDITAL PARA CREDENCIAMENTO DE DOCENTES - Blog do Farn\u00e9sio","og_description":"A Coordena\u00e7\u00e3o do Programa de P\u00f3s-Gradua\u00e7\u00e3o em Psicologia (PPGPSI) da Universidade Federal do Vale do S\u00e3o Francisco (Univasf) lan\u00e7ou edital para credenciamento de professores e pesquisadores da Univasf e de outras institui\u00e7\u00f5es de ensino e pesquisa que tenham interesse em compor seu quadro docente. O Edital N\u00ba 8\/2017 \u00e9 de fluxo cont\u00ednuo e possibilita o envio de propostas de credenciamento ao PPGPSI a qualquer momento. O mestrado est\u00e1 estruturado em duas linhas de pesquisa nas quais os candidatos podem vir a atuar: \u201cProcessos cognitivos e comportamentais\u201d e \u201cProcessos Psicossociais\u201d. Os interessados devem formalizar suas candidaturas por meio do Sistema de\u00a0Processos Seletivos\u00a0da Univasf (PS). O deferimento das inscri\u00e7\u00f5es ser\u00e1 comunicado em at\u00e9 dez dias. J\u00e1 o resultado da sele\u00e7\u00e3o ser\u00e1 divulgado&hellip;","og_url":"https:\/\/blogdofarnesio.com.br\/?p=183492","og_site_name":"Blog do Farn\u00e9sio","article_publisher":"https:\/\/www.facebook.com\/BlogQuerSaberPolitica\/","article_published_time":"2017-12-07T17:40:18+00:00","og_image":[{"width":259,"height":194,"url":"https:\/\/blogdofarnesio.com.br\/wp-content\/uploads\/2017\/09\/blogqspunivasfportal.jpg","type":"image\/jpeg"}],"author":"Farn\u00e9sio","twitter_card":"summary_large_image","twitter_misc":{"Escrito por":"Farn\u00e9sio","Est. tempo de leitura":"1 minuto"},"schema":{"@context":"https:\/\/schema.org","@graph":[{"@type":"Article","@id":"https:\/\/blogdofarnesio.com.br\/?p=183492#article","isPartOf":{"@id":"https:\/\/blogdofarnesio.com.br\/?p=183492"},"author":{"name":"Farn\u00e9sio","@id":"https:\/\/blogdofarnesio.com.br\/#\/schema\/person\/301c4acf522bccbfdb45af95b5b906a1"},"headline":"MESTRADO EM PSICOLOGIA DA UNIVASF LAN\u00c7A EDITAL PARA CREDENCIAMENTO DE DOCENTES","datePublished":"2017-12-07T17:40:18+00:00","mainEntityOfPage":{"@id":"https:\/\/blogdofarnesio.com.br\/?p=183492"},"wordCount":259,"commentCount":0,"publisher":{"@id":"https:\/\/blogdofarnesio.com.br\/#organization"},"image":{"@id":"https:\/\/blogdofarnesio.com.br\/?p=183492#primaryimage"},"thumbnailUrl":"https:\/\/blogdofarnesio.com.br\/wp-content\/uploads\/2017\/09\/blogqspunivasfportal.jpg","articleSection":["Administra\u00e7\u00e3o"],"inLanguage":"pt-BR","potentialAction":[{"@type":"CommentAction","name":"Comment","target":["https:\/\/blogdofarnesio.com.br\/?p=183492#respond"]}]},{"@type":"WebPage","@id":"https:\/\/blogdofarnesio.com.br\/?p=183492","url":"https:\/\/blogdofarnesio.com.br\/?p=183492","name":"MESTRADO EM PSICOLOGIA DA UNIVASF LAN\u00c7A EDITAL PARA CREDENCIAMENTO DE DOCENTES - Blog do Farn\u00e9sio","isPartOf":{"@id":"https:\/\/blogdofarnesio.com.br\/#website"},"primaryImageOfPage":{"@id":"https:\/\/blogdofarnesio.com.br\/?p=183492#primaryimage"},"image":{"@id":"https:\/\/blogdofarnesio.com.br\/?p=183492#primaryimage"},"thumbnailUrl":"https:\/\/blogdofarnesio.com.br\/wp-content\/uploads\/2017\/09\/blogqspunivasfportal.jpg","datePublished":"2017-12-07T17:40:18+00:00","breadcrumb":{"@id":"https:\/\/blogdofarnesio.com.br\/?p=183492#breadcrumb"},"inLanguage":"pt-BR","potentialAction":[{"@type":"ReadAction","target":["https:\/\/blogdofarnesio.com.br\/?p=183492"]}]},{"@type":"ImageObject","inLanguage":"pt-BR","@id":"https:\/\/blogdofarnesio.com.br\/?p=183492#primaryimage","url":"https:\/\/blogdofarnesio.com.br\/wp-content\/uploads\/2017\/09\/blogqspunivasfportal.jpg","contentUrl":"https:\/\/blogdofarnesio.com.br\/wp-content\/uploads\/2017\/09\/blogqspunivasfportal.jpg","width":259,"height":194,"caption":"Ilustra\u00e7\u00e3o"},{"@type":"BreadcrumbList","@id":"https:\/\/blogdofarnesio.com.br\/?p=183492#breadcrumb","itemListElement":[{"@type":"ListItem","position":1,"name":"In\u00edcio","item":"https:\/\/blogdofarnesio.com.br\/"},{"@type":"ListItem","position":2,"name":"MESTRADO EM PSICOLOGIA DA UNIVASF LAN\u00c7A EDITAL PARA CREDENCIAMENTO DE DOCENTES"}]},{"@type":"WebSite","@id":"https:\/\/blogdofarnesio.com.br\/#website","url":"https:\/\/blogdofarnesio.com.br\/","name":"Blog do Farn\u00e9sio","description":"Quer Saber Pol\u00edtica?","publisher":{"@id":"https:\/\/blogdofarnesio.com.br\/#organization"},"potentialAction":[{"@type":"SearchAction","target":{"@type":"EntryPoint","urlTemplate":"https:\/\/blogdofarnesio.com.br\/?s={search_term_string}"},"query-input":{"@type":"PropertyValueSpecification","valueRequired":true,"valueName":"search_term_string"}}],"inLanguage":"pt-BR"},{"@type":"Organization","@id":"https:\/\/blogdofarnesio.com.br\/#organization","name":"Blog do Farn\u00e9sio","url":"https:\/\/blogdofarnesio.com.br\/","logo":{"@type":"ImageObject","inLanguage":"pt-BR","@id":"https:\/\/blogdofarnesio.com.br\/#\/schema\/logo\/image\/","url":"https:\/\/blogdofarnesio.com.br\/wp-content\/uploads\/2026\/03\/cropped-logo_new-1.png","contentUrl":"https:\/\/blogdofarnesio.com.br\/wp-content\/uploads\/2026\/03\/cropped-logo_new-1.png","width":881,"height":685,"caption":"Blog do Farn\u00e9sio"},"image":{"@id":"https:\/\/blogdofarnesio.com.br\/#\/schema\/logo\/image\/"},"sameAs":["https:\/\/www.facebook.com\/BlogQuerSaberPolitica\/"]},{"@type":"Person","@id":"https:\/\/blogdofarnesio.com.br\/#\/schema\/person\/301c4acf522bccbfdb45af95b5b906a1","name":"Farn\u00e9sio","image":{"@type":"ImageObject","inLanguage":"pt-BR","@id":"https:\/\/secure.gravatar.com\/avatar\/df0c9a14567c056f8ad6876ba5bbd1e3e2c48023eb6807342fc4663adf549f38?s=96&d=mm&r=g","url":"https:\/\/secure.gravatar.com\/avatar\/df0c9a14567c056f8ad6876ba5bbd1e3e2c48023eb6807342fc4663adf549f38?s=96&d=mm&r=g","contentUrl":"https:\/\/secure.gravatar.com\/avatar\/df0c9a14567c056f8ad6876ba5bbd1e3e2c48023eb6807342fc4663adf549f38?s=96&d=mm&r=g","caption":"Farn\u00e9sio"},"sameAs":["https:\/\/quersaberpolitica.com.br"],"url":"https:\/\/blogdofarnesio.com.br\/?author=1"}]}},"_links":{"self":[{"href":"https:\/\/blogdofarnesio.com.br\/index.php?rest_route=\/wp\/v2\/posts\/183492","targetHints":{"allow":["GET"]}}],"collection":[{"href":"https:\/\/blogdofarnesio.com.br\/index.php?rest_route=\/wp\/v2\/posts"}],"about":[{"href":"https:\/\/blogdofarnesio.com.br\/index.php?rest_route=\/wp\/v2\/types\/post"}],"author":[{"embeddable":true,"href":"https:\/\/blogdofarnesio.com.br\/index.php?rest_route=\/wp\/v2\/users\/1"}],"replies":[{"embeddable":true,"href":"https:\/\/blogdofarnesio.com.br\/index.php?rest_route=%2Fwp%2Fv2%2Fcomments&post=183492"}],"version-history":[{"count":0,"href":"https:\/\/blogdofarnesio.com.br\/index.php?rest_route=\/wp\/v2\/posts\/183492\/revisions"}],"wp:featuredmedia":[{"embeddable":true,"href":"https:\/\/blogdofarnesio.com.br\/index.php?rest_route=\/wp\/v2\/media\/175612"}],"wp:attachment":[{"href":"https:\/\/blogdofarnesio.com.br\/index.php?rest_route=%2Fwp%2Fv2%2Fmedia&parent=183492"}],"wp:term":[{"taxonomy":"category","embeddable":true,"href":"https:\/\/blogdofarnesio.com.br\/index.php?rest_route=%2Fwp%2Fv2%2Fcategories&post=183492"},{"taxonomy":"post_tag","embeddable":true,"href":"https:\/\/blogdofarnesio.com.br\/index.php?rest_route=%2Fwp%2Fv2%2Ftags&post=183492"}],"curies":[{"name":"wp","href":"https:\/\/api.w.org\/{rel}","templated":true}]}}