{"id":183269,"date":"2017-12-05T11:00:18","date_gmt":"2017-12-05T14:00:18","guid":{"rendered":"http:\/\/quersaberpolitica.com.br\/2016\/?p=183269"},"modified":"2017-12-05T09:58:27","modified_gmt":"2017-12-05T12:58:27","slug":"soltura-de-marcelo-preocupa-odebrecht","status":"publish","type":"post","link":"https:\/\/blogdofarnesio.com.br\/?p=183269","title":{"rendered":"SOLTURA DE MARCELO PREOCUPA ODEBRECHT"},"content":{"rendered":"<p style=\"text-align: justify;\">\n<div class=\"desc-noticia\">\n<p style=\"text-align: justify;\">Ap\u00f3s ficar dois anos e meio atr\u00e1s das grades, o empres\u00e1rio Marcelo Odebrecht deixa a pris\u00e3o no pr\u00f3ximo dia 19. De acordo com a Folha, n\u00e3o h\u00e1, por\u00e9m, o menor clima na empresa para festejar a sa\u00edda de Marcelo, que ficar\u00e1 em pris\u00e3o domiciliar por dois anos e meio. O ambiente, de acordo com executivos e delatores ouvidos pela Folha, \u00e9 de preocupa\u00e7\u00e3o.<\/p>\n<p style=\"text-align: justify;\">Conforme a publica\u00e7\u00e3o, pessoas com acesso ao empres\u00e1rio na pris\u00e3o afirmam que ele se mostra insatisfeito com um acordo cujo resultado considera extremamente injusto, principalmente no que se refere \u00e0 sua participa\u00e7\u00e3o no pagamento de propina. H\u00e1 o temor de que aponte omiss\u00f5es e imprecis\u00f5es no acordo, tema frequente de conversas de quem o visita em Curitiba. No per\u00edodo em que est\u00e1 preso, o ex-presidente da Odebrecht rompeu com o diretor jur\u00eddico do grupo, Adriano Maia, com a irm\u00e3, M\u00f4nica, com o cunhado, Maur\u00edcio Ferro, que tamb\u00e9m \u00e9 diretor no grupo, e com a m\u00e3e, a quem era muito ligado. Com o pai, Em\u00edlio Odebrecht, presidente do conselho do grupo, ele j\u00e1 havia brigado antes mesmo de ter sido preso, em junho de 2015.<\/p>\n<p style=\"text-align: justify;\">A pris\u00e3o e o acordo de dela\u00e7\u00e3o ampliaram o fosso entre pai e filho. A dela\u00e7\u00e3o da Odebrecht, que envolveu 77 executivos, foi arquitetada por Em\u00edlio, que via nesse instrumento a \u00fanica maneira de salvar os neg\u00f3cios da fal\u00eancia. N\u00e3o foi bem um acordo, segundo Theo Dias, advogado que coordenou o processo, mas uma &#8220;rendi\u00e7\u00e3o&#8221;.<\/p>\n<p style=\"text-align: justify;\">Segundo a editoria Poder, da Folha, depois que aderiu ao acordo, Marcelo tem sido perfeccionista com os relatos e criticado em interrogat\u00f3rios o que considera imprecis\u00f5es, erros e mentiras. Ele ter\u00e1 de ficar afastado da gest\u00e3o do grupo, uma imposi\u00e7\u00e3o do acordo, mas pode falar do que julga serem impropriedades da dela\u00e7\u00e3o em audi\u00eancias na Justi\u00e7a. A preocupa\u00e7\u00e3o dos executivos deriva de interven\u00e7\u00f5es de Marcelo em a\u00e7\u00f5es penais que contrariam depoimentos dos acordos de dela\u00e7\u00e3o. Ele diz que foi injusti\u00e7ado em tr\u00eas casos em que \u00e9 r\u00e9u: o do s\u00edtio de Atibaiacuja propriedade \u00e9 atribu\u00edda a Lula, processos envolvendo a Petrobras e a a\u00e7\u00e3o que tem como foco o empres\u00e1rio Taiguara Rodrigues, sobrinho da primeira mulher de Lula.<\/p>\n<p style=\"text-align: justify;\">Marcelo diz que jamais se envolveu com quest\u00f5es relacionadas ao s\u00edtio. Segundo ele, foi seu pai quem decidiu bancar o mimo para Lula, e quem cuidava dos pagamentos era Alexandrino Alencar, executivo da construtora. Lula nega que seja dono do im\u00f3vel e que tenha recebido benef\u00edcios da Odebrecht, da OAS e do empres\u00e1rio Jos\u00e9 Carlos Bumlai durante a reforma. Nos processos da Petrobras, Marcelo tem repetido que n\u00e3o tinha inger\u00eancia nesses neg\u00f3cios, vers\u00e3o confirmada por dois diretores da Odebrecht que cuidavam desses contratos: Marcio Faria e Rog\u00e9rio Ara\u00fajo.<\/p>\n<p style=\"text-align: justify;\">Na a\u00e7\u00e3o de Taiguara, executivos da Odebrecht em Angola disseram \u00e0 Justi\u00e7a que Marcelo n\u00e3o teve participa\u00e7\u00e3o no esquema que teria beneficiado o familiar de Lula. O ex-presidente do grupo tamb\u00e9m reclama que executivos da Odebrecht Ambiental, que atua com coleta de lixo, omitiram fatos no acordo. H\u00e1 ainda casos de delatores que, segundo Marcelo, n\u00e3o deveriam estar no acordo porque n\u00e3o eram os respons\u00e1veis pelo suborno.<\/p>\n<p style=\"text-align: justify;\">O clima de desconforto na empresa j\u00e1 levou um executivo tido como extremamente talentoso a pedir para sair do grupo. Trata-se de Paulo Cesena, ex-presidente da Odebrecht Transport. Cesena quer tanto deixar a Odebrecht que pediu para antecipar o cumprimento de pena, o que foi aceito pela Justi\u00e7a. Ele era um dos 26 entre os 77 delatores que haviam sido autorizados a continuar na empresa para ajudar na recupera\u00e7\u00e3o dos neg\u00f3cios.<\/p>\n<p style=\"text-align: justify;\"><strong>OUTRO LADO<\/strong><br \/>\nEm nota enviada \u00e0 Folha, a Odebrecht afirma que &#8220;fez uma colabora\u00e7\u00e3o ampla e definitiva com as autoridades, contendo mais de 900 relatos apresentados pela empresa e 77 executivos&#8221;. A companhia afirma ainda na nota que &#8220;a colabora\u00e7\u00e3o se mostra eficaz, comprovada com milhares de documentos, planilhas, recibos e extratos banc\u00e1rios&#8221;. A empresa tamb\u00e9m aceitou pagar uma multa de US$ 2,6 bilh\u00f5es (R$ 8,4 bilh\u00f5es).<\/p>\n<p style=\"text-align: justify;\">Sobre a decis\u00e3o de deixar o grupo Odebrecht, apurada pela Folha junto a outros executivos, Paulo Cesena diz, tamb\u00e9m por meio de nota, que n\u00e3o comenta especula\u00e7\u00f5es.<\/p>\n<\/div>\n","protected":false},"excerpt":{"rendered":"<p>Ap\u00f3s ficar dois anos e meio atr\u00e1s das grades, o empres\u00e1rio Marcelo Odebrecht deixa a pris\u00e3o no pr\u00f3ximo dia 19. De acordo com a Folha, n\u00e3o h\u00e1, por\u00e9m, o menor clima na empresa para festejar a sa\u00edda de Marcelo, que ficar\u00e1 em pris\u00e3o domiciliar por dois anos e meio. O ambiente, de acordo com executivos e delatores ouvidos pela Folha, \u00e9 de preocupa\u00e7\u00e3o. Conforme a publica\u00e7\u00e3o, pessoas com acesso ao empres\u00e1rio na pris\u00e3o afirmam que ele se mostra insatisfeito com um acordo cujo resultado considera extremamente injusto, principalmente no que se refere \u00e0 sua participa\u00e7\u00e3o no pagamento de propina. H\u00e1 o temor de que aponte omiss\u00f5es e imprecis\u00f5es no acordo, tema frequente de conversas de quem o visita em Curitiba.&hellip; <\/p>\n","protected":false},"author":1,"featured_media":134247,"comment_status":"open","ping_status":"closed","sticky":false,"template":"","format":"standard","meta":{"_acf_changed":false,"footnotes":""},"categories":[1],"tags":[],"class_list":["post-183269","post","type-post","status-publish","format-standard","has-post-thumbnail","hentry","category-politica"],"acf":[],"yoast_head":"<!-- This site is optimized with the Yoast SEO plugin v27.4 - https:\/\/yoast.com\/product\/yoast-seo-wordpress\/ -->\n<title>SOLTURA DE MARCELO PREOCUPA ODEBRECHT - Blog do Farn\u00e9sio<\/title>\n<meta name=\"robots\" content=\"index, follow, max-snippet:-1, max-image-preview:large, max-video-preview:-1\" \/>\n<link rel=\"canonical\" href=\"https:\/\/blogdofarnesio.com.br\/?p=183269\" \/>\n<meta property=\"og:locale\" content=\"pt_BR\" \/>\n<meta property=\"og:type\" content=\"article\" \/>\n<meta property=\"og:title\" content=\"SOLTURA DE MARCELO PREOCUPA ODEBRECHT - Blog do Farn\u00e9sio\" \/>\n<meta property=\"og:description\" content=\"Ap\u00f3s ficar dois anos e meio atr\u00e1s das grades, o empres\u00e1rio Marcelo Odebrecht deixa a pris\u00e3o no pr\u00f3ximo dia 19. De acordo com a Folha, n\u00e3o h\u00e1, por\u00e9m, o menor clima na empresa para festejar a sa\u00edda de Marcelo, que ficar\u00e1 em pris\u00e3o domiciliar por dois anos e meio. O ambiente, de acordo com executivos e delatores ouvidos pela Folha, \u00e9 de preocupa\u00e7\u00e3o. Conforme a publica\u00e7\u00e3o, pessoas com acesso ao empres\u00e1rio na pris\u00e3o afirmam que ele se mostra insatisfeito com um acordo cujo resultado considera extremamente injusto, principalmente no que se refere \u00e0 sua participa\u00e7\u00e3o no pagamento de propina. H\u00e1 o temor de que aponte omiss\u00f5es e imprecis\u00f5es no acordo, tema frequente de conversas de quem o visita em Curitiba.&hellip;\" \/>\n<meta property=\"og:url\" content=\"https:\/\/blogdofarnesio.com.br\/?p=183269\" \/>\n<meta property=\"og:site_name\" content=\"Blog do Farn\u00e9sio\" \/>\n<meta property=\"article:publisher\" content=\"https:\/\/www.facebook.com\/BlogQuerSaberPolitica\/\" \/>\n<meta property=\"article:published_time\" content=\"2017-12-05T14:00:18+00:00\" \/>\n<meta property=\"og:image\" content=\"https:\/\/blogdofarnesio.com.br\/wp-content\/uploads\/2015\/12\/blogqsp-Marcelo-Odebrecht.jpeg\" \/>\n\t<meta property=\"og:image:width\" content=\"580\" \/>\n\t<meta property=\"og:image:height\" content=\"435\" \/>\n\t<meta property=\"og:image:type\" content=\"image\/jpeg\" \/>\n<meta name=\"author\" content=\"Farn\u00e9sio\" \/>\n<meta name=\"twitter:card\" content=\"summary_large_image\" \/>\n<meta name=\"twitter:label1\" content=\"Escrito por\" \/>\n\t<meta name=\"twitter:data1\" content=\"Farn\u00e9sio\" \/>\n\t<meta name=\"twitter:label2\" content=\"Est. tempo de leitura\" \/>\n\t<meta name=\"twitter:data2\" content=\"4 minutos\" \/>\n<script type=\"application\/ld+json\" class=\"yoast-schema-graph\">{\"@context\":\"https:\\\/\\\/schema.org\",\"@graph\":[{\"@type\":\"Article\",\"@id\":\"https:\\\/\\\/blogdofarnesio.com.br\\\/?p=183269#article\",\"isPartOf\":{\"@id\":\"https:\\\/\\\/blogdofarnesio.com.br\\\/?p=183269\"},\"author\":{\"name\":\"Farn\u00e9sio\",\"@id\":\"https:\\\/\\\/blogdofarnesio.com.br\\\/#\\\/schema\\\/person\\\/301c4acf522bccbfdb45af95b5b906a1\"},\"headline\":\"SOLTURA DE MARCELO PREOCUPA ODEBRECHT\",\"datePublished\":\"2017-12-05T14:00:18+00:00\",\"mainEntityOfPage\":{\"@id\":\"https:\\\/\\\/blogdofarnesio.com.br\\\/?p=183269\"},\"wordCount\":750,\"commentCount\":0,\"publisher\":{\"@id\":\"https:\\\/\\\/blogdofarnesio.com.br\\\/#organization\"},\"image\":{\"@id\":\"https:\\\/\\\/blogdofarnesio.com.br\\\/?p=183269#primaryimage\"},\"thumbnailUrl\":\"https:\\\/\\\/blogdofarnesio.com.br\\\/wp-content\\\/uploads\\\/2015\\\/12\\\/blogqsp-Marcelo-Odebrecht.jpeg\",\"articleSection\":[\"Pol\u00edtica\"],\"inLanguage\":\"pt-BR\",\"potentialAction\":[{\"@type\":\"CommentAction\",\"name\":\"Comment\",\"target\":[\"https:\\\/\\\/blogdofarnesio.com.br\\\/?p=183269#respond\"]}]},{\"@type\":\"WebPage\",\"@id\":\"https:\\\/\\\/blogdofarnesio.com.br\\\/?p=183269\",\"url\":\"https:\\\/\\\/blogdofarnesio.com.br\\\/?p=183269\",\"name\":\"SOLTURA DE MARCELO PREOCUPA ODEBRECHT - Blog do Farn\u00e9sio\",\"isPartOf\":{\"@id\":\"https:\\\/\\\/blogdofarnesio.com.br\\\/#website\"},\"primaryImageOfPage\":{\"@id\":\"https:\\\/\\\/blogdofarnesio.com.br\\\/?p=183269#primaryimage\"},\"image\":{\"@id\":\"https:\\\/\\\/blogdofarnesio.com.br\\\/?p=183269#primaryimage\"},\"thumbnailUrl\":\"https:\\\/\\\/blogdofarnesio.com.br\\\/wp-content\\\/uploads\\\/2015\\\/12\\\/blogqsp-Marcelo-Odebrecht.jpeg\",\"datePublished\":\"2017-12-05T14:00:18+00:00\",\"breadcrumb\":{\"@id\":\"https:\\\/\\\/blogdofarnesio.com.br\\\/?p=183269#breadcrumb\"},\"inLanguage\":\"pt-BR\",\"potentialAction\":[{\"@type\":\"ReadAction\",\"target\":[\"https:\\\/\\\/blogdofarnesio.com.br\\\/?p=183269\"]}]},{\"@type\":\"ImageObject\",\"inLanguage\":\"pt-BR\",\"@id\":\"https:\\\/\\\/blogdofarnesio.com.br\\\/?p=183269#primaryimage\",\"url\":\"https:\\\/\\\/blogdofarnesio.com.br\\\/wp-content\\\/uploads\\\/2015\\\/12\\\/blogqsp-Marcelo-Odebrecht.jpeg\",\"contentUrl\":\"https:\\\/\\\/blogdofarnesio.com.br\\\/wp-content\\\/uploads\\\/2015\\\/12\\\/blogqsp-Marcelo-Odebrecht.jpeg\",\"width\":580,\"height\":435},{\"@type\":\"BreadcrumbList\",\"@id\":\"https:\\\/\\\/blogdofarnesio.com.br\\\/?p=183269#breadcrumb\",\"itemListElement\":[{\"@type\":\"ListItem\",\"position\":1,\"name\":\"In\u00edcio\",\"item\":\"https:\\\/\\\/blogdofarnesio.com.br\\\/\"},{\"@type\":\"ListItem\",\"position\":2,\"name\":\"SOLTURA DE MARCELO PREOCUPA ODEBRECHT\"}]},{\"@type\":\"WebSite\",\"@id\":\"https:\\\/\\\/blogdofarnesio.com.br\\\/#website\",\"url\":\"https:\\\/\\\/blogdofarnesio.com.br\\\/\",\"name\":\"Blog do Farn\u00e9sio\",\"description\":\"Quer Saber Pol\u00edtica?\",\"publisher\":{\"@id\":\"https:\\\/\\\/blogdofarnesio.com.br\\\/#organization\"},\"potentialAction\":[{\"@type\":\"SearchAction\",\"target\":{\"@type\":\"EntryPoint\",\"urlTemplate\":\"https:\\\/\\\/blogdofarnesio.com.br\\\/?s={search_term_string}\"},\"query-input\":{\"@type\":\"PropertyValueSpecification\",\"valueRequired\":true,\"valueName\":\"search_term_string\"}}],\"inLanguage\":\"pt-BR\"},{\"@type\":\"Organization\",\"@id\":\"https:\\\/\\\/blogdofarnesio.com.br\\\/#organization\",\"name\":\"Blog do Farn\u00e9sio\",\"url\":\"https:\\\/\\\/blogdofarnesio.com.br\\\/\",\"logo\":{\"@type\":\"ImageObject\",\"inLanguage\":\"pt-BR\",\"@id\":\"https:\\\/\\\/blogdofarnesio.com.br\\\/#\\\/schema\\\/logo\\\/image\\\/\",\"url\":\"https:\\\/\\\/blogdofarnesio.com.br\\\/wp-content\\\/uploads\\\/2026\\\/03\\\/cropped-logo_new-1.png\",\"contentUrl\":\"https:\\\/\\\/blogdofarnesio.com.br\\\/wp-content\\\/uploads\\\/2026\\\/03\\\/cropped-logo_new-1.png\",\"width\":881,\"height\":685,\"caption\":\"Blog do Farn\u00e9sio\"},\"image\":{\"@id\":\"https:\\\/\\\/blogdofarnesio.com.br\\\/#\\\/schema\\\/logo\\\/image\\\/\"},\"sameAs\":[\"https:\\\/\\\/www.facebook.com\\\/BlogQuerSaberPolitica\\\/\"]},{\"@type\":\"Person\",\"@id\":\"https:\\\/\\\/blogdofarnesio.com.br\\\/#\\\/schema\\\/person\\\/301c4acf522bccbfdb45af95b5b906a1\",\"name\":\"Farn\u00e9sio\",\"image\":{\"@type\":\"ImageObject\",\"inLanguage\":\"pt-BR\",\"@id\":\"https:\\\/\\\/secure.gravatar.com\\\/avatar\\\/df0c9a14567c056f8ad6876ba5bbd1e3e2c48023eb6807342fc4663adf549f38?s=96&d=mm&r=g\",\"url\":\"https:\\\/\\\/secure.gravatar.com\\\/avatar\\\/df0c9a14567c056f8ad6876ba5bbd1e3e2c48023eb6807342fc4663adf549f38?s=96&d=mm&r=g\",\"contentUrl\":\"https:\\\/\\\/secure.gravatar.com\\\/avatar\\\/df0c9a14567c056f8ad6876ba5bbd1e3e2c48023eb6807342fc4663adf549f38?s=96&d=mm&r=g\",\"caption\":\"Farn\u00e9sio\"},\"sameAs\":[\"https:\\\/\\\/quersaberpolitica.com.br\"],\"url\":\"https:\\\/\\\/blogdofarnesio.com.br\\\/?author=1\"}]}<\/script>\n<!-- \/ Yoast SEO plugin. -->","yoast_head_json":{"title":"SOLTURA DE MARCELO PREOCUPA ODEBRECHT - Blog do Farn\u00e9sio","robots":{"index":"index","follow":"follow","max-snippet":"max-snippet:-1","max-image-preview":"max-image-preview:large","max-video-preview":"max-video-preview:-1"},"canonical":"https:\/\/blogdofarnesio.com.br\/?p=183269","og_locale":"pt_BR","og_type":"article","og_title":"SOLTURA DE MARCELO PREOCUPA ODEBRECHT - Blog do Farn\u00e9sio","og_description":"Ap\u00f3s ficar dois anos e meio atr\u00e1s das grades, o empres\u00e1rio Marcelo Odebrecht deixa a pris\u00e3o no pr\u00f3ximo dia 19. De acordo com a Folha, n\u00e3o h\u00e1, por\u00e9m, o menor clima na empresa para festejar a sa\u00edda de Marcelo, que ficar\u00e1 em pris\u00e3o domiciliar por dois anos e meio. O ambiente, de acordo com executivos e delatores ouvidos pela Folha, \u00e9 de preocupa\u00e7\u00e3o. Conforme a publica\u00e7\u00e3o, pessoas com acesso ao empres\u00e1rio na pris\u00e3o afirmam que ele se mostra insatisfeito com um acordo cujo resultado considera extremamente injusto, principalmente no que se refere \u00e0 sua participa\u00e7\u00e3o no pagamento de propina. H\u00e1 o temor de que aponte omiss\u00f5es e imprecis\u00f5es no acordo, tema frequente de conversas de quem o visita em Curitiba.&hellip;","og_url":"https:\/\/blogdofarnesio.com.br\/?p=183269","og_site_name":"Blog do Farn\u00e9sio","article_publisher":"https:\/\/www.facebook.com\/BlogQuerSaberPolitica\/","article_published_time":"2017-12-05T14:00:18+00:00","og_image":[{"width":580,"height":435,"url":"https:\/\/blogdofarnesio.com.br\/wp-content\/uploads\/2015\/12\/blogqsp-Marcelo-Odebrecht.jpeg","type":"image\/jpeg"}],"author":"Farn\u00e9sio","twitter_card":"summary_large_image","twitter_misc":{"Escrito por":"Farn\u00e9sio","Est. tempo de leitura":"4 minutos"},"schema":{"@context":"https:\/\/schema.org","@graph":[{"@type":"Article","@id":"https:\/\/blogdofarnesio.com.br\/?p=183269#article","isPartOf":{"@id":"https:\/\/blogdofarnesio.com.br\/?p=183269"},"author":{"name":"Farn\u00e9sio","@id":"https:\/\/blogdofarnesio.com.br\/#\/schema\/person\/301c4acf522bccbfdb45af95b5b906a1"},"headline":"SOLTURA DE MARCELO PREOCUPA ODEBRECHT","datePublished":"2017-12-05T14:00:18+00:00","mainEntityOfPage":{"@id":"https:\/\/blogdofarnesio.com.br\/?p=183269"},"wordCount":750,"commentCount":0,"publisher":{"@id":"https:\/\/blogdofarnesio.com.br\/#organization"},"image":{"@id":"https:\/\/blogdofarnesio.com.br\/?p=183269#primaryimage"},"thumbnailUrl":"https:\/\/blogdofarnesio.com.br\/wp-content\/uploads\/2015\/12\/blogqsp-Marcelo-Odebrecht.jpeg","articleSection":["Pol\u00edtica"],"inLanguage":"pt-BR","potentialAction":[{"@type":"CommentAction","name":"Comment","target":["https:\/\/blogdofarnesio.com.br\/?p=183269#respond"]}]},{"@type":"WebPage","@id":"https:\/\/blogdofarnesio.com.br\/?p=183269","url":"https:\/\/blogdofarnesio.com.br\/?p=183269","name":"SOLTURA DE MARCELO PREOCUPA ODEBRECHT - Blog do Farn\u00e9sio","isPartOf":{"@id":"https:\/\/blogdofarnesio.com.br\/#website"},"primaryImageOfPage":{"@id":"https:\/\/blogdofarnesio.com.br\/?p=183269#primaryimage"},"image":{"@id":"https:\/\/blogdofarnesio.com.br\/?p=183269#primaryimage"},"thumbnailUrl":"https:\/\/blogdofarnesio.com.br\/wp-content\/uploads\/2015\/12\/blogqsp-Marcelo-Odebrecht.jpeg","datePublished":"2017-12-05T14:00:18+00:00","breadcrumb":{"@id":"https:\/\/blogdofarnesio.com.br\/?p=183269#breadcrumb"},"inLanguage":"pt-BR","potentialAction":[{"@type":"ReadAction","target":["https:\/\/blogdofarnesio.com.br\/?p=183269"]}]},{"@type":"ImageObject","inLanguage":"pt-BR","@id":"https:\/\/blogdofarnesio.com.br\/?p=183269#primaryimage","url":"https:\/\/blogdofarnesio.com.br\/wp-content\/uploads\/2015\/12\/blogqsp-Marcelo-Odebrecht.jpeg","contentUrl":"https:\/\/blogdofarnesio.com.br\/wp-content\/uploads\/2015\/12\/blogqsp-Marcelo-Odebrecht.jpeg","width":580,"height":435},{"@type":"BreadcrumbList","@id":"https:\/\/blogdofarnesio.com.br\/?p=183269#breadcrumb","itemListElement":[{"@type":"ListItem","position":1,"name":"In\u00edcio","item":"https:\/\/blogdofarnesio.com.br\/"},{"@type":"ListItem","position":2,"name":"SOLTURA DE MARCELO PREOCUPA ODEBRECHT"}]},{"@type":"WebSite","@id":"https:\/\/blogdofarnesio.com.br\/#website","url":"https:\/\/blogdofarnesio.com.br\/","name":"Blog do Farn\u00e9sio","description":"Quer Saber Pol\u00edtica?","publisher":{"@id":"https:\/\/blogdofarnesio.com.br\/#organization"},"potentialAction":[{"@type":"SearchAction","target":{"@type":"EntryPoint","urlTemplate":"https:\/\/blogdofarnesio.com.br\/?s={search_term_string}"},"query-input":{"@type":"PropertyValueSpecification","valueRequired":true,"valueName":"search_term_string"}}],"inLanguage":"pt-BR"},{"@type":"Organization","@id":"https:\/\/blogdofarnesio.com.br\/#organization","name":"Blog do Farn\u00e9sio","url":"https:\/\/blogdofarnesio.com.br\/","logo":{"@type":"ImageObject","inLanguage":"pt-BR","@id":"https:\/\/blogdofarnesio.com.br\/#\/schema\/logo\/image\/","url":"https:\/\/blogdofarnesio.com.br\/wp-content\/uploads\/2026\/03\/cropped-logo_new-1.png","contentUrl":"https:\/\/blogdofarnesio.com.br\/wp-content\/uploads\/2026\/03\/cropped-logo_new-1.png","width":881,"height":685,"caption":"Blog do Farn\u00e9sio"},"image":{"@id":"https:\/\/blogdofarnesio.com.br\/#\/schema\/logo\/image\/"},"sameAs":["https:\/\/www.facebook.com\/BlogQuerSaberPolitica\/"]},{"@type":"Person","@id":"https:\/\/blogdofarnesio.com.br\/#\/schema\/person\/301c4acf522bccbfdb45af95b5b906a1","name":"Farn\u00e9sio","image":{"@type":"ImageObject","inLanguage":"pt-BR","@id":"https:\/\/secure.gravatar.com\/avatar\/df0c9a14567c056f8ad6876ba5bbd1e3e2c48023eb6807342fc4663adf549f38?s=96&d=mm&r=g","url":"https:\/\/secure.gravatar.com\/avatar\/df0c9a14567c056f8ad6876ba5bbd1e3e2c48023eb6807342fc4663adf549f38?s=96&d=mm&r=g","contentUrl":"https:\/\/secure.gravatar.com\/avatar\/df0c9a14567c056f8ad6876ba5bbd1e3e2c48023eb6807342fc4663adf549f38?s=96&d=mm&r=g","caption":"Farn\u00e9sio"},"sameAs":["https:\/\/quersaberpolitica.com.br"],"url":"https:\/\/blogdofarnesio.com.br\/?author=1"}]}},"_links":{"self":[{"href":"https:\/\/blogdofarnesio.com.br\/index.php?rest_route=\/wp\/v2\/posts\/183269","targetHints":{"allow":["GET"]}}],"collection":[{"href":"https:\/\/blogdofarnesio.com.br\/index.php?rest_route=\/wp\/v2\/posts"}],"about":[{"href":"https:\/\/blogdofarnesio.com.br\/index.php?rest_route=\/wp\/v2\/types\/post"}],"author":[{"embeddable":true,"href":"https:\/\/blogdofarnesio.com.br\/index.php?rest_route=\/wp\/v2\/users\/1"}],"replies":[{"embeddable":true,"href":"https:\/\/blogdofarnesio.com.br\/index.php?rest_route=%2Fwp%2Fv2%2Fcomments&post=183269"}],"version-history":[{"count":0,"href":"https:\/\/blogdofarnesio.com.br\/index.php?rest_route=\/wp\/v2\/posts\/183269\/revisions"}],"wp:featuredmedia":[{"embeddable":true,"href":"https:\/\/blogdofarnesio.com.br\/index.php?rest_route=\/wp\/v2\/media\/134247"}],"wp:attachment":[{"href":"https:\/\/blogdofarnesio.com.br\/index.php?rest_route=%2Fwp%2Fv2%2Fmedia&parent=183269"}],"wp:term":[{"taxonomy":"category","embeddable":true,"href":"https:\/\/blogdofarnesio.com.br\/index.php?rest_route=%2Fwp%2Fv2%2Fcategories&post=183269"},{"taxonomy":"post_tag","embeddable":true,"href":"https:\/\/blogdofarnesio.com.br\/index.php?rest_route=%2Fwp%2Fv2%2Ftags&post=183269"}],"curies":[{"name":"wp","href":"https:\/\/api.w.org\/{rel}","templated":true}]}}