{"id":182952,"date":"2017-12-01T09:21:31","date_gmt":"2017-12-01T12:21:31","guid":{"rendered":"http:\/\/quersaberpolitica.com.br\/2016\/?p=182952"},"modified":"2017-11-30T20:02:52","modified_gmt":"2017-11-30T23:02:52","slug":"a-revitalizacao-do-sao-francisco-e-o-caminho-para-uniao-do-nordeste-diz-presidente-do-comite-da-bacia","status":"publish","type":"post","link":"https:\/\/blogdofarnesio.com.br\/?p=182952","title":{"rendered":"&#8220;A REVITALIZA\u00c7\u00c3O DO S\u00c3O FRANCISCO \u00c9 O CAMINHO PARA UNI\u00c3O DO NORDESTE&#8221;. DIZ PRESIDENTE DO COMIT\u00ca DA BACIA"},"content":{"rendered":"<p><em>Senadora\u00a0<\/em><em>que preside a Comiss\u00e3o de Desenvolvimento Regional e Turismo diz que revitaliza\u00e7\u00e3o precisa sair do papel<\/em>.\u00a0<em>Comiss\u00e3o encaminhar\u00e1 cronograma sobre a gest\u00e3o das \u00e1guas para Congresso Nacional\u00a0<\/em><\/p>\n<p>O presidente do Comit\u00ea da Bacia Hidrogr\u00e1fica do Rio S\u00e3o Francisco (CBHSF), Anivaldo Miranda, participou na quarta-feira (29), de Audi\u00eancia P\u00fablica na Comiss\u00e3o de Desenvolvimento Regional e Turismo (CDR) do Senado Federal, que trata da seguran\u00e7a h\u00eddrica e da gest\u00e3o das \u00e1guas nas regi\u00f5es Norte e Nordeste. A an\u00e1lise sobre a gest\u00e3o das \u00e1guas faz parte do plano de trabalho da Comiss\u00e3o que avalia pol\u00edticas p\u00fablicas de abastecimento de \u00e1gua.<\/p>\n<p>Anivaldo falou sobre a necessidade urgente da revitaliza\u00e7\u00e3o do S\u00e3o Francisco para que todo o trabalho realizado na transposi\u00e7\u00e3o fa\u00e7a sentido. \u201cA transposi\u00e7\u00e3o foi um projeto que dividiu o Nordeste, mas a revitaliza\u00e7\u00e3o \u00e9 uma bandeira comum a todos, pois s\u00f3 a revitaliza\u00e7\u00e3o conseguir\u00e1 unir as regi\u00f5es\u201d, avaliou.<\/p>\n<p>\u201cA revitaliza\u00e7\u00e3o \u00e9 essencial. N\u00f3s temos que cuidar do S\u00e3o Francisco, para isso a revitaliza\u00e7\u00e3o tem que sair do papel\u201d, comentou a senadora F\u00e1tima Bezerra, presidente da Comiss\u00e3o.<\/p>\n<p>O representante do Minist\u00e9rio da Integra\u00e7\u00e3o Nacional, Irani Braga Ramos, apresentou o Projeto de Integra\u00e7\u00e3o de Bacias, que tem entre outros objetivos, a fun\u00e7\u00e3o de garantir a seguran\u00e7a h\u00eddrica de 12 milh\u00f5es de habitantes, em 390 munic\u00edpios do Nordeste.<\/p>\n<p>Segundo Irani a pauta da revitaliza\u00e7\u00e3o \u00e9 uma das prioridades do minist\u00e9rio, mas reconhece que ela representa um grande desafio para todos os entes.<\/p>\n<p>O presidente do CBHSF disse esperar que os recursos or\u00e7ament\u00e1rios que ser\u00e3o destinados ao programa de revitaliza\u00e7\u00e3o estejam de fato \u00e0 altura do que ela representa. \u201cO programa de investimento de recursos h\u00eddricos, recentemente aprovado pelo Comit\u00ea, faz parte do Plano de Recursos H\u00eddricos e avalia a necessidade de 30 bilh\u00f5es de reais em investimentos, se de fato quisermos falar em transposi\u00e7\u00e3o\u201d, esclareceu Anivaldo.<\/p>\n<p>F\u00e1tima Bezerra, afirmou que, ap\u00f3s a an\u00e1lise das contribui\u00e7\u00f5es na audi\u00eancia, a Comiss\u00e3o estabelecer\u00e1 no relat\u00f3rio um cronograma para que o Congresso Nacional possa cobrar provid\u00eancias para a quest\u00e3o da gest\u00e3o dos recursos h\u00eddricos.<\/p>\n<h4><strong>Veja fotos da audi\u00eancia p\u00fablica<\/strong><\/h4>\n<p><img loading=\"lazy\" decoding=\"async\" class=\"alignnone wp-image-51962 size-large\" src=\"http:\/\/cbhsaofrancisco.org.br\/2017\/\/box\/uploads\/2017\/11\/montagremanivaldosenado-600x600.jpg\" sizes=\"auto, (max-width: 600px) 100vw, 600px\" srcset=\"http:\/\/cbhsaofrancisco.org.br\/2017\/\/box\/uploads\/2017\/11\/montagremanivaldosenado-600x600.jpg 600w, http:\/\/cbhsaofrancisco.org.br\/2017\/\/box\/uploads\/2017\/11\/montagremanivaldosenado-200x200.jpg 200w, http:\/\/cbhsaofrancisco.org.br\/2017\/\/box\/uploads\/2017\/11\/montagremanivaldosenado-180x180.jpg 180w, http:\/\/cbhsaofrancisco.org.br\/2017\/\/box\/uploads\/2017\/11\/montagremanivaldosenado-768x768.jpg 768w, http:\/\/cbhsaofrancisco.org.br\/2017\/\/box\/uploads\/2017\/11\/montagremanivaldosenado.jpg 1200w\" alt=\"\" width=\"600\" height=\"600\" \/><\/p>\n<h4><strong>Seguran\u00e7a H\u00eddrica<\/strong><\/h4>\n<p>Larissa Rosa, coordenadora de Revitaliza\u00e7\u00e3o de Bacias e Acesso \u00e0 \u00c1gua do Minist\u00e9rio do Meio Ambiente, e tamb\u00e9m representante do CBHSF, apresentou o Programa de Revitaliza\u00e7\u00e3o de Bacias Hidrogr\u00e1ficas do MMA, que trata entre outros temas da seguran\u00e7a h\u00eddrica.<\/p>\n<p>O programa tem o objetivo de promover a revitaliza\u00e7\u00e3o de bacias, por meio de a\u00e7\u00f5es permanentes e integradas de preserva\u00e7\u00e3o, conserva\u00e7\u00e3o e recupera\u00e7\u00e3o ambiental que visem o uso sustent\u00e1vel dos recursos naturais e melhoria nas condi\u00e7\u00f5es socioambientais.<\/p>\n<p>Segundo Larissa, \u00e9 importante ressaltar em primeiro lugar, que n\u00e3o se trata de uma crise h\u00eddrica, mas uma crise ambiental. \u201cA seguran\u00e7a h\u00eddrica \u00e9 parte de uma seguran\u00e7a ambiental\u201d, explicou.<\/p>\n<p>\u201cAssegurar \u00e1gua para o abastecimento humano \u00e9 o fundamento do conceito de seguran\u00e7a h\u00eddrica\u201d, destacou a senadora F\u00e1tima Bezerra.<\/p>\n<p>Seguran\u00e7a h\u00eddrica significa que cada pessoa tem acesso a \u00e1gua segura suficiente a um custo acess\u00edvel para levar uma vida limpa, saud\u00e1vel e produtiva, garantindo que o ambiente natural seja protegido e aprimorado.<\/p>\n<p>Tamb\u00e9m participaram da audi\u00eancia, representantes da Companhia de Desenvolvimento dos Vales do S\u00e3o Francisco e do Parna\u00edba; do Instituto Nacional de Pesquisas Espaciais; do Instituto de Estudos Avan\u00e7ados; do Instituto de Mudan\u00e7as Clim\u00e1ticas; do Centro de Gest\u00e3o e Estudos Estrat\u00e9gicos; da Associa\u00e7\u00e3o Brasileira de Engenharia Sanit\u00e1ria e Ambiental; e das universidades do Acre, da Bahia, de Bras\u00edlia e de S\u00e3o Paulo.<\/p>\n<p>Segundo informa\u00e7\u00f5es da CDR, o regimento interno do Senado prev\u00ea que a Casa realize a avalia\u00e7\u00e3o das pol\u00edticas p\u00fablicas do governo federal, a fim de\u00a0adequar a legisla\u00e7\u00e3o \u00e0s necessidades da popula\u00e7\u00e3o. Para tanto, a Comiss\u00e3o entendeu que acompanhar as obras do projeto de integra\u00e7\u00e3o do Rio S\u00e3o Francisco no Nordeste, onde as \u00e1guas do Velho Chico ainda n\u00e3o chegaram ou chegaram parcialmente, \u00e9 fundamental, diante das crises h\u00eddricas enfrentadas sobretudo pela popula\u00e7\u00e3o do semi\u00e1rido brasileiro, que abrange mais de mil munic\u00edpios em nove estados brasileiros, onde vivem 22 milh\u00f5es de pessoas.<\/p>\n<h4><strong>Confira o video<\/strong><\/h4>\n<div class=\"pretty-embed\" data-pe-videoid=\"mpIbbxQ73Zs\" data-pe-fitvids=\"true\" data-pe-preview-size=\"high\"><img loading=\"lazy\" decoding=\"async\" class=\"aligncenter\" src=\"http:\/\/img.youtube.com\/vi\/mpIbbxQ73Zs\/hqdefault.jpg\" alt=\"YouTube Video Preview\" width=\"625\" height=\"469\" \/><\/div>\n<h4><strong>Veja os documentos<\/strong><\/h4>\n<p><a href=\"http:\/\/cbhsaofrancisco.org.br\/2017\/\/box\/uploads\/2017\/11\/Programa-de-Revitalizac%CC%A7a%CC%83o-de-Bacias-MMA.pptx\">Programa de Revitalizac\u0327a\u0303o de Bacias MMA<\/a><\/p>\n<p><a href=\"http:\/\/cbhsaofrancisco.org.br\/2017\/\/box\/uploads\/2017\/11\/Projeto-de-Integrac%CC%A7a%CC%83o-de-Bacias-Ministe%CC%81rio-da-Integrac%CC%A7a%CC%83o.pptx\">Projeto de Integrac\u0327a\u0303o de Bacias Ministe\u0301rio da Integrac\u0327a\u0303o<\/a><\/p>\n","protected":false},"excerpt":{"rendered":"<p>Senadora\u00a0que preside a Comiss\u00e3o de Desenvolvimento Regional e Turismo diz que revitaliza\u00e7\u00e3o precisa sair do papel.\u00a0Comiss\u00e3o encaminhar\u00e1 cronograma sobre a gest\u00e3o das \u00e1guas para Congresso Nacional\u00a0 O presidente do Comit\u00ea da Bacia Hidrogr\u00e1fica do Rio S\u00e3o Francisco (CBHSF), Anivaldo Miranda, participou na quarta-feira (29), de Audi\u00eancia P\u00fablica na Comiss\u00e3o de Desenvolvimento Regional e Turismo (CDR) do Senado Federal, que trata da seguran\u00e7a h\u00eddrica e da gest\u00e3o das \u00e1guas nas regi\u00f5es Norte e Nordeste. A an\u00e1lise sobre a gest\u00e3o das \u00e1guas faz parte do plano de trabalho da Comiss\u00e3o que avalia pol\u00edticas p\u00fablicas de abastecimento de \u00e1gua. Anivaldo falou sobre a necessidade urgente da revitaliza\u00e7\u00e3o do S\u00e3o Francisco para que todo o trabalho realizado na transposi\u00e7\u00e3o fa\u00e7a sentido. \u201cA transposi\u00e7\u00e3o foi&hellip; <\/p>\n","protected":false},"author":1,"featured_media":0,"comment_status":"open","ping_status":"closed","sticky":false,"template":"","format":"standard","meta":{"_acf_changed":false,"footnotes":""},"categories":[29],"tags":[],"class_list":["post-182952","post","type-post","status-publish","format-standard","hentry","category-meio-ambiente"],"acf":[],"yoast_head":"<!-- This site is optimized with the Yoast SEO plugin v27.4 - https:\/\/yoast.com\/product\/yoast-seo-wordpress\/ -->\n<title>&quot;A REVITALIZA\u00c7\u00c3O DO S\u00c3O FRANCISCO \u00c9 O CAMINHO PARA UNI\u00c3O DO NORDESTE&quot;. DIZ PRESIDENTE DO COMIT\u00ca DA BACIA - Blog do Farn\u00e9sio<\/title>\n<meta name=\"robots\" content=\"index, follow, max-snippet:-1, max-image-preview:large, max-video-preview:-1\" \/>\n<link rel=\"canonical\" href=\"https:\/\/blogdofarnesio.com.br\/?p=182952\" \/>\n<meta property=\"og:locale\" content=\"pt_BR\" \/>\n<meta property=\"og:type\" content=\"article\" \/>\n<meta property=\"og:title\" content=\"&quot;A REVITALIZA\u00c7\u00c3O DO S\u00c3O FRANCISCO \u00c9 O CAMINHO PARA UNI\u00c3O DO NORDESTE&quot;. DIZ PRESIDENTE DO COMIT\u00ca DA BACIA - Blog do Farn\u00e9sio\" \/>\n<meta property=\"og:description\" content=\"Senadora\u00a0que preside a Comiss\u00e3o de Desenvolvimento Regional e Turismo diz que revitaliza\u00e7\u00e3o precisa sair do papel.\u00a0Comiss\u00e3o encaminhar\u00e1 cronograma sobre a gest\u00e3o das \u00e1guas para Congresso Nacional\u00a0 O presidente do Comit\u00ea da Bacia Hidrogr\u00e1fica do Rio S\u00e3o Francisco (CBHSF), Anivaldo Miranda, participou na quarta-feira (29), de Audi\u00eancia P\u00fablica na Comiss\u00e3o de Desenvolvimento Regional e Turismo (CDR) do Senado Federal, que trata da seguran\u00e7a h\u00eddrica e da gest\u00e3o das \u00e1guas nas regi\u00f5es Norte e Nordeste. A an\u00e1lise sobre a gest\u00e3o das \u00e1guas faz parte do plano de trabalho da Comiss\u00e3o que avalia pol\u00edticas p\u00fablicas de abastecimento de \u00e1gua. Anivaldo falou sobre a necessidade urgente da revitaliza\u00e7\u00e3o do S\u00e3o Francisco para que todo o trabalho realizado na transposi\u00e7\u00e3o fa\u00e7a sentido. \u201cA transposi\u00e7\u00e3o foi&hellip;\" \/>\n<meta property=\"og:url\" content=\"https:\/\/blogdofarnesio.com.br\/?p=182952\" \/>\n<meta property=\"og:site_name\" content=\"Blog do Farn\u00e9sio\" \/>\n<meta property=\"article:publisher\" content=\"https:\/\/www.facebook.com\/BlogQuerSaberPolitica\/\" \/>\n<meta property=\"article:published_time\" content=\"2017-12-01T12:21:31+00:00\" \/>\n<meta property=\"og:image\" content=\"http:\/\/cbhsaofrancisco.org.br\/2017\/\/box\/uploads\/2017\/11\/montagremanivaldosenado-600x600.jpg\" \/>\n<meta name=\"author\" content=\"Farn\u00e9sio\" \/>\n<meta name=\"twitter:card\" content=\"summary_large_image\" \/>\n<meta name=\"twitter:label1\" content=\"Escrito por\" \/>\n\t<meta name=\"twitter:data1\" content=\"Farn\u00e9sio\" \/>\n\t<meta name=\"twitter:label2\" content=\"Est. tempo de leitura\" \/>\n\t<meta name=\"twitter:data2\" content=\"4 minutos\" \/>\n<script type=\"application\/ld+json\" class=\"yoast-schema-graph\">{\"@context\":\"https:\\\/\\\/schema.org\",\"@graph\":[{\"@type\":\"Article\",\"@id\":\"https:\\\/\\\/blogdofarnesio.com.br\\\/?p=182952#article\",\"isPartOf\":{\"@id\":\"https:\\\/\\\/blogdofarnesio.com.br\\\/?p=182952\"},\"author\":{\"name\":\"Farn\u00e9sio\",\"@id\":\"https:\\\/\\\/blogdofarnesio.com.br\\\/#\\\/schema\\\/person\\\/301c4acf522bccbfdb45af95b5b906a1\"},\"headline\":\"&#8220;A REVITALIZA\u00c7\u00c3O DO S\u00c3O FRANCISCO \u00c9 O CAMINHO PARA UNI\u00c3O DO NORDESTE&#8221;. DIZ PRESIDENTE DO COMIT\u00ca DA BACIA\",\"datePublished\":\"2017-12-01T12:21:31+00:00\",\"mainEntityOfPage\":{\"@id\":\"https:\\\/\\\/blogdofarnesio.com.br\\\/?p=182952\"},\"wordCount\":805,\"commentCount\":0,\"publisher\":{\"@id\":\"https:\\\/\\\/blogdofarnesio.com.br\\\/#organization\"},\"image\":{\"@id\":\"https:\\\/\\\/blogdofarnesio.com.br\\\/?p=182952#primaryimage\"},\"thumbnailUrl\":\"http:\\\/\\\/cbhsaofrancisco.org.br\\\/2017\\\/\\\/box\\\/uploads\\\/2017\\\/11\\\/montagremanivaldosenado-600x600.jpg\",\"articleSection\":[\"Meio Ambiente\"],\"inLanguage\":\"pt-BR\",\"potentialAction\":[{\"@type\":\"CommentAction\",\"name\":\"Comment\",\"target\":[\"https:\\\/\\\/blogdofarnesio.com.br\\\/?p=182952#respond\"]}]},{\"@type\":\"WebPage\",\"@id\":\"https:\\\/\\\/blogdofarnesio.com.br\\\/?p=182952\",\"url\":\"https:\\\/\\\/blogdofarnesio.com.br\\\/?p=182952\",\"name\":\"\\\"A REVITALIZA\u00c7\u00c3O DO S\u00c3O FRANCISCO \u00c9 O CAMINHO PARA UNI\u00c3O DO NORDESTE\\\". DIZ PRESIDENTE DO COMIT\u00ca DA BACIA - Blog do Farn\u00e9sio\",\"isPartOf\":{\"@id\":\"https:\\\/\\\/blogdofarnesio.com.br\\\/#website\"},\"primaryImageOfPage\":{\"@id\":\"https:\\\/\\\/blogdofarnesio.com.br\\\/?p=182952#primaryimage\"},\"image\":{\"@id\":\"https:\\\/\\\/blogdofarnesio.com.br\\\/?p=182952#primaryimage\"},\"thumbnailUrl\":\"http:\\\/\\\/cbhsaofrancisco.org.br\\\/2017\\\/\\\/box\\\/uploads\\\/2017\\\/11\\\/montagremanivaldosenado-600x600.jpg\",\"datePublished\":\"2017-12-01T12:21:31+00:00\",\"breadcrumb\":{\"@id\":\"https:\\\/\\\/blogdofarnesio.com.br\\\/?p=182952#breadcrumb\"},\"inLanguage\":\"pt-BR\",\"potentialAction\":[{\"@type\":\"ReadAction\",\"target\":[\"https:\\\/\\\/blogdofarnesio.com.br\\\/?p=182952\"]}]},{\"@type\":\"ImageObject\",\"inLanguage\":\"pt-BR\",\"@id\":\"https:\\\/\\\/blogdofarnesio.com.br\\\/?p=182952#primaryimage\",\"url\":\"http:\\\/\\\/cbhsaofrancisco.org.br\\\/2017\\\/\\\/box\\\/uploads\\\/2017\\\/11\\\/montagremanivaldosenado-600x600.jpg\",\"contentUrl\":\"http:\\\/\\\/cbhsaofrancisco.org.br\\\/2017\\\/\\\/box\\\/uploads\\\/2017\\\/11\\\/montagremanivaldosenado-600x600.jpg\"},{\"@type\":\"BreadcrumbList\",\"@id\":\"https:\\\/\\\/blogdofarnesio.com.br\\\/?p=182952#breadcrumb\",\"itemListElement\":[{\"@type\":\"ListItem\",\"position\":1,\"name\":\"In\u00edcio\",\"item\":\"https:\\\/\\\/blogdofarnesio.com.br\\\/\"},{\"@type\":\"ListItem\",\"position\":2,\"name\":\"&#8220;A REVITALIZA\u00c7\u00c3O DO S\u00c3O FRANCISCO \u00c9 O CAMINHO PARA UNI\u00c3O DO NORDESTE&#8221;. DIZ PRESIDENTE DO COMIT\u00ca DA BACIA\"}]},{\"@type\":\"WebSite\",\"@id\":\"https:\\\/\\\/blogdofarnesio.com.br\\\/#website\",\"url\":\"https:\\\/\\\/blogdofarnesio.com.br\\\/\",\"name\":\"Blog do Farn\u00e9sio\",\"description\":\"Quer Saber Pol\u00edtica?\",\"publisher\":{\"@id\":\"https:\\\/\\\/blogdofarnesio.com.br\\\/#organization\"},\"potentialAction\":[{\"@type\":\"SearchAction\",\"target\":{\"@type\":\"EntryPoint\",\"urlTemplate\":\"https:\\\/\\\/blogdofarnesio.com.br\\\/?s={search_term_string}\"},\"query-input\":{\"@type\":\"PropertyValueSpecification\",\"valueRequired\":true,\"valueName\":\"search_term_string\"}}],\"inLanguage\":\"pt-BR\"},{\"@type\":\"Organization\",\"@id\":\"https:\\\/\\\/blogdofarnesio.com.br\\\/#organization\",\"name\":\"Blog do Farn\u00e9sio\",\"url\":\"https:\\\/\\\/blogdofarnesio.com.br\\\/\",\"logo\":{\"@type\":\"ImageObject\",\"inLanguage\":\"pt-BR\",\"@id\":\"https:\\\/\\\/blogdofarnesio.com.br\\\/#\\\/schema\\\/logo\\\/image\\\/\",\"url\":\"https:\\\/\\\/blogdofarnesio.com.br\\\/wp-content\\\/uploads\\\/2026\\\/03\\\/cropped-logo_new-1.png\",\"contentUrl\":\"https:\\\/\\\/blogdofarnesio.com.br\\\/wp-content\\\/uploads\\\/2026\\\/03\\\/cropped-logo_new-1.png\",\"width\":881,\"height\":685,\"caption\":\"Blog do Farn\u00e9sio\"},\"image\":{\"@id\":\"https:\\\/\\\/blogdofarnesio.com.br\\\/#\\\/schema\\\/logo\\\/image\\\/\"},\"sameAs\":[\"https:\\\/\\\/www.facebook.com\\\/BlogQuerSaberPolitica\\\/\"]},{\"@type\":\"Person\",\"@id\":\"https:\\\/\\\/blogdofarnesio.com.br\\\/#\\\/schema\\\/person\\\/301c4acf522bccbfdb45af95b5b906a1\",\"name\":\"Farn\u00e9sio\",\"image\":{\"@type\":\"ImageObject\",\"inLanguage\":\"pt-BR\",\"@id\":\"https:\\\/\\\/secure.gravatar.com\\\/avatar\\\/df0c9a14567c056f8ad6876ba5bbd1e3e2c48023eb6807342fc4663adf549f38?s=96&d=mm&r=g\",\"url\":\"https:\\\/\\\/secure.gravatar.com\\\/avatar\\\/df0c9a14567c056f8ad6876ba5bbd1e3e2c48023eb6807342fc4663adf549f38?s=96&d=mm&r=g\",\"contentUrl\":\"https:\\\/\\\/secure.gravatar.com\\\/avatar\\\/df0c9a14567c056f8ad6876ba5bbd1e3e2c48023eb6807342fc4663adf549f38?s=96&d=mm&r=g\",\"caption\":\"Farn\u00e9sio\"},\"sameAs\":[\"https:\\\/\\\/quersaberpolitica.com.br\"],\"url\":\"https:\\\/\\\/blogdofarnesio.com.br\\\/?author=1\"}]}<\/script>\n<!-- \/ Yoast SEO plugin. -->","yoast_head_json":{"title":"\"A REVITALIZA\u00c7\u00c3O DO S\u00c3O FRANCISCO \u00c9 O CAMINHO PARA UNI\u00c3O DO NORDESTE\". DIZ PRESIDENTE DO COMIT\u00ca DA BACIA - Blog do Farn\u00e9sio","robots":{"index":"index","follow":"follow","max-snippet":"max-snippet:-1","max-image-preview":"max-image-preview:large","max-video-preview":"max-video-preview:-1"},"canonical":"https:\/\/blogdofarnesio.com.br\/?p=182952","og_locale":"pt_BR","og_type":"article","og_title":"\"A REVITALIZA\u00c7\u00c3O DO S\u00c3O FRANCISCO \u00c9 O CAMINHO PARA UNI\u00c3O DO NORDESTE\". DIZ PRESIDENTE DO COMIT\u00ca DA BACIA - Blog do Farn\u00e9sio","og_description":"Senadora\u00a0que preside a Comiss\u00e3o de Desenvolvimento Regional e Turismo diz que revitaliza\u00e7\u00e3o precisa sair do papel.\u00a0Comiss\u00e3o encaminhar\u00e1 cronograma sobre a gest\u00e3o das \u00e1guas para Congresso Nacional\u00a0 O presidente do Comit\u00ea da Bacia Hidrogr\u00e1fica do Rio S\u00e3o Francisco (CBHSF), Anivaldo Miranda, participou na quarta-feira (29), de Audi\u00eancia P\u00fablica na Comiss\u00e3o de Desenvolvimento Regional e Turismo (CDR) do Senado Federal, que trata da seguran\u00e7a h\u00eddrica e da gest\u00e3o das \u00e1guas nas regi\u00f5es Norte e Nordeste. A an\u00e1lise sobre a gest\u00e3o das \u00e1guas faz parte do plano de trabalho da Comiss\u00e3o que avalia pol\u00edticas p\u00fablicas de abastecimento de \u00e1gua. Anivaldo falou sobre a necessidade urgente da revitaliza\u00e7\u00e3o do S\u00e3o Francisco para que todo o trabalho realizado na transposi\u00e7\u00e3o fa\u00e7a sentido. \u201cA transposi\u00e7\u00e3o foi&hellip;","og_url":"https:\/\/blogdofarnesio.com.br\/?p=182952","og_site_name":"Blog do Farn\u00e9sio","article_publisher":"https:\/\/www.facebook.com\/BlogQuerSaberPolitica\/","article_published_time":"2017-12-01T12:21:31+00:00","og_image":[{"url":"http:\/\/cbhsaofrancisco.org.br\/2017\/\/box\/uploads\/2017\/11\/montagremanivaldosenado-600x600.jpg","type":"","width":"","height":""}],"author":"Farn\u00e9sio","twitter_card":"summary_large_image","twitter_misc":{"Escrito por":"Farn\u00e9sio","Est. tempo de leitura":"4 minutos"},"schema":{"@context":"https:\/\/schema.org","@graph":[{"@type":"Article","@id":"https:\/\/blogdofarnesio.com.br\/?p=182952#article","isPartOf":{"@id":"https:\/\/blogdofarnesio.com.br\/?p=182952"},"author":{"name":"Farn\u00e9sio","@id":"https:\/\/blogdofarnesio.com.br\/#\/schema\/person\/301c4acf522bccbfdb45af95b5b906a1"},"headline":"&#8220;A REVITALIZA\u00c7\u00c3O DO S\u00c3O FRANCISCO \u00c9 O CAMINHO PARA UNI\u00c3O DO NORDESTE&#8221;. DIZ PRESIDENTE DO COMIT\u00ca DA BACIA","datePublished":"2017-12-01T12:21:31+00:00","mainEntityOfPage":{"@id":"https:\/\/blogdofarnesio.com.br\/?p=182952"},"wordCount":805,"commentCount":0,"publisher":{"@id":"https:\/\/blogdofarnesio.com.br\/#organization"},"image":{"@id":"https:\/\/blogdofarnesio.com.br\/?p=182952#primaryimage"},"thumbnailUrl":"http:\/\/cbhsaofrancisco.org.br\/2017\/\/box\/uploads\/2017\/11\/montagremanivaldosenado-600x600.jpg","articleSection":["Meio Ambiente"],"inLanguage":"pt-BR","potentialAction":[{"@type":"CommentAction","name":"Comment","target":["https:\/\/blogdofarnesio.com.br\/?p=182952#respond"]}]},{"@type":"WebPage","@id":"https:\/\/blogdofarnesio.com.br\/?p=182952","url":"https:\/\/blogdofarnesio.com.br\/?p=182952","name":"\"A REVITALIZA\u00c7\u00c3O DO S\u00c3O FRANCISCO \u00c9 O CAMINHO PARA UNI\u00c3O DO NORDESTE\". DIZ PRESIDENTE DO COMIT\u00ca DA BACIA - Blog do Farn\u00e9sio","isPartOf":{"@id":"https:\/\/blogdofarnesio.com.br\/#website"},"primaryImageOfPage":{"@id":"https:\/\/blogdofarnesio.com.br\/?p=182952#primaryimage"},"image":{"@id":"https:\/\/blogdofarnesio.com.br\/?p=182952#primaryimage"},"thumbnailUrl":"http:\/\/cbhsaofrancisco.org.br\/2017\/\/box\/uploads\/2017\/11\/montagremanivaldosenado-600x600.jpg","datePublished":"2017-12-01T12:21:31+00:00","breadcrumb":{"@id":"https:\/\/blogdofarnesio.com.br\/?p=182952#breadcrumb"},"inLanguage":"pt-BR","potentialAction":[{"@type":"ReadAction","target":["https:\/\/blogdofarnesio.com.br\/?p=182952"]}]},{"@type":"ImageObject","inLanguage":"pt-BR","@id":"https:\/\/blogdofarnesio.com.br\/?p=182952#primaryimage","url":"http:\/\/cbhsaofrancisco.org.br\/2017\/\/box\/uploads\/2017\/11\/montagremanivaldosenado-600x600.jpg","contentUrl":"http:\/\/cbhsaofrancisco.org.br\/2017\/\/box\/uploads\/2017\/11\/montagremanivaldosenado-600x600.jpg"},{"@type":"BreadcrumbList","@id":"https:\/\/blogdofarnesio.com.br\/?p=182952#breadcrumb","itemListElement":[{"@type":"ListItem","position":1,"name":"In\u00edcio","item":"https:\/\/blogdofarnesio.com.br\/"},{"@type":"ListItem","position":2,"name":"&#8220;A REVITALIZA\u00c7\u00c3O DO S\u00c3O FRANCISCO \u00c9 O CAMINHO PARA UNI\u00c3O DO NORDESTE&#8221;. DIZ PRESIDENTE DO COMIT\u00ca DA BACIA"}]},{"@type":"WebSite","@id":"https:\/\/blogdofarnesio.com.br\/#website","url":"https:\/\/blogdofarnesio.com.br\/","name":"Blog do Farn\u00e9sio","description":"Quer Saber Pol\u00edtica?","publisher":{"@id":"https:\/\/blogdofarnesio.com.br\/#organization"},"potentialAction":[{"@type":"SearchAction","target":{"@type":"EntryPoint","urlTemplate":"https:\/\/blogdofarnesio.com.br\/?s={search_term_string}"},"query-input":{"@type":"PropertyValueSpecification","valueRequired":true,"valueName":"search_term_string"}}],"inLanguage":"pt-BR"},{"@type":"Organization","@id":"https:\/\/blogdofarnesio.com.br\/#organization","name":"Blog do Farn\u00e9sio","url":"https:\/\/blogdofarnesio.com.br\/","logo":{"@type":"ImageObject","inLanguage":"pt-BR","@id":"https:\/\/blogdofarnesio.com.br\/#\/schema\/logo\/image\/","url":"https:\/\/blogdofarnesio.com.br\/wp-content\/uploads\/2026\/03\/cropped-logo_new-1.png","contentUrl":"https:\/\/blogdofarnesio.com.br\/wp-content\/uploads\/2026\/03\/cropped-logo_new-1.png","width":881,"height":685,"caption":"Blog do Farn\u00e9sio"},"image":{"@id":"https:\/\/blogdofarnesio.com.br\/#\/schema\/logo\/image\/"},"sameAs":["https:\/\/www.facebook.com\/BlogQuerSaberPolitica\/"]},{"@type":"Person","@id":"https:\/\/blogdofarnesio.com.br\/#\/schema\/person\/301c4acf522bccbfdb45af95b5b906a1","name":"Farn\u00e9sio","image":{"@type":"ImageObject","inLanguage":"pt-BR","@id":"https:\/\/secure.gravatar.com\/avatar\/df0c9a14567c056f8ad6876ba5bbd1e3e2c48023eb6807342fc4663adf549f38?s=96&d=mm&r=g","url":"https:\/\/secure.gravatar.com\/avatar\/df0c9a14567c056f8ad6876ba5bbd1e3e2c48023eb6807342fc4663adf549f38?s=96&d=mm&r=g","contentUrl":"https:\/\/secure.gravatar.com\/avatar\/df0c9a14567c056f8ad6876ba5bbd1e3e2c48023eb6807342fc4663adf549f38?s=96&d=mm&r=g","caption":"Farn\u00e9sio"},"sameAs":["https:\/\/quersaberpolitica.com.br"],"url":"https:\/\/blogdofarnesio.com.br\/?author=1"}]}},"_links":{"self":[{"href":"https:\/\/blogdofarnesio.com.br\/index.php?rest_route=\/wp\/v2\/posts\/182952","targetHints":{"allow":["GET"]}}],"collection":[{"href":"https:\/\/blogdofarnesio.com.br\/index.php?rest_route=\/wp\/v2\/posts"}],"about":[{"href":"https:\/\/blogdofarnesio.com.br\/index.php?rest_route=\/wp\/v2\/types\/post"}],"author":[{"embeddable":true,"href":"https:\/\/blogdofarnesio.com.br\/index.php?rest_route=\/wp\/v2\/users\/1"}],"replies":[{"embeddable":true,"href":"https:\/\/blogdofarnesio.com.br\/index.php?rest_route=%2Fwp%2Fv2%2Fcomments&post=182952"}],"version-history":[{"count":0,"href":"https:\/\/blogdofarnesio.com.br\/index.php?rest_route=\/wp\/v2\/posts\/182952\/revisions"}],"wp:attachment":[{"href":"https:\/\/blogdofarnesio.com.br\/index.php?rest_route=%2Fwp%2Fv2%2Fmedia&parent=182952"}],"wp:term":[{"taxonomy":"category","embeddable":true,"href":"https:\/\/blogdofarnesio.com.br\/index.php?rest_route=%2Fwp%2Fv2%2Fcategories&post=182952"},{"taxonomy":"post_tag","embeddable":true,"href":"https:\/\/blogdofarnesio.com.br\/index.php?rest_route=%2Fwp%2Fv2%2Ftags&post=182952"}],"curies":[{"name":"wp","href":"https:\/\/api.w.org\/{rel}","templated":true}]}}