{"id":182946,"date":"2017-12-01T08:33:39","date_gmt":"2017-12-01T11:33:39","guid":{"rendered":"http:\/\/quersaberpolitica.com.br\/2016\/?p=182946"},"modified":"2017-12-01T09:57:34","modified_gmt":"2017-12-01T12:57:34","slug":"anvisa-alerta-pessoas-que-nunca-tiveram-dengue-nao-devem-tomar-a-vacina","status":"publish","type":"post","link":"https:\/\/blogdofarnesio.com.br\/?p=182946","title":{"rendered":"ANVISA ALERTA: PESSOAS QUE NUNCA TIVERAM DENGUE N\u00c3O DEVEM TOMAR A VACINA"},"content":{"rendered":"<div class=\"meta1\">\n<p>&nbsp;<\/p>\n<\/div>\n<div>A Ag\u00eancia Nacional de Vigil\u00e2ncia Sanit\u00e1ria divulgou nesta quarta-feira (29) que o laborat\u00f3rio Sanofi-Aventis, fabricante da vacina da dengue, apresentou informa\u00e7\u00f5es que sugerem que pessoas que nunca tiveram contato com o v\u00edrus da dengue podem desenvolver formas mais graves da doen\u00e7a caso tomem a vacina. A vacina Dengvaxia foi aprovada no Brasil em 28 de dezembro de 2015 e n\u00e3o \u00e9 oferecida pelo Programa Nacional de Imuniza\u00e7\u00f5es.<\/div>\n<div><\/div>\n<div>A suspeita do laborat\u00f3rio, apresentada nesta semana, ainda n\u00e3o \u00e9 conclusiva, mas, diante do problema, a recomenda\u00e7\u00e3o da Anvisa \u00e9 que a vacina n\u00e3o seja tomada por pessoas que nunca tiveram dengue. Apesar de esclarecer que a vacina por si s\u00f3 n\u00e3o \u00e9 capaz de desencadear um quadro grave da doen\u00e7a nem induzir ao aparecimento espont\u00e2neo da dengue \u2013 para isso, \u00e9 preciso ser picado por um mosquito infectado -, existe a possibilidade de que pessoas soronegativas desenvolvam um quadro mais agudo de dengue caso sejam infectadas ap\u00f3s terem recebido o medicamento.<\/div>\n<div><\/div>\n<div>A bula da vacina ser\u00e1 atualizada enquanto a Anvisa avalia os dados completos dos estudos, que ainda ser\u00e3o apresentados pelo fabricante. A vacina da Sanofi, chamada Dengvaxia, \u00e9 a \u00fanica aprovada no Brasil. O produto \u00e9 indicado para imuniza\u00e7\u00e3o contra os quatro subtipos do v\u00edrus. Para as pessoas que j\u00e1 tiveram dengue, a Anvisa avalia que o benef\u00edcio do uso da vacina permanece favor\u00e1vel.<\/div>\n<div><\/div>\n<div><b>Estudo:<\/b>\u00a0Por meio de um comunicado, a Anvisa esclareceu que \u201ceste risco n\u00e3o havia sido identificado nos estudos apresentados para o registro da vacina na popula\u00e7\u00e3o para a qual a vacina foi aprovada\u201d. A ag\u00eancia informou que, antes do registro, os efeitos da imuniza\u00e7\u00e3o foram estudados em mais de 40 mil pessoas em todo o mundo, e que as pesquisas seguiram os padr\u00f5es estabelecidos por guias internacionais da Organiza\u00e7\u00e3o Mundial da Sa\u00fade (OMS). (Ag\u00eancia Brasil)<\/div>\n","protected":false},"excerpt":{"rendered":"<p>&nbsp; A Ag\u00eancia Nacional de Vigil\u00e2ncia Sanit\u00e1ria divulgou nesta quarta-feira (29) que o laborat\u00f3rio Sanofi-Aventis, fabricante da vacina da dengue, apresentou informa\u00e7\u00f5es que sugerem que pessoas que nunca tiveram contato com o v\u00edrus da dengue podem desenvolver formas mais graves da doen\u00e7a caso tomem a vacina. A vacina Dengvaxia foi aprovada no Brasil em 28 de dezembro de 2015 e n\u00e3o \u00e9 oferecida pelo Programa Nacional de Imuniza\u00e7\u00f5es. A suspeita do laborat\u00f3rio, apresentada nesta semana, ainda n\u00e3o \u00e9 conclusiva, mas, diante do problema, a recomenda\u00e7\u00e3o da Anvisa \u00e9 que a vacina n\u00e3o seja tomada por pessoas que nunca tiveram dengue. Apesar de esclarecer que a vacina por si s\u00f3 n\u00e3o \u00e9 capaz de desencadear um quadro grave da doen\u00e7a nem&hellip; <\/p>\n","protected":false},"author":1,"featured_media":168278,"comment_status":"open","ping_status":"closed","sticky":false,"template":"","format":"standard","meta":{"_acf_changed":false,"footnotes":""},"categories":[4],"tags":[],"class_list":["post-182946","post","type-post","status-publish","format-standard","has-post-thumbnail","hentry","category-saude"],"acf":[],"yoast_head":"<!-- This site is optimized with the Yoast SEO plugin v27.4 - https:\/\/yoast.com\/product\/yoast-seo-wordpress\/ -->\n<title>ANVISA ALERTA: PESSOAS QUE NUNCA TIVERAM DENGUE N\u00c3O DEVEM TOMAR A VACINA - Blog do Farn\u00e9sio<\/title>\n<meta name=\"robots\" content=\"index, follow, max-snippet:-1, max-image-preview:large, max-video-preview:-1\" \/>\n<link rel=\"canonical\" href=\"https:\/\/blogdofarnesio.com.br\/?p=182946\" \/>\n<meta property=\"og:locale\" content=\"pt_BR\" \/>\n<meta property=\"og:type\" content=\"article\" \/>\n<meta property=\"og:title\" content=\"ANVISA ALERTA: PESSOAS QUE NUNCA TIVERAM DENGUE N\u00c3O DEVEM TOMAR A VACINA - Blog do Farn\u00e9sio\" \/>\n<meta property=\"og:description\" content=\"&nbsp; A Ag\u00eancia Nacional de Vigil\u00e2ncia Sanit\u00e1ria divulgou nesta quarta-feira (29) que o laborat\u00f3rio Sanofi-Aventis, fabricante da vacina da dengue, apresentou informa\u00e7\u00f5es que sugerem que pessoas que nunca tiveram contato com o v\u00edrus da dengue podem desenvolver formas mais graves da doen\u00e7a caso tomem a vacina. A vacina Dengvaxia foi aprovada no Brasil em 28 de dezembro de 2015 e n\u00e3o \u00e9 oferecida pelo Programa Nacional de Imuniza\u00e7\u00f5es. A suspeita do laborat\u00f3rio, apresentada nesta semana, ainda n\u00e3o \u00e9 conclusiva, mas, diante do problema, a recomenda\u00e7\u00e3o da Anvisa \u00e9 que a vacina n\u00e3o seja tomada por pessoas que nunca tiveram dengue. Apesar de esclarecer que a vacina por si s\u00f3 n\u00e3o \u00e9 capaz de desencadear um quadro grave da doen\u00e7a nem&hellip;\" \/>\n<meta property=\"og:url\" content=\"https:\/\/blogdofarnesio.com.br\/?p=182946\" \/>\n<meta property=\"og:site_name\" content=\"Blog do Farn\u00e9sio\" \/>\n<meta property=\"article:publisher\" content=\"https:\/\/www.facebook.com\/BlogQuerSaberPolitica\/\" \/>\n<meta property=\"article:published_time\" content=\"2017-12-01T11:33:39+00:00\" \/>\n<meta property=\"article:modified_time\" content=\"2017-12-01T12:57:34+00:00\" \/>\n<meta property=\"og:image\" content=\"https:\/\/blogdofarnesio.com.br\/wp-content\/uploads\/2017\/06\/blogqspvacinaa.jpg\" \/>\n\t<meta property=\"og:image:width\" content=\"580\" \/>\n\t<meta property=\"og:image:height\" content=\"388\" \/>\n\t<meta property=\"og:image:type\" content=\"image\/jpeg\" \/>\n<meta name=\"author\" content=\"Farn\u00e9sio\" \/>\n<meta name=\"twitter:card\" content=\"summary_large_image\" \/>\n<meta name=\"twitter:label1\" content=\"Escrito por\" \/>\n\t<meta name=\"twitter:data1\" content=\"Farn\u00e9sio\" \/>\n\t<meta name=\"twitter:label2\" content=\"Est. tempo de leitura\" \/>\n\t<meta name=\"twitter:data2\" content=\"2 minutos\" \/>\n<script type=\"application\/ld+json\" class=\"yoast-schema-graph\">{\"@context\":\"https:\\\/\\\/schema.org\",\"@graph\":[{\"@type\":\"Article\",\"@id\":\"https:\\\/\\\/blogdofarnesio.com.br\\\/?p=182946#article\",\"isPartOf\":{\"@id\":\"https:\\\/\\\/blogdofarnesio.com.br\\\/?p=182946\"},\"author\":{\"name\":\"Farn\u00e9sio\",\"@id\":\"https:\\\/\\\/blogdofarnesio.com.br\\\/#\\\/schema\\\/person\\\/301c4acf522bccbfdb45af95b5b906a1\"},\"headline\":\"ANVISA ALERTA: PESSOAS QUE NUNCA TIVERAM DENGUE N\u00c3O DEVEM TOMAR A VACINA\",\"datePublished\":\"2017-12-01T11:33:39+00:00\",\"dateModified\":\"2017-12-01T12:57:34+00:00\",\"mainEntityOfPage\":{\"@id\":\"https:\\\/\\\/blogdofarnesio.com.br\\\/?p=182946\"},\"wordCount\":330,\"commentCount\":0,\"publisher\":{\"@id\":\"https:\\\/\\\/blogdofarnesio.com.br\\\/#organization\"},\"image\":{\"@id\":\"https:\\\/\\\/blogdofarnesio.com.br\\\/?p=182946#primaryimage\"},\"thumbnailUrl\":\"https:\\\/\\\/blogdofarnesio.com.br\\\/wp-content\\\/uploads\\\/2017\\\/06\\\/blogqspvacinaa.jpg\",\"articleSection\":[\"Sa\u00fade\"],\"inLanguage\":\"pt-BR\",\"potentialAction\":[{\"@type\":\"CommentAction\",\"name\":\"Comment\",\"target\":[\"https:\\\/\\\/blogdofarnesio.com.br\\\/?p=182946#respond\"]}]},{\"@type\":\"WebPage\",\"@id\":\"https:\\\/\\\/blogdofarnesio.com.br\\\/?p=182946\",\"url\":\"https:\\\/\\\/blogdofarnesio.com.br\\\/?p=182946\",\"name\":\"ANVISA ALERTA: PESSOAS QUE NUNCA TIVERAM DENGUE N\u00c3O DEVEM TOMAR A VACINA - Blog do Farn\u00e9sio\",\"isPartOf\":{\"@id\":\"https:\\\/\\\/blogdofarnesio.com.br\\\/#website\"},\"primaryImageOfPage\":{\"@id\":\"https:\\\/\\\/blogdofarnesio.com.br\\\/?p=182946#primaryimage\"},\"image\":{\"@id\":\"https:\\\/\\\/blogdofarnesio.com.br\\\/?p=182946#primaryimage\"},\"thumbnailUrl\":\"https:\\\/\\\/blogdofarnesio.com.br\\\/wp-content\\\/uploads\\\/2017\\\/06\\\/blogqspvacinaa.jpg\",\"datePublished\":\"2017-12-01T11:33:39+00:00\",\"dateModified\":\"2017-12-01T12:57:34+00:00\",\"breadcrumb\":{\"@id\":\"https:\\\/\\\/blogdofarnesio.com.br\\\/?p=182946#breadcrumb\"},\"inLanguage\":\"pt-BR\",\"potentialAction\":[{\"@type\":\"ReadAction\",\"target\":[\"https:\\\/\\\/blogdofarnesio.com.br\\\/?p=182946\"]}]},{\"@type\":\"ImageObject\",\"inLanguage\":\"pt-BR\",\"@id\":\"https:\\\/\\\/blogdofarnesio.com.br\\\/?p=182946#primaryimage\",\"url\":\"https:\\\/\\\/blogdofarnesio.com.br\\\/wp-content\\\/uploads\\\/2017\\\/06\\\/blogqspvacinaa.jpg\",\"contentUrl\":\"https:\\\/\\\/blogdofarnesio.com.br\\\/wp-content\\\/uploads\\\/2017\\\/06\\\/blogqspvacinaa.jpg\",\"width\":580,\"height\":388},{\"@type\":\"BreadcrumbList\",\"@id\":\"https:\\\/\\\/blogdofarnesio.com.br\\\/?p=182946#breadcrumb\",\"itemListElement\":[{\"@type\":\"ListItem\",\"position\":1,\"name\":\"In\u00edcio\",\"item\":\"https:\\\/\\\/blogdofarnesio.com.br\\\/\"},{\"@type\":\"ListItem\",\"position\":2,\"name\":\"ANVISA ALERTA: PESSOAS QUE NUNCA TIVERAM DENGUE N\u00c3O DEVEM TOMAR A VACINA\"}]},{\"@type\":\"WebSite\",\"@id\":\"https:\\\/\\\/blogdofarnesio.com.br\\\/#website\",\"url\":\"https:\\\/\\\/blogdofarnesio.com.br\\\/\",\"name\":\"Blog do Farn\u00e9sio\",\"description\":\"Quer Saber Pol\u00edtica?\",\"publisher\":{\"@id\":\"https:\\\/\\\/blogdofarnesio.com.br\\\/#organization\"},\"potentialAction\":[{\"@type\":\"SearchAction\",\"target\":{\"@type\":\"EntryPoint\",\"urlTemplate\":\"https:\\\/\\\/blogdofarnesio.com.br\\\/?s={search_term_string}\"},\"query-input\":{\"@type\":\"PropertyValueSpecification\",\"valueRequired\":true,\"valueName\":\"search_term_string\"}}],\"inLanguage\":\"pt-BR\"},{\"@type\":\"Organization\",\"@id\":\"https:\\\/\\\/blogdofarnesio.com.br\\\/#organization\",\"name\":\"Blog do Farn\u00e9sio\",\"url\":\"https:\\\/\\\/blogdofarnesio.com.br\\\/\",\"logo\":{\"@type\":\"ImageObject\",\"inLanguage\":\"pt-BR\",\"@id\":\"https:\\\/\\\/blogdofarnesio.com.br\\\/#\\\/schema\\\/logo\\\/image\\\/\",\"url\":\"https:\\\/\\\/blogdofarnesio.com.br\\\/wp-content\\\/uploads\\\/2026\\\/03\\\/cropped-logo_new-1.png\",\"contentUrl\":\"https:\\\/\\\/blogdofarnesio.com.br\\\/wp-content\\\/uploads\\\/2026\\\/03\\\/cropped-logo_new-1.png\",\"width\":881,\"height\":685,\"caption\":\"Blog do Farn\u00e9sio\"},\"image\":{\"@id\":\"https:\\\/\\\/blogdofarnesio.com.br\\\/#\\\/schema\\\/logo\\\/image\\\/\"},\"sameAs\":[\"https:\\\/\\\/www.facebook.com\\\/BlogQuerSaberPolitica\\\/\"]},{\"@type\":\"Person\",\"@id\":\"https:\\\/\\\/blogdofarnesio.com.br\\\/#\\\/schema\\\/person\\\/301c4acf522bccbfdb45af95b5b906a1\",\"name\":\"Farn\u00e9sio\",\"image\":{\"@type\":\"ImageObject\",\"inLanguage\":\"pt-BR\",\"@id\":\"https:\\\/\\\/secure.gravatar.com\\\/avatar\\\/df0c9a14567c056f8ad6876ba5bbd1e3e2c48023eb6807342fc4663adf549f38?s=96&d=mm&r=g\",\"url\":\"https:\\\/\\\/secure.gravatar.com\\\/avatar\\\/df0c9a14567c056f8ad6876ba5bbd1e3e2c48023eb6807342fc4663adf549f38?s=96&d=mm&r=g\",\"contentUrl\":\"https:\\\/\\\/secure.gravatar.com\\\/avatar\\\/df0c9a14567c056f8ad6876ba5bbd1e3e2c48023eb6807342fc4663adf549f38?s=96&d=mm&r=g\",\"caption\":\"Farn\u00e9sio\"},\"sameAs\":[\"https:\\\/\\\/quersaberpolitica.com.br\"],\"url\":\"https:\\\/\\\/blogdofarnesio.com.br\\\/?author=1\"}]}<\/script>\n<!-- \/ Yoast SEO plugin. -->","yoast_head_json":{"title":"ANVISA ALERTA: PESSOAS QUE NUNCA TIVERAM DENGUE N\u00c3O DEVEM TOMAR A VACINA - Blog do Farn\u00e9sio","robots":{"index":"index","follow":"follow","max-snippet":"max-snippet:-1","max-image-preview":"max-image-preview:large","max-video-preview":"max-video-preview:-1"},"canonical":"https:\/\/blogdofarnesio.com.br\/?p=182946","og_locale":"pt_BR","og_type":"article","og_title":"ANVISA ALERTA: PESSOAS QUE NUNCA TIVERAM DENGUE N\u00c3O DEVEM TOMAR A VACINA - Blog do Farn\u00e9sio","og_description":"&nbsp; A Ag\u00eancia Nacional de Vigil\u00e2ncia Sanit\u00e1ria divulgou nesta quarta-feira (29) que o laborat\u00f3rio Sanofi-Aventis, fabricante da vacina da dengue, apresentou informa\u00e7\u00f5es que sugerem que pessoas que nunca tiveram contato com o v\u00edrus da dengue podem desenvolver formas mais graves da doen\u00e7a caso tomem a vacina. A vacina Dengvaxia foi aprovada no Brasil em 28 de dezembro de 2015 e n\u00e3o \u00e9 oferecida pelo Programa Nacional de Imuniza\u00e7\u00f5es. A suspeita do laborat\u00f3rio, apresentada nesta semana, ainda n\u00e3o \u00e9 conclusiva, mas, diante do problema, a recomenda\u00e7\u00e3o da Anvisa \u00e9 que a vacina n\u00e3o seja tomada por pessoas que nunca tiveram dengue. Apesar de esclarecer que a vacina por si s\u00f3 n\u00e3o \u00e9 capaz de desencadear um quadro grave da doen\u00e7a nem&hellip;","og_url":"https:\/\/blogdofarnesio.com.br\/?p=182946","og_site_name":"Blog do Farn\u00e9sio","article_publisher":"https:\/\/www.facebook.com\/BlogQuerSaberPolitica\/","article_published_time":"2017-12-01T11:33:39+00:00","article_modified_time":"2017-12-01T12:57:34+00:00","og_image":[{"width":580,"height":388,"url":"https:\/\/blogdofarnesio.com.br\/wp-content\/uploads\/2017\/06\/blogqspvacinaa.jpg","type":"image\/jpeg"}],"author":"Farn\u00e9sio","twitter_card":"summary_large_image","twitter_misc":{"Escrito por":"Farn\u00e9sio","Est. tempo de leitura":"2 minutos"},"schema":{"@context":"https:\/\/schema.org","@graph":[{"@type":"Article","@id":"https:\/\/blogdofarnesio.com.br\/?p=182946#article","isPartOf":{"@id":"https:\/\/blogdofarnesio.com.br\/?p=182946"},"author":{"name":"Farn\u00e9sio","@id":"https:\/\/blogdofarnesio.com.br\/#\/schema\/person\/301c4acf522bccbfdb45af95b5b906a1"},"headline":"ANVISA ALERTA: PESSOAS QUE NUNCA TIVERAM DENGUE N\u00c3O DEVEM TOMAR A VACINA","datePublished":"2017-12-01T11:33:39+00:00","dateModified":"2017-12-01T12:57:34+00:00","mainEntityOfPage":{"@id":"https:\/\/blogdofarnesio.com.br\/?p=182946"},"wordCount":330,"commentCount":0,"publisher":{"@id":"https:\/\/blogdofarnesio.com.br\/#organization"},"image":{"@id":"https:\/\/blogdofarnesio.com.br\/?p=182946#primaryimage"},"thumbnailUrl":"https:\/\/blogdofarnesio.com.br\/wp-content\/uploads\/2017\/06\/blogqspvacinaa.jpg","articleSection":["Sa\u00fade"],"inLanguage":"pt-BR","potentialAction":[{"@type":"CommentAction","name":"Comment","target":["https:\/\/blogdofarnesio.com.br\/?p=182946#respond"]}]},{"@type":"WebPage","@id":"https:\/\/blogdofarnesio.com.br\/?p=182946","url":"https:\/\/blogdofarnesio.com.br\/?p=182946","name":"ANVISA ALERTA: PESSOAS QUE NUNCA TIVERAM DENGUE N\u00c3O DEVEM TOMAR A VACINA - Blog do Farn\u00e9sio","isPartOf":{"@id":"https:\/\/blogdofarnesio.com.br\/#website"},"primaryImageOfPage":{"@id":"https:\/\/blogdofarnesio.com.br\/?p=182946#primaryimage"},"image":{"@id":"https:\/\/blogdofarnesio.com.br\/?p=182946#primaryimage"},"thumbnailUrl":"https:\/\/blogdofarnesio.com.br\/wp-content\/uploads\/2017\/06\/blogqspvacinaa.jpg","datePublished":"2017-12-01T11:33:39+00:00","dateModified":"2017-12-01T12:57:34+00:00","breadcrumb":{"@id":"https:\/\/blogdofarnesio.com.br\/?p=182946#breadcrumb"},"inLanguage":"pt-BR","potentialAction":[{"@type":"ReadAction","target":["https:\/\/blogdofarnesio.com.br\/?p=182946"]}]},{"@type":"ImageObject","inLanguage":"pt-BR","@id":"https:\/\/blogdofarnesio.com.br\/?p=182946#primaryimage","url":"https:\/\/blogdofarnesio.com.br\/wp-content\/uploads\/2017\/06\/blogqspvacinaa.jpg","contentUrl":"https:\/\/blogdofarnesio.com.br\/wp-content\/uploads\/2017\/06\/blogqspvacinaa.jpg","width":580,"height":388},{"@type":"BreadcrumbList","@id":"https:\/\/blogdofarnesio.com.br\/?p=182946#breadcrumb","itemListElement":[{"@type":"ListItem","position":1,"name":"In\u00edcio","item":"https:\/\/blogdofarnesio.com.br\/"},{"@type":"ListItem","position":2,"name":"ANVISA ALERTA: PESSOAS QUE NUNCA TIVERAM DENGUE N\u00c3O DEVEM TOMAR A VACINA"}]},{"@type":"WebSite","@id":"https:\/\/blogdofarnesio.com.br\/#website","url":"https:\/\/blogdofarnesio.com.br\/","name":"Blog do Farn\u00e9sio","description":"Quer Saber Pol\u00edtica?","publisher":{"@id":"https:\/\/blogdofarnesio.com.br\/#organization"},"potentialAction":[{"@type":"SearchAction","target":{"@type":"EntryPoint","urlTemplate":"https:\/\/blogdofarnesio.com.br\/?s={search_term_string}"},"query-input":{"@type":"PropertyValueSpecification","valueRequired":true,"valueName":"search_term_string"}}],"inLanguage":"pt-BR"},{"@type":"Organization","@id":"https:\/\/blogdofarnesio.com.br\/#organization","name":"Blog do Farn\u00e9sio","url":"https:\/\/blogdofarnesio.com.br\/","logo":{"@type":"ImageObject","inLanguage":"pt-BR","@id":"https:\/\/blogdofarnesio.com.br\/#\/schema\/logo\/image\/","url":"https:\/\/blogdofarnesio.com.br\/wp-content\/uploads\/2026\/03\/cropped-logo_new-1.png","contentUrl":"https:\/\/blogdofarnesio.com.br\/wp-content\/uploads\/2026\/03\/cropped-logo_new-1.png","width":881,"height":685,"caption":"Blog do Farn\u00e9sio"},"image":{"@id":"https:\/\/blogdofarnesio.com.br\/#\/schema\/logo\/image\/"},"sameAs":["https:\/\/www.facebook.com\/BlogQuerSaberPolitica\/"]},{"@type":"Person","@id":"https:\/\/blogdofarnesio.com.br\/#\/schema\/person\/301c4acf522bccbfdb45af95b5b906a1","name":"Farn\u00e9sio","image":{"@type":"ImageObject","inLanguage":"pt-BR","@id":"https:\/\/secure.gravatar.com\/avatar\/df0c9a14567c056f8ad6876ba5bbd1e3e2c48023eb6807342fc4663adf549f38?s=96&d=mm&r=g","url":"https:\/\/secure.gravatar.com\/avatar\/df0c9a14567c056f8ad6876ba5bbd1e3e2c48023eb6807342fc4663adf549f38?s=96&d=mm&r=g","contentUrl":"https:\/\/secure.gravatar.com\/avatar\/df0c9a14567c056f8ad6876ba5bbd1e3e2c48023eb6807342fc4663adf549f38?s=96&d=mm&r=g","caption":"Farn\u00e9sio"},"sameAs":["https:\/\/quersaberpolitica.com.br"],"url":"https:\/\/blogdofarnesio.com.br\/?author=1"}]}},"_links":{"self":[{"href":"https:\/\/blogdofarnesio.com.br\/index.php?rest_route=\/wp\/v2\/posts\/182946","targetHints":{"allow":["GET"]}}],"collection":[{"href":"https:\/\/blogdofarnesio.com.br\/index.php?rest_route=\/wp\/v2\/posts"}],"about":[{"href":"https:\/\/blogdofarnesio.com.br\/index.php?rest_route=\/wp\/v2\/types\/post"}],"author":[{"embeddable":true,"href":"https:\/\/blogdofarnesio.com.br\/index.php?rest_route=\/wp\/v2\/users\/1"}],"replies":[{"embeddable":true,"href":"https:\/\/blogdofarnesio.com.br\/index.php?rest_route=%2Fwp%2Fv2%2Fcomments&post=182946"}],"version-history":[{"count":0,"href":"https:\/\/blogdofarnesio.com.br\/index.php?rest_route=\/wp\/v2\/posts\/182946\/revisions"}],"wp:featuredmedia":[{"embeddable":true,"href":"https:\/\/blogdofarnesio.com.br\/index.php?rest_route=\/wp\/v2\/media\/168278"}],"wp:attachment":[{"href":"https:\/\/blogdofarnesio.com.br\/index.php?rest_route=%2Fwp%2Fv2%2Fmedia&parent=182946"}],"wp:term":[{"taxonomy":"category","embeddable":true,"href":"https:\/\/blogdofarnesio.com.br\/index.php?rest_route=%2Fwp%2Fv2%2Fcategories&post=182946"},{"taxonomy":"post_tag","embeddable":true,"href":"https:\/\/blogdofarnesio.com.br\/index.php?rest_route=%2Fwp%2Fv2%2Ftags&post=182946"}],"curies":[{"name":"wp","href":"https:\/\/api.w.org\/{rel}","templated":true}]}}