{"id":182493,"date":"2017-11-26T10:00:19","date_gmt":"2017-11-26T13:00:19","guid":{"rendered":"http:\/\/quersaberpolitica.com.br\/2016\/?p=182493"},"modified":"2017-11-25T20:59:24","modified_gmt":"2017-11-25T23:59:24","slug":"projeto-pedra-branca-um-sonho-que-se-tornou-desesperanca","status":"publish","type":"post","link":"https:\/\/blogdofarnesio.com.br\/?p=182493","title":{"rendered":"PROJETO PEDRA BRANCA; UM SONHO QUE SE TORNOU DESESPERAN\u00c7A"},"content":{"rendered":"<h3 class=\"post-title entry-title\">PROJETO EST\u00c1 ABANDONADO PELA CHESF E CODEVASF<\/h3>\n<div id=\"post-body-2005919484387841045\" class=\"entry-content\">\n<div>O projeto Pedra Branca completa 30 anos no m\u00eas de mar\u00e7o e vem passando por diversas dificuldades com os servi\u00e7os de O&amp;M \u2013 Opera\u00e7\u00e3o e Manuten\u00e7\u00e3o que \u00e9 de responsabilidade da CHESF e CODEVASF a muito tempo, com a omiss\u00e3o da CHESF\/CODEVASF em disponibilizar agua suficiente para irriga\u00e7\u00e3o a cerca de dois anos os preju\u00edzos acumulados s\u00e3o incalcul\u00e1veis e os produtores j\u00e1 n\u00e3o conseguem produzir com qualidade, uma vez que a perca da produ\u00e7\u00e3o j\u00e1 chega em torno de 70% da produ\u00e7\u00e3o.<\/div>\n<div><\/div>\n<div><a href=\"http:\/\/quersaberpolitica.com.br\/2016\/wp-content\/uploads\/2017\/11\/blogqspcura\u00e7aprojpedrabranca0.jpg\"><img loading=\"lazy\" decoding=\"async\" class=\"aligncenter size-full wp-image-182494\" src=\"http:\/\/quersaberpolitica.com.br\/2016\/wp-content\/uploads\/2017\/11\/blogqspcura\u00e7aprojpedrabranca0.jpg\" alt=\"\" width=\"640\" height=\"232\" srcset=\"https:\/\/blogdofarnesio.com.br\/wp-content\/uploads\/2017\/11\/blogqspcura\u00e7aprojpedrabranca0.jpg 640w, https:\/\/blogdofarnesio.com.br\/wp-content\/uploads\/2017\/11\/blogqspcura\u00e7aprojpedrabranca0-300x109.jpg 300w, https:\/\/blogdofarnesio.com.br\/wp-content\/uploads\/2017\/11\/blogqspcura\u00e7aprojpedrabranca0-360x131.jpg 360w\" sizes=\"auto, (max-width: 640px) 100vw, 640px\" \/><\/a>No inicio do m\u00eas de outubro os pr\u00f3prios produtores com o apoio do Sindicato dos Trabalhadores Rurais de Cura\u00e7\u00e1 e Abar\u00e9 fizeram uma for\u00e7a tarefa na esta\u00e7\u00e3o de Bombeamento para a melhoria da irriga\u00e7\u00e3o, com isso no \u00faltimo dia 26 de outubro os reassentados receberam do governo do estado um novo flutuante atrav\u00e9s de uma emenda parlamentar do Deputado Estadual \u00c2ngelo Almeida que com esse novo equipamento os agricultores tinham a esperan\u00e7a de minimizar os preju\u00edzos causados, mas com a falta de compromisso da Codevasf o mesmo ainda n\u00e3o foi estalado por conta do transformador que sua capacidade n\u00e3o e suficiente e a mesma n\u00e3o troca.<\/div>\n<div><\/div>\n<div>Segundo o Sr. H\u00e9lio Santos representante do Sindicato dos Trabalhadores Rurais de Cura\u00e7\u00e1 varias tentativas foram feitas junto \u00e0 codevasf para solucionar os problemas, na ultima reuni\u00e3o com a Superintendente interina da 6\u00aa SR de Juazeiro e gestor dos contratos de Opera\u00e7\u00e3o e Manuten\u00e7\u00e3o o Sr. Laercio ficou acordado que o transformador seria trocado num prazo de 10 dias e j\u00e1 estar chegando aos 40 dias e ate agora nada aconteci, eu mesmo tentei buscar solu\u00e7\u00f5es ligando e mandando mensagens de whatsapp para o Diretor da Codevasf o Dr. Napole\u00e3o e n\u00e3o obtive \u00eaxito com isso a empresa SENHA que presta os servi\u00e7os de O&amp;M respons\u00e1vel por o sistema de bombeamento j\u00e1 entregou os avisos pr\u00e9vios aos seus funcion\u00e1rios.<\/div>\n<div><\/div>\n<div>A situa\u00e7\u00e3o que o Projeto Pedra Branca se encontra hoje \u00e9 em estado de calamidade e abandono por parte dos governos Municipal, Estadual e Federal.<\/div>\n<\/div>\n","protected":false},"excerpt":{"rendered":"<p>PROJETO EST\u00c1 ABANDONADO PELA CHESF E CODEVASF O projeto Pedra Branca completa 30 anos no m\u00eas de mar\u00e7o e vem passando por diversas dificuldades com os servi\u00e7os de O&amp;M \u2013 Opera\u00e7\u00e3o e Manuten\u00e7\u00e3o que \u00e9 de responsabilidade da CHESF e CODEVASF a muito tempo, com a omiss\u00e3o da CHESF\/CODEVASF em disponibilizar agua suficiente para irriga\u00e7\u00e3o a cerca de dois anos os preju\u00edzos acumulados s\u00e3o incalcul\u00e1veis e os produtores j\u00e1 n\u00e3o conseguem produzir com qualidade, uma vez que a perca da produ\u00e7\u00e3o j\u00e1 chega em torno de 70% da produ\u00e7\u00e3o. No inicio do m\u00eas de outubro os pr\u00f3prios produtores com o apoio do Sindicato dos Trabalhadores Rurais de Cura\u00e7\u00e1 e Abar\u00e9 fizeram uma for\u00e7a tarefa na esta\u00e7\u00e3o de Bombeamento para a&hellip; <\/p>\n","protected":false},"author":1,"featured_media":182495,"comment_status":"open","ping_status":"closed","sticky":false,"template":"","format":"standard","meta":{"_acf_changed":false,"footnotes":""},"categories":[56,20,13],"tags":[],"class_list":["post-182493","post","type-post","status-publish","format-standard","has-post-thumbnail","hentry","category-agua","category-economia","category-fruticultura"],"acf":[],"yoast_head":"<!-- This site is optimized with the Yoast SEO plugin v27.4 - https:\/\/yoast.com\/product\/yoast-seo-wordpress\/ -->\n<title>PROJETO PEDRA BRANCA; UM SONHO QUE SE TORNOU DESESPERAN\u00c7A - Blog do Farn\u00e9sio<\/title>\n<meta name=\"robots\" content=\"index, follow, max-snippet:-1, max-image-preview:large, max-video-preview:-1\" \/>\n<link rel=\"canonical\" href=\"https:\/\/blogdofarnesio.com.br\/?p=182493\" \/>\n<meta property=\"og:locale\" content=\"pt_BR\" \/>\n<meta property=\"og:type\" content=\"article\" \/>\n<meta property=\"og:title\" content=\"PROJETO PEDRA BRANCA; UM SONHO QUE SE TORNOU DESESPERAN\u00c7A - Blog do Farn\u00e9sio\" \/>\n<meta property=\"og:description\" content=\"PROJETO EST\u00c1 ABANDONADO PELA CHESF E CODEVASF O projeto Pedra Branca completa 30 anos no m\u00eas de mar\u00e7o e vem passando por diversas dificuldades com os servi\u00e7os de O&amp;M \u2013 Opera\u00e7\u00e3o e Manuten\u00e7\u00e3o que \u00e9 de responsabilidade da CHESF e CODEVASF a muito tempo, com a omiss\u00e3o da CHESF\/CODEVASF em disponibilizar agua suficiente para irriga\u00e7\u00e3o a cerca de dois anos os preju\u00edzos acumulados s\u00e3o incalcul\u00e1veis e os produtores j\u00e1 n\u00e3o conseguem produzir com qualidade, uma vez que a perca da produ\u00e7\u00e3o j\u00e1 chega em torno de 70% da produ\u00e7\u00e3o. No inicio do m\u00eas de outubro os pr\u00f3prios produtores com o apoio do Sindicato dos Trabalhadores Rurais de Cura\u00e7\u00e1 e Abar\u00e9 fizeram uma for\u00e7a tarefa na esta\u00e7\u00e3o de Bombeamento para a&hellip;\" \/>\n<meta property=\"og:url\" content=\"https:\/\/blogdofarnesio.com.br\/?p=182493\" \/>\n<meta property=\"og:site_name\" content=\"Blog do Farn\u00e9sio\" \/>\n<meta property=\"article:publisher\" content=\"https:\/\/www.facebook.com\/BlogQuerSaberPolitica\/\" \/>\n<meta property=\"article:published_time\" content=\"2017-11-26T13:00:19+00:00\" \/>\n<meta property=\"og:image\" content=\"https:\/\/blogdofarnesio.com.br\/wp-content\/uploads\/2017\/11\/blogqspcura\u00e7aprojpedrabranca.jpg\" \/>\n\t<meta property=\"og:image:width\" content=\"640\" \/>\n\t<meta property=\"og:image:height\" content=\"241\" \/>\n\t<meta property=\"og:image:type\" content=\"image\/jpeg\" \/>\n<meta name=\"author\" content=\"Farn\u00e9sio\" \/>\n<meta name=\"twitter:card\" content=\"summary_large_image\" \/>\n<meta name=\"twitter:label1\" content=\"Escrito por\" \/>\n\t<meta name=\"twitter:data1\" content=\"Farn\u00e9sio\" \/>\n\t<meta name=\"twitter:label2\" content=\"Est. tempo de leitura\" \/>\n\t<meta name=\"twitter:data2\" content=\"2 minutos\" \/>\n<script type=\"application\/ld+json\" class=\"yoast-schema-graph\">{\"@context\":\"https:\\\/\\\/schema.org\",\"@graph\":[{\"@type\":\"Article\",\"@id\":\"https:\\\/\\\/blogdofarnesio.com.br\\\/?p=182493#article\",\"isPartOf\":{\"@id\":\"https:\\\/\\\/blogdofarnesio.com.br\\\/?p=182493\"},\"author\":{\"name\":\"Farn\u00e9sio\",\"@id\":\"https:\\\/\\\/blogdofarnesio.com.br\\\/#\\\/schema\\\/person\\\/301c4acf522bccbfdb45af95b5b906a1\"},\"headline\":\"PROJETO PEDRA BRANCA; UM SONHO QUE SE TORNOU DESESPERAN\u00c7A\",\"datePublished\":\"2017-11-26T13:00:19+00:00\",\"mainEntityOfPage\":{\"@id\":\"https:\\\/\\\/blogdofarnesio.com.br\\\/?p=182493\"},\"wordCount\":380,\"commentCount\":0,\"publisher\":{\"@id\":\"https:\\\/\\\/blogdofarnesio.com.br\\\/#organization\"},\"image\":{\"@id\":\"https:\\\/\\\/blogdofarnesio.com.br\\\/?p=182493#primaryimage\"},\"thumbnailUrl\":\"https:\\\/\\\/blogdofarnesio.com.br\\\/wp-content\\\/uploads\\\/2017\\\/11\\\/blogqspcura\u00e7aprojpedrabranca.jpg\",\"articleSection\":[\"\u00c1gua\",\"Economia\",\"Fruticultura\"],\"inLanguage\":\"pt-BR\",\"potentialAction\":[{\"@type\":\"CommentAction\",\"name\":\"Comment\",\"target\":[\"https:\\\/\\\/blogdofarnesio.com.br\\\/?p=182493#respond\"]}]},{\"@type\":\"WebPage\",\"@id\":\"https:\\\/\\\/blogdofarnesio.com.br\\\/?p=182493\",\"url\":\"https:\\\/\\\/blogdofarnesio.com.br\\\/?p=182493\",\"name\":\"PROJETO PEDRA BRANCA; UM SONHO QUE SE TORNOU DESESPERAN\u00c7A - Blog do Farn\u00e9sio\",\"isPartOf\":{\"@id\":\"https:\\\/\\\/blogdofarnesio.com.br\\\/#website\"},\"primaryImageOfPage\":{\"@id\":\"https:\\\/\\\/blogdofarnesio.com.br\\\/?p=182493#primaryimage\"},\"image\":{\"@id\":\"https:\\\/\\\/blogdofarnesio.com.br\\\/?p=182493#primaryimage\"},\"thumbnailUrl\":\"https:\\\/\\\/blogdofarnesio.com.br\\\/wp-content\\\/uploads\\\/2017\\\/11\\\/blogqspcura\u00e7aprojpedrabranca.jpg\",\"datePublished\":\"2017-11-26T13:00:19+00:00\",\"breadcrumb\":{\"@id\":\"https:\\\/\\\/blogdofarnesio.com.br\\\/?p=182493#breadcrumb\"},\"inLanguage\":\"pt-BR\",\"potentialAction\":[{\"@type\":\"ReadAction\",\"target\":[\"https:\\\/\\\/blogdofarnesio.com.br\\\/?p=182493\"]}]},{\"@type\":\"ImageObject\",\"inLanguage\":\"pt-BR\",\"@id\":\"https:\\\/\\\/blogdofarnesio.com.br\\\/?p=182493#primaryimage\",\"url\":\"https:\\\/\\\/blogdofarnesio.com.br\\\/wp-content\\\/uploads\\\/2017\\\/11\\\/blogqspcura\u00e7aprojpedrabranca.jpg\",\"contentUrl\":\"https:\\\/\\\/blogdofarnesio.com.br\\\/wp-content\\\/uploads\\\/2017\\\/11\\\/blogqspcura\u00e7aprojpedrabranca.jpg\",\"width\":640,\"height\":241,\"caption\":\"Ilustra\u00e7\u00e3o\"},{\"@type\":\"BreadcrumbList\",\"@id\":\"https:\\\/\\\/blogdofarnesio.com.br\\\/?p=182493#breadcrumb\",\"itemListElement\":[{\"@type\":\"ListItem\",\"position\":1,\"name\":\"In\u00edcio\",\"item\":\"https:\\\/\\\/blogdofarnesio.com.br\\\/\"},{\"@type\":\"ListItem\",\"position\":2,\"name\":\"PROJETO PEDRA BRANCA; UM SONHO QUE SE TORNOU DESESPERAN\u00c7A\"}]},{\"@type\":\"WebSite\",\"@id\":\"https:\\\/\\\/blogdofarnesio.com.br\\\/#website\",\"url\":\"https:\\\/\\\/blogdofarnesio.com.br\\\/\",\"name\":\"Blog do Farn\u00e9sio\",\"description\":\"Quer Saber Pol\u00edtica?\",\"publisher\":{\"@id\":\"https:\\\/\\\/blogdofarnesio.com.br\\\/#organization\"},\"potentialAction\":[{\"@type\":\"SearchAction\",\"target\":{\"@type\":\"EntryPoint\",\"urlTemplate\":\"https:\\\/\\\/blogdofarnesio.com.br\\\/?s={search_term_string}\"},\"query-input\":{\"@type\":\"PropertyValueSpecification\",\"valueRequired\":true,\"valueName\":\"search_term_string\"}}],\"inLanguage\":\"pt-BR\"},{\"@type\":\"Organization\",\"@id\":\"https:\\\/\\\/blogdofarnesio.com.br\\\/#organization\",\"name\":\"Blog do Farn\u00e9sio\",\"url\":\"https:\\\/\\\/blogdofarnesio.com.br\\\/\",\"logo\":{\"@type\":\"ImageObject\",\"inLanguage\":\"pt-BR\",\"@id\":\"https:\\\/\\\/blogdofarnesio.com.br\\\/#\\\/schema\\\/logo\\\/image\\\/\",\"url\":\"https:\\\/\\\/blogdofarnesio.com.br\\\/wp-content\\\/uploads\\\/2026\\\/03\\\/cropped-logo_new-1.png\",\"contentUrl\":\"https:\\\/\\\/blogdofarnesio.com.br\\\/wp-content\\\/uploads\\\/2026\\\/03\\\/cropped-logo_new-1.png\",\"width\":881,\"height\":685,\"caption\":\"Blog do Farn\u00e9sio\"},\"image\":{\"@id\":\"https:\\\/\\\/blogdofarnesio.com.br\\\/#\\\/schema\\\/logo\\\/image\\\/\"},\"sameAs\":[\"https:\\\/\\\/www.facebook.com\\\/BlogQuerSaberPolitica\\\/\"]},{\"@type\":\"Person\",\"@id\":\"https:\\\/\\\/blogdofarnesio.com.br\\\/#\\\/schema\\\/person\\\/301c4acf522bccbfdb45af95b5b906a1\",\"name\":\"Farn\u00e9sio\",\"image\":{\"@type\":\"ImageObject\",\"inLanguage\":\"pt-BR\",\"@id\":\"https:\\\/\\\/secure.gravatar.com\\\/avatar\\\/df0c9a14567c056f8ad6876ba5bbd1e3e2c48023eb6807342fc4663adf549f38?s=96&d=mm&r=g\",\"url\":\"https:\\\/\\\/secure.gravatar.com\\\/avatar\\\/df0c9a14567c056f8ad6876ba5bbd1e3e2c48023eb6807342fc4663adf549f38?s=96&d=mm&r=g\",\"contentUrl\":\"https:\\\/\\\/secure.gravatar.com\\\/avatar\\\/df0c9a14567c056f8ad6876ba5bbd1e3e2c48023eb6807342fc4663adf549f38?s=96&d=mm&r=g\",\"caption\":\"Farn\u00e9sio\"},\"sameAs\":[\"https:\\\/\\\/quersaberpolitica.com.br\"],\"url\":\"https:\\\/\\\/blogdofarnesio.com.br\\\/?author=1\"}]}<\/script>\n<!-- \/ Yoast SEO plugin. -->","yoast_head_json":{"title":"PROJETO PEDRA BRANCA; UM SONHO QUE SE TORNOU DESESPERAN\u00c7A - Blog do Farn\u00e9sio","robots":{"index":"index","follow":"follow","max-snippet":"max-snippet:-1","max-image-preview":"max-image-preview:large","max-video-preview":"max-video-preview:-1"},"canonical":"https:\/\/blogdofarnesio.com.br\/?p=182493","og_locale":"pt_BR","og_type":"article","og_title":"PROJETO PEDRA BRANCA; UM SONHO QUE SE TORNOU DESESPERAN\u00c7A - Blog do Farn\u00e9sio","og_description":"PROJETO EST\u00c1 ABANDONADO PELA CHESF E CODEVASF O projeto Pedra Branca completa 30 anos no m\u00eas de mar\u00e7o e vem passando por diversas dificuldades com os servi\u00e7os de O&amp;M \u2013 Opera\u00e7\u00e3o e Manuten\u00e7\u00e3o que \u00e9 de responsabilidade da CHESF e CODEVASF a muito tempo, com a omiss\u00e3o da CHESF\/CODEVASF em disponibilizar agua suficiente para irriga\u00e7\u00e3o a cerca de dois anos os preju\u00edzos acumulados s\u00e3o incalcul\u00e1veis e os produtores j\u00e1 n\u00e3o conseguem produzir com qualidade, uma vez que a perca da produ\u00e7\u00e3o j\u00e1 chega em torno de 70% da produ\u00e7\u00e3o. No inicio do m\u00eas de outubro os pr\u00f3prios produtores com o apoio do Sindicato dos Trabalhadores Rurais de Cura\u00e7\u00e1 e Abar\u00e9 fizeram uma for\u00e7a tarefa na esta\u00e7\u00e3o de Bombeamento para a&hellip;","og_url":"https:\/\/blogdofarnesio.com.br\/?p=182493","og_site_name":"Blog do Farn\u00e9sio","article_publisher":"https:\/\/www.facebook.com\/BlogQuerSaberPolitica\/","article_published_time":"2017-11-26T13:00:19+00:00","og_image":[{"width":640,"height":241,"url":"https:\/\/blogdofarnesio.com.br\/wp-content\/uploads\/2017\/11\/blogqspcura\u00e7aprojpedrabranca.jpg","type":"image\/jpeg"}],"author":"Farn\u00e9sio","twitter_card":"summary_large_image","twitter_misc":{"Escrito por":"Farn\u00e9sio","Est. tempo de leitura":"2 minutos"},"schema":{"@context":"https:\/\/schema.org","@graph":[{"@type":"Article","@id":"https:\/\/blogdofarnesio.com.br\/?p=182493#article","isPartOf":{"@id":"https:\/\/blogdofarnesio.com.br\/?p=182493"},"author":{"name":"Farn\u00e9sio","@id":"https:\/\/blogdofarnesio.com.br\/#\/schema\/person\/301c4acf522bccbfdb45af95b5b906a1"},"headline":"PROJETO PEDRA BRANCA; UM SONHO QUE SE TORNOU DESESPERAN\u00c7A","datePublished":"2017-11-26T13:00:19+00:00","mainEntityOfPage":{"@id":"https:\/\/blogdofarnesio.com.br\/?p=182493"},"wordCount":380,"commentCount":0,"publisher":{"@id":"https:\/\/blogdofarnesio.com.br\/#organization"},"image":{"@id":"https:\/\/blogdofarnesio.com.br\/?p=182493#primaryimage"},"thumbnailUrl":"https:\/\/blogdofarnesio.com.br\/wp-content\/uploads\/2017\/11\/blogqspcura\u00e7aprojpedrabranca.jpg","articleSection":["\u00c1gua","Economia","Fruticultura"],"inLanguage":"pt-BR","potentialAction":[{"@type":"CommentAction","name":"Comment","target":["https:\/\/blogdofarnesio.com.br\/?p=182493#respond"]}]},{"@type":"WebPage","@id":"https:\/\/blogdofarnesio.com.br\/?p=182493","url":"https:\/\/blogdofarnesio.com.br\/?p=182493","name":"PROJETO PEDRA BRANCA; UM SONHO QUE SE TORNOU DESESPERAN\u00c7A - Blog do Farn\u00e9sio","isPartOf":{"@id":"https:\/\/blogdofarnesio.com.br\/#website"},"primaryImageOfPage":{"@id":"https:\/\/blogdofarnesio.com.br\/?p=182493#primaryimage"},"image":{"@id":"https:\/\/blogdofarnesio.com.br\/?p=182493#primaryimage"},"thumbnailUrl":"https:\/\/blogdofarnesio.com.br\/wp-content\/uploads\/2017\/11\/blogqspcura\u00e7aprojpedrabranca.jpg","datePublished":"2017-11-26T13:00:19+00:00","breadcrumb":{"@id":"https:\/\/blogdofarnesio.com.br\/?p=182493#breadcrumb"},"inLanguage":"pt-BR","potentialAction":[{"@type":"ReadAction","target":["https:\/\/blogdofarnesio.com.br\/?p=182493"]}]},{"@type":"ImageObject","inLanguage":"pt-BR","@id":"https:\/\/blogdofarnesio.com.br\/?p=182493#primaryimage","url":"https:\/\/blogdofarnesio.com.br\/wp-content\/uploads\/2017\/11\/blogqspcura\u00e7aprojpedrabranca.jpg","contentUrl":"https:\/\/blogdofarnesio.com.br\/wp-content\/uploads\/2017\/11\/blogqspcura\u00e7aprojpedrabranca.jpg","width":640,"height":241,"caption":"Ilustra\u00e7\u00e3o"},{"@type":"BreadcrumbList","@id":"https:\/\/blogdofarnesio.com.br\/?p=182493#breadcrumb","itemListElement":[{"@type":"ListItem","position":1,"name":"In\u00edcio","item":"https:\/\/blogdofarnesio.com.br\/"},{"@type":"ListItem","position":2,"name":"PROJETO PEDRA BRANCA; UM SONHO QUE SE TORNOU DESESPERAN\u00c7A"}]},{"@type":"WebSite","@id":"https:\/\/blogdofarnesio.com.br\/#website","url":"https:\/\/blogdofarnesio.com.br\/","name":"Blog do Farn\u00e9sio","description":"Quer Saber Pol\u00edtica?","publisher":{"@id":"https:\/\/blogdofarnesio.com.br\/#organization"},"potentialAction":[{"@type":"SearchAction","target":{"@type":"EntryPoint","urlTemplate":"https:\/\/blogdofarnesio.com.br\/?s={search_term_string}"},"query-input":{"@type":"PropertyValueSpecification","valueRequired":true,"valueName":"search_term_string"}}],"inLanguage":"pt-BR"},{"@type":"Organization","@id":"https:\/\/blogdofarnesio.com.br\/#organization","name":"Blog do Farn\u00e9sio","url":"https:\/\/blogdofarnesio.com.br\/","logo":{"@type":"ImageObject","inLanguage":"pt-BR","@id":"https:\/\/blogdofarnesio.com.br\/#\/schema\/logo\/image\/","url":"https:\/\/blogdofarnesio.com.br\/wp-content\/uploads\/2026\/03\/cropped-logo_new-1.png","contentUrl":"https:\/\/blogdofarnesio.com.br\/wp-content\/uploads\/2026\/03\/cropped-logo_new-1.png","width":881,"height":685,"caption":"Blog do Farn\u00e9sio"},"image":{"@id":"https:\/\/blogdofarnesio.com.br\/#\/schema\/logo\/image\/"},"sameAs":["https:\/\/www.facebook.com\/BlogQuerSaberPolitica\/"]},{"@type":"Person","@id":"https:\/\/blogdofarnesio.com.br\/#\/schema\/person\/301c4acf522bccbfdb45af95b5b906a1","name":"Farn\u00e9sio","image":{"@type":"ImageObject","inLanguage":"pt-BR","@id":"https:\/\/secure.gravatar.com\/avatar\/df0c9a14567c056f8ad6876ba5bbd1e3e2c48023eb6807342fc4663adf549f38?s=96&d=mm&r=g","url":"https:\/\/secure.gravatar.com\/avatar\/df0c9a14567c056f8ad6876ba5bbd1e3e2c48023eb6807342fc4663adf549f38?s=96&d=mm&r=g","contentUrl":"https:\/\/secure.gravatar.com\/avatar\/df0c9a14567c056f8ad6876ba5bbd1e3e2c48023eb6807342fc4663adf549f38?s=96&d=mm&r=g","caption":"Farn\u00e9sio"},"sameAs":["https:\/\/quersaberpolitica.com.br"],"url":"https:\/\/blogdofarnesio.com.br\/?author=1"}]}},"_links":{"self":[{"href":"https:\/\/blogdofarnesio.com.br\/index.php?rest_route=\/wp\/v2\/posts\/182493","targetHints":{"allow":["GET"]}}],"collection":[{"href":"https:\/\/blogdofarnesio.com.br\/index.php?rest_route=\/wp\/v2\/posts"}],"about":[{"href":"https:\/\/blogdofarnesio.com.br\/index.php?rest_route=\/wp\/v2\/types\/post"}],"author":[{"embeddable":true,"href":"https:\/\/blogdofarnesio.com.br\/index.php?rest_route=\/wp\/v2\/users\/1"}],"replies":[{"embeddable":true,"href":"https:\/\/blogdofarnesio.com.br\/index.php?rest_route=%2Fwp%2Fv2%2Fcomments&post=182493"}],"version-history":[{"count":0,"href":"https:\/\/blogdofarnesio.com.br\/index.php?rest_route=\/wp\/v2\/posts\/182493\/revisions"}],"wp:featuredmedia":[{"embeddable":true,"href":"https:\/\/blogdofarnesio.com.br\/index.php?rest_route=\/wp\/v2\/media\/182495"}],"wp:attachment":[{"href":"https:\/\/blogdofarnesio.com.br\/index.php?rest_route=%2Fwp%2Fv2%2Fmedia&parent=182493"}],"wp:term":[{"taxonomy":"category","embeddable":true,"href":"https:\/\/blogdofarnesio.com.br\/index.php?rest_route=%2Fwp%2Fv2%2Fcategories&post=182493"},{"taxonomy":"post_tag","embeddable":true,"href":"https:\/\/blogdofarnesio.com.br\/index.php?rest_route=%2Fwp%2Fv2%2Ftags&post=182493"}],"curies":[{"name":"wp","href":"https:\/\/api.w.org\/{rel}","templated":true}]}}