{"id":18238,"date":"2012-10-18T15:42:46","date_gmt":"2012-10-18T15:42:46","guid":{"rendered":"http:\/\/www.quersaberpolitica.com.br?p=18238"},"modified":"2012-10-18T14:14:04","modified_gmt":"2012-10-18T14:14:04","slug":"direto-de-curaca","status":"publish","type":"post","link":"https:\/\/blogdofarnesio.com.br\/?p=18238","title":{"rendered":"Direto de Cura\u00e7\u00e1"},"content":{"rendered":"<p>&nbsp;<\/p>\n<p style=\"text-align: justify;\"><span style=\"font-size: medium;\"><span style=\"font-family: arial, helvetica, sans-serif;\"><a rel=\"lightbox\" href=\"http:\/\/www.quersaberpolitica.com.br\/2016\/wp-content\/uploads\/2012\/12\/blogqsp.vaqueirocura&ccedil;a.jpg\"><img loading=\"lazy\" decoding=\"async\" style=\"float: right; margin: 5px 10px;\" src=\"http:\/\/www.quersaberpolitica.com.br\/2016\/wp-content\/uploads\/2012\/12\/blogqsp.vaqueirocura&ccedil;a.jpg\" alt=\"\" width=\"200\" height=\"150\" \/><\/a>A Sociedade dos Vaqueiros de Cura&ccedil;&aacute; foi fundada em 14 de agosto de 1959; A Sociedade dos Vaqueiros surgiu para dar apoio aos vaqueiros de um modo geral e realizar a festa dos vaqueiros durante o m&ecirc;s de julho a qual permanece at&eacute; os dias de hoje.<\/span><\/span><\/p>\n<p style=\"text-align: justify;\"><span style=\"font-size: medium;\"><span style=\"font-family: arial, helvetica, sans-serif;\">O grande objetivo dessa nova diretoria &eacute; buscar meios para facilitar a vida dos vaqueiros atrav&eacute;s de projetos de pol&iacute;ticas p&uacute;blicas a fim de resgatar a autoestima fortalecendo a sua cultura por meio do artesanato e sua musicalidade, buscar a unifica&ccedil;&atilde;o de todas as associa&ccedil;&otilde;es que representam o vaqueiro em nosso munic&iacute;pio, etc. A Sociedade conta hoje com aproximadamente 200 s&oacute;cios, com uma perspectiva de aumentar esse n&uacute;mero consideravelmente.&nbsp;<br \/>Temos o vaqueiro como o maior representante do povo nordestino, pois eles representam sua for&ccedil;a e coragem. Infelizmente essa tradi&ccedil;&atilde;o que &eacute; passada de pai para filho n&atilde;o est&aacute; acontecendo na mesma propor&ccedil;&atilde;o de antigamente, acreditamos que se n&atilde;o fizermos algo para reverter essa situa&ccedil;&atilde;o, n&atilde;o diria acabar, mas se n&atilde;o mudarmos o cen&aacute;rio no que se encontra pode haver uma grande diminui&ccedil;&atilde;o desses homens.<br \/>O vaqueiro &eacute; aquele que toma conta da fazenda cuidando do rebanho seja bovino, caprino, ovino etc. Para ser o bom vaqueiro &eacute; preciso ter muita coragem para enfrentar a seca e todas as dificuldades que ele passa no se dia a dia, est&aacute;s s&atilde;o algumas das atividades de um vaqueiro: Tomar conta de todo rebanho em geral, verificando a falta de algum animal da fazenda, buscar os animais que se afastam do rebanho, se algum animal apresenta algum tipo de problema, dentre outras atividades. Sem o olho experiente de um vaqueiro todo o trabalho com rebanho torna-se dif&iacute;cil tornando assim a &#8220;lida&#8221; comprometida, pois, &eacute; ele que faz o trabalho mais &aacute;rduo da fazenda. Ser um profissional da caatinga n&atilde;o &eacute; f&aacute;cil, o vaqueiro enfrenta um ambiente cheio de perigos, onde a vegeta&ccedil;&atilde;o &eacute; de m&eacute;dio e baixo porte tornando dif&iacute;cil o seu trabalho. Outro ponto que merece destaque pra ser bom vaqueiro &eacute; seu cavalo, pe&ccedil;a fundamental que serve para facilitar o seu trabalho, os dois tem uma rela&ccedil;&atilde;o de muito respeito e amizade.<br \/>Na vestimenta dos vaqueiros existe um grande n&uacute;mero de pe&ccedil;as, dentre elas podemos destacar as principais: Gib&atilde;o, perneira, guarda-peito, chap&eacute;u de couro, luvas e sapatos de couro, pe&ccedil;as que s&atilde;o confeccionadas por muitos deles, isso &eacute; outra coisa que tamb&eacute;m vem diminuindo bastante e um dos motivos &eacute; o elevado pre&ccedil;o da mat&eacute;ria-prima que &eacute; o couro.<br \/>Hoje o vaqueiro vive dias de muita tristeza, pois est&aacute; vendo acabar o que ele mais gosta de fazer, que &eacute; labutar com os animais, o principal motivo disso tem sido a seca que tem castigado o nosso sert&atilde;o. Um dos motivos desse e-mail &eacute; chamar a aten&ccedil;&atilde;o do poder p&uacute;blico para esse grave problema enfrentado todos os anos por esses homens.<br \/>Uma das grandes conquistas desses homens &eacute; ser considerado um profissional, de acordo com o Projeto de Lei da C&acirc;mara (PLC 83\/2011), dos ex-deputados Edigar M&atilde;o Branca e Edson Duarte. O vaqueiro faz parte da sociedade cumprindo assim todas as suas obriga&ccedil;&otilde;es como um cidad&atilde;o.<\/span><\/span><\/p>\n<p style=\"text-align: justify;\"><span style=\"font-size: medium;\"><span style=\"font-family: arial, helvetica, sans-serif;\"><br \/><\/span><\/span><\/p>\n<p style=\"text-align: justify;\"><span style=\"font-size: medium;\"><span style=\"font-family: arial, helvetica, sans-serif;\"><br \/>Atualmente j&aacute; conseguimos beneficiar em partes o pr&eacute;dio da Sociedade, conseguimos algumas horas m&aacute;quinas atrav&eacute;s de emenda do Deputado Federal Daniel Almeida PCdoB &#8211; BA, estamos buscando aos &oacute;rg&atilde;os competentes melhorias sanit&aacute;rias para as casas onde eles moram, queremos montar um projeto de condom&iacute;nios para que os mesmos possam ter um local pr&oacute;ximo ao rio que banha o munic&iacute;pio evitando assim o sofrimento na &eacute;poca de seca igual a que estamos passando neste momento, ter reprodutores PO para melhoria do rebanho caprino e ovino e etc.<br \/>Cura&ccedil;&aacute; &eacute; conhecida como a capital do vaqueiro, pois, det&eacute;m um dos maiores rebanho de caprino do Brasil. Aqui no munic&iacute;pio existe uma tradi&ccedil;&atilde;o que &eacute; a comemora&ccedil;&atilde;o da festa que leva o seu nome, em 2013 completar&aacute; 60 anos de exist&ecirc;ncia. A festa dos vaqueiros &eacute; repleta de muita devo&ccedil;&atilde;o ao Santo protetor, muita alegria e muita divers&atilde;o em estar junto com os amigos onde muitos deles encontram-se somente nesta data, por que ningu&eacute;m &eacute; de ferro. Eles tamb&eacute;m gostam de praticar esporte como: A pega de boi no mato, corrida de argolinha, corrida de prado e a derruba de boi.<\/span><\/span><\/p>\n<div><span style=\"font-size: medium;\"><span style=\"font-family: arial, helvetica, sans-serif;\"><br \/><\/span><\/span><\/div>\n<p>&nbsp;<\/p>\n","protected":false},"excerpt":{"rendered":"<p>&nbsp; A Sociedade dos Vaqueiros de Cura&ccedil;&aacute; foi fundada em 14 de agosto de 1959; A Sociedade dos Vaqueiros surgiu para dar apoio aos vaqueiros de um modo geral e realizar a festa dos vaqueiros durante o m&ecirc;s de julho a qual permanece at&eacute; os dias de hoje. O grande objetivo dessa nova diretoria &eacute; buscar meios para facilitar a vida dos vaqueiros atrav&eacute;s de projetos de pol&iacute;ticas p&uacute;blicas a fim de resgatar a autoestima fortalecendo a sua cultura por meio do artesanato e sua musicalidade, buscar a unifica&ccedil;&atilde;o de todas as associa&ccedil;&otilde;es que representam o vaqueiro em nosso munic&iacute;pio, etc. A Sociedade conta hoje com aproximadamente 200 s&oacute;cios, com uma perspectiva de aumentar esse n&uacute;mero consideravelmente.&nbsp;Temos o vaqueiro como&hellip; <\/p>\n","protected":false},"author":0,"featured_media":0,"comment_status":"open","ping_status":"open","sticky":false,"template":"","format":"standard","meta":{"_acf_changed":false,"footnotes":""},"categories":[27],"tags":[],"class_list":["post-18238","post","type-post","status-publish","format-standard","hentry","category-cidades"],"acf":[],"yoast_head":"<!-- This site is optimized with the Yoast SEO plugin v27.4 - https:\/\/yoast.com\/product\/yoast-seo-wordpress\/ -->\n<title>Direto de Cura\u00e7\u00e1 - Blog do Farn\u00e9sio<\/title>\n<meta name=\"robots\" content=\"index, follow, max-snippet:-1, max-image-preview:large, max-video-preview:-1\" \/>\n<link rel=\"canonical\" href=\"https:\/\/blogdofarnesio.com.br\/?p=18238\" \/>\n<meta property=\"og:locale\" content=\"pt_BR\" \/>\n<meta property=\"og:type\" content=\"article\" \/>\n<meta property=\"og:title\" content=\"Direto de Cura\u00e7\u00e1 - Blog do Farn\u00e9sio\" \/>\n<meta property=\"og:description\" content=\"&nbsp; A Sociedade dos Vaqueiros de Cura&ccedil;&aacute; foi fundada em 14 de agosto de 1959; A Sociedade dos Vaqueiros surgiu para dar apoio aos vaqueiros de um modo geral e realizar a festa dos vaqueiros durante o m&ecirc;s de julho a qual permanece at&eacute; os dias de hoje. O grande objetivo dessa nova diretoria &eacute; buscar meios para facilitar a vida dos vaqueiros atrav&eacute;s de projetos de pol&iacute;ticas p&uacute;blicas a fim de resgatar a autoestima fortalecendo a sua cultura por meio do artesanato e sua musicalidade, buscar a unifica&ccedil;&atilde;o de todas as associa&ccedil;&otilde;es que representam o vaqueiro em nosso munic&iacute;pio, etc. A Sociedade conta hoje com aproximadamente 200 s&oacute;cios, com uma perspectiva de aumentar esse n&uacute;mero consideravelmente.&nbsp;Temos o vaqueiro como&hellip;\" \/>\n<meta property=\"og:url\" content=\"https:\/\/blogdofarnesio.com.br\/?p=18238\" \/>\n<meta property=\"og:site_name\" content=\"Blog do Farn\u00e9sio\" \/>\n<meta property=\"article:publisher\" content=\"https:\/\/www.facebook.com\/BlogQuerSaberPolitica\/\" \/>\n<meta property=\"article:published_time\" content=\"2012-10-18T15:42:46+00:00\" \/>\n<meta property=\"og:image\" content=\"http:\/\/www.quersaberpolitica.com.br\/2016\/wp-content\/uploads\/2012\/12\/blogqsp.vaqueirocura&ccedil;a.jpg\" \/>\n<meta name=\"twitter:card\" content=\"summary_large_image\" \/>\n<meta name=\"twitter:label1\" content=\"Est. tempo de leitura\" \/>\n\t<meta name=\"twitter:data1\" content=\"4 minutos\" \/>\n<script type=\"application\/ld+json\" class=\"yoast-schema-graph\">{\"@context\":\"https:\\\/\\\/schema.org\",\"@graph\":[{\"@type\":\"Article\",\"@id\":\"https:\\\/\\\/blogdofarnesio.com.br\\\/?p=18238#article\",\"isPartOf\":{\"@id\":\"https:\\\/\\\/blogdofarnesio.com.br\\\/?p=18238\"},\"author\":{\"name\":\"\",\"@id\":\"\"},\"headline\":\"Direto de Cura\u00e7\u00e1\",\"datePublished\":\"2012-10-18T15:42:46+00:00\",\"mainEntityOfPage\":{\"@id\":\"https:\\\/\\\/blogdofarnesio.com.br\\\/?p=18238\"},\"wordCount\":858,\"commentCount\":0,\"publisher\":{\"@id\":\"https:\\\/\\\/blogdofarnesio.com.br\\\/#organization\"},\"image\":{\"@id\":\"https:\\\/\\\/blogdofarnesio.com.br\\\/?p=18238#primaryimage\"},\"thumbnailUrl\":\"http:\\\/\\\/www.quersaberpolitica.com.br\\\/2016\\\/wp-content\\\/uploads\\\/2012\\\/12\\\/blogqsp.vaqueirocura&ccedil;a.jpg\",\"articleSection\":[\"Cidades\"],\"inLanguage\":\"pt-BR\",\"potentialAction\":[{\"@type\":\"CommentAction\",\"name\":\"Comment\",\"target\":[\"https:\\\/\\\/blogdofarnesio.com.br\\\/?p=18238#respond\"]}]},{\"@type\":\"WebPage\",\"@id\":\"https:\\\/\\\/blogdofarnesio.com.br\\\/?p=18238\",\"url\":\"https:\\\/\\\/blogdofarnesio.com.br\\\/?p=18238\",\"name\":\"Direto de Cura\u00e7\u00e1 - Blog do Farn\u00e9sio\",\"isPartOf\":{\"@id\":\"https:\\\/\\\/blogdofarnesio.com.br\\\/#website\"},\"primaryImageOfPage\":{\"@id\":\"https:\\\/\\\/blogdofarnesio.com.br\\\/?p=18238#primaryimage\"},\"image\":{\"@id\":\"https:\\\/\\\/blogdofarnesio.com.br\\\/?p=18238#primaryimage\"},\"thumbnailUrl\":\"http:\\\/\\\/www.quersaberpolitica.com.br\\\/2016\\\/wp-content\\\/uploads\\\/2012\\\/12\\\/blogqsp.vaqueirocura&ccedil;a.jpg\",\"datePublished\":\"2012-10-18T15:42:46+00:00\",\"breadcrumb\":{\"@id\":\"https:\\\/\\\/blogdofarnesio.com.br\\\/?p=18238#breadcrumb\"},\"inLanguage\":\"pt-BR\",\"potentialAction\":[{\"@type\":\"ReadAction\",\"target\":[\"https:\\\/\\\/blogdofarnesio.com.br\\\/?p=18238\"]}]},{\"@type\":\"ImageObject\",\"inLanguage\":\"pt-BR\",\"@id\":\"https:\\\/\\\/blogdofarnesio.com.br\\\/?p=18238#primaryimage\",\"url\":\"http:\\\/\\\/www.quersaberpolitica.com.br\\\/2016\\\/wp-content\\\/uploads\\\/2012\\\/12\\\/blogqsp.vaqueirocura&ccedil;a.jpg\",\"contentUrl\":\"http:\\\/\\\/www.quersaberpolitica.com.br\\\/2016\\\/wp-content\\\/uploads\\\/2012\\\/12\\\/blogqsp.vaqueirocura&ccedil;a.jpg\"},{\"@type\":\"BreadcrumbList\",\"@id\":\"https:\\\/\\\/blogdofarnesio.com.br\\\/?p=18238#breadcrumb\",\"itemListElement\":[{\"@type\":\"ListItem\",\"position\":1,\"name\":\"In\u00edcio\",\"item\":\"https:\\\/\\\/blogdofarnesio.com.br\\\/\"},{\"@type\":\"ListItem\",\"position\":2,\"name\":\"Direto de Cura\u00e7\u00e1\"}]},{\"@type\":\"WebSite\",\"@id\":\"https:\\\/\\\/blogdofarnesio.com.br\\\/#website\",\"url\":\"https:\\\/\\\/blogdofarnesio.com.br\\\/\",\"name\":\"Blog do Farn\u00e9sio\",\"description\":\"Quer Saber Pol\u00edtica?\",\"publisher\":{\"@id\":\"https:\\\/\\\/blogdofarnesio.com.br\\\/#organization\"},\"potentialAction\":[{\"@type\":\"SearchAction\",\"target\":{\"@type\":\"EntryPoint\",\"urlTemplate\":\"https:\\\/\\\/blogdofarnesio.com.br\\\/?s={search_term_string}\"},\"query-input\":{\"@type\":\"PropertyValueSpecification\",\"valueRequired\":true,\"valueName\":\"search_term_string\"}}],\"inLanguage\":\"pt-BR\"},{\"@type\":\"Organization\",\"@id\":\"https:\\\/\\\/blogdofarnesio.com.br\\\/#organization\",\"name\":\"Blog do Farn\u00e9sio\",\"url\":\"https:\\\/\\\/blogdofarnesio.com.br\\\/\",\"logo\":{\"@type\":\"ImageObject\",\"inLanguage\":\"pt-BR\",\"@id\":\"https:\\\/\\\/blogdofarnesio.com.br\\\/#\\\/schema\\\/logo\\\/image\\\/\",\"url\":\"https:\\\/\\\/blogdofarnesio.com.br\\\/wp-content\\\/uploads\\\/2026\\\/03\\\/cropped-logo_new-1.png\",\"contentUrl\":\"https:\\\/\\\/blogdofarnesio.com.br\\\/wp-content\\\/uploads\\\/2026\\\/03\\\/cropped-logo_new-1.png\",\"width\":881,\"height\":685,\"caption\":\"Blog do Farn\u00e9sio\"},\"image\":{\"@id\":\"https:\\\/\\\/blogdofarnesio.com.br\\\/#\\\/schema\\\/logo\\\/image\\\/\"},\"sameAs\":[\"https:\\\/\\\/www.facebook.com\\\/BlogQuerSaberPolitica\\\/\"]}]}<\/script>\n<!-- \/ Yoast SEO plugin. -->","yoast_head_json":{"title":"Direto de Cura\u00e7\u00e1 - Blog do Farn\u00e9sio","robots":{"index":"index","follow":"follow","max-snippet":"max-snippet:-1","max-image-preview":"max-image-preview:large","max-video-preview":"max-video-preview:-1"},"canonical":"https:\/\/blogdofarnesio.com.br\/?p=18238","og_locale":"pt_BR","og_type":"article","og_title":"Direto de Cura\u00e7\u00e1 - Blog do Farn\u00e9sio","og_description":"&nbsp; A Sociedade dos Vaqueiros de Cura&ccedil;&aacute; foi fundada em 14 de agosto de 1959; A Sociedade dos Vaqueiros surgiu para dar apoio aos vaqueiros de um modo geral e realizar a festa dos vaqueiros durante o m&ecirc;s de julho a qual permanece at&eacute; os dias de hoje. O grande objetivo dessa nova diretoria &eacute; buscar meios para facilitar a vida dos vaqueiros atrav&eacute;s de projetos de pol&iacute;ticas p&uacute;blicas a fim de resgatar a autoestima fortalecendo a sua cultura por meio do artesanato e sua musicalidade, buscar a unifica&ccedil;&atilde;o de todas as associa&ccedil;&otilde;es que representam o vaqueiro em nosso munic&iacute;pio, etc. A Sociedade conta hoje com aproximadamente 200 s&oacute;cios, com uma perspectiva de aumentar esse n&uacute;mero consideravelmente.&nbsp;Temos o vaqueiro como&hellip;","og_url":"https:\/\/blogdofarnesio.com.br\/?p=18238","og_site_name":"Blog do Farn\u00e9sio","article_publisher":"https:\/\/www.facebook.com\/BlogQuerSaberPolitica\/","article_published_time":"2012-10-18T15:42:46+00:00","og_image":[{"url":"http:\/\/www.quersaberpolitica.com.br\/2016\/wp-content\/uploads\/2012\/12\/blogqsp.vaqueirocura&ccedil;a.jpg","type":"","width":"","height":""}],"twitter_card":"summary_large_image","twitter_misc":{"Est. tempo de leitura":"4 minutos"},"schema":{"@context":"https:\/\/schema.org","@graph":[{"@type":"Article","@id":"https:\/\/blogdofarnesio.com.br\/?p=18238#article","isPartOf":{"@id":"https:\/\/blogdofarnesio.com.br\/?p=18238"},"author":{"name":"","@id":""},"headline":"Direto de Cura\u00e7\u00e1","datePublished":"2012-10-18T15:42:46+00:00","mainEntityOfPage":{"@id":"https:\/\/blogdofarnesio.com.br\/?p=18238"},"wordCount":858,"commentCount":0,"publisher":{"@id":"https:\/\/blogdofarnesio.com.br\/#organization"},"image":{"@id":"https:\/\/blogdofarnesio.com.br\/?p=18238#primaryimage"},"thumbnailUrl":"http:\/\/www.quersaberpolitica.com.br\/2016\/wp-content\/uploads\/2012\/12\/blogqsp.vaqueirocura&ccedil;a.jpg","articleSection":["Cidades"],"inLanguage":"pt-BR","potentialAction":[{"@type":"CommentAction","name":"Comment","target":["https:\/\/blogdofarnesio.com.br\/?p=18238#respond"]}]},{"@type":"WebPage","@id":"https:\/\/blogdofarnesio.com.br\/?p=18238","url":"https:\/\/blogdofarnesio.com.br\/?p=18238","name":"Direto de Cura\u00e7\u00e1 - Blog do Farn\u00e9sio","isPartOf":{"@id":"https:\/\/blogdofarnesio.com.br\/#website"},"primaryImageOfPage":{"@id":"https:\/\/blogdofarnesio.com.br\/?p=18238#primaryimage"},"image":{"@id":"https:\/\/blogdofarnesio.com.br\/?p=18238#primaryimage"},"thumbnailUrl":"http:\/\/www.quersaberpolitica.com.br\/2016\/wp-content\/uploads\/2012\/12\/blogqsp.vaqueirocura&ccedil;a.jpg","datePublished":"2012-10-18T15:42:46+00:00","breadcrumb":{"@id":"https:\/\/blogdofarnesio.com.br\/?p=18238#breadcrumb"},"inLanguage":"pt-BR","potentialAction":[{"@type":"ReadAction","target":["https:\/\/blogdofarnesio.com.br\/?p=18238"]}]},{"@type":"ImageObject","inLanguage":"pt-BR","@id":"https:\/\/blogdofarnesio.com.br\/?p=18238#primaryimage","url":"http:\/\/www.quersaberpolitica.com.br\/2016\/wp-content\/uploads\/2012\/12\/blogqsp.vaqueirocura&ccedil;a.jpg","contentUrl":"http:\/\/www.quersaberpolitica.com.br\/2016\/wp-content\/uploads\/2012\/12\/blogqsp.vaqueirocura&ccedil;a.jpg"},{"@type":"BreadcrumbList","@id":"https:\/\/blogdofarnesio.com.br\/?p=18238#breadcrumb","itemListElement":[{"@type":"ListItem","position":1,"name":"In\u00edcio","item":"https:\/\/blogdofarnesio.com.br\/"},{"@type":"ListItem","position":2,"name":"Direto de Cura\u00e7\u00e1"}]},{"@type":"WebSite","@id":"https:\/\/blogdofarnesio.com.br\/#website","url":"https:\/\/blogdofarnesio.com.br\/","name":"Blog do Farn\u00e9sio","description":"Quer Saber Pol\u00edtica?","publisher":{"@id":"https:\/\/blogdofarnesio.com.br\/#organization"},"potentialAction":[{"@type":"SearchAction","target":{"@type":"EntryPoint","urlTemplate":"https:\/\/blogdofarnesio.com.br\/?s={search_term_string}"},"query-input":{"@type":"PropertyValueSpecification","valueRequired":true,"valueName":"search_term_string"}}],"inLanguage":"pt-BR"},{"@type":"Organization","@id":"https:\/\/blogdofarnesio.com.br\/#organization","name":"Blog do Farn\u00e9sio","url":"https:\/\/blogdofarnesio.com.br\/","logo":{"@type":"ImageObject","inLanguage":"pt-BR","@id":"https:\/\/blogdofarnesio.com.br\/#\/schema\/logo\/image\/","url":"https:\/\/blogdofarnesio.com.br\/wp-content\/uploads\/2026\/03\/cropped-logo_new-1.png","contentUrl":"https:\/\/blogdofarnesio.com.br\/wp-content\/uploads\/2026\/03\/cropped-logo_new-1.png","width":881,"height":685,"caption":"Blog do Farn\u00e9sio"},"image":{"@id":"https:\/\/blogdofarnesio.com.br\/#\/schema\/logo\/image\/"},"sameAs":["https:\/\/www.facebook.com\/BlogQuerSaberPolitica\/"]}]}},"_links":{"self":[{"href":"https:\/\/blogdofarnesio.com.br\/index.php?rest_route=\/wp\/v2\/posts\/18238","targetHints":{"allow":["GET"]}}],"collection":[{"href":"https:\/\/blogdofarnesio.com.br\/index.php?rest_route=\/wp\/v2\/posts"}],"about":[{"href":"https:\/\/blogdofarnesio.com.br\/index.php?rest_route=\/wp\/v2\/types\/post"}],"replies":[{"embeddable":true,"href":"https:\/\/blogdofarnesio.com.br\/index.php?rest_route=%2Fwp%2Fv2%2Fcomments&post=18238"}],"version-history":[{"count":0,"href":"https:\/\/blogdofarnesio.com.br\/index.php?rest_route=\/wp\/v2\/posts\/18238\/revisions"}],"wp:attachment":[{"href":"https:\/\/blogdofarnesio.com.br\/index.php?rest_route=%2Fwp%2Fv2%2Fmedia&parent=18238"}],"wp:term":[{"taxonomy":"category","embeddable":true,"href":"https:\/\/blogdofarnesio.com.br\/index.php?rest_route=%2Fwp%2Fv2%2Fcategories&post=18238"},{"taxonomy":"post_tag","embeddable":true,"href":"https:\/\/blogdofarnesio.com.br\/index.php?rest_route=%2Fwp%2Fv2%2Ftags&post=18238"}],"curies":[{"name":"wp","href":"https:\/\/api.w.org\/{rel}","templated":true}]}}