{"id":182377,"date":"2017-11-24T15:20:25","date_gmt":"2017-11-24T18:20:25","guid":{"rendered":"http:\/\/quersaberpolitica.com.br\/2016\/?p=182377"},"modified":"2017-11-24T11:47:55","modified_gmt":"2017-11-24T14:47:55","slug":"prefeitura-de-petrolina-vai-resolver-problema-de-rua-interditada-no-dom-avelar","status":"publish","type":"post","link":"https:\/\/blogdofarnesio.com.br\/?p=182377","title":{"rendered":"PREFEITURA DE PETROLINA VAI RESOLVER PROBLEMA DE RUA INTERDITADA NO DOM AVELAR"},"content":{"rendered":"<p dir=\"ltr\" style=\"text-align: justify;\">A Prefeitura de Petrolina deu in\u00edcio, na manh\u00e3 desta sexta-feira (24), ao trabalho de recomposi\u00e7\u00e3o da via no cruzamento entre a rua da Harmonia e a Avenida dos Sentimentos no bairro Dom Avelar, zona norte da cidade. O local havia sido escavado por uma pessoa ainda n\u00e3o identificada para o escoamento de esgoto. O problema \u00e9 que o servi\u00e7o n\u00e3o autorizado pelo Munic\u00edpio interditou a rua, impedindo assim a passagem de pedestres e ve\u00edculos, incluindo os \u00f4nibus respons\u00e1veis pelo transporte p\u00fablico. <br class=\"m_1625781977508131617gmail-kix-line-break\" \/><br class=\"m_1625781977508131617gmail-kix-line-break\" \/>Para resolver o problema, uma for\u00e7a-tarefa foi montada entre a Diretoria de Saneamento da Secretaria de Infraestrutura, Habita\u00e7\u00e3o \u00a0e Mobilidade (SEINFRAHM), a Secretaria de Desenvolvimento Urbano e Sustentabilidade (SEDURBS) e a Compesa. O trabalho, que tem previs\u00e3o de ser conclu\u00eddo amanh\u00e3, consiste na instala\u00e7\u00e3o de canos para facilitar a passagem de \u00e1guas pluviais ou esgoto e ainda a recomposi\u00e7\u00e3o da via danificada. Ao todo, cinco homens trabalham na Avenida do Sentimentos e contam com o aux\u00edlio de uma retroescavadeira. Por se tratar de um trabalho paliativo, a Compesa se comprometeu em realizar em breve uma interven\u00e7\u00e3o definitiva no local a fim de resolver o problema de extravasamento de esgoto.<\/p>\n<div style=\"text-align: justify;\"><i>Texto: Felipe Pereira &#8211; AsCom Prefeitura de Petrolina<\/i><\/div>\n","protected":false},"excerpt":{"rendered":"<p>A Prefeitura de Petrolina deu in\u00edcio, na manh\u00e3 desta sexta-feira (24), ao trabalho de recomposi\u00e7\u00e3o da via no cruzamento entre a rua da Harmonia e a Avenida dos Sentimentos no bairro Dom Avelar, zona norte da cidade. O local havia sido escavado por uma pessoa ainda n\u00e3o identificada para o escoamento de esgoto. O problema \u00e9 que o servi\u00e7o n\u00e3o autorizado pelo Munic\u00edpio interditou a rua, impedindo assim a passagem de pedestres e ve\u00edculos, incluindo os \u00f4nibus respons\u00e1veis pelo transporte p\u00fablico. Para resolver o problema, uma for\u00e7a-tarefa foi montada entre a Diretoria de Saneamento da Secretaria de Infraestrutura, Habita\u00e7\u00e3o \u00a0e Mobilidade (SEINFRAHM), a Secretaria de Desenvolvimento Urbano e Sustentabilidade (SEDURBS) e a Compesa. O trabalho, que tem previs\u00e3o de ser&hellip; <\/p>\n","protected":false},"author":1,"featured_media":182378,"comment_status":"open","ping_status":"closed","sticky":false,"template":"","format":"standard","meta":{"_acf_changed":false,"footnotes":""},"categories":[44],"tags":[],"class_list":["post-182377","post","type-post","status-publish","format-standard","has-post-thumbnail","hentry","category-administracao"],"acf":[],"yoast_head":"<!-- This site is optimized with the Yoast SEO plugin v27.4 - https:\/\/yoast.com\/product\/yoast-seo-wordpress\/ -->\n<title>PREFEITURA DE PETROLINA VAI RESOLVER PROBLEMA DE RUA INTERDITADA NO DOM AVELAR - Blog do Farn\u00e9sio<\/title>\n<meta name=\"robots\" content=\"index, follow, max-snippet:-1, max-image-preview:large, max-video-preview:-1\" \/>\n<link rel=\"canonical\" href=\"http:\/\/blogdofarnesio.com.br\/?p=182377\" \/>\n<meta property=\"og:locale\" content=\"pt_BR\" \/>\n<meta property=\"og:type\" content=\"article\" \/>\n<meta property=\"og:title\" content=\"PREFEITURA DE PETROLINA VAI RESOLVER PROBLEMA DE RUA INTERDITADA NO DOM AVELAR - Blog do Farn\u00e9sio\" \/>\n<meta property=\"og:description\" content=\"A Prefeitura de Petrolina deu in\u00edcio, na manh\u00e3 desta sexta-feira (24), ao trabalho de recomposi\u00e7\u00e3o da via no cruzamento entre a rua da Harmonia e a Avenida dos Sentimentos no bairro Dom Avelar, zona norte da cidade. O local havia sido escavado por uma pessoa ainda n\u00e3o identificada para o escoamento de esgoto. O problema \u00e9 que o servi\u00e7o n\u00e3o autorizado pelo Munic\u00edpio interditou a rua, impedindo assim a passagem de pedestres e ve\u00edculos, incluindo os \u00f4nibus respons\u00e1veis pelo transporte p\u00fablico. Para resolver o problema, uma for\u00e7a-tarefa foi montada entre a Diretoria de Saneamento da Secretaria de Infraestrutura, Habita\u00e7\u00e3o \u00a0e Mobilidade (SEINFRAHM), a Secretaria de Desenvolvimento Urbano e Sustentabilidade (SEDURBS) e a Compesa. O trabalho, que tem previs\u00e3o de ser&hellip;\" \/>\n<meta property=\"og:url\" content=\"http:\/\/blogdofarnesio.com.br\/?p=182377\" \/>\n<meta property=\"og:site_name\" content=\"Blog do Farn\u00e9sio\" \/>\n<meta property=\"article:publisher\" content=\"https:\/\/www.facebook.com\/BlogQuerSaberPolitica\/\" \/>\n<meta property=\"article:published_time\" content=\"2017-11-24T18:20:25+00:00\" \/>\n<meta property=\"og:image\" content=\"http:\/\/blogdofarnesio.com.br\/wp-content\/uploads\/2017\/11\/blogqsp-Recupera\u00e7\u00e3o_Cruzamento_Dom_Avelar.jpeg\" \/>\n\t<meta property=\"og:image:width\" content=\"640\" \/>\n\t<meta property=\"og:image:height\" content=\"360\" \/>\n\t<meta property=\"og:image:type\" content=\"image\/jpeg\" \/>\n<meta name=\"author\" content=\"Farn\u00e9sio\" \/>\n<meta name=\"twitter:card\" content=\"summary_large_image\" \/>\n<meta name=\"twitter:label1\" content=\"Escrito por\" \/>\n\t<meta name=\"twitter:data1\" content=\"Farn\u00e9sio\" \/>\n\t<meta name=\"twitter:label2\" content=\"Est. tempo de leitura\" \/>\n\t<meta name=\"twitter:data2\" content=\"1 minuto\" \/>\n<script type=\"application\/ld+json\" class=\"yoast-schema-graph\">{\"@context\":\"https:\\\/\\\/schema.org\",\"@graph\":[{\"@type\":\"Article\",\"@id\":\"http:\\\/\\\/blogdofarnesio.com.br\\\/?p=182377#article\",\"isPartOf\":{\"@id\":\"http:\\\/\\\/blogdofarnesio.com.br\\\/?p=182377\"},\"author\":{\"name\":\"Farn\u00e9sio\",\"@id\":\"https:\\\/\\\/blogdofarnesio.com.br\\\/#\\\/schema\\\/person\\\/301c4acf522bccbfdb45af95b5b906a1\"},\"headline\":\"PREFEITURA DE PETROLINA VAI RESOLVER PROBLEMA DE RUA INTERDITADA NO DOM AVELAR\",\"datePublished\":\"2017-11-24T18:20:25+00:00\",\"mainEntityOfPage\":{\"@id\":\"http:\\\/\\\/blogdofarnesio.com.br\\\/?p=182377\"},\"wordCount\":225,\"commentCount\":0,\"publisher\":{\"@id\":\"https:\\\/\\\/blogdofarnesio.com.br\\\/#organization\"},\"image\":{\"@id\":\"http:\\\/\\\/blogdofarnesio.com.br\\\/?p=182377#primaryimage\"},\"thumbnailUrl\":\"https:\\\/\\\/blogdofarnesio.com.br\\\/wp-content\\\/uploads\\\/2017\\\/11\\\/blogqsp-Recupera\u00e7\u00e3o_Cruzamento_Dom_Avelar.jpeg\",\"articleSection\":[\"Administra\u00e7\u00e3o\"],\"inLanguage\":\"pt-BR\",\"potentialAction\":[{\"@type\":\"CommentAction\",\"name\":\"Comment\",\"target\":[\"http:\\\/\\\/blogdofarnesio.com.br\\\/?p=182377#respond\"]}]},{\"@type\":\"WebPage\",\"@id\":\"http:\\\/\\\/blogdofarnesio.com.br\\\/?p=182377\",\"url\":\"http:\\\/\\\/blogdofarnesio.com.br\\\/?p=182377\",\"name\":\"PREFEITURA DE PETROLINA VAI RESOLVER PROBLEMA DE RUA INTERDITADA NO DOM AVELAR - Blog do Farn\u00e9sio\",\"isPartOf\":{\"@id\":\"https:\\\/\\\/blogdofarnesio.com.br\\\/#website\"},\"primaryImageOfPage\":{\"@id\":\"http:\\\/\\\/blogdofarnesio.com.br\\\/?p=182377#primaryimage\"},\"image\":{\"@id\":\"http:\\\/\\\/blogdofarnesio.com.br\\\/?p=182377#primaryimage\"},\"thumbnailUrl\":\"https:\\\/\\\/blogdofarnesio.com.br\\\/wp-content\\\/uploads\\\/2017\\\/11\\\/blogqsp-Recupera\u00e7\u00e3o_Cruzamento_Dom_Avelar.jpeg\",\"datePublished\":\"2017-11-24T18:20:25+00:00\",\"breadcrumb\":{\"@id\":\"http:\\\/\\\/blogdofarnesio.com.br\\\/?p=182377#breadcrumb\"},\"inLanguage\":\"pt-BR\",\"potentialAction\":[{\"@type\":\"ReadAction\",\"target\":[\"http:\\\/\\\/blogdofarnesio.com.br\\\/?p=182377\"]}]},{\"@type\":\"ImageObject\",\"inLanguage\":\"pt-BR\",\"@id\":\"http:\\\/\\\/blogdofarnesio.com.br\\\/?p=182377#primaryimage\",\"url\":\"https:\\\/\\\/blogdofarnesio.com.br\\\/wp-content\\\/uploads\\\/2017\\\/11\\\/blogqsp-Recupera\u00e7\u00e3o_Cruzamento_Dom_Avelar.jpeg\",\"contentUrl\":\"https:\\\/\\\/blogdofarnesio.com.br\\\/wp-content\\\/uploads\\\/2017\\\/11\\\/blogqsp-Recupera\u00e7\u00e3o_Cruzamento_Dom_Avelar.jpeg\",\"width\":640,\"height\":360},{\"@type\":\"BreadcrumbList\",\"@id\":\"http:\\\/\\\/blogdofarnesio.com.br\\\/?p=182377#breadcrumb\",\"itemListElement\":[{\"@type\":\"ListItem\",\"position\":1,\"name\":\"In\u00edcio\",\"item\":\"https:\\\/\\\/blogdofarnesio.com.br\\\/\"},{\"@type\":\"ListItem\",\"position\":2,\"name\":\"PREFEITURA DE PETROLINA VAI RESOLVER PROBLEMA DE RUA INTERDITADA NO DOM AVELAR\"}]},{\"@type\":\"WebSite\",\"@id\":\"https:\\\/\\\/blogdofarnesio.com.br\\\/#website\",\"url\":\"https:\\\/\\\/blogdofarnesio.com.br\\\/\",\"name\":\"Blog do Farn\u00e9sio\",\"description\":\"Quer Saber Pol\u00edtica?\",\"publisher\":{\"@id\":\"https:\\\/\\\/blogdofarnesio.com.br\\\/#organization\"},\"potentialAction\":[{\"@type\":\"SearchAction\",\"target\":{\"@type\":\"EntryPoint\",\"urlTemplate\":\"https:\\\/\\\/blogdofarnesio.com.br\\\/?s={search_term_string}\"},\"query-input\":{\"@type\":\"PropertyValueSpecification\",\"valueRequired\":true,\"valueName\":\"search_term_string\"}}],\"inLanguage\":\"pt-BR\"},{\"@type\":\"Organization\",\"@id\":\"https:\\\/\\\/blogdofarnesio.com.br\\\/#organization\",\"name\":\"Blog do Farn\u00e9sio\",\"url\":\"https:\\\/\\\/blogdofarnesio.com.br\\\/\",\"logo\":{\"@type\":\"ImageObject\",\"inLanguage\":\"pt-BR\",\"@id\":\"https:\\\/\\\/blogdofarnesio.com.br\\\/#\\\/schema\\\/logo\\\/image\\\/\",\"url\":\"https:\\\/\\\/blogdofarnesio.com.br\\\/wp-content\\\/uploads\\\/2026\\\/03\\\/cropped-logo_new-1.png\",\"contentUrl\":\"https:\\\/\\\/blogdofarnesio.com.br\\\/wp-content\\\/uploads\\\/2026\\\/03\\\/cropped-logo_new-1.png\",\"width\":881,\"height\":685,\"caption\":\"Blog do Farn\u00e9sio\"},\"image\":{\"@id\":\"https:\\\/\\\/blogdofarnesio.com.br\\\/#\\\/schema\\\/logo\\\/image\\\/\"},\"sameAs\":[\"https:\\\/\\\/www.facebook.com\\\/BlogQuerSaberPolitica\\\/\"]},{\"@type\":\"Person\",\"@id\":\"https:\\\/\\\/blogdofarnesio.com.br\\\/#\\\/schema\\\/person\\\/301c4acf522bccbfdb45af95b5b906a1\",\"name\":\"Farn\u00e9sio\",\"image\":{\"@type\":\"ImageObject\",\"inLanguage\":\"pt-BR\",\"@id\":\"https:\\\/\\\/secure.gravatar.com\\\/avatar\\\/df0c9a14567c056f8ad6876ba5bbd1e3e2c48023eb6807342fc4663adf549f38?s=96&d=mm&r=g\",\"url\":\"https:\\\/\\\/secure.gravatar.com\\\/avatar\\\/df0c9a14567c056f8ad6876ba5bbd1e3e2c48023eb6807342fc4663adf549f38?s=96&d=mm&r=g\",\"contentUrl\":\"https:\\\/\\\/secure.gravatar.com\\\/avatar\\\/df0c9a14567c056f8ad6876ba5bbd1e3e2c48023eb6807342fc4663adf549f38?s=96&d=mm&r=g\",\"caption\":\"Farn\u00e9sio\"},\"sameAs\":[\"https:\\\/\\\/quersaberpolitica.com.br\"],\"url\":\"https:\\\/\\\/blogdofarnesio.com.br\\\/?author=1\"}]}<\/script>\n<!-- \/ Yoast SEO plugin. -->","yoast_head_json":{"title":"PREFEITURA DE PETROLINA VAI RESOLVER PROBLEMA DE RUA INTERDITADA NO DOM AVELAR - Blog do Farn\u00e9sio","robots":{"index":"index","follow":"follow","max-snippet":"max-snippet:-1","max-image-preview":"max-image-preview:large","max-video-preview":"max-video-preview:-1"},"canonical":"http:\/\/blogdofarnesio.com.br\/?p=182377","og_locale":"pt_BR","og_type":"article","og_title":"PREFEITURA DE PETROLINA VAI RESOLVER PROBLEMA DE RUA INTERDITADA NO DOM AVELAR - Blog do Farn\u00e9sio","og_description":"A Prefeitura de Petrolina deu in\u00edcio, na manh\u00e3 desta sexta-feira (24), ao trabalho de recomposi\u00e7\u00e3o da via no cruzamento entre a rua da Harmonia e a Avenida dos Sentimentos no bairro Dom Avelar, zona norte da cidade. O local havia sido escavado por uma pessoa ainda n\u00e3o identificada para o escoamento de esgoto. O problema \u00e9 que o servi\u00e7o n\u00e3o autorizado pelo Munic\u00edpio interditou a rua, impedindo assim a passagem de pedestres e ve\u00edculos, incluindo os \u00f4nibus respons\u00e1veis pelo transporte p\u00fablico. Para resolver o problema, uma for\u00e7a-tarefa foi montada entre a Diretoria de Saneamento da Secretaria de Infraestrutura, Habita\u00e7\u00e3o \u00a0e Mobilidade (SEINFRAHM), a Secretaria de Desenvolvimento Urbano e Sustentabilidade (SEDURBS) e a Compesa. O trabalho, que tem previs\u00e3o de ser&hellip;","og_url":"http:\/\/blogdofarnesio.com.br\/?p=182377","og_site_name":"Blog do Farn\u00e9sio","article_publisher":"https:\/\/www.facebook.com\/BlogQuerSaberPolitica\/","article_published_time":"2017-11-24T18:20:25+00:00","og_image":[{"width":640,"height":360,"url":"http:\/\/blogdofarnesio.com.br\/wp-content\/uploads\/2017\/11\/blogqsp-Recupera\u00e7\u00e3o_Cruzamento_Dom_Avelar.jpeg","type":"image\/jpeg"}],"author":"Farn\u00e9sio","twitter_card":"summary_large_image","twitter_misc":{"Escrito por":"Farn\u00e9sio","Est. tempo de leitura":"1 minuto"},"schema":{"@context":"https:\/\/schema.org","@graph":[{"@type":"Article","@id":"http:\/\/blogdofarnesio.com.br\/?p=182377#article","isPartOf":{"@id":"http:\/\/blogdofarnesio.com.br\/?p=182377"},"author":{"name":"Farn\u00e9sio","@id":"https:\/\/blogdofarnesio.com.br\/#\/schema\/person\/301c4acf522bccbfdb45af95b5b906a1"},"headline":"PREFEITURA DE PETROLINA VAI RESOLVER PROBLEMA DE RUA INTERDITADA NO DOM AVELAR","datePublished":"2017-11-24T18:20:25+00:00","mainEntityOfPage":{"@id":"http:\/\/blogdofarnesio.com.br\/?p=182377"},"wordCount":225,"commentCount":0,"publisher":{"@id":"https:\/\/blogdofarnesio.com.br\/#organization"},"image":{"@id":"http:\/\/blogdofarnesio.com.br\/?p=182377#primaryimage"},"thumbnailUrl":"https:\/\/blogdofarnesio.com.br\/wp-content\/uploads\/2017\/11\/blogqsp-Recupera\u00e7\u00e3o_Cruzamento_Dom_Avelar.jpeg","articleSection":["Administra\u00e7\u00e3o"],"inLanguage":"pt-BR","potentialAction":[{"@type":"CommentAction","name":"Comment","target":["http:\/\/blogdofarnesio.com.br\/?p=182377#respond"]}]},{"@type":"WebPage","@id":"http:\/\/blogdofarnesio.com.br\/?p=182377","url":"http:\/\/blogdofarnesio.com.br\/?p=182377","name":"PREFEITURA DE PETROLINA VAI RESOLVER PROBLEMA DE RUA INTERDITADA NO DOM AVELAR - Blog do Farn\u00e9sio","isPartOf":{"@id":"https:\/\/blogdofarnesio.com.br\/#website"},"primaryImageOfPage":{"@id":"http:\/\/blogdofarnesio.com.br\/?p=182377#primaryimage"},"image":{"@id":"http:\/\/blogdofarnesio.com.br\/?p=182377#primaryimage"},"thumbnailUrl":"https:\/\/blogdofarnesio.com.br\/wp-content\/uploads\/2017\/11\/blogqsp-Recupera\u00e7\u00e3o_Cruzamento_Dom_Avelar.jpeg","datePublished":"2017-11-24T18:20:25+00:00","breadcrumb":{"@id":"http:\/\/blogdofarnesio.com.br\/?p=182377#breadcrumb"},"inLanguage":"pt-BR","potentialAction":[{"@type":"ReadAction","target":["http:\/\/blogdofarnesio.com.br\/?p=182377"]}]},{"@type":"ImageObject","inLanguage":"pt-BR","@id":"http:\/\/blogdofarnesio.com.br\/?p=182377#primaryimage","url":"https:\/\/blogdofarnesio.com.br\/wp-content\/uploads\/2017\/11\/blogqsp-Recupera\u00e7\u00e3o_Cruzamento_Dom_Avelar.jpeg","contentUrl":"https:\/\/blogdofarnesio.com.br\/wp-content\/uploads\/2017\/11\/blogqsp-Recupera\u00e7\u00e3o_Cruzamento_Dom_Avelar.jpeg","width":640,"height":360},{"@type":"BreadcrumbList","@id":"http:\/\/blogdofarnesio.com.br\/?p=182377#breadcrumb","itemListElement":[{"@type":"ListItem","position":1,"name":"In\u00edcio","item":"https:\/\/blogdofarnesio.com.br\/"},{"@type":"ListItem","position":2,"name":"PREFEITURA DE PETROLINA VAI RESOLVER PROBLEMA DE RUA INTERDITADA NO DOM AVELAR"}]},{"@type":"WebSite","@id":"https:\/\/blogdofarnesio.com.br\/#website","url":"https:\/\/blogdofarnesio.com.br\/","name":"Blog do Farn\u00e9sio","description":"Quer Saber Pol\u00edtica?","publisher":{"@id":"https:\/\/blogdofarnesio.com.br\/#organization"},"potentialAction":[{"@type":"SearchAction","target":{"@type":"EntryPoint","urlTemplate":"https:\/\/blogdofarnesio.com.br\/?s={search_term_string}"},"query-input":{"@type":"PropertyValueSpecification","valueRequired":true,"valueName":"search_term_string"}}],"inLanguage":"pt-BR"},{"@type":"Organization","@id":"https:\/\/blogdofarnesio.com.br\/#organization","name":"Blog do Farn\u00e9sio","url":"https:\/\/blogdofarnesio.com.br\/","logo":{"@type":"ImageObject","inLanguage":"pt-BR","@id":"https:\/\/blogdofarnesio.com.br\/#\/schema\/logo\/image\/","url":"https:\/\/blogdofarnesio.com.br\/wp-content\/uploads\/2026\/03\/cropped-logo_new-1.png","contentUrl":"https:\/\/blogdofarnesio.com.br\/wp-content\/uploads\/2026\/03\/cropped-logo_new-1.png","width":881,"height":685,"caption":"Blog do Farn\u00e9sio"},"image":{"@id":"https:\/\/blogdofarnesio.com.br\/#\/schema\/logo\/image\/"},"sameAs":["https:\/\/www.facebook.com\/BlogQuerSaberPolitica\/"]},{"@type":"Person","@id":"https:\/\/blogdofarnesio.com.br\/#\/schema\/person\/301c4acf522bccbfdb45af95b5b906a1","name":"Farn\u00e9sio","image":{"@type":"ImageObject","inLanguage":"pt-BR","@id":"https:\/\/secure.gravatar.com\/avatar\/df0c9a14567c056f8ad6876ba5bbd1e3e2c48023eb6807342fc4663adf549f38?s=96&d=mm&r=g","url":"https:\/\/secure.gravatar.com\/avatar\/df0c9a14567c056f8ad6876ba5bbd1e3e2c48023eb6807342fc4663adf549f38?s=96&d=mm&r=g","contentUrl":"https:\/\/secure.gravatar.com\/avatar\/df0c9a14567c056f8ad6876ba5bbd1e3e2c48023eb6807342fc4663adf549f38?s=96&d=mm&r=g","caption":"Farn\u00e9sio"},"sameAs":["https:\/\/quersaberpolitica.com.br"],"url":"https:\/\/blogdofarnesio.com.br\/?author=1"}]}},"_links":{"self":[{"href":"https:\/\/blogdofarnesio.com.br\/index.php?rest_route=\/wp\/v2\/posts\/182377","targetHints":{"allow":["GET"]}}],"collection":[{"href":"https:\/\/blogdofarnesio.com.br\/index.php?rest_route=\/wp\/v2\/posts"}],"about":[{"href":"https:\/\/blogdofarnesio.com.br\/index.php?rest_route=\/wp\/v2\/types\/post"}],"author":[{"embeddable":true,"href":"https:\/\/blogdofarnesio.com.br\/index.php?rest_route=\/wp\/v2\/users\/1"}],"replies":[{"embeddable":true,"href":"https:\/\/blogdofarnesio.com.br\/index.php?rest_route=%2Fwp%2Fv2%2Fcomments&post=182377"}],"version-history":[{"count":0,"href":"https:\/\/blogdofarnesio.com.br\/index.php?rest_route=\/wp\/v2\/posts\/182377\/revisions"}],"wp:featuredmedia":[{"embeddable":true,"href":"https:\/\/blogdofarnesio.com.br\/index.php?rest_route=\/wp\/v2\/media\/182378"}],"wp:attachment":[{"href":"https:\/\/blogdofarnesio.com.br\/index.php?rest_route=%2Fwp%2Fv2%2Fmedia&parent=182377"}],"wp:term":[{"taxonomy":"category","embeddable":true,"href":"https:\/\/blogdofarnesio.com.br\/index.php?rest_route=%2Fwp%2Fv2%2Fcategories&post=182377"},{"taxonomy":"post_tag","embeddable":true,"href":"https:\/\/blogdofarnesio.com.br\/index.php?rest_route=%2Fwp%2Fv2%2Ftags&post=182377"}],"curies":[{"name":"wp","href":"https:\/\/api.w.org\/{rel}","templated":true}]}}