{"id":182139,"date":"2017-11-22T15:05:56","date_gmt":"2017-11-22T18:05:56","guid":{"rendered":"http:\/\/quersaberpolitica.com.br\/2016\/?p=182139"},"modified":"2017-11-22T15:14:02","modified_gmt":"2017-11-22T18:14:02","slug":"panificadora-e-interditada-pela-agencia-municipal-de-vigilancia-sanitaria-em-petrolina","status":"publish","type":"post","link":"https:\/\/blogdofarnesio.com.br\/?p=182139","title":{"rendered":"PANIFICADORA \u00c9 FECHADA &#8220;A BEM DA SA\u00daDE P\u00daBLICA&#8221;, PELA  VIGIL\u00c2NCIA SANIT\u00c1RIA DE PETROLINA"},"content":{"rendered":"<p class=\"m_-1130092371846811848gmail-MsoNormal\" style=\"text-align: justify;\">Devido \u00e0s condi\u00e7\u00f5es higi\u00eanicas prec\u00e1rias, uma panificadora foi interditada, nesta ter\u00e7a-feira (21), pela equipe da Ag\u00eancia Municipal de Vigil\u00e2ncia Sanit\u00e1ria, durante visitas de rotina no com\u00e9rcio de Petrolina. O estabelecimento, localizado na Avenida Bar\u00e3o de Contendas, Loteamento Novo Horizonte &#8211; bairro Jatob\u00e1, apresentou diversas irregularidades, colocando em risco a seguran\u00e7a alimentar dos consumidores.<\/p>\n<p class=\"m_-1130092371846811848gmail-MsoNormal\" style=\"text-align: justify;\"><a href=\"http:\/\/quersaberpolitica.com.br\/2016\/wp-content\/uploads\/2017\/11\/blogqsp-Interditado-02.jpeg\"><img loading=\"lazy\" decoding=\"async\" class=\"aligncenter  wp-image-182140\" src=\"http:\/\/quersaberpolitica.com.br\/2016\/wp-content\/uploads\/2017\/11\/blogqsp-Interditado-02.jpeg\" alt=\"\" width=\"573\" height=\"495\" srcset=\"https:\/\/blogdofarnesio.com.br\/wp-content\/uploads\/2017\/11\/blogqsp-Interditado-02.jpeg 652w, https:\/\/blogdofarnesio.com.br\/wp-content\/uploads\/2017\/11\/blogqsp-Interditado-02-300x259.jpeg 300w, https:\/\/blogdofarnesio.com.br\/wp-content\/uploads\/2017\/11\/blogqsp-Interditado-02-360x311.jpeg 360w\" sizes=\"auto, (max-width: 573px) 100vw, 573px\" \/><\/a>Al\u00e9m de muita sujeira no local, foram encontrados produtos estragados e acondicionados de forma irregular, panelas e formas utilizadas para a produ\u00e7\u00e3o de p\u00e3es e bolos no ch\u00e3o, entre outros problemas. O estabelecimento foi autuado e s\u00f3 ser\u00e1 reaberto ap\u00f3s a regulariza\u00e7\u00e3o de todos os itens apontados pela Ag\u00eancia de Vigil\u00e2ncia Sanit\u00e1ria.<\/p>\n<p class=\"m_-1130092371846811848gmail-MsoNormal\" style=\"text-align: justify;\">Para a realiza\u00e7\u00e3o de den\u00fancias a popula\u00e7\u00e3o pode entrar em contato com a Ouvidoria do munic\u00edpio, atrav\u00e9s do n\u00famero 156 ou pelo site:<a href=\"http:\/\/petrolina.pe.gov.br\/\" target=\"_blank\" rel=\"noopener\" data-saferedirecturl=\"https:\/\/www.google.com\/url?hl=pt-BR&amp;q=http:\/\/petrolina.pe.gov.br&amp;source=gmail&amp;ust=1511441939339000&amp;usg=AFQjCNGbbG8FBEwzY8AJwNa8UhDjNZkWYg\">petrolina.pe.gov.br<\/a>. A ag\u00eancia fica localizada na Rua S\u00e3o Jos\u00e9, N\u00ba 440, Centro.<\/p>\n<p class=\"m_-1130092371846811848gmail-xgmail-msonormal\" style=\"text-align: justify;\"><b><i>Cl\u00eailma Souza-<\/i><\/b>\u00a0Assessoria de Comunica\u00e7\u00e3o da Secretaria de Sa\u00fade de Petrolina<\/p>\n","protected":false},"excerpt":{"rendered":"<p>Devido \u00e0s condi\u00e7\u00f5es higi\u00eanicas prec\u00e1rias, uma panificadora foi interditada, nesta ter\u00e7a-feira (21), pela equipe da Ag\u00eancia Municipal de Vigil\u00e2ncia Sanit\u00e1ria, durante visitas de rotina no com\u00e9rcio de Petrolina. O estabelecimento, localizado na Avenida Bar\u00e3o de Contendas, Loteamento Novo Horizonte &#8211; bairro Jatob\u00e1, apresentou diversas irregularidades, colocando em risco a seguran\u00e7a alimentar dos consumidores. Al\u00e9m de muita sujeira no local, foram encontrados produtos estragados e acondicionados de forma irregular, panelas e formas utilizadas para a produ\u00e7\u00e3o de p\u00e3es e bolos no ch\u00e3o, entre outros problemas. O estabelecimento foi autuado e s\u00f3 ser\u00e1 reaberto ap\u00f3s a regulariza\u00e7\u00e3o de todos os itens apontados pela Ag\u00eancia de Vigil\u00e2ncia Sanit\u00e1ria. Para a realiza\u00e7\u00e3o de den\u00fancias a popula\u00e7\u00e3o pode entrar em contato com a Ouvidoria do&hellip; <\/p>\n","protected":false},"author":1,"featured_media":182140,"comment_status":"open","ping_status":"closed","sticky":false,"template":"","format":"standard","meta":{"_acf_changed":false,"footnotes":""},"categories":[4],"tags":[],"class_list":["post-182139","post","type-post","status-publish","format-standard","has-post-thumbnail","hentry","category-saude"],"acf":[],"yoast_head":"<!-- This site is optimized with the Yoast SEO plugin v27.4 - https:\/\/yoast.com\/product\/yoast-seo-wordpress\/ -->\n<title>PANIFICADORA \u00c9 FECHADA &quot;A BEM DA SA\u00daDE P\u00daBLICA&quot;, PELA VIGIL\u00c2NCIA SANIT\u00c1RIA DE PETROLINA - Blog do Farn\u00e9sio<\/title>\n<meta name=\"robots\" content=\"index, follow, max-snippet:-1, max-image-preview:large, max-video-preview:-1\" \/>\n<link rel=\"canonical\" href=\"https:\/\/blogdofarnesio.com.br\/?p=182139\" \/>\n<meta property=\"og:locale\" content=\"pt_BR\" \/>\n<meta property=\"og:type\" content=\"article\" \/>\n<meta property=\"og:title\" content=\"PANIFICADORA \u00c9 FECHADA &quot;A BEM DA SA\u00daDE P\u00daBLICA&quot;, PELA VIGIL\u00c2NCIA SANIT\u00c1RIA DE PETROLINA - Blog do Farn\u00e9sio\" \/>\n<meta property=\"og:description\" content=\"Devido \u00e0s condi\u00e7\u00f5es higi\u00eanicas prec\u00e1rias, uma panificadora foi interditada, nesta ter\u00e7a-feira (21), pela equipe da Ag\u00eancia Municipal de Vigil\u00e2ncia Sanit\u00e1ria, durante visitas de rotina no com\u00e9rcio de Petrolina. O estabelecimento, localizado na Avenida Bar\u00e3o de Contendas, Loteamento Novo Horizonte &#8211; bairro Jatob\u00e1, apresentou diversas irregularidades, colocando em risco a seguran\u00e7a alimentar dos consumidores. Al\u00e9m de muita sujeira no local, foram encontrados produtos estragados e acondicionados de forma irregular, panelas e formas utilizadas para a produ\u00e7\u00e3o de p\u00e3es e bolos no ch\u00e3o, entre outros problemas. O estabelecimento foi autuado e s\u00f3 ser\u00e1 reaberto ap\u00f3s a regulariza\u00e7\u00e3o de todos os itens apontados pela Ag\u00eancia de Vigil\u00e2ncia Sanit\u00e1ria. Para a realiza\u00e7\u00e3o de den\u00fancias a popula\u00e7\u00e3o pode entrar em contato com a Ouvidoria do&hellip;\" \/>\n<meta property=\"og:url\" content=\"https:\/\/blogdofarnesio.com.br\/?p=182139\" \/>\n<meta property=\"og:site_name\" content=\"Blog do Farn\u00e9sio\" \/>\n<meta property=\"article:publisher\" content=\"https:\/\/www.facebook.com\/BlogQuerSaberPolitica\/\" \/>\n<meta property=\"article:published_time\" content=\"2017-11-22T18:05:56+00:00\" \/>\n<meta property=\"article:modified_time\" content=\"2017-11-22T18:14:02+00:00\" \/>\n<meta property=\"og:image\" content=\"https:\/\/blogdofarnesio.com.br\/wp-content\/uploads\/2017\/11\/blogqsp-Interditado-02.jpeg\" \/>\n\t<meta property=\"og:image:width\" content=\"652\" \/>\n\t<meta property=\"og:image:height\" content=\"563\" \/>\n\t<meta property=\"og:image:type\" content=\"image\/jpeg\" \/>\n<meta name=\"author\" content=\"Farn\u00e9sio\" \/>\n<meta name=\"twitter:card\" content=\"summary_large_image\" \/>\n<meta name=\"twitter:label1\" content=\"Escrito por\" \/>\n\t<meta name=\"twitter:data1\" content=\"Farn\u00e9sio\" \/>\n\t<meta name=\"twitter:label2\" content=\"Est. tempo de leitura\" \/>\n\t<meta name=\"twitter:data2\" content=\"1 minuto\" \/>\n<script type=\"application\/ld+json\" class=\"yoast-schema-graph\">{\"@context\":\"https:\\\/\\\/schema.org\",\"@graph\":[{\"@type\":\"Article\",\"@id\":\"https:\\\/\\\/blogdofarnesio.com.br\\\/?p=182139#article\",\"isPartOf\":{\"@id\":\"https:\\\/\\\/blogdofarnesio.com.br\\\/?p=182139\"},\"author\":{\"name\":\"Farn\u00e9sio\",\"@id\":\"https:\\\/\\\/blogdofarnesio.com.br\\\/#\\\/schema\\\/person\\\/301c4acf522bccbfdb45af95b5b906a1\"},\"headline\":\"PANIFICADORA \u00c9 FECHADA &#8220;A BEM DA SA\u00daDE P\u00daBLICA&#8221;, PELA VIGIL\u00c2NCIA SANIT\u00c1RIA DE PETROLINA\",\"datePublished\":\"2017-11-22T18:05:56+00:00\",\"dateModified\":\"2017-11-22T18:14:02+00:00\",\"mainEntityOfPage\":{\"@id\":\"https:\\\/\\\/blogdofarnesio.com.br\\\/?p=182139\"},\"wordCount\":197,\"commentCount\":0,\"publisher\":{\"@id\":\"https:\\\/\\\/blogdofarnesio.com.br\\\/#organization\"},\"image\":{\"@id\":\"https:\\\/\\\/blogdofarnesio.com.br\\\/?p=182139#primaryimage\"},\"thumbnailUrl\":\"https:\\\/\\\/blogdofarnesio.com.br\\\/wp-content\\\/uploads\\\/2017\\\/11\\\/blogqsp-Interditado-02.jpeg\",\"articleSection\":[\"Sa\u00fade\"],\"inLanguage\":\"pt-BR\",\"potentialAction\":[{\"@type\":\"CommentAction\",\"name\":\"Comment\",\"target\":[\"https:\\\/\\\/blogdofarnesio.com.br\\\/?p=182139#respond\"]}]},{\"@type\":\"WebPage\",\"@id\":\"https:\\\/\\\/blogdofarnesio.com.br\\\/?p=182139\",\"url\":\"https:\\\/\\\/blogdofarnesio.com.br\\\/?p=182139\",\"name\":\"PANIFICADORA \u00c9 FECHADA \\\"A BEM DA SA\u00daDE P\u00daBLICA\\\", PELA VIGIL\u00c2NCIA SANIT\u00c1RIA DE PETROLINA - Blog do Farn\u00e9sio\",\"isPartOf\":{\"@id\":\"https:\\\/\\\/blogdofarnesio.com.br\\\/#website\"},\"primaryImageOfPage\":{\"@id\":\"https:\\\/\\\/blogdofarnesio.com.br\\\/?p=182139#primaryimage\"},\"image\":{\"@id\":\"https:\\\/\\\/blogdofarnesio.com.br\\\/?p=182139#primaryimage\"},\"thumbnailUrl\":\"https:\\\/\\\/blogdofarnesio.com.br\\\/wp-content\\\/uploads\\\/2017\\\/11\\\/blogqsp-Interditado-02.jpeg\",\"datePublished\":\"2017-11-22T18:05:56+00:00\",\"dateModified\":\"2017-11-22T18:14:02+00:00\",\"breadcrumb\":{\"@id\":\"https:\\\/\\\/blogdofarnesio.com.br\\\/?p=182139#breadcrumb\"},\"inLanguage\":\"pt-BR\",\"potentialAction\":[{\"@type\":\"ReadAction\",\"target\":[\"https:\\\/\\\/blogdofarnesio.com.br\\\/?p=182139\"]}]},{\"@type\":\"ImageObject\",\"inLanguage\":\"pt-BR\",\"@id\":\"https:\\\/\\\/blogdofarnesio.com.br\\\/?p=182139#primaryimage\",\"url\":\"https:\\\/\\\/blogdofarnesio.com.br\\\/wp-content\\\/uploads\\\/2017\\\/11\\\/blogqsp-Interditado-02.jpeg\",\"contentUrl\":\"https:\\\/\\\/blogdofarnesio.com.br\\\/wp-content\\\/uploads\\\/2017\\\/11\\\/blogqsp-Interditado-02.jpeg\",\"width\":652,\"height\":563},{\"@type\":\"BreadcrumbList\",\"@id\":\"https:\\\/\\\/blogdofarnesio.com.br\\\/?p=182139#breadcrumb\",\"itemListElement\":[{\"@type\":\"ListItem\",\"position\":1,\"name\":\"In\u00edcio\",\"item\":\"https:\\\/\\\/blogdofarnesio.com.br\\\/\"},{\"@type\":\"ListItem\",\"position\":2,\"name\":\"PANIFICADORA \u00c9 FECHADA &#8220;A BEM DA SA\u00daDE P\u00daBLICA&#8221;, PELA VIGIL\u00c2NCIA SANIT\u00c1RIA DE PETROLINA\"}]},{\"@type\":\"WebSite\",\"@id\":\"https:\\\/\\\/blogdofarnesio.com.br\\\/#website\",\"url\":\"https:\\\/\\\/blogdofarnesio.com.br\\\/\",\"name\":\"Blog do Farn\u00e9sio\",\"description\":\"Quer Saber Pol\u00edtica?\",\"publisher\":{\"@id\":\"https:\\\/\\\/blogdofarnesio.com.br\\\/#organization\"},\"potentialAction\":[{\"@type\":\"SearchAction\",\"target\":{\"@type\":\"EntryPoint\",\"urlTemplate\":\"https:\\\/\\\/blogdofarnesio.com.br\\\/?s={search_term_string}\"},\"query-input\":{\"@type\":\"PropertyValueSpecification\",\"valueRequired\":true,\"valueName\":\"search_term_string\"}}],\"inLanguage\":\"pt-BR\"},{\"@type\":\"Organization\",\"@id\":\"https:\\\/\\\/blogdofarnesio.com.br\\\/#organization\",\"name\":\"Blog do Farn\u00e9sio\",\"url\":\"https:\\\/\\\/blogdofarnesio.com.br\\\/\",\"logo\":{\"@type\":\"ImageObject\",\"inLanguage\":\"pt-BR\",\"@id\":\"https:\\\/\\\/blogdofarnesio.com.br\\\/#\\\/schema\\\/logo\\\/image\\\/\",\"url\":\"https:\\\/\\\/blogdofarnesio.com.br\\\/wp-content\\\/uploads\\\/2026\\\/03\\\/cropped-logo_new-1.png\",\"contentUrl\":\"https:\\\/\\\/blogdofarnesio.com.br\\\/wp-content\\\/uploads\\\/2026\\\/03\\\/cropped-logo_new-1.png\",\"width\":881,\"height\":685,\"caption\":\"Blog do Farn\u00e9sio\"},\"image\":{\"@id\":\"https:\\\/\\\/blogdofarnesio.com.br\\\/#\\\/schema\\\/logo\\\/image\\\/\"},\"sameAs\":[\"https:\\\/\\\/www.facebook.com\\\/BlogQuerSaberPolitica\\\/\"]},{\"@type\":\"Person\",\"@id\":\"https:\\\/\\\/blogdofarnesio.com.br\\\/#\\\/schema\\\/person\\\/301c4acf522bccbfdb45af95b5b906a1\",\"name\":\"Farn\u00e9sio\",\"image\":{\"@type\":\"ImageObject\",\"inLanguage\":\"pt-BR\",\"@id\":\"https:\\\/\\\/secure.gravatar.com\\\/avatar\\\/df0c9a14567c056f8ad6876ba5bbd1e3e2c48023eb6807342fc4663adf549f38?s=96&d=mm&r=g\",\"url\":\"https:\\\/\\\/secure.gravatar.com\\\/avatar\\\/df0c9a14567c056f8ad6876ba5bbd1e3e2c48023eb6807342fc4663adf549f38?s=96&d=mm&r=g\",\"contentUrl\":\"https:\\\/\\\/secure.gravatar.com\\\/avatar\\\/df0c9a14567c056f8ad6876ba5bbd1e3e2c48023eb6807342fc4663adf549f38?s=96&d=mm&r=g\",\"caption\":\"Farn\u00e9sio\"},\"sameAs\":[\"https:\\\/\\\/quersaberpolitica.com.br\"],\"url\":\"https:\\\/\\\/blogdofarnesio.com.br\\\/?author=1\"}]}<\/script>\n<!-- \/ Yoast SEO plugin. -->","yoast_head_json":{"title":"PANIFICADORA \u00c9 FECHADA \"A BEM DA SA\u00daDE P\u00daBLICA\", PELA VIGIL\u00c2NCIA SANIT\u00c1RIA DE PETROLINA - Blog do Farn\u00e9sio","robots":{"index":"index","follow":"follow","max-snippet":"max-snippet:-1","max-image-preview":"max-image-preview:large","max-video-preview":"max-video-preview:-1"},"canonical":"https:\/\/blogdofarnesio.com.br\/?p=182139","og_locale":"pt_BR","og_type":"article","og_title":"PANIFICADORA \u00c9 FECHADA \"A BEM DA SA\u00daDE P\u00daBLICA\", PELA VIGIL\u00c2NCIA SANIT\u00c1RIA DE PETROLINA - Blog do Farn\u00e9sio","og_description":"Devido \u00e0s condi\u00e7\u00f5es higi\u00eanicas prec\u00e1rias, uma panificadora foi interditada, nesta ter\u00e7a-feira (21), pela equipe da Ag\u00eancia Municipal de Vigil\u00e2ncia Sanit\u00e1ria, durante visitas de rotina no com\u00e9rcio de Petrolina. O estabelecimento, localizado na Avenida Bar\u00e3o de Contendas, Loteamento Novo Horizonte &#8211; bairro Jatob\u00e1, apresentou diversas irregularidades, colocando em risco a seguran\u00e7a alimentar dos consumidores. Al\u00e9m de muita sujeira no local, foram encontrados produtos estragados e acondicionados de forma irregular, panelas e formas utilizadas para a produ\u00e7\u00e3o de p\u00e3es e bolos no ch\u00e3o, entre outros problemas. O estabelecimento foi autuado e s\u00f3 ser\u00e1 reaberto ap\u00f3s a regulariza\u00e7\u00e3o de todos os itens apontados pela Ag\u00eancia de Vigil\u00e2ncia Sanit\u00e1ria. Para a realiza\u00e7\u00e3o de den\u00fancias a popula\u00e7\u00e3o pode entrar em contato com a Ouvidoria do&hellip;","og_url":"https:\/\/blogdofarnesio.com.br\/?p=182139","og_site_name":"Blog do Farn\u00e9sio","article_publisher":"https:\/\/www.facebook.com\/BlogQuerSaberPolitica\/","article_published_time":"2017-11-22T18:05:56+00:00","article_modified_time":"2017-11-22T18:14:02+00:00","og_image":[{"width":652,"height":563,"url":"https:\/\/blogdofarnesio.com.br\/wp-content\/uploads\/2017\/11\/blogqsp-Interditado-02.jpeg","type":"image\/jpeg"}],"author":"Farn\u00e9sio","twitter_card":"summary_large_image","twitter_misc":{"Escrito por":"Farn\u00e9sio","Est. tempo de leitura":"1 minuto"},"schema":{"@context":"https:\/\/schema.org","@graph":[{"@type":"Article","@id":"https:\/\/blogdofarnesio.com.br\/?p=182139#article","isPartOf":{"@id":"https:\/\/blogdofarnesio.com.br\/?p=182139"},"author":{"name":"Farn\u00e9sio","@id":"https:\/\/blogdofarnesio.com.br\/#\/schema\/person\/301c4acf522bccbfdb45af95b5b906a1"},"headline":"PANIFICADORA \u00c9 FECHADA &#8220;A BEM DA SA\u00daDE P\u00daBLICA&#8221;, PELA VIGIL\u00c2NCIA SANIT\u00c1RIA DE PETROLINA","datePublished":"2017-11-22T18:05:56+00:00","dateModified":"2017-11-22T18:14:02+00:00","mainEntityOfPage":{"@id":"https:\/\/blogdofarnesio.com.br\/?p=182139"},"wordCount":197,"commentCount":0,"publisher":{"@id":"https:\/\/blogdofarnesio.com.br\/#organization"},"image":{"@id":"https:\/\/blogdofarnesio.com.br\/?p=182139#primaryimage"},"thumbnailUrl":"https:\/\/blogdofarnesio.com.br\/wp-content\/uploads\/2017\/11\/blogqsp-Interditado-02.jpeg","articleSection":["Sa\u00fade"],"inLanguage":"pt-BR","potentialAction":[{"@type":"CommentAction","name":"Comment","target":["https:\/\/blogdofarnesio.com.br\/?p=182139#respond"]}]},{"@type":"WebPage","@id":"https:\/\/blogdofarnesio.com.br\/?p=182139","url":"https:\/\/blogdofarnesio.com.br\/?p=182139","name":"PANIFICADORA \u00c9 FECHADA \"A BEM DA SA\u00daDE P\u00daBLICA\", PELA VIGIL\u00c2NCIA SANIT\u00c1RIA DE PETROLINA - Blog do Farn\u00e9sio","isPartOf":{"@id":"https:\/\/blogdofarnesio.com.br\/#website"},"primaryImageOfPage":{"@id":"https:\/\/blogdofarnesio.com.br\/?p=182139#primaryimage"},"image":{"@id":"https:\/\/blogdofarnesio.com.br\/?p=182139#primaryimage"},"thumbnailUrl":"https:\/\/blogdofarnesio.com.br\/wp-content\/uploads\/2017\/11\/blogqsp-Interditado-02.jpeg","datePublished":"2017-11-22T18:05:56+00:00","dateModified":"2017-11-22T18:14:02+00:00","breadcrumb":{"@id":"https:\/\/blogdofarnesio.com.br\/?p=182139#breadcrumb"},"inLanguage":"pt-BR","potentialAction":[{"@type":"ReadAction","target":["https:\/\/blogdofarnesio.com.br\/?p=182139"]}]},{"@type":"ImageObject","inLanguage":"pt-BR","@id":"https:\/\/blogdofarnesio.com.br\/?p=182139#primaryimage","url":"https:\/\/blogdofarnesio.com.br\/wp-content\/uploads\/2017\/11\/blogqsp-Interditado-02.jpeg","contentUrl":"https:\/\/blogdofarnesio.com.br\/wp-content\/uploads\/2017\/11\/blogqsp-Interditado-02.jpeg","width":652,"height":563},{"@type":"BreadcrumbList","@id":"https:\/\/blogdofarnesio.com.br\/?p=182139#breadcrumb","itemListElement":[{"@type":"ListItem","position":1,"name":"In\u00edcio","item":"https:\/\/blogdofarnesio.com.br\/"},{"@type":"ListItem","position":2,"name":"PANIFICADORA \u00c9 FECHADA &#8220;A BEM DA SA\u00daDE P\u00daBLICA&#8221;, PELA VIGIL\u00c2NCIA SANIT\u00c1RIA DE PETROLINA"}]},{"@type":"WebSite","@id":"https:\/\/blogdofarnesio.com.br\/#website","url":"https:\/\/blogdofarnesio.com.br\/","name":"Blog do Farn\u00e9sio","description":"Quer Saber Pol\u00edtica?","publisher":{"@id":"https:\/\/blogdofarnesio.com.br\/#organization"},"potentialAction":[{"@type":"SearchAction","target":{"@type":"EntryPoint","urlTemplate":"https:\/\/blogdofarnesio.com.br\/?s={search_term_string}"},"query-input":{"@type":"PropertyValueSpecification","valueRequired":true,"valueName":"search_term_string"}}],"inLanguage":"pt-BR"},{"@type":"Organization","@id":"https:\/\/blogdofarnesio.com.br\/#organization","name":"Blog do Farn\u00e9sio","url":"https:\/\/blogdofarnesio.com.br\/","logo":{"@type":"ImageObject","inLanguage":"pt-BR","@id":"https:\/\/blogdofarnesio.com.br\/#\/schema\/logo\/image\/","url":"https:\/\/blogdofarnesio.com.br\/wp-content\/uploads\/2026\/03\/cropped-logo_new-1.png","contentUrl":"https:\/\/blogdofarnesio.com.br\/wp-content\/uploads\/2026\/03\/cropped-logo_new-1.png","width":881,"height":685,"caption":"Blog do Farn\u00e9sio"},"image":{"@id":"https:\/\/blogdofarnesio.com.br\/#\/schema\/logo\/image\/"},"sameAs":["https:\/\/www.facebook.com\/BlogQuerSaberPolitica\/"]},{"@type":"Person","@id":"https:\/\/blogdofarnesio.com.br\/#\/schema\/person\/301c4acf522bccbfdb45af95b5b906a1","name":"Farn\u00e9sio","image":{"@type":"ImageObject","inLanguage":"pt-BR","@id":"https:\/\/secure.gravatar.com\/avatar\/df0c9a14567c056f8ad6876ba5bbd1e3e2c48023eb6807342fc4663adf549f38?s=96&d=mm&r=g","url":"https:\/\/secure.gravatar.com\/avatar\/df0c9a14567c056f8ad6876ba5bbd1e3e2c48023eb6807342fc4663adf549f38?s=96&d=mm&r=g","contentUrl":"https:\/\/secure.gravatar.com\/avatar\/df0c9a14567c056f8ad6876ba5bbd1e3e2c48023eb6807342fc4663adf549f38?s=96&d=mm&r=g","caption":"Farn\u00e9sio"},"sameAs":["https:\/\/quersaberpolitica.com.br"],"url":"https:\/\/blogdofarnesio.com.br\/?author=1"}]}},"_links":{"self":[{"href":"https:\/\/blogdofarnesio.com.br\/index.php?rest_route=\/wp\/v2\/posts\/182139","targetHints":{"allow":["GET"]}}],"collection":[{"href":"https:\/\/blogdofarnesio.com.br\/index.php?rest_route=\/wp\/v2\/posts"}],"about":[{"href":"https:\/\/blogdofarnesio.com.br\/index.php?rest_route=\/wp\/v2\/types\/post"}],"author":[{"embeddable":true,"href":"https:\/\/blogdofarnesio.com.br\/index.php?rest_route=\/wp\/v2\/users\/1"}],"replies":[{"embeddable":true,"href":"https:\/\/blogdofarnesio.com.br\/index.php?rest_route=%2Fwp%2Fv2%2Fcomments&post=182139"}],"version-history":[{"count":0,"href":"https:\/\/blogdofarnesio.com.br\/index.php?rest_route=\/wp\/v2\/posts\/182139\/revisions"}],"wp:featuredmedia":[{"embeddable":true,"href":"https:\/\/blogdofarnesio.com.br\/index.php?rest_route=\/wp\/v2\/media\/182140"}],"wp:attachment":[{"href":"https:\/\/blogdofarnesio.com.br\/index.php?rest_route=%2Fwp%2Fv2%2Fmedia&parent=182139"}],"wp:term":[{"taxonomy":"category","embeddable":true,"href":"https:\/\/blogdofarnesio.com.br\/index.php?rest_route=%2Fwp%2Fv2%2Fcategories&post=182139"},{"taxonomy":"post_tag","embeddable":true,"href":"https:\/\/blogdofarnesio.com.br\/index.php?rest_route=%2Fwp%2Fv2%2Ftags&post=182139"}],"curies":[{"name":"wp","href":"https:\/\/api.w.org\/{rel}","templated":true}]}}