{"id":181803,"date":"2017-11-18T17:00:03","date_gmt":"2017-11-18T20:00:03","guid":{"rendered":"http:\/\/quersaberpolitica.com.br\/2016\/?p=181803"},"modified":"2017-11-18T10:21:19","modified_gmt":"2017-11-18T13:21:19","slug":"prefeito-paulo-bomfim-entrega-equipamentos-para-maternidade-e-hospital-da-crianca","status":"publish","type":"post","link":"https:\/\/blogdofarnesio.com.br\/?p=181803","title":{"rendered":"PREFEITO PAULO BOMFIM ENTREGA EQUIPAMENTOS PARA MATERNIDADE E HOSPITAL DA CRIAN\u00c7A"},"content":{"rendered":"<p style=\"text-align: justify;\">Nesta sexta-feira (17), o prefeito Paulo Bomfim, acompanhado pela secret\u00e1ria da Sa\u00fade, Fab\u00edola Ribeiro, e outras lideran\u00e7as pol\u00edticas, realizaram a entrega de\u00a0equipamentos e\u00a0m\u00f3veis para a Maternidade Municipal e Hospital da Crian\u00e7a de Juazeiro. S\u00e3o 108 itens, avaliados em aproximadamente R$ 633 mil reais, que foram cedidos por meio de um conv\u00eanio com o Governo do Estado.<\/p>\n<p style=\"text-align: justify;\">Na ocasi\u00e3o, o prefeito salientou que a gest\u00e3o municipal atua em parceria com o governador Rui Costa, com o objetivo de qualificar ainda mais a assist\u00eancia em sa\u00fade prestada para a popula\u00e7\u00e3o de Juazeiro. &#8220;Estamos trabalhando para fortalecer ainda mais nossa sa\u00fade, que \u00e9 a prioridade do meu governo. Entregamos hoje estes m\u00f3veis, cumprindo mais uma agenda do Toda Sexta tem Obra. S\u00f3 este ano, j\u00e1 entregamos sete novos Postos de Sa\u00fade, as reformas do Centro de Sa\u00fade III, do Centro de Especialidades Odontol\u00f3gicas, da nossa UPA 24h, al\u00e9m das novas sedes do Laborat\u00f3rio Central e do CAPS AD&#8221;, destaca.<\/p>\n<p style=\"text-align: justify;\">Segundo a secret\u00e1ria da Sa\u00fade, Fab\u00edola Ribeiro, entre os bens recebidos, pode-se destacar: bisturis el\u00e9tricos, carrinho de emerg\u00eancia e ventilador mec\u00e2nico pulmonar. &#8220;Esses equipamentos vieram para somar nos processos de trabalho, que sem d\u00favida nenhuma ir\u00e3o dar mais agilidade na assist\u00eancia prestada nas duas unidades&#8221;, garante.<\/p>\n<p style=\"text-align: justify;\">A Maternidade de Juazeiro e o Hospital da Crian\u00e7a de Juazeiro recebem pacientes de 53 munic\u00edpios, e, juntos, realizam uma m\u00e9dia de 5 mil atendimentos por m\u00eas. A diretora administrativa da Maternidade, Riva\u00e9rcia Esp\u00edndola, diz que os equipamentos j\u00e1 eram pleiteados pelos servidores das unidades. &#8220;Essa \u00e9 uma grande conquista para n\u00f3s, muitos equipamentos ir\u00e3o compor nosso bloco cir\u00fargico e, certamente, melhorar a qualidade da assist\u00eancia aqui prestada&#8221;, informa.<\/p>\n<p style=\"text-align: justify;\">A aposentada, Isabel Xavier, que estava acompanhando a filha na unidade, foi surpreendida com\u00a0a entrega dos novos equipamentos realizada na unidade. &#8220;Fiquei muito feliz em ver que o\u00a0 hospital esta recebendo mais estrutura, muita gente precisa dele e d\u00e1 mais uma esperan\u00e7a que as coisas est\u00e3o melhorando&#8221;, observa.<\/p>\n<p style=\"text-align: justify;\">A auxiliar de servi\u00e7os gerais, Ana Rosa Nunes, concorda. &#8220;Acho que esses novos equipamentos v\u00e3o fazer a diferen\u00e7a, o prefeito est\u00e1 fazendo um grande trabalho, est\u00e1 no caminho certo&#8221;, acredita.<\/p>\n<p><em><strong>Andr\u00e9a Meireles \/ PMJ<\/strong><\/em><\/p>\n","protected":false},"excerpt":{"rendered":"<p>Nesta sexta-feira (17), o prefeito Paulo Bomfim, acompanhado pela secret\u00e1ria da Sa\u00fade, Fab\u00edola Ribeiro, e outras lideran\u00e7as pol\u00edticas, realizaram a entrega de\u00a0equipamentos e\u00a0m\u00f3veis para a Maternidade Municipal e Hospital da Crian\u00e7a de Juazeiro. S\u00e3o 108 itens, avaliados em aproximadamente R$ 633 mil reais, que foram cedidos por meio de um conv\u00eanio com o Governo do Estado. Na ocasi\u00e3o, o prefeito salientou que a gest\u00e3o municipal atua em parceria com o governador Rui Costa, com o objetivo de qualificar ainda mais a assist\u00eancia em sa\u00fade prestada para a popula\u00e7\u00e3o de Juazeiro. &#8220;Estamos trabalhando para fortalecer ainda mais nossa sa\u00fade, que \u00e9 a prioridade do meu governo. Entregamos hoje estes m\u00f3veis, cumprindo mais uma agenda do Toda Sexta tem Obra. S\u00f3 este&hellip; <\/p>\n","protected":false},"author":1,"featured_media":181804,"comment_status":"open","ping_status":"closed","sticky":false,"template":"","format":"standard","meta":{"_acf_changed":false,"footnotes":""},"categories":[44],"tags":[],"class_list":["post-181803","post","type-post","status-publish","format-standard","has-post-thumbnail","hentry","category-administracao"],"acf":[],"yoast_head":"<!-- This site is optimized with the Yoast SEO plugin v27.4 - https:\/\/yoast.com\/product\/yoast-seo-wordpress\/ -->\n<title>PREFEITO PAULO BOMFIM ENTREGA EQUIPAMENTOS PARA MATERNIDADE E HOSPITAL DA CRIAN\u00c7A - Blog do Farn\u00e9sio<\/title>\n<meta name=\"robots\" content=\"index, follow, max-snippet:-1, max-image-preview:large, max-video-preview:-1\" \/>\n<link rel=\"canonical\" href=\"https:\/\/blogdofarnesio.com.br\/?p=181803\" \/>\n<meta property=\"og:locale\" content=\"pt_BR\" \/>\n<meta property=\"og:type\" content=\"article\" \/>\n<meta property=\"og:title\" content=\"PREFEITO PAULO BOMFIM ENTREGA EQUIPAMENTOS PARA MATERNIDADE E HOSPITAL DA CRIAN\u00c7A - Blog do Farn\u00e9sio\" \/>\n<meta property=\"og:description\" content=\"Nesta sexta-feira (17), o prefeito Paulo Bomfim, acompanhado pela secret\u00e1ria da Sa\u00fade, Fab\u00edola Ribeiro, e outras lideran\u00e7as pol\u00edticas, realizaram a entrega de\u00a0equipamentos e\u00a0m\u00f3veis para a Maternidade Municipal e Hospital da Crian\u00e7a de Juazeiro. S\u00e3o 108 itens, avaliados em aproximadamente R$ 633 mil reais, que foram cedidos por meio de um conv\u00eanio com o Governo do Estado. Na ocasi\u00e3o, o prefeito salientou que a gest\u00e3o municipal atua em parceria com o governador Rui Costa, com o objetivo de qualificar ainda mais a assist\u00eancia em sa\u00fade prestada para a popula\u00e7\u00e3o de Juazeiro. &#8220;Estamos trabalhando para fortalecer ainda mais nossa sa\u00fade, que \u00e9 a prioridade do meu governo. Entregamos hoje estes m\u00f3veis, cumprindo mais uma agenda do Toda Sexta tem Obra. S\u00f3 este&hellip;\" \/>\n<meta property=\"og:url\" content=\"https:\/\/blogdofarnesio.com.br\/?p=181803\" \/>\n<meta property=\"og:site_name\" content=\"Blog do Farn\u00e9sio\" \/>\n<meta property=\"article:publisher\" content=\"https:\/\/www.facebook.com\/BlogQuerSaberPolitica\/\" \/>\n<meta property=\"article:published_time\" content=\"2017-11-18T20:00:03+00:00\" \/>\n<meta property=\"og:image\" content=\"https:\/\/blogdofarnesio.com.br\/wp-content\/uploads\/2017\/11\/blogqsp-paulo-maternidade.jpg\" \/>\n\t<meta property=\"og:image:width\" content=\"640\" \/>\n\t<meta property=\"og:image:height\" content=\"427\" \/>\n\t<meta property=\"og:image:type\" content=\"image\/jpeg\" \/>\n<meta name=\"author\" content=\"Farn\u00e9sio\" \/>\n<meta name=\"twitter:card\" content=\"summary_large_image\" \/>\n<meta name=\"twitter:label1\" content=\"Escrito por\" \/>\n\t<meta name=\"twitter:data1\" content=\"Farn\u00e9sio\" \/>\n\t<meta name=\"twitter:label2\" content=\"Est. tempo de leitura\" \/>\n\t<meta name=\"twitter:data2\" content=\"2 minutos\" \/>\n<script type=\"application\/ld+json\" class=\"yoast-schema-graph\">{\"@context\":\"https:\\\/\\\/schema.org\",\"@graph\":[{\"@type\":\"Article\",\"@id\":\"https:\\\/\\\/blogdofarnesio.com.br\\\/?p=181803#article\",\"isPartOf\":{\"@id\":\"https:\\\/\\\/blogdofarnesio.com.br\\\/?p=181803\"},\"author\":{\"name\":\"Farn\u00e9sio\",\"@id\":\"https:\\\/\\\/blogdofarnesio.com.br\\\/#\\\/schema\\\/person\\\/301c4acf522bccbfdb45af95b5b906a1\"},\"headline\":\"PREFEITO PAULO BOMFIM ENTREGA EQUIPAMENTOS PARA MATERNIDADE E HOSPITAL DA CRIAN\u00c7A\",\"datePublished\":\"2017-11-18T20:00:03+00:00\",\"mainEntityOfPage\":{\"@id\":\"https:\\\/\\\/blogdofarnesio.com.br\\\/?p=181803\"},\"wordCount\":406,\"commentCount\":0,\"publisher\":{\"@id\":\"https:\\\/\\\/blogdofarnesio.com.br\\\/#organization\"},\"image\":{\"@id\":\"https:\\\/\\\/blogdofarnesio.com.br\\\/?p=181803#primaryimage\"},\"thumbnailUrl\":\"https:\\\/\\\/blogdofarnesio.com.br\\\/wp-content\\\/uploads\\\/2017\\\/11\\\/blogqsp-paulo-maternidade.jpg\",\"articleSection\":[\"Administra\u00e7\u00e3o\"],\"inLanguage\":\"pt-BR\",\"potentialAction\":[{\"@type\":\"CommentAction\",\"name\":\"Comment\",\"target\":[\"https:\\\/\\\/blogdofarnesio.com.br\\\/?p=181803#respond\"]}]},{\"@type\":\"WebPage\",\"@id\":\"https:\\\/\\\/blogdofarnesio.com.br\\\/?p=181803\",\"url\":\"https:\\\/\\\/blogdofarnesio.com.br\\\/?p=181803\",\"name\":\"PREFEITO PAULO BOMFIM ENTREGA EQUIPAMENTOS PARA MATERNIDADE E HOSPITAL DA CRIAN\u00c7A - Blog do Farn\u00e9sio\",\"isPartOf\":{\"@id\":\"https:\\\/\\\/blogdofarnesio.com.br\\\/#website\"},\"primaryImageOfPage\":{\"@id\":\"https:\\\/\\\/blogdofarnesio.com.br\\\/?p=181803#primaryimage\"},\"image\":{\"@id\":\"https:\\\/\\\/blogdofarnesio.com.br\\\/?p=181803#primaryimage\"},\"thumbnailUrl\":\"https:\\\/\\\/blogdofarnesio.com.br\\\/wp-content\\\/uploads\\\/2017\\\/11\\\/blogqsp-paulo-maternidade.jpg\",\"datePublished\":\"2017-11-18T20:00:03+00:00\",\"breadcrumb\":{\"@id\":\"https:\\\/\\\/blogdofarnesio.com.br\\\/?p=181803#breadcrumb\"},\"inLanguage\":\"pt-BR\",\"potentialAction\":[{\"@type\":\"ReadAction\",\"target\":[\"https:\\\/\\\/blogdofarnesio.com.br\\\/?p=181803\"]}]},{\"@type\":\"ImageObject\",\"inLanguage\":\"pt-BR\",\"@id\":\"https:\\\/\\\/blogdofarnesio.com.br\\\/?p=181803#primaryimage\",\"url\":\"https:\\\/\\\/blogdofarnesio.com.br\\\/wp-content\\\/uploads\\\/2017\\\/11\\\/blogqsp-paulo-maternidade.jpg\",\"contentUrl\":\"https:\\\/\\\/blogdofarnesio.com.br\\\/wp-content\\\/uploads\\\/2017\\\/11\\\/blogqsp-paulo-maternidade.jpg\",\"width\":640,\"height\":427},{\"@type\":\"BreadcrumbList\",\"@id\":\"https:\\\/\\\/blogdofarnesio.com.br\\\/?p=181803#breadcrumb\",\"itemListElement\":[{\"@type\":\"ListItem\",\"position\":1,\"name\":\"In\u00edcio\",\"item\":\"https:\\\/\\\/blogdofarnesio.com.br\\\/\"},{\"@type\":\"ListItem\",\"position\":2,\"name\":\"PREFEITO PAULO BOMFIM ENTREGA EQUIPAMENTOS PARA MATERNIDADE E HOSPITAL DA CRIAN\u00c7A\"}]},{\"@type\":\"WebSite\",\"@id\":\"https:\\\/\\\/blogdofarnesio.com.br\\\/#website\",\"url\":\"https:\\\/\\\/blogdofarnesio.com.br\\\/\",\"name\":\"Blog do Farn\u00e9sio\",\"description\":\"Quer Saber Pol\u00edtica?\",\"publisher\":{\"@id\":\"https:\\\/\\\/blogdofarnesio.com.br\\\/#organization\"},\"potentialAction\":[{\"@type\":\"SearchAction\",\"target\":{\"@type\":\"EntryPoint\",\"urlTemplate\":\"https:\\\/\\\/blogdofarnesio.com.br\\\/?s={search_term_string}\"},\"query-input\":{\"@type\":\"PropertyValueSpecification\",\"valueRequired\":true,\"valueName\":\"search_term_string\"}}],\"inLanguage\":\"pt-BR\"},{\"@type\":\"Organization\",\"@id\":\"https:\\\/\\\/blogdofarnesio.com.br\\\/#organization\",\"name\":\"Blog do Farn\u00e9sio\",\"url\":\"https:\\\/\\\/blogdofarnesio.com.br\\\/\",\"logo\":{\"@type\":\"ImageObject\",\"inLanguage\":\"pt-BR\",\"@id\":\"https:\\\/\\\/blogdofarnesio.com.br\\\/#\\\/schema\\\/logo\\\/image\\\/\",\"url\":\"https:\\\/\\\/blogdofarnesio.com.br\\\/wp-content\\\/uploads\\\/2026\\\/03\\\/cropped-logo_new-1.png\",\"contentUrl\":\"https:\\\/\\\/blogdofarnesio.com.br\\\/wp-content\\\/uploads\\\/2026\\\/03\\\/cropped-logo_new-1.png\",\"width\":881,\"height\":685,\"caption\":\"Blog do Farn\u00e9sio\"},\"image\":{\"@id\":\"https:\\\/\\\/blogdofarnesio.com.br\\\/#\\\/schema\\\/logo\\\/image\\\/\"},\"sameAs\":[\"https:\\\/\\\/www.facebook.com\\\/BlogQuerSaberPolitica\\\/\"]},{\"@type\":\"Person\",\"@id\":\"https:\\\/\\\/blogdofarnesio.com.br\\\/#\\\/schema\\\/person\\\/301c4acf522bccbfdb45af95b5b906a1\",\"name\":\"Farn\u00e9sio\",\"image\":{\"@type\":\"ImageObject\",\"inLanguage\":\"pt-BR\",\"@id\":\"https:\\\/\\\/secure.gravatar.com\\\/avatar\\\/df0c9a14567c056f8ad6876ba5bbd1e3e2c48023eb6807342fc4663adf549f38?s=96&d=mm&r=g\",\"url\":\"https:\\\/\\\/secure.gravatar.com\\\/avatar\\\/df0c9a14567c056f8ad6876ba5bbd1e3e2c48023eb6807342fc4663adf549f38?s=96&d=mm&r=g\",\"contentUrl\":\"https:\\\/\\\/secure.gravatar.com\\\/avatar\\\/df0c9a14567c056f8ad6876ba5bbd1e3e2c48023eb6807342fc4663adf549f38?s=96&d=mm&r=g\",\"caption\":\"Farn\u00e9sio\"},\"sameAs\":[\"https:\\\/\\\/quersaberpolitica.com.br\"],\"url\":\"https:\\\/\\\/blogdofarnesio.com.br\\\/?author=1\"}]}<\/script>\n<!-- \/ Yoast SEO plugin. -->","yoast_head_json":{"title":"PREFEITO PAULO BOMFIM ENTREGA EQUIPAMENTOS PARA MATERNIDADE E HOSPITAL DA CRIAN\u00c7A - Blog do Farn\u00e9sio","robots":{"index":"index","follow":"follow","max-snippet":"max-snippet:-1","max-image-preview":"max-image-preview:large","max-video-preview":"max-video-preview:-1"},"canonical":"https:\/\/blogdofarnesio.com.br\/?p=181803","og_locale":"pt_BR","og_type":"article","og_title":"PREFEITO PAULO BOMFIM ENTREGA EQUIPAMENTOS PARA MATERNIDADE E HOSPITAL DA CRIAN\u00c7A - Blog do Farn\u00e9sio","og_description":"Nesta sexta-feira (17), o prefeito Paulo Bomfim, acompanhado pela secret\u00e1ria da Sa\u00fade, Fab\u00edola Ribeiro, e outras lideran\u00e7as pol\u00edticas, realizaram a entrega de\u00a0equipamentos e\u00a0m\u00f3veis para a Maternidade Municipal e Hospital da Crian\u00e7a de Juazeiro. S\u00e3o 108 itens, avaliados em aproximadamente R$ 633 mil reais, que foram cedidos por meio de um conv\u00eanio com o Governo do Estado. Na ocasi\u00e3o, o prefeito salientou que a gest\u00e3o municipal atua em parceria com o governador Rui Costa, com o objetivo de qualificar ainda mais a assist\u00eancia em sa\u00fade prestada para a popula\u00e7\u00e3o de Juazeiro. &#8220;Estamos trabalhando para fortalecer ainda mais nossa sa\u00fade, que \u00e9 a prioridade do meu governo. Entregamos hoje estes m\u00f3veis, cumprindo mais uma agenda do Toda Sexta tem Obra. S\u00f3 este&hellip;","og_url":"https:\/\/blogdofarnesio.com.br\/?p=181803","og_site_name":"Blog do Farn\u00e9sio","article_publisher":"https:\/\/www.facebook.com\/BlogQuerSaberPolitica\/","article_published_time":"2017-11-18T20:00:03+00:00","og_image":[{"width":640,"height":427,"url":"https:\/\/blogdofarnesio.com.br\/wp-content\/uploads\/2017\/11\/blogqsp-paulo-maternidade.jpg","type":"image\/jpeg"}],"author":"Farn\u00e9sio","twitter_card":"summary_large_image","twitter_misc":{"Escrito por":"Farn\u00e9sio","Est. tempo de leitura":"2 minutos"},"schema":{"@context":"https:\/\/schema.org","@graph":[{"@type":"Article","@id":"https:\/\/blogdofarnesio.com.br\/?p=181803#article","isPartOf":{"@id":"https:\/\/blogdofarnesio.com.br\/?p=181803"},"author":{"name":"Farn\u00e9sio","@id":"https:\/\/blogdofarnesio.com.br\/#\/schema\/person\/301c4acf522bccbfdb45af95b5b906a1"},"headline":"PREFEITO PAULO BOMFIM ENTREGA EQUIPAMENTOS PARA MATERNIDADE E HOSPITAL DA CRIAN\u00c7A","datePublished":"2017-11-18T20:00:03+00:00","mainEntityOfPage":{"@id":"https:\/\/blogdofarnesio.com.br\/?p=181803"},"wordCount":406,"commentCount":0,"publisher":{"@id":"https:\/\/blogdofarnesio.com.br\/#organization"},"image":{"@id":"https:\/\/blogdofarnesio.com.br\/?p=181803#primaryimage"},"thumbnailUrl":"https:\/\/blogdofarnesio.com.br\/wp-content\/uploads\/2017\/11\/blogqsp-paulo-maternidade.jpg","articleSection":["Administra\u00e7\u00e3o"],"inLanguage":"pt-BR","potentialAction":[{"@type":"CommentAction","name":"Comment","target":["https:\/\/blogdofarnesio.com.br\/?p=181803#respond"]}]},{"@type":"WebPage","@id":"https:\/\/blogdofarnesio.com.br\/?p=181803","url":"https:\/\/blogdofarnesio.com.br\/?p=181803","name":"PREFEITO PAULO BOMFIM ENTREGA EQUIPAMENTOS PARA MATERNIDADE E HOSPITAL DA CRIAN\u00c7A - Blog do Farn\u00e9sio","isPartOf":{"@id":"https:\/\/blogdofarnesio.com.br\/#website"},"primaryImageOfPage":{"@id":"https:\/\/blogdofarnesio.com.br\/?p=181803#primaryimage"},"image":{"@id":"https:\/\/blogdofarnesio.com.br\/?p=181803#primaryimage"},"thumbnailUrl":"https:\/\/blogdofarnesio.com.br\/wp-content\/uploads\/2017\/11\/blogqsp-paulo-maternidade.jpg","datePublished":"2017-11-18T20:00:03+00:00","breadcrumb":{"@id":"https:\/\/blogdofarnesio.com.br\/?p=181803#breadcrumb"},"inLanguage":"pt-BR","potentialAction":[{"@type":"ReadAction","target":["https:\/\/blogdofarnesio.com.br\/?p=181803"]}]},{"@type":"ImageObject","inLanguage":"pt-BR","@id":"https:\/\/blogdofarnesio.com.br\/?p=181803#primaryimage","url":"https:\/\/blogdofarnesio.com.br\/wp-content\/uploads\/2017\/11\/blogqsp-paulo-maternidade.jpg","contentUrl":"https:\/\/blogdofarnesio.com.br\/wp-content\/uploads\/2017\/11\/blogqsp-paulo-maternidade.jpg","width":640,"height":427},{"@type":"BreadcrumbList","@id":"https:\/\/blogdofarnesio.com.br\/?p=181803#breadcrumb","itemListElement":[{"@type":"ListItem","position":1,"name":"In\u00edcio","item":"https:\/\/blogdofarnesio.com.br\/"},{"@type":"ListItem","position":2,"name":"PREFEITO PAULO BOMFIM ENTREGA EQUIPAMENTOS PARA MATERNIDADE E HOSPITAL DA CRIAN\u00c7A"}]},{"@type":"WebSite","@id":"https:\/\/blogdofarnesio.com.br\/#website","url":"https:\/\/blogdofarnesio.com.br\/","name":"Blog do Farn\u00e9sio","description":"Quer Saber Pol\u00edtica?","publisher":{"@id":"https:\/\/blogdofarnesio.com.br\/#organization"},"potentialAction":[{"@type":"SearchAction","target":{"@type":"EntryPoint","urlTemplate":"https:\/\/blogdofarnesio.com.br\/?s={search_term_string}"},"query-input":{"@type":"PropertyValueSpecification","valueRequired":true,"valueName":"search_term_string"}}],"inLanguage":"pt-BR"},{"@type":"Organization","@id":"https:\/\/blogdofarnesio.com.br\/#organization","name":"Blog do Farn\u00e9sio","url":"https:\/\/blogdofarnesio.com.br\/","logo":{"@type":"ImageObject","inLanguage":"pt-BR","@id":"https:\/\/blogdofarnesio.com.br\/#\/schema\/logo\/image\/","url":"https:\/\/blogdofarnesio.com.br\/wp-content\/uploads\/2026\/03\/cropped-logo_new-1.png","contentUrl":"https:\/\/blogdofarnesio.com.br\/wp-content\/uploads\/2026\/03\/cropped-logo_new-1.png","width":881,"height":685,"caption":"Blog do Farn\u00e9sio"},"image":{"@id":"https:\/\/blogdofarnesio.com.br\/#\/schema\/logo\/image\/"},"sameAs":["https:\/\/www.facebook.com\/BlogQuerSaberPolitica\/"]},{"@type":"Person","@id":"https:\/\/blogdofarnesio.com.br\/#\/schema\/person\/301c4acf522bccbfdb45af95b5b906a1","name":"Farn\u00e9sio","image":{"@type":"ImageObject","inLanguage":"pt-BR","@id":"https:\/\/secure.gravatar.com\/avatar\/df0c9a14567c056f8ad6876ba5bbd1e3e2c48023eb6807342fc4663adf549f38?s=96&d=mm&r=g","url":"https:\/\/secure.gravatar.com\/avatar\/df0c9a14567c056f8ad6876ba5bbd1e3e2c48023eb6807342fc4663adf549f38?s=96&d=mm&r=g","contentUrl":"https:\/\/secure.gravatar.com\/avatar\/df0c9a14567c056f8ad6876ba5bbd1e3e2c48023eb6807342fc4663adf549f38?s=96&d=mm&r=g","caption":"Farn\u00e9sio"},"sameAs":["https:\/\/quersaberpolitica.com.br"],"url":"https:\/\/blogdofarnesio.com.br\/?author=1"}]}},"_links":{"self":[{"href":"https:\/\/blogdofarnesio.com.br\/index.php?rest_route=\/wp\/v2\/posts\/181803","targetHints":{"allow":["GET"]}}],"collection":[{"href":"https:\/\/blogdofarnesio.com.br\/index.php?rest_route=\/wp\/v2\/posts"}],"about":[{"href":"https:\/\/blogdofarnesio.com.br\/index.php?rest_route=\/wp\/v2\/types\/post"}],"author":[{"embeddable":true,"href":"https:\/\/blogdofarnesio.com.br\/index.php?rest_route=\/wp\/v2\/users\/1"}],"replies":[{"embeddable":true,"href":"https:\/\/blogdofarnesio.com.br\/index.php?rest_route=%2Fwp%2Fv2%2Fcomments&post=181803"}],"version-history":[{"count":0,"href":"https:\/\/blogdofarnesio.com.br\/index.php?rest_route=\/wp\/v2\/posts\/181803\/revisions"}],"wp:featuredmedia":[{"embeddable":true,"href":"https:\/\/blogdofarnesio.com.br\/index.php?rest_route=\/wp\/v2\/media\/181804"}],"wp:attachment":[{"href":"https:\/\/blogdofarnesio.com.br\/index.php?rest_route=%2Fwp%2Fv2%2Fmedia&parent=181803"}],"wp:term":[{"taxonomy":"category","embeddable":true,"href":"https:\/\/blogdofarnesio.com.br\/index.php?rest_route=%2Fwp%2Fv2%2Fcategories&post=181803"},{"taxonomy":"post_tag","embeddable":true,"href":"https:\/\/blogdofarnesio.com.br\/index.php?rest_route=%2Fwp%2Fv2%2Ftags&post=181803"}],"curies":[{"name":"wp","href":"https:\/\/api.w.org\/{rel}","templated":true}]}}