{"id":18180,"date":"2012-10-16T18:00:12","date_gmt":"2012-10-16T18:00:12","guid":{"rendered":"http:\/\/www.quersaberpolitica.com.br?p=18180"},"modified":"-0001-11-30T00:00:00","modified_gmt":"-0001-11-30T03:00:00","slug":"mais-um-incendio-destroi-parte-da-ilha-do-country-clube","status":"publish","type":"post","link":"https:\/\/blogdofarnesio.com.br\/?p=18180","title":{"rendered":"Mais um inc\u00eandio destr\u00f3i parte da ilha do Country Clube"},"content":{"rendered":"<p><p style=\"text-align: justify;\"><span style=\"font-family: arial, helvetica, sans-serif; font-size: medium;\"><a rel=\"lightbox\" href=\"http:\/\/www.quersaberpolitica.com.br\/2016\/wp-content\/uploads\/2012\/12\/incendio.jpg\"><img loading=\"lazy\" decoding=\"async\" style=\"float: left; margin: 5px 10px;\" src=\"http:\/\/www.quersaberpolitica.com.br\/2016\/wp-content\/uploads\/2012\/12\/incendio.jpg\" alt=\"\" width=\"200\" height=\"150\" \/><\/a>&#8220;Onde crian&ccedil;as brincavam, pessoas se divertiam jogando futebol, amigos se reencontravam e entidades se confraternizavam hoje &eacute; o retrato do abandono e da destrui&ccedil;&atilde;o, servindo de abrigo para usu&aacute;rios de drogas e v&acirc;ndalos, depois que o Ibama embargou o local&#8221;. O desabafo &eacute; do m&uacute;sico e publicit&aacute;rio Mauricio Dias, que impotente assistia a mais um inc&ecirc;ndio criminoso na Ilha do Country Clube.<\/span><\/p>\n<p style=\"text-align: justify;\"><span style=\"font-size: medium;\"><span style=\"font-family: arial, helvetica, sans-serif;\">O fogo come&ccedil;ou por volta das 15 horas do &uacute;ltimo domingo (14) e por conta da vegeta&ccedil;&atilde;o seca se alastrou rapidamente tomando propor&ccedil;&otilde;es alarmantes. Todo o gramado do campo de futebol juntamente com o sistema de irriga&ccedil;&atilde;o, desativado por falta de energia, foi destru&iacute;do em quest&atilde;o de minutos. O fogo chegou &agrave;s extremidades da ilha e at&eacute; mesmo a mata ciliar foi atingida. Os bombeiros do 9&ordm; GBM tiveram dificuldade para controlar o inc&ecirc;ndio devido a impossibilidade de acesso do caminh&atilde;o &agrave; ilha. Todo o trabalho foi feito com abafadores, fac&otilde;es e enxadas.&nbsp;<br \/>Segundo o presidente do clube, Carlos Mauricio (Mauri&ccedil;ola), a ilha foi embargada desde o ano passado pelo Ibama, atendendo a uma solicita&ccedil;&atilde;o do Minist&eacute;rio P&uacute;blico Federal em Petrolina e, de l&aacute; para c&aacute;, os s&oacute;cios se afastaram, por falta de op&ccedil;&atilde;o, os v&acirc;ndalos tomaram conta da ilha e este j&aacute; &eacute; o terceiro inc&ecirc;ndio criminoso no lugar que se encontra completamente abandonado.&nbsp;<br \/>Fundado em 1965, o Country foi o primeiro clube de campo da regi&atilde;o e por anos serviu a sociedade juazeirense. Hoje, com d&iacute;vidas que ultrapassam os tr&ecirc;s milh&otilde;es de reais, com a Justi&ccedil;a Trabalhista e Federal, o clube vive momentos de sufoco, com mais de 50 a&ccedil;&otilde;es judiciais e toda &aacute;rea penhorada. &#8220;S&atilde;o d&eacute;bitos que foram se acumulando ao longo dos anos e hoje &eacute; uma d&iacute;vida praticamente impag&aacute;vel diante da situa&ccedil;&atilde;o que o clube se encontra. Quando assumi a dire&ccedil;&atilde;o do Country tinha plena consci&ecirc;ncia do problema, e a minha inten&ccedil;&atilde;o era a de revitalizar todo este patrim&ocirc;nio, mas infelizmente, diante do embargo da ilha os s&oacute;cios se afastaram, hoje a inadimpl&ecirc;ncia &eacute; de 100%, todos os funcion&aacute;rios pediram demiss&atilde;o e colocaram o clube na Justi&ccedil;a e estamos sobrevivendo do aluguel do sal&atilde;o para alguns eventos, pelo menos para manter a energia em dia. Espero que as autoridades e a sociedade se sensibilizem com essa situa&ccedil;&atilde;o e n&atilde;o deixem morrer este tradicional clube, palco de eventos importantes e espa&ccedil;o de lazer da maioria das fam&iacute;lias juazeirenses&#8221;, apela Mauricio.<\/span><\/span><\/p>\n<p style=\"text-align: justify;\"><span style=\"font-family: arial, helvetica, sans-serif; font-size: small;\">Di&aacute;rio da Regi&atilde;o<\/span><\/p>\n<p style=\"text-align: justify;\"><span style=\"font-size: medium;\"><span style=\"font-family: arial, helvetica, sans-serif;\"><br \/><\/span><\/span><\/p><\/p>\n","protected":false},"excerpt":{"rendered":"<p>&#8220;Onde crian&ccedil;as brincavam, pessoas se divertiam jogando futebol, amigos se reencontravam e entidades se confraternizavam hoje &eacute; o retrato do abandono e da destrui&ccedil;&atilde;o, servindo de abrigo para usu&aacute;rios de drogas e v&acirc;ndalos, depois que o Ibama embargou o local&#8221;. O desabafo &eacute; do m&uacute;sico e publicit&aacute;rio Mauricio Dias, que impotente assistia a mais um inc&ecirc;ndio criminoso na Ilha do Country Clube. O fogo come&ccedil;ou por volta das 15 horas do &uacute;ltimo domingo (14) e por conta da vegeta&ccedil;&atilde;o seca se alastrou rapidamente tomando propor&ccedil;&otilde;es alarmantes. Todo o gramado do campo de futebol juntamente com o sistema de irriga&ccedil;&atilde;o, desativado por falta de energia, foi destru&iacute;do em quest&atilde;o de minutos. O fogo chegou &agrave;s extremidades da ilha e at&eacute; mesmo&hellip; <\/p>\n","protected":false},"author":0,"featured_media":0,"comment_status":"open","ping_status":"open","sticky":false,"template":"","format":"standard","meta":{"_acf_changed":false,"footnotes":""},"categories":[43],"tags":[],"class_list":["post-18180","post","type-post","status-publish","format-standard","hentry","category-sem-categoria"],"acf":[],"yoast_head":"<!-- This site is optimized with the Yoast SEO plugin v27.4 - https:\/\/yoast.com\/product\/yoast-seo-wordpress\/ -->\n<title>Mais um inc\u00eandio destr\u00f3i parte da ilha do Country Clube  - Blog do Farn\u00e9sio<\/title>\n<meta name=\"robots\" content=\"index, follow, max-snippet:-1, max-image-preview:large, max-video-preview:-1\" \/>\n<link rel=\"canonical\" href=\"https:\/\/blogdofarnesio.com.br\/?p=18180\" \/>\n<meta property=\"og:locale\" content=\"pt_BR\" \/>\n<meta property=\"og:type\" content=\"article\" \/>\n<meta property=\"og:title\" content=\"Mais um inc\u00eandio destr\u00f3i parte da ilha do Country Clube  - Blog do Farn\u00e9sio\" \/>\n<meta property=\"og:description\" content=\"&#8220;Onde crian&ccedil;as brincavam, pessoas se divertiam jogando futebol, amigos se reencontravam e entidades se confraternizavam hoje &eacute; o retrato do abandono e da destrui&ccedil;&atilde;o, servindo de abrigo para usu&aacute;rios de drogas e v&acirc;ndalos, depois que o Ibama embargou o local&#8221;. O desabafo &eacute; do m&uacute;sico e publicit&aacute;rio Mauricio Dias, que impotente assistia a mais um inc&ecirc;ndio criminoso na Ilha do Country Clube. O fogo come&ccedil;ou por volta das 15 horas do &uacute;ltimo domingo (14) e por conta da vegeta&ccedil;&atilde;o seca se alastrou rapidamente tomando propor&ccedil;&otilde;es alarmantes. Todo o gramado do campo de futebol juntamente com o sistema de irriga&ccedil;&atilde;o, desativado por falta de energia, foi destru&iacute;do em quest&atilde;o de minutos. O fogo chegou &agrave;s extremidades da ilha e at&eacute; mesmo&hellip;\" \/>\n<meta property=\"og:url\" content=\"https:\/\/blogdofarnesio.com.br\/?p=18180\" \/>\n<meta property=\"og:site_name\" content=\"Blog do Farn\u00e9sio\" \/>\n<meta property=\"article:publisher\" content=\"https:\/\/www.facebook.com\/BlogQuerSaberPolitica\/\" \/>\n<meta property=\"article:published_time\" content=\"2012-10-16T18:00:12+00:00\" \/>\n<meta property=\"og:image\" content=\"http:\/\/www.quersaberpolitica.com.br\/2016\/wp-content\/uploads\/2012\/12\/incendio.jpg\" \/>\n<meta name=\"twitter:card\" content=\"summary_large_image\" \/>\n<meta name=\"twitter:label1\" content=\"Est. tempo de leitura\" \/>\n\t<meta name=\"twitter:data1\" content=\"3 minutos\" \/>\n<script type=\"application\/ld+json\" class=\"yoast-schema-graph\">{\"@context\":\"https:\\\/\\\/schema.org\",\"@graph\":[{\"@type\":\"Article\",\"@id\":\"https:\\\/\\\/blogdofarnesio.com.br\\\/?p=18180#article\",\"isPartOf\":{\"@id\":\"https:\\\/\\\/blogdofarnesio.com.br\\\/?p=18180\"},\"author\":{\"name\":\"\",\"@id\":\"\"},\"headline\":\"Mais um inc\u00eandio destr\u00f3i parte da ilha do Country Clube\",\"datePublished\":\"2012-10-16T18:00:12+00:00\",\"mainEntityOfPage\":{\"@id\":\"https:\\\/\\\/blogdofarnesio.com.br\\\/?p=18180\"},\"wordCount\":528,\"commentCount\":0,\"publisher\":{\"@id\":\"https:\\\/\\\/blogdofarnesio.com.br\\\/#organization\"},\"image\":{\"@id\":\"https:\\\/\\\/blogdofarnesio.com.br\\\/?p=18180#primaryimage\"},\"thumbnailUrl\":\"http:\\\/\\\/www.quersaberpolitica.com.br\\\/2016\\\/wp-content\\\/uploads\\\/2012\\\/12\\\/incendio.jpg\",\"inLanguage\":\"pt-BR\",\"potentialAction\":[{\"@type\":\"CommentAction\",\"name\":\"Comment\",\"target\":[\"https:\\\/\\\/blogdofarnesio.com.br\\\/?p=18180#respond\"]}]},{\"@type\":\"WebPage\",\"@id\":\"https:\\\/\\\/blogdofarnesio.com.br\\\/?p=18180\",\"url\":\"https:\\\/\\\/blogdofarnesio.com.br\\\/?p=18180\",\"name\":\"Mais um inc\u00eandio destr\u00f3i parte da ilha do Country Clube - Blog do Farn\u00e9sio\",\"isPartOf\":{\"@id\":\"https:\\\/\\\/blogdofarnesio.com.br\\\/#website\"},\"primaryImageOfPage\":{\"@id\":\"https:\\\/\\\/blogdofarnesio.com.br\\\/?p=18180#primaryimage\"},\"image\":{\"@id\":\"https:\\\/\\\/blogdofarnesio.com.br\\\/?p=18180#primaryimage\"},\"thumbnailUrl\":\"http:\\\/\\\/www.quersaberpolitica.com.br\\\/2016\\\/wp-content\\\/uploads\\\/2012\\\/12\\\/incendio.jpg\",\"datePublished\":\"2012-10-16T18:00:12+00:00\",\"breadcrumb\":{\"@id\":\"https:\\\/\\\/blogdofarnesio.com.br\\\/?p=18180#breadcrumb\"},\"inLanguage\":\"pt-BR\",\"potentialAction\":[{\"@type\":\"ReadAction\",\"target\":[\"https:\\\/\\\/blogdofarnesio.com.br\\\/?p=18180\"]}]},{\"@type\":\"ImageObject\",\"inLanguage\":\"pt-BR\",\"@id\":\"https:\\\/\\\/blogdofarnesio.com.br\\\/?p=18180#primaryimage\",\"url\":\"http:\\\/\\\/www.quersaberpolitica.com.br\\\/2016\\\/wp-content\\\/uploads\\\/2012\\\/12\\\/incendio.jpg\",\"contentUrl\":\"http:\\\/\\\/www.quersaberpolitica.com.br\\\/2016\\\/wp-content\\\/uploads\\\/2012\\\/12\\\/incendio.jpg\"},{\"@type\":\"BreadcrumbList\",\"@id\":\"https:\\\/\\\/blogdofarnesio.com.br\\\/?p=18180#breadcrumb\",\"itemListElement\":[{\"@type\":\"ListItem\",\"position\":1,\"name\":\"In\u00edcio\",\"item\":\"https:\\\/\\\/blogdofarnesio.com.br\\\/\"},{\"@type\":\"ListItem\",\"position\":2,\"name\":\"Mais um inc\u00eandio destr\u00f3i parte da ilha do Country Clube\"}]},{\"@type\":\"WebSite\",\"@id\":\"https:\\\/\\\/blogdofarnesio.com.br\\\/#website\",\"url\":\"https:\\\/\\\/blogdofarnesio.com.br\\\/\",\"name\":\"Blog do Farn\u00e9sio\",\"description\":\"Quer Saber Pol\u00edtica?\",\"publisher\":{\"@id\":\"https:\\\/\\\/blogdofarnesio.com.br\\\/#organization\"},\"potentialAction\":[{\"@type\":\"SearchAction\",\"target\":{\"@type\":\"EntryPoint\",\"urlTemplate\":\"https:\\\/\\\/blogdofarnesio.com.br\\\/?s={search_term_string}\"},\"query-input\":{\"@type\":\"PropertyValueSpecification\",\"valueRequired\":true,\"valueName\":\"search_term_string\"}}],\"inLanguage\":\"pt-BR\"},{\"@type\":\"Organization\",\"@id\":\"https:\\\/\\\/blogdofarnesio.com.br\\\/#organization\",\"name\":\"Blog do Farn\u00e9sio\",\"url\":\"https:\\\/\\\/blogdofarnesio.com.br\\\/\",\"logo\":{\"@type\":\"ImageObject\",\"inLanguage\":\"pt-BR\",\"@id\":\"https:\\\/\\\/blogdofarnesio.com.br\\\/#\\\/schema\\\/logo\\\/image\\\/\",\"url\":\"https:\\\/\\\/blogdofarnesio.com.br\\\/wp-content\\\/uploads\\\/2026\\\/03\\\/cropped-logo_new-1.png\",\"contentUrl\":\"https:\\\/\\\/blogdofarnesio.com.br\\\/wp-content\\\/uploads\\\/2026\\\/03\\\/cropped-logo_new-1.png\",\"width\":881,\"height\":685,\"caption\":\"Blog do Farn\u00e9sio\"},\"image\":{\"@id\":\"https:\\\/\\\/blogdofarnesio.com.br\\\/#\\\/schema\\\/logo\\\/image\\\/\"},\"sameAs\":[\"https:\\\/\\\/www.facebook.com\\\/BlogQuerSaberPolitica\\\/\"]}]}<\/script>\n<!-- \/ Yoast SEO plugin. -->","yoast_head_json":{"title":"Mais um inc\u00eandio destr\u00f3i parte da ilha do Country Clube  - Blog do Farn\u00e9sio","robots":{"index":"index","follow":"follow","max-snippet":"max-snippet:-1","max-image-preview":"max-image-preview:large","max-video-preview":"max-video-preview:-1"},"canonical":"https:\/\/blogdofarnesio.com.br\/?p=18180","og_locale":"pt_BR","og_type":"article","og_title":"Mais um inc\u00eandio destr\u00f3i parte da ilha do Country Clube  - Blog do Farn\u00e9sio","og_description":"&#8220;Onde crian&ccedil;as brincavam, pessoas se divertiam jogando futebol, amigos se reencontravam e entidades se confraternizavam hoje &eacute; o retrato do abandono e da destrui&ccedil;&atilde;o, servindo de abrigo para usu&aacute;rios de drogas e v&acirc;ndalos, depois que o Ibama embargou o local&#8221;. O desabafo &eacute; do m&uacute;sico e publicit&aacute;rio Mauricio Dias, que impotente assistia a mais um inc&ecirc;ndio criminoso na Ilha do Country Clube. O fogo come&ccedil;ou por volta das 15 horas do &uacute;ltimo domingo (14) e por conta da vegeta&ccedil;&atilde;o seca se alastrou rapidamente tomando propor&ccedil;&otilde;es alarmantes. Todo o gramado do campo de futebol juntamente com o sistema de irriga&ccedil;&atilde;o, desativado por falta de energia, foi destru&iacute;do em quest&atilde;o de minutos. O fogo chegou &agrave;s extremidades da ilha e at&eacute; mesmo&hellip;","og_url":"https:\/\/blogdofarnesio.com.br\/?p=18180","og_site_name":"Blog do Farn\u00e9sio","article_publisher":"https:\/\/www.facebook.com\/BlogQuerSaberPolitica\/","article_published_time":"2012-10-16T18:00:12+00:00","og_image":[{"url":"http:\/\/www.quersaberpolitica.com.br\/2016\/wp-content\/uploads\/2012\/12\/incendio.jpg","type":"","width":"","height":""}],"twitter_card":"summary_large_image","twitter_misc":{"Est. tempo de leitura":"3 minutos"},"schema":{"@context":"https:\/\/schema.org","@graph":[{"@type":"Article","@id":"https:\/\/blogdofarnesio.com.br\/?p=18180#article","isPartOf":{"@id":"https:\/\/blogdofarnesio.com.br\/?p=18180"},"author":{"name":"","@id":""},"headline":"Mais um inc\u00eandio destr\u00f3i parte da ilha do Country Clube","datePublished":"2012-10-16T18:00:12+00:00","mainEntityOfPage":{"@id":"https:\/\/blogdofarnesio.com.br\/?p=18180"},"wordCount":528,"commentCount":0,"publisher":{"@id":"https:\/\/blogdofarnesio.com.br\/#organization"},"image":{"@id":"https:\/\/blogdofarnesio.com.br\/?p=18180#primaryimage"},"thumbnailUrl":"http:\/\/www.quersaberpolitica.com.br\/2016\/wp-content\/uploads\/2012\/12\/incendio.jpg","inLanguage":"pt-BR","potentialAction":[{"@type":"CommentAction","name":"Comment","target":["https:\/\/blogdofarnesio.com.br\/?p=18180#respond"]}]},{"@type":"WebPage","@id":"https:\/\/blogdofarnesio.com.br\/?p=18180","url":"https:\/\/blogdofarnesio.com.br\/?p=18180","name":"Mais um inc\u00eandio destr\u00f3i parte da ilha do Country Clube - Blog do Farn\u00e9sio","isPartOf":{"@id":"https:\/\/blogdofarnesio.com.br\/#website"},"primaryImageOfPage":{"@id":"https:\/\/blogdofarnesio.com.br\/?p=18180#primaryimage"},"image":{"@id":"https:\/\/blogdofarnesio.com.br\/?p=18180#primaryimage"},"thumbnailUrl":"http:\/\/www.quersaberpolitica.com.br\/2016\/wp-content\/uploads\/2012\/12\/incendio.jpg","datePublished":"2012-10-16T18:00:12+00:00","breadcrumb":{"@id":"https:\/\/blogdofarnesio.com.br\/?p=18180#breadcrumb"},"inLanguage":"pt-BR","potentialAction":[{"@type":"ReadAction","target":["https:\/\/blogdofarnesio.com.br\/?p=18180"]}]},{"@type":"ImageObject","inLanguage":"pt-BR","@id":"https:\/\/blogdofarnesio.com.br\/?p=18180#primaryimage","url":"http:\/\/www.quersaberpolitica.com.br\/2016\/wp-content\/uploads\/2012\/12\/incendio.jpg","contentUrl":"http:\/\/www.quersaberpolitica.com.br\/2016\/wp-content\/uploads\/2012\/12\/incendio.jpg"},{"@type":"BreadcrumbList","@id":"https:\/\/blogdofarnesio.com.br\/?p=18180#breadcrumb","itemListElement":[{"@type":"ListItem","position":1,"name":"In\u00edcio","item":"https:\/\/blogdofarnesio.com.br\/"},{"@type":"ListItem","position":2,"name":"Mais um inc\u00eandio destr\u00f3i parte da ilha do Country Clube"}]},{"@type":"WebSite","@id":"https:\/\/blogdofarnesio.com.br\/#website","url":"https:\/\/blogdofarnesio.com.br\/","name":"Blog do Farn\u00e9sio","description":"Quer Saber Pol\u00edtica?","publisher":{"@id":"https:\/\/blogdofarnesio.com.br\/#organization"},"potentialAction":[{"@type":"SearchAction","target":{"@type":"EntryPoint","urlTemplate":"https:\/\/blogdofarnesio.com.br\/?s={search_term_string}"},"query-input":{"@type":"PropertyValueSpecification","valueRequired":true,"valueName":"search_term_string"}}],"inLanguage":"pt-BR"},{"@type":"Organization","@id":"https:\/\/blogdofarnesio.com.br\/#organization","name":"Blog do Farn\u00e9sio","url":"https:\/\/blogdofarnesio.com.br\/","logo":{"@type":"ImageObject","inLanguage":"pt-BR","@id":"https:\/\/blogdofarnesio.com.br\/#\/schema\/logo\/image\/","url":"https:\/\/blogdofarnesio.com.br\/wp-content\/uploads\/2026\/03\/cropped-logo_new-1.png","contentUrl":"https:\/\/blogdofarnesio.com.br\/wp-content\/uploads\/2026\/03\/cropped-logo_new-1.png","width":881,"height":685,"caption":"Blog do Farn\u00e9sio"},"image":{"@id":"https:\/\/blogdofarnesio.com.br\/#\/schema\/logo\/image\/"},"sameAs":["https:\/\/www.facebook.com\/BlogQuerSaberPolitica\/"]}]}},"_links":{"self":[{"href":"https:\/\/blogdofarnesio.com.br\/index.php?rest_route=\/wp\/v2\/posts\/18180","targetHints":{"allow":["GET"]}}],"collection":[{"href":"https:\/\/blogdofarnesio.com.br\/index.php?rest_route=\/wp\/v2\/posts"}],"about":[{"href":"https:\/\/blogdofarnesio.com.br\/index.php?rest_route=\/wp\/v2\/types\/post"}],"replies":[{"embeddable":true,"href":"https:\/\/blogdofarnesio.com.br\/index.php?rest_route=%2Fwp%2Fv2%2Fcomments&post=18180"}],"version-history":[{"count":0,"href":"https:\/\/blogdofarnesio.com.br\/index.php?rest_route=\/wp\/v2\/posts\/18180\/revisions"}],"wp:attachment":[{"href":"https:\/\/blogdofarnesio.com.br\/index.php?rest_route=%2Fwp%2Fv2%2Fmedia&parent=18180"}],"wp:term":[{"taxonomy":"category","embeddable":true,"href":"https:\/\/blogdofarnesio.com.br\/index.php?rest_route=%2Fwp%2Fv2%2Fcategories&post=18180"},{"taxonomy":"post_tag","embeddable":true,"href":"https:\/\/blogdofarnesio.com.br\/index.php?rest_route=%2Fwp%2Fv2%2Ftags&post=18180"}],"curies":[{"name":"wp","href":"https:\/\/api.w.org\/{rel}","templated":true}]}}