{"id":181732,"date":"2017-11-17T08:04:03","date_gmt":"2017-11-17T11:04:03","guid":{"rendered":"http:\/\/quersaberpolitica.com.br\/2016\/?p=181732"},"modified":"2017-11-16T18:59:24","modified_gmt":"2017-11-16T21:59:24","slug":"deputado-diz-que-pernambuco-vive-o-ano-mais-violento-da-sua-historia","status":"publish","type":"post","link":"https:\/\/blogdofarnesio.com.br\/?p=181732","title":{"rendered":"DEPUTADO DIZ QUE PERNAMBUCO VIVE O ANO MAIS VIOLENTO DA SUA HIST\u00d3RIA"},"content":{"rendered":"<div id=\"container_clear\"><\/div>\n<p>O estado de Pernambuco vive, sob a gest\u00e3o do governador Paulo C\u00e2mara, o ano mais violento de toda hist\u00f3ria. Infelizmente, em dez meses de 2017 j\u00e1 foram cometidos 4.576 assassinatos, superando os 4.479 registrados no ano. Considerando a m\u00e9dia de 450 homic\u00eddios cometidos por m\u00eas em 2017, o ano deve encerrar com um total pr\u00f3ximo a 5.500 crimes letais intencionais, a pior marca desde 2004, primeiro ano com dados dispon\u00edveis na base p\u00fablica de dados da Secretaria de Defesa Social.<\/p>\n<p>De acordo com o deputado Silvio Costa Filho (PRB), l\u00edder da Bancada de Oposi\u00e7\u00e3o na Assembleia Legislativa de Pernambuco (Alepe), os n\u00fameros refletem a falta de uma pol\u00edtica p\u00fablica de seguran\u00e7a e o fracasso das a\u00e7\u00f5es pontuais adotadas pelo governo do Estado. \u201cOs dados da pr\u00f3pria SDS mostram a incapacidade do governo Paulo C\u00e2mara de combater a criminalidade. J\u00e1 estamos no terceiro secret\u00e1rio de Defesa Social sem que nenhuma pol\u00edtica de seguran\u00e7a tenha sido apresentada \u00e0 sociedade. Nos \u00faltimos 12 meses foi registrada uma m\u00e9dia de 57,6 mortes a cada grupo de 100 mil habitantes, quase seis vezes o m\u00e1ximo tolerado pela ONU (10\/100 mil). A situa\u00e7\u00e3o fica mais cr\u00edtica a cada dia por causa da resist\u00eancia do governo em aceitar sugest\u00f5es\u201d, criticou o parlamentar.<\/p>\n<p>Silvio destaca ainda que, al\u00e9m dos homic\u00eddios, outros indicadores de criminalidade mostram a situa\u00e7\u00e3o de abandono que o povo pernambucano enfrenta. Entre janeiro e outubro foram registrados 102,9 crimes violentos contra o patrim\u00f4nio, 27 mil casos de viol\u00eancia dom\u00e9stica contra a mulher e 1.700 casos de estupro. \u201cN\u00e3o adianta mudar a metodologia na divulga\u00e7\u00e3o dos \u00edndices de viol\u00eancia, diminuir a transpar\u00eancia e camuflar o debate, os n\u00fameros apenas confirmam o que a popula\u00e7\u00e3o sente nas ruas, que \u00e9 o crescimento dos assassinatos, dos assaltos a \u00f4nibus, dos casos de roubos e furtos e da viol\u00eancia contra a mulher\u201d, disse.<\/p>\n<p>Para o l\u00edder da Oposi\u00e7\u00e3o, \u00e9 importante que o governo reconhe\u00e7a a gravidade da situa\u00e7\u00e3o e retome o di\u00e1logo com a sociedade. \u201cEsperamos que o governador Paulo C\u00e2mara reconhe\u00e7a que as a\u00e7\u00f5es de seu governo n\u00e3o est\u00e3o dando resultados e que ele tenha a humildade de ouvir quem est\u00e1 disposto a contribuir para mudar esse quadro, como os deputados da oposi\u00e7\u00e3o, a OAB, Minist\u00e9rio P\u00fablico, movimentos sociais, religiosos e o mundo acad\u00eamico. O momento \u00e9 de uni\u00e3o de toda a sociedade na constru\u00e7\u00e3o de um plano eficaz de redu\u00e7\u00e3o da viol\u00eancia\u201d, defendeu.<\/p>\n","protected":false},"excerpt":{"rendered":"<p>O estado de Pernambuco vive, sob a gest\u00e3o do governador Paulo C\u00e2mara, o ano mais violento de toda hist\u00f3ria. Infelizmente, em dez meses de 2017 j\u00e1 foram cometidos 4.576 assassinatos, superando os 4.479 registrados no ano. Considerando a m\u00e9dia de 450 homic\u00eddios cometidos por m\u00eas em 2017, o ano deve encerrar com um total pr\u00f3ximo a 5.500 crimes letais intencionais, a pior marca desde 2004, primeiro ano com dados dispon\u00edveis na base p\u00fablica de dados da Secretaria de Defesa Social. De acordo com o deputado Silvio Costa Filho (PRB), l\u00edder da Bancada de Oposi\u00e7\u00e3o na Assembleia Legislativa de Pernambuco (Alepe), os n\u00fameros refletem a falta de uma pol\u00edtica p\u00fablica de seguran\u00e7a e o fracasso das a\u00e7\u00f5es pontuais adotadas pelo governo&hellip; <\/p>\n","protected":false},"author":1,"featured_media":181733,"comment_status":"open","ping_status":"closed","sticky":false,"template":"","format":"standard","meta":{"_acf_changed":false,"footnotes":""},"categories":[1],"tags":[],"class_list":["post-181732","post","type-post","status-publish","format-standard","has-post-thumbnail","hentry","category-politica"],"acf":[],"yoast_head":"<!-- This site is optimized with the Yoast SEO plugin v27.4 - https:\/\/yoast.com\/product\/yoast-seo-wordpress\/ -->\n<title>DEPUTADO DIZ QUE PERNAMBUCO VIVE O ANO MAIS VIOLENTO DA SUA HIST\u00d3RIA - Blog do Farn\u00e9sio<\/title>\n<meta name=\"robots\" content=\"index, follow, max-snippet:-1, max-image-preview:large, max-video-preview:-1\" \/>\n<link rel=\"canonical\" href=\"https:\/\/blogdofarnesio.com.br\/?p=181732\" \/>\n<meta property=\"og:locale\" content=\"pt_BR\" \/>\n<meta property=\"og:type\" content=\"article\" \/>\n<meta property=\"og:title\" content=\"DEPUTADO DIZ QUE PERNAMBUCO VIVE O ANO MAIS VIOLENTO DA SUA HIST\u00d3RIA - Blog do Farn\u00e9sio\" \/>\n<meta property=\"og:description\" content=\"O estado de Pernambuco vive, sob a gest\u00e3o do governador Paulo C\u00e2mara, o ano mais violento de toda hist\u00f3ria. Infelizmente, em dez meses de 2017 j\u00e1 foram cometidos 4.576 assassinatos, superando os 4.479 registrados no ano. Considerando a m\u00e9dia de 450 homic\u00eddios cometidos por m\u00eas em 2017, o ano deve encerrar com um total pr\u00f3ximo a 5.500 crimes letais intencionais, a pior marca desde 2004, primeiro ano com dados dispon\u00edveis na base p\u00fablica de dados da Secretaria de Defesa Social. De acordo com o deputado Silvio Costa Filho (PRB), l\u00edder da Bancada de Oposi\u00e7\u00e3o na Assembleia Legislativa de Pernambuco (Alepe), os n\u00fameros refletem a falta de uma pol\u00edtica p\u00fablica de seguran\u00e7a e o fracasso das a\u00e7\u00f5es pontuais adotadas pelo governo&hellip;\" \/>\n<meta property=\"og:url\" content=\"https:\/\/blogdofarnesio.com.br\/?p=181732\" \/>\n<meta property=\"og:site_name\" content=\"Blog do Farn\u00e9sio\" \/>\n<meta property=\"article:publisher\" content=\"https:\/\/www.facebook.com\/BlogQuerSaberPolitica\/\" \/>\n<meta property=\"article:published_time\" content=\"2017-11-17T11:04:03+00:00\" \/>\n<meta property=\"og:image\" content=\"https:\/\/blogdofarnesio.com.br\/wp-content\/uploads\/2017\/11\/BblogqspdepsilviocostafilhoREUNIAO-PLENARIA-RS-11-e1510869521647.jpg\" \/>\n\t<meta property=\"og:image:width\" content=\"605\" \/>\n\t<meta property=\"og:image:height\" content=\"403\" \/>\n\t<meta property=\"og:image:type\" content=\"image\/jpeg\" \/>\n<meta name=\"author\" content=\"Farn\u00e9sio\" \/>\n<meta name=\"twitter:card\" content=\"summary_large_image\" \/>\n<meta name=\"twitter:label1\" content=\"Escrito por\" \/>\n\t<meta name=\"twitter:data1\" content=\"Farn\u00e9sio\" \/>\n\t<meta name=\"twitter:label2\" content=\"Est. tempo de leitura\" \/>\n\t<meta name=\"twitter:data2\" content=\"2 minutos\" \/>\n<script type=\"application\/ld+json\" class=\"yoast-schema-graph\">{\"@context\":\"https:\\\/\\\/schema.org\",\"@graph\":[{\"@type\":\"Article\",\"@id\":\"https:\\\/\\\/blogdofarnesio.com.br\\\/?p=181732#article\",\"isPartOf\":{\"@id\":\"https:\\\/\\\/blogdofarnesio.com.br\\\/?p=181732\"},\"author\":{\"name\":\"Farn\u00e9sio\",\"@id\":\"https:\\\/\\\/blogdofarnesio.com.br\\\/#\\\/schema\\\/person\\\/301c4acf522bccbfdb45af95b5b906a1\"},\"headline\":\"DEPUTADO DIZ QUE PERNAMBUCO VIVE O ANO MAIS VIOLENTO DA SUA HIST\u00d3RIA\",\"datePublished\":\"2017-11-17T11:04:03+00:00\",\"mainEntityOfPage\":{\"@id\":\"https:\\\/\\\/blogdofarnesio.com.br\\\/?p=181732\"},\"wordCount\":449,\"commentCount\":0,\"publisher\":{\"@id\":\"https:\\\/\\\/blogdofarnesio.com.br\\\/#organization\"},\"image\":{\"@id\":\"https:\\\/\\\/blogdofarnesio.com.br\\\/?p=181732#primaryimage\"},\"thumbnailUrl\":\"https:\\\/\\\/blogdofarnesio.com.br\\\/wp-content\\\/uploads\\\/2017\\\/11\\\/BblogqspdepsilviocostafilhoREUNIAO-PLENARIA-RS-11-e1510869521647.jpg\",\"articleSection\":[\"Pol\u00edtica\"],\"inLanguage\":\"pt-BR\",\"potentialAction\":[{\"@type\":\"CommentAction\",\"name\":\"Comment\",\"target\":[\"https:\\\/\\\/blogdofarnesio.com.br\\\/?p=181732#respond\"]}]},{\"@type\":\"WebPage\",\"@id\":\"https:\\\/\\\/blogdofarnesio.com.br\\\/?p=181732\",\"url\":\"https:\\\/\\\/blogdofarnesio.com.br\\\/?p=181732\",\"name\":\"DEPUTADO DIZ QUE PERNAMBUCO VIVE O ANO MAIS VIOLENTO DA SUA HIST\u00d3RIA - Blog do Farn\u00e9sio\",\"isPartOf\":{\"@id\":\"https:\\\/\\\/blogdofarnesio.com.br\\\/#website\"},\"primaryImageOfPage\":{\"@id\":\"https:\\\/\\\/blogdofarnesio.com.br\\\/?p=181732#primaryimage\"},\"image\":{\"@id\":\"https:\\\/\\\/blogdofarnesio.com.br\\\/?p=181732#primaryimage\"},\"thumbnailUrl\":\"https:\\\/\\\/blogdofarnesio.com.br\\\/wp-content\\\/uploads\\\/2017\\\/11\\\/BblogqspdepsilviocostafilhoREUNIAO-PLENARIA-RS-11-e1510869521647.jpg\",\"datePublished\":\"2017-11-17T11:04:03+00:00\",\"breadcrumb\":{\"@id\":\"https:\\\/\\\/blogdofarnesio.com.br\\\/?p=181732#breadcrumb\"},\"inLanguage\":\"pt-BR\",\"potentialAction\":[{\"@type\":\"ReadAction\",\"target\":[\"https:\\\/\\\/blogdofarnesio.com.br\\\/?p=181732\"]}]},{\"@type\":\"ImageObject\",\"inLanguage\":\"pt-BR\",\"@id\":\"https:\\\/\\\/blogdofarnesio.com.br\\\/?p=181732#primaryimage\",\"url\":\"https:\\\/\\\/blogdofarnesio.com.br\\\/wp-content\\\/uploads\\\/2017\\\/11\\\/BblogqspdepsilviocostafilhoREUNIAO-PLENARIA-RS-11-e1510869521647.jpg\",\"contentUrl\":\"https:\\\/\\\/blogdofarnesio.com.br\\\/wp-content\\\/uploads\\\/2017\\\/11\\\/BblogqspdepsilviocostafilhoREUNIAO-PLENARIA-RS-11-e1510869521647.jpg\",\"width\":605,\"height\":403},{\"@type\":\"BreadcrumbList\",\"@id\":\"https:\\\/\\\/blogdofarnesio.com.br\\\/?p=181732#breadcrumb\",\"itemListElement\":[{\"@type\":\"ListItem\",\"position\":1,\"name\":\"In\u00edcio\",\"item\":\"https:\\\/\\\/blogdofarnesio.com.br\\\/\"},{\"@type\":\"ListItem\",\"position\":2,\"name\":\"DEPUTADO DIZ QUE PERNAMBUCO VIVE O ANO MAIS VIOLENTO DA SUA HIST\u00d3RIA\"}]},{\"@type\":\"WebSite\",\"@id\":\"https:\\\/\\\/blogdofarnesio.com.br\\\/#website\",\"url\":\"https:\\\/\\\/blogdofarnesio.com.br\\\/\",\"name\":\"Blog do Farn\u00e9sio\",\"description\":\"Quer Saber Pol\u00edtica?\",\"publisher\":{\"@id\":\"https:\\\/\\\/blogdofarnesio.com.br\\\/#organization\"},\"potentialAction\":[{\"@type\":\"SearchAction\",\"target\":{\"@type\":\"EntryPoint\",\"urlTemplate\":\"https:\\\/\\\/blogdofarnesio.com.br\\\/?s={search_term_string}\"},\"query-input\":{\"@type\":\"PropertyValueSpecification\",\"valueRequired\":true,\"valueName\":\"search_term_string\"}}],\"inLanguage\":\"pt-BR\"},{\"@type\":\"Organization\",\"@id\":\"https:\\\/\\\/blogdofarnesio.com.br\\\/#organization\",\"name\":\"Blog do Farn\u00e9sio\",\"url\":\"https:\\\/\\\/blogdofarnesio.com.br\\\/\",\"logo\":{\"@type\":\"ImageObject\",\"inLanguage\":\"pt-BR\",\"@id\":\"https:\\\/\\\/blogdofarnesio.com.br\\\/#\\\/schema\\\/logo\\\/image\\\/\",\"url\":\"https:\\\/\\\/blogdofarnesio.com.br\\\/wp-content\\\/uploads\\\/2026\\\/03\\\/cropped-logo_new-1.png\",\"contentUrl\":\"https:\\\/\\\/blogdofarnesio.com.br\\\/wp-content\\\/uploads\\\/2026\\\/03\\\/cropped-logo_new-1.png\",\"width\":881,\"height\":685,\"caption\":\"Blog do Farn\u00e9sio\"},\"image\":{\"@id\":\"https:\\\/\\\/blogdofarnesio.com.br\\\/#\\\/schema\\\/logo\\\/image\\\/\"},\"sameAs\":[\"https:\\\/\\\/www.facebook.com\\\/BlogQuerSaberPolitica\\\/\"]},{\"@type\":\"Person\",\"@id\":\"https:\\\/\\\/blogdofarnesio.com.br\\\/#\\\/schema\\\/person\\\/301c4acf522bccbfdb45af95b5b906a1\",\"name\":\"Farn\u00e9sio\",\"image\":{\"@type\":\"ImageObject\",\"inLanguage\":\"pt-BR\",\"@id\":\"https:\\\/\\\/secure.gravatar.com\\\/avatar\\\/df0c9a14567c056f8ad6876ba5bbd1e3e2c48023eb6807342fc4663adf549f38?s=96&d=mm&r=g\",\"url\":\"https:\\\/\\\/secure.gravatar.com\\\/avatar\\\/df0c9a14567c056f8ad6876ba5bbd1e3e2c48023eb6807342fc4663adf549f38?s=96&d=mm&r=g\",\"contentUrl\":\"https:\\\/\\\/secure.gravatar.com\\\/avatar\\\/df0c9a14567c056f8ad6876ba5bbd1e3e2c48023eb6807342fc4663adf549f38?s=96&d=mm&r=g\",\"caption\":\"Farn\u00e9sio\"},\"sameAs\":[\"https:\\\/\\\/quersaberpolitica.com.br\"],\"url\":\"https:\\\/\\\/blogdofarnesio.com.br\\\/?author=1\"}]}<\/script>\n<!-- \/ Yoast SEO plugin. -->","yoast_head_json":{"title":"DEPUTADO DIZ QUE PERNAMBUCO VIVE O ANO MAIS VIOLENTO DA SUA HIST\u00d3RIA - Blog do Farn\u00e9sio","robots":{"index":"index","follow":"follow","max-snippet":"max-snippet:-1","max-image-preview":"max-image-preview:large","max-video-preview":"max-video-preview:-1"},"canonical":"https:\/\/blogdofarnesio.com.br\/?p=181732","og_locale":"pt_BR","og_type":"article","og_title":"DEPUTADO DIZ QUE PERNAMBUCO VIVE O ANO MAIS VIOLENTO DA SUA HIST\u00d3RIA - Blog do Farn\u00e9sio","og_description":"O estado de Pernambuco vive, sob a gest\u00e3o do governador Paulo C\u00e2mara, o ano mais violento de toda hist\u00f3ria. Infelizmente, em dez meses de 2017 j\u00e1 foram cometidos 4.576 assassinatos, superando os 4.479 registrados no ano. Considerando a m\u00e9dia de 450 homic\u00eddios cometidos por m\u00eas em 2017, o ano deve encerrar com um total pr\u00f3ximo a 5.500 crimes letais intencionais, a pior marca desde 2004, primeiro ano com dados dispon\u00edveis na base p\u00fablica de dados da Secretaria de Defesa Social. De acordo com o deputado Silvio Costa Filho (PRB), l\u00edder da Bancada de Oposi\u00e7\u00e3o na Assembleia Legislativa de Pernambuco (Alepe), os n\u00fameros refletem a falta de uma pol\u00edtica p\u00fablica de seguran\u00e7a e o fracasso das a\u00e7\u00f5es pontuais adotadas pelo governo&hellip;","og_url":"https:\/\/blogdofarnesio.com.br\/?p=181732","og_site_name":"Blog do Farn\u00e9sio","article_publisher":"https:\/\/www.facebook.com\/BlogQuerSaberPolitica\/","article_published_time":"2017-11-17T11:04:03+00:00","og_image":[{"width":605,"height":403,"url":"https:\/\/blogdofarnesio.com.br\/wp-content\/uploads\/2017\/11\/BblogqspdepsilviocostafilhoREUNIAO-PLENARIA-RS-11-e1510869521647.jpg","type":"image\/jpeg"}],"author":"Farn\u00e9sio","twitter_card":"summary_large_image","twitter_misc":{"Escrito por":"Farn\u00e9sio","Est. tempo de leitura":"2 minutos"},"schema":{"@context":"https:\/\/schema.org","@graph":[{"@type":"Article","@id":"https:\/\/blogdofarnesio.com.br\/?p=181732#article","isPartOf":{"@id":"https:\/\/blogdofarnesio.com.br\/?p=181732"},"author":{"name":"Farn\u00e9sio","@id":"https:\/\/blogdofarnesio.com.br\/#\/schema\/person\/301c4acf522bccbfdb45af95b5b906a1"},"headline":"DEPUTADO DIZ QUE PERNAMBUCO VIVE O ANO MAIS VIOLENTO DA SUA HIST\u00d3RIA","datePublished":"2017-11-17T11:04:03+00:00","mainEntityOfPage":{"@id":"https:\/\/blogdofarnesio.com.br\/?p=181732"},"wordCount":449,"commentCount":0,"publisher":{"@id":"https:\/\/blogdofarnesio.com.br\/#organization"},"image":{"@id":"https:\/\/blogdofarnesio.com.br\/?p=181732#primaryimage"},"thumbnailUrl":"https:\/\/blogdofarnesio.com.br\/wp-content\/uploads\/2017\/11\/BblogqspdepsilviocostafilhoREUNIAO-PLENARIA-RS-11-e1510869521647.jpg","articleSection":["Pol\u00edtica"],"inLanguage":"pt-BR","potentialAction":[{"@type":"CommentAction","name":"Comment","target":["https:\/\/blogdofarnesio.com.br\/?p=181732#respond"]}]},{"@type":"WebPage","@id":"https:\/\/blogdofarnesio.com.br\/?p=181732","url":"https:\/\/blogdofarnesio.com.br\/?p=181732","name":"DEPUTADO DIZ QUE PERNAMBUCO VIVE O ANO MAIS VIOLENTO DA SUA HIST\u00d3RIA - Blog do Farn\u00e9sio","isPartOf":{"@id":"https:\/\/blogdofarnesio.com.br\/#website"},"primaryImageOfPage":{"@id":"https:\/\/blogdofarnesio.com.br\/?p=181732#primaryimage"},"image":{"@id":"https:\/\/blogdofarnesio.com.br\/?p=181732#primaryimage"},"thumbnailUrl":"https:\/\/blogdofarnesio.com.br\/wp-content\/uploads\/2017\/11\/BblogqspdepsilviocostafilhoREUNIAO-PLENARIA-RS-11-e1510869521647.jpg","datePublished":"2017-11-17T11:04:03+00:00","breadcrumb":{"@id":"https:\/\/blogdofarnesio.com.br\/?p=181732#breadcrumb"},"inLanguage":"pt-BR","potentialAction":[{"@type":"ReadAction","target":["https:\/\/blogdofarnesio.com.br\/?p=181732"]}]},{"@type":"ImageObject","inLanguage":"pt-BR","@id":"https:\/\/blogdofarnesio.com.br\/?p=181732#primaryimage","url":"https:\/\/blogdofarnesio.com.br\/wp-content\/uploads\/2017\/11\/BblogqspdepsilviocostafilhoREUNIAO-PLENARIA-RS-11-e1510869521647.jpg","contentUrl":"https:\/\/blogdofarnesio.com.br\/wp-content\/uploads\/2017\/11\/BblogqspdepsilviocostafilhoREUNIAO-PLENARIA-RS-11-e1510869521647.jpg","width":605,"height":403},{"@type":"BreadcrumbList","@id":"https:\/\/blogdofarnesio.com.br\/?p=181732#breadcrumb","itemListElement":[{"@type":"ListItem","position":1,"name":"In\u00edcio","item":"https:\/\/blogdofarnesio.com.br\/"},{"@type":"ListItem","position":2,"name":"DEPUTADO DIZ QUE PERNAMBUCO VIVE O ANO MAIS VIOLENTO DA SUA HIST\u00d3RIA"}]},{"@type":"WebSite","@id":"https:\/\/blogdofarnesio.com.br\/#website","url":"https:\/\/blogdofarnesio.com.br\/","name":"Blog do Farn\u00e9sio","description":"Quer Saber Pol\u00edtica?","publisher":{"@id":"https:\/\/blogdofarnesio.com.br\/#organization"},"potentialAction":[{"@type":"SearchAction","target":{"@type":"EntryPoint","urlTemplate":"https:\/\/blogdofarnesio.com.br\/?s={search_term_string}"},"query-input":{"@type":"PropertyValueSpecification","valueRequired":true,"valueName":"search_term_string"}}],"inLanguage":"pt-BR"},{"@type":"Organization","@id":"https:\/\/blogdofarnesio.com.br\/#organization","name":"Blog do Farn\u00e9sio","url":"https:\/\/blogdofarnesio.com.br\/","logo":{"@type":"ImageObject","inLanguage":"pt-BR","@id":"https:\/\/blogdofarnesio.com.br\/#\/schema\/logo\/image\/","url":"https:\/\/blogdofarnesio.com.br\/wp-content\/uploads\/2026\/03\/cropped-logo_new-1.png","contentUrl":"https:\/\/blogdofarnesio.com.br\/wp-content\/uploads\/2026\/03\/cropped-logo_new-1.png","width":881,"height":685,"caption":"Blog do Farn\u00e9sio"},"image":{"@id":"https:\/\/blogdofarnesio.com.br\/#\/schema\/logo\/image\/"},"sameAs":["https:\/\/www.facebook.com\/BlogQuerSaberPolitica\/"]},{"@type":"Person","@id":"https:\/\/blogdofarnesio.com.br\/#\/schema\/person\/301c4acf522bccbfdb45af95b5b906a1","name":"Farn\u00e9sio","image":{"@type":"ImageObject","inLanguage":"pt-BR","@id":"https:\/\/secure.gravatar.com\/avatar\/df0c9a14567c056f8ad6876ba5bbd1e3e2c48023eb6807342fc4663adf549f38?s=96&d=mm&r=g","url":"https:\/\/secure.gravatar.com\/avatar\/df0c9a14567c056f8ad6876ba5bbd1e3e2c48023eb6807342fc4663adf549f38?s=96&d=mm&r=g","contentUrl":"https:\/\/secure.gravatar.com\/avatar\/df0c9a14567c056f8ad6876ba5bbd1e3e2c48023eb6807342fc4663adf549f38?s=96&d=mm&r=g","caption":"Farn\u00e9sio"},"sameAs":["https:\/\/quersaberpolitica.com.br"],"url":"https:\/\/blogdofarnesio.com.br\/?author=1"}]}},"_links":{"self":[{"href":"https:\/\/blogdofarnesio.com.br\/index.php?rest_route=\/wp\/v2\/posts\/181732","targetHints":{"allow":["GET"]}}],"collection":[{"href":"https:\/\/blogdofarnesio.com.br\/index.php?rest_route=\/wp\/v2\/posts"}],"about":[{"href":"https:\/\/blogdofarnesio.com.br\/index.php?rest_route=\/wp\/v2\/types\/post"}],"author":[{"embeddable":true,"href":"https:\/\/blogdofarnesio.com.br\/index.php?rest_route=\/wp\/v2\/users\/1"}],"replies":[{"embeddable":true,"href":"https:\/\/blogdofarnesio.com.br\/index.php?rest_route=%2Fwp%2Fv2%2Fcomments&post=181732"}],"version-history":[{"count":0,"href":"https:\/\/blogdofarnesio.com.br\/index.php?rest_route=\/wp\/v2\/posts\/181732\/revisions"}],"wp:featuredmedia":[{"embeddable":true,"href":"https:\/\/blogdofarnesio.com.br\/index.php?rest_route=\/wp\/v2\/media\/181733"}],"wp:attachment":[{"href":"https:\/\/blogdofarnesio.com.br\/index.php?rest_route=%2Fwp%2Fv2%2Fmedia&parent=181732"}],"wp:term":[{"taxonomy":"category","embeddable":true,"href":"https:\/\/blogdofarnesio.com.br\/index.php?rest_route=%2Fwp%2Fv2%2Fcategories&post=181732"},{"taxonomy":"post_tag","embeddable":true,"href":"https:\/\/blogdofarnesio.com.br\/index.php?rest_route=%2Fwp%2Fv2%2Ftags&post=181732"}],"curies":[{"name":"wp","href":"https:\/\/api.w.org\/{rel}","templated":true}]}}