{"id":18171,"date":"2012-10-16T16:00:16","date_gmt":"2012-10-16T16:00:16","guid":{"rendered":"http:\/\/www.quersaberpolitica.com.br?p=18171"},"modified":"-0001-11-30T00:00:00","modified_gmt":"-0001-11-30T03:00:00","slug":"evento-em-juazeiro-ba-discute-o-papel-da-comunicacao-no-desenvolvimento-do-semiarido","status":"publish","type":"post","link":"https:\/\/blogdofarnesio.com.br\/?p=18171","title":{"rendered":"Evento em Juazeiro (BA) discute o papel da comunica\u00e7\u00e3o no desenvolvimento do Semi\u00e1rido"},"content":{"rendered":"<p><p style=\"text-align: justify;\"><span style=\"font-family: arial, helvetica, sans-serif; font-size: medium;\"><a rel=\"lightbox\" href=\"http:\/\/www.quersaberpolitica.com.br\/2016\/wp-content\/uploads\/2012\/12\/blogqsp.seminariouneb.jpg\"><img loading=\"lazy\" decoding=\"async\" style=\"float: left; margin: 5px 10px;\" src=\"http:\/\/www.quersaberpolitica.com.br\/2016\/wp-content\/uploads\/2012\/12\/blogqsp.seminariouneb.jpg\" alt=\"\" width=\"142\" height=\"200\" \/><\/a>Nos dias 18, 19 e 20 de outubro, o audit&oacute;rio da Universidade do estado da Bahia (UNEB), em Juazeiro, sediar&aacute; o Semin&aacute;rio &#8220;Comunica&ccedil;&atilde;o pra qu&ecirc;? Por uma nova pauta no sert&atilde;o&#8221;, evento que pretende reunir estudantes, educadores\/as, profissionais da imprensa convencional e alternativa, militantes de movimentos sociais e demais pessoas que se interessem em discutir a comunica&ccedil;&atilde;o e sua rela&ccedil;&atilde;o com o desenvolvimento do Semi&aacute;rido.<\/span><\/p>\n<p style=\"text-align: justify;\"><span style=\"font-size: medium;\"><span style=\"font-family: arial, helvetica, sans-serif;\">Organizado pelo Colegiado de Comunica&ccedil;&atilde;o Social da UNEB\/Campus III &#8211; Juazeiro em parceria com o F&oacute;rum de Comunica&ccedil;&atilde;o Sert&atilde;o do S&atilde;o Francisco, o Semin&aacute;rio pretende refletir sobre o tema a partir de diversas vis&otilde;es apresentadas por representantes de diferenciados segmentos da comunica&ccedil;&atilde;o social.<\/span><\/span><\/p>\n<p style=\"text-align: justify;\"><span style=\"font-family: arial, helvetica, sans-serif; font-size: medium;\">A pesquisadora Cicilia Peruzzo, refer&ecirc;ncia nacional nos estudos sobre comunica&ccedil;&atilde;o e transforma&ccedil;&atilde;o social &eacute; uma das convidadas para a Confer&ecirc;ncia de abertura, que contar&aacute; tamb&eacute;m com a integrante do Coletivo Intervozes, Cec&iacute;lia Bezerra, Edisv&acirc;nio Nascimento, que contribui com o processo de Comunica&ccedil;&atilde;o para o Desenvolvimento na Regi&atilde;o Sisaleira da Bahia, al&eacute;m de representante do F&oacute;rum de Comunica&ccedil;&atilde;o Sert&atilde;o do S&atilde;o Francisco.<\/span><\/p>\n<p style=\"text-align: justify;\"><span style=\"font-size: medium;\"><span style=\"font-family: arial, helvetica, sans-serif;\">No segundo dia, as\/os convidados\/as ir&atilde;o discutir &#8220;A comunica&ccedil;&atilde;o no Sert&atilde;o do S&atilde;o Francisco. O que temos e o que queremos?&#8221;. Este momento contar&aacute; com as contribui&ccedil;&otilde;es de representantes de ve&iacute;culos de comunica&ccedil;&atilde;o da m&iacute;dia regional, do Colegiado de Comunica&ccedil;&atilde;o Social da Uneb Juazeiro, do governo do estado e dos meios de comunica&ccedil;&atilde;o comunit&aacute;rios do Sert&atilde;o da Bahia.<\/span><\/span><\/p>\n<p style=\"text-align: justify;\"><span style=\"font-family: arial, helvetica, sans-serif; font-size: medium;\">Comunicadores e comunicadoras de R&aacute;dios Comunit&aacute;rias dos munic&iacute;pios que comp&otilde;em o Territ&oacute;rio Sert&atilde;o do S&atilde;o Francisco tamb&eacute;m ir&atilde;o trazer suas experi&ecirc;ncias para compartilhar durante toda a programa&ccedil;&atilde;o e nos dias 19 e 20 (manh&atilde;) v&atilde;o participar de programa&ccedil;&atilde;o espec&iacute;fica do F&oacute;rum de Comunica&ccedil;&atilde;o Sert&atilde;o do S&atilde;o Francisco, organiza&ccedil;&atilde;o que existe na regi&atilde;o desde o processo de prepara&ccedil;&atilde;o para a I Confer&ecirc;ncia Nacional de Comunica&ccedil;&atilde;o, realizada em 2009.<\/span><\/p>\n<p style=\"text-align: justify;\"><span style=\"font-family: arial, helvetica, sans-serif; font-size: medium;\">Inscri&ccedil;&otilde;es<\/span><\/p>\n<p style=\"text-align: justify;\"><span style=\"font-family: arial, helvetica, sans-serif; font-size: medium;\">As inscri&ccedil;&otilde;es podem ser realizadas no Colegiado de Comunica&ccedil;&atilde;o da Uneb, at&eacute; o dia 17 de outubro, das 14 &agrave;s 17 horas, ou por e-mail com10uneb@gmail.com. A entrada &eacute; gratuita.<\/span><\/p>\n<p style=\"text-align: justify;\"><span style=\"font-family: arial, helvetica, sans-serif; font-size: medium;\">Por uma nova comunica&ccedil;&atilde;o<\/span><\/p>\n<p style=\"text-align: justify;\"><span style=\"font-family: arial, helvetica, sans-serif; font-size: medium;\">O evento faz parte da Semana pela Democratiza&ccedil;&atilde;o da Comunica&ccedil;&atilde;o, realizada todos os anos no m&ecirc;s de outubro por diversos movimentos sociais ligados &agrave; luta pelo direito &agrave; Comunica&ccedil;&atilde;o no pa&iacute;s. Este ano vive-se um contexto de reivindica&ccedil;&atilde;o de uma nova lei de comunica&ccedil;&otilde;es para o Brasil, debate que vem ganhando as ruas a partir, principalmente, do lan&ccedil;amento da Campanha &#8220;Para Expressar a Liberdade &#8211; Uma nova lei para um novo tempo&#8221;.<\/span><\/p>\n<p style=\"text-align: justify;\"><span style=\"font-family: arial, helvetica, sans-serif; font-size: medium;\">No pr&oacute;ximo dia 18, a Frente Parlamentar pela Liberdade de Express&atilde;o e o Direito a Comunica&ccedil;&atilde;o com Participa&ccedil;&atilde;o Popular &#8211; Frentecom e o F&oacute;rum Nacional pela Democratiza&ccedil;&atilde;o da Comunica&ccedil;&atilde;o &#8211; FNDC, promovem, em Bras&iacute;lia, audi&ecirc;ncia p&uacute;blica que debater&aacute; a Liberdade de Express&atilde;o e lan&ccedil;ar&aacute; no Congresso Nacional a referida campanha.<\/span><\/p>\n<p style=\"text-align: justify;\"><span style=\"font-family: arial, helvetica, sans-serif; font-size: medium;\">Programa&ccedil;&atilde;o<\/span><\/p>\n<p style=\"text-align: justify;\"><span style=\"font-size: medium;\"><span style=\"font-family: arial, helvetica, sans-serif;\">18\/10 (Quinta) &#8211; Audit&oacute;rio da UNEB &#8211; Campus III<\/span><\/span><\/p>\n<p style=\"text-align: justify;\"><span style=\"font-size: medium;\"><span style=\"font-family: arial, helvetica, sans-serif;\">14 horas &#8211; Recep&ccedil;&atilde;o com os estudantes do curso de jornalismo em Multimeios<\/span><\/span><\/p>\n<p style=\"text-align: justify;\"><span style=\"font-size: medium;\"><\/span><span style=\"font-family: arial, helvetica, sans-serif; font-size: medium;\">14h30 &#8211; Confer&ecirc;ncia de abertura &#8211; Comunica&ccedil;&atilde;o pra qu&ecirc;?<\/span><\/p>\n<p style=\"text-align: justify;\"><span style=\"font-family: arial, helvetica, sans-serif; font-size: medium;\">Professora P&oacute;s-doutora Cic&iacute;lia Peruzzo, refer&ecirc;ncia nacional nos estudos sobre comunica&ccedil;&atilde;o e transforma&ccedil;&atilde;o social.<\/span><\/p>\n<p style=\"text-align: justify;\"><span style=\"font-size: medium;\"><span style=\"font-family: arial, helvetica, sans-serif;\">Cec&iacute;lia Bezerra, Intervozes e ex-assessora na C&acirc;mara dos Deputados para o tema das Pol&iacute;ticas Nacionais de Comunica&ccedil;&atilde;o.<br \/>Edisv&acirc;nio Nascimento, radialista premiado pela Ag&ecirc;ncia Nacional dos Direitos da Inf&acirc;ncia (ANDI) e representante do processo de Comunica&ccedil;&atilde;o para o Desenvolvimento na Regi&atilde;o Sisaleira da Bahia.<\/span><\/span><\/p>\n<p style=\"text-align: justify;\"><span style=\"font-size: medium;\"><span style=\"font-family: arial, helvetica, sans-serif;\">&Eacute;rica Daiane Costa, jornalista e representante do F&oacute;rum de Comunica&ccedil;&atilde;o Sert&atilde;o do S&atilde;o Francisco.<\/span><\/span><\/p>\n<p style=\"text-align: justify;\"><span style=\"font-family: arial, helvetica, sans-serif; font-size: medium;\">16H30 &#8211; Debate P&uacute;blico<\/span><\/p>\n<p style=\"text-align: justify;\"><span style=\"font-size: medium;\"><span style=\"font-family: arial, helvetica, sans-serif;\">17h30 &#8211; Coquetel de boas-vindas e apresenta&ccedil;&otilde;es culturais<\/span><\/span><\/p>\n<p style=\"text-align: justify;\"><span style=\"font-family: arial, helvetica, sans-serif; font-size: medium;\">19\/10 (Sexta)<\/span><\/p>\n<p style=\"text-align: justify;\"><span style=\"font-size: medium;\"><span style=\"font-family: arial, helvetica, sans-serif;\">Manh&atilde; &#8211; Atividade interna do F&oacute;rum de Comunica&ccedil;&atilde;o Sert&atilde;o do S&atilde;o Francisco<\/span><\/span><\/p>\n<p style=\"text-align: justify;\"><span style=\"font-size: medium;\"><span style=\"font-family: arial, helvetica, sans-serif;\">14h &#8211; Mesa: A comunica&ccedil;&atilde;o no Sert&atilde;o do S&atilde;o Francisco. O que temos e o que queremos?<\/span><\/span><\/p>\n<p style=\"text-align: justify;\"><span style=\"font-family: arial, helvetica, sans-serif; font-size: medium;\">Ernesto Marques, vice-presidente da ABI (Associa&ccedil;&atilde;o Baiana de Imprensa)<\/span><\/p>\n<p style=\"text-align: justify;\"><span style=\"font-size: medium;\"><span style=\"font-family: arial, helvetica, sans-serif;\">Marlupe Caldas, Chefe de Gabinete da SECOM (Secretaria de Comunica&ccedil;&atilde;o do Estado da Bahia).<\/span><\/span><\/p>\n<p style=\"text-align: justify;\"><span style=\"font-size: medium;\"><span style=\"font-family: arial, helvetica, sans-serif;\">Eliz&acirc;ngela Amorim, Editora da TV S&atilde;o Francisco;<\/span><\/span><\/p>\n<p style=\"text-align: justify;\"><span style=\"font-size: medium;\"><span style=\"font-family: arial, helvetica, sans-serif;\">M&aacute;rcia Guena, Coordenadora do Curso de Jornalismo em Multimeios da Uneb.<\/span><\/span><\/p>\n<p style=\"text-align: justify;\"><span style=\"font-size: medium;\"><span style=\"font-family: arial, helvetica, sans-serif;\">Marcelo Damasceno, Emissora Rural de Petrolina;<\/span><\/span><\/p>\n<p style=\"text-align: justify;\"><span style=\"font-size: medium;\"><span style=\"font-family: arial, helvetica, sans-serif;\">Lise Luz, Jornalista e comunicadora popular.<\/span><\/span><\/p>\n<p style=\"text-align: justify;\"><span style=\"font-family: arial, helvetica, sans-serif; font-size: medium;\">16h30 &#8211; Homenagem a Dom Jos&eacute; Rodrigues (Bispo Em&eacute;rito da Diocese de Juazeiro &#8211; in memorian) como grande destaque da Comunica&ccedil;&atilde;o no Sert&atilde;o do S&atilde;o Francisco<\/span><\/p>\n<p style=\"text-align: justify;\"><span style=\"font-size: medium;\"><span style=\"font-family: arial, helvetica, sans-serif;\">17h30 &#8211; Fim de Tarde Cultural<\/span><\/span><\/p>\n<p style=\"text-align: justify;\"><span style=\"font-size: medium;\"><span style=\"font-family: arial, helvetica, sans-serif;\"><br \/>20\/10 (S&aacute;bado)<\/span><\/span><\/p>\n<p style=\"text-align: justify;\"><span style=\"font-size: medium;\"><span style=\"font-family: arial, helvetica, sans-serif;\">Manh&atilde; &#8211; Atividade interna do F&oacute;rum de Comunica&ccedil;&atilde;o Sert&atilde;o do S&atilde;o Francisco<\/span><\/span><\/p>\n<p style=\"text-align: justify;\"><span style=\"font-family: arial, helvetica, sans-serif; font-size: medium;\">Servi&ccedil;o<\/span><\/p>\n<p style=\"text-align: justify;\"><span style=\"font-size: medium;\"><span style=\"font-family: arial, helvetica, sans-serif;\">Semin&aacute;rio &#8220;Comunica&ccedil;&atilde;o pra qu&ecirc;? Por uma nova pauta no sert&atilde;o&#8221;<br \/>Data: 18, 19 e 20 de outubro de 2012<br \/>Local: Audit&oacute;rio da UNEB &#8211; Campus III &#8211; Juazeiro (BA)<\/span><\/span><\/p>\n<div><span style=\"font-size: medium;\"><span style=\"font-family: arial, helvetica, sans-serif;\"><br \/><\/span><\/span><\/div><\/p>\n","protected":false},"excerpt":{"rendered":"<p>Nos dias 18, 19 e 20 de outubro, o audit&oacute;rio da Universidade do estado da Bahia (UNEB), em Juazeiro, sediar&aacute; o Semin&aacute;rio &#8220;Comunica&ccedil;&atilde;o pra qu&ecirc;? Por uma nova pauta no sert&atilde;o&#8221;, evento que pretende reunir estudantes, educadores\/as, profissionais da imprensa convencional e alternativa, militantes de movimentos sociais e demais pessoas que se interessem em discutir a comunica&ccedil;&atilde;o e sua rela&ccedil;&atilde;o com o desenvolvimento do Semi&aacute;rido. Organizado pelo Colegiado de Comunica&ccedil;&atilde;o Social da UNEB\/Campus III &#8211; Juazeiro em parceria com o F&oacute;rum de Comunica&ccedil;&atilde;o Sert&atilde;o do S&atilde;o Francisco, o Semin&aacute;rio pretende refletir sobre o tema a partir de diversas vis&otilde;es apresentadas por representantes de diferenciados segmentos da comunica&ccedil;&atilde;o social. A pesquisadora Cicilia Peruzzo, refer&ecirc;ncia nacional nos estudos sobre comunica&ccedil;&atilde;o e transforma&ccedil;&atilde;o&hellip; <\/p>\n","protected":false},"author":0,"featured_media":0,"comment_status":"open","ping_status":"open","sticky":false,"template":"","format":"standard","meta":{"_acf_changed":false,"footnotes":""},"categories":[43],"tags":[],"class_list":["post-18171","post","type-post","status-publish","format-standard","hentry","category-sem-categoria"],"acf":[],"yoast_head":"<!-- This site is optimized with the Yoast SEO plugin v27.4 - https:\/\/yoast.com\/product\/yoast-seo-wordpress\/ -->\n<title>Evento em Juazeiro (BA) discute o papel da comunica\u00e7\u00e3o no desenvolvimento do Semi\u00e1rido  - Blog do Farn\u00e9sio<\/title>\n<meta name=\"robots\" content=\"index, follow, max-snippet:-1, max-image-preview:large, max-video-preview:-1\" \/>\n<link rel=\"canonical\" href=\"https:\/\/blogdofarnesio.com.br\/?p=18171\" \/>\n<meta property=\"og:locale\" content=\"pt_BR\" \/>\n<meta property=\"og:type\" content=\"article\" \/>\n<meta property=\"og:title\" content=\"Evento em Juazeiro (BA) discute o papel da comunica\u00e7\u00e3o no desenvolvimento do Semi\u00e1rido  - Blog do Farn\u00e9sio\" \/>\n<meta property=\"og:description\" content=\"Nos dias 18, 19 e 20 de outubro, o audit&oacute;rio da Universidade do estado da Bahia (UNEB), em Juazeiro, sediar&aacute; o Semin&aacute;rio &#8220;Comunica&ccedil;&atilde;o pra qu&ecirc;? Por uma nova pauta no sert&atilde;o&#8221;, evento que pretende reunir estudantes, educadores\/as, profissionais da imprensa convencional e alternativa, militantes de movimentos sociais e demais pessoas que se interessem em discutir a comunica&ccedil;&atilde;o e sua rela&ccedil;&atilde;o com o desenvolvimento do Semi&aacute;rido. Organizado pelo Colegiado de Comunica&ccedil;&atilde;o Social da UNEB\/Campus III &#8211; Juazeiro em parceria com o F&oacute;rum de Comunica&ccedil;&atilde;o Sert&atilde;o do S&atilde;o Francisco, o Semin&aacute;rio pretende refletir sobre o tema a partir de diversas vis&otilde;es apresentadas por representantes de diferenciados segmentos da comunica&ccedil;&atilde;o social. A pesquisadora Cicilia Peruzzo, refer&ecirc;ncia nacional nos estudos sobre comunica&ccedil;&atilde;o e transforma&ccedil;&atilde;o&hellip;\" \/>\n<meta property=\"og:url\" content=\"https:\/\/blogdofarnesio.com.br\/?p=18171\" \/>\n<meta property=\"og:site_name\" content=\"Blog do Farn\u00e9sio\" \/>\n<meta property=\"article:publisher\" content=\"https:\/\/www.facebook.com\/BlogQuerSaberPolitica\/\" \/>\n<meta property=\"article:published_time\" content=\"2012-10-16T16:00:16+00:00\" \/>\n<meta property=\"og:image\" content=\"http:\/\/www.quersaberpolitica.com.br\/2016\/wp-content\/uploads\/2012\/12\/blogqsp.seminariouneb.jpg\" \/>\n<meta name=\"twitter:card\" content=\"summary_large_image\" \/>\n<meta name=\"twitter:label1\" content=\"Est. tempo de leitura\" \/>\n\t<meta name=\"twitter:data1\" content=\"5 minutos\" \/>\n<script type=\"application\/ld+json\" class=\"yoast-schema-graph\">{\"@context\":\"https:\\\/\\\/schema.org\",\"@graph\":[{\"@type\":\"Article\",\"@id\":\"https:\\\/\\\/blogdofarnesio.com.br\\\/?p=18171#article\",\"isPartOf\":{\"@id\":\"https:\\\/\\\/blogdofarnesio.com.br\\\/?p=18171\"},\"author\":{\"name\":\"\",\"@id\":\"\"},\"headline\":\"Evento em Juazeiro (BA) discute o papel da comunica\u00e7\u00e3o no desenvolvimento do Semi\u00e1rido\",\"datePublished\":\"2012-10-16T16:00:16+00:00\",\"mainEntityOfPage\":{\"@id\":\"https:\\\/\\\/blogdofarnesio.com.br\\\/?p=18171\"},\"wordCount\":1072,\"commentCount\":0,\"publisher\":{\"@id\":\"https:\\\/\\\/blogdofarnesio.com.br\\\/#organization\"},\"image\":{\"@id\":\"https:\\\/\\\/blogdofarnesio.com.br\\\/?p=18171#primaryimage\"},\"thumbnailUrl\":\"http:\\\/\\\/www.quersaberpolitica.com.br\\\/2016\\\/wp-content\\\/uploads\\\/2012\\\/12\\\/blogqsp.seminariouneb.jpg\",\"inLanguage\":\"pt-BR\",\"potentialAction\":[{\"@type\":\"CommentAction\",\"name\":\"Comment\",\"target\":[\"https:\\\/\\\/blogdofarnesio.com.br\\\/?p=18171#respond\"]}]},{\"@type\":\"WebPage\",\"@id\":\"https:\\\/\\\/blogdofarnesio.com.br\\\/?p=18171\",\"url\":\"https:\\\/\\\/blogdofarnesio.com.br\\\/?p=18171\",\"name\":\"Evento em Juazeiro (BA) discute o papel da comunica\u00e7\u00e3o no desenvolvimento do Semi\u00e1rido - Blog do Farn\u00e9sio\",\"isPartOf\":{\"@id\":\"https:\\\/\\\/blogdofarnesio.com.br\\\/#website\"},\"primaryImageOfPage\":{\"@id\":\"https:\\\/\\\/blogdofarnesio.com.br\\\/?p=18171#primaryimage\"},\"image\":{\"@id\":\"https:\\\/\\\/blogdofarnesio.com.br\\\/?p=18171#primaryimage\"},\"thumbnailUrl\":\"http:\\\/\\\/www.quersaberpolitica.com.br\\\/2016\\\/wp-content\\\/uploads\\\/2012\\\/12\\\/blogqsp.seminariouneb.jpg\",\"datePublished\":\"2012-10-16T16:00:16+00:00\",\"breadcrumb\":{\"@id\":\"https:\\\/\\\/blogdofarnesio.com.br\\\/?p=18171#breadcrumb\"},\"inLanguage\":\"pt-BR\",\"potentialAction\":[{\"@type\":\"ReadAction\",\"target\":[\"https:\\\/\\\/blogdofarnesio.com.br\\\/?p=18171\"]}]},{\"@type\":\"ImageObject\",\"inLanguage\":\"pt-BR\",\"@id\":\"https:\\\/\\\/blogdofarnesio.com.br\\\/?p=18171#primaryimage\",\"url\":\"http:\\\/\\\/www.quersaberpolitica.com.br\\\/2016\\\/wp-content\\\/uploads\\\/2012\\\/12\\\/blogqsp.seminariouneb.jpg\",\"contentUrl\":\"http:\\\/\\\/www.quersaberpolitica.com.br\\\/2016\\\/wp-content\\\/uploads\\\/2012\\\/12\\\/blogqsp.seminariouneb.jpg\"},{\"@type\":\"BreadcrumbList\",\"@id\":\"https:\\\/\\\/blogdofarnesio.com.br\\\/?p=18171#breadcrumb\",\"itemListElement\":[{\"@type\":\"ListItem\",\"position\":1,\"name\":\"In\u00edcio\",\"item\":\"https:\\\/\\\/blogdofarnesio.com.br\\\/\"},{\"@type\":\"ListItem\",\"position\":2,\"name\":\"Evento em Juazeiro (BA) discute o papel da comunica\u00e7\u00e3o no desenvolvimento do Semi\u00e1rido\"}]},{\"@type\":\"WebSite\",\"@id\":\"https:\\\/\\\/blogdofarnesio.com.br\\\/#website\",\"url\":\"https:\\\/\\\/blogdofarnesio.com.br\\\/\",\"name\":\"Blog do Farn\u00e9sio\",\"description\":\"Quer Saber Pol\u00edtica?\",\"publisher\":{\"@id\":\"https:\\\/\\\/blogdofarnesio.com.br\\\/#organization\"},\"potentialAction\":[{\"@type\":\"SearchAction\",\"target\":{\"@type\":\"EntryPoint\",\"urlTemplate\":\"https:\\\/\\\/blogdofarnesio.com.br\\\/?s={search_term_string}\"},\"query-input\":{\"@type\":\"PropertyValueSpecification\",\"valueRequired\":true,\"valueName\":\"search_term_string\"}}],\"inLanguage\":\"pt-BR\"},{\"@type\":\"Organization\",\"@id\":\"https:\\\/\\\/blogdofarnesio.com.br\\\/#organization\",\"name\":\"Blog do Farn\u00e9sio\",\"url\":\"https:\\\/\\\/blogdofarnesio.com.br\\\/\",\"logo\":{\"@type\":\"ImageObject\",\"inLanguage\":\"pt-BR\",\"@id\":\"https:\\\/\\\/blogdofarnesio.com.br\\\/#\\\/schema\\\/logo\\\/image\\\/\",\"url\":\"https:\\\/\\\/blogdofarnesio.com.br\\\/wp-content\\\/uploads\\\/2026\\\/03\\\/cropped-logo_new-1.png\",\"contentUrl\":\"https:\\\/\\\/blogdofarnesio.com.br\\\/wp-content\\\/uploads\\\/2026\\\/03\\\/cropped-logo_new-1.png\",\"width\":881,\"height\":685,\"caption\":\"Blog do Farn\u00e9sio\"},\"image\":{\"@id\":\"https:\\\/\\\/blogdofarnesio.com.br\\\/#\\\/schema\\\/logo\\\/image\\\/\"},\"sameAs\":[\"https:\\\/\\\/www.facebook.com\\\/BlogQuerSaberPolitica\\\/\"]}]}<\/script>\n<!-- \/ Yoast SEO plugin. -->","yoast_head_json":{"title":"Evento em Juazeiro (BA) discute o papel da comunica\u00e7\u00e3o no desenvolvimento do Semi\u00e1rido  - Blog do Farn\u00e9sio","robots":{"index":"index","follow":"follow","max-snippet":"max-snippet:-1","max-image-preview":"max-image-preview:large","max-video-preview":"max-video-preview:-1"},"canonical":"https:\/\/blogdofarnesio.com.br\/?p=18171","og_locale":"pt_BR","og_type":"article","og_title":"Evento em Juazeiro (BA) discute o papel da comunica\u00e7\u00e3o no desenvolvimento do Semi\u00e1rido  - Blog do Farn\u00e9sio","og_description":"Nos dias 18, 19 e 20 de outubro, o audit&oacute;rio da Universidade do estado da Bahia (UNEB), em Juazeiro, sediar&aacute; o Semin&aacute;rio &#8220;Comunica&ccedil;&atilde;o pra qu&ecirc;? Por uma nova pauta no sert&atilde;o&#8221;, evento que pretende reunir estudantes, educadores\/as, profissionais da imprensa convencional e alternativa, militantes de movimentos sociais e demais pessoas que se interessem em discutir a comunica&ccedil;&atilde;o e sua rela&ccedil;&atilde;o com o desenvolvimento do Semi&aacute;rido. Organizado pelo Colegiado de Comunica&ccedil;&atilde;o Social da UNEB\/Campus III &#8211; Juazeiro em parceria com o F&oacute;rum de Comunica&ccedil;&atilde;o Sert&atilde;o do S&atilde;o Francisco, o Semin&aacute;rio pretende refletir sobre o tema a partir de diversas vis&otilde;es apresentadas por representantes de diferenciados segmentos da comunica&ccedil;&atilde;o social. A pesquisadora Cicilia Peruzzo, refer&ecirc;ncia nacional nos estudos sobre comunica&ccedil;&atilde;o e transforma&ccedil;&atilde;o&hellip;","og_url":"https:\/\/blogdofarnesio.com.br\/?p=18171","og_site_name":"Blog do Farn\u00e9sio","article_publisher":"https:\/\/www.facebook.com\/BlogQuerSaberPolitica\/","article_published_time":"2012-10-16T16:00:16+00:00","og_image":[{"url":"http:\/\/www.quersaberpolitica.com.br\/2016\/wp-content\/uploads\/2012\/12\/blogqsp.seminariouneb.jpg","type":"","width":"","height":""}],"twitter_card":"summary_large_image","twitter_misc":{"Est. tempo de leitura":"5 minutos"},"schema":{"@context":"https:\/\/schema.org","@graph":[{"@type":"Article","@id":"https:\/\/blogdofarnesio.com.br\/?p=18171#article","isPartOf":{"@id":"https:\/\/blogdofarnesio.com.br\/?p=18171"},"author":{"name":"","@id":""},"headline":"Evento em Juazeiro (BA) discute o papel da comunica\u00e7\u00e3o no desenvolvimento do Semi\u00e1rido","datePublished":"2012-10-16T16:00:16+00:00","mainEntityOfPage":{"@id":"https:\/\/blogdofarnesio.com.br\/?p=18171"},"wordCount":1072,"commentCount":0,"publisher":{"@id":"https:\/\/blogdofarnesio.com.br\/#organization"},"image":{"@id":"https:\/\/blogdofarnesio.com.br\/?p=18171#primaryimage"},"thumbnailUrl":"http:\/\/www.quersaberpolitica.com.br\/2016\/wp-content\/uploads\/2012\/12\/blogqsp.seminariouneb.jpg","inLanguage":"pt-BR","potentialAction":[{"@type":"CommentAction","name":"Comment","target":["https:\/\/blogdofarnesio.com.br\/?p=18171#respond"]}]},{"@type":"WebPage","@id":"https:\/\/blogdofarnesio.com.br\/?p=18171","url":"https:\/\/blogdofarnesio.com.br\/?p=18171","name":"Evento em Juazeiro (BA) discute o papel da comunica\u00e7\u00e3o no desenvolvimento do Semi\u00e1rido - Blog do Farn\u00e9sio","isPartOf":{"@id":"https:\/\/blogdofarnesio.com.br\/#website"},"primaryImageOfPage":{"@id":"https:\/\/blogdofarnesio.com.br\/?p=18171#primaryimage"},"image":{"@id":"https:\/\/blogdofarnesio.com.br\/?p=18171#primaryimage"},"thumbnailUrl":"http:\/\/www.quersaberpolitica.com.br\/2016\/wp-content\/uploads\/2012\/12\/blogqsp.seminariouneb.jpg","datePublished":"2012-10-16T16:00:16+00:00","breadcrumb":{"@id":"https:\/\/blogdofarnesio.com.br\/?p=18171#breadcrumb"},"inLanguage":"pt-BR","potentialAction":[{"@type":"ReadAction","target":["https:\/\/blogdofarnesio.com.br\/?p=18171"]}]},{"@type":"ImageObject","inLanguage":"pt-BR","@id":"https:\/\/blogdofarnesio.com.br\/?p=18171#primaryimage","url":"http:\/\/www.quersaberpolitica.com.br\/2016\/wp-content\/uploads\/2012\/12\/blogqsp.seminariouneb.jpg","contentUrl":"http:\/\/www.quersaberpolitica.com.br\/2016\/wp-content\/uploads\/2012\/12\/blogqsp.seminariouneb.jpg"},{"@type":"BreadcrumbList","@id":"https:\/\/blogdofarnesio.com.br\/?p=18171#breadcrumb","itemListElement":[{"@type":"ListItem","position":1,"name":"In\u00edcio","item":"https:\/\/blogdofarnesio.com.br\/"},{"@type":"ListItem","position":2,"name":"Evento em Juazeiro (BA) discute o papel da comunica\u00e7\u00e3o no desenvolvimento do Semi\u00e1rido"}]},{"@type":"WebSite","@id":"https:\/\/blogdofarnesio.com.br\/#website","url":"https:\/\/blogdofarnesio.com.br\/","name":"Blog do Farn\u00e9sio","description":"Quer Saber Pol\u00edtica?","publisher":{"@id":"https:\/\/blogdofarnesio.com.br\/#organization"},"potentialAction":[{"@type":"SearchAction","target":{"@type":"EntryPoint","urlTemplate":"https:\/\/blogdofarnesio.com.br\/?s={search_term_string}"},"query-input":{"@type":"PropertyValueSpecification","valueRequired":true,"valueName":"search_term_string"}}],"inLanguage":"pt-BR"},{"@type":"Organization","@id":"https:\/\/blogdofarnesio.com.br\/#organization","name":"Blog do Farn\u00e9sio","url":"https:\/\/blogdofarnesio.com.br\/","logo":{"@type":"ImageObject","inLanguage":"pt-BR","@id":"https:\/\/blogdofarnesio.com.br\/#\/schema\/logo\/image\/","url":"https:\/\/blogdofarnesio.com.br\/wp-content\/uploads\/2026\/03\/cropped-logo_new-1.png","contentUrl":"https:\/\/blogdofarnesio.com.br\/wp-content\/uploads\/2026\/03\/cropped-logo_new-1.png","width":881,"height":685,"caption":"Blog do Farn\u00e9sio"},"image":{"@id":"https:\/\/blogdofarnesio.com.br\/#\/schema\/logo\/image\/"},"sameAs":["https:\/\/www.facebook.com\/BlogQuerSaberPolitica\/"]}]}},"_links":{"self":[{"href":"https:\/\/blogdofarnesio.com.br\/index.php?rest_route=\/wp\/v2\/posts\/18171","targetHints":{"allow":["GET"]}}],"collection":[{"href":"https:\/\/blogdofarnesio.com.br\/index.php?rest_route=\/wp\/v2\/posts"}],"about":[{"href":"https:\/\/blogdofarnesio.com.br\/index.php?rest_route=\/wp\/v2\/types\/post"}],"replies":[{"embeddable":true,"href":"https:\/\/blogdofarnesio.com.br\/index.php?rest_route=%2Fwp%2Fv2%2Fcomments&post=18171"}],"version-history":[{"count":0,"href":"https:\/\/blogdofarnesio.com.br\/index.php?rest_route=\/wp\/v2\/posts\/18171\/revisions"}],"wp:attachment":[{"href":"https:\/\/blogdofarnesio.com.br\/index.php?rest_route=%2Fwp%2Fv2%2Fmedia&parent=18171"}],"wp:term":[{"taxonomy":"category","embeddable":true,"href":"https:\/\/blogdofarnesio.com.br\/index.php?rest_route=%2Fwp%2Fv2%2Fcategories&post=18171"},{"taxonomy":"post_tag","embeddable":true,"href":"https:\/\/blogdofarnesio.com.br\/index.php?rest_route=%2Fwp%2Fv2%2Ftags&post=18171"}],"curies":[{"name":"wp","href":"https:\/\/api.w.org\/{rel}","templated":true}]}}