{"id":181702,"date":"2017-11-17T10:01:17","date_gmt":"2017-11-17T13:01:17","guid":{"rendered":"http:\/\/quersaberpolitica.com.br\/2016\/?p=181702"},"modified":"2017-11-17T11:43:33","modified_gmt":"2017-11-17T14:43:33","slug":"fiscalizacao-municipal-registra-desde-notificacoes-a-apreensoes-em-juazeiro","status":"publish","type":"post","link":"https:\/\/blogdofarnesio.com.br\/?p=181702","title":{"rendered":"FISCALIZA\u00c7\u00c3O MUNICIPAL REGISTRA DESDE NOTIFICA\u00c7\u00d5ES A APREENS\u00d5ES EM JUAZEIRO"},"content":{"rendered":"<p style=\"text-align: justify;\">A Secretaria de Meio Ambiente e Ordenamento Urbano (SEMAURB) e da Guarda Civil Municipal (GCM) j\u00e1 registraram nestes quinzes primeiros dias de novembro diversas a\u00e7\u00f5es que culminam no ordenamento e seguran\u00e7a dos transeuntes e moradores de Juazeiro.<\/p>\n<p style=\"text-align: justify;\">O trabalho de fiscaliza\u00e7\u00e3o ambiental notificou 16 estabelecimentos na cidade, entre eles condom\u00ednios, ind\u00fastrias e lava jatos. As notifica\u00e7\u00f5es ocorreram por desconformidade com as licen\u00e7as apresentadas e \/ou pela n\u00e3o regulariza\u00e7\u00e3o das atividades. Cumprindo o que determina a Lei 018\/2016 a fiscaliza\u00e7\u00e3o emite a notifica\u00e7\u00e3o e dentro do prazo que pode ser de 24h at\u00e9 15 dias se n\u00e3o houver a regulariza\u00e7\u00e3o as multas e interdi\u00e7\u00f5es podem ser aplicadas.<\/p>\n<p style=\"text-align: justify;\">J\u00e1 as a\u00e7\u00f5es de fiscaliza\u00e7\u00f5es realizadas pela equipe de obras, ordenamento urbano e apreens\u00e3o de animais, contou com a retirada de nove animais das vias e logradouros p\u00fablicos &#8211; menor n\u00famero de apreens\u00f5es j\u00e1 realizado em 15 dias durante esses quase 11 meses. Entre obras e com\u00e9rcios foram aplicadas 133 notifica\u00e7\u00f5es e mais 23 autos de infra\u00e7\u00e3o. Cinco estabelecimentos foram interditados por descumprirem \u00e0s notifica\u00e7\u00f5es e autos &#8211; estabelecimentos de m\u00e9dio e grande porte que atuam na cidade no ramo de panificadora, malhas, supermercado, sorveteria e alum\u00ednio.<\/p>\n<p style=\"text-align: justify;\">\u201cN\u00e3o \u00e9 gratificante interditamos estabelecimentos na cidade, at\u00e9 porque entendemos a atual situa\u00e7\u00e3o do Pa\u00eds, mas \u00e9 de fundamental import\u00e2ncia a regulariza\u00e7\u00e3o, para garantir ao mun\u00edcipe a seguran\u00e7a do estabelecimento, uma vez que as vistorias s\u00e3o realizadas pelo Corpo de Bombeiros, Vigil\u00e2ncia Sanit\u00e1ria e SEMAURB\u201d, descreveu Agenor Souza, Secret\u00e1rio da SEMAURB.<\/p>\n<p style=\"text-align: justify;\">Durante o fim de semana (10 a 12) junto com Policia Militar da Bahia foi deflagrada a Opera\u00e7\u00e3o Sossego, onde as fiscaliza\u00e7\u00f5es estiveram vistoriando bares e estabelecimentos que realizavam festas na cidade. Um evento em uma ro\u00e7a foi encerrado por n\u00e3o possuir autoriza\u00e7\u00e3o para a realiza\u00e7\u00e3o e dois sons automotivos apreendidos por estarem ligados acima dos 70 decib\u00e9is. Outros dois bares tiveram o evento encerrado por descumprirem o hor\u00e1rio estabelecido na autoriza\u00e7\u00e3o.<\/p>\n<p style=\"text-align: justify;\">Desde maio de 2016 quando foi firmado o Termo de Ajustamento de Conduta (TAC) 26 equipamentos sonoros j\u00e1 foram apreendidos. Como ficou estabelecido durante o firmamento do termo,\u00a0 a Policia Militar \u00e9 respons\u00e1vel pela apreens\u00e3o dos equipamentos que s\u00e3o encaminhados \u00e0 SEMAURB onde \u00e9 lavrado o auto de apreens\u00e3o e quando o documento \u00e9 encaminhado no primeiro dia \u00fatil ao Minist\u00e9rio P\u00fablico, quem decide o destino final dos equipamentos \u00e9 a Justi\u00e7a.<\/p>\n<p style=\"text-align: justify;\">O telefone para se registrar den\u00fancia sobre perturba\u00e7\u00e3o do sossego \u00e9 o 190 da PM-BA.\u00a0 Demais reclama\u00e7\u00f5es podem ser registradas atrav\u00e9s do telefone 153 da Guarda Civil Municipal &#8211; a liga\u00e7\u00e3o \u00e9 gratuita e pode ser realizada 24h. Quem desejar registrar pessoalmente o procedimento pode se dirigir a sede da SEMAURB que fica na Rua Oscar Ribeiro, s\/n, Centro.<\/p>\n<div class=\"yj6qo ajU\">\n<div id=\":1az\" class=\"ajR\" tabindex=\"0\" role=\"button\" data-tooltip=\"Mostrar conte\u00fado cortado\" aria-label=\"Mostrar conte\u00fado cortado\">\n<p><img decoding=\"async\" class=\"ajT\" src=\"https:\/\/ssl.gstatic.com\/ui\/v1\/icons\/mail\/images\/cleardot.gif\" \/>D\u00e9bora Sousa\/ SEMAURB<\/p>\n<p>&nbsp;<\/p>\n<\/div>\n<\/div>\n","protected":false},"excerpt":{"rendered":"<p>A Secretaria de Meio Ambiente e Ordenamento Urbano (SEMAURB) e da Guarda Civil Municipal (GCM) j\u00e1 registraram nestes quinzes primeiros dias de novembro diversas a\u00e7\u00f5es que culminam no ordenamento e seguran\u00e7a dos transeuntes e moradores de Juazeiro. O trabalho de fiscaliza\u00e7\u00e3o ambiental notificou 16 estabelecimentos na cidade, entre eles condom\u00ednios, ind\u00fastrias e lava jatos. As notifica\u00e7\u00f5es ocorreram por desconformidade com as licen\u00e7as apresentadas e \/ou pela n\u00e3o regulariza\u00e7\u00e3o das atividades. Cumprindo o que determina a Lei 018\/2016 a fiscaliza\u00e7\u00e3o emite a notifica\u00e7\u00e3o e dentro do prazo que pode ser de 24h at\u00e9 15 dias se n\u00e3o houver a regulariza\u00e7\u00e3o as multas e interdi\u00e7\u00f5es podem ser aplicadas. J\u00e1 as a\u00e7\u00f5es de fiscaliza\u00e7\u00f5es realizadas pela equipe de obras, ordenamento urbano e apreens\u00e3o&hellip; <\/p>\n","protected":false},"author":1,"featured_media":181704,"comment_status":"open","ping_status":"closed","sticky":false,"template":"","format":"standard","meta":{"_acf_changed":false,"footnotes":""},"categories":[44],"tags":[],"class_list":["post-181702","post","type-post","status-publish","format-standard","has-post-thumbnail","hentry","category-administracao"],"acf":[],"yoast_head":"<!-- This site is optimized with the Yoast SEO plugin v27.4 - https:\/\/yoast.com\/product\/yoast-seo-wordpress\/ -->\n<title>FISCALIZA\u00c7\u00c3O MUNICIPAL REGISTRA DESDE NOTIFICA\u00c7\u00d5ES A APREENS\u00d5ES EM JUAZEIRO - Blog do Farn\u00e9sio<\/title>\n<meta name=\"robots\" content=\"index, follow, max-snippet:-1, max-image-preview:large, max-video-preview:-1\" \/>\n<link rel=\"canonical\" href=\"https:\/\/blogdofarnesio.com.br\/?p=181702\" \/>\n<meta property=\"og:locale\" content=\"pt_BR\" \/>\n<meta property=\"og:type\" content=\"article\" \/>\n<meta property=\"og:title\" content=\"FISCALIZA\u00c7\u00c3O MUNICIPAL REGISTRA DESDE NOTIFICA\u00c7\u00d5ES A APREENS\u00d5ES EM JUAZEIRO - Blog do Farn\u00e9sio\" \/>\n<meta property=\"og:description\" content=\"A Secretaria de Meio Ambiente e Ordenamento Urbano (SEMAURB) e da Guarda Civil Municipal (GCM) j\u00e1 registraram nestes quinzes primeiros dias de novembro diversas a\u00e7\u00f5es que culminam no ordenamento e seguran\u00e7a dos transeuntes e moradores de Juazeiro. O trabalho de fiscaliza\u00e7\u00e3o ambiental notificou 16 estabelecimentos na cidade, entre eles condom\u00ednios, ind\u00fastrias e lava jatos. As notifica\u00e7\u00f5es ocorreram por desconformidade com as licen\u00e7as apresentadas e \/ou pela n\u00e3o regulariza\u00e7\u00e3o das atividades. Cumprindo o que determina a Lei 018\/2016 a fiscaliza\u00e7\u00e3o emite a notifica\u00e7\u00e3o e dentro do prazo que pode ser de 24h at\u00e9 15 dias se n\u00e3o houver a regulariza\u00e7\u00e3o as multas e interdi\u00e7\u00f5es podem ser aplicadas. J\u00e1 as a\u00e7\u00f5es de fiscaliza\u00e7\u00f5es realizadas pela equipe de obras, ordenamento urbano e apreens\u00e3o&hellip;\" \/>\n<meta property=\"og:url\" content=\"https:\/\/blogdofarnesio.com.br\/?p=181702\" \/>\n<meta property=\"og:site_name\" content=\"Blog do Farn\u00e9sio\" \/>\n<meta property=\"article:publisher\" content=\"https:\/\/www.facebook.com\/BlogQuerSaberPolitica\/\" \/>\n<meta property=\"article:published_time\" content=\"2017-11-17T13:01:17+00:00\" \/>\n<meta property=\"article:modified_time\" content=\"2017-11-17T14:43:33+00:00\" \/>\n<meta property=\"og:image\" content=\"https:\/\/blogdofarnesio.com.br\/wp-content\/uploads\/2017\/11\/blogqsp-Balan\u00e7o-1\u00aa-quinzena-novembro-1.jpg\" \/>\n\t<meta property=\"og:image:width\" content=\"611\" \/>\n\t<meta property=\"og:image:height\" content=\"480\" \/>\n\t<meta property=\"og:image:type\" content=\"image\/jpeg\" \/>\n<meta name=\"author\" content=\"Farn\u00e9sio\" \/>\n<meta name=\"twitter:card\" content=\"summary_large_image\" \/>\n<meta name=\"twitter:label1\" content=\"Escrito por\" \/>\n\t<meta name=\"twitter:data1\" content=\"Farn\u00e9sio\" \/>\n\t<meta name=\"twitter:label2\" content=\"Est. tempo de leitura\" \/>\n\t<meta name=\"twitter:data2\" content=\"2 minutos\" \/>\n<script type=\"application\/ld+json\" class=\"yoast-schema-graph\">{\"@context\":\"https:\\\/\\\/schema.org\",\"@graph\":[{\"@type\":\"Article\",\"@id\":\"https:\\\/\\\/blogdofarnesio.com.br\\\/?p=181702#article\",\"isPartOf\":{\"@id\":\"https:\\\/\\\/blogdofarnesio.com.br\\\/?p=181702\"},\"author\":{\"name\":\"Farn\u00e9sio\",\"@id\":\"https:\\\/\\\/blogdofarnesio.com.br\\\/#\\\/schema\\\/person\\\/301c4acf522bccbfdb45af95b5b906a1\"},\"headline\":\"FISCALIZA\u00c7\u00c3O MUNICIPAL REGISTRA DESDE NOTIFICA\u00c7\u00d5ES A APREENS\u00d5ES EM JUAZEIRO\",\"datePublished\":\"2017-11-17T13:01:17+00:00\",\"dateModified\":\"2017-11-17T14:43:33+00:00\",\"mainEntityOfPage\":{\"@id\":\"https:\\\/\\\/blogdofarnesio.com.br\\\/?p=181702\"},\"wordCount\":500,\"commentCount\":0,\"publisher\":{\"@id\":\"https:\\\/\\\/blogdofarnesio.com.br\\\/#organization\"},\"image\":{\"@id\":\"https:\\\/\\\/blogdofarnesio.com.br\\\/?p=181702#primaryimage\"},\"thumbnailUrl\":\"https:\\\/\\\/blogdofarnesio.com.br\\\/wp-content\\\/uploads\\\/2017\\\/11\\\/blogqsp-Balan\u00e7o-1\u00aa-quinzena-novembro-1.jpg\",\"articleSection\":[\"Administra\u00e7\u00e3o\"],\"inLanguage\":\"pt-BR\",\"potentialAction\":[{\"@type\":\"CommentAction\",\"name\":\"Comment\",\"target\":[\"https:\\\/\\\/blogdofarnesio.com.br\\\/?p=181702#respond\"]}]},{\"@type\":\"WebPage\",\"@id\":\"https:\\\/\\\/blogdofarnesio.com.br\\\/?p=181702\",\"url\":\"https:\\\/\\\/blogdofarnesio.com.br\\\/?p=181702\",\"name\":\"FISCALIZA\u00c7\u00c3O MUNICIPAL REGISTRA DESDE NOTIFICA\u00c7\u00d5ES A APREENS\u00d5ES EM JUAZEIRO - Blog do Farn\u00e9sio\",\"isPartOf\":{\"@id\":\"https:\\\/\\\/blogdofarnesio.com.br\\\/#website\"},\"primaryImageOfPage\":{\"@id\":\"https:\\\/\\\/blogdofarnesio.com.br\\\/?p=181702#primaryimage\"},\"image\":{\"@id\":\"https:\\\/\\\/blogdofarnesio.com.br\\\/?p=181702#primaryimage\"},\"thumbnailUrl\":\"https:\\\/\\\/blogdofarnesio.com.br\\\/wp-content\\\/uploads\\\/2017\\\/11\\\/blogqsp-Balan\u00e7o-1\u00aa-quinzena-novembro-1.jpg\",\"datePublished\":\"2017-11-17T13:01:17+00:00\",\"dateModified\":\"2017-11-17T14:43:33+00:00\",\"breadcrumb\":{\"@id\":\"https:\\\/\\\/blogdofarnesio.com.br\\\/?p=181702#breadcrumb\"},\"inLanguage\":\"pt-BR\",\"potentialAction\":[{\"@type\":\"ReadAction\",\"target\":[\"https:\\\/\\\/blogdofarnesio.com.br\\\/?p=181702\"]}]},{\"@type\":\"ImageObject\",\"inLanguage\":\"pt-BR\",\"@id\":\"https:\\\/\\\/blogdofarnesio.com.br\\\/?p=181702#primaryimage\",\"url\":\"https:\\\/\\\/blogdofarnesio.com.br\\\/wp-content\\\/uploads\\\/2017\\\/11\\\/blogqsp-Balan\u00e7o-1\u00aa-quinzena-novembro-1.jpg\",\"contentUrl\":\"https:\\\/\\\/blogdofarnesio.com.br\\\/wp-content\\\/uploads\\\/2017\\\/11\\\/blogqsp-Balan\u00e7o-1\u00aa-quinzena-novembro-1.jpg\",\"width\":611,\"height\":480},{\"@type\":\"BreadcrumbList\",\"@id\":\"https:\\\/\\\/blogdofarnesio.com.br\\\/?p=181702#breadcrumb\",\"itemListElement\":[{\"@type\":\"ListItem\",\"position\":1,\"name\":\"In\u00edcio\",\"item\":\"https:\\\/\\\/blogdofarnesio.com.br\\\/\"},{\"@type\":\"ListItem\",\"position\":2,\"name\":\"FISCALIZA\u00c7\u00c3O MUNICIPAL REGISTRA DESDE NOTIFICA\u00c7\u00d5ES A APREENS\u00d5ES EM JUAZEIRO\"}]},{\"@type\":\"WebSite\",\"@id\":\"https:\\\/\\\/blogdofarnesio.com.br\\\/#website\",\"url\":\"https:\\\/\\\/blogdofarnesio.com.br\\\/\",\"name\":\"Blog do Farn\u00e9sio\",\"description\":\"Quer Saber Pol\u00edtica?\",\"publisher\":{\"@id\":\"https:\\\/\\\/blogdofarnesio.com.br\\\/#organization\"},\"potentialAction\":[{\"@type\":\"SearchAction\",\"target\":{\"@type\":\"EntryPoint\",\"urlTemplate\":\"https:\\\/\\\/blogdofarnesio.com.br\\\/?s={search_term_string}\"},\"query-input\":{\"@type\":\"PropertyValueSpecification\",\"valueRequired\":true,\"valueName\":\"search_term_string\"}}],\"inLanguage\":\"pt-BR\"},{\"@type\":\"Organization\",\"@id\":\"https:\\\/\\\/blogdofarnesio.com.br\\\/#organization\",\"name\":\"Blog do Farn\u00e9sio\",\"url\":\"https:\\\/\\\/blogdofarnesio.com.br\\\/\",\"logo\":{\"@type\":\"ImageObject\",\"inLanguage\":\"pt-BR\",\"@id\":\"https:\\\/\\\/blogdofarnesio.com.br\\\/#\\\/schema\\\/logo\\\/image\\\/\",\"url\":\"https:\\\/\\\/blogdofarnesio.com.br\\\/wp-content\\\/uploads\\\/2026\\\/03\\\/cropped-logo_new-1.png\",\"contentUrl\":\"https:\\\/\\\/blogdofarnesio.com.br\\\/wp-content\\\/uploads\\\/2026\\\/03\\\/cropped-logo_new-1.png\",\"width\":881,\"height\":685,\"caption\":\"Blog do Farn\u00e9sio\"},\"image\":{\"@id\":\"https:\\\/\\\/blogdofarnesio.com.br\\\/#\\\/schema\\\/logo\\\/image\\\/\"},\"sameAs\":[\"https:\\\/\\\/www.facebook.com\\\/BlogQuerSaberPolitica\\\/\"]},{\"@type\":\"Person\",\"@id\":\"https:\\\/\\\/blogdofarnesio.com.br\\\/#\\\/schema\\\/person\\\/301c4acf522bccbfdb45af95b5b906a1\",\"name\":\"Farn\u00e9sio\",\"image\":{\"@type\":\"ImageObject\",\"inLanguage\":\"pt-BR\",\"@id\":\"https:\\\/\\\/secure.gravatar.com\\\/avatar\\\/df0c9a14567c056f8ad6876ba5bbd1e3e2c48023eb6807342fc4663adf549f38?s=96&d=mm&r=g\",\"url\":\"https:\\\/\\\/secure.gravatar.com\\\/avatar\\\/df0c9a14567c056f8ad6876ba5bbd1e3e2c48023eb6807342fc4663adf549f38?s=96&d=mm&r=g\",\"contentUrl\":\"https:\\\/\\\/secure.gravatar.com\\\/avatar\\\/df0c9a14567c056f8ad6876ba5bbd1e3e2c48023eb6807342fc4663adf549f38?s=96&d=mm&r=g\",\"caption\":\"Farn\u00e9sio\"},\"sameAs\":[\"https:\\\/\\\/quersaberpolitica.com.br\"],\"url\":\"https:\\\/\\\/blogdofarnesio.com.br\\\/?author=1\"}]}<\/script>\n<!-- \/ Yoast SEO plugin. -->","yoast_head_json":{"title":"FISCALIZA\u00c7\u00c3O MUNICIPAL REGISTRA DESDE NOTIFICA\u00c7\u00d5ES A APREENS\u00d5ES EM JUAZEIRO - Blog do Farn\u00e9sio","robots":{"index":"index","follow":"follow","max-snippet":"max-snippet:-1","max-image-preview":"max-image-preview:large","max-video-preview":"max-video-preview:-1"},"canonical":"https:\/\/blogdofarnesio.com.br\/?p=181702","og_locale":"pt_BR","og_type":"article","og_title":"FISCALIZA\u00c7\u00c3O MUNICIPAL REGISTRA DESDE NOTIFICA\u00c7\u00d5ES A APREENS\u00d5ES EM JUAZEIRO - Blog do Farn\u00e9sio","og_description":"A Secretaria de Meio Ambiente e Ordenamento Urbano (SEMAURB) e da Guarda Civil Municipal (GCM) j\u00e1 registraram nestes quinzes primeiros dias de novembro diversas a\u00e7\u00f5es que culminam no ordenamento e seguran\u00e7a dos transeuntes e moradores de Juazeiro. O trabalho de fiscaliza\u00e7\u00e3o ambiental notificou 16 estabelecimentos na cidade, entre eles condom\u00ednios, ind\u00fastrias e lava jatos. As notifica\u00e7\u00f5es ocorreram por desconformidade com as licen\u00e7as apresentadas e \/ou pela n\u00e3o regulariza\u00e7\u00e3o das atividades. Cumprindo o que determina a Lei 018\/2016 a fiscaliza\u00e7\u00e3o emite a notifica\u00e7\u00e3o e dentro do prazo que pode ser de 24h at\u00e9 15 dias se n\u00e3o houver a regulariza\u00e7\u00e3o as multas e interdi\u00e7\u00f5es podem ser aplicadas. J\u00e1 as a\u00e7\u00f5es de fiscaliza\u00e7\u00f5es realizadas pela equipe de obras, ordenamento urbano e apreens\u00e3o&hellip;","og_url":"https:\/\/blogdofarnesio.com.br\/?p=181702","og_site_name":"Blog do Farn\u00e9sio","article_publisher":"https:\/\/www.facebook.com\/BlogQuerSaberPolitica\/","article_published_time":"2017-11-17T13:01:17+00:00","article_modified_time":"2017-11-17T14:43:33+00:00","og_image":[{"width":611,"height":480,"url":"https:\/\/blogdofarnesio.com.br\/wp-content\/uploads\/2017\/11\/blogqsp-Balan\u00e7o-1\u00aa-quinzena-novembro-1.jpg","type":"image\/jpeg"}],"author":"Farn\u00e9sio","twitter_card":"summary_large_image","twitter_misc":{"Escrito por":"Farn\u00e9sio","Est. tempo de leitura":"2 minutos"},"schema":{"@context":"https:\/\/schema.org","@graph":[{"@type":"Article","@id":"https:\/\/blogdofarnesio.com.br\/?p=181702#article","isPartOf":{"@id":"https:\/\/blogdofarnesio.com.br\/?p=181702"},"author":{"name":"Farn\u00e9sio","@id":"https:\/\/blogdofarnesio.com.br\/#\/schema\/person\/301c4acf522bccbfdb45af95b5b906a1"},"headline":"FISCALIZA\u00c7\u00c3O MUNICIPAL REGISTRA DESDE NOTIFICA\u00c7\u00d5ES A APREENS\u00d5ES EM JUAZEIRO","datePublished":"2017-11-17T13:01:17+00:00","dateModified":"2017-11-17T14:43:33+00:00","mainEntityOfPage":{"@id":"https:\/\/blogdofarnesio.com.br\/?p=181702"},"wordCount":500,"commentCount":0,"publisher":{"@id":"https:\/\/blogdofarnesio.com.br\/#organization"},"image":{"@id":"https:\/\/blogdofarnesio.com.br\/?p=181702#primaryimage"},"thumbnailUrl":"https:\/\/blogdofarnesio.com.br\/wp-content\/uploads\/2017\/11\/blogqsp-Balan\u00e7o-1\u00aa-quinzena-novembro-1.jpg","articleSection":["Administra\u00e7\u00e3o"],"inLanguage":"pt-BR","potentialAction":[{"@type":"CommentAction","name":"Comment","target":["https:\/\/blogdofarnesio.com.br\/?p=181702#respond"]}]},{"@type":"WebPage","@id":"https:\/\/blogdofarnesio.com.br\/?p=181702","url":"https:\/\/blogdofarnesio.com.br\/?p=181702","name":"FISCALIZA\u00c7\u00c3O MUNICIPAL REGISTRA DESDE NOTIFICA\u00c7\u00d5ES A APREENS\u00d5ES EM JUAZEIRO - Blog do Farn\u00e9sio","isPartOf":{"@id":"https:\/\/blogdofarnesio.com.br\/#website"},"primaryImageOfPage":{"@id":"https:\/\/blogdofarnesio.com.br\/?p=181702#primaryimage"},"image":{"@id":"https:\/\/blogdofarnesio.com.br\/?p=181702#primaryimage"},"thumbnailUrl":"https:\/\/blogdofarnesio.com.br\/wp-content\/uploads\/2017\/11\/blogqsp-Balan\u00e7o-1\u00aa-quinzena-novembro-1.jpg","datePublished":"2017-11-17T13:01:17+00:00","dateModified":"2017-11-17T14:43:33+00:00","breadcrumb":{"@id":"https:\/\/blogdofarnesio.com.br\/?p=181702#breadcrumb"},"inLanguage":"pt-BR","potentialAction":[{"@type":"ReadAction","target":["https:\/\/blogdofarnesio.com.br\/?p=181702"]}]},{"@type":"ImageObject","inLanguage":"pt-BR","@id":"https:\/\/blogdofarnesio.com.br\/?p=181702#primaryimage","url":"https:\/\/blogdofarnesio.com.br\/wp-content\/uploads\/2017\/11\/blogqsp-Balan\u00e7o-1\u00aa-quinzena-novembro-1.jpg","contentUrl":"https:\/\/blogdofarnesio.com.br\/wp-content\/uploads\/2017\/11\/blogqsp-Balan\u00e7o-1\u00aa-quinzena-novembro-1.jpg","width":611,"height":480},{"@type":"BreadcrumbList","@id":"https:\/\/blogdofarnesio.com.br\/?p=181702#breadcrumb","itemListElement":[{"@type":"ListItem","position":1,"name":"In\u00edcio","item":"https:\/\/blogdofarnesio.com.br\/"},{"@type":"ListItem","position":2,"name":"FISCALIZA\u00c7\u00c3O MUNICIPAL REGISTRA DESDE NOTIFICA\u00c7\u00d5ES A APREENS\u00d5ES EM JUAZEIRO"}]},{"@type":"WebSite","@id":"https:\/\/blogdofarnesio.com.br\/#website","url":"https:\/\/blogdofarnesio.com.br\/","name":"Blog do Farn\u00e9sio","description":"Quer Saber Pol\u00edtica?","publisher":{"@id":"https:\/\/blogdofarnesio.com.br\/#organization"},"potentialAction":[{"@type":"SearchAction","target":{"@type":"EntryPoint","urlTemplate":"https:\/\/blogdofarnesio.com.br\/?s={search_term_string}"},"query-input":{"@type":"PropertyValueSpecification","valueRequired":true,"valueName":"search_term_string"}}],"inLanguage":"pt-BR"},{"@type":"Organization","@id":"https:\/\/blogdofarnesio.com.br\/#organization","name":"Blog do Farn\u00e9sio","url":"https:\/\/blogdofarnesio.com.br\/","logo":{"@type":"ImageObject","inLanguage":"pt-BR","@id":"https:\/\/blogdofarnesio.com.br\/#\/schema\/logo\/image\/","url":"https:\/\/blogdofarnesio.com.br\/wp-content\/uploads\/2026\/03\/cropped-logo_new-1.png","contentUrl":"https:\/\/blogdofarnesio.com.br\/wp-content\/uploads\/2026\/03\/cropped-logo_new-1.png","width":881,"height":685,"caption":"Blog do Farn\u00e9sio"},"image":{"@id":"https:\/\/blogdofarnesio.com.br\/#\/schema\/logo\/image\/"},"sameAs":["https:\/\/www.facebook.com\/BlogQuerSaberPolitica\/"]},{"@type":"Person","@id":"https:\/\/blogdofarnesio.com.br\/#\/schema\/person\/301c4acf522bccbfdb45af95b5b906a1","name":"Farn\u00e9sio","image":{"@type":"ImageObject","inLanguage":"pt-BR","@id":"https:\/\/secure.gravatar.com\/avatar\/df0c9a14567c056f8ad6876ba5bbd1e3e2c48023eb6807342fc4663adf549f38?s=96&d=mm&r=g","url":"https:\/\/secure.gravatar.com\/avatar\/df0c9a14567c056f8ad6876ba5bbd1e3e2c48023eb6807342fc4663adf549f38?s=96&d=mm&r=g","contentUrl":"https:\/\/secure.gravatar.com\/avatar\/df0c9a14567c056f8ad6876ba5bbd1e3e2c48023eb6807342fc4663adf549f38?s=96&d=mm&r=g","caption":"Farn\u00e9sio"},"sameAs":["https:\/\/quersaberpolitica.com.br"],"url":"https:\/\/blogdofarnesio.com.br\/?author=1"}]}},"_links":{"self":[{"href":"https:\/\/blogdofarnesio.com.br\/index.php?rest_route=\/wp\/v2\/posts\/181702","targetHints":{"allow":["GET"]}}],"collection":[{"href":"https:\/\/blogdofarnesio.com.br\/index.php?rest_route=\/wp\/v2\/posts"}],"about":[{"href":"https:\/\/blogdofarnesio.com.br\/index.php?rest_route=\/wp\/v2\/types\/post"}],"author":[{"embeddable":true,"href":"https:\/\/blogdofarnesio.com.br\/index.php?rest_route=\/wp\/v2\/users\/1"}],"replies":[{"embeddable":true,"href":"https:\/\/blogdofarnesio.com.br\/index.php?rest_route=%2Fwp%2Fv2%2Fcomments&post=181702"}],"version-history":[{"count":0,"href":"https:\/\/blogdofarnesio.com.br\/index.php?rest_route=\/wp\/v2\/posts\/181702\/revisions"}],"wp:featuredmedia":[{"embeddable":true,"href":"https:\/\/blogdofarnesio.com.br\/index.php?rest_route=\/wp\/v2\/media\/181704"}],"wp:attachment":[{"href":"https:\/\/blogdofarnesio.com.br\/index.php?rest_route=%2Fwp%2Fv2%2Fmedia&parent=181702"}],"wp:term":[{"taxonomy":"category","embeddable":true,"href":"https:\/\/blogdofarnesio.com.br\/index.php?rest_route=%2Fwp%2Fv2%2Fcategories&post=181702"},{"taxonomy":"post_tag","embeddable":true,"href":"https:\/\/blogdofarnesio.com.br\/index.php?rest_route=%2Fwp%2Fv2%2Ftags&post=181702"}],"curies":[{"name":"wp","href":"https:\/\/api.w.org\/{rel}","templated":true}]}}