{"id":181591,"date":"2017-11-16T14:20:12","date_gmt":"2017-11-16T17:20:12","guid":{"rendered":"http:\/\/quersaberpolitica.com.br\/2016\/?p=181591"},"modified":"2017-11-16T11:14:20","modified_gmt":"2017-11-16T14:14:20","slug":"toda-sexta-tem-obra-entrega-construcao-de-posto-de-saude-em-manicoba-ii","status":"publish","type":"post","link":"https:\/\/blogdofarnesio.com.br\/?p=181591","title":{"rendered":"TODA SEXTA TEM OBRA ENTREGA CONSTRU\u00c7\u00c3O DE POSTO DE SA\u00daDE EM MANI\u00c7OBA II"},"content":{"rendered":"<p>&nbsp;<\/p>\n<p style=\"text-align: justify;\">Nesta sexta-feira (17), \u00e0s 18h30, o prefeito Paulo Bomfim entrega mais um equipamento p\u00fablico que vem para fortalecer a sa\u00fade da rede municipal, cumprindo mais uma agenda do Toda Sexta tem obra. A comunidade de Mani\u00e7oba II recebe a constru\u00e7\u00e3o da Unidade B\u00e1sica de Sa\u00fade (UBS), or\u00e7ada em R$ 307 mil, contando com recursos do Governo Federal e com contrapartida do munic\u00edpio. Na ocasi\u00e3o, tamb\u00e9m haver\u00e1 o plantio de uma \u00e1rvore nativa, como parte do projeto \u201cMinha Cidade Mais Verde\u201d.<\/p>\n<p style=\"text-align: justify;\">De acordo com a secret\u00e1ria da Sa\u00fade, Fab\u00edola Ribeiro, essa \u00e9 11\u00aa unidade do programa \u2018Requalifica UBS\u2019, do Minist\u00e9rio da Sa\u00fade, constru\u00edda em Juazeiro &#8211; ao todo ser\u00e3o 14. \u201cO prefeito, sabiamente, vem dando continuidade as conquistas da gest\u00e3o passada. Este \u00e9 o oitavo Posto de Sa\u00fade entregue pela atual gest\u00e3o, com a equipe de sa\u00fade da fam\u00edlia completa, para atender melhor os nossos usu\u00e1rios, como determina Paulo Bomfim\u201d, informa.<\/p>\n<p style=\"text-align: justify;\">A unidade conta com: ampla recep\u00e7\u00e3o e sala de espera, consult\u00f3rios m\u00e9dicos, odontol\u00f3gicos e de enfermagem, salas de vacina, procedimentos, esteriliza\u00e7\u00e3o, triagem e curativos, farm\u00e1cia, almoxarifado, dep\u00f3sito de material de limpeza e \u00e1rea de servi\u00e7o. Todo equipamento disp\u00f5e de acessibilidade.<\/p>\n<p style=\"text-align: justify;\">Ascom\/PMJ<\/p>\n","protected":false},"excerpt":{"rendered":"<p>&nbsp; Nesta sexta-feira (17), \u00e0s 18h30, o prefeito Paulo Bomfim entrega mais um equipamento p\u00fablico que vem para fortalecer a sa\u00fade da rede municipal, cumprindo mais uma agenda do Toda Sexta tem obra. A comunidade de Mani\u00e7oba II recebe a constru\u00e7\u00e3o da Unidade B\u00e1sica de Sa\u00fade (UBS), or\u00e7ada em R$ 307 mil, contando com recursos do Governo Federal e com contrapartida do munic\u00edpio. Na ocasi\u00e3o, tamb\u00e9m haver\u00e1 o plantio de uma \u00e1rvore nativa, como parte do projeto \u201cMinha Cidade Mais Verde\u201d. De acordo com a secret\u00e1ria da Sa\u00fade, Fab\u00edola Ribeiro, essa \u00e9 11\u00aa unidade do programa \u2018Requalifica UBS\u2019, do Minist\u00e9rio da Sa\u00fade, constru\u00edda em Juazeiro &#8211; ao todo ser\u00e3o 14. \u201cO prefeito, sabiamente, vem dando continuidade as conquistas da gest\u00e3o&hellip; <\/p>\n","protected":false},"author":1,"featured_media":0,"comment_status":"open","ping_status":"closed","sticky":false,"template":"","format":"standard","meta":{"_acf_changed":false,"footnotes":""},"categories":[44],"tags":[],"class_list":["post-181591","post","type-post","status-publish","format-standard","hentry","category-administracao"],"acf":[],"yoast_head":"<!-- This site is optimized with the Yoast SEO plugin v27.4 - https:\/\/yoast.com\/product\/yoast-seo-wordpress\/ -->\n<title>TODA SEXTA TEM OBRA ENTREGA CONSTRU\u00c7\u00c3O DE POSTO DE SA\u00daDE EM MANI\u00c7OBA II - Blog do Farn\u00e9sio<\/title>\n<meta name=\"robots\" content=\"index, follow, max-snippet:-1, max-image-preview:large, max-video-preview:-1\" \/>\n<link rel=\"canonical\" href=\"https:\/\/blogdofarnesio.com.br\/?p=181591\" \/>\n<meta property=\"og:locale\" content=\"pt_BR\" \/>\n<meta property=\"og:type\" content=\"article\" \/>\n<meta property=\"og:title\" content=\"TODA SEXTA TEM OBRA ENTREGA CONSTRU\u00c7\u00c3O DE POSTO DE SA\u00daDE EM MANI\u00c7OBA II - Blog do Farn\u00e9sio\" \/>\n<meta property=\"og:description\" content=\"&nbsp; Nesta sexta-feira (17), \u00e0s 18h30, o prefeito Paulo Bomfim entrega mais um equipamento p\u00fablico que vem para fortalecer a sa\u00fade da rede municipal, cumprindo mais uma agenda do Toda Sexta tem obra. A comunidade de Mani\u00e7oba II recebe a constru\u00e7\u00e3o da Unidade B\u00e1sica de Sa\u00fade (UBS), or\u00e7ada em R$ 307 mil, contando com recursos do Governo Federal e com contrapartida do munic\u00edpio. Na ocasi\u00e3o, tamb\u00e9m haver\u00e1 o plantio de uma \u00e1rvore nativa, como parte do projeto \u201cMinha Cidade Mais Verde\u201d. De acordo com a secret\u00e1ria da Sa\u00fade, Fab\u00edola Ribeiro, essa \u00e9 11\u00aa unidade do programa \u2018Requalifica UBS\u2019, do Minist\u00e9rio da Sa\u00fade, constru\u00edda em Juazeiro &#8211; ao todo ser\u00e3o 14. \u201cO prefeito, sabiamente, vem dando continuidade as conquistas da gest\u00e3o&hellip;\" \/>\n<meta property=\"og:url\" content=\"https:\/\/blogdofarnesio.com.br\/?p=181591\" \/>\n<meta property=\"og:site_name\" content=\"Blog do Farn\u00e9sio\" \/>\n<meta property=\"article:publisher\" content=\"https:\/\/www.facebook.com\/BlogQuerSaberPolitica\/\" \/>\n<meta property=\"article:published_time\" content=\"2017-11-16T17:20:12+00:00\" \/>\n<meta name=\"author\" content=\"Farn\u00e9sio\" \/>\n<meta name=\"twitter:card\" content=\"summary_large_image\" \/>\n<meta name=\"twitter:label1\" content=\"Escrito por\" \/>\n\t<meta name=\"twitter:data1\" content=\"Farn\u00e9sio\" \/>\n\t<meta name=\"twitter:label2\" content=\"Est. tempo de leitura\" \/>\n\t<meta name=\"twitter:data2\" content=\"1 minuto\" \/>\n<script type=\"application\/ld+json\" class=\"yoast-schema-graph\">{\"@context\":\"https:\\\/\\\/schema.org\",\"@graph\":[{\"@type\":\"Article\",\"@id\":\"https:\\\/\\\/blogdofarnesio.com.br\\\/?p=181591#article\",\"isPartOf\":{\"@id\":\"https:\\\/\\\/blogdofarnesio.com.br\\\/?p=181591\"},\"author\":{\"name\":\"Farn\u00e9sio\",\"@id\":\"https:\\\/\\\/blogdofarnesio.com.br\\\/#\\\/schema\\\/person\\\/301c4acf522bccbfdb45af95b5b906a1\"},\"headline\":\"TODA SEXTA TEM OBRA ENTREGA CONSTRU\u00c7\u00c3O DE POSTO DE SA\u00daDE EM MANI\u00c7OBA II\",\"datePublished\":\"2017-11-16T17:20:12+00:00\",\"mainEntityOfPage\":{\"@id\":\"https:\\\/\\\/blogdofarnesio.com.br\\\/?p=181591\"},\"wordCount\":235,\"commentCount\":0,\"publisher\":{\"@id\":\"https:\\\/\\\/blogdofarnesio.com.br\\\/#organization\"},\"articleSection\":[\"Administra\u00e7\u00e3o\"],\"inLanguage\":\"pt-BR\",\"potentialAction\":[{\"@type\":\"CommentAction\",\"name\":\"Comment\",\"target\":[\"https:\\\/\\\/blogdofarnesio.com.br\\\/?p=181591#respond\"]}]},{\"@type\":\"WebPage\",\"@id\":\"https:\\\/\\\/blogdofarnesio.com.br\\\/?p=181591\",\"url\":\"https:\\\/\\\/blogdofarnesio.com.br\\\/?p=181591\",\"name\":\"TODA SEXTA TEM OBRA ENTREGA CONSTRU\u00c7\u00c3O DE POSTO DE SA\u00daDE EM MANI\u00c7OBA II - Blog do Farn\u00e9sio\",\"isPartOf\":{\"@id\":\"https:\\\/\\\/blogdofarnesio.com.br\\\/#website\"},\"datePublished\":\"2017-11-16T17:20:12+00:00\",\"breadcrumb\":{\"@id\":\"https:\\\/\\\/blogdofarnesio.com.br\\\/?p=181591#breadcrumb\"},\"inLanguage\":\"pt-BR\",\"potentialAction\":[{\"@type\":\"ReadAction\",\"target\":[\"https:\\\/\\\/blogdofarnesio.com.br\\\/?p=181591\"]}]},{\"@type\":\"BreadcrumbList\",\"@id\":\"https:\\\/\\\/blogdofarnesio.com.br\\\/?p=181591#breadcrumb\",\"itemListElement\":[{\"@type\":\"ListItem\",\"position\":1,\"name\":\"In\u00edcio\",\"item\":\"https:\\\/\\\/blogdofarnesio.com.br\\\/\"},{\"@type\":\"ListItem\",\"position\":2,\"name\":\"TODA SEXTA TEM OBRA ENTREGA CONSTRU\u00c7\u00c3O DE POSTO DE SA\u00daDE EM MANI\u00c7OBA II\"}]},{\"@type\":\"WebSite\",\"@id\":\"https:\\\/\\\/blogdofarnesio.com.br\\\/#website\",\"url\":\"https:\\\/\\\/blogdofarnesio.com.br\\\/\",\"name\":\"Blog do Farn\u00e9sio\",\"description\":\"Quer Saber Pol\u00edtica?\",\"publisher\":{\"@id\":\"https:\\\/\\\/blogdofarnesio.com.br\\\/#organization\"},\"potentialAction\":[{\"@type\":\"SearchAction\",\"target\":{\"@type\":\"EntryPoint\",\"urlTemplate\":\"https:\\\/\\\/blogdofarnesio.com.br\\\/?s={search_term_string}\"},\"query-input\":{\"@type\":\"PropertyValueSpecification\",\"valueRequired\":true,\"valueName\":\"search_term_string\"}}],\"inLanguage\":\"pt-BR\"},{\"@type\":\"Organization\",\"@id\":\"https:\\\/\\\/blogdofarnesio.com.br\\\/#organization\",\"name\":\"Blog do Farn\u00e9sio\",\"url\":\"https:\\\/\\\/blogdofarnesio.com.br\\\/\",\"logo\":{\"@type\":\"ImageObject\",\"inLanguage\":\"pt-BR\",\"@id\":\"https:\\\/\\\/blogdofarnesio.com.br\\\/#\\\/schema\\\/logo\\\/image\\\/\",\"url\":\"https:\\\/\\\/blogdofarnesio.com.br\\\/wp-content\\\/uploads\\\/2026\\\/03\\\/cropped-logo_new-1.png\",\"contentUrl\":\"https:\\\/\\\/blogdofarnesio.com.br\\\/wp-content\\\/uploads\\\/2026\\\/03\\\/cropped-logo_new-1.png\",\"width\":881,\"height\":685,\"caption\":\"Blog do Farn\u00e9sio\"},\"image\":{\"@id\":\"https:\\\/\\\/blogdofarnesio.com.br\\\/#\\\/schema\\\/logo\\\/image\\\/\"},\"sameAs\":[\"https:\\\/\\\/www.facebook.com\\\/BlogQuerSaberPolitica\\\/\"]},{\"@type\":\"Person\",\"@id\":\"https:\\\/\\\/blogdofarnesio.com.br\\\/#\\\/schema\\\/person\\\/301c4acf522bccbfdb45af95b5b906a1\",\"name\":\"Farn\u00e9sio\",\"image\":{\"@type\":\"ImageObject\",\"inLanguage\":\"pt-BR\",\"@id\":\"https:\\\/\\\/secure.gravatar.com\\\/avatar\\\/df0c9a14567c056f8ad6876ba5bbd1e3e2c48023eb6807342fc4663adf549f38?s=96&d=mm&r=g\",\"url\":\"https:\\\/\\\/secure.gravatar.com\\\/avatar\\\/df0c9a14567c056f8ad6876ba5bbd1e3e2c48023eb6807342fc4663adf549f38?s=96&d=mm&r=g\",\"contentUrl\":\"https:\\\/\\\/secure.gravatar.com\\\/avatar\\\/df0c9a14567c056f8ad6876ba5bbd1e3e2c48023eb6807342fc4663adf549f38?s=96&d=mm&r=g\",\"caption\":\"Farn\u00e9sio\"},\"sameAs\":[\"https:\\\/\\\/quersaberpolitica.com.br\"],\"url\":\"https:\\\/\\\/blogdofarnesio.com.br\\\/?author=1\"}]}<\/script>\n<!-- \/ Yoast SEO plugin. -->","yoast_head_json":{"title":"TODA SEXTA TEM OBRA ENTREGA CONSTRU\u00c7\u00c3O DE POSTO DE SA\u00daDE EM MANI\u00c7OBA II - Blog do Farn\u00e9sio","robots":{"index":"index","follow":"follow","max-snippet":"max-snippet:-1","max-image-preview":"max-image-preview:large","max-video-preview":"max-video-preview:-1"},"canonical":"https:\/\/blogdofarnesio.com.br\/?p=181591","og_locale":"pt_BR","og_type":"article","og_title":"TODA SEXTA TEM OBRA ENTREGA CONSTRU\u00c7\u00c3O DE POSTO DE SA\u00daDE EM MANI\u00c7OBA II - Blog do Farn\u00e9sio","og_description":"&nbsp; Nesta sexta-feira (17), \u00e0s 18h30, o prefeito Paulo Bomfim entrega mais um equipamento p\u00fablico que vem para fortalecer a sa\u00fade da rede municipal, cumprindo mais uma agenda do Toda Sexta tem obra. A comunidade de Mani\u00e7oba II recebe a constru\u00e7\u00e3o da Unidade B\u00e1sica de Sa\u00fade (UBS), or\u00e7ada em R$ 307 mil, contando com recursos do Governo Federal e com contrapartida do munic\u00edpio. Na ocasi\u00e3o, tamb\u00e9m haver\u00e1 o plantio de uma \u00e1rvore nativa, como parte do projeto \u201cMinha Cidade Mais Verde\u201d. De acordo com a secret\u00e1ria da Sa\u00fade, Fab\u00edola Ribeiro, essa \u00e9 11\u00aa unidade do programa \u2018Requalifica UBS\u2019, do Minist\u00e9rio da Sa\u00fade, constru\u00edda em Juazeiro &#8211; ao todo ser\u00e3o 14. \u201cO prefeito, sabiamente, vem dando continuidade as conquistas da gest\u00e3o&hellip;","og_url":"https:\/\/blogdofarnesio.com.br\/?p=181591","og_site_name":"Blog do Farn\u00e9sio","article_publisher":"https:\/\/www.facebook.com\/BlogQuerSaberPolitica\/","article_published_time":"2017-11-16T17:20:12+00:00","author":"Farn\u00e9sio","twitter_card":"summary_large_image","twitter_misc":{"Escrito por":"Farn\u00e9sio","Est. tempo de leitura":"1 minuto"},"schema":{"@context":"https:\/\/schema.org","@graph":[{"@type":"Article","@id":"https:\/\/blogdofarnesio.com.br\/?p=181591#article","isPartOf":{"@id":"https:\/\/blogdofarnesio.com.br\/?p=181591"},"author":{"name":"Farn\u00e9sio","@id":"https:\/\/blogdofarnesio.com.br\/#\/schema\/person\/301c4acf522bccbfdb45af95b5b906a1"},"headline":"TODA SEXTA TEM OBRA ENTREGA CONSTRU\u00c7\u00c3O DE POSTO DE SA\u00daDE EM MANI\u00c7OBA II","datePublished":"2017-11-16T17:20:12+00:00","mainEntityOfPage":{"@id":"https:\/\/blogdofarnesio.com.br\/?p=181591"},"wordCount":235,"commentCount":0,"publisher":{"@id":"https:\/\/blogdofarnesio.com.br\/#organization"},"articleSection":["Administra\u00e7\u00e3o"],"inLanguage":"pt-BR","potentialAction":[{"@type":"CommentAction","name":"Comment","target":["https:\/\/blogdofarnesio.com.br\/?p=181591#respond"]}]},{"@type":"WebPage","@id":"https:\/\/blogdofarnesio.com.br\/?p=181591","url":"https:\/\/blogdofarnesio.com.br\/?p=181591","name":"TODA SEXTA TEM OBRA ENTREGA CONSTRU\u00c7\u00c3O DE POSTO DE SA\u00daDE EM MANI\u00c7OBA II - Blog do Farn\u00e9sio","isPartOf":{"@id":"https:\/\/blogdofarnesio.com.br\/#website"},"datePublished":"2017-11-16T17:20:12+00:00","breadcrumb":{"@id":"https:\/\/blogdofarnesio.com.br\/?p=181591#breadcrumb"},"inLanguage":"pt-BR","potentialAction":[{"@type":"ReadAction","target":["https:\/\/blogdofarnesio.com.br\/?p=181591"]}]},{"@type":"BreadcrumbList","@id":"https:\/\/blogdofarnesio.com.br\/?p=181591#breadcrumb","itemListElement":[{"@type":"ListItem","position":1,"name":"In\u00edcio","item":"https:\/\/blogdofarnesio.com.br\/"},{"@type":"ListItem","position":2,"name":"TODA SEXTA TEM OBRA ENTREGA CONSTRU\u00c7\u00c3O DE POSTO DE SA\u00daDE EM MANI\u00c7OBA II"}]},{"@type":"WebSite","@id":"https:\/\/blogdofarnesio.com.br\/#website","url":"https:\/\/blogdofarnesio.com.br\/","name":"Blog do Farn\u00e9sio","description":"Quer Saber Pol\u00edtica?","publisher":{"@id":"https:\/\/blogdofarnesio.com.br\/#organization"},"potentialAction":[{"@type":"SearchAction","target":{"@type":"EntryPoint","urlTemplate":"https:\/\/blogdofarnesio.com.br\/?s={search_term_string}"},"query-input":{"@type":"PropertyValueSpecification","valueRequired":true,"valueName":"search_term_string"}}],"inLanguage":"pt-BR"},{"@type":"Organization","@id":"https:\/\/blogdofarnesio.com.br\/#organization","name":"Blog do Farn\u00e9sio","url":"https:\/\/blogdofarnesio.com.br\/","logo":{"@type":"ImageObject","inLanguage":"pt-BR","@id":"https:\/\/blogdofarnesio.com.br\/#\/schema\/logo\/image\/","url":"https:\/\/blogdofarnesio.com.br\/wp-content\/uploads\/2026\/03\/cropped-logo_new-1.png","contentUrl":"https:\/\/blogdofarnesio.com.br\/wp-content\/uploads\/2026\/03\/cropped-logo_new-1.png","width":881,"height":685,"caption":"Blog do Farn\u00e9sio"},"image":{"@id":"https:\/\/blogdofarnesio.com.br\/#\/schema\/logo\/image\/"},"sameAs":["https:\/\/www.facebook.com\/BlogQuerSaberPolitica\/"]},{"@type":"Person","@id":"https:\/\/blogdofarnesio.com.br\/#\/schema\/person\/301c4acf522bccbfdb45af95b5b906a1","name":"Farn\u00e9sio","image":{"@type":"ImageObject","inLanguage":"pt-BR","@id":"https:\/\/secure.gravatar.com\/avatar\/df0c9a14567c056f8ad6876ba5bbd1e3e2c48023eb6807342fc4663adf549f38?s=96&d=mm&r=g","url":"https:\/\/secure.gravatar.com\/avatar\/df0c9a14567c056f8ad6876ba5bbd1e3e2c48023eb6807342fc4663adf549f38?s=96&d=mm&r=g","contentUrl":"https:\/\/secure.gravatar.com\/avatar\/df0c9a14567c056f8ad6876ba5bbd1e3e2c48023eb6807342fc4663adf549f38?s=96&d=mm&r=g","caption":"Farn\u00e9sio"},"sameAs":["https:\/\/quersaberpolitica.com.br"],"url":"https:\/\/blogdofarnesio.com.br\/?author=1"}]}},"_links":{"self":[{"href":"https:\/\/blogdofarnesio.com.br\/index.php?rest_route=\/wp\/v2\/posts\/181591","targetHints":{"allow":["GET"]}}],"collection":[{"href":"https:\/\/blogdofarnesio.com.br\/index.php?rest_route=\/wp\/v2\/posts"}],"about":[{"href":"https:\/\/blogdofarnesio.com.br\/index.php?rest_route=\/wp\/v2\/types\/post"}],"author":[{"embeddable":true,"href":"https:\/\/blogdofarnesio.com.br\/index.php?rest_route=\/wp\/v2\/users\/1"}],"replies":[{"embeddable":true,"href":"https:\/\/blogdofarnesio.com.br\/index.php?rest_route=%2Fwp%2Fv2%2Fcomments&post=181591"}],"version-history":[{"count":0,"href":"https:\/\/blogdofarnesio.com.br\/index.php?rest_route=\/wp\/v2\/posts\/181591\/revisions"}],"wp:attachment":[{"href":"https:\/\/blogdofarnesio.com.br\/index.php?rest_route=%2Fwp%2Fv2%2Fmedia&parent=181591"}],"wp:term":[{"taxonomy":"category","embeddable":true,"href":"https:\/\/blogdofarnesio.com.br\/index.php?rest_route=%2Fwp%2Fv2%2Fcategories&post=181591"},{"taxonomy":"post_tag","embeddable":true,"href":"https:\/\/blogdofarnesio.com.br\/index.php?rest_route=%2Fwp%2Fv2%2Ftags&post=181591"}],"curies":[{"name":"wp","href":"https:\/\/api.w.org\/{rel}","templated":true}]}}