{"id":181540,"date":"2017-11-16T13:00:28","date_gmt":"2017-11-16T16:00:28","guid":{"rendered":"http:\/\/quersaberpolitica.com.br\/2016\/?p=181540"},"modified":"2017-11-16T11:10:46","modified_gmt":"2017-11-16T14:10:46","slug":"procon-orienta-consumidor-sobre-lojas-virtuais-durante-a-black-friday","status":"publish","type":"post","link":"https:\/\/blogdofarnesio.com.br\/?p=181540","title":{"rendered":"PROCON ORIENTA CONSUMIDOR SOBRE LOJAS VIRTUAIS DURANTE A BLACK FRIDAY"},"content":{"rendered":"<p style=\"text-align: justify;\">O Procon de Juazeiro revela os sites que devem ser evitados pelo internauta ao fazer compras durante a\u00a0<a href=\"http:\/\/www.techtudo.com.br\/tudo-sobre\/black-friday.html\" target=\"_blank\" rel=\"noopener\" data-saferedirecturl=\"https:\/\/www.google.com\/url?hl=pt-BR&amp;q=http:\/\/www.techtudo.com.br\/tudo-sobre\/black-friday.html&amp;source=gmail&amp;ust=1510769357739000&amp;usg=AFQjCNFJ7GFT62RU_7byMfpm1jYEVj9eaQ\"><strong>Black Friday Brasil 2017\u00a0<\/strong><\/a>\u2014 a\u00e7\u00e3o de vendas que, esse ano, tem data marcada para o dia 24 de novembro. Na lista constam 518 lojas virtuais, at\u00e9 o momento, e todas as p\u00e1ginas citadas tiveram reclama\u00e7\u00f5es de consumidores registradas no Procon de S\u00e3o Paulo, foram notificadas e n\u00e3o responderam ou n\u00e3o foram encontradas.<\/p>\n<p style=\"text-align: justify;\">O Procon divulgou a rela\u00e7\u00e3o de endere\u00e7os pela primeira vez em julho de 2011 e a mant\u00e9m atualizada desde ent\u00e3o \u2014 a \u00faltima atualiza\u00e7\u00e3o foi feita na \u00faltima sexta-feira (10). Fique atento e descubra de quais sites voc\u00ea deve ficar longe.<\/p>\n<p style=\"text-align: justify;\">Al\u00e9m do endere\u00e7o do site, a lista ainda mostra informa\u00e7\u00f5es como a empresa ou pessoa respons\u00e1vel pela p\u00e1gina, o respectivo CNPJ (ou CPF), sua situa\u00e7\u00e3o \u2014 que pode estar classificada como \u2018No ar\u2019 e \u2018Fora do ar\u2019 e significa o status do site no dia da inser\u00e7\u00e3o \u00e0 lista \u2014 e a data de inclus\u00e3o.<\/p>\n<p style=\"text-align: justify;\">Marcas nacionais conhecidas n\u00e3o est\u00e3o presentes na listagem, mas alguns nomes chamam a aten\u00e7\u00e3o pela semelhan\u00e7a a determinados estabelecimentos famosos, como \u00e9 o caso das p\u00e1ginas \u2018<a href=\"http:\/\/gabimagazine.com.br\/\" target=\"_blank\" rel=\"noopener\" data-saferedirecturl=\"https:\/\/www.google.com\/url?hl=pt-BR&amp;q=http:\/\/gabimagazine.com.br&amp;source=gmail&amp;ust=1510769357739000&amp;usg=AFQjCNFtLN7sfDDKYN781WwYUxj9vBGiaQ\">gabimagazine.com.br<\/a>\u2019, \u2018<a href=\"http:\/\/magazinefernando.com\/\" target=\"_blank\" rel=\"noopener\" data-saferedirecturl=\"https:\/\/www.google.com\/url?hl=pt-BR&amp;q=http:\/\/magazinefernando.com&amp;source=gmail&amp;ust=1510769357739000&amp;usg=AFQjCNEKdJf4fCajERXQ_iJpAMHi0kbFtg\">magazinefernando.com<\/a>\u2019 e \u2018<a href=\"http:\/\/magazinericardo.com.br\/\" target=\"_blank\" rel=\"noopener\" data-saferedirecturl=\"https:\/\/www.google.com\/url?hl=pt-BR&amp;q=http:\/\/magazinericardo.com.br&amp;source=gmail&amp;ust=1510769357739000&amp;usg=AFQjCNFgqkWl9x4zaDgacuO1KCSa8I65ZQ\">magazinericardo.com.br<\/a>\u2019 \u2014 supostamente se referem \u00e0 Magazine Luiza.<\/p>\n<p style=\"text-align: justify;\">Entre as recomenda\u00e7\u00f5es do \u00f3rg\u00e3o est\u00e3o: o acompanhamento de pre\u00e7os por meio de uma pesquisa pr\u00e9via e frequente dos produtos, al\u00e9m de conferir se o site \u00e9 brasileiro para n\u00e3o resultar em custos extras e n\u00e3o se deparar com regras do C\u00f3digo do Consumidor de outros pa\u00edses.<\/p>\n<p style=\"text-align: justify;\">Voc\u00ea pode conferir a lista completa na p\u00e1gina: (<a href=\"http:\/\/sistemas.procon.sp.gov.br\/evitesite\/list\/evitesites.php\" target=\"_blank\" rel=\"noopener\" data-saferedirecturl=\"https:\/\/www.google.com\/url?hl=pt-BR&amp;q=http:\/\/sistemas.procon.sp.gov.br\/evitesite\/list\/evitesites.php&amp;source=gmail&amp;ust=1510769357739000&amp;usg=AFQjCNHiKrNmDixYMAZt_xtgoQSMULFLRg\"><strong>sistemas.procon.sp.gov.br\/<wbr \/>evitesite<\/strong><\/a>).<\/p>\n<p>Ascom\/PMJ<\/p>\n<p>&nbsp;<\/p>\n","protected":false},"excerpt":{"rendered":"<p>O Procon de Juazeiro revela os sites que devem ser evitados pelo internauta ao fazer compras durante a\u00a0Black Friday Brasil 2017\u00a0\u2014 a\u00e7\u00e3o de vendas que, esse ano, tem data marcada para o dia 24 de novembro. Na lista constam 518 lojas virtuais, at\u00e9 o momento, e todas as p\u00e1ginas citadas tiveram reclama\u00e7\u00f5es de consumidores registradas no Procon de S\u00e3o Paulo, foram notificadas e n\u00e3o responderam ou n\u00e3o foram encontradas. O Procon divulgou a rela\u00e7\u00e3o de endere\u00e7os pela primeira vez em julho de 2011 e a mant\u00e9m atualizada desde ent\u00e3o \u2014 a \u00faltima atualiza\u00e7\u00e3o foi feita na \u00faltima sexta-feira (10). Fique atento e descubra de quais sites voc\u00ea deve ficar longe. Al\u00e9m do endere\u00e7o do site, a lista ainda mostra informa\u00e7\u00f5es&hellip; <\/p>\n","protected":false},"author":1,"featured_media":142847,"comment_status":"open","ping_status":"closed","sticky":false,"template":"","format":"standard","meta":{"_acf_changed":false,"footnotes":""},"categories":[44],"tags":[],"class_list":["post-181540","post","type-post","status-publish","format-standard","has-post-thumbnail","hentry","category-administracao"],"acf":[],"yoast_head":"<!-- This site is optimized with the Yoast SEO plugin v27.4 - https:\/\/yoast.com\/product\/yoast-seo-wordpress\/ -->\n<title>PROCON ORIENTA CONSUMIDOR SOBRE LOJAS VIRTUAIS DURANTE A BLACK FRIDAY - Blog do Farn\u00e9sio<\/title>\n<meta name=\"robots\" content=\"index, follow, max-snippet:-1, max-image-preview:large, max-video-preview:-1\" \/>\n<link rel=\"canonical\" href=\"https:\/\/blogdofarnesio.com.br\/?p=181540\" \/>\n<meta property=\"og:locale\" content=\"pt_BR\" \/>\n<meta property=\"og:type\" content=\"article\" \/>\n<meta property=\"og:title\" content=\"PROCON ORIENTA CONSUMIDOR SOBRE LOJAS VIRTUAIS DURANTE A BLACK FRIDAY - Blog do Farn\u00e9sio\" \/>\n<meta property=\"og:description\" content=\"O Procon de Juazeiro revela os sites que devem ser evitados pelo internauta ao fazer compras durante a\u00a0Black Friday Brasil 2017\u00a0\u2014 a\u00e7\u00e3o de vendas que, esse ano, tem data marcada para o dia 24 de novembro. Na lista constam 518 lojas virtuais, at\u00e9 o momento, e todas as p\u00e1ginas citadas tiveram reclama\u00e7\u00f5es de consumidores registradas no Procon de S\u00e3o Paulo, foram notificadas e n\u00e3o responderam ou n\u00e3o foram encontradas. O Procon divulgou a rela\u00e7\u00e3o de endere\u00e7os pela primeira vez em julho de 2011 e a mant\u00e9m atualizada desde ent\u00e3o \u2014 a \u00faltima atualiza\u00e7\u00e3o foi feita na \u00faltima sexta-feira (10). Fique atento e descubra de quais sites voc\u00ea deve ficar longe. Al\u00e9m do endere\u00e7o do site, a lista ainda mostra informa\u00e7\u00f5es&hellip;\" \/>\n<meta property=\"og:url\" content=\"https:\/\/blogdofarnesio.com.br\/?p=181540\" \/>\n<meta property=\"og:site_name\" content=\"Blog do Farn\u00e9sio\" \/>\n<meta property=\"article:publisher\" content=\"https:\/\/www.facebook.com\/BlogQuerSaberPolitica\/\" \/>\n<meta property=\"article:published_time\" content=\"2017-11-16T16:00:28+00:00\" \/>\n<meta property=\"og:image\" content=\"https:\/\/blogdofarnesio.com.br\/wp-content\/uploads\/2016\/05\/blogqsp-proconjuazeiro.jpg\" \/>\n\t<meta property=\"og:image:width\" content=\"448\" \/>\n\t<meta property=\"og:image:height\" content=\"298\" \/>\n\t<meta property=\"og:image:type\" content=\"image\/jpeg\" \/>\n<meta name=\"author\" content=\"Farn\u00e9sio\" \/>\n<meta name=\"twitter:card\" content=\"summary_large_image\" \/>\n<meta name=\"twitter:label1\" content=\"Escrito por\" \/>\n\t<meta name=\"twitter:data1\" content=\"Farn\u00e9sio\" \/>\n\t<meta name=\"twitter:label2\" content=\"Est. tempo de leitura\" \/>\n\t<meta name=\"twitter:data2\" content=\"1 minuto\" \/>\n<script type=\"application\/ld+json\" class=\"yoast-schema-graph\">{\"@context\":\"https:\\\/\\\/schema.org\",\"@graph\":[{\"@type\":\"Article\",\"@id\":\"https:\\\/\\\/blogdofarnesio.com.br\\\/?p=181540#article\",\"isPartOf\":{\"@id\":\"https:\\\/\\\/blogdofarnesio.com.br\\\/?p=181540\"},\"author\":{\"name\":\"Farn\u00e9sio\",\"@id\":\"https:\\\/\\\/blogdofarnesio.com.br\\\/#\\\/schema\\\/person\\\/301c4acf522bccbfdb45af95b5b906a1\"},\"headline\":\"PROCON ORIENTA CONSUMIDOR SOBRE LOJAS VIRTUAIS DURANTE A BLACK FRIDAY\",\"datePublished\":\"2017-11-16T16:00:28+00:00\",\"mainEntityOfPage\":{\"@id\":\"https:\\\/\\\/blogdofarnesio.com.br\\\/?p=181540\"},\"wordCount\":304,\"commentCount\":0,\"publisher\":{\"@id\":\"https:\\\/\\\/blogdofarnesio.com.br\\\/#organization\"},\"image\":{\"@id\":\"https:\\\/\\\/blogdofarnesio.com.br\\\/?p=181540#primaryimage\"},\"thumbnailUrl\":\"https:\\\/\\\/blogdofarnesio.com.br\\\/wp-content\\\/uploads\\\/2016\\\/05\\\/blogqsp-proconjuazeiro.jpg\",\"articleSection\":[\"Administra\u00e7\u00e3o\"],\"inLanguage\":\"pt-BR\",\"potentialAction\":[{\"@type\":\"CommentAction\",\"name\":\"Comment\",\"target\":[\"https:\\\/\\\/blogdofarnesio.com.br\\\/?p=181540#respond\"]}]},{\"@type\":\"WebPage\",\"@id\":\"https:\\\/\\\/blogdofarnesio.com.br\\\/?p=181540\",\"url\":\"https:\\\/\\\/blogdofarnesio.com.br\\\/?p=181540\",\"name\":\"PROCON ORIENTA CONSUMIDOR SOBRE LOJAS VIRTUAIS DURANTE A BLACK FRIDAY - Blog do Farn\u00e9sio\",\"isPartOf\":{\"@id\":\"https:\\\/\\\/blogdofarnesio.com.br\\\/#website\"},\"primaryImageOfPage\":{\"@id\":\"https:\\\/\\\/blogdofarnesio.com.br\\\/?p=181540#primaryimage\"},\"image\":{\"@id\":\"https:\\\/\\\/blogdofarnesio.com.br\\\/?p=181540#primaryimage\"},\"thumbnailUrl\":\"https:\\\/\\\/blogdofarnesio.com.br\\\/wp-content\\\/uploads\\\/2016\\\/05\\\/blogqsp-proconjuazeiro.jpg\",\"datePublished\":\"2017-11-16T16:00:28+00:00\",\"breadcrumb\":{\"@id\":\"https:\\\/\\\/blogdofarnesio.com.br\\\/?p=181540#breadcrumb\"},\"inLanguage\":\"pt-BR\",\"potentialAction\":[{\"@type\":\"ReadAction\",\"target\":[\"https:\\\/\\\/blogdofarnesio.com.br\\\/?p=181540\"]}]},{\"@type\":\"ImageObject\",\"inLanguage\":\"pt-BR\",\"@id\":\"https:\\\/\\\/blogdofarnesio.com.br\\\/?p=181540#primaryimage\",\"url\":\"https:\\\/\\\/blogdofarnesio.com.br\\\/wp-content\\\/uploads\\\/2016\\\/05\\\/blogqsp-proconjuazeiro.jpg\",\"contentUrl\":\"https:\\\/\\\/blogdofarnesio.com.br\\\/wp-content\\\/uploads\\\/2016\\\/05\\\/blogqsp-proconjuazeiro.jpg\",\"width\":448,\"height\":298},{\"@type\":\"BreadcrumbList\",\"@id\":\"https:\\\/\\\/blogdofarnesio.com.br\\\/?p=181540#breadcrumb\",\"itemListElement\":[{\"@type\":\"ListItem\",\"position\":1,\"name\":\"In\u00edcio\",\"item\":\"https:\\\/\\\/blogdofarnesio.com.br\\\/\"},{\"@type\":\"ListItem\",\"position\":2,\"name\":\"PROCON ORIENTA CONSUMIDOR SOBRE LOJAS VIRTUAIS DURANTE A BLACK FRIDAY\"}]},{\"@type\":\"WebSite\",\"@id\":\"https:\\\/\\\/blogdofarnesio.com.br\\\/#website\",\"url\":\"https:\\\/\\\/blogdofarnesio.com.br\\\/\",\"name\":\"Blog do Farn\u00e9sio\",\"description\":\"Quer Saber Pol\u00edtica?\",\"publisher\":{\"@id\":\"https:\\\/\\\/blogdofarnesio.com.br\\\/#organization\"},\"potentialAction\":[{\"@type\":\"SearchAction\",\"target\":{\"@type\":\"EntryPoint\",\"urlTemplate\":\"https:\\\/\\\/blogdofarnesio.com.br\\\/?s={search_term_string}\"},\"query-input\":{\"@type\":\"PropertyValueSpecification\",\"valueRequired\":true,\"valueName\":\"search_term_string\"}}],\"inLanguage\":\"pt-BR\"},{\"@type\":\"Organization\",\"@id\":\"https:\\\/\\\/blogdofarnesio.com.br\\\/#organization\",\"name\":\"Blog do Farn\u00e9sio\",\"url\":\"https:\\\/\\\/blogdofarnesio.com.br\\\/\",\"logo\":{\"@type\":\"ImageObject\",\"inLanguage\":\"pt-BR\",\"@id\":\"https:\\\/\\\/blogdofarnesio.com.br\\\/#\\\/schema\\\/logo\\\/image\\\/\",\"url\":\"https:\\\/\\\/blogdofarnesio.com.br\\\/wp-content\\\/uploads\\\/2026\\\/03\\\/cropped-logo_new-1.png\",\"contentUrl\":\"https:\\\/\\\/blogdofarnesio.com.br\\\/wp-content\\\/uploads\\\/2026\\\/03\\\/cropped-logo_new-1.png\",\"width\":881,\"height\":685,\"caption\":\"Blog do Farn\u00e9sio\"},\"image\":{\"@id\":\"https:\\\/\\\/blogdofarnesio.com.br\\\/#\\\/schema\\\/logo\\\/image\\\/\"},\"sameAs\":[\"https:\\\/\\\/www.facebook.com\\\/BlogQuerSaberPolitica\\\/\"]},{\"@type\":\"Person\",\"@id\":\"https:\\\/\\\/blogdofarnesio.com.br\\\/#\\\/schema\\\/person\\\/301c4acf522bccbfdb45af95b5b906a1\",\"name\":\"Farn\u00e9sio\",\"image\":{\"@type\":\"ImageObject\",\"inLanguage\":\"pt-BR\",\"@id\":\"https:\\\/\\\/secure.gravatar.com\\\/avatar\\\/df0c9a14567c056f8ad6876ba5bbd1e3e2c48023eb6807342fc4663adf549f38?s=96&d=mm&r=g\",\"url\":\"https:\\\/\\\/secure.gravatar.com\\\/avatar\\\/df0c9a14567c056f8ad6876ba5bbd1e3e2c48023eb6807342fc4663adf549f38?s=96&d=mm&r=g\",\"contentUrl\":\"https:\\\/\\\/secure.gravatar.com\\\/avatar\\\/df0c9a14567c056f8ad6876ba5bbd1e3e2c48023eb6807342fc4663adf549f38?s=96&d=mm&r=g\",\"caption\":\"Farn\u00e9sio\"},\"sameAs\":[\"https:\\\/\\\/quersaberpolitica.com.br\"],\"url\":\"https:\\\/\\\/blogdofarnesio.com.br\\\/?author=1\"}]}<\/script>\n<!-- \/ Yoast SEO plugin. -->","yoast_head_json":{"title":"PROCON ORIENTA CONSUMIDOR SOBRE LOJAS VIRTUAIS DURANTE A BLACK FRIDAY - Blog do Farn\u00e9sio","robots":{"index":"index","follow":"follow","max-snippet":"max-snippet:-1","max-image-preview":"max-image-preview:large","max-video-preview":"max-video-preview:-1"},"canonical":"https:\/\/blogdofarnesio.com.br\/?p=181540","og_locale":"pt_BR","og_type":"article","og_title":"PROCON ORIENTA CONSUMIDOR SOBRE LOJAS VIRTUAIS DURANTE A BLACK FRIDAY - Blog do Farn\u00e9sio","og_description":"O Procon de Juazeiro revela os sites que devem ser evitados pelo internauta ao fazer compras durante a\u00a0Black Friday Brasil 2017\u00a0\u2014 a\u00e7\u00e3o de vendas que, esse ano, tem data marcada para o dia 24 de novembro. Na lista constam 518 lojas virtuais, at\u00e9 o momento, e todas as p\u00e1ginas citadas tiveram reclama\u00e7\u00f5es de consumidores registradas no Procon de S\u00e3o Paulo, foram notificadas e n\u00e3o responderam ou n\u00e3o foram encontradas. O Procon divulgou a rela\u00e7\u00e3o de endere\u00e7os pela primeira vez em julho de 2011 e a mant\u00e9m atualizada desde ent\u00e3o \u2014 a \u00faltima atualiza\u00e7\u00e3o foi feita na \u00faltima sexta-feira (10). Fique atento e descubra de quais sites voc\u00ea deve ficar longe. Al\u00e9m do endere\u00e7o do site, a lista ainda mostra informa\u00e7\u00f5es&hellip;","og_url":"https:\/\/blogdofarnesio.com.br\/?p=181540","og_site_name":"Blog do Farn\u00e9sio","article_publisher":"https:\/\/www.facebook.com\/BlogQuerSaberPolitica\/","article_published_time":"2017-11-16T16:00:28+00:00","og_image":[{"width":448,"height":298,"url":"https:\/\/blogdofarnesio.com.br\/wp-content\/uploads\/2016\/05\/blogqsp-proconjuazeiro.jpg","type":"image\/jpeg"}],"author":"Farn\u00e9sio","twitter_card":"summary_large_image","twitter_misc":{"Escrito por":"Farn\u00e9sio","Est. tempo de leitura":"1 minuto"},"schema":{"@context":"https:\/\/schema.org","@graph":[{"@type":"Article","@id":"https:\/\/blogdofarnesio.com.br\/?p=181540#article","isPartOf":{"@id":"https:\/\/blogdofarnesio.com.br\/?p=181540"},"author":{"name":"Farn\u00e9sio","@id":"https:\/\/blogdofarnesio.com.br\/#\/schema\/person\/301c4acf522bccbfdb45af95b5b906a1"},"headline":"PROCON ORIENTA CONSUMIDOR SOBRE LOJAS VIRTUAIS DURANTE A BLACK FRIDAY","datePublished":"2017-11-16T16:00:28+00:00","mainEntityOfPage":{"@id":"https:\/\/blogdofarnesio.com.br\/?p=181540"},"wordCount":304,"commentCount":0,"publisher":{"@id":"https:\/\/blogdofarnesio.com.br\/#organization"},"image":{"@id":"https:\/\/blogdofarnesio.com.br\/?p=181540#primaryimage"},"thumbnailUrl":"https:\/\/blogdofarnesio.com.br\/wp-content\/uploads\/2016\/05\/blogqsp-proconjuazeiro.jpg","articleSection":["Administra\u00e7\u00e3o"],"inLanguage":"pt-BR","potentialAction":[{"@type":"CommentAction","name":"Comment","target":["https:\/\/blogdofarnesio.com.br\/?p=181540#respond"]}]},{"@type":"WebPage","@id":"https:\/\/blogdofarnesio.com.br\/?p=181540","url":"https:\/\/blogdofarnesio.com.br\/?p=181540","name":"PROCON ORIENTA CONSUMIDOR SOBRE LOJAS VIRTUAIS DURANTE A BLACK FRIDAY - Blog do Farn\u00e9sio","isPartOf":{"@id":"https:\/\/blogdofarnesio.com.br\/#website"},"primaryImageOfPage":{"@id":"https:\/\/blogdofarnesio.com.br\/?p=181540#primaryimage"},"image":{"@id":"https:\/\/blogdofarnesio.com.br\/?p=181540#primaryimage"},"thumbnailUrl":"https:\/\/blogdofarnesio.com.br\/wp-content\/uploads\/2016\/05\/blogqsp-proconjuazeiro.jpg","datePublished":"2017-11-16T16:00:28+00:00","breadcrumb":{"@id":"https:\/\/blogdofarnesio.com.br\/?p=181540#breadcrumb"},"inLanguage":"pt-BR","potentialAction":[{"@type":"ReadAction","target":["https:\/\/blogdofarnesio.com.br\/?p=181540"]}]},{"@type":"ImageObject","inLanguage":"pt-BR","@id":"https:\/\/blogdofarnesio.com.br\/?p=181540#primaryimage","url":"https:\/\/blogdofarnesio.com.br\/wp-content\/uploads\/2016\/05\/blogqsp-proconjuazeiro.jpg","contentUrl":"https:\/\/blogdofarnesio.com.br\/wp-content\/uploads\/2016\/05\/blogqsp-proconjuazeiro.jpg","width":448,"height":298},{"@type":"BreadcrumbList","@id":"https:\/\/blogdofarnesio.com.br\/?p=181540#breadcrumb","itemListElement":[{"@type":"ListItem","position":1,"name":"In\u00edcio","item":"https:\/\/blogdofarnesio.com.br\/"},{"@type":"ListItem","position":2,"name":"PROCON ORIENTA CONSUMIDOR SOBRE LOJAS VIRTUAIS DURANTE A BLACK FRIDAY"}]},{"@type":"WebSite","@id":"https:\/\/blogdofarnesio.com.br\/#website","url":"https:\/\/blogdofarnesio.com.br\/","name":"Blog do Farn\u00e9sio","description":"Quer Saber Pol\u00edtica?","publisher":{"@id":"https:\/\/blogdofarnesio.com.br\/#organization"},"potentialAction":[{"@type":"SearchAction","target":{"@type":"EntryPoint","urlTemplate":"https:\/\/blogdofarnesio.com.br\/?s={search_term_string}"},"query-input":{"@type":"PropertyValueSpecification","valueRequired":true,"valueName":"search_term_string"}}],"inLanguage":"pt-BR"},{"@type":"Organization","@id":"https:\/\/blogdofarnesio.com.br\/#organization","name":"Blog do Farn\u00e9sio","url":"https:\/\/blogdofarnesio.com.br\/","logo":{"@type":"ImageObject","inLanguage":"pt-BR","@id":"https:\/\/blogdofarnesio.com.br\/#\/schema\/logo\/image\/","url":"https:\/\/blogdofarnesio.com.br\/wp-content\/uploads\/2026\/03\/cropped-logo_new-1.png","contentUrl":"https:\/\/blogdofarnesio.com.br\/wp-content\/uploads\/2026\/03\/cropped-logo_new-1.png","width":881,"height":685,"caption":"Blog do Farn\u00e9sio"},"image":{"@id":"https:\/\/blogdofarnesio.com.br\/#\/schema\/logo\/image\/"},"sameAs":["https:\/\/www.facebook.com\/BlogQuerSaberPolitica\/"]},{"@type":"Person","@id":"https:\/\/blogdofarnesio.com.br\/#\/schema\/person\/301c4acf522bccbfdb45af95b5b906a1","name":"Farn\u00e9sio","image":{"@type":"ImageObject","inLanguage":"pt-BR","@id":"https:\/\/secure.gravatar.com\/avatar\/df0c9a14567c056f8ad6876ba5bbd1e3e2c48023eb6807342fc4663adf549f38?s=96&d=mm&r=g","url":"https:\/\/secure.gravatar.com\/avatar\/df0c9a14567c056f8ad6876ba5bbd1e3e2c48023eb6807342fc4663adf549f38?s=96&d=mm&r=g","contentUrl":"https:\/\/secure.gravatar.com\/avatar\/df0c9a14567c056f8ad6876ba5bbd1e3e2c48023eb6807342fc4663adf549f38?s=96&d=mm&r=g","caption":"Farn\u00e9sio"},"sameAs":["https:\/\/quersaberpolitica.com.br"],"url":"https:\/\/blogdofarnesio.com.br\/?author=1"}]}},"_links":{"self":[{"href":"https:\/\/blogdofarnesio.com.br\/index.php?rest_route=\/wp\/v2\/posts\/181540","targetHints":{"allow":["GET"]}}],"collection":[{"href":"https:\/\/blogdofarnesio.com.br\/index.php?rest_route=\/wp\/v2\/posts"}],"about":[{"href":"https:\/\/blogdofarnesio.com.br\/index.php?rest_route=\/wp\/v2\/types\/post"}],"author":[{"embeddable":true,"href":"https:\/\/blogdofarnesio.com.br\/index.php?rest_route=\/wp\/v2\/users\/1"}],"replies":[{"embeddable":true,"href":"https:\/\/blogdofarnesio.com.br\/index.php?rest_route=%2Fwp%2Fv2%2Fcomments&post=181540"}],"version-history":[{"count":0,"href":"https:\/\/blogdofarnesio.com.br\/index.php?rest_route=\/wp\/v2\/posts\/181540\/revisions"}],"wp:featuredmedia":[{"embeddable":true,"href":"https:\/\/blogdofarnesio.com.br\/index.php?rest_route=\/wp\/v2\/media\/142847"}],"wp:attachment":[{"href":"https:\/\/blogdofarnesio.com.br\/index.php?rest_route=%2Fwp%2Fv2%2Fmedia&parent=181540"}],"wp:term":[{"taxonomy":"category","embeddable":true,"href":"https:\/\/blogdofarnesio.com.br\/index.php?rest_route=%2Fwp%2Fv2%2Fcategories&post=181540"},{"taxonomy":"post_tag","embeddable":true,"href":"https:\/\/blogdofarnesio.com.br\/index.php?rest_route=%2Fwp%2Fv2%2Ftags&post=181540"}],"curies":[{"name":"wp","href":"https:\/\/api.w.org\/{rel}","templated":true}]}}